{"id":9798,"date":"2015-11-13T11:12:28","date_gmt":"2015-11-13T13:12:28","guid":{"rendered":"http:\/\/www.ecclesia.com.br\/news\/2013\/?p=9798"},"modified":"2023-09-16T07:18:09","modified_gmt":"2023-09-16T10:18:09","slug":"oracao-pela-paz-e-a-unidade-na-catedral-patriarcal-de-bucareste-romenia","status":"publish","type":"post","link":"https:\/\/news.ecclesia.org.br\/?p=9798","title":{"rendered":"Ora\u00e7\u00e3o pela paz e a unidade na Catedral Patriarcal de Bucareste (Rom\u00eania)"},"content":{"rendered":"<p style=\"text-align: justify;\">Novembro 2015 &#8212; Milhares de fi\u00e9is se reuniram na noite da \u00faltima quinta-feira, 05 de novembro de 2015, na Catedral Patriarcal ortodoxa de Bucareste, atendendo ao chamado de Sua Beatitude Daniel, Patriarca da Rom\u00eania, para rezar pela\u00a0paz e a\u00a0unidade,\u00a0para interceder por aqueles que j\u00e1 adormeceram no Senhor, e pelo restabelecimento\u00a0dos que se encontram enfermos, ap\u00f3s o tr\u00e1gico acidente ocorrido na semana passada em Bucareste. Assistido por um grande n\u00famero de sacerdotes, di\u00e1conos, monges, religiosos e fi\u00e9is, S. B. o Patriarca Daniel, juntamente com o D. Mihail, bispo ortodoxo romeno da Austr\u00e1lia e Nova Zel\u00e2ndia, e D. Tim\u00f3teo, bispo auxiliar do Arcebispado de Bucareste, oficiou o\u00a0Hino <em>Akathistos<\/em> \u00e0 Sant\u00edssima Theotokos. Em sua homilia, o Patriarca romeno fez um contundente chamado \u00e0 paz e \u00e0 unidade, no interior do pa\u00eds e no seio da Igreja: \u00abPrecisamos de paz e de unidade em nosso pa\u00eds.\u00a0Precisamos de paz na Igreja; precisamos de paz na sociedade, mas tamb\u00e9m de comunh\u00e3o e de unidade, para que possamos viver uns para os outros, e n\u00e3o uns contra os outros.\u00a0Por isso, durante estes dias, a Igreja quer ser servidora, uma refer\u00eancia de paz social, conforme previsto em nossa legisla\u00e7\u00e3o, mas sobretudo, porque nosso Salvador Jesus Cristo nos pede para que assim sejamos\u201d. Durante estes dias de tristeza e mis\u00e9ria social, o Patriarcado romeno chama seus filhos, os filhos e filhas da Igreja, a\u00a0rezar pela paz e pela unidade,\u00a0porque\u00a0a ora\u00e7\u00e3o \u00e9 uma fonte de luz e sabedoria, de renova\u00e7\u00e3o espiritual e moral na vida da Igreja e de nossa sociedade.<\/p>\n<p style=\"text-align: justify;\"><a href=\"https:\/\/news.ecclesia.org.br\/2013\/wp-content\/uploads\/2015\/11\/romenia01-1.jpg\" rel=\"attachment wp-att-9799\"><img fetchpriority=\"high\" decoding=\"async\" class=\"aligncenter size-full wp-image-9799\" src=\"https:\/\/news.ecclesia.org.br\/2013\/wp-content\/uploads\/2015\/11\/romenia01-1.jpg\" alt=\"romenia01\" width=\"800\" height=\"542\" srcset=\"https:\/\/news.ecclesia.org.br\/wp-content\/uploads\/2015\/11\/romenia01-1.jpg 800w, https:\/\/news.ecclesia.org.br\/wp-content\/uploads\/2015\/11\/romenia01-1-300x203.jpg 300w, https:\/\/news.ecclesia.org.br\/wp-content\/uploads\/2015\/11\/romenia01-1-768x520.jpg 768w, https:\/\/news.ecclesia.org.br\/wp-content\/uploads\/2015\/11\/romenia01-1-81x55.jpg 81w, https:\/\/news.ecclesia.org.br\/wp-content\/uploads\/2015\/11\/romenia01-1-445x300.jpg 445w, https:\/\/news.ecclesia.org.br\/wp-content\/uploads\/2015\/11\/romenia01-1-60x40.jpg 60w, https:\/\/news.ecclesia.org.br\/wp-content\/uploads\/2015\/11\/romenia01-1-120x80.jpg 120w\" sizes=\"(max-width: 800px) 100vw, 800px\" \/><\/a> <a href=\"https:\/\/news.ecclesia.org.br\/2013\/wp-content\/uploads\/2015\/11\/romenia03-1.jpg\" rel=\"attachment wp-att-9801\"><img decoding=\"async\" class=\"aligncenter size-full wp-image-9801\" src=\"https:\/\/news.ecclesia.org.br\/2013\/wp-content\/uploads\/2015\/11\/romenia03-1.jpg\" alt=\"romenia03\" width=\"800\" height=\"496\" srcset=\"https:\/\/news.ecclesia.org.br\/wp-content\/uploads\/2015\/11\/romenia03-1.jpg 800w, https:\/\/news.ecclesia.org.br\/wp-content\/uploads\/2015\/11\/romenia03-1-300x186.jpg 300w, https:\/\/news.ecclesia.org.br\/wp-content\/uploads\/2015\/11\/romenia03-1-768x476.jpg 768w, https:\/\/news.ecclesia.org.br\/wp-content\/uploads\/2015\/11\/romenia03-1-89x55.jpg 89w, https:\/\/news.ecclesia.org.br\/wp-content\/uploads\/2015\/11\/romenia03-1-210x130.jpg 210w\" sizes=\"(max-width: 800px) 100vw, 800px\" \/><\/a> <a href=\"https:\/\/news.ecclesia.org.br\/2013\/wp-content\/uploads\/2015\/11\/romenia02-1.jpg\" rel=\"attachment wp-att-9800\"><img decoding=\"async\" class=\"aligncenter size-full wp-image-9800\" src=\"https:\/\/news.ecclesia.org.br\/2013\/wp-content\/uploads\/2015\/11\/romenia02-1.jpg\" alt=\"romenia02\" width=\"800\" height=\"534\" srcset=\"https:\/\/news.ecclesia.org.br\/wp-content\/uploads\/2015\/11\/romenia02-1.jpg 800w, https:\/\/news.ecclesia.org.br\/wp-content\/uploads\/2015\/11\/romenia02-1-300x200.jpg 300w, https:\/\/news.ecclesia.org.br\/wp-content\/uploads\/2015\/11\/romenia02-1-768x513.jpg 768w, https:\/\/news.ecclesia.org.br\/wp-content\/uploads\/2015\/11\/romenia02-1-82x55.jpg 82w, https:\/\/news.ecclesia.org.br\/wp-content\/uploads\/2015\/11\/romenia02-1-60x40.jpg 60w, https:\/\/news.ecclesia.org.br\/wp-content\/uploads\/2015\/11\/romenia02-1-120x80.jpg 120w\" sizes=\"(max-width: 800px) 100vw, 800px\" \/><\/a><\/p>\n","protected":false},"excerpt":{"rendered":"<p>Novembro 2015 &#8212; Milhares de fi\u00e9is se reuniram na noite da \u00faltima quinta-feira, 05 de novembro de 2015, na Catedral Patriarcal ortodoxa de Bucareste, atendendo ao chamado de Sua Beatitude Daniel, Patriarca da Rom\u00eania, para rezar pela\u00a0paz e a\u00a0unidade,\u00a0para interceder&#8230;<\/p>\n","protected":false},"author":1,"featured_media":9800,"comment_status":"open","ping_status":"open","sticky":false,"template":"","format":"standard","meta":{"_acf_changed":false,"footnotes":""},"categories":[1,2745],"tags":[],"class_list":["post-9798","post","type-post","status-publish","format-standard","has-post-thumbnail","hentry","category-news","category-patriarcado-da-romenia","entry","rows-excerpt"],"acf":[],"yoast_head":"<!-- This site is optimized with the Yoast SEO plugin v27.5 - https:\/\/yoast.com\/product\/yoast-seo-wordpress\/ -->\n<title>Ora\u00e7\u00e3o pela paz e a unidade na Catedral Patriarcal de Bucareste (Rom\u00eania) | ECCLESIA NEWS<\/title>\n<meta name=\"robots\" content=\"index, follow, max-snippet:-1, max-image-preview:large, max-video-preview:-1\" \/>\n<link rel=\"canonical\" href=\"https:\/\/news.ecclesia.org.br\/?p=9798\" \/>\n<meta property=\"og:locale\" content=\"pt_BR\" \/>\n<meta property=\"og:type\" content=\"article\" \/>\n<meta property=\"og:title\" content=\"Ora\u00e7\u00e3o pela paz e a unidade na Catedral Patriarcal de Bucareste (Rom\u00eania) | ECCLESIA NEWS\" \/>\n<meta property=\"og:description\" content=\"Novembro 2015 &#8212; Milhares de fi\u00e9is se reuniram na noite da \u00faltima quinta-feira, 05 de novembro de 2015, na Catedral Patriarcal ortodoxa de Bucareste, atendendo ao chamado de Sua Beatitude Daniel, Patriarca da Rom\u00eania, para rezar pela\u00a0paz e a\u00a0unidade,\u00a0para interceder&#8230;\" \/>\n<meta property=\"og:url\" content=\"https:\/\/news.ecclesia.org.br\/?p=9798\" \/>\n<meta property=\"og:site_name\" content=\"ECCLESIA NEWS\" \/>\n<meta property=\"article:publisher\" content=\"https:\/\/www.facebook.com\/Ecclesia2025\" \/>\n<meta property=\"article:published_time\" content=\"2015-11-13T13:12:28+00:00\" \/>\n<meta property=\"article:modified_time\" content=\"2023-09-16T10:18:09+00:00\" \/>\n<meta property=\"og:image\" content=\"https:\/\/news.ecclesia.org.br\/wp-content\/uploads\/2015\/11\/romenia02-1.jpg\" \/>\n\t<meta property=\"og:image:width\" content=\"800\" \/>\n\t<meta property=\"og:image:height\" content=\"534\" \/>\n\t<meta property=\"og:image:type\" content=\"image\/jpeg\" \/>\n<meta name=\"author\" content=\"Pe. Andr\u00e9\" \/>\n<meta name=\"twitter:card\" content=\"summary_large_image\" \/>\n<meta name=\"twitter:creator\" content=\"@EcclesiaNews\" \/>\n<meta name=\"twitter:site\" content=\"@EcclesiaNews\" \/>\n<meta name=\"twitter:label1\" content=\"Escrito por\" \/>\n\t<meta name=\"twitter:data1\" content=\"Pe. Andr\u00e9\" \/>\n\t<meta name=\"twitter:label2\" content=\"Est. tempo de leitura\" \/>\n\t<meta name=\"twitter:data2\" content=\"1 minuto\" \/>\n<script type=\"application\/ld+json\" class=\"yoast-schema-graph\">{\"@context\":\"https:\\\/\\\/schema.org\",\"@graph\":[{\"@type\":\"Article\",\"@id\":\"https:\\\/\\\/news.ecclesia.org.br\\\/?p=9798#article\",\"isPartOf\":{\"@id\":\"https:\\\/\\\/news.ecclesia.org.br\\\/?p=9798\"},\"author\":{\"name\":\"Pe. Andr\u00e9\",\"@id\":\"https:\\\/\\\/news.ecclesia.org.br\\\/#\\\/schema\\\/person\\\/6f09597f025829745ba414a569f63758\"},\"headline\":\"Ora\u00e7\u00e3o pela paz e a unidade na Catedral Patriarcal de Bucareste (Rom\u00eania)\",\"datePublished\":\"2015-11-13T13:12:28+00:00\",\"dateModified\":\"2023-09-16T10:18:09+00:00\",\"mainEntityOfPage\":{\"@id\":\"https:\\\/\\\/news.ecclesia.org.br\\\/?p=9798\"},\"wordCount\":289,\"commentCount\":0,\"publisher\":{\"@id\":\"https:\\\/\\\/news.ecclesia.org.br\\\/#organization\"},\"image\":{\"@id\":\"https:\\\/\\\/news.ecclesia.org.br\\\/?p=9798#primaryimage\"},\"thumbnailUrl\":\"https:\\\/\\\/news.ecclesia.org.br\\\/wp-content\\\/uploads\\\/2015\\\/11\\\/romenia02-1.jpg\",\"articleSection\":[\"NEWS\",\"Patriarcado da Rom\u00eania\"],\"inLanguage\":\"pt-BR\",\"potentialAction\":[{\"@type\":\"CommentAction\",\"name\":\"Comment\",\"target\":[\"https:\\\/\\\/news.ecclesia.org.br\\\/?p=9798#respond\"]}]},{\"@type\":\"WebPage\",\"@id\":\"https:\\\/\\\/news.ecclesia.org.br\\\/?p=9798\",\"url\":\"https:\\\/\\\/news.ecclesia.org.br\\\/?p=9798\",\"name\":\"Ora\u00e7\u00e3o pela paz e a unidade na Catedral Patriarcal de Bucareste (Rom\u00eania) | ECCLESIA NEWS\",\"isPartOf\":{\"@id\":\"https:\\\/\\\/news.ecclesia.org.br\\\/#website\"},\"primaryImageOfPage\":{\"@id\":\"https:\\\/\\\/news.ecclesia.org.br\\\/?p=9798#primaryimage\"},\"image\":{\"@id\":\"https:\\\/\\\/news.ecclesia.org.br\\\/?p=9798#primaryimage\"},\"thumbnailUrl\":\"https:\\\/\\\/news.ecclesia.org.br\\\/wp-content\\\/uploads\\\/2015\\\/11\\\/romenia02-1.jpg\",\"datePublished\":\"2015-11-13T13:12:28+00:00\",\"dateModified\":\"2023-09-16T10:18:09+00:00\",\"breadcrumb\":{\"@id\":\"https:\\\/\\\/news.ecclesia.org.br\\\/?p=9798#breadcrumb\"},\"inLanguage\":\"pt-BR\",\"potentialAction\":[{\"@type\":\"ReadAction\",\"target\":[\"https:\\\/\\\/news.ecclesia.org.br\\\/?p=9798\"]}]},{\"@type\":\"ImageObject\",\"inLanguage\":\"pt-BR\",\"@id\":\"https:\\\/\\\/news.ecclesia.org.br\\\/?p=9798#primaryimage\",\"url\":\"https:\\\/\\\/news.ecclesia.org.br\\\/wp-content\\\/uploads\\\/2015\\\/11\\\/romenia02-1.jpg\",\"contentUrl\":\"https:\\\/\\\/news.ecclesia.org.br\\\/wp-content\\\/uploads\\\/2015\\\/11\\\/romenia02-1.jpg\",\"width\":800,\"height\":534},{\"@type\":\"BreadcrumbList\",\"@id\":\"https:\\\/\\\/news.ecclesia.org.br\\\/?p=9798#breadcrumb\",\"itemListElement\":[{\"@type\":\"ListItem\",\"position\":1,\"name\":\"In\u00edcio\",\"item\":\"https:\\\/\\\/news.ecclesia.org.br\\\/\"},{\"@type\":\"ListItem\",\"position\":2,\"name\":\"Ora\u00e7\u00e3o pela paz e a unidade na Catedral Patriarcal de Bucareste (Rom\u00eania)\"}]},{\"@type\":\"WebSite\",\"@id\":\"https:\\\/\\\/news.ecclesia.org.br\\\/#website\",\"url\":\"https:\\\/\\\/news.ecclesia.org.br\\\/\",\"name\":\"Ecclesia Brasil\",\"description\":\"Desde 2003 onectando o Brasil ao mundo ortodoxo!\",\"publisher\":{\"@id\":\"https:\\\/\\\/news.ecclesia.org.br\\\/#organization\"},\"alternateName\":\"Ecclesia\",\"potentialAction\":[{\"@type\":\"SearchAction\",\"target\":{\"@type\":\"EntryPoint\",\"urlTemplate\":\"https:\\\/\\\/news.ecclesia.org.br\\\/?s={search_term_string}\"},\"query-input\":{\"@type\":\"PropertyValueSpecification\",\"valueRequired\":true,\"valueName\":\"search_term_string\"}}],\"inLanguage\":\"pt-BR\"},{\"@type\":\"Organization\",\"@id\":\"https:\\\/\\\/news.ecclesia.org.br\\\/#organization\",\"name\":\"Sacra Arquidiocese de Buenos Aires e Am\u00e9rica do Sul | Patriarcado Ecum\u00eanico\",\"alternateName\":\"News Ecclesia Brasil\",\"url\":\"https:\\\/\\\/news.ecclesia.org.br\\\/\",\"logo\":{\"@type\":\"ImageObject\",\"inLanguage\":\"pt-BR\",\"@id\":\"https:\\\/\\\/news.ecclesia.org.br\\\/#\\\/schema\\\/logo\\\/image\\\/\",\"url\":\"https:\\\/\\\/news.ecclesia.org.br\\\/wp-content\\\/uploads\\\/2025\\\/05\\\/ecclesia2.png\",\"contentUrl\":\"https:\\\/\\\/news.ecclesia.org.br\\\/wp-content\\\/uploads\\\/2025\\\/05\\\/ecclesia2.png\",\"width\":480,\"height\":120,\"caption\":\"Sacra Arquidiocese de Buenos Aires e Am\u00e9rica do Sul | Patriarcado Ecum\u00eanico\"},\"image\":{\"@id\":\"https:\\\/\\\/news.ecclesia.org.br\\\/#\\\/schema\\\/logo\\\/image\\\/\"},\"sameAs\":[\"https:\\\/\\\/www.facebook.com\\\/Ecclesia2025\",\"https:\\\/\\\/x.com\\\/EcclesiaNews\",\"https:\\\/\\\/br.pinterest.com\\\/ekklisia\\\/\",\"https:\\\/\\\/www.youtube.com\\\/@EcclesiaBrasil\"]},{\"@type\":\"Person\",\"@id\":\"https:\\\/\\\/news.ecclesia.org.br\\\/#\\\/schema\\\/person\\\/6f09597f025829745ba414a569f63758\",\"name\":\"Pe. Andr\u00e9\",\"image\":{\"@type\":\"ImageObject\",\"inLanguage\":\"pt-BR\",\"@id\":\"https:\\\/\\\/secure.gravatar.com\\\/avatar\\\/b4327cfa27e9799da239a26adcd534fc29cdc0c4a4a148eecbcfeb9b42c617ac?s=96&d=mm&r=g\",\"url\":\"https:\\\/\\\/secure.gravatar.com\\\/avatar\\\/b4327cfa27e9799da239a26adcd534fc29cdc0c4a4a148eecbcfeb9b42c617ac?s=96&d=mm&r=g\",\"contentUrl\":\"https:\\\/\\\/secure.gravatar.com\\\/avatar\\\/b4327cfa27e9799da239a26adcd534fc29cdc0c4a4a148eecbcfeb9b42c617ac?s=96&d=mm&r=g\",\"caption\":\"Pe. Andr\u00e9\"},\"sameAs\":[\"https:\\\/\\\/www.ecclesia.org.br\"]}]}<\/script>\n<!-- \/ Yoast SEO plugin. -->","yoast_head_json":{"title":"Ora\u00e7\u00e3o pela paz e a unidade na Catedral Patriarcal de Bucareste (Rom\u00eania) | ECCLESIA NEWS","robots":{"index":"index","follow":"follow","max-snippet":"max-snippet:-1","max-image-preview":"max-image-preview:large","max-video-preview":"max-video-preview:-1"},"canonical":"https:\/\/news.ecclesia.org.br\/?p=9798","og_locale":"pt_BR","og_type":"article","og_title":"Ora\u00e7\u00e3o pela paz e a unidade na Catedral Patriarcal de Bucareste (Rom\u00eania) | ECCLESIA NEWS","og_description":"Novembro 2015 &#8212; Milhares de fi\u00e9is se reuniram na noite da \u00faltima quinta-feira, 05 de novembro de 2015, na Catedral Patriarcal ortodoxa de Bucareste, atendendo ao chamado de Sua Beatitude Daniel, Patriarca da Rom\u00eania, para rezar pela\u00a0paz e a\u00a0unidade,\u00a0para interceder&#8230;","og_url":"https:\/\/news.ecclesia.org.br\/?p=9798","og_site_name":"ECCLESIA NEWS","article_publisher":"https:\/\/www.facebook.com\/Ecclesia2025","article_published_time":"2015-11-13T13:12:28+00:00","article_modified_time":"2023-09-16T10:18:09+00:00","og_image":[{"width":800,"height":534,"url":"https:\/\/news.ecclesia.org.br\/wp-content\/uploads\/2015\/11\/romenia02-1.jpg","type":"image\/jpeg"}],"author":"Pe. Andr\u00e9","twitter_card":"summary_large_image","twitter_creator":"@EcclesiaNews","twitter_site":"@EcclesiaNews","twitter_misc":{"Escrito por":"Pe. Andr\u00e9","Est. tempo de leitura":"1 minuto"},"schema":{"@context":"https:\/\/schema.org","@graph":[{"@type":"Article","@id":"https:\/\/news.ecclesia.org.br\/?p=9798#article","isPartOf":{"@id":"https:\/\/news.ecclesia.org.br\/?p=9798"},"author":{"name":"Pe. Andr\u00e9","@id":"https:\/\/news.ecclesia.org.br\/#\/schema\/person\/6f09597f025829745ba414a569f63758"},"headline":"Ora\u00e7\u00e3o pela paz e a unidade na Catedral Patriarcal de Bucareste (Rom\u00eania)","datePublished":"2015-11-13T13:12:28+00:00","dateModified":"2023-09-16T10:18:09+00:00","mainEntityOfPage":{"@id":"https:\/\/news.ecclesia.org.br\/?p=9798"},"wordCount":289,"commentCount":0,"publisher":{"@id":"https:\/\/news.ecclesia.org.br\/#organization"},"image":{"@id":"https:\/\/news.ecclesia.org.br\/?p=9798#primaryimage"},"thumbnailUrl":"https:\/\/news.ecclesia.org.br\/wp-content\/uploads\/2015\/11\/romenia02-1.jpg","articleSection":["NEWS","Patriarcado da Rom\u00eania"],"inLanguage":"pt-BR","potentialAction":[{"@type":"CommentAction","name":"Comment","target":["https:\/\/news.ecclesia.org.br\/?p=9798#respond"]}]},{"@type":"WebPage","@id":"https:\/\/news.ecclesia.org.br\/?p=9798","url":"https:\/\/news.ecclesia.org.br\/?p=9798","name":"Ora\u00e7\u00e3o pela paz e a unidade na Catedral Patriarcal de Bucareste (Rom\u00eania) | ECCLESIA NEWS","isPartOf":{"@id":"https:\/\/news.ecclesia.org.br\/#website"},"primaryImageOfPage":{"@id":"https:\/\/news.ecclesia.org.br\/?p=9798#primaryimage"},"image":{"@id":"https:\/\/news.ecclesia.org.br\/?p=9798#primaryimage"},"thumbnailUrl":"https:\/\/news.ecclesia.org.br\/wp-content\/uploads\/2015\/11\/romenia02-1.jpg","datePublished":"2015-11-13T13:12:28+00:00","dateModified":"2023-09-16T10:18:09+00:00","breadcrumb":{"@id":"https:\/\/news.ecclesia.org.br\/?p=9798#breadcrumb"},"inLanguage":"pt-BR","potentialAction":[{"@type":"ReadAction","target":["https:\/\/news.ecclesia.org.br\/?p=9798"]}]},{"@type":"ImageObject","inLanguage":"pt-BR","@id":"https:\/\/news.ecclesia.org.br\/?p=9798#primaryimage","url":"https:\/\/news.ecclesia.org.br\/wp-content\/uploads\/2015\/11\/romenia02-1.jpg","contentUrl":"https:\/\/news.ecclesia.org.br\/wp-content\/uploads\/2015\/11\/romenia02-1.jpg","width":800,"height":534},{"@type":"BreadcrumbList","@id":"https:\/\/news.ecclesia.org.br\/?p=9798#breadcrumb","itemListElement":[{"@type":"ListItem","position":1,"name":"In\u00edcio","item":"https:\/\/news.ecclesia.org.br\/"},{"@type":"ListItem","position":2,"name":"Ora\u00e7\u00e3o pela paz e a unidade na Catedral Patriarcal de Bucareste (Rom\u00eania)"}]},{"@type":"WebSite","@id":"https:\/\/news.ecclesia.org.br\/#website","url":"https:\/\/news.ecclesia.org.br\/","name":"Ecclesia Brasil","description":"Desde 2003 onectando o Brasil ao mundo ortodoxo!","publisher":{"@id":"https:\/\/news.ecclesia.org.br\/#organization"},"alternateName":"Ecclesia","potentialAction":[{"@type":"SearchAction","target":{"@type":"EntryPoint","urlTemplate":"https:\/\/news.ecclesia.org.br\/?s={search_term_string}"},"query-input":{"@type":"PropertyValueSpecification","valueRequired":true,"valueName":"search_term_string"}}],"inLanguage":"pt-BR"},{"@type":"Organization","@id":"https:\/\/news.ecclesia.org.br\/#organization","name":"Sacra Arquidiocese de Buenos Aires e Am\u00e9rica do Sul | Patriarcado Ecum\u00eanico","alternateName":"News Ecclesia Brasil","url":"https:\/\/news.ecclesia.org.br\/","logo":{"@type":"ImageObject","inLanguage":"pt-BR","@id":"https:\/\/news.ecclesia.org.br\/#\/schema\/logo\/image\/","url":"https:\/\/news.ecclesia.org.br\/wp-content\/uploads\/2025\/05\/ecclesia2.png","contentUrl":"https:\/\/news.ecclesia.org.br\/wp-content\/uploads\/2025\/05\/ecclesia2.png","width":480,"height":120,"caption":"Sacra Arquidiocese de Buenos Aires e Am\u00e9rica do Sul | Patriarcado Ecum\u00eanico"},"image":{"@id":"https:\/\/news.ecclesia.org.br\/#\/schema\/logo\/image\/"},"sameAs":["https:\/\/www.facebook.com\/Ecclesia2025","https:\/\/x.com\/EcclesiaNews","https:\/\/br.pinterest.com\/ekklisia\/","https:\/\/www.youtube.com\/@EcclesiaBrasil"]},{"@type":"Person","@id":"https:\/\/news.ecclesia.org.br\/#\/schema\/person\/6f09597f025829745ba414a569f63758","name":"Pe. Andr\u00e9","image":{"@type":"ImageObject","inLanguage":"pt-BR","@id":"https:\/\/secure.gravatar.com\/avatar\/b4327cfa27e9799da239a26adcd534fc29cdc0c4a4a148eecbcfeb9b42c617ac?s=96&d=mm&r=g","url":"https:\/\/secure.gravatar.com\/avatar\/b4327cfa27e9799da239a26adcd534fc29cdc0c4a4a148eecbcfeb9b42c617ac?s=96&d=mm&r=g","contentUrl":"https:\/\/secure.gravatar.com\/avatar\/b4327cfa27e9799da239a26adcd534fc29cdc0c4a4a148eecbcfeb9b42c617ac?s=96&d=mm&r=g","caption":"Pe. Andr\u00e9"},"sameAs":["https:\/\/www.ecclesia.org.br"]}]}},"_links":{"self":[{"href":"https:\/\/news.ecclesia.org.br\/index.php?rest_route=\/wp\/v2\/posts\/9798","targetHints":{"allow":["GET"]}}],"collection":[{"href":"https:\/\/news.ecclesia.org.br\/index.php?rest_route=\/wp\/v2\/posts"}],"about":[{"href":"https:\/\/news.ecclesia.org.br\/index.php?rest_route=\/wp\/v2\/types\/post"}],"author":[{"embeddable":true,"href":"https:\/\/news.ecclesia.org.br\/index.php?rest_route=\/wp\/v2\/users\/1"}],"replies":[{"embeddable":true,"href":"https:\/\/news.ecclesia.org.br\/index.php?rest_route=%2Fwp%2Fv2%2Fcomments&post=9798"}],"version-history":[{"count":1,"href":"https:\/\/news.ecclesia.org.br\/index.php?rest_route=\/wp\/v2\/posts\/9798\/revisions"}],"predecessor-version":[{"id":46083,"href":"https:\/\/news.ecclesia.org.br\/index.php?rest_route=\/wp\/v2\/posts\/9798\/revisions\/46083"}],"wp:featuredmedia":[{"embeddable":true,"href":"https:\/\/news.ecclesia.org.br\/index.php?rest_route=\/wp\/v2\/media\/9800"}],"wp:attachment":[{"href":"https:\/\/news.ecclesia.org.br\/index.php?rest_route=%2Fwp%2Fv2%2Fmedia&parent=9798"}],"wp:term":[{"taxonomy":"category","embeddable":true,"href":"https:\/\/news.ecclesia.org.br\/index.php?rest_route=%2Fwp%2Fv2%2Fcategories&post=9798"},{"taxonomy":"post_tag","embeddable":true,"href":"https:\/\/news.ecclesia.org.br\/index.php?rest_route=%2Fwp%2Fv2%2Ftags&post=9798"}],"curies":[{"name":"wp","href":"https:\/\/api.w.org\/{rel}","templated":true}]}}