{"id":9649,"date":"2012-11-10T10:11:36","date_gmt":"2012-11-10T12:11:36","guid":{"rendered":"http:\/\/ecclesia.com.br\/news\/2012\/?p=9649"},"modified":"2016-03-20T21:06:03","modified_gmt":"2016-03-20T21:06:03","slug":"patriarca-ecumenico-sauda-novo-patriarca-copta","status":"publish","type":"post","link":"https:\/\/news.ecclesia.org.br\/?p=9649","title":{"rendered":"PATRIARCA ECUM\u00caNICO SA\u00daDA NOVO PATRIARCA COPTA"},"content":{"rendered":"<p style=\"text-align: justify;\"><a href=\"https:\/\/news.ecclesia.org.br\/2013\/wp-content\/uploads\/2012\/11\/004.jpg\" rel=\"attachment wp-att-9650\"><img fetchpriority=\"high\" decoding=\"async\" class=\"aligncenter size-full wp-image-9650\" src=\"https:\/\/news.ecclesia.org.br\/2013\/wp-content\/uploads\/2012\/11\/004.jpg\" alt=\"004\" width=\"628\" height=\"418\" srcset=\"https:\/\/news.ecclesia.org.br\/wp-content\/uploads\/2012\/11\/004.jpg 628w, https:\/\/news.ecclesia.org.br\/wp-content\/uploads\/2012\/11\/004-300x200.jpg 300w, https:\/\/news.ecclesia.org.br\/wp-content\/uploads\/2012\/11\/004-600x399.jpg 600w, https:\/\/news.ecclesia.org.br\/wp-content\/uploads\/2012\/11\/004-83x55.jpg 83w, https:\/\/news.ecclesia.org.br\/wp-content\/uploads\/2012\/11\/004-60x40.jpg 60w, https:\/\/news.ecclesia.org.br\/wp-content\/uploads\/2012\/11\/004-120x80.jpg 120w\" sizes=\"(max-width: 628px) 100vw, 628px\" \/><\/a><\/p>\n<p style=\"text-align: justify;\">Cairo (RV) &#8211; O mundo ecum\u00eanico aplaude a elei\u00e7\u00e3o do novo Patriarca da Igreja Ortodoxa Copta no Egito e em todo o mundo, bispo Anba Tawadros, eleito no \u00faltimo domingo, no Cairo, e que tomar\u00e1 posse em celebra\u00e7\u00e3o a ser realizada no pr\u00f3ximo dia 18 de novembro.<\/p>\n<p style=\"text-align: justify;\">O Patriarca Ecum\u00eanico de Constantinopla, Bartolomeu I,- refere a ag\u00eancia Sir,- enviou uma mensagem ao novo l\u00edder copta manifestando uma \u201csincera alegria fraterna\u201d e assegurando \u201cora\u00e7\u00f5es para o novo l\u00edder para sustent\u00e1-lo neste trabalho de \u201cgrande responsabilidade\u201d, isto \u00e9, \u201cconduzir o povo a v\u00f3s confiado por Deus em um momento em que o mundo vem sendo sacudido pela turbul\u00eancia em uma regi\u00e3o que requer discernimento e sensibilidade\u201d, conclui.<\/p>\n<p style=\"text-align: justify;\">Tamb\u00e9m o Secret\u00e1rio Geral do Conselho Mundial de Igrejas (WCC), Olav Kykse Tveit enviou mensagem de congratula\u00e7\u00e3o em nome da comunh\u00e3o das igrejas crist\u00e3s onde afirma que \u201cConhecemos o vosso trabalho em favor da unidade e amor entre as v\u00e1rias comunidades do Egito e oramos para que o vosso minist\u00e9rio nestes tempos incertos seja forte na luta pela liberdade, pela igualdade, a justi\u00e7a e a paz\u201d.<\/p>\n<p style=\"text-align: justify;\">J\u00e1 o bispo de Giza, dos cat\u00f3licos coptas, Dom Antonios Aziz Mina, saudou o novo patriarca ortodoxo, desejando que \u201co sucessor de Shenouda III possa guiar a sua Igreja com for\u00e7a e sabedoria atrav\u00e9s das dificuldades por que passa o Egito atualmente\u201d.<\/p>\n<p style=\"text-align: justify;\">Ontem, em entrevista \u00e0 televis\u00e3o estatal, Tawadros afirmou que uma constitui\u00e7\u00e3o abertamente inspirada na religi\u00e3o n\u00e3o ser\u00e1 aceit\u00e1vel\u201d e convidou os fi\u00e9is a participar mais ativamente na vida p\u00fablica e pol\u00edtica do pa\u00eds.<\/p>\n<p style=\"text-align: justify;\">A reda\u00e7\u00e3o de uma nova constitui\u00e7\u00e3o preocupa tamb\u00e9m ao bispo cat\u00f3lico Dom Mina, que teme a influ\u00eancia da Assembl\u00e9ia Constituinte dominada por uma maioria isl\u00e2mica. O bispo de Giza prev\u00ea tempos dif\u00edceis para a liberdade religiosa no Egito, particularmente para os crist\u00e3os. \u201cSe continuarmos neste caminho, adverte, nos encontraremos em uma situa\u00e7\u00e3o pr\u00f3xima \u00e0 persegui\u00e7\u00e3o. (JE)<\/p>\n","protected":false},"excerpt":{"rendered":"<p>Cairo (RV) &#8211; O mundo ecum\u00eanico aplaude a elei\u00e7\u00e3o do novo Patriarca da Igreja Ortodoxa Copta no Egito e em todo o mundo, bispo Anba Tawadros, eleito no \u00faltimo domingo, no Cairo, e que tomar\u00e1 posse em celebra\u00e7\u00e3o a ser&#8230;<\/p>\n","protected":false},"author":1,"featured_media":9650,"comment_status":"open","ping_status":"open","sticky":false,"template":"","format":"standard","meta":{"_acf_changed":false,"footnotes":""},"categories":[3,72],"tags":[],"class_list":["post-9649","post","type-post","status-publish","format-standard","has-post-thumbnail","hentry","category-mundo","category-patriarcado-ecumenico","entry","rows-excerpt"],"acf":[],"yoast_head":"<!-- This site is optimized with the Yoast SEO plugin v27.4 - https:\/\/yoast.com\/product\/yoast-seo-wordpress\/ -->\n<title>PATRIARCA ECUM\u00caNICO SA\u00daDA NOVO PATRIARCA COPTA | ECCLESIA NEWS<\/title>\n<meta name=\"robots\" content=\"index, follow, max-snippet:-1, max-image-preview:large, max-video-preview:-1\" \/>\n<link rel=\"canonical\" href=\"https:\/\/news.ecclesia.org.br\/?p=9649\" \/>\n<meta property=\"og:locale\" content=\"pt_BR\" \/>\n<meta property=\"og:type\" content=\"article\" \/>\n<meta property=\"og:title\" content=\"PATRIARCA ECUM\u00caNICO SA\u00daDA NOVO PATRIARCA COPTA | ECCLESIA NEWS\" \/>\n<meta property=\"og:description\" content=\"Cairo (RV) &#8211; O mundo ecum\u00eanico aplaude a elei\u00e7\u00e3o do novo Patriarca da Igreja Ortodoxa Copta no Egito e em todo o mundo, bispo Anba Tawadros, eleito no \u00faltimo domingo, no Cairo, e que tomar\u00e1 posse em celebra\u00e7\u00e3o a ser&#8230;\" \/>\n<meta property=\"og:url\" content=\"https:\/\/news.ecclesia.org.br\/?p=9649\" \/>\n<meta property=\"og:site_name\" content=\"ECCLESIA NEWS\" \/>\n<meta property=\"article:publisher\" content=\"https:\/\/www.facebook.com\/Ecclesia2025\" \/>\n<meta property=\"article:published_time\" content=\"2012-11-10T12:11:36+00:00\" \/>\n<meta property=\"article:modified_time\" content=\"2016-03-20T21:06:03+00:00\" \/>\n<meta property=\"og:image\" content=\"https:\/\/news.ecclesia.org.br\/wp-content\/uploads\/2012\/11\/004.jpg\" \/>\n\t<meta property=\"og:image:width\" content=\"628\" \/>\n\t<meta property=\"og:image:height\" content=\"418\" \/>\n\t<meta property=\"og:image:type\" content=\"image\/jpeg\" \/>\n<meta name=\"author\" content=\"Pe. Andr\u00e9\" \/>\n<meta name=\"twitter:card\" content=\"summary_large_image\" \/>\n<meta name=\"twitter:creator\" content=\"@EcclesiaNews\" \/>\n<meta name=\"twitter:site\" content=\"@EcclesiaNews\" \/>\n<meta name=\"twitter:label1\" content=\"Escrito por\" \/>\n\t<meta name=\"twitter:data1\" content=\"Pe. Andr\u00e9\" \/>\n\t<meta name=\"twitter:label2\" content=\"Est. tempo de leitura\" \/>\n\t<meta name=\"twitter:data2\" content=\"2 minutos\" \/>\n<script type=\"application\/ld+json\" class=\"yoast-schema-graph\">{\"@context\":\"https:\\\/\\\/schema.org\",\"@graph\":[{\"@type\":\"Article\",\"@id\":\"https:\\\/\\\/news.ecclesia.org.br\\\/?p=9649#article\",\"isPartOf\":{\"@id\":\"https:\\\/\\\/news.ecclesia.org.br\\\/?p=9649\"},\"author\":{\"name\":\"Pe. Andr\u00e9\",\"@id\":\"https:\\\/\\\/news.ecclesia.org.br\\\/#\\\/schema\\\/person\\\/6f09597f025829745ba414a569f63758\"},\"headline\":\"PATRIARCA ECUM\u00caNICO SA\u00daDA NOVO PATRIARCA COPTA\",\"datePublished\":\"2012-11-10T12:11:36+00:00\",\"dateModified\":\"2016-03-20T21:06:03+00:00\",\"mainEntityOfPage\":{\"@id\":\"https:\\\/\\\/news.ecclesia.org.br\\\/?p=9649\"},\"wordCount\":363,\"commentCount\":0,\"publisher\":{\"@id\":\"https:\\\/\\\/news.ecclesia.org.br\\\/#organization\"},\"image\":{\"@id\":\"https:\\\/\\\/news.ecclesia.org.br\\\/?p=9649#primaryimage\"},\"thumbnailUrl\":\"https:\\\/\\\/news.ecclesia.org.br\\\/wp-content\\\/uploads\\\/2012\\\/11\\\/004.jpg\",\"articleSection\":[\"Mundo Ortodoxo\",\"Patriarcado Ecum\u00eanico\"],\"inLanguage\":\"pt-BR\",\"potentialAction\":[{\"@type\":\"CommentAction\",\"name\":\"Comment\",\"target\":[\"https:\\\/\\\/news.ecclesia.org.br\\\/?p=9649#respond\"]}]},{\"@type\":\"WebPage\",\"@id\":\"https:\\\/\\\/news.ecclesia.org.br\\\/?p=9649\",\"url\":\"https:\\\/\\\/news.ecclesia.org.br\\\/?p=9649\",\"name\":\"PATRIARCA ECUM\u00caNICO SA\u00daDA NOVO PATRIARCA COPTA | ECCLESIA NEWS\",\"isPartOf\":{\"@id\":\"https:\\\/\\\/news.ecclesia.org.br\\\/#website\"},\"primaryImageOfPage\":{\"@id\":\"https:\\\/\\\/news.ecclesia.org.br\\\/?p=9649#primaryimage\"},\"image\":{\"@id\":\"https:\\\/\\\/news.ecclesia.org.br\\\/?p=9649#primaryimage\"},\"thumbnailUrl\":\"https:\\\/\\\/news.ecclesia.org.br\\\/wp-content\\\/uploads\\\/2012\\\/11\\\/004.jpg\",\"datePublished\":\"2012-11-10T12:11:36+00:00\",\"dateModified\":\"2016-03-20T21:06:03+00:00\",\"breadcrumb\":{\"@id\":\"https:\\\/\\\/news.ecclesia.org.br\\\/?p=9649#breadcrumb\"},\"inLanguage\":\"pt-BR\",\"potentialAction\":[{\"@type\":\"ReadAction\",\"target\":[\"https:\\\/\\\/news.ecclesia.org.br\\\/?p=9649\"]}]},{\"@type\":\"ImageObject\",\"inLanguage\":\"pt-BR\",\"@id\":\"https:\\\/\\\/news.ecclesia.org.br\\\/?p=9649#primaryimage\",\"url\":\"https:\\\/\\\/news.ecclesia.org.br\\\/wp-content\\\/uploads\\\/2012\\\/11\\\/004.jpg\",\"contentUrl\":\"https:\\\/\\\/news.ecclesia.org.br\\\/wp-content\\\/uploads\\\/2012\\\/11\\\/004.jpg\",\"width\":628,\"height\":418},{\"@type\":\"BreadcrumbList\",\"@id\":\"https:\\\/\\\/news.ecclesia.org.br\\\/?p=9649#breadcrumb\",\"itemListElement\":[{\"@type\":\"ListItem\",\"position\":1,\"name\":\"In\u00edcio\",\"item\":\"https:\\\/\\\/news.ecclesia.org.br\\\/\"},{\"@type\":\"ListItem\",\"position\":2,\"name\":\"PATRIARCA ECUM\u00caNICO SA\u00daDA NOVO PATRIARCA COPTA\"}]},{\"@type\":\"WebSite\",\"@id\":\"https:\\\/\\\/news.ecclesia.org.br\\\/#website\",\"url\":\"https:\\\/\\\/news.ecclesia.org.br\\\/\",\"name\":\"Ecclesia Brasil\",\"description\":\"Desde 2003 onectando o Brasil ao mundo ortodoxo!\",\"publisher\":{\"@id\":\"https:\\\/\\\/news.ecclesia.org.br\\\/#organization\"},\"alternateName\":\"Ecclesia\",\"potentialAction\":[{\"@type\":\"SearchAction\",\"target\":{\"@type\":\"EntryPoint\",\"urlTemplate\":\"https:\\\/\\\/news.ecclesia.org.br\\\/?s={search_term_string}\"},\"query-input\":{\"@type\":\"PropertyValueSpecification\",\"valueRequired\":true,\"valueName\":\"search_term_string\"}}],\"inLanguage\":\"pt-BR\"},{\"@type\":\"Organization\",\"@id\":\"https:\\\/\\\/news.ecclesia.org.br\\\/#organization\",\"name\":\"Sacra Arquidiocese de Buenos Aires e Am\u00e9rica do Sul | Patriarcado Ecum\u00eanico\",\"alternateName\":\"News Ecclesia Brasil\",\"url\":\"https:\\\/\\\/news.ecclesia.org.br\\\/\",\"logo\":{\"@type\":\"ImageObject\",\"inLanguage\":\"pt-BR\",\"@id\":\"https:\\\/\\\/news.ecclesia.org.br\\\/#\\\/schema\\\/logo\\\/image\\\/\",\"url\":\"https:\\\/\\\/news.ecclesia.org.br\\\/wp-content\\\/uploads\\\/2025\\\/05\\\/ecclesia2.png\",\"contentUrl\":\"https:\\\/\\\/news.ecclesia.org.br\\\/wp-content\\\/uploads\\\/2025\\\/05\\\/ecclesia2.png\",\"width\":480,\"height\":120,\"caption\":\"Sacra Arquidiocese de Buenos Aires e Am\u00e9rica do Sul | Patriarcado Ecum\u00eanico\"},\"image\":{\"@id\":\"https:\\\/\\\/news.ecclesia.org.br\\\/#\\\/schema\\\/logo\\\/image\\\/\"},\"sameAs\":[\"https:\\\/\\\/www.facebook.com\\\/Ecclesia2025\",\"https:\\\/\\\/x.com\\\/EcclesiaNews\",\"https:\\\/\\\/br.pinterest.com\\\/ekklisia\\\/\",\"https:\\\/\\\/www.youtube.com\\\/@EcclesiaBrasil\"]},{\"@type\":\"Person\",\"@id\":\"https:\\\/\\\/news.ecclesia.org.br\\\/#\\\/schema\\\/person\\\/6f09597f025829745ba414a569f63758\",\"name\":\"Pe. Andr\u00e9\",\"image\":{\"@type\":\"ImageObject\",\"inLanguage\":\"pt-BR\",\"@id\":\"https:\\\/\\\/secure.gravatar.com\\\/avatar\\\/b4327cfa27e9799da239a26adcd534fc29cdc0c4a4a148eecbcfeb9b42c617ac?s=96&d=mm&r=g\",\"url\":\"https:\\\/\\\/secure.gravatar.com\\\/avatar\\\/b4327cfa27e9799da239a26adcd534fc29cdc0c4a4a148eecbcfeb9b42c617ac?s=96&d=mm&r=g\",\"contentUrl\":\"https:\\\/\\\/secure.gravatar.com\\\/avatar\\\/b4327cfa27e9799da239a26adcd534fc29cdc0c4a4a148eecbcfeb9b42c617ac?s=96&d=mm&r=g\",\"caption\":\"Pe. Andr\u00e9\"},\"sameAs\":[\"https:\\\/\\\/www.ecclesia.org.br\"]}]}<\/script>\n<!-- \/ Yoast SEO plugin. -->","yoast_head_json":{"title":"PATRIARCA ECUM\u00caNICO SA\u00daDA NOVO PATRIARCA COPTA | ECCLESIA NEWS","robots":{"index":"index","follow":"follow","max-snippet":"max-snippet:-1","max-image-preview":"max-image-preview:large","max-video-preview":"max-video-preview:-1"},"canonical":"https:\/\/news.ecclesia.org.br\/?p=9649","og_locale":"pt_BR","og_type":"article","og_title":"PATRIARCA ECUM\u00caNICO SA\u00daDA NOVO PATRIARCA COPTA | ECCLESIA NEWS","og_description":"Cairo (RV) &#8211; O mundo ecum\u00eanico aplaude a elei\u00e7\u00e3o do novo Patriarca da Igreja Ortodoxa Copta no Egito e em todo o mundo, bispo Anba Tawadros, eleito no \u00faltimo domingo, no Cairo, e que tomar\u00e1 posse em celebra\u00e7\u00e3o a ser&#8230;","og_url":"https:\/\/news.ecclesia.org.br\/?p=9649","og_site_name":"ECCLESIA NEWS","article_publisher":"https:\/\/www.facebook.com\/Ecclesia2025","article_published_time":"2012-11-10T12:11:36+00:00","article_modified_time":"2016-03-20T21:06:03+00:00","og_image":[{"width":628,"height":418,"url":"https:\/\/news.ecclesia.org.br\/wp-content\/uploads\/2012\/11\/004.jpg","type":"image\/jpeg"}],"author":"Pe. Andr\u00e9","twitter_card":"summary_large_image","twitter_creator":"@EcclesiaNews","twitter_site":"@EcclesiaNews","twitter_misc":{"Escrito por":"Pe. Andr\u00e9","Est. tempo de leitura":"2 minutos"},"schema":{"@context":"https:\/\/schema.org","@graph":[{"@type":"Article","@id":"https:\/\/news.ecclesia.org.br\/?p=9649#article","isPartOf":{"@id":"https:\/\/news.ecclesia.org.br\/?p=9649"},"author":{"name":"Pe. Andr\u00e9","@id":"https:\/\/news.ecclesia.org.br\/#\/schema\/person\/6f09597f025829745ba414a569f63758"},"headline":"PATRIARCA ECUM\u00caNICO SA\u00daDA NOVO PATRIARCA COPTA","datePublished":"2012-11-10T12:11:36+00:00","dateModified":"2016-03-20T21:06:03+00:00","mainEntityOfPage":{"@id":"https:\/\/news.ecclesia.org.br\/?p=9649"},"wordCount":363,"commentCount":0,"publisher":{"@id":"https:\/\/news.ecclesia.org.br\/#organization"},"image":{"@id":"https:\/\/news.ecclesia.org.br\/?p=9649#primaryimage"},"thumbnailUrl":"https:\/\/news.ecclesia.org.br\/wp-content\/uploads\/2012\/11\/004.jpg","articleSection":["Mundo Ortodoxo","Patriarcado Ecum\u00eanico"],"inLanguage":"pt-BR","potentialAction":[{"@type":"CommentAction","name":"Comment","target":["https:\/\/news.ecclesia.org.br\/?p=9649#respond"]}]},{"@type":"WebPage","@id":"https:\/\/news.ecclesia.org.br\/?p=9649","url":"https:\/\/news.ecclesia.org.br\/?p=9649","name":"PATRIARCA ECUM\u00caNICO SA\u00daDA NOVO PATRIARCA COPTA | ECCLESIA NEWS","isPartOf":{"@id":"https:\/\/news.ecclesia.org.br\/#website"},"primaryImageOfPage":{"@id":"https:\/\/news.ecclesia.org.br\/?p=9649#primaryimage"},"image":{"@id":"https:\/\/news.ecclesia.org.br\/?p=9649#primaryimage"},"thumbnailUrl":"https:\/\/news.ecclesia.org.br\/wp-content\/uploads\/2012\/11\/004.jpg","datePublished":"2012-11-10T12:11:36+00:00","dateModified":"2016-03-20T21:06:03+00:00","breadcrumb":{"@id":"https:\/\/news.ecclesia.org.br\/?p=9649#breadcrumb"},"inLanguage":"pt-BR","potentialAction":[{"@type":"ReadAction","target":["https:\/\/news.ecclesia.org.br\/?p=9649"]}]},{"@type":"ImageObject","inLanguage":"pt-BR","@id":"https:\/\/news.ecclesia.org.br\/?p=9649#primaryimage","url":"https:\/\/news.ecclesia.org.br\/wp-content\/uploads\/2012\/11\/004.jpg","contentUrl":"https:\/\/news.ecclesia.org.br\/wp-content\/uploads\/2012\/11\/004.jpg","width":628,"height":418},{"@type":"BreadcrumbList","@id":"https:\/\/news.ecclesia.org.br\/?p=9649#breadcrumb","itemListElement":[{"@type":"ListItem","position":1,"name":"In\u00edcio","item":"https:\/\/news.ecclesia.org.br\/"},{"@type":"ListItem","position":2,"name":"PATRIARCA ECUM\u00caNICO SA\u00daDA NOVO PATRIARCA COPTA"}]},{"@type":"WebSite","@id":"https:\/\/news.ecclesia.org.br\/#website","url":"https:\/\/news.ecclesia.org.br\/","name":"Ecclesia Brasil","description":"Desde 2003 onectando o Brasil ao mundo ortodoxo!","publisher":{"@id":"https:\/\/news.ecclesia.org.br\/#organization"},"alternateName":"Ecclesia","potentialAction":[{"@type":"SearchAction","target":{"@type":"EntryPoint","urlTemplate":"https:\/\/news.ecclesia.org.br\/?s={search_term_string}"},"query-input":{"@type":"PropertyValueSpecification","valueRequired":true,"valueName":"search_term_string"}}],"inLanguage":"pt-BR"},{"@type":"Organization","@id":"https:\/\/news.ecclesia.org.br\/#organization","name":"Sacra Arquidiocese de Buenos Aires e Am\u00e9rica do Sul | Patriarcado Ecum\u00eanico","alternateName":"News Ecclesia Brasil","url":"https:\/\/news.ecclesia.org.br\/","logo":{"@type":"ImageObject","inLanguage":"pt-BR","@id":"https:\/\/news.ecclesia.org.br\/#\/schema\/logo\/image\/","url":"https:\/\/news.ecclesia.org.br\/wp-content\/uploads\/2025\/05\/ecclesia2.png","contentUrl":"https:\/\/news.ecclesia.org.br\/wp-content\/uploads\/2025\/05\/ecclesia2.png","width":480,"height":120,"caption":"Sacra Arquidiocese de Buenos Aires e Am\u00e9rica do Sul | Patriarcado Ecum\u00eanico"},"image":{"@id":"https:\/\/news.ecclesia.org.br\/#\/schema\/logo\/image\/"},"sameAs":["https:\/\/www.facebook.com\/Ecclesia2025","https:\/\/x.com\/EcclesiaNews","https:\/\/br.pinterest.com\/ekklisia\/","https:\/\/www.youtube.com\/@EcclesiaBrasil"]},{"@type":"Person","@id":"https:\/\/news.ecclesia.org.br\/#\/schema\/person\/6f09597f025829745ba414a569f63758","name":"Pe. Andr\u00e9","image":{"@type":"ImageObject","inLanguage":"pt-BR","@id":"https:\/\/secure.gravatar.com\/avatar\/b4327cfa27e9799da239a26adcd534fc29cdc0c4a4a148eecbcfeb9b42c617ac?s=96&d=mm&r=g","url":"https:\/\/secure.gravatar.com\/avatar\/b4327cfa27e9799da239a26adcd534fc29cdc0c4a4a148eecbcfeb9b42c617ac?s=96&d=mm&r=g","contentUrl":"https:\/\/secure.gravatar.com\/avatar\/b4327cfa27e9799da239a26adcd534fc29cdc0c4a4a148eecbcfeb9b42c617ac?s=96&d=mm&r=g","caption":"Pe. Andr\u00e9"},"sameAs":["https:\/\/www.ecclesia.org.br"]}]}},"_links":{"self":[{"href":"https:\/\/news.ecclesia.org.br\/index.php?rest_route=\/wp\/v2\/posts\/9649","targetHints":{"allow":["GET"]}}],"collection":[{"href":"https:\/\/news.ecclesia.org.br\/index.php?rest_route=\/wp\/v2\/posts"}],"about":[{"href":"https:\/\/news.ecclesia.org.br\/index.php?rest_route=\/wp\/v2\/types\/post"}],"author":[{"embeddable":true,"href":"https:\/\/news.ecclesia.org.br\/index.php?rest_route=\/wp\/v2\/users\/1"}],"replies":[{"embeddable":true,"href":"https:\/\/news.ecclesia.org.br\/index.php?rest_route=%2Fwp%2Fv2%2Fcomments&post=9649"}],"version-history":[{"count":0,"href":"https:\/\/news.ecclesia.org.br\/index.php?rest_route=\/wp\/v2\/posts\/9649\/revisions"}],"wp:featuredmedia":[{"embeddable":true,"href":"https:\/\/news.ecclesia.org.br\/index.php?rest_route=\/wp\/v2\/media\/9650"}],"wp:attachment":[{"href":"https:\/\/news.ecclesia.org.br\/index.php?rest_route=%2Fwp%2Fv2%2Fmedia&parent=9649"}],"wp:term":[{"taxonomy":"category","embeddable":true,"href":"https:\/\/news.ecclesia.org.br\/index.php?rest_route=%2Fwp%2Fv2%2Fcategories&post=9649"},{"taxonomy":"post_tag","embeddable":true,"href":"https:\/\/news.ecclesia.org.br\/index.php?rest_route=%2Fwp%2Fv2%2Ftags&post=9649"}],"curies":[{"name":"wp","href":"https:\/\/api.w.org\/{rel}","templated":true}]}}