{"id":9513,"date":"2012-10-11T09:17:35","date_gmt":"2012-10-11T12:17:35","guid":{"rendered":"http:\/\/ecclesia.com.br\/news\/2012\/?p=9513"},"modified":"2016-03-20T18:33:11","modified_gmt":"2016-03-20T18:33:11","slug":"ecumenismo-patriarca-ortodoxo-elogia-caminho-percorrido-desde-o-concilio-vaticano-ii","status":"publish","type":"post","link":"https:\/\/news.ecclesia.org.br\/?p=9513","title":{"rendered":"BARTOLOMEU I ELOGIA CAMINHO PERCORRIDO DESDE O CONC\u00cdLIO VATICANO II"},"content":{"rendered":"<p style=\"text-align: center;\"><div id=\"galleria-9513\"><a href=\"https:\/\/news.ecclesia.org.br\/wp-content\/uploads\/2012\/10\/patr-papas.jpg\"><img decoding=\"async\" title=\"patr-papas\" alt=\"\" src=\"https:\/\/news.ecclesia.org.br\/wp-content\/uploads\/2012\/10\/patr-papas-112x55.jpg\" data-big=\"https:\/\/news.ecclesia.org.br\/wp-content\/uploads\/2012\/10\/patr-papas.jpg\"><\/a><a href=\"https:\/\/news.ecclesia.org.br\/wp-content\/uploads\/2012\/10\/vaticano-out2012-682x1024.jpg\"><img decoding=\"async\" title=\"vaticano-out2012\" alt=\"\" src=\"https:\/\/news.ecclesia.org.br\/wp-content\/uploads\/2012\/10\/vaticano-out2012-37x55.jpg\" data-big=\"https:\/\/news.ecclesia.org.br\/wp-content\/uploads\/2012\/10\/vaticano-out2012-682x1024.jpg\"><\/a><a href=\"https:\/\/news.ecclesia.org.br\/wp-content\/uploads\/2012\/10\/vaticano-out20121.jpg\"><img decoding=\"async\" title=\"vaticano-out20121\" alt=\"\" src=\"https:\/\/news.ecclesia.org.br\/wp-content\/uploads\/2012\/10\/vaticano-out20121-73x55.jpg\" data-big=\"https:\/\/news.ecclesia.org.br\/wp-content\/uploads\/2012\/10\/vaticano-out20121.jpg\"><\/a><a href=\"https:\/\/news.ecclesia.org.br\/wp-content\/uploads\/2012\/10\/vaticano-out20122-682x1024.jpg\"><img decoding=\"async\" title=\"vaticano-out20122\" alt=\"\" src=\"https:\/\/news.ecclesia.org.br\/wp-content\/uploads\/2012\/10\/vaticano-out20122-37x55.jpg\" data-big=\"https:\/\/news.ecclesia.org.br\/wp-content\/uploads\/2012\/10\/vaticano-out20122-682x1024.jpg\"><\/a><\/div><\/p>\n<p style=\"text-align: justify;\"><strong>Bartolomeu I marcou presen\u00e7a na cerim\u00f4nia de abertura do Ano da F\u00e9, no 50.\u00ba anivers\u00e1rio do in\u00edcio da reuni\u00e3o conciliar da Igreja Cat\u00f3lica<\/strong><\/p>\n<p style=\"text-align: right;\"><em>Oct\u00e1vio Carmo,<br \/>\nenviado da Ag\u00eancia ECCLESIA ao Vaticano<\/em><\/p>\n<p style=\"text-align: justify;\">\nCidade do Vaticano, 11 out 2012 (<a href=\"http:\/\/www.agencia.ecclesia.pt\/cgi-bin\/noticia.pl?&amp;id=92809\">Ecclesia<\/a>) \u2013 Bartolomeu I, Patriarca Ecum\u00eanico de Constantinopla, elogiou hoje o caminho percorrido desde o Conc\u00edlio Vaticano II (1965-1965) no di\u00e1logo ecum\u00eanico e apelou a um esfor\u00e7o conjunto de crist\u00e3os na sociedade.<\/p>\n<p style=\"text-align: justify;\">\u201cQue a humanidade possa estender a m\u00e3o ao outro e que possamos trabalhar em conjunto para superar a dor dos povos em todos os lugares, particularmente onde se sofre por causa da fome, dos desastres naturais, das doen\u00e7as e das guerras\u201d,\u00a0disse Bartolomeu I, numa interven\u00e7\u00e3o durante a missa comemorativa do 50.\u00ba anivers\u00e1rio da abertura da maior reuni\u00e3o de bispos da Igreja Cat\u00f3lica e do in\u00edcio do Ano da F\u00e9, convocado por Bento XVI.<\/p>\n<p style=\"text-align: justify;\">Falando perante milhares de pessoas reunidas na Pra\u00e7a de S\u00e3o Pedro, com mais de 400 cardeais, arcebispos e bispos, o l\u00edder da Igreja Ortodoxa (considerado como primeiro entre iguais dos patriarcas destas comunidades) falou do Vaticano II como uma \u201cpedra milenar transformadora\u201d que muitos recordam com \u201cclareza e ternura\u201d, \u201cj\u00fabilo e entusiasmo\u201d.<\/p>\n<p style=\"text-align: justify;\">\u201cA porta deve continuar aberta para um acolhimento mais profundo, um maior compromisso pastoral e uma interpreta\u00e7\u00e3o eclesial do Conc\u00edlio Vaticano II cada vez mais aprofundada\u201d, acrescentou Bartolomeu I.<\/p>\n<p style=\"text-align: justify;\">O Patriarca de Constantinopla (atual Istambul, Turquia) recordou em particular os crist\u00e3os no M\u00e9dio Oriente e apelou \u00e0 supera\u00e7\u00e3o da \u201cviol\u00eancia, separa\u00e7\u00e3o e divis\u00e3o\u201d entre pessoas e pa\u00edses.<\/p>\n<p style=\"text-align: justify;\">A celebra\u00e7\u00e3o evocou o Vaticano II com alguns \u201csinais espec\u00edficos\u201d: a prociss\u00e3o inicial, a \u201centroniza\u00e7\u00e3o\u201d do evangeli\u00e1rio, c\u00f3pia do que foi utilizado durante o Conc\u00edlio, e a entrega das sete mensagens finais do Conc\u00edlio e do Catecismo da Igreja Cat\u00f3lica, nos 20 anos da sua publica\u00e7\u00e3o.<\/p>\n<p style=\"text-align: justify;\">Bento XVI convidou os 70 participantes no Conc\u00edlio que ainda se encontram vivos (incluindo D. Eurico Dias Nogueira, arcebispo em\u00e9rito de Braga), 15 dos quais marcaram presen\u00e7a na Pra\u00e7a de S\u00e3o Pedro.<\/p>\n<p style=\"text-align: justify;\">Entre os presentes estava ainda o arcebispo da Cantu\u00e1ria (Inglaterra) e l\u00edder da Comunh\u00e3o Anglicana, Rowan Williams, que falou esta quarta-feira no S\u00ednodo dos Bispos que decorre no Vaticano.<\/p>\n<p style=\"text-align: justify;\">A missa contou com a participa\u00e7\u00e3o dos membros da assembleia sinodal, nos quais se incluem os portugueses D. Manuel Clemente, bispo do Porto, e D. Ant\u00f3nio Couto, bispo de Lamego, bem como dos presidentes das Confer\u00eancias Episcopais, entre eles D. Jos\u00e9 Policarpo, cardeal-patriarca de Lisboa.<\/p>\n<p style=\"text-align: right;\"><em>O<\/em><\/p>\n","protected":false},"excerpt":{"rendered":"<p>Bartolomeu I marcou presen\u00e7a na cerim\u00f4nia de abertura do Ano da F\u00e9, no 50.\u00ba anivers\u00e1rio do in\u00edcio da reuni\u00e3o conciliar da Igreja Cat\u00f3lica Oct\u00e1vio Carmo, enviado da Ag\u00eancia ECCLESIA ao Vaticano Cidade do Vaticano, 11 out 2012 (Ecclesia) \u2013 Bartolomeu&#8230;<\/p>\n","protected":false},"author":1,"featured_media":17267,"comment_status":"open","ping_status":"open","sticky":false,"template":"","format":"standard","meta":{"_acf_changed":false,"footnotes":""},"categories":[3,72],"tags":[],"class_list":["post-9513","post","type-post","status-publish","format-standard","has-post-thumbnail","hentry","category-mundo","category-patriarcado-ecumenico","entry","rows-excerpt"],"acf":[],"yoast_head":"<!-- This site is optimized with the Yoast SEO plugin v27.4 - https:\/\/yoast.com\/product\/yoast-seo-wordpress\/ -->\n<title>BARTOLOMEU I ELOGIA CAMINHO PERCORRIDO DESDE O CONC\u00cdLIO VATICANO II | ECCLESIA NEWS<\/title>\n<meta name=\"robots\" content=\"index, follow, max-snippet:-1, max-image-preview:large, max-video-preview:-1\" \/>\n<link rel=\"canonical\" href=\"https:\/\/news.ecclesia.org.br\/?p=9513\" \/>\n<meta property=\"og:locale\" content=\"pt_BR\" \/>\n<meta property=\"og:type\" content=\"article\" \/>\n<meta property=\"og:title\" content=\"BARTOLOMEU I ELOGIA CAMINHO PERCORRIDO DESDE O CONC\u00cdLIO VATICANO II | ECCLESIA NEWS\" \/>\n<meta property=\"og:description\" content=\"Bartolomeu I marcou presen\u00e7a na cerim\u00f4nia de abertura do Ano da F\u00e9, no 50.\u00ba anivers\u00e1rio do in\u00edcio da reuni\u00e3o conciliar da Igreja Cat\u00f3lica Oct\u00e1vio Carmo, enviado da Ag\u00eancia ECCLESIA ao Vaticano Cidade do Vaticano, 11 out 2012 (Ecclesia) \u2013 Bartolomeu&#8230;\" \/>\n<meta property=\"og:url\" content=\"https:\/\/news.ecclesia.org.br\/?p=9513\" \/>\n<meta property=\"og:site_name\" content=\"ECCLESIA NEWS\" \/>\n<meta property=\"article:publisher\" content=\"https:\/\/www.facebook.com\/Ecclesia2025\" \/>\n<meta property=\"article:published_time\" content=\"2012-10-11T12:17:35+00:00\" \/>\n<meta property=\"article:modified_time\" content=\"2016-03-20T18:33:11+00:00\" \/>\n<meta property=\"og:image\" content=\"https:\/\/news.ecclesia.org.br\/wp-content\/uploads\/2012\/10\/patr-papas.jpg\" \/>\n\t<meta property=\"og:image:width\" content=\"610\" \/>\n\t<meta property=\"og:image:height\" content=\"300\" \/>\n\t<meta property=\"og:image:type\" content=\"image\/jpeg\" \/>\n<meta name=\"author\" content=\"Pe. Andr\u00e9\" \/>\n<meta name=\"twitter:card\" content=\"summary_large_image\" \/>\n<meta name=\"twitter:creator\" content=\"@EcclesiaNews\" \/>\n<meta name=\"twitter:site\" content=\"@EcclesiaNews\" \/>\n<meta name=\"twitter:label1\" content=\"Escrito por\" \/>\n\t<meta name=\"twitter:data1\" content=\"Pe. Andr\u00e9\" \/>\n\t<meta name=\"twitter:label2\" content=\"Est. tempo de leitura\" \/>\n\t<meta name=\"twitter:data2\" content=\"2 minutos\" \/>\n<script type=\"application\/ld+json\" class=\"yoast-schema-graph\">{\"@context\":\"https:\\\/\\\/schema.org\",\"@graph\":[{\"@type\":\"Article\",\"@id\":\"https:\\\/\\\/news.ecclesia.org.br\\\/?p=9513#article\",\"isPartOf\":{\"@id\":\"https:\\\/\\\/news.ecclesia.org.br\\\/?p=9513\"},\"author\":{\"name\":\"Pe. Andr\u00e9\",\"@id\":\"https:\\\/\\\/news.ecclesia.org.br\\\/#\\\/schema\\\/person\\\/6f09597f025829745ba414a569f63758\"},\"headline\":\"BARTOLOMEU I ELOGIA CAMINHO PERCORRIDO DESDE O CONC\u00cdLIO VATICANO II\",\"datePublished\":\"2012-10-11T12:17:35+00:00\",\"dateModified\":\"2016-03-20T18:33:11+00:00\",\"mainEntityOfPage\":{\"@id\":\"https:\\\/\\\/news.ecclesia.org.br\\\/?p=9513\"},\"wordCount\":465,\"commentCount\":0,\"publisher\":{\"@id\":\"https:\\\/\\\/news.ecclesia.org.br\\\/#organization\"},\"image\":{\"@id\":\"https:\\\/\\\/news.ecclesia.org.br\\\/?p=9513#primaryimage\"},\"thumbnailUrl\":\"https:\\\/\\\/news.ecclesia.org.br\\\/wp-content\\\/uploads\\\/2012\\\/10\\\/patr-papas.jpg\",\"articleSection\":[\"Mundo Ortodoxo\",\"Patriarcado Ecum\u00eanico\"],\"inLanguage\":\"pt-BR\",\"potentialAction\":[{\"@type\":\"CommentAction\",\"name\":\"Comment\",\"target\":[\"https:\\\/\\\/news.ecclesia.org.br\\\/?p=9513#respond\"]}]},{\"@type\":\"WebPage\",\"@id\":\"https:\\\/\\\/news.ecclesia.org.br\\\/?p=9513\",\"url\":\"https:\\\/\\\/news.ecclesia.org.br\\\/?p=9513\",\"name\":\"BARTOLOMEU I ELOGIA CAMINHO PERCORRIDO DESDE O CONC\u00cdLIO VATICANO II | ECCLESIA NEWS\",\"isPartOf\":{\"@id\":\"https:\\\/\\\/news.ecclesia.org.br\\\/#website\"},\"primaryImageOfPage\":{\"@id\":\"https:\\\/\\\/news.ecclesia.org.br\\\/?p=9513#primaryimage\"},\"image\":{\"@id\":\"https:\\\/\\\/news.ecclesia.org.br\\\/?p=9513#primaryimage\"},\"thumbnailUrl\":\"https:\\\/\\\/news.ecclesia.org.br\\\/wp-content\\\/uploads\\\/2012\\\/10\\\/patr-papas.jpg\",\"datePublished\":\"2012-10-11T12:17:35+00:00\",\"dateModified\":\"2016-03-20T18:33:11+00:00\",\"breadcrumb\":{\"@id\":\"https:\\\/\\\/news.ecclesia.org.br\\\/?p=9513#breadcrumb\"},\"inLanguage\":\"pt-BR\",\"potentialAction\":[{\"@type\":\"ReadAction\",\"target\":[\"https:\\\/\\\/news.ecclesia.org.br\\\/?p=9513\"]}]},{\"@type\":\"ImageObject\",\"inLanguage\":\"pt-BR\",\"@id\":\"https:\\\/\\\/news.ecclesia.org.br\\\/?p=9513#primaryimage\",\"url\":\"https:\\\/\\\/news.ecclesia.org.br\\\/wp-content\\\/uploads\\\/2012\\\/10\\\/patr-papas.jpg\",\"contentUrl\":\"https:\\\/\\\/news.ecclesia.org.br\\\/wp-content\\\/uploads\\\/2012\\\/10\\\/patr-papas.jpg\",\"width\":610,\"height\":300},{\"@type\":\"BreadcrumbList\",\"@id\":\"https:\\\/\\\/news.ecclesia.org.br\\\/?p=9513#breadcrumb\",\"itemListElement\":[{\"@type\":\"ListItem\",\"position\":1,\"name\":\"In\u00edcio\",\"item\":\"https:\\\/\\\/news.ecclesia.org.br\\\/\"},{\"@type\":\"ListItem\",\"position\":2,\"name\":\"BARTOLOMEU I ELOGIA CAMINHO PERCORRIDO DESDE O CONC\u00cdLIO VATICANO II\"}]},{\"@type\":\"WebSite\",\"@id\":\"https:\\\/\\\/news.ecclesia.org.br\\\/#website\",\"url\":\"https:\\\/\\\/news.ecclesia.org.br\\\/\",\"name\":\"Ecclesia Brasil\",\"description\":\"Desde 2003 onectando o Brasil ao mundo ortodoxo!\",\"publisher\":{\"@id\":\"https:\\\/\\\/news.ecclesia.org.br\\\/#organization\"},\"alternateName\":\"Ecclesia\",\"potentialAction\":[{\"@type\":\"SearchAction\",\"target\":{\"@type\":\"EntryPoint\",\"urlTemplate\":\"https:\\\/\\\/news.ecclesia.org.br\\\/?s={search_term_string}\"},\"query-input\":{\"@type\":\"PropertyValueSpecification\",\"valueRequired\":true,\"valueName\":\"search_term_string\"}}],\"inLanguage\":\"pt-BR\"},{\"@type\":\"Organization\",\"@id\":\"https:\\\/\\\/news.ecclesia.org.br\\\/#organization\",\"name\":\"Sacra Arquidiocese de Buenos Aires e Am\u00e9rica do Sul | Patriarcado Ecum\u00eanico\",\"alternateName\":\"News Ecclesia Brasil\",\"url\":\"https:\\\/\\\/news.ecclesia.org.br\\\/\",\"logo\":{\"@type\":\"ImageObject\",\"inLanguage\":\"pt-BR\",\"@id\":\"https:\\\/\\\/news.ecclesia.org.br\\\/#\\\/schema\\\/logo\\\/image\\\/\",\"url\":\"https:\\\/\\\/news.ecclesia.org.br\\\/wp-content\\\/uploads\\\/2025\\\/05\\\/ecclesia2.png\",\"contentUrl\":\"https:\\\/\\\/news.ecclesia.org.br\\\/wp-content\\\/uploads\\\/2025\\\/05\\\/ecclesia2.png\",\"width\":480,\"height\":120,\"caption\":\"Sacra Arquidiocese de Buenos Aires e Am\u00e9rica do Sul | Patriarcado Ecum\u00eanico\"},\"image\":{\"@id\":\"https:\\\/\\\/news.ecclesia.org.br\\\/#\\\/schema\\\/logo\\\/image\\\/\"},\"sameAs\":[\"https:\\\/\\\/www.facebook.com\\\/Ecclesia2025\",\"https:\\\/\\\/x.com\\\/EcclesiaNews\",\"https:\\\/\\\/br.pinterest.com\\\/ekklisia\\\/\",\"https:\\\/\\\/www.youtube.com\\\/@EcclesiaBrasil\"]},{\"@type\":\"Person\",\"@id\":\"https:\\\/\\\/news.ecclesia.org.br\\\/#\\\/schema\\\/person\\\/6f09597f025829745ba414a569f63758\",\"name\":\"Pe. Andr\u00e9\",\"image\":{\"@type\":\"ImageObject\",\"inLanguage\":\"pt-BR\",\"@id\":\"https:\\\/\\\/secure.gravatar.com\\\/avatar\\\/b4327cfa27e9799da239a26adcd534fc29cdc0c4a4a148eecbcfeb9b42c617ac?s=96&d=mm&r=g\",\"url\":\"https:\\\/\\\/secure.gravatar.com\\\/avatar\\\/b4327cfa27e9799da239a26adcd534fc29cdc0c4a4a148eecbcfeb9b42c617ac?s=96&d=mm&r=g\",\"contentUrl\":\"https:\\\/\\\/secure.gravatar.com\\\/avatar\\\/b4327cfa27e9799da239a26adcd534fc29cdc0c4a4a148eecbcfeb9b42c617ac?s=96&d=mm&r=g\",\"caption\":\"Pe. Andr\u00e9\"},\"sameAs\":[\"https:\\\/\\\/www.ecclesia.org.br\"]}]}<\/script>\n<!-- \/ Yoast SEO plugin. -->","yoast_head_json":{"title":"BARTOLOMEU I ELOGIA CAMINHO PERCORRIDO DESDE O CONC\u00cdLIO VATICANO II | ECCLESIA NEWS","robots":{"index":"index","follow":"follow","max-snippet":"max-snippet:-1","max-image-preview":"max-image-preview:large","max-video-preview":"max-video-preview:-1"},"canonical":"https:\/\/news.ecclesia.org.br\/?p=9513","og_locale":"pt_BR","og_type":"article","og_title":"BARTOLOMEU I ELOGIA CAMINHO PERCORRIDO DESDE O CONC\u00cdLIO VATICANO II | ECCLESIA NEWS","og_description":"Bartolomeu I marcou presen\u00e7a na cerim\u00f4nia de abertura do Ano da F\u00e9, no 50.\u00ba anivers\u00e1rio do in\u00edcio da reuni\u00e3o conciliar da Igreja Cat\u00f3lica Oct\u00e1vio Carmo, enviado da Ag\u00eancia ECCLESIA ao Vaticano Cidade do Vaticano, 11 out 2012 (Ecclesia) \u2013 Bartolomeu&#8230;","og_url":"https:\/\/news.ecclesia.org.br\/?p=9513","og_site_name":"ECCLESIA NEWS","article_publisher":"https:\/\/www.facebook.com\/Ecclesia2025","article_published_time":"2012-10-11T12:17:35+00:00","article_modified_time":"2016-03-20T18:33:11+00:00","og_image":[{"width":610,"height":300,"url":"https:\/\/news.ecclesia.org.br\/wp-content\/uploads\/2012\/10\/patr-papas.jpg","type":"image\/jpeg"}],"author":"Pe. Andr\u00e9","twitter_card":"summary_large_image","twitter_creator":"@EcclesiaNews","twitter_site":"@EcclesiaNews","twitter_misc":{"Escrito por":"Pe. Andr\u00e9","Est. tempo de leitura":"2 minutos"},"schema":{"@context":"https:\/\/schema.org","@graph":[{"@type":"Article","@id":"https:\/\/news.ecclesia.org.br\/?p=9513#article","isPartOf":{"@id":"https:\/\/news.ecclesia.org.br\/?p=9513"},"author":{"name":"Pe. Andr\u00e9","@id":"https:\/\/news.ecclesia.org.br\/#\/schema\/person\/6f09597f025829745ba414a569f63758"},"headline":"BARTOLOMEU I ELOGIA CAMINHO PERCORRIDO DESDE O CONC\u00cdLIO VATICANO II","datePublished":"2012-10-11T12:17:35+00:00","dateModified":"2016-03-20T18:33:11+00:00","mainEntityOfPage":{"@id":"https:\/\/news.ecclesia.org.br\/?p=9513"},"wordCount":465,"commentCount":0,"publisher":{"@id":"https:\/\/news.ecclesia.org.br\/#organization"},"image":{"@id":"https:\/\/news.ecclesia.org.br\/?p=9513#primaryimage"},"thumbnailUrl":"https:\/\/news.ecclesia.org.br\/wp-content\/uploads\/2012\/10\/patr-papas.jpg","articleSection":["Mundo Ortodoxo","Patriarcado Ecum\u00eanico"],"inLanguage":"pt-BR","potentialAction":[{"@type":"CommentAction","name":"Comment","target":["https:\/\/news.ecclesia.org.br\/?p=9513#respond"]}]},{"@type":"WebPage","@id":"https:\/\/news.ecclesia.org.br\/?p=9513","url":"https:\/\/news.ecclesia.org.br\/?p=9513","name":"BARTOLOMEU I ELOGIA CAMINHO PERCORRIDO DESDE O CONC\u00cdLIO VATICANO II | ECCLESIA NEWS","isPartOf":{"@id":"https:\/\/news.ecclesia.org.br\/#website"},"primaryImageOfPage":{"@id":"https:\/\/news.ecclesia.org.br\/?p=9513#primaryimage"},"image":{"@id":"https:\/\/news.ecclesia.org.br\/?p=9513#primaryimage"},"thumbnailUrl":"https:\/\/news.ecclesia.org.br\/wp-content\/uploads\/2012\/10\/patr-papas.jpg","datePublished":"2012-10-11T12:17:35+00:00","dateModified":"2016-03-20T18:33:11+00:00","breadcrumb":{"@id":"https:\/\/news.ecclesia.org.br\/?p=9513#breadcrumb"},"inLanguage":"pt-BR","potentialAction":[{"@type":"ReadAction","target":["https:\/\/news.ecclesia.org.br\/?p=9513"]}]},{"@type":"ImageObject","inLanguage":"pt-BR","@id":"https:\/\/news.ecclesia.org.br\/?p=9513#primaryimage","url":"https:\/\/news.ecclesia.org.br\/wp-content\/uploads\/2012\/10\/patr-papas.jpg","contentUrl":"https:\/\/news.ecclesia.org.br\/wp-content\/uploads\/2012\/10\/patr-papas.jpg","width":610,"height":300},{"@type":"BreadcrumbList","@id":"https:\/\/news.ecclesia.org.br\/?p=9513#breadcrumb","itemListElement":[{"@type":"ListItem","position":1,"name":"In\u00edcio","item":"https:\/\/news.ecclesia.org.br\/"},{"@type":"ListItem","position":2,"name":"BARTOLOMEU I ELOGIA CAMINHO PERCORRIDO DESDE O CONC\u00cdLIO VATICANO II"}]},{"@type":"WebSite","@id":"https:\/\/news.ecclesia.org.br\/#website","url":"https:\/\/news.ecclesia.org.br\/","name":"Ecclesia Brasil","description":"Desde 2003 onectando o Brasil ao mundo ortodoxo!","publisher":{"@id":"https:\/\/news.ecclesia.org.br\/#organization"},"alternateName":"Ecclesia","potentialAction":[{"@type":"SearchAction","target":{"@type":"EntryPoint","urlTemplate":"https:\/\/news.ecclesia.org.br\/?s={search_term_string}"},"query-input":{"@type":"PropertyValueSpecification","valueRequired":true,"valueName":"search_term_string"}}],"inLanguage":"pt-BR"},{"@type":"Organization","@id":"https:\/\/news.ecclesia.org.br\/#organization","name":"Sacra Arquidiocese de Buenos Aires e Am\u00e9rica do Sul | Patriarcado Ecum\u00eanico","alternateName":"News Ecclesia Brasil","url":"https:\/\/news.ecclesia.org.br\/","logo":{"@type":"ImageObject","inLanguage":"pt-BR","@id":"https:\/\/news.ecclesia.org.br\/#\/schema\/logo\/image\/","url":"https:\/\/news.ecclesia.org.br\/wp-content\/uploads\/2025\/05\/ecclesia2.png","contentUrl":"https:\/\/news.ecclesia.org.br\/wp-content\/uploads\/2025\/05\/ecclesia2.png","width":480,"height":120,"caption":"Sacra Arquidiocese de Buenos Aires e Am\u00e9rica do Sul | Patriarcado Ecum\u00eanico"},"image":{"@id":"https:\/\/news.ecclesia.org.br\/#\/schema\/logo\/image\/"},"sameAs":["https:\/\/www.facebook.com\/Ecclesia2025","https:\/\/x.com\/EcclesiaNews","https:\/\/br.pinterest.com\/ekklisia\/","https:\/\/www.youtube.com\/@EcclesiaBrasil"]},{"@type":"Person","@id":"https:\/\/news.ecclesia.org.br\/#\/schema\/person\/6f09597f025829745ba414a569f63758","name":"Pe. Andr\u00e9","image":{"@type":"ImageObject","inLanguage":"pt-BR","@id":"https:\/\/secure.gravatar.com\/avatar\/b4327cfa27e9799da239a26adcd534fc29cdc0c4a4a148eecbcfeb9b42c617ac?s=96&d=mm&r=g","url":"https:\/\/secure.gravatar.com\/avatar\/b4327cfa27e9799da239a26adcd534fc29cdc0c4a4a148eecbcfeb9b42c617ac?s=96&d=mm&r=g","contentUrl":"https:\/\/secure.gravatar.com\/avatar\/b4327cfa27e9799da239a26adcd534fc29cdc0c4a4a148eecbcfeb9b42c617ac?s=96&d=mm&r=g","caption":"Pe. Andr\u00e9"},"sameAs":["https:\/\/www.ecclesia.org.br"]}]}},"_links":{"self":[{"href":"https:\/\/news.ecclesia.org.br\/index.php?rest_route=\/wp\/v2\/posts\/9513","targetHints":{"allow":["GET"]}}],"collection":[{"href":"https:\/\/news.ecclesia.org.br\/index.php?rest_route=\/wp\/v2\/posts"}],"about":[{"href":"https:\/\/news.ecclesia.org.br\/index.php?rest_route=\/wp\/v2\/types\/post"}],"author":[{"embeddable":true,"href":"https:\/\/news.ecclesia.org.br\/index.php?rest_route=\/wp\/v2\/users\/1"}],"replies":[{"embeddable":true,"href":"https:\/\/news.ecclesia.org.br\/index.php?rest_route=%2Fwp%2Fv2%2Fcomments&post=9513"}],"version-history":[{"count":0,"href":"https:\/\/news.ecclesia.org.br\/index.php?rest_route=\/wp\/v2\/posts\/9513\/revisions"}],"wp:featuredmedia":[{"embeddable":true,"href":"https:\/\/news.ecclesia.org.br\/index.php?rest_route=\/wp\/v2\/media\/17267"}],"wp:attachment":[{"href":"https:\/\/news.ecclesia.org.br\/index.php?rest_route=%2Fwp%2Fv2%2Fmedia&parent=9513"}],"wp:term":[{"taxonomy":"category","embeddable":true,"href":"https:\/\/news.ecclesia.org.br\/index.php?rest_route=%2Fwp%2Fv2%2Fcategories&post=9513"},{"taxonomy":"post_tag","embeddable":true,"href":"https:\/\/news.ecclesia.org.br\/index.php?rest_route=%2Fwp%2Fv2%2Ftags&post=9513"}],"curies":[{"name":"wp","href":"https:\/\/api.w.org\/{rel}","templated":true}]}}