{"id":9509,"date":"2012-10-09T22:47:14","date_gmt":"2012-10-10T01:47:14","guid":{"rendered":"http:\/\/ecclesia.com.br\/news\/2012\/?p=9509"},"modified":"2016-03-20T18:34:24","modified_gmt":"2016-03-20T18:34:24","slug":"apelo-de-bartolomeu-i-pela-paz","status":"publish","type":"post","link":"https:\/\/news.ecclesia.org.br\/?p=9509","title":{"rendered":"APELO DE BARTOLOMEU I PELA PAZ"},"content":{"rendered":"<p style=\"text-align: justify;\">Patriarca Ecum\u00eanico, que participar\u00e1 do S\u00ednodo, apela por respeito \u00e0s diferen\u00e7as religiosas e pelo fim da viol\u00eancia<\/p>\n<p style=\"text-align: justify;\">ROMA, sexta-feira, 5 de outubro de 2012 (<a href=\"http:\/\/www.zenit.org\">ZENIT.org<\/a>) \u2013 Reproduzimos a seguir a declara\u00e7\u00e3o do Patriarcado Ecum\u00eanico de Constantinopla sobre o respeito das diferen\u00e7as religiosas e pelo fim da viol\u00eancia.<\/p>\n<p style=\"text-align: center;\" align=\"center\">* * *<\/p>\n<p style=\"text-align: justify;\"><a href=\"https:\/\/news.ecclesia.org.br\/2013\/wp-content\/uploads\/2012\/10\/patriarca-bartolomeu.jpg\" rel=\"attachment wp-att-9511\"><img fetchpriority=\"high\" decoding=\"async\" class=\"alignleft wp-image-9511 size-medium\" src=\"https:\/\/news.ecclesia.org.br\/2013\/wp-content\/uploads\/2012\/10\/patriarca-bartolomeu-300x225.jpg\" alt=\"patriarca-bartolomeu\" width=\"300\" height=\"225\" srcset=\"https:\/\/news.ecclesia.org.br\/wp-content\/uploads\/2012\/10\/patriarca-bartolomeu-300x225.jpg 300w, https:\/\/news.ecclesia.org.br\/wp-content\/uploads\/2012\/10\/patriarca-bartolomeu-73x55.jpg 73w, https:\/\/news.ecclesia.org.br\/wp-content\/uploads\/2012\/10\/patriarca-bartolomeu.jpg 440w\" sizes=\"(max-width: 300px) 100vw, 300px\" \/><\/a>O Patriarcado Ecum\u00eanico Bartolomeu I manifesta a sua profunda tristeza porque a humanidade entrou em um per\u00edodo de confus\u00e3o e de instabilidade, caracterizado pela exalta\u00e7\u00e3o religiosa, cujo resultado \u00e9 a manifesta\u00e7\u00e3o da viol\u00eancia e a perda do respeito pelas diferen\u00e7as religiosas. Quando agimos de modo impudente e violento, em nome dos nossos preconceitos religiosos ou das nossas cren\u00e7as religiosas, subestimamos as nossas pr\u00f3prias vidas e a nossa f\u00e9, de modo que, ao mesmo tempo, criamos um clima de \u00f3dio, de raiva e de desconfian\u00e7a, que destr\u00f3i os la\u00e7os de coes\u00e3o da humanidade existentes desde a cria\u00e7\u00e3o do mundo.<\/p>\n<p style=\"text-align: justify;\">O Patriarcado Ecum\u00eanico emitiu um comunicado em agosto sobre o ressurgimento da viol\u00eancia, que vem se espalhando pelo mundo, e apelou a todos os envolvidos na viol\u00eancia para silenciarem as armas. Olhando para o que aconteceu nas \u00faltimas semanas, aquele apelo em prol da assun\u00e7\u00e3o de compromissos com a manuten\u00e7\u00e3o da paz e do respeito m\u00fatuo na humanidade se tornou mais cr\u00edtico do que nunca.<\/p>\n<p style=\"text-align: justify;\">A Sagrada Escritura, no livro dos Prov\u00e9rbios (10,12), nos diz que &#8220;o \u00f3dio suscita contendas, mas o amor apaga todos os pecados&#8221;.<\/p>\n<p style=\"text-align: justify;\">Por isso, amemos uns aos outros, pois sabemos que o verdadeiro amor vem de Deus, que criou cada homem e ama cada pessoa na sua Divina Provid\u00eancia. N\u00f3s, que professamos conhecer a Deus, devemos reconhecer o dom divino da vida em cada um dos homens e respeitar esta semente de Deus. N\u00f3s, que chamamos Deus de nosso Senhor, temos de proteger a vida humana e nos tornar ainda mais pr\u00f3ximos da pessoa de quem discordamos, honrando-a.<\/p>\n<p style=\"text-align: justify;\">O Patriarcado Ecum\u00eanico acredita que \u00e9 sua obriga\u00e7\u00e3o travar di\u00e1logo com todos aqueles que dele discordam, a fim de se familiarizar com os s\u00edmbolos, com as prioridades e com os modos de pensar do &#8220;outro&#8221;. Os s\u00edmbolos s\u00e3o representa\u00e7\u00f5es caracter\u00edsticas externas, \u00e0s quais todas as pessoas conectam os seus pensamentos e valores internos. Para desenvolver a compreens\u00e3o dos s\u00edmbolos, temos de compreender a pessoa humana. A destrui\u00e7\u00e3o dos s\u00edmbolos corresponde ao infligir um sofrer aos homens que honram tais s\u00edmbolos e as tradi\u00e7\u00f5es que eles representam em seus cora\u00e7\u00f5es.<\/p>\n<p style=\"text-align: justify;\">Sua Santidade, o Patriarca Ecum\u00eanico Bartolomeu, tem continuamente lembrado a toda a humanidade da necessidade de adotar &#8220;uma mudan\u00e7a radical de atitudes, de h\u00e1bitos e de pr\u00e1ticas&#8221;, para alcan\u00e7ar um n\u00edvel tal de compromisso que &#8220;a deixe pronta para compartilhar todas as coisas boas com todas as pessoas&#8221;. O Patriarca Ecum\u00eanico nos recorda as palavras de S\u00e3o Jo\u00e3o Cris\u00f3stomo, que dizia que &#8220;o mist\u00e9rio do nosso pr\u00f3ximo n\u00e3o pode ser isolado do mist\u00e9rio da Eucaristia&#8221;.<\/p>\n<p style=\"text-align: justify;\">Para o cumprimento dessas verdades mencionadas e o reconhecimento da imagem de Deus em cada homem, Sua Santidade e o Patriarcado Ecum\u00eanico repudiam o fato de se afrontar o nosso pr\u00f3ximo com desprezo, desrespeito e \u00f3dio destruidor. Em conclus\u00e3o, de nada nem a ningu\u00e9m servem os discursos cheios de intoler\u00e2ncia, as acusa\u00e7\u00f5es infundadas, a impossibilidade de compreens\u00e3o das diferen\u00e7as culturais, o culpar a outrem no intuito de fugir \u00e0 responsabilidade pr\u00f3pria. Independentemente do caminho que cada um escolheu conscientemente para trilhar, estamos todos ligados de modo inquebrant\u00e1vel com os outros, como os fios de um mesmo tecido, obra de Deus, e devemos reconhecer a beleza e o valor inerente de cada indiv\u00edduo, cessando a destrui\u00e7\u00e3o de qualquer parte da nossa beleza coletiva.<\/p>\n<p style=\"text-align: right;\" align=\"right\">(Trad.ZENIT)<\/p>\n","protected":false},"excerpt":{"rendered":"<p>Patriarca Ecum\u00eanico, que participar\u00e1 do S\u00ednodo, apela por respeito \u00e0s diferen\u00e7as religiosas e pelo fim da viol\u00eancia ROMA, sexta-feira, 5 de outubro de 2012 (ZENIT.org) \u2013 Reproduzimos a seguir a declara\u00e7\u00e3o do Patriarcado Ecum\u00eanico de Constantinopla sobre o respeito das&#8230;<\/p>\n","protected":false},"author":1,"featured_media":9511,"comment_status":"open","ping_status":"open","sticky":false,"template":"","format":"standard","meta":{"_acf_changed":false,"footnotes":""},"categories":[3,72],"tags":[],"class_list":["post-9509","post","type-post","status-publish","format-standard","has-post-thumbnail","hentry","category-mundo","category-patriarcado-ecumenico","entry","rows-excerpt"],"acf":[],"yoast_head":"<!-- This site is optimized with the Yoast SEO plugin v27.4 - https:\/\/yoast.com\/product\/yoast-seo-wordpress\/ -->\n<title>APELO DE BARTOLOMEU I PELA PAZ | ECCLESIA NEWS<\/title>\n<meta name=\"robots\" content=\"index, follow, max-snippet:-1, max-image-preview:large, max-video-preview:-1\" \/>\n<link rel=\"canonical\" href=\"https:\/\/news.ecclesia.org.br\/?p=9509\" \/>\n<meta property=\"og:locale\" content=\"pt_BR\" \/>\n<meta property=\"og:type\" content=\"article\" \/>\n<meta property=\"og:title\" content=\"APELO DE BARTOLOMEU I PELA PAZ | ECCLESIA NEWS\" \/>\n<meta property=\"og:description\" content=\"Patriarca Ecum\u00eanico, que participar\u00e1 do S\u00ednodo, apela por respeito \u00e0s diferen\u00e7as religiosas e pelo fim da viol\u00eancia ROMA, sexta-feira, 5 de outubro de 2012 (ZENIT.org) \u2013 Reproduzimos a seguir a declara\u00e7\u00e3o do Patriarcado Ecum\u00eanico de Constantinopla sobre o respeito das&#8230;\" \/>\n<meta property=\"og:url\" content=\"https:\/\/news.ecclesia.org.br\/?p=9509\" \/>\n<meta property=\"og:site_name\" content=\"ECCLESIA NEWS\" \/>\n<meta property=\"article:publisher\" content=\"https:\/\/www.facebook.com\/Ecclesia2025\" \/>\n<meta property=\"article:published_time\" content=\"2012-10-10T01:47:14+00:00\" \/>\n<meta property=\"article:modified_time\" content=\"2016-03-20T18:34:24+00:00\" \/>\n<meta property=\"og:image\" content=\"https:\/\/news.ecclesia.org.br\/wp-content\/uploads\/2012\/10\/patriarca-bartolomeu.jpg\" \/>\n\t<meta property=\"og:image:width\" content=\"440\" \/>\n\t<meta property=\"og:image:height\" content=\"330\" \/>\n\t<meta property=\"og:image:type\" content=\"image\/jpeg\" \/>\n<meta name=\"author\" content=\"Pe. Andr\u00e9\" \/>\n<meta name=\"twitter:card\" content=\"summary_large_image\" \/>\n<meta name=\"twitter:creator\" content=\"@EcclesiaNews\" \/>\n<meta name=\"twitter:site\" content=\"@EcclesiaNews\" \/>\n<meta name=\"twitter:label1\" content=\"Escrito por\" \/>\n\t<meta name=\"twitter:data1\" content=\"Pe. Andr\u00e9\" \/>\n\t<meta name=\"twitter:label2\" content=\"Est. tempo de leitura\" \/>\n\t<meta name=\"twitter:data2\" content=\"3 minutos\" \/>\n<script type=\"application\/ld+json\" class=\"yoast-schema-graph\">{\"@context\":\"https:\\\/\\\/schema.org\",\"@graph\":[{\"@type\":\"Article\",\"@id\":\"https:\\\/\\\/news.ecclesia.org.br\\\/?p=9509#article\",\"isPartOf\":{\"@id\":\"https:\\\/\\\/news.ecclesia.org.br\\\/?p=9509\"},\"author\":{\"name\":\"Pe. Andr\u00e9\",\"@id\":\"https:\\\/\\\/news.ecclesia.org.br\\\/#\\\/schema\\\/person\\\/6f09597f025829745ba414a569f63758\"},\"headline\":\"APELO DE BARTOLOMEU I PELA PAZ\",\"datePublished\":\"2012-10-10T01:47:14+00:00\",\"dateModified\":\"2016-03-20T18:34:24+00:00\",\"mainEntityOfPage\":{\"@id\":\"https:\\\/\\\/news.ecclesia.org.br\\\/?p=9509\"},\"wordCount\":671,\"commentCount\":0,\"publisher\":{\"@id\":\"https:\\\/\\\/news.ecclesia.org.br\\\/#organization\"},\"image\":{\"@id\":\"https:\\\/\\\/news.ecclesia.org.br\\\/?p=9509#primaryimage\"},\"thumbnailUrl\":\"https:\\\/\\\/news.ecclesia.org.br\\\/wp-content\\\/uploads\\\/2012\\\/10\\\/patriarca-bartolomeu.jpg\",\"articleSection\":[\"Mundo Ortodoxo\",\"Patriarcado Ecum\u00eanico\"],\"inLanguage\":\"pt-BR\",\"potentialAction\":[{\"@type\":\"CommentAction\",\"name\":\"Comment\",\"target\":[\"https:\\\/\\\/news.ecclesia.org.br\\\/?p=9509#respond\"]}]},{\"@type\":\"WebPage\",\"@id\":\"https:\\\/\\\/news.ecclesia.org.br\\\/?p=9509\",\"url\":\"https:\\\/\\\/news.ecclesia.org.br\\\/?p=9509\",\"name\":\"APELO DE BARTOLOMEU I PELA PAZ | ECCLESIA NEWS\",\"isPartOf\":{\"@id\":\"https:\\\/\\\/news.ecclesia.org.br\\\/#website\"},\"primaryImageOfPage\":{\"@id\":\"https:\\\/\\\/news.ecclesia.org.br\\\/?p=9509#primaryimage\"},\"image\":{\"@id\":\"https:\\\/\\\/news.ecclesia.org.br\\\/?p=9509#primaryimage\"},\"thumbnailUrl\":\"https:\\\/\\\/news.ecclesia.org.br\\\/wp-content\\\/uploads\\\/2012\\\/10\\\/patriarca-bartolomeu.jpg\",\"datePublished\":\"2012-10-10T01:47:14+00:00\",\"dateModified\":\"2016-03-20T18:34:24+00:00\",\"breadcrumb\":{\"@id\":\"https:\\\/\\\/news.ecclesia.org.br\\\/?p=9509#breadcrumb\"},\"inLanguage\":\"pt-BR\",\"potentialAction\":[{\"@type\":\"ReadAction\",\"target\":[\"https:\\\/\\\/news.ecclesia.org.br\\\/?p=9509\"]}]},{\"@type\":\"ImageObject\",\"inLanguage\":\"pt-BR\",\"@id\":\"https:\\\/\\\/news.ecclesia.org.br\\\/?p=9509#primaryimage\",\"url\":\"https:\\\/\\\/news.ecclesia.org.br\\\/wp-content\\\/uploads\\\/2012\\\/10\\\/patriarca-bartolomeu.jpg\",\"contentUrl\":\"https:\\\/\\\/news.ecclesia.org.br\\\/wp-content\\\/uploads\\\/2012\\\/10\\\/patriarca-bartolomeu.jpg\",\"width\":440,\"height\":330},{\"@type\":\"BreadcrumbList\",\"@id\":\"https:\\\/\\\/news.ecclesia.org.br\\\/?p=9509#breadcrumb\",\"itemListElement\":[{\"@type\":\"ListItem\",\"position\":1,\"name\":\"In\u00edcio\",\"item\":\"https:\\\/\\\/news.ecclesia.org.br\\\/\"},{\"@type\":\"ListItem\",\"position\":2,\"name\":\"APELO DE BARTOLOMEU I PELA PAZ\"}]},{\"@type\":\"WebSite\",\"@id\":\"https:\\\/\\\/news.ecclesia.org.br\\\/#website\",\"url\":\"https:\\\/\\\/news.ecclesia.org.br\\\/\",\"name\":\"Ecclesia Brasil\",\"description\":\"Desde 2003 onectando o Brasil ao mundo ortodoxo!\",\"publisher\":{\"@id\":\"https:\\\/\\\/news.ecclesia.org.br\\\/#organization\"},\"alternateName\":\"Ecclesia\",\"potentialAction\":[{\"@type\":\"SearchAction\",\"target\":{\"@type\":\"EntryPoint\",\"urlTemplate\":\"https:\\\/\\\/news.ecclesia.org.br\\\/?s={search_term_string}\"},\"query-input\":{\"@type\":\"PropertyValueSpecification\",\"valueRequired\":true,\"valueName\":\"search_term_string\"}}],\"inLanguage\":\"pt-BR\"},{\"@type\":\"Organization\",\"@id\":\"https:\\\/\\\/news.ecclesia.org.br\\\/#organization\",\"name\":\"Sacra Arquidiocese de Buenos Aires e Am\u00e9rica do Sul | Patriarcado Ecum\u00eanico\",\"alternateName\":\"News Ecclesia Brasil\",\"url\":\"https:\\\/\\\/news.ecclesia.org.br\\\/\",\"logo\":{\"@type\":\"ImageObject\",\"inLanguage\":\"pt-BR\",\"@id\":\"https:\\\/\\\/news.ecclesia.org.br\\\/#\\\/schema\\\/logo\\\/image\\\/\",\"url\":\"https:\\\/\\\/news.ecclesia.org.br\\\/wp-content\\\/uploads\\\/2025\\\/05\\\/ecclesia2.png\",\"contentUrl\":\"https:\\\/\\\/news.ecclesia.org.br\\\/wp-content\\\/uploads\\\/2025\\\/05\\\/ecclesia2.png\",\"width\":480,\"height\":120,\"caption\":\"Sacra Arquidiocese de Buenos Aires e Am\u00e9rica do Sul | Patriarcado Ecum\u00eanico\"},\"image\":{\"@id\":\"https:\\\/\\\/news.ecclesia.org.br\\\/#\\\/schema\\\/logo\\\/image\\\/\"},\"sameAs\":[\"https:\\\/\\\/www.facebook.com\\\/Ecclesia2025\",\"https:\\\/\\\/x.com\\\/EcclesiaNews\",\"https:\\\/\\\/br.pinterest.com\\\/ekklisia\\\/\",\"https:\\\/\\\/www.youtube.com\\\/@EcclesiaBrasil\"]},{\"@type\":\"Person\",\"@id\":\"https:\\\/\\\/news.ecclesia.org.br\\\/#\\\/schema\\\/person\\\/6f09597f025829745ba414a569f63758\",\"name\":\"Pe. Andr\u00e9\",\"image\":{\"@type\":\"ImageObject\",\"inLanguage\":\"pt-BR\",\"@id\":\"https:\\\/\\\/secure.gravatar.com\\\/avatar\\\/b4327cfa27e9799da239a26adcd534fc29cdc0c4a4a148eecbcfeb9b42c617ac?s=96&d=mm&r=g\",\"url\":\"https:\\\/\\\/secure.gravatar.com\\\/avatar\\\/b4327cfa27e9799da239a26adcd534fc29cdc0c4a4a148eecbcfeb9b42c617ac?s=96&d=mm&r=g\",\"contentUrl\":\"https:\\\/\\\/secure.gravatar.com\\\/avatar\\\/b4327cfa27e9799da239a26adcd534fc29cdc0c4a4a148eecbcfeb9b42c617ac?s=96&d=mm&r=g\",\"caption\":\"Pe. Andr\u00e9\"},\"sameAs\":[\"https:\\\/\\\/www.ecclesia.org.br\"]}]}<\/script>\n<!-- \/ Yoast SEO plugin. -->","yoast_head_json":{"title":"APELO DE BARTOLOMEU I PELA PAZ | ECCLESIA NEWS","robots":{"index":"index","follow":"follow","max-snippet":"max-snippet:-1","max-image-preview":"max-image-preview:large","max-video-preview":"max-video-preview:-1"},"canonical":"https:\/\/news.ecclesia.org.br\/?p=9509","og_locale":"pt_BR","og_type":"article","og_title":"APELO DE BARTOLOMEU I PELA PAZ | ECCLESIA NEWS","og_description":"Patriarca Ecum\u00eanico, que participar\u00e1 do S\u00ednodo, apela por respeito \u00e0s diferen\u00e7as religiosas e pelo fim da viol\u00eancia ROMA, sexta-feira, 5 de outubro de 2012 (ZENIT.org) \u2013 Reproduzimos a seguir a declara\u00e7\u00e3o do Patriarcado Ecum\u00eanico de Constantinopla sobre o respeito das&#8230;","og_url":"https:\/\/news.ecclesia.org.br\/?p=9509","og_site_name":"ECCLESIA NEWS","article_publisher":"https:\/\/www.facebook.com\/Ecclesia2025","article_published_time":"2012-10-10T01:47:14+00:00","article_modified_time":"2016-03-20T18:34:24+00:00","og_image":[{"width":440,"height":330,"url":"https:\/\/news.ecclesia.org.br\/wp-content\/uploads\/2012\/10\/patriarca-bartolomeu.jpg","type":"image\/jpeg"}],"author":"Pe. Andr\u00e9","twitter_card":"summary_large_image","twitter_creator":"@EcclesiaNews","twitter_site":"@EcclesiaNews","twitter_misc":{"Escrito por":"Pe. Andr\u00e9","Est. tempo de leitura":"3 minutos"},"schema":{"@context":"https:\/\/schema.org","@graph":[{"@type":"Article","@id":"https:\/\/news.ecclesia.org.br\/?p=9509#article","isPartOf":{"@id":"https:\/\/news.ecclesia.org.br\/?p=9509"},"author":{"name":"Pe. Andr\u00e9","@id":"https:\/\/news.ecclesia.org.br\/#\/schema\/person\/6f09597f025829745ba414a569f63758"},"headline":"APELO DE BARTOLOMEU I PELA PAZ","datePublished":"2012-10-10T01:47:14+00:00","dateModified":"2016-03-20T18:34:24+00:00","mainEntityOfPage":{"@id":"https:\/\/news.ecclesia.org.br\/?p=9509"},"wordCount":671,"commentCount":0,"publisher":{"@id":"https:\/\/news.ecclesia.org.br\/#organization"},"image":{"@id":"https:\/\/news.ecclesia.org.br\/?p=9509#primaryimage"},"thumbnailUrl":"https:\/\/news.ecclesia.org.br\/wp-content\/uploads\/2012\/10\/patriarca-bartolomeu.jpg","articleSection":["Mundo Ortodoxo","Patriarcado Ecum\u00eanico"],"inLanguage":"pt-BR","potentialAction":[{"@type":"CommentAction","name":"Comment","target":["https:\/\/news.ecclesia.org.br\/?p=9509#respond"]}]},{"@type":"WebPage","@id":"https:\/\/news.ecclesia.org.br\/?p=9509","url":"https:\/\/news.ecclesia.org.br\/?p=9509","name":"APELO DE BARTOLOMEU I PELA PAZ | ECCLESIA NEWS","isPartOf":{"@id":"https:\/\/news.ecclesia.org.br\/#website"},"primaryImageOfPage":{"@id":"https:\/\/news.ecclesia.org.br\/?p=9509#primaryimage"},"image":{"@id":"https:\/\/news.ecclesia.org.br\/?p=9509#primaryimage"},"thumbnailUrl":"https:\/\/news.ecclesia.org.br\/wp-content\/uploads\/2012\/10\/patriarca-bartolomeu.jpg","datePublished":"2012-10-10T01:47:14+00:00","dateModified":"2016-03-20T18:34:24+00:00","breadcrumb":{"@id":"https:\/\/news.ecclesia.org.br\/?p=9509#breadcrumb"},"inLanguage":"pt-BR","potentialAction":[{"@type":"ReadAction","target":["https:\/\/news.ecclesia.org.br\/?p=9509"]}]},{"@type":"ImageObject","inLanguage":"pt-BR","@id":"https:\/\/news.ecclesia.org.br\/?p=9509#primaryimage","url":"https:\/\/news.ecclesia.org.br\/wp-content\/uploads\/2012\/10\/patriarca-bartolomeu.jpg","contentUrl":"https:\/\/news.ecclesia.org.br\/wp-content\/uploads\/2012\/10\/patriarca-bartolomeu.jpg","width":440,"height":330},{"@type":"BreadcrumbList","@id":"https:\/\/news.ecclesia.org.br\/?p=9509#breadcrumb","itemListElement":[{"@type":"ListItem","position":1,"name":"In\u00edcio","item":"https:\/\/news.ecclesia.org.br\/"},{"@type":"ListItem","position":2,"name":"APELO DE BARTOLOMEU I PELA PAZ"}]},{"@type":"WebSite","@id":"https:\/\/news.ecclesia.org.br\/#website","url":"https:\/\/news.ecclesia.org.br\/","name":"Ecclesia Brasil","description":"Desde 2003 onectando o Brasil ao mundo ortodoxo!","publisher":{"@id":"https:\/\/news.ecclesia.org.br\/#organization"},"alternateName":"Ecclesia","potentialAction":[{"@type":"SearchAction","target":{"@type":"EntryPoint","urlTemplate":"https:\/\/news.ecclesia.org.br\/?s={search_term_string}"},"query-input":{"@type":"PropertyValueSpecification","valueRequired":true,"valueName":"search_term_string"}}],"inLanguage":"pt-BR"},{"@type":"Organization","@id":"https:\/\/news.ecclesia.org.br\/#organization","name":"Sacra Arquidiocese de Buenos Aires e Am\u00e9rica do Sul | Patriarcado Ecum\u00eanico","alternateName":"News Ecclesia Brasil","url":"https:\/\/news.ecclesia.org.br\/","logo":{"@type":"ImageObject","inLanguage":"pt-BR","@id":"https:\/\/news.ecclesia.org.br\/#\/schema\/logo\/image\/","url":"https:\/\/news.ecclesia.org.br\/wp-content\/uploads\/2025\/05\/ecclesia2.png","contentUrl":"https:\/\/news.ecclesia.org.br\/wp-content\/uploads\/2025\/05\/ecclesia2.png","width":480,"height":120,"caption":"Sacra Arquidiocese de Buenos Aires e Am\u00e9rica do Sul | Patriarcado Ecum\u00eanico"},"image":{"@id":"https:\/\/news.ecclesia.org.br\/#\/schema\/logo\/image\/"},"sameAs":["https:\/\/www.facebook.com\/Ecclesia2025","https:\/\/x.com\/EcclesiaNews","https:\/\/br.pinterest.com\/ekklisia\/","https:\/\/www.youtube.com\/@EcclesiaBrasil"]},{"@type":"Person","@id":"https:\/\/news.ecclesia.org.br\/#\/schema\/person\/6f09597f025829745ba414a569f63758","name":"Pe. Andr\u00e9","image":{"@type":"ImageObject","inLanguage":"pt-BR","@id":"https:\/\/secure.gravatar.com\/avatar\/b4327cfa27e9799da239a26adcd534fc29cdc0c4a4a148eecbcfeb9b42c617ac?s=96&d=mm&r=g","url":"https:\/\/secure.gravatar.com\/avatar\/b4327cfa27e9799da239a26adcd534fc29cdc0c4a4a148eecbcfeb9b42c617ac?s=96&d=mm&r=g","contentUrl":"https:\/\/secure.gravatar.com\/avatar\/b4327cfa27e9799da239a26adcd534fc29cdc0c4a4a148eecbcfeb9b42c617ac?s=96&d=mm&r=g","caption":"Pe. Andr\u00e9"},"sameAs":["https:\/\/www.ecclesia.org.br"]}]}},"_links":{"self":[{"href":"https:\/\/news.ecclesia.org.br\/index.php?rest_route=\/wp\/v2\/posts\/9509","targetHints":{"allow":["GET"]}}],"collection":[{"href":"https:\/\/news.ecclesia.org.br\/index.php?rest_route=\/wp\/v2\/posts"}],"about":[{"href":"https:\/\/news.ecclesia.org.br\/index.php?rest_route=\/wp\/v2\/types\/post"}],"author":[{"embeddable":true,"href":"https:\/\/news.ecclesia.org.br\/index.php?rest_route=\/wp\/v2\/users\/1"}],"replies":[{"embeddable":true,"href":"https:\/\/news.ecclesia.org.br\/index.php?rest_route=%2Fwp%2Fv2%2Fcomments&post=9509"}],"version-history":[{"count":0,"href":"https:\/\/news.ecclesia.org.br\/index.php?rest_route=\/wp\/v2\/posts\/9509\/revisions"}],"wp:featuredmedia":[{"embeddable":true,"href":"https:\/\/news.ecclesia.org.br\/index.php?rest_route=\/wp\/v2\/media\/9511"}],"wp:attachment":[{"href":"https:\/\/news.ecclesia.org.br\/index.php?rest_route=%2Fwp%2Fv2%2Fmedia&parent=9509"}],"wp:term":[{"taxonomy":"category","embeddable":true,"href":"https:\/\/news.ecclesia.org.br\/index.php?rest_route=%2Fwp%2Fv2%2Fcategories&post=9509"},{"taxonomy":"post_tag","embeddable":true,"href":"https:\/\/news.ecclesia.org.br\/index.php?rest_route=%2Fwp%2Fv2%2Ftags&post=9509"}],"curies":[{"name":"wp","href":"https:\/\/api.w.org\/{rel}","templated":true}]}}