{"id":9501,"date":"2012-10-03T22:44:26","date_gmt":"2012-10-04T01:44:26","guid":{"rendered":"http:\/\/ecclesia.com.br\/news\/2012\/?p=9501"},"modified":"2016-03-20T17:59:13","modified_gmt":"2016-03-20T17:59:13","slug":"apelo-do-patriarca-bartolomeu-i-pelo-silencio-das-armas-no-mundo","status":"publish","type":"post","link":"https:\/\/news.ecclesia.org.br\/?p=9501","title":{"rendered":"APELO DO PATRIARCA BARTOLOMEU I PELO SIL\u00caNCIO DAS ARMAS NO MUNDO"},"content":{"rendered":"<p style=\"text-align: justify;\">Constantinopla \/ Istambul (RV) &#8211;\u00a0O Patriarca Ecum\u00eanico de Constantinopla, Bartolomeu I, fez um apelo em prol do sil\u00eancio das armas no mundo.\u00a0&#8220;O respeito das diferen\u00e7as religiosas e o cessar da viol\u00eancia&#8221; \u2013 foi o pedido feito por Bartolomeu I num comunicado publicado, nesta quarta-feira, pela ag\u00eancia de not\u00edcias SIR.<\/p>\n<p style=\"text-align: justify;\">\u00a0Ressalta o Patriarca que<\/p>\n<blockquote><p><a href=\"https:\/\/news.ecclesia.org.br\/2013\/wp-content\/uploads\/2009\/06\/patriarca-ecumenico.jpg\" rel=\"attachment wp-att-14370\"><img decoding=\"async\" class=\"alignleft size-full wp-image-14370\" src=\"https:\/\/news.ecclesia.org.br\/2013\/wp-content\/uploads\/2009\/06\/patriarca-ecumenico.jpg\" alt=\"patriarca-ecumenico\" width=\"200\" height=\"191\" srcset=\"https:\/\/news.ecclesia.org.br\/wp-content\/uploads\/2009\/06\/patriarca-ecumenico.jpg 200w, https:\/\/news.ecclesia.org.br\/wp-content\/uploads\/2009\/06\/patriarca-ecumenico-58x55.jpg 58w\" sizes=\"(max-width: 200px) 100vw, 200px\" \/><\/a><\/p>\n<p style=\"text-align: justify;\">&#8220;A humanidade entrou num per\u00edodo de confus\u00e3o e instabilidade caracterizado por uma exalta\u00e7\u00e3o religiosa, cujo resultado \u00e9 a manifesta\u00e7\u00e3o de viol\u00eancia e a perda do respeito pelas diferen\u00e7as religiosas. Quando agimos de maneira imprudente e violenta em nome de nossos preconceitos religiosos colocamos em risco a nossa vida e a f\u00e9, criando um clima de \u00f3dio e desconfian\u00e7a que destr\u00f3i os la\u00e7os de coes\u00e3o que caracterizaram a humanidade desde a cria\u00e7\u00e3o do mundo&#8221;<\/p>\n<\/blockquote>\n<p style=\"text-align: justify;\">Bartolomeu I pede &#8220;a assun\u00e7\u00e3o de compromissos em favor da manuten\u00e7\u00e3o da paz e do respeito de toda a humanidade&#8221;. E, concluindo, disse:<\/p>\n<blockquote>\n<p style=\"text-align: justify;\">&#8220;N\u00e3o serve a ningu\u00e9m discursos cheios de intoler\u00e2ncia, acusa\u00e7\u00f5es infundadas e a impossibilidade de compreens\u00e3o das diferen\u00e7as culturais. Independentemente do caminho que cada um escolheu seguir, estamos ligados uns aos outros. Devemos reconhecer a beleza, o valor de cada pessoa e parar de destruir a nossa beleza coletiva&#8221;<\/p>\n<\/blockquote>\n<p style=\"text-align: right;\">(MJ)<\/p>\n","protected":false},"excerpt":{"rendered":"<p>Constantinopla \/ Istambul (RV) &#8211;\u00a0O Patriarca Ecum\u00eanico de Constantinopla, Bartolomeu I, fez um apelo em prol do sil\u00eancio das armas no mundo.\u00a0&#8220;O respeito das diferen\u00e7as religiosas e o cessar da viol\u00eancia&#8221; \u2013 foi o pedido feito por Bartolomeu I num&#8230;<\/p>\n","protected":false},"author":1,"featured_media":14370,"comment_status":"open","ping_status":"open","sticky":false,"template":"","format":"standard","meta":{"_acf_changed":false,"footnotes":""},"categories":[3,72],"tags":[],"class_list":["post-9501","post","type-post","status-publish","format-standard","has-post-thumbnail","hentry","category-mundo","category-patriarcado-ecumenico","entry","rows-excerpt"],"acf":[],"yoast_head":"<!-- This site is optimized with the Yoast SEO plugin v27.4 - https:\/\/yoast.com\/product\/yoast-seo-wordpress\/ -->\n<title>APELO DO PATRIARCA BARTOLOMEU I PELO SIL\u00caNCIO DAS ARMAS NO MUNDO | ECCLESIA NEWS<\/title>\n<meta name=\"robots\" content=\"index, follow, max-snippet:-1, max-image-preview:large, max-video-preview:-1\" \/>\n<link rel=\"canonical\" href=\"https:\/\/news.ecclesia.org.br\/?p=9501\" \/>\n<meta property=\"og:locale\" content=\"pt_BR\" \/>\n<meta property=\"og:type\" content=\"article\" \/>\n<meta property=\"og:title\" content=\"APELO DO PATRIARCA BARTOLOMEU I PELO SIL\u00caNCIO DAS ARMAS NO MUNDO | ECCLESIA NEWS\" \/>\n<meta property=\"og:description\" content=\"Constantinopla \/ Istambul (RV) &#8211;\u00a0O Patriarca Ecum\u00eanico de Constantinopla, Bartolomeu I, fez um apelo em prol do sil\u00eancio das armas no mundo.\u00a0&#8220;O respeito das diferen\u00e7as religiosas e o cessar da viol\u00eancia&#8221; \u2013 foi o pedido feito por Bartolomeu I num&#8230;\" \/>\n<meta property=\"og:url\" content=\"https:\/\/news.ecclesia.org.br\/?p=9501\" \/>\n<meta property=\"og:site_name\" content=\"ECCLESIA NEWS\" \/>\n<meta property=\"article:publisher\" content=\"https:\/\/www.facebook.com\/Ecclesia2025\" \/>\n<meta property=\"article:published_time\" content=\"2012-10-04T01:44:26+00:00\" \/>\n<meta property=\"article:modified_time\" content=\"2016-03-20T17:59:13+00:00\" \/>\n<meta property=\"og:image\" content=\"https:\/\/news.ecclesia.org.br\/wp-content\/uploads\/2009\/06\/patriarca-ecumenico.jpg\" \/>\n\t<meta property=\"og:image:width\" content=\"200\" \/>\n\t<meta property=\"og:image:height\" content=\"191\" \/>\n\t<meta property=\"og:image:type\" content=\"image\/jpeg\" \/>\n<meta name=\"author\" content=\"Pe. Andr\u00e9\" \/>\n<meta name=\"twitter:card\" content=\"summary_large_image\" \/>\n<meta name=\"twitter:creator\" content=\"@EcclesiaNews\" \/>\n<meta name=\"twitter:site\" content=\"@EcclesiaNews\" \/>\n<meta name=\"twitter:label1\" content=\"Escrito por\" \/>\n\t<meta name=\"twitter:data1\" content=\"Pe. Andr\u00e9\" \/>\n\t<meta name=\"twitter:label2\" content=\"Est. tempo de leitura\" \/>\n\t<meta name=\"twitter:data2\" content=\"1 minuto\" \/>\n<script type=\"application\/ld+json\" class=\"yoast-schema-graph\">{\"@context\":\"https:\\\/\\\/schema.org\",\"@graph\":[{\"@type\":\"Article\",\"@id\":\"https:\\\/\\\/news.ecclesia.org.br\\\/?p=9501#article\",\"isPartOf\":{\"@id\":\"https:\\\/\\\/news.ecclesia.org.br\\\/?p=9501\"},\"author\":{\"name\":\"Pe. Andr\u00e9\",\"@id\":\"https:\\\/\\\/news.ecclesia.org.br\\\/#\\\/schema\\\/person\\\/6f09597f025829745ba414a569f63758\"},\"headline\":\"APELO DO PATRIARCA BARTOLOMEU I PELO SIL\u00caNCIO DAS ARMAS NO MUNDO\",\"datePublished\":\"2012-10-04T01:44:26+00:00\",\"dateModified\":\"2016-03-20T17:59:13+00:00\",\"mainEntityOfPage\":{\"@id\":\"https:\\\/\\\/news.ecclesia.org.br\\\/?p=9501\"},\"wordCount\":234,\"commentCount\":0,\"publisher\":{\"@id\":\"https:\\\/\\\/news.ecclesia.org.br\\\/#organization\"},\"image\":{\"@id\":\"https:\\\/\\\/news.ecclesia.org.br\\\/?p=9501#primaryimage\"},\"thumbnailUrl\":\"https:\\\/\\\/news.ecclesia.org.br\\\/wp-content\\\/uploads\\\/2009\\\/06\\\/patriarca-ecumenico.jpg\",\"articleSection\":[\"Mundo Ortodoxo\",\"Patriarcado Ecum\u00eanico\"],\"inLanguage\":\"pt-BR\",\"potentialAction\":[{\"@type\":\"CommentAction\",\"name\":\"Comment\",\"target\":[\"https:\\\/\\\/news.ecclesia.org.br\\\/?p=9501#respond\"]}]},{\"@type\":\"WebPage\",\"@id\":\"https:\\\/\\\/news.ecclesia.org.br\\\/?p=9501\",\"url\":\"https:\\\/\\\/news.ecclesia.org.br\\\/?p=9501\",\"name\":\"APELO DO PATRIARCA BARTOLOMEU I PELO SIL\u00caNCIO DAS ARMAS NO MUNDO | ECCLESIA NEWS\",\"isPartOf\":{\"@id\":\"https:\\\/\\\/news.ecclesia.org.br\\\/#website\"},\"primaryImageOfPage\":{\"@id\":\"https:\\\/\\\/news.ecclesia.org.br\\\/?p=9501#primaryimage\"},\"image\":{\"@id\":\"https:\\\/\\\/news.ecclesia.org.br\\\/?p=9501#primaryimage\"},\"thumbnailUrl\":\"https:\\\/\\\/news.ecclesia.org.br\\\/wp-content\\\/uploads\\\/2009\\\/06\\\/patriarca-ecumenico.jpg\",\"datePublished\":\"2012-10-04T01:44:26+00:00\",\"dateModified\":\"2016-03-20T17:59:13+00:00\",\"breadcrumb\":{\"@id\":\"https:\\\/\\\/news.ecclesia.org.br\\\/?p=9501#breadcrumb\"},\"inLanguage\":\"pt-BR\",\"potentialAction\":[{\"@type\":\"ReadAction\",\"target\":[\"https:\\\/\\\/news.ecclesia.org.br\\\/?p=9501\"]}]},{\"@type\":\"ImageObject\",\"inLanguage\":\"pt-BR\",\"@id\":\"https:\\\/\\\/news.ecclesia.org.br\\\/?p=9501#primaryimage\",\"url\":\"https:\\\/\\\/news.ecclesia.org.br\\\/wp-content\\\/uploads\\\/2009\\\/06\\\/patriarca-ecumenico.jpg\",\"contentUrl\":\"https:\\\/\\\/news.ecclesia.org.br\\\/wp-content\\\/uploads\\\/2009\\\/06\\\/patriarca-ecumenico.jpg\",\"width\":200,\"height\":191},{\"@type\":\"BreadcrumbList\",\"@id\":\"https:\\\/\\\/news.ecclesia.org.br\\\/?p=9501#breadcrumb\",\"itemListElement\":[{\"@type\":\"ListItem\",\"position\":1,\"name\":\"In\u00edcio\",\"item\":\"https:\\\/\\\/news.ecclesia.org.br\\\/\"},{\"@type\":\"ListItem\",\"position\":2,\"name\":\"APELO DO PATRIARCA BARTOLOMEU I PELO SIL\u00caNCIO DAS ARMAS NO MUNDO\"}]},{\"@type\":\"WebSite\",\"@id\":\"https:\\\/\\\/news.ecclesia.org.br\\\/#website\",\"url\":\"https:\\\/\\\/news.ecclesia.org.br\\\/\",\"name\":\"Ecclesia Brasil\",\"description\":\"Desde 2003 onectando o Brasil ao mundo ortodoxo!\",\"publisher\":{\"@id\":\"https:\\\/\\\/news.ecclesia.org.br\\\/#organization\"},\"alternateName\":\"Ecclesia\",\"potentialAction\":[{\"@type\":\"SearchAction\",\"target\":{\"@type\":\"EntryPoint\",\"urlTemplate\":\"https:\\\/\\\/news.ecclesia.org.br\\\/?s={search_term_string}\"},\"query-input\":{\"@type\":\"PropertyValueSpecification\",\"valueRequired\":true,\"valueName\":\"search_term_string\"}}],\"inLanguage\":\"pt-BR\"},{\"@type\":\"Organization\",\"@id\":\"https:\\\/\\\/news.ecclesia.org.br\\\/#organization\",\"name\":\"Sacra Arquidiocese de Buenos Aires e Am\u00e9rica do Sul | Patriarcado Ecum\u00eanico\",\"alternateName\":\"News Ecclesia Brasil\",\"url\":\"https:\\\/\\\/news.ecclesia.org.br\\\/\",\"logo\":{\"@type\":\"ImageObject\",\"inLanguage\":\"pt-BR\",\"@id\":\"https:\\\/\\\/news.ecclesia.org.br\\\/#\\\/schema\\\/logo\\\/image\\\/\",\"url\":\"https:\\\/\\\/news.ecclesia.org.br\\\/wp-content\\\/uploads\\\/2025\\\/05\\\/ecclesia2.png\",\"contentUrl\":\"https:\\\/\\\/news.ecclesia.org.br\\\/wp-content\\\/uploads\\\/2025\\\/05\\\/ecclesia2.png\",\"width\":480,\"height\":120,\"caption\":\"Sacra Arquidiocese de Buenos Aires e Am\u00e9rica do Sul | Patriarcado Ecum\u00eanico\"},\"image\":{\"@id\":\"https:\\\/\\\/news.ecclesia.org.br\\\/#\\\/schema\\\/logo\\\/image\\\/\"},\"sameAs\":[\"https:\\\/\\\/www.facebook.com\\\/Ecclesia2025\",\"https:\\\/\\\/x.com\\\/EcclesiaNews\",\"https:\\\/\\\/br.pinterest.com\\\/ekklisia\\\/\",\"https:\\\/\\\/www.youtube.com\\\/@EcclesiaBrasil\"]},{\"@type\":\"Person\",\"@id\":\"https:\\\/\\\/news.ecclesia.org.br\\\/#\\\/schema\\\/person\\\/6f09597f025829745ba414a569f63758\",\"name\":\"Pe. Andr\u00e9\",\"image\":{\"@type\":\"ImageObject\",\"inLanguage\":\"pt-BR\",\"@id\":\"https:\\\/\\\/secure.gravatar.com\\\/avatar\\\/b4327cfa27e9799da239a26adcd534fc29cdc0c4a4a148eecbcfeb9b42c617ac?s=96&d=mm&r=g\",\"url\":\"https:\\\/\\\/secure.gravatar.com\\\/avatar\\\/b4327cfa27e9799da239a26adcd534fc29cdc0c4a4a148eecbcfeb9b42c617ac?s=96&d=mm&r=g\",\"contentUrl\":\"https:\\\/\\\/secure.gravatar.com\\\/avatar\\\/b4327cfa27e9799da239a26adcd534fc29cdc0c4a4a148eecbcfeb9b42c617ac?s=96&d=mm&r=g\",\"caption\":\"Pe. Andr\u00e9\"},\"sameAs\":[\"https:\\\/\\\/www.ecclesia.org.br\"]}]}<\/script>\n<!-- \/ Yoast SEO plugin. -->","yoast_head_json":{"title":"APELO DO PATRIARCA BARTOLOMEU I PELO SIL\u00caNCIO DAS ARMAS NO MUNDO | ECCLESIA NEWS","robots":{"index":"index","follow":"follow","max-snippet":"max-snippet:-1","max-image-preview":"max-image-preview:large","max-video-preview":"max-video-preview:-1"},"canonical":"https:\/\/news.ecclesia.org.br\/?p=9501","og_locale":"pt_BR","og_type":"article","og_title":"APELO DO PATRIARCA BARTOLOMEU I PELO SIL\u00caNCIO DAS ARMAS NO MUNDO | ECCLESIA NEWS","og_description":"Constantinopla \/ Istambul (RV) &#8211;\u00a0O Patriarca Ecum\u00eanico de Constantinopla, Bartolomeu I, fez um apelo em prol do sil\u00eancio das armas no mundo.\u00a0&#8220;O respeito das diferen\u00e7as religiosas e o cessar da viol\u00eancia&#8221; \u2013 foi o pedido feito por Bartolomeu I num&#8230;","og_url":"https:\/\/news.ecclesia.org.br\/?p=9501","og_site_name":"ECCLESIA NEWS","article_publisher":"https:\/\/www.facebook.com\/Ecclesia2025","article_published_time":"2012-10-04T01:44:26+00:00","article_modified_time":"2016-03-20T17:59:13+00:00","og_image":[{"width":200,"height":191,"url":"https:\/\/news.ecclesia.org.br\/wp-content\/uploads\/2009\/06\/patriarca-ecumenico.jpg","type":"image\/jpeg"}],"author":"Pe. Andr\u00e9","twitter_card":"summary_large_image","twitter_creator":"@EcclesiaNews","twitter_site":"@EcclesiaNews","twitter_misc":{"Escrito por":"Pe. Andr\u00e9","Est. tempo de leitura":"1 minuto"},"schema":{"@context":"https:\/\/schema.org","@graph":[{"@type":"Article","@id":"https:\/\/news.ecclesia.org.br\/?p=9501#article","isPartOf":{"@id":"https:\/\/news.ecclesia.org.br\/?p=9501"},"author":{"name":"Pe. Andr\u00e9","@id":"https:\/\/news.ecclesia.org.br\/#\/schema\/person\/6f09597f025829745ba414a569f63758"},"headline":"APELO DO PATRIARCA BARTOLOMEU I PELO SIL\u00caNCIO DAS ARMAS NO MUNDO","datePublished":"2012-10-04T01:44:26+00:00","dateModified":"2016-03-20T17:59:13+00:00","mainEntityOfPage":{"@id":"https:\/\/news.ecclesia.org.br\/?p=9501"},"wordCount":234,"commentCount":0,"publisher":{"@id":"https:\/\/news.ecclesia.org.br\/#organization"},"image":{"@id":"https:\/\/news.ecclesia.org.br\/?p=9501#primaryimage"},"thumbnailUrl":"https:\/\/news.ecclesia.org.br\/wp-content\/uploads\/2009\/06\/patriarca-ecumenico.jpg","articleSection":["Mundo Ortodoxo","Patriarcado Ecum\u00eanico"],"inLanguage":"pt-BR","potentialAction":[{"@type":"CommentAction","name":"Comment","target":["https:\/\/news.ecclesia.org.br\/?p=9501#respond"]}]},{"@type":"WebPage","@id":"https:\/\/news.ecclesia.org.br\/?p=9501","url":"https:\/\/news.ecclesia.org.br\/?p=9501","name":"APELO DO PATRIARCA BARTOLOMEU I PELO SIL\u00caNCIO DAS ARMAS NO MUNDO | ECCLESIA NEWS","isPartOf":{"@id":"https:\/\/news.ecclesia.org.br\/#website"},"primaryImageOfPage":{"@id":"https:\/\/news.ecclesia.org.br\/?p=9501#primaryimage"},"image":{"@id":"https:\/\/news.ecclesia.org.br\/?p=9501#primaryimage"},"thumbnailUrl":"https:\/\/news.ecclesia.org.br\/wp-content\/uploads\/2009\/06\/patriarca-ecumenico.jpg","datePublished":"2012-10-04T01:44:26+00:00","dateModified":"2016-03-20T17:59:13+00:00","breadcrumb":{"@id":"https:\/\/news.ecclesia.org.br\/?p=9501#breadcrumb"},"inLanguage":"pt-BR","potentialAction":[{"@type":"ReadAction","target":["https:\/\/news.ecclesia.org.br\/?p=9501"]}]},{"@type":"ImageObject","inLanguage":"pt-BR","@id":"https:\/\/news.ecclesia.org.br\/?p=9501#primaryimage","url":"https:\/\/news.ecclesia.org.br\/wp-content\/uploads\/2009\/06\/patriarca-ecumenico.jpg","contentUrl":"https:\/\/news.ecclesia.org.br\/wp-content\/uploads\/2009\/06\/patriarca-ecumenico.jpg","width":200,"height":191},{"@type":"BreadcrumbList","@id":"https:\/\/news.ecclesia.org.br\/?p=9501#breadcrumb","itemListElement":[{"@type":"ListItem","position":1,"name":"In\u00edcio","item":"https:\/\/news.ecclesia.org.br\/"},{"@type":"ListItem","position":2,"name":"APELO DO PATRIARCA BARTOLOMEU I PELO SIL\u00caNCIO DAS ARMAS NO MUNDO"}]},{"@type":"WebSite","@id":"https:\/\/news.ecclesia.org.br\/#website","url":"https:\/\/news.ecclesia.org.br\/","name":"Ecclesia Brasil","description":"Desde 2003 onectando o Brasil ao mundo ortodoxo!","publisher":{"@id":"https:\/\/news.ecclesia.org.br\/#organization"},"alternateName":"Ecclesia","potentialAction":[{"@type":"SearchAction","target":{"@type":"EntryPoint","urlTemplate":"https:\/\/news.ecclesia.org.br\/?s={search_term_string}"},"query-input":{"@type":"PropertyValueSpecification","valueRequired":true,"valueName":"search_term_string"}}],"inLanguage":"pt-BR"},{"@type":"Organization","@id":"https:\/\/news.ecclesia.org.br\/#organization","name":"Sacra Arquidiocese de Buenos Aires e Am\u00e9rica do Sul | Patriarcado Ecum\u00eanico","alternateName":"News Ecclesia Brasil","url":"https:\/\/news.ecclesia.org.br\/","logo":{"@type":"ImageObject","inLanguage":"pt-BR","@id":"https:\/\/news.ecclesia.org.br\/#\/schema\/logo\/image\/","url":"https:\/\/news.ecclesia.org.br\/wp-content\/uploads\/2025\/05\/ecclesia2.png","contentUrl":"https:\/\/news.ecclesia.org.br\/wp-content\/uploads\/2025\/05\/ecclesia2.png","width":480,"height":120,"caption":"Sacra Arquidiocese de Buenos Aires e Am\u00e9rica do Sul | Patriarcado Ecum\u00eanico"},"image":{"@id":"https:\/\/news.ecclesia.org.br\/#\/schema\/logo\/image\/"},"sameAs":["https:\/\/www.facebook.com\/Ecclesia2025","https:\/\/x.com\/EcclesiaNews","https:\/\/br.pinterest.com\/ekklisia\/","https:\/\/www.youtube.com\/@EcclesiaBrasil"]},{"@type":"Person","@id":"https:\/\/news.ecclesia.org.br\/#\/schema\/person\/6f09597f025829745ba414a569f63758","name":"Pe. Andr\u00e9","image":{"@type":"ImageObject","inLanguage":"pt-BR","@id":"https:\/\/secure.gravatar.com\/avatar\/b4327cfa27e9799da239a26adcd534fc29cdc0c4a4a148eecbcfeb9b42c617ac?s=96&d=mm&r=g","url":"https:\/\/secure.gravatar.com\/avatar\/b4327cfa27e9799da239a26adcd534fc29cdc0c4a4a148eecbcfeb9b42c617ac?s=96&d=mm&r=g","contentUrl":"https:\/\/secure.gravatar.com\/avatar\/b4327cfa27e9799da239a26adcd534fc29cdc0c4a4a148eecbcfeb9b42c617ac?s=96&d=mm&r=g","caption":"Pe. Andr\u00e9"},"sameAs":["https:\/\/www.ecclesia.org.br"]}]}},"_links":{"self":[{"href":"https:\/\/news.ecclesia.org.br\/index.php?rest_route=\/wp\/v2\/posts\/9501","targetHints":{"allow":["GET"]}}],"collection":[{"href":"https:\/\/news.ecclesia.org.br\/index.php?rest_route=\/wp\/v2\/posts"}],"about":[{"href":"https:\/\/news.ecclesia.org.br\/index.php?rest_route=\/wp\/v2\/types\/post"}],"author":[{"embeddable":true,"href":"https:\/\/news.ecclesia.org.br\/index.php?rest_route=\/wp\/v2\/users\/1"}],"replies":[{"embeddable":true,"href":"https:\/\/news.ecclesia.org.br\/index.php?rest_route=%2Fwp%2Fv2%2Fcomments&post=9501"}],"version-history":[{"count":0,"href":"https:\/\/news.ecclesia.org.br\/index.php?rest_route=\/wp\/v2\/posts\/9501\/revisions"}],"wp:featuredmedia":[{"embeddable":true,"href":"https:\/\/news.ecclesia.org.br\/index.php?rest_route=\/wp\/v2\/media\/14370"}],"wp:attachment":[{"href":"https:\/\/news.ecclesia.org.br\/index.php?rest_route=%2Fwp%2Fv2%2Fmedia&parent=9501"}],"wp:term":[{"taxonomy":"category","embeddable":true,"href":"https:\/\/news.ecclesia.org.br\/index.php?rest_route=%2Fwp%2Fv2%2Fcategories&post=9501"},{"taxonomy":"post_tag","embeddable":true,"href":"https:\/\/news.ecclesia.org.br\/index.php?rest_route=%2Fwp%2Fv2%2Ftags&post=9501"}],"curies":[{"name":"wp","href":"https:\/\/api.w.org\/{rel}","templated":true}]}}