{"id":9435,"date":"2012-08-23T14:54:45","date_gmt":"2012-08-23T14:54:45","guid":{"rendered":"http:\/\/ecclesia.com.br\/news\/2012\/?p=9435"},"modified":"2016-04-05T22:40:44","modified_gmt":"2016-04-05T22:40:44","slug":"dom-iosif-bosch-e-consagrado-bispo","status":"publish","type":"post","link":"https:\/\/news.ecclesia.org.br\/?p=9435","title":{"rendered":"DOM IOSIF BOSCH \u00c9 CONSAGRADO BISPO"},"content":{"rendered":"<p style=\"text-align: center;\"><div id=\"galleria-9435\"><a href=\"https:\/\/news.ecclesia.org.br\/wp-content\/uploads\/2012\/08\/030.jpg\"><img decoding=\"async\" title=\"030\" alt=\"\" src=\"https:\/\/news.ecclesia.org.br\/wp-content\/uploads\/2012\/08\/030-73x55.jpg\" data-big=\"https:\/\/news.ecclesia.org.br\/wp-content\/uploads\/2012\/08\/030.jpg\"><\/a><a href=\"https:\/\/news.ecclesia.org.br\/wp-content\/uploads\/2012\/08\/031.jpg\"><img decoding=\"async\" title=\"031\" alt=\"\" src=\"https:\/\/news.ecclesia.org.br\/wp-content\/uploads\/2012\/08\/031-73x55.jpg\" data-big=\"https:\/\/news.ecclesia.org.br\/wp-content\/uploads\/2012\/08\/031.jpg\"><\/a><a href=\"https:\/\/news.ecclesia.org.br\/wp-content\/uploads\/2012\/08\/032.jpg\"><img decoding=\"async\" title=\"032\" alt=\"\" src=\"https:\/\/news.ecclesia.org.br\/wp-content\/uploads\/2012\/08\/032-73x55.jpg\" data-big=\"https:\/\/news.ecclesia.org.br\/wp-content\/uploads\/2012\/08\/032.jpg\"><\/a><a href=\"https:\/\/news.ecclesia.org.br\/wp-content\/uploads\/2012\/08\/033.jpg\"><img decoding=\"async\" title=\"033\" alt=\"\" src=\"https:\/\/news.ecclesia.org.br\/wp-content\/uploads\/2012\/08\/033-73x55.jpg\" data-big=\"https:\/\/news.ecclesia.org.br\/wp-content\/uploads\/2012\/08\/033.jpg\"><\/a><a href=\"https:\/\/news.ecclesia.org.br\/wp-content\/uploads\/2012\/08\/034.jpg\"><img decoding=\"async\" title=\"034\" alt=\"\" src=\"https:\/\/news.ecclesia.org.br\/wp-content\/uploads\/2012\/08\/034-73x55.jpg\" data-big=\"https:\/\/news.ecclesia.org.br\/wp-content\/uploads\/2012\/08\/034.jpg\"><\/a><a href=\"https:\/\/news.ecclesia.org.br\/wp-content\/uploads\/2012\/08\/035.jpg\"><img decoding=\"async\" title=\"035\" alt=\"\" src=\"https:\/\/news.ecclesia.org.br\/wp-content\/uploads\/2012\/08\/035-41x55.jpg\" data-big=\"https:\/\/news.ecclesia.org.br\/wp-content\/uploads\/2012\/08\/035.jpg\"><\/a><a href=\"https:\/\/news.ecclesia.org.br\/wp-content\/uploads\/2012\/08\/036.jpg\"><img decoding=\"async\" title=\"036\" alt=\"\" src=\"https:\/\/news.ecclesia.org.br\/wp-content\/uploads\/2012\/08\/036-73x55.jpg\" data-big=\"https:\/\/news.ecclesia.org.br\/wp-content\/uploads\/2012\/08\/036.jpg\"><\/a><a href=\"https:\/\/news.ecclesia.org.br\/wp-content\/uploads\/2012\/08\/037.jpg\"><img decoding=\"async\" title=\"037\" alt=\"\" src=\"https:\/\/news.ecclesia.org.br\/wp-content\/uploads\/2012\/08\/037-73x55.jpg\" data-big=\"https:\/\/news.ecclesia.org.br\/wp-content\/uploads\/2012\/08\/037.jpg\"><\/a><a href=\"https:\/\/news.ecclesia.org.br\/wp-content\/uploads\/2012\/08\/038.jpg\"><img decoding=\"async\" title=\"038\" alt=\"\" src=\"https:\/\/news.ecclesia.org.br\/wp-content\/uploads\/2012\/08\/038-41x55.jpg\" data-big=\"https:\/\/news.ecclesia.org.br\/wp-content\/uploads\/2012\/08\/038.jpg\"><\/a><a href=\"https:\/\/news.ecclesia.org.br\/wp-content\/uploads\/2012\/08\/039.jpg\"><img decoding=\"async\" title=\"039\" alt=\"\" src=\"https:\/\/news.ecclesia.org.br\/wp-content\/uploads\/2012\/08\/039-41x55.jpg\" data-big=\"https:\/\/news.ecclesia.org.br\/wp-content\/uploads\/2012\/08\/039.jpg\"><\/a><a href=\"https:\/\/news.ecclesia.org.br\/wp-content\/uploads\/2012\/08\/040.jpg\"><img decoding=\"async\" title=\"040\" alt=\"\" src=\"https:\/\/news.ecclesia.org.br\/wp-content\/uploads\/2012\/08\/040-41x55.jpg\" data-big=\"https:\/\/news.ecclesia.org.br\/wp-content\/uploads\/2012\/08\/040.jpg\"><\/a><a href=\"https:\/\/news.ecclesia.org.br\/wp-content\/uploads\/2012\/08\/041.jpg\"><img decoding=\"async\" title=\"041\" alt=\"\" src=\"https:\/\/news.ecclesia.org.br\/wp-content\/uploads\/2012\/08\/041-41x55.jpg\" data-big=\"https:\/\/news.ecclesia.org.br\/wp-content\/uploads\/2012\/08\/041.jpg\"><\/a><a href=\"https:\/\/news.ecclesia.org.br\/wp-content\/uploads\/2012\/08\/042.jpg\"><img decoding=\"async\" title=\"042\" alt=\"\" src=\"https:\/\/news.ecclesia.org.br\/wp-content\/uploads\/2012\/08\/042-73x55.jpg\" data-big=\"https:\/\/news.ecclesia.org.br\/wp-content\/uploads\/2012\/08\/042.jpg\"><\/a><a href=\"https:\/\/news.ecclesia.org.br\/wp-content\/uploads\/2012\/08\/043.jpg\"><img decoding=\"async\" title=\"043\" alt=\"\" src=\"https:\/\/news.ecclesia.org.br\/wp-content\/uploads\/2012\/08\/043-41x55.jpg\" data-big=\"https:\/\/news.ecclesia.org.br\/wp-content\/uploads\/2012\/08\/043.jpg\"><\/a><a href=\"https:\/\/news.ecclesia.org.br\/wp-content\/uploads\/2012\/08\/044.jpg\"><img decoding=\"async\" title=\"044\" alt=\"\" src=\"https:\/\/news.ecclesia.org.br\/wp-content\/uploads\/2012\/08\/044-73x55.jpg\" data-big=\"https:\/\/news.ecclesia.org.br\/wp-content\/uploads\/2012\/08\/044.jpg\"><\/a><a href=\"https:\/\/news.ecclesia.org.br\/wp-content\/uploads\/2012\/08\/045.jpg\"><img decoding=\"async\" title=\"045\" alt=\"\" src=\"https:\/\/news.ecclesia.org.br\/wp-content\/uploads\/2012\/08\/045-39x55.jpg\" data-big=\"https:\/\/news.ecclesia.org.br\/wp-content\/uploads\/2012\/08\/045.jpg\"><\/a><a href=\"https:\/\/news.ecclesia.org.br\/wp-content\/uploads\/2012\/08\/046.jpg\"><img decoding=\"async\" title=\"046\" alt=\"\" src=\"https:\/\/news.ecclesia.org.br\/wp-content\/uploads\/2012\/08\/046-41x55.jpg\" data-big=\"https:\/\/news.ecclesia.org.br\/wp-content\/uploads\/2012\/08\/046.jpg\"><\/a><a href=\"https:\/\/news.ecclesia.org.br\/wp-content\/uploads\/2012\/08\/047.jpg\"><img decoding=\"async\" title=\"047\" alt=\"\" src=\"https:\/\/news.ecclesia.org.br\/wp-content\/uploads\/2012\/08\/047-41x55.jpg\" data-big=\"https:\/\/news.ecclesia.org.br\/wp-content\/uploads\/2012\/08\/047.jpg\"><\/a><a href=\"https:\/\/news.ecclesia.org.br\/wp-content\/uploads\/2012\/08\/048.jpg\"><img decoding=\"async\" title=\"048\" alt=\"\" src=\"https:\/\/news.ecclesia.org.br\/wp-content\/uploads\/2012\/08\/048-73x55.jpg\" data-big=\"https:\/\/news.ecclesia.org.br\/wp-content\/uploads\/2012\/08\/048.jpg\"><\/a><a href=\"https:\/\/news.ecclesia.org.br\/wp-content\/uploads\/2012\/08\/049.jpg\"><img decoding=\"async\" title=\"049\" alt=\"\" src=\"https:\/\/news.ecclesia.org.br\/wp-content\/uploads\/2012\/08\/049-73x55.jpg\" data-big=\"https:\/\/news.ecclesia.org.br\/wp-content\/uploads\/2012\/08\/049.jpg\"><\/a><a href=\"https:\/\/news.ecclesia.org.br\/wp-content\/uploads\/2012\/08\/050.jpg\"><img decoding=\"async\" title=\"050\" alt=\"\" src=\"https:\/\/news.ecclesia.org.br\/wp-content\/uploads\/2012\/08\/050-73x55.jpg\" data-big=\"https:\/\/news.ecclesia.org.br\/wp-content\/uploads\/2012\/08\/050.jpg\"><\/a><a href=\"https:\/\/news.ecclesia.org.br\/wp-content\/uploads\/2012\/08\/051.jpg\"><img decoding=\"async\" title=\"051\" alt=\"\" src=\"https:\/\/news.ecclesia.org.br\/wp-content\/uploads\/2012\/08\/051-73x55.jpg\" data-big=\"https:\/\/news.ecclesia.org.br\/wp-content\/uploads\/2012\/08\/051.jpg\"><\/a><a href=\"https:\/\/news.ecclesia.org.br\/wp-content\/uploads\/2012\/08\/052.jpg\"><img decoding=\"async\" title=\"052\" alt=\"\" src=\"https:\/\/news.ecclesia.org.br\/wp-content\/uploads\/2012\/08\/052-73x55.jpg\" data-big=\"https:\/\/news.ecclesia.org.br\/wp-content\/uploads\/2012\/08\/052.jpg\"><\/a><a href=\"https:\/\/news.ecclesia.org.br\/wp-content\/uploads\/2012\/08\/053.jpg\"><img decoding=\"async\" title=\"053\" alt=\"\" src=\"https:\/\/news.ecclesia.org.br\/wp-content\/uploads\/2012\/08\/053-41x55.jpg\" data-big=\"https:\/\/news.ecclesia.org.br\/wp-content\/uploads\/2012\/08\/053.jpg\"><\/a><a href=\"https:\/\/news.ecclesia.org.br\/wp-content\/uploads\/2012\/08\/054.jpg\"><img decoding=\"async\" title=\"054\" alt=\"\" src=\"https:\/\/news.ecclesia.org.br\/wp-content\/uploads\/2012\/08\/054-73x55.jpg\" data-big=\"https:\/\/news.ecclesia.org.br\/wp-content\/uploads\/2012\/08\/054.jpg\"><\/a><a href=\"https:\/\/news.ecclesia.org.br\/wp-content\/uploads\/2012\/08\/055.jpg\"><img decoding=\"async\" title=\"055\" alt=\"\" src=\"https:\/\/news.ecclesia.org.br\/wp-content\/uploads\/2012\/08\/055-73x55.jpg\" data-big=\"https:\/\/news.ecclesia.org.br\/wp-content\/uploads\/2012\/08\/055.jpg\"><\/a><a href=\"https:\/\/news.ecclesia.org.br\/wp-content\/uploads\/2012\/08\/056.jpg\"><img decoding=\"async\" title=\"056\" alt=\"\" src=\"https:\/\/news.ecclesia.org.br\/wp-content\/uploads\/2012\/08\/056-74x55.jpg\" data-big=\"https:\/\/news.ecclesia.org.br\/wp-content\/uploads\/2012\/08\/056.jpg\"><\/a><a href=\"https:\/\/news.ecclesia.org.br\/wp-content\/uploads\/2012\/08\/057.jpg\"><img decoding=\"async\" title=\"057\" alt=\"\" src=\"https:\/\/news.ecclesia.org.br\/wp-content\/uploads\/2012\/08\/057-73x55.jpg\" data-big=\"https:\/\/news.ecclesia.org.br\/wp-content\/uploads\/2012\/08\/057.jpg\"><\/a><a href=\"https:\/\/news.ecclesia.org.br\/wp-content\/uploads\/2012\/08\/058.jpg\"><img decoding=\"async\" title=\"058\" alt=\"\" src=\"https:\/\/news.ecclesia.org.br\/wp-content\/uploads\/2012\/08\/058-41x55.jpg\" data-big=\"https:\/\/news.ecclesia.org.br\/wp-content\/uploads\/2012\/08\/058.jpg\"><\/a><a href=\"https:\/\/news.ecclesia.org.br\/wp-content\/uploads\/2012\/08\/059.jpg\"><img decoding=\"async\" title=\"059\" alt=\"\" src=\"https:\/\/news.ecclesia.org.br\/wp-content\/uploads\/2012\/08\/059-73x55.jpg\" data-big=\"https:\/\/news.ecclesia.org.br\/wp-content\/uploads\/2012\/08\/059.jpg\"><\/a><a href=\"https:\/\/news.ecclesia.org.br\/wp-content\/uploads\/2012\/08\/060.jpg\"><img decoding=\"async\" title=\"060\" alt=\"\" src=\"https:\/\/news.ecclesia.org.br\/wp-content\/uploads\/2012\/08\/060-73x55.jpg\" data-big=\"https:\/\/news.ecclesia.org.br\/wp-content\/uploads\/2012\/08\/060.jpg\"><\/a><a href=\"https:\/\/news.ecclesia.org.br\/wp-content\/uploads\/2012\/08\/061.jpg\"><img decoding=\"async\" title=\"061\" alt=\"\" src=\"https:\/\/news.ecclesia.org.br\/wp-content\/uploads\/2012\/08\/061-73x55.jpg\" data-big=\"https:\/\/news.ecclesia.org.br\/wp-content\/uploads\/2012\/08\/061.jpg\"><\/a><a href=\"https:\/\/news.ecclesia.org.br\/wp-content\/uploads\/2012\/08\/062.jpg\"><img decoding=\"async\" title=\"062\" alt=\"\" src=\"https:\/\/news.ecclesia.org.br\/wp-content\/uploads\/2012\/08\/062-73x55.jpg\" data-big=\"https:\/\/news.ecclesia.org.br\/wp-content\/uploads\/2012\/08\/062.jpg\"><\/a><a href=\"https:\/\/news.ecclesia.org.br\/wp-content\/uploads\/2012\/08\/063.jpg\"><img decoding=\"async\" title=\"063\" alt=\"\" src=\"https:\/\/news.ecclesia.org.br\/wp-content\/uploads\/2012\/08\/063-73x55.jpg\" data-big=\"https:\/\/news.ecclesia.org.br\/wp-content\/uploads\/2012\/08\/063.jpg\"><\/a><a href=\"https:\/\/news.ecclesia.org.br\/wp-content\/uploads\/2012\/08\/064.jpg\"><img decoding=\"async\" title=\"064\" alt=\"\" src=\"https:\/\/news.ecclesia.org.br\/wp-content\/uploads\/2012\/08\/064-73x55.jpg\" data-big=\"https:\/\/news.ecclesia.org.br\/wp-content\/uploads\/2012\/08\/064.jpg\"><\/a><a href=\"https:\/\/news.ecclesia.org.br\/wp-content\/uploads\/2012\/08\/065.jpg\"><img decoding=\"async\" title=\"065\" alt=\"\" src=\"https:\/\/news.ecclesia.org.br\/wp-content\/uploads\/2012\/08\/065-41x55.jpg\" data-big=\"https:\/\/news.ecclesia.org.br\/wp-content\/uploads\/2012\/08\/065.jpg\"><\/a><a href=\"https:\/\/news.ecclesia.org.br\/wp-content\/uploads\/2012\/08\/066.jpg\"><img decoding=\"async\" title=\"066\" alt=\"\" src=\"https:\/\/news.ecclesia.org.br\/wp-content\/uploads\/2012\/08\/066-41x55.jpg\" data-big=\"https:\/\/news.ecclesia.org.br\/wp-content\/uploads\/2012\/08\/066.jpg\"><\/a><a href=\"https:\/\/news.ecclesia.org.br\/wp-content\/uploads\/2012\/08\/067.jpg\"><img decoding=\"async\" title=\"067\" alt=\"\" src=\"https:\/\/news.ecclesia.org.br\/wp-content\/uploads\/2012\/08\/067-41x55.jpg\" data-big=\"https:\/\/news.ecclesia.org.br\/wp-content\/uploads\/2012\/08\/067.jpg\"><\/a><a href=\"https:\/\/news.ecclesia.org.br\/wp-content\/uploads\/2012\/08\/068.jpg\"><img decoding=\"async\" title=\"068\" alt=\"\" src=\"https:\/\/news.ecclesia.org.br\/wp-content\/uploads\/2012\/08\/068-41x55.jpg\" data-big=\"https:\/\/news.ecclesia.org.br\/wp-content\/uploads\/2012\/08\/068.jpg\"><\/a><a href=\"https:\/\/news.ecclesia.org.br\/wp-content\/uploads\/2012\/08\/069.jpg\"><img decoding=\"async\" title=\"069\" alt=\"\" src=\"https:\/\/news.ecclesia.org.br\/wp-content\/uploads\/2012\/08\/069-73x55.jpg\" data-big=\"https:\/\/news.ecclesia.org.br\/wp-content\/uploads\/2012\/08\/069.jpg\"><\/a><a href=\"https:\/\/news.ecclesia.org.br\/wp-content\/uploads\/2012\/08\/070.jpg\"><img decoding=\"async\" title=\"070\" alt=\"\" src=\"https:\/\/news.ecclesia.org.br\/wp-content\/uploads\/2012\/08\/070-73x55.jpg\" data-big=\"https:\/\/news.ecclesia.org.br\/wp-content\/uploads\/2012\/08\/070.jpg\"><\/a><a href=\"https:\/\/news.ecclesia.org.br\/wp-content\/uploads\/2012\/08\/071.jpg\"><img decoding=\"async\" title=\"071\" alt=\"\" src=\"https:\/\/news.ecclesia.org.br\/wp-content\/uploads\/2012\/08\/071-73x55.jpg\" data-big=\"https:\/\/news.ecclesia.org.br\/wp-content\/uploads\/2012\/08\/071.jpg\"><\/a><a href=\"https:\/\/news.ecclesia.org.br\/wp-content\/uploads\/2012\/08\/072.jpg\"><img decoding=\"async\" title=\"072\" alt=\"\" src=\"https:\/\/news.ecclesia.org.br\/wp-content\/uploads\/2012\/08\/072-41x55.jpg\" data-big=\"https:\/\/news.ecclesia.org.br\/wp-content\/uploads\/2012\/08\/072.jpg\"><\/a><a href=\"https:\/\/news.ecclesia.org.br\/wp-content\/uploads\/2012\/08\/073.jpg\"><img decoding=\"async\" title=\"073\" alt=\"\" src=\"https:\/\/news.ecclesia.org.br\/wp-content\/uploads\/2012\/08\/073-41x55.jpg\" data-big=\"https:\/\/news.ecclesia.org.br\/wp-content\/uploads\/2012\/08\/073.jpg\"><\/a><a href=\"https:\/\/news.ecclesia.org.br\/wp-content\/uploads\/2012\/08\/074.jpg\"><img decoding=\"async\" title=\"074\" alt=\"\" src=\"https:\/\/news.ecclesia.org.br\/wp-content\/uploads\/2012\/08\/074-53x55.jpg\" data-big=\"https:\/\/news.ecclesia.org.br\/wp-content\/uploads\/2012\/08\/074.jpg\"><\/a><a href=\"https:\/\/news.ecclesia.org.br\/wp-content\/uploads\/2012\/08\/075.jpg\"><img decoding=\"async\" title=\"075\" alt=\"\" src=\"https:\/\/news.ecclesia.org.br\/wp-content\/uploads\/2012\/08\/075-41x55.jpg\" data-big=\"https:\/\/news.ecclesia.org.br\/wp-content\/uploads\/2012\/08\/075.jpg\"><\/a><a href=\"https:\/\/news.ecclesia.org.br\/wp-content\/uploads\/2012\/08\/076.jpg\"><img decoding=\"async\" title=\"076\" alt=\"\" src=\"https:\/\/news.ecclesia.org.br\/wp-content\/uploads\/2012\/08\/076-41x55.jpg\" data-big=\"https:\/\/news.ecclesia.org.br\/wp-content\/uploads\/2012\/08\/076.jpg\"><\/a><a href=\"https:\/\/news.ecclesia.org.br\/wp-content\/uploads\/2012\/08\/077.jpg\"><img decoding=\"async\" title=\"077\" alt=\"\" src=\"https:\/\/news.ecclesia.org.br\/wp-content\/uploads\/2012\/08\/077-73x55.jpg\" data-big=\"https:\/\/news.ecclesia.org.br\/wp-content\/uploads\/2012\/08\/077.jpg\"><\/a><a href=\"https:\/\/news.ecclesia.org.br\/wp-content\/uploads\/2012\/08\/078.jpg\"><img decoding=\"async\" title=\"078\" alt=\"\" src=\"https:\/\/news.ecclesia.org.br\/wp-content\/uploads\/2012\/08\/078-41x55.jpg\" data-big=\"https:\/\/news.ecclesia.org.br\/wp-content\/uploads\/2012\/08\/078.jpg\"><\/a><a href=\"https:\/\/news.ecclesia.org.br\/wp-content\/uploads\/2012\/08\/079.jpg\"><img decoding=\"async\" title=\"079\" alt=\"\" src=\"https:\/\/news.ecclesia.org.br\/wp-content\/uploads\/2012\/08\/079-41x55.jpg\" data-big=\"https:\/\/news.ecclesia.org.br\/wp-content\/uploads\/2012\/08\/079.jpg\"><\/a><a href=\"https:\/\/news.ecclesia.org.br\/wp-content\/uploads\/2012\/08\/080.jpg\"><img decoding=\"async\" title=\"080\" alt=\"\" src=\"https:\/\/news.ecclesia.org.br\/wp-content\/uploads\/2012\/08\/080-41x55.jpg\" data-big=\"https:\/\/news.ecclesia.org.br\/wp-content\/uploads\/2012\/08\/080.jpg\"><\/a><a href=\"https:\/\/news.ecclesia.org.br\/wp-content\/uploads\/2012\/08\/081.jpg\"><img decoding=\"async\" title=\"081\" alt=\"\" src=\"https:\/\/news.ecclesia.org.br\/wp-content\/uploads\/2012\/08\/081-73x55.jpg\" data-big=\"https:\/\/news.ecclesia.org.br\/wp-content\/uploads\/2012\/08\/081.jpg\"><\/a><a href=\"https:\/\/news.ecclesia.org.br\/wp-content\/uploads\/2012\/08\/082.jpg\"><img decoding=\"async\" title=\"082\" alt=\"\" src=\"https:\/\/news.ecclesia.org.br\/wp-content\/uploads\/2012\/08\/082-41x55.jpg\" data-big=\"https:\/\/news.ecclesia.org.br\/wp-content\/uploads\/2012\/08\/082.jpg\"><\/a><a href=\"https:\/\/news.ecclesia.org.br\/wp-content\/uploads\/2012\/08\/083.jpg\"><img decoding=\"async\" title=\"083\" alt=\"\" src=\"https:\/\/news.ecclesia.org.br\/wp-content\/uploads\/2012\/08\/083-41x55.jpg\" data-big=\"https:\/\/news.ecclesia.org.br\/wp-content\/uploads\/2012\/08\/083.jpg\"><\/a><a href=\"https:\/\/news.ecclesia.org.br\/wp-content\/uploads\/2012\/08\/084.jpg\"><img decoding=\"async\" title=\"084\" alt=\"\" src=\"https:\/\/news.ecclesia.org.br\/wp-content\/uploads\/2012\/08\/084-57x55.jpg\" data-big=\"https:\/\/news.ecclesia.org.br\/wp-content\/uploads\/2012\/08\/084.jpg\"><\/a><a href=\"https:\/\/news.ecclesia.org.br\/wp-content\/uploads\/2012\/08\/085.jpg\"><img decoding=\"async\" title=\"085\" alt=\"\" src=\"https:\/\/news.ecclesia.org.br\/wp-content\/uploads\/2012\/08\/085-73x55.jpg\" data-big=\"https:\/\/news.ecclesia.org.br\/wp-content\/uploads\/2012\/08\/085.jpg\"><\/a><a href=\"https:\/\/news.ecclesia.org.br\/wp-content\/uploads\/2012\/08\/086.jpg\"><img decoding=\"async\" title=\"086\" alt=\"\" src=\"https:\/\/news.ecclesia.org.br\/wp-content\/uploads\/2012\/08\/086-73x55.jpg\" data-big=\"https:\/\/news.ecclesia.org.br\/wp-content\/uploads\/2012\/08\/086.jpg\"><\/a><a href=\"https:\/\/news.ecclesia.org.br\/wp-content\/uploads\/2012\/08\/000-1.jpg\"><img decoding=\"async\" title=\"000\" alt=\"\" src=\"https:\/\/news.ecclesia.org.br\/wp-content\/uploads\/2012\/08\/000-1-73x55.jpg\" data-big=\"https:\/\/news.ecclesia.org.br\/wp-content\/uploads\/2012\/08\/000-1.jpg\"><\/a><a href=\"https:\/\/news.ecclesia.org.br\/wp-content\/uploads\/2012\/08\/001.jpg\"><img decoding=\"async\" title=\"001\" alt=\"\" src=\"https:\/\/news.ecclesia.org.br\/wp-content\/uploads\/2012\/08\/001-73x55.jpg\" data-big=\"https:\/\/news.ecclesia.org.br\/wp-content\/uploads\/2012\/08\/001.jpg\"><\/a><a href=\"https:\/\/news.ecclesia.org.br\/wp-content\/uploads\/2012\/08\/002.jpg\"><img decoding=\"async\" title=\"002\" alt=\"\" src=\"https:\/\/news.ecclesia.org.br\/wp-content\/uploads\/2012\/08\/002-73x55.jpg\" data-big=\"https:\/\/news.ecclesia.org.br\/wp-content\/uploads\/2012\/08\/002.jpg\"><\/a><a href=\"https:\/\/news.ecclesia.org.br\/wp-content\/uploads\/2012\/08\/003.jpg\"><img decoding=\"async\" title=\"003\" alt=\"\" src=\"https:\/\/news.ecclesia.org.br\/wp-content\/uploads\/2012\/08\/003-73x55.jpg\" data-big=\"https:\/\/news.ecclesia.org.br\/wp-content\/uploads\/2012\/08\/003.jpg\"><\/a><a href=\"https:\/\/news.ecclesia.org.br\/wp-content\/uploads\/2012\/08\/004.jpg\"><img decoding=\"async\" title=\"004\" alt=\"\" src=\"https:\/\/news.ecclesia.org.br\/wp-content\/uploads\/2012\/08\/004-73x55.jpg\" data-big=\"https:\/\/news.ecclesia.org.br\/wp-content\/uploads\/2012\/08\/004.jpg\"><\/a><a href=\"https:\/\/news.ecclesia.org.br\/wp-content\/uploads\/2012\/08\/005.jpg\"><img decoding=\"async\" title=\"005\" alt=\"\" src=\"https:\/\/news.ecclesia.org.br\/wp-content\/uploads\/2012\/08\/005-73x55.jpg\" data-big=\"https:\/\/news.ecclesia.org.br\/wp-content\/uploads\/2012\/08\/005.jpg\"><\/a><a href=\"https:\/\/news.ecclesia.org.br\/wp-content\/uploads\/2012\/08\/006.jpg\"><img decoding=\"async\" title=\"006\" alt=\"\" src=\"https:\/\/news.ecclesia.org.br\/wp-content\/uploads\/2012\/08\/006-73x55.jpg\" data-big=\"https:\/\/news.ecclesia.org.br\/wp-content\/uploads\/2012\/08\/006.jpg\"><\/a><a href=\"https:\/\/news.ecclesia.org.br\/wp-content\/uploads\/2012\/08\/007.jpg\"><img decoding=\"async\" title=\"007\" alt=\"\" src=\"https:\/\/news.ecclesia.org.br\/wp-content\/uploads\/2012\/08\/007-73x55.jpg\" data-big=\"https:\/\/news.ecclesia.org.br\/wp-content\/uploads\/2012\/08\/007.jpg\"><\/a><a href=\"https:\/\/news.ecclesia.org.br\/wp-content\/uploads\/2012\/08\/008.jpg\"><img decoding=\"async\" title=\"008\" alt=\"\" src=\"https:\/\/news.ecclesia.org.br\/wp-content\/uploads\/2012\/08\/008-73x55.jpg\" data-big=\"https:\/\/news.ecclesia.org.br\/wp-content\/uploads\/2012\/08\/008.jpg\"><\/a><a href=\"https:\/\/news.ecclesia.org.br\/wp-content\/uploads\/2012\/08\/009.jpg\"><img decoding=\"async\" title=\"009\" alt=\"\" src=\"https:\/\/news.ecclesia.org.br\/wp-content\/uploads\/2012\/08\/009-73x55.jpg\" data-big=\"https:\/\/news.ecclesia.org.br\/wp-content\/uploads\/2012\/08\/009.jpg\"><\/a><a href=\"https:\/\/news.ecclesia.org.br\/wp-content\/uploads\/2012\/08\/010.jpg\"><img decoding=\"async\" title=\"010\" alt=\"\" src=\"https:\/\/news.ecclesia.org.br\/wp-content\/uploads\/2012\/08\/010-73x55.jpg\" data-big=\"https:\/\/news.ecclesia.org.br\/wp-content\/uploads\/2012\/08\/010.jpg\"><\/a><a href=\"https:\/\/news.ecclesia.org.br\/wp-content\/uploads\/2012\/08\/011.jpg\"><img decoding=\"async\" title=\"011\" alt=\"\" src=\"https:\/\/news.ecclesia.org.br\/wp-content\/uploads\/2012\/08\/011-73x55.jpg\" data-big=\"https:\/\/news.ecclesia.org.br\/wp-content\/uploads\/2012\/08\/011.jpg\"><\/a><a href=\"https:\/\/news.ecclesia.org.br\/wp-content\/uploads\/2012\/08\/012.jpg\"><img decoding=\"async\" title=\"012\" alt=\"\" src=\"https:\/\/news.ecclesia.org.br\/wp-content\/uploads\/2012\/08\/012-73x55.jpg\" data-big=\"https:\/\/news.ecclesia.org.br\/wp-content\/uploads\/2012\/08\/012.jpg\"><\/a><a href=\"https:\/\/news.ecclesia.org.br\/wp-content\/uploads\/2012\/08\/013.jpg\"><img decoding=\"async\" title=\"013\" alt=\"\" src=\"https:\/\/news.ecclesia.org.br\/wp-content\/uploads\/2012\/08\/013-73x55.jpg\" data-big=\"https:\/\/news.ecclesia.org.br\/wp-content\/uploads\/2012\/08\/013.jpg\"><\/a><a href=\"https:\/\/news.ecclesia.org.br\/wp-content\/uploads\/2012\/08\/014-1.jpg\"><img decoding=\"async\" title=\"014\" alt=\"\" src=\"https:\/\/news.ecclesia.org.br\/wp-content\/uploads\/2012\/08\/014-1-73x55.jpg\" data-big=\"https:\/\/news.ecclesia.org.br\/wp-content\/uploads\/2012\/08\/014-1.jpg\"><\/a><a href=\"https:\/\/news.ecclesia.org.br\/wp-content\/uploads\/2012\/08\/015.jpg\"><img decoding=\"async\" title=\"015\" alt=\"\" src=\"https:\/\/news.ecclesia.org.br\/wp-content\/uploads\/2012\/08\/015-73x55.jpg\" data-big=\"https:\/\/news.ecclesia.org.br\/wp-content\/uploads\/2012\/08\/015.jpg\"><\/a><a href=\"https:\/\/news.ecclesia.org.br\/wp-content\/uploads\/2012\/08\/016.jpg\"><img decoding=\"async\" title=\"016\" alt=\"\" src=\"https:\/\/news.ecclesia.org.br\/wp-content\/uploads\/2012\/08\/016-73x55.jpg\" data-big=\"https:\/\/news.ecclesia.org.br\/wp-content\/uploads\/2012\/08\/016.jpg\"><\/a><a href=\"https:\/\/news.ecclesia.org.br\/wp-content\/uploads\/2012\/08\/017.jpg\"><img decoding=\"async\" title=\"017\" alt=\"\" src=\"https:\/\/news.ecclesia.org.br\/wp-content\/uploads\/2012\/08\/017-66x55.jpg\" data-big=\"https:\/\/news.ecclesia.org.br\/wp-content\/uploads\/2012\/08\/017.jpg\"><\/a><a href=\"https:\/\/news.ecclesia.org.br\/wp-content\/uploads\/2012\/08\/018.jpg\"><img decoding=\"async\" title=\"018\" alt=\"\" src=\"https:\/\/news.ecclesia.org.br\/wp-content\/uploads\/2012\/08\/018-73x55.jpg\" data-big=\"https:\/\/news.ecclesia.org.br\/wp-content\/uploads\/2012\/08\/018.jpg\"><\/a><a href=\"https:\/\/news.ecclesia.org.br\/wp-content\/uploads\/2012\/08\/019.jpg\"><img decoding=\"async\" title=\"019\" alt=\"\" src=\"https:\/\/news.ecclesia.org.br\/wp-content\/uploads\/2012\/08\/019-73x55.jpg\" data-big=\"https:\/\/news.ecclesia.org.br\/wp-content\/uploads\/2012\/08\/019.jpg\"><\/a><a href=\"https:\/\/news.ecclesia.org.br\/wp-content\/uploads\/2012\/08\/020.jpg\"><img decoding=\"async\" title=\"020\" alt=\"\" src=\"https:\/\/news.ecclesia.org.br\/wp-content\/uploads\/2012\/08\/020-73x55.jpg\" data-big=\"https:\/\/news.ecclesia.org.br\/wp-content\/uploads\/2012\/08\/020.jpg\"><\/a><a href=\"https:\/\/news.ecclesia.org.br\/wp-content\/uploads\/2012\/08\/021.jpg\"><img decoding=\"async\" title=\"021\" alt=\"\" src=\"https:\/\/news.ecclesia.org.br\/wp-content\/uploads\/2012\/08\/021-63x55.jpg\" data-big=\"https:\/\/news.ecclesia.org.br\/wp-content\/uploads\/2012\/08\/021.jpg\"><\/a><a href=\"https:\/\/news.ecclesia.org.br\/wp-content\/uploads\/2012\/08\/022.jpg\"><img decoding=\"async\" title=\"022\" alt=\"\" src=\"https:\/\/news.ecclesia.org.br\/wp-content\/uploads\/2012\/08\/022-69x55.jpg\" data-big=\"https:\/\/news.ecclesia.org.br\/wp-content\/uploads\/2012\/08\/022.jpg\"><\/a><a href=\"https:\/\/news.ecclesia.org.br\/wp-content\/uploads\/2012\/08\/023.jpg\"><img decoding=\"async\" title=\"023\" alt=\"\" src=\"https:\/\/news.ecclesia.org.br\/wp-content\/uploads\/2012\/08\/023-73x55.jpg\" data-big=\"https:\/\/news.ecclesia.org.br\/wp-content\/uploads\/2012\/08\/023.jpg\"><\/a><a href=\"https:\/\/news.ecclesia.org.br\/wp-content\/uploads\/2012\/08\/024.jpg\"><img decoding=\"async\" title=\"024\" alt=\"\" src=\"https:\/\/news.ecclesia.org.br\/wp-content\/uploads\/2012\/08\/024-42x55.jpg\" data-big=\"https:\/\/news.ecclesia.org.br\/wp-content\/uploads\/2012\/08\/024.jpg\"><\/a><a href=\"https:\/\/news.ecclesia.org.br\/wp-content\/uploads\/2012\/08\/025.jpg\"><img decoding=\"async\" title=\"025\" alt=\"\" src=\"https:\/\/news.ecclesia.org.br\/wp-content\/uploads\/2012\/08\/025-73x55.jpg\" data-big=\"https:\/\/news.ecclesia.org.br\/wp-content\/uploads\/2012\/08\/025.jpg\"><\/a><a href=\"https:\/\/news.ecclesia.org.br\/wp-content\/uploads\/2012\/08\/026.jpg\"><img decoding=\"async\" title=\"026\" alt=\"\" src=\"https:\/\/news.ecclesia.org.br\/wp-content\/uploads\/2012\/08\/026-73x55.jpg\" data-big=\"https:\/\/news.ecclesia.org.br\/wp-content\/uploads\/2012\/08\/026.jpg\"><\/a><a href=\"https:\/\/news.ecclesia.org.br\/wp-content\/uploads\/2012\/08\/027.jpg\"><img decoding=\"async\" title=\"027\" alt=\"\" src=\"https:\/\/news.ecclesia.org.br\/wp-content\/uploads\/2012\/08\/027-73x55.jpg\" data-big=\"https:\/\/news.ecclesia.org.br\/wp-content\/uploads\/2012\/08\/027.jpg\"><\/a><a href=\"https:\/\/news.ecclesia.org.br\/wp-content\/uploads\/2012\/08\/028.jpg\"><img decoding=\"async\" title=\"028\" alt=\"\" src=\"https:\/\/news.ecclesia.org.br\/wp-content\/uploads\/2012\/08\/028-73x55.jpg\" data-big=\"https:\/\/news.ecclesia.org.br\/wp-content\/uploads\/2012\/08\/028.jpg\"><\/a><a href=\"https:\/\/news.ecclesia.org.br\/wp-content\/uploads\/2012\/08\/029.jpg\"><img decoding=\"async\" title=\"029\" alt=\"\" src=\"https:\/\/news.ecclesia.org.br\/wp-content\/uploads\/2012\/08\/029-73x55.jpg\" data-big=\"https:\/\/news.ecclesia.org.br\/wp-content\/uploads\/2012\/08\/029.jpg\"><\/a><\/div><\/p>\n<p style=\"text-align: justify;\">BUENOS AIRES (Argentina) 23 de agosto de 2012 \u2013 No \u00faltimo domingo, 19 de agosto, na Catedral da Dormi\u00e7\u00e3o da Theotokos (M\u00e3e de Deus), em Buenos Aires (Argentina), o bispo eleito de Patara, Dom Iosif Bosch, foi elevado ao episcopado, assumindo a fun\u00e7\u00e3o de Auxiliar de S. E. R. Dom Tarasios na Arquidiocese de Buenos Aires e Am\u00e9rica do Sul (Patriarcado Ecum\u00eanico). O ato de consagra\u00e7\u00e3o do novo bispo foi presidido pelo Metropolita Tarasios DE Buenos Aires, assistido pelos \u00a0Metropolitas Amphiloque de Montenegro (Igreja Ortodoxa S\u00e9rvia), Silouan (Patriarcado de Antioquia) e Elpidophoros de Prousse (Constantinopla), al\u00e9m dos Bispos Aten\u00e1goras de Sinope (B\u00e9lgica) e Cirilo de Abydos (Atenas), hierarcas do Patriarcado Ecum\u00eanico de Constantinopla, sacerdotes e di\u00e1conos da Arquidiocese e do exterior.<\/p>\n<p style=\"text-align: justify;\">A celebra\u00e7\u00e3o contou com a presen\u00e7a de uma multid\u00e3o de fi\u00e9is e um grande n\u00famero de pessoas.<\/p>\n<p style=\"text-align: justify;\">No S\u00e1bado, dia 18, o Of\u00edcio de V\u00e9speras da Dormi\u00e7\u00e3o da Theotokos foi presidido por Dom Aten\u00e1goras de Sinope; Dom Elpidophoros de Prousse (Constantinopla) presidiu as Matinas do dia festivo.<\/p>\n<p style=\"text-align: justify;\">O novo Bispo nasceu em C\u00f3rdiba (Argentina) no dia 07 de setembro de 1976, estudou teologia na Universidade de Tessal\u00f4nica e em 2012 e foi duplamente doutorado, em Roma e em Tessal\u00f4nica. Foi ordenado di\u00e1cono em C\u00f3rdoba no ano de 1997 e sacerdote, em Buenos Aires, no ano de 2000 por Dom Gennadios de Sasime. Durante alguns anos foi vig\u00e1rio geral na cidade de Buenos Aires.<\/p>\n<p style=\"text-align: justify;\">Dom Iosif, Bispo de Patara, fala espanhol, Italiano, Ingl\u00eas, \u00e1rabe, grego e franc\u00eas, sendo mais um hierarca n\u00e3o-grego que pertence \u00e0 jurisdi\u00e7\u00e3o imediata do Patriarcado Ecum\u00eanico de Constantinopla, al\u00e9m do Bispo Paulo (Ballester) Nazianzeno (M\u00e9xico, 1984), Metropolita Kallistos (Ware) de Diokleia (Oxford) e Bispo Aten\u00e1goras de Sinope (B\u00e9lgica).<\/p>\n<p style=\"text-align: justify;\">No \u00faltimo dia 31 de maio de 2012 o Santo S\u00ednodo acolheu a proposta de S. E. R. Dom Tarasios, elegendo por unanimidade o ent\u00e3o Arquimandrita Iosif \u00a0como auxiliar da Arquidiocese de Buenos Aires e Am\u00e9rica do Sul, concedendo-lhe o t\u00edtulo de Bispo de Patara (cidade de Mira, na L\u00edcia).<\/p>\n<hr \/>\n<p style=\"text-align: center;\"><a href=\"https:\/\/news.ecclesia.org.br\/2013\/wp-content\/uploads\/2012\/08\/dom-iosif-consagracao-episcopal.pdf\" target=\"_blank\">Boletim em espanhol com texto e imagens deste evento<\/a><\/p>\n","protected":false},"excerpt":{"rendered":"<p>BUENOS AIRES (Argentina) 23 de agosto de 2012 \u2013 No \u00faltimo domingo, 19 de agosto, na Catedral da Dormi\u00e7\u00e3o da Theotokos (M\u00e3e de Deus), em Buenos Aires (Argentina), o bispo eleito de Patara, Dom Iosif Bosch, foi elevado ao episcopado,&#8230;<\/p>\n","protected":false},"author":1,"featured_media":17165,"comment_status":"open","ping_status":"open","sticky":false,"template":"","format":"standard","meta":{"_acf_changed":false,"footnotes":""},"categories":[42,3,72],"tags":[],"class_list":["post-9435","post","type-post","status-publish","format-standard","has-post-thumbnail","hentry","category-brasil","category-mundo","category-patriarcado-ecumenico","entry","rows-excerpt"],"acf":[],"yoast_head":"<!-- This site is optimized with the Yoast SEO plugin v27.4 - https:\/\/yoast.com\/product\/yoast-seo-wordpress\/ -->\n<title>DOM IOSIF BOSCH \u00c9 CONSAGRADO BISPO | ECCLESIA NEWS<\/title>\n<meta name=\"robots\" content=\"index, follow, max-snippet:-1, max-image-preview:large, max-video-preview:-1\" \/>\n<link rel=\"canonical\" href=\"https:\/\/news.ecclesia.org.br\/?p=9435\" \/>\n<meta property=\"og:locale\" content=\"pt_BR\" \/>\n<meta property=\"og:type\" content=\"article\" \/>\n<meta property=\"og:title\" content=\"DOM IOSIF BOSCH \u00c9 CONSAGRADO BISPO | ECCLESIA NEWS\" \/>\n<meta property=\"og:description\" content=\"BUENOS AIRES (Argentina) 23 de agosto de 2012 \u2013 No \u00faltimo domingo, 19 de agosto, na Catedral da Dormi\u00e7\u00e3o da Theotokos (M\u00e3e de Deus), em Buenos Aires (Argentina), o bispo eleito de Patara, Dom Iosif Bosch, foi elevado ao episcopado,&#8230;\" \/>\n<meta property=\"og:url\" content=\"https:\/\/news.ecclesia.org.br\/?p=9435\" \/>\n<meta property=\"og:site_name\" content=\"ECCLESIA NEWS\" \/>\n<meta property=\"article:publisher\" content=\"https:\/\/www.facebook.com\/Ecclesia2025\" \/>\n<meta property=\"article:published_time\" content=\"2012-08-23T14:54:45+00:00\" \/>\n<meta property=\"article:modified_time\" content=\"2016-04-05T22:40:44+00:00\" \/>\n<meta property=\"og:image\" content=\"https:\/\/news.ecclesia.org.br\/wp-content\/uploads\/2012\/08\/043.jpg\" \/>\n\t<meta property=\"og:image:width\" content=\"450\" \/>\n\t<meta property=\"og:image:height\" content=\"600\" \/>\n\t<meta property=\"og:image:type\" content=\"image\/jpeg\" \/>\n<meta name=\"author\" content=\"Pe. Andr\u00e9\" \/>\n<meta name=\"twitter:card\" content=\"summary_large_image\" \/>\n<meta name=\"twitter:creator\" content=\"@EcclesiaNews\" \/>\n<meta name=\"twitter:site\" content=\"@EcclesiaNews\" \/>\n<meta name=\"twitter:label1\" content=\"Escrito por\" \/>\n\t<meta name=\"twitter:data1\" content=\"Pe. Andr\u00e9\" \/>\n\t<meta name=\"twitter:label2\" content=\"Est. tempo de leitura\" \/>\n\t<meta name=\"twitter:data2\" content=\"2 minutos\" \/>\n<script type=\"application\/ld+json\" class=\"yoast-schema-graph\">{\"@context\":\"https:\\\/\\\/schema.org\",\"@graph\":[{\"@type\":\"Article\",\"@id\":\"https:\\\/\\\/news.ecclesia.org.br\\\/?p=9435#article\",\"isPartOf\":{\"@id\":\"https:\\\/\\\/news.ecclesia.org.br\\\/?p=9435\"},\"author\":{\"name\":\"Pe. Andr\u00e9\",\"@id\":\"https:\\\/\\\/news.ecclesia.org.br\\\/#\\\/schema\\\/person\\\/6f09597f025829745ba414a569f63758\"},\"headline\":\"DOM IOSIF BOSCH \u00c9 CONSAGRADO BISPO\",\"datePublished\":\"2012-08-23T14:54:45+00:00\",\"dateModified\":\"2016-04-05T22:40:44+00:00\",\"mainEntityOfPage\":{\"@id\":\"https:\\\/\\\/news.ecclesia.org.br\\\/?p=9435\"},\"wordCount\":377,\"commentCount\":0,\"publisher\":{\"@id\":\"https:\\\/\\\/news.ecclesia.org.br\\\/#organization\"},\"image\":{\"@id\":\"https:\\\/\\\/news.ecclesia.org.br\\\/?p=9435#primaryimage\"},\"thumbnailUrl\":\"https:\\\/\\\/news.ecclesia.org.br\\\/wp-content\\\/uploads\\\/2012\\\/08\\\/043.jpg\",\"articleSection\":[\"BRASIL\",\"Mundo Ortodoxo\",\"Patriarcado Ecum\u00eanico\"],\"inLanguage\":\"pt-BR\",\"potentialAction\":[{\"@type\":\"CommentAction\",\"name\":\"Comment\",\"target\":[\"https:\\\/\\\/news.ecclesia.org.br\\\/?p=9435#respond\"]}]},{\"@type\":\"WebPage\",\"@id\":\"https:\\\/\\\/news.ecclesia.org.br\\\/?p=9435\",\"url\":\"https:\\\/\\\/news.ecclesia.org.br\\\/?p=9435\",\"name\":\"DOM IOSIF BOSCH \u00c9 CONSAGRADO BISPO | ECCLESIA NEWS\",\"isPartOf\":{\"@id\":\"https:\\\/\\\/news.ecclesia.org.br\\\/#website\"},\"primaryImageOfPage\":{\"@id\":\"https:\\\/\\\/news.ecclesia.org.br\\\/?p=9435#primaryimage\"},\"image\":{\"@id\":\"https:\\\/\\\/news.ecclesia.org.br\\\/?p=9435#primaryimage\"},\"thumbnailUrl\":\"https:\\\/\\\/news.ecclesia.org.br\\\/wp-content\\\/uploads\\\/2012\\\/08\\\/043.jpg\",\"datePublished\":\"2012-08-23T14:54:45+00:00\",\"dateModified\":\"2016-04-05T22:40:44+00:00\",\"breadcrumb\":{\"@id\":\"https:\\\/\\\/news.ecclesia.org.br\\\/?p=9435#breadcrumb\"},\"inLanguage\":\"pt-BR\",\"potentialAction\":[{\"@type\":\"ReadAction\",\"target\":[\"https:\\\/\\\/news.ecclesia.org.br\\\/?p=9435\"]}]},{\"@type\":\"ImageObject\",\"inLanguage\":\"pt-BR\",\"@id\":\"https:\\\/\\\/news.ecclesia.org.br\\\/?p=9435#primaryimage\",\"url\":\"https:\\\/\\\/news.ecclesia.org.br\\\/wp-content\\\/uploads\\\/2012\\\/08\\\/043.jpg\",\"contentUrl\":\"https:\\\/\\\/news.ecclesia.org.br\\\/wp-content\\\/uploads\\\/2012\\\/08\\\/043.jpg\",\"width\":450,\"height\":600},{\"@type\":\"BreadcrumbList\",\"@id\":\"https:\\\/\\\/news.ecclesia.org.br\\\/?p=9435#breadcrumb\",\"itemListElement\":[{\"@type\":\"ListItem\",\"position\":1,\"name\":\"In\u00edcio\",\"item\":\"https:\\\/\\\/news.ecclesia.org.br\\\/\"},{\"@type\":\"ListItem\",\"position\":2,\"name\":\"DOM IOSIF BOSCH \u00c9 CONSAGRADO BISPO\"}]},{\"@type\":\"WebSite\",\"@id\":\"https:\\\/\\\/news.ecclesia.org.br\\\/#website\",\"url\":\"https:\\\/\\\/news.ecclesia.org.br\\\/\",\"name\":\"Ecclesia Brasil\",\"description\":\"Desde 2003 onectando o Brasil ao mundo ortodoxo!\",\"publisher\":{\"@id\":\"https:\\\/\\\/news.ecclesia.org.br\\\/#organization\"},\"alternateName\":\"Ecclesia\",\"potentialAction\":[{\"@type\":\"SearchAction\",\"target\":{\"@type\":\"EntryPoint\",\"urlTemplate\":\"https:\\\/\\\/news.ecclesia.org.br\\\/?s={search_term_string}\"},\"query-input\":{\"@type\":\"PropertyValueSpecification\",\"valueRequired\":true,\"valueName\":\"search_term_string\"}}],\"inLanguage\":\"pt-BR\"},{\"@type\":\"Organization\",\"@id\":\"https:\\\/\\\/news.ecclesia.org.br\\\/#organization\",\"name\":\"Sacra Arquidiocese de Buenos Aires e Am\u00e9rica do Sul | Patriarcado Ecum\u00eanico\",\"alternateName\":\"News Ecclesia Brasil\",\"url\":\"https:\\\/\\\/news.ecclesia.org.br\\\/\",\"logo\":{\"@type\":\"ImageObject\",\"inLanguage\":\"pt-BR\",\"@id\":\"https:\\\/\\\/news.ecclesia.org.br\\\/#\\\/schema\\\/logo\\\/image\\\/\",\"url\":\"https:\\\/\\\/news.ecclesia.org.br\\\/wp-content\\\/uploads\\\/2025\\\/05\\\/ecclesia2.png\",\"contentUrl\":\"https:\\\/\\\/news.ecclesia.org.br\\\/wp-content\\\/uploads\\\/2025\\\/05\\\/ecclesia2.png\",\"width\":480,\"height\":120,\"caption\":\"Sacra Arquidiocese de Buenos Aires e Am\u00e9rica do Sul | Patriarcado Ecum\u00eanico\"},\"image\":{\"@id\":\"https:\\\/\\\/news.ecclesia.org.br\\\/#\\\/schema\\\/logo\\\/image\\\/\"},\"sameAs\":[\"https:\\\/\\\/www.facebook.com\\\/Ecclesia2025\",\"https:\\\/\\\/x.com\\\/EcclesiaNews\",\"https:\\\/\\\/br.pinterest.com\\\/ekklisia\\\/\",\"https:\\\/\\\/www.youtube.com\\\/@EcclesiaBrasil\"]},{\"@type\":\"Person\",\"@id\":\"https:\\\/\\\/news.ecclesia.org.br\\\/#\\\/schema\\\/person\\\/6f09597f025829745ba414a569f63758\",\"name\":\"Pe. Andr\u00e9\",\"image\":{\"@type\":\"ImageObject\",\"inLanguage\":\"pt-BR\",\"@id\":\"https:\\\/\\\/secure.gravatar.com\\\/avatar\\\/b4327cfa27e9799da239a26adcd534fc29cdc0c4a4a148eecbcfeb9b42c617ac?s=96&d=mm&r=g\",\"url\":\"https:\\\/\\\/secure.gravatar.com\\\/avatar\\\/b4327cfa27e9799da239a26adcd534fc29cdc0c4a4a148eecbcfeb9b42c617ac?s=96&d=mm&r=g\",\"contentUrl\":\"https:\\\/\\\/secure.gravatar.com\\\/avatar\\\/b4327cfa27e9799da239a26adcd534fc29cdc0c4a4a148eecbcfeb9b42c617ac?s=96&d=mm&r=g\",\"caption\":\"Pe. Andr\u00e9\"},\"sameAs\":[\"https:\\\/\\\/www.ecclesia.org.br\"]}]}<\/script>\n<!-- \/ Yoast SEO plugin. -->","yoast_head_json":{"title":"DOM IOSIF BOSCH \u00c9 CONSAGRADO BISPO | ECCLESIA NEWS","robots":{"index":"index","follow":"follow","max-snippet":"max-snippet:-1","max-image-preview":"max-image-preview:large","max-video-preview":"max-video-preview:-1"},"canonical":"https:\/\/news.ecclesia.org.br\/?p=9435","og_locale":"pt_BR","og_type":"article","og_title":"DOM IOSIF BOSCH \u00c9 CONSAGRADO BISPO | ECCLESIA NEWS","og_description":"BUENOS AIRES (Argentina) 23 de agosto de 2012 \u2013 No \u00faltimo domingo, 19 de agosto, na Catedral da Dormi\u00e7\u00e3o da Theotokos (M\u00e3e de Deus), em Buenos Aires (Argentina), o bispo eleito de Patara, Dom Iosif Bosch, foi elevado ao episcopado,&#8230;","og_url":"https:\/\/news.ecclesia.org.br\/?p=9435","og_site_name":"ECCLESIA NEWS","article_publisher":"https:\/\/www.facebook.com\/Ecclesia2025","article_published_time":"2012-08-23T14:54:45+00:00","article_modified_time":"2016-04-05T22:40:44+00:00","og_image":[{"width":450,"height":600,"url":"https:\/\/news.ecclesia.org.br\/wp-content\/uploads\/2012\/08\/043.jpg","type":"image\/jpeg"}],"author":"Pe. Andr\u00e9","twitter_card":"summary_large_image","twitter_creator":"@EcclesiaNews","twitter_site":"@EcclesiaNews","twitter_misc":{"Escrito por":"Pe. Andr\u00e9","Est. tempo de leitura":"2 minutos"},"schema":{"@context":"https:\/\/schema.org","@graph":[{"@type":"Article","@id":"https:\/\/news.ecclesia.org.br\/?p=9435#article","isPartOf":{"@id":"https:\/\/news.ecclesia.org.br\/?p=9435"},"author":{"name":"Pe. Andr\u00e9","@id":"https:\/\/news.ecclesia.org.br\/#\/schema\/person\/6f09597f025829745ba414a569f63758"},"headline":"DOM IOSIF BOSCH \u00c9 CONSAGRADO BISPO","datePublished":"2012-08-23T14:54:45+00:00","dateModified":"2016-04-05T22:40:44+00:00","mainEntityOfPage":{"@id":"https:\/\/news.ecclesia.org.br\/?p=9435"},"wordCount":377,"commentCount":0,"publisher":{"@id":"https:\/\/news.ecclesia.org.br\/#organization"},"image":{"@id":"https:\/\/news.ecclesia.org.br\/?p=9435#primaryimage"},"thumbnailUrl":"https:\/\/news.ecclesia.org.br\/wp-content\/uploads\/2012\/08\/043.jpg","articleSection":["BRASIL","Mundo Ortodoxo","Patriarcado Ecum\u00eanico"],"inLanguage":"pt-BR","potentialAction":[{"@type":"CommentAction","name":"Comment","target":["https:\/\/news.ecclesia.org.br\/?p=9435#respond"]}]},{"@type":"WebPage","@id":"https:\/\/news.ecclesia.org.br\/?p=9435","url":"https:\/\/news.ecclesia.org.br\/?p=9435","name":"DOM IOSIF BOSCH \u00c9 CONSAGRADO BISPO | ECCLESIA NEWS","isPartOf":{"@id":"https:\/\/news.ecclesia.org.br\/#website"},"primaryImageOfPage":{"@id":"https:\/\/news.ecclesia.org.br\/?p=9435#primaryimage"},"image":{"@id":"https:\/\/news.ecclesia.org.br\/?p=9435#primaryimage"},"thumbnailUrl":"https:\/\/news.ecclesia.org.br\/wp-content\/uploads\/2012\/08\/043.jpg","datePublished":"2012-08-23T14:54:45+00:00","dateModified":"2016-04-05T22:40:44+00:00","breadcrumb":{"@id":"https:\/\/news.ecclesia.org.br\/?p=9435#breadcrumb"},"inLanguage":"pt-BR","potentialAction":[{"@type":"ReadAction","target":["https:\/\/news.ecclesia.org.br\/?p=9435"]}]},{"@type":"ImageObject","inLanguage":"pt-BR","@id":"https:\/\/news.ecclesia.org.br\/?p=9435#primaryimage","url":"https:\/\/news.ecclesia.org.br\/wp-content\/uploads\/2012\/08\/043.jpg","contentUrl":"https:\/\/news.ecclesia.org.br\/wp-content\/uploads\/2012\/08\/043.jpg","width":450,"height":600},{"@type":"BreadcrumbList","@id":"https:\/\/news.ecclesia.org.br\/?p=9435#breadcrumb","itemListElement":[{"@type":"ListItem","position":1,"name":"In\u00edcio","item":"https:\/\/news.ecclesia.org.br\/"},{"@type":"ListItem","position":2,"name":"DOM IOSIF BOSCH \u00c9 CONSAGRADO BISPO"}]},{"@type":"WebSite","@id":"https:\/\/news.ecclesia.org.br\/#website","url":"https:\/\/news.ecclesia.org.br\/","name":"Ecclesia Brasil","description":"Desde 2003 onectando o Brasil ao mundo ortodoxo!","publisher":{"@id":"https:\/\/news.ecclesia.org.br\/#organization"},"alternateName":"Ecclesia","potentialAction":[{"@type":"SearchAction","target":{"@type":"EntryPoint","urlTemplate":"https:\/\/news.ecclesia.org.br\/?s={search_term_string}"},"query-input":{"@type":"PropertyValueSpecification","valueRequired":true,"valueName":"search_term_string"}}],"inLanguage":"pt-BR"},{"@type":"Organization","@id":"https:\/\/news.ecclesia.org.br\/#organization","name":"Sacra Arquidiocese de Buenos Aires e Am\u00e9rica do Sul | Patriarcado Ecum\u00eanico","alternateName":"News Ecclesia Brasil","url":"https:\/\/news.ecclesia.org.br\/","logo":{"@type":"ImageObject","inLanguage":"pt-BR","@id":"https:\/\/news.ecclesia.org.br\/#\/schema\/logo\/image\/","url":"https:\/\/news.ecclesia.org.br\/wp-content\/uploads\/2025\/05\/ecclesia2.png","contentUrl":"https:\/\/news.ecclesia.org.br\/wp-content\/uploads\/2025\/05\/ecclesia2.png","width":480,"height":120,"caption":"Sacra Arquidiocese de Buenos Aires e Am\u00e9rica do Sul | Patriarcado Ecum\u00eanico"},"image":{"@id":"https:\/\/news.ecclesia.org.br\/#\/schema\/logo\/image\/"},"sameAs":["https:\/\/www.facebook.com\/Ecclesia2025","https:\/\/x.com\/EcclesiaNews","https:\/\/br.pinterest.com\/ekklisia\/","https:\/\/www.youtube.com\/@EcclesiaBrasil"]},{"@type":"Person","@id":"https:\/\/news.ecclesia.org.br\/#\/schema\/person\/6f09597f025829745ba414a569f63758","name":"Pe. Andr\u00e9","image":{"@type":"ImageObject","inLanguage":"pt-BR","@id":"https:\/\/secure.gravatar.com\/avatar\/b4327cfa27e9799da239a26adcd534fc29cdc0c4a4a148eecbcfeb9b42c617ac?s=96&d=mm&r=g","url":"https:\/\/secure.gravatar.com\/avatar\/b4327cfa27e9799da239a26adcd534fc29cdc0c4a4a148eecbcfeb9b42c617ac?s=96&d=mm&r=g","contentUrl":"https:\/\/secure.gravatar.com\/avatar\/b4327cfa27e9799da239a26adcd534fc29cdc0c4a4a148eecbcfeb9b42c617ac?s=96&d=mm&r=g","caption":"Pe. Andr\u00e9"},"sameAs":["https:\/\/www.ecclesia.org.br"]}]}},"_links":{"self":[{"href":"https:\/\/news.ecclesia.org.br\/index.php?rest_route=\/wp\/v2\/posts\/9435","targetHints":{"allow":["GET"]}}],"collection":[{"href":"https:\/\/news.ecclesia.org.br\/index.php?rest_route=\/wp\/v2\/posts"}],"about":[{"href":"https:\/\/news.ecclesia.org.br\/index.php?rest_route=\/wp\/v2\/types\/post"}],"author":[{"embeddable":true,"href":"https:\/\/news.ecclesia.org.br\/index.php?rest_route=\/wp\/v2\/users\/1"}],"replies":[{"embeddable":true,"href":"https:\/\/news.ecclesia.org.br\/index.php?rest_route=%2Fwp%2Fv2%2Fcomments&post=9435"}],"version-history":[{"count":0,"href":"https:\/\/news.ecclesia.org.br\/index.php?rest_route=\/wp\/v2\/posts\/9435\/revisions"}],"wp:featuredmedia":[{"embeddable":true,"href":"https:\/\/news.ecclesia.org.br\/index.php?rest_route=\/wp\/v2\/media\/17165"}],"wp:attachment":[{"href":"https:\/\/news.ecclesia.org.br\/index.php?rest_route=%2Fwp%2Fv2%2Fmedia&parent=9435"}],"wp:term":[{"taxonomy":"category","embeddable":true,"href":"https:\/\/news.ecclesia.org.br\/index.php?rest_route=%2Fwp%2Fv2%2Fcategories&post=9435"},{"taxonomy":"post_tag","embeddable":true,"href":"https:\/\/news.ecclesia.org.br\/index.php?rest_route=%2Fwp%2Fv2%2Ftags&post=9435"}],"curies":[{"name":"wp","href":"https:\/\/api.w.org\/{rel}","templated":true}]}}