{"id":9364,"date":"2012-07-17T22:56:44","date_gmt":"2012-07-17T22:56:44","guid":{"rendered":"http:\/\/ecclesia.com.br\/news\/2012\/?p=9364"},"modified":"2012-07-17T22:56:44","modified_gmt":"2012-07-17T22:56:44","slug":"dialogo-ecumenico-um-caminho-que-nao-se-muda","status":"publish","type":"post","link":"https:\/\/news.ecclesia.org.br\/?p=9364","title":{"rendered":"DI\u00c1LOGO ECUM\u00caNICO: UM CAMINHO QUE N\u00c3O SE MUDA"},"content":{"rendered":"<figure id=\"attachment_9365\" aria-describedby=\"caption-attachment-9365\" style=\"width: 300px\" class=\"wp-caption alignleft\"><a href=\"http:\/\/ecclesia.com.br\/news\/2012\/wp-content\/uploads\/2012\/07\/patriarca-bartolomeu.jpg\"><img fetchpriority=\"high\" decoding=\"async\" class=\"size-medium wp-image-9365\" title=\"patriarca-bartolomeu\" src=\"http:\/\/ecclesia.com.br\/news\/2012\/wp-content\/uploads\/2012\/07\/patriarca-bartolomeu-300x231.jpg\" alt=\"\" width=\"300\" height=\"231\" srcset=\"https:\/\/news.ecclesia.org.br\/wp-content\/uploads\/2012\/07\/patriarca-bartolomeu-300x231.jpg 300w, https:\/\/news.ecclesia.org.br\/wp-content\/uploads\/2012\/07\/patriarca-bartolomeu-71x55.jpg 71w, https:\/\/news.ecclesia.org.br\/wp-content\/uploads\/2012\/07\/patriarca-bartolomeu.jpg 440w\" sizes=\"(max-width: 300px) 100vw, 300px\" \/><\/a><figcaption id=\"caption-attachment-9365\" class=\"wp-caption-text\">&#8230;<\/figcaption><\/figure>\n<p style=\"text-align: justify;\"><strong>Bartolomeu recorda Athen\u00e1goras ap\u00f3s quarenta anos da sua morte e defende a linha do Patriarcado<\/strong><\/p>\n<p style=\"text-align: justify;\">Constantinopla \/ Istambul, 12 de Julho de 2012 &#8212; \u00a0Continuar com f\u00e9 inabal\u00e1vel o caminho do di\u00e1logo ecum\u00eanico, n\u00e3o obstante as cr\u00edticas e as numerosas dificuldades, conforme o exemplo tra\u00e7ado no passado pelo Patriarca Athen\u00e1goras: ao comemorar,\u00a0 quarenta anos ap\u00f3s o falecimento, a figura do seu \u00abgrande\u00bb predecessor na sede do Fanar, o Patriarca Ecum\u00eanico de Constantinopla, Bartolomeu I, reafirmou\u00a0com \u00a0firmeza que o di\u00e1logo com \u00a0as outras confiss\u00f5es crist\u00e3s, a partir da Igreja cat\u00f3lica, j\u00e1 \u00e9 um caminho sem retorno. Porque \u00absomente atrav\u00e9s do di\u00e1logo \u00e9 poss\u00edvel realizar o acordo, a aproxima\u00e7\u00e3o, a reconcilia\u00e7\u00e3o\u00bb entre os batizados em Cristo.<\/p>\n<p style=\"text-align: justify;\">Por conseguinte, no pano de fundo, a figura e o exemplo de Athen\u00e1goras, o Patriarca Ecum\u00eanico, falecido a \u00a007 de Julho de 1972, que corajosamente soube abrir \u00abnovos horizontes para o Patriarcado Ecum\u00eanico\u00bb, sobretudo atrav\u00e9s dos encontros hist\u00f3ricos e fraternos que teve com o Papa Paulo VI, com o qual, como se sabe, foram revogadas as excomunh\u00f5es rec\u00edprocas. N\u00e3o s\u00f3, de Athen\u00e1goras \u00e9 tamb\u00e9m evocada a capacidade de abrir outras importantes \u00abjanelas para a ortodoxia\u00bb,\u00a0 constitu\u00eddas pelo centro patriarcal de Genebra, pela academia ortodoxa de Creta e pelo centro de estudos patr\u00edsticos de Sal\u00f4nica. Neste \u00e2mbito, real\u00e7a-se, encontra-se a colabora\u00e7\u00e3o ativa do Patriarcado Ecum\u00eanico com o Conselho Ecum\u00eanico das Igrejas.<\/p>\n<p style=\"text-align: justify;\">Hoje como ent\u00e3o, sublinha Bartolomeu I, trata-se por\u00e9m de um percurso n\u00e3o isento de armadilhas e de cr\u00edticas, por vezes duras, provindas tamb\u00e9m do seio do mesmo mundo ortodoxo. \u00abO Patriarca Athen\u00e1goras na altura foi criticado por causa das aberturas que tinha\u00a0 promovido. Como ent\u00e3o, o nosso Patriarca Ecum\u00eanico\u00a0 &#8211; afirmou Bartolomeu de Constantinopla \u2013 hoje \u00e9 constantemente criticado devido ao di\u00e1logo ecum\u00eanico que persegue, como se o nosso desejo fosse o de desbaratar a ortodoxia\u00bb. Nada mais infundado. Todavia, hoje j\u00e1 n\u00e3o \u00e9 tempo de \u00abfechamentos ego\u00edstas em si mesmos, da autarquia, da autossufici\u00eancia\u00bb. Ao contr\u00e1rio, o di\u00e1logo ecum\u00eanico \u00ab\u00e9 a linha da nossa Igreja, a Igreja de Constantinopla\u00bb.<\/p>\n<p style=\"text-align: right;\">Fonte: <a href=\"http:\/\/www.osservatoreromano.va\/\" target=\"_blank\">L&#8217;Osservatore Romano<\/a><\/p>\n","protected":false},"excerpt":{"rendered":"<p>Bartolomeu recorda Athen\u00e1goras ap\u00f3s quarenta anos da sua morte e defende a linha do Patriarcado Constantinopla \/ Istambul, 12 de Julho de 2012 &#8212; \u00a0Continuar com f\u00e9 inabal\u00e1vel o caminho do di\u00e1logo ecum\u00eanico, n\u00e3o obstante as cr\u00edticas e as numerosas&#8230;<\/p>\n","protected":false},"author":1,"featured_media":9365,"comment_status":"open","ping_status":"open","sticky":false,"template":"","format":"standard","meta":{"_acf_changed":false,"footnotes":""},"categories":[3,72],"tags":[],"class_list":["post-9364","post","type-post","status-publish","format-standard","has-post-thumbnail","hentry","category-mundo","category-patriarcado-ecumenico","entry","rows-excerpt"],"acf":[],"yoast_head":"<!-- This site is optimized with the Yoast SEO plugin v27.4 - https:\/\/yoast.com\/product\/yoast-seo-wordpress\/ -->\n<title>DI\u00c1LOGO ECUM\u00caNICO: UM CAMINHO QUE N\u00c3O SE MUDA | ECCLESIA NEWS<\/title>\n<meta name=\"robots\" content=\"index, follow, max-snippet:-1, max-image-preview:large, max-video-preview:-1\" \/>\n<link rel=\"canonical\" href=\"https:\/\/news.ecclesia.org.br\/?p=9364\" \/>\n<meta property=\"og:locale\" content=\"pt_BR\" \/>\n<meta property=\"og:type\" content=\"article\" \/>\n<meta property=\"og:title\" content=\"DI\u00c1LOGO ECUM\u00caNICO: UM CAMINHO QUE N\u00c3O SE MUDA | ECCLESIA NEWS\" \/>\n<meta property=\"og:description\" content=\"Bartolomeu recorda Athen\u00e1goras ap\u00f3s quarenta anos da sua morte e defende a linha do Patriarcado Constantinopla \/ Istambul, 12 de Julho de 2012 &#8212; \u00a0Continuar com f\u00e9 inabal\u00e1vel o caminho do di\u00e1logo ecum\u00eanico, n\u00e3o obstante as cr\u00edticas e as numerosas&#8230;\" \/>\n<meta property=\"og:url\" content=\"https:\/\/news.ecclesia.org.br\/?p=9364\" \/>\n<meta property=\"og:site_name\" content=\"ECCLESIA NEWS\" \/>\n<meta property=\"article:publisher\" content=\"https:\/\/www.facebook.com\/Ecclesia2025\" \/>\n<meta property=\"article:published_time\" content=\"2012-07-17T22:56:44+00:00\" \/>\n<meta property=\"og:image\" content=\"https:\/\/news.ecclesia.org.br\/wp-content\/uploads\/2012\/07\/patriarca-bartolomeu.jpg\" \/>\n\t<meta property=\"og:image:width\" content=\"440\" \/>\n\t<meta property=\"og:image:height\" content=\"339\" \/>\n\t<meta property=\"og:image:type\" content=\"image\/jpeg\" \/>\n<meta name=\"author\" content=\"Pe. Andr\u00e9\" \/>\n<meta name=\"twitter:card\" content=\"summary_large_image\" \/>\n<meta name=\"twitter:creator\" content=\"@EcclesiaNews\" \/>\n<meta name=\"twitter:site\" content=\"@EcclesiaNews\" \/>\n<meta name=\"twitter:label1\" content=\"Escrito por\" \/>\n\t<meta name=\"twitter:data1\" content=\"Pe. Andr\u00e9\" \/>\n\t<meta name=\"twitter:label2\" content=\"Est. tempo de leitura\" \/>\n\t<meta name=\"twitter:data2\" content=\"2 minutos\" \/>\n<script type=\"application\/ld+json\" class=\"yoast-schema-graph\">{\"@context\":\"https:\\\/\\\/schema.org\",\"@graph\":[{\"@type\":\"Article\",\"@id\":\"https:\\\/\\\/news.ecclesia.org.br\\\/?p=9364#article\",\"isPartOf\":{\"@id\":\"https:\\\/\\\/news.ecclesia.org.br\\\/?p=9364\"},\"author\":{\"name\":\"Pe. Andr\u00e9\",\"@id\":\"https:\\\/\\\/news.ecclesia.org.br\\\/#\\\/schema\\\/person\\\/6f09597f025829745ba414a569f63758\"},\"headline\":\"DI\u00c1LOGO ECUM\u00caNICO: UM CAMINHO QUE N\u00c3O SE MUDA\",\"datePublished\":\"2012-07-17T22:56:44+00:00\",\"mainEntityOfPage\":{\"@id\":\"https:\\\/\\\/news.ecclesia.org.br\\\/?p=9364\"},\"wordCount\":398,\"commentCount\":0,\"publisher\":{\"@id\":\"https:\\\/\\\/news.ecclesia.org.br\\\/#organization\"},\"image\":{\"@id\":\"https:\\\/\\\/news.ecclesia.org.br\\\/?p=9364#primaryimage\"},\"thumbnailUrl\":\"https:\\\/\\\/news.ecclesia.org.br\\\/wp-content\\\/uploads\\\/2012\\\/07\\\/patriarca-bartolomeu.jpg\",\"articleSection\":[\"Mundo Ortodoxo\",\"Patriarcado Ecum\u00eanico\"],\"inLanguage\":\"pt-BR\",\"potentialAction\":[{\"@type\":\"CommentAction\",\"name\":\"Comment\",\"target\":[\"https:\\\/\\\/news.ecclesia.org.br\\\/?p=9364#respond\"]}]},{\"@type\":\"WebPage\",\"@id\":\"https:\\\/\\\/news.ecclesia.org.br\\\/?p=9364\",\"url\":\"https:\\\/\\\/news.ecclesia.org.br\\\/?p=9364\",\"name\":\"DI\u00c1LOGO ECUM\u00caNICO: UM CAMINHO QUE N\u00c3O SE MUDA | ECCLESIA NEWS\",\"isPartOf\":{\"@id\":\"https:\\\/\\\/news.ecclesia.org.br\\\/#website\"},\"primaryImageOfPage\":{\"@id\":\"https:\\\/\\\/news.ecclesia.org.br\\\/?p=9364#primaryimage\"},\"image\":{\"@id\":\"https:\\\/\\\/news.ecclesia.org.br\\\/?p=9364#primaryimage\"},\"thumbnailUrl\":\"https:\\\/\\\/news.ecclesia.org.br\\\/wp-content\\\/uploads\\\/2012\\\/07\\\/patriarca-bartolomeu.jpg\",\"datePublished\":\"2012-07-17T22:56:44+00:00\",\"breadcrumb\":{\"@id\":\"https:\\\/\\\/news.ecclesia.org.br\\\/?p=9364#breadcrumb\"},\"inLanguage\":\"pt-BR\",\"potentialAction\":[{\"@type\":\"ReadAction\",\"target\":[\"https:\\\/\\\/news.ecclesia.org.br\\\/?p=9364\"]}]},{\"@type\":\"ImageObject\",\"inLanguage\":\"pt-BR\",\"@id\":\"https:\\\/\\\/news.ecclesia.org.br\\\/?p=9364#primaryimage\",\"url\":\"https:\\\/\\\/news.ecclesia.org.br\\\/wp-content\\\/uploads\\\/2012\\\/07\\\/patriarca-bartolomeu.jpg\",\"contentUrl\":\"https:\\\/\\\/news.ecclesia.org.br\\\/wp-content\\\/uploads\\\/2012\\\/07\\\/patriarca-bartolomeu.jpg\",\"width\":440,\"height\":339,\"caption\":\"...\"},{\"@type\":\"BreadcrumbList\",\"@id\":\"https:\\\/\\\/news.ecclesia.org.br\\\/?p=9364#breadcrumb\",\"itemListElement\":[{\"@type\":\"ListItem\",\"position\":1,\"name\":\"In\u00edcio\",\"item\":\"https:\\\/\\\/news.ecclesia.org.br\\\/\"},{\"@type\":\"ListItem\",\"position\":2,\"name\":\"DI\u00c1LOGO ECUM\u00caNICO: UM CAMINHO QUE N\u00c3O SE MUDA\"}]},{\"@type\":\"WebSite\",\"@id\":\"https:\\\/\\\/news.ecclesia.org.br\\\/#website\",\"url\":\"https:\\\/\\\/news.ecclesia.org.br\\\/\",\"name\":\"Ecclesia Brasil\",\"description\":\"Desde 2003 onectando o Brasil ao mundo ortodoxo!\",\"publisher\":{\"@id\":\"https:\\\/\\\/news.ecclesia.org.br\\\/#organization\"},\"alternateName\":\"Ecclesia\",\"potentialAction\":[{\"@type\":\"SearchAction\",\"target\":{\"@type\":\"EntryPoint\",\"urlTemplate\":\"https:\\\/\\\/news.ecclesia.org.br\\\/?s={search_term_string}\"},\"query-input\":{\"@type\":\"PropertyValueSpecification\",\"valueRequired\":true,\"valueName\":\"search_term_string\"}}],\"inLanguage\":\"pt-BR\"},{\"@type\":\"Organization\",\"@id\":\"https:\\\/\\\/news.ecclesia.org.br\\\/#organization\",\"name\":\"Sacra Arquidiocese de Buenos Aires e Am\u00e9rica do Sul | Patriarcado Ecum\u00eanico\",\"alternateName\":\"News Ecclesia Brasil\",\"url\":\"https:\\\/\\\/news.ecclesia.org.br\\\/\",\"logo\":{\"@type\":\"ImageObject\",\"inLanguage\":\"pt-BR\",\"@id\":\"https:\\\/\\\/news.ecclesia.org.br\\\/#\\\/schema\\\/logo\\\/image\\\/\",\"url\":\"https:\\\/\\\/news.ecclesia.org.br\\\/wp-content\\\/uploads\\\/2025\\\/05\\\/ecclesia2.png\",\"contentUrl\":\"https:\\\/\\\/news.ecclesia.org.br\\\/wp-content\\\/uploads\\\/2025\\\/05\\\/ecclesia2.png\",\"width\":480,\"height\":120,\"caption\":\"Sacra Arquidiocese de Buenos Aires e Am\u00e9rica do Sul | Patriarcado Ecum\u00eanico\"},\"image\":{\"@id\":\"https:\\\/\\\/news.ecclesia.org.br\\\/#\\\/schema\\\/logo\\\/image\\\/\"},\"sameAs\":[\"https:\\\/\\\/www.facebook.com\\\/Ecclesia2025\",\"https:\\\/\\\/x.com\\\/EcclesiaNews\",\"https:\\\/\\\/br.pinterest.com\\\/ekklisia\\\/\",\"https:\\\/\\\/www.youtube.com\\\/@EcclesiaBrasil\"]},{\"@type\":\"Person\",\"@id\":\"https:\\\/\\\/news.ecclesia.org.br\\\/#\\\/schema\\\/person\\\/6f09597f025829745ba414a569f63758\",\"name\":\"Pe. Andr\u00e9\",\"image\":{\"@type\":\"ImageObject\",\"inLanguage\":\"pt-BR\",\"@id\":\"https:\\\/\\\/secure.gravatar.com\\\/avatar\\\/b4327cfa27e9799da239a26adcd534fc29cdc0c4a4a148eecbcfeb9b42c617ac?s=96&d=mm&r=g\",\"url\":\"https:\\\/\\\/secure.gravatar.com\\\/avatar\\\/b4327cfa27e9799da239a26adcd534fc29cdc0c4a4a148eecbcfeb9b42c617ac?s=96&d=mm&r=g\",\"contentUrl\":\"https:\\\/\\\/secure.gravatar.com\\\/avatar\\\/b4327cfa27e9799da239a26adcd534fc29cdc0c4a4a148eecbcfeb9b42c617ac?s=96&d=mm&r=g\",\"caption\":\"Pe. Andr\u00e9\"},\"sameAs\":[\"https:\\\/\\\/www.ecclesia.org.br\"]}]}<\/script>\n<!-- \/ Yoast SEO plugin. -->","yoast_head_json":{"title":"DI\u00c1LOGO ECUM\u00caNICO: UM CAMINHO QUE N\u00c3O SE MUDA | ECCLESIA NEWS","robots":{"index":"index","follow":"follow","max-snippet":"max-snippet:-1","max-image-preview":"max-image-preview:large","max-video-preview":"max-video-preview:-1"},"canonical":"https:\/\/news.ecclesia.org.br\/?p=9364","og_locale":"pt_BR","og_type":"article","og_title":"DI\u00c1LOGO ECUM\u00caNICO: UM CAMINHO QUE N\u00c3O SE MUDA | ECCLESIA NEWS","og_description":"Bartolomeu recorda Athen\u00e1goras ap\u00f3s quarenta anos da sua morte e defende a linha do Patriarcado Constantinopla \/ Istambul, 12 de Julho de 2012 &#8212; \u00a0Continuar com f\u00e9 inabal\u00e1vel o caminho do di\u00e1logo ecum\u00eanico, n\u00e3o obstante as cr\u00edticas e as numerosas&#8230;","og_url":"https:\/\/news.ecclesia.org.br\/?p=9364","og_site_name":"ECCLESIA NEWS","article_publisher":"https:\/\/www.facebook.com\/Ecclesia2025","article_published_time":"2012-07-17T22:56:44+00:00","og_image":[{"width":440,"height":339,"url":"https:\/\/news.ecclesia.org.br\/wp-content\/uploads\/2012\/07\/patriarca-bartolomeu.jpg","type":"image\/jpeg"}],"author":"Pe. Andr\u00e9","twitter_card":"summary_large_image","twitter_creator":"@EcclesiaNews","twitter_site":"@EcclesiaNews","twitter_misc":{"Escrito por":"Pe. Andr\u00e9","Est. tempo de leitura":"2 minutos"},"schema":{"@context":"https:\/\/schema.org","@graph":[{"@type":"Article","@id":"https:\/\/news.ecclesia.org.br\/?p=9364#article","isPartOf":{"@id":"https:\/\/news.ecclesia.org.br\/?p=9364"},"author":{"name":"Pe. Andr\u00e9","@id":"https:\/\/news.ecclesia.org.br\/#\/schema\/person\/6f09597f025829745ba414a569f63758"},"headline":"DI\u00c1LOGO ECUM\u00caNICO: UM CAMINHO QUE N\u00c3O SE MUDA","datePublished":"2012-07-17T22:56:44+00:00","mainEntityOfPage":{"@id":"https:\/\/news.ecclesia.org.br\/?p=9364"},"wordCount":398,"commentCount":0,"publisher":{"@id":"https:\/\/news.ecclesia.org.br\/#organization"},"image":{"@id":"https:\/\/news.ecclesia.org.br\/?p=9364#primaryimage"},"thumbnailUrl":"https:\/\/news.ecclesia.org.br\/wp-content\/uploads\/2012\/07\/patriarca-bartolomeu.jpg","articleSection":["Mundo Ortodoxo","Patriarcado Ecum\u00eanico"],"inLanguage":"pt-BR","potentialAction":[{"@type":"CommentAction","name":"Comment","target":["https:\/\/news.ecclesia.org.br\/?p=9364#respond"]}]},{"@type":"WebPage","@id":"https:\/\/news.ecclesia.org.br\/?p=9364","url":"https:\/\/news.ecclesia.org.br\/?p=9364","name":"DI\u00c1LOGO ECUM\u00caNICO: UM CAMINHO QUE N\u00c3O SE MUDA | ECCLESIA NEWS","isPartOf":{"@id":"https:\/\/news.ecclesia.org.br\/#website"},"primaryImageOfPage":{"@id":"https:\/\/news.ecclesia.org.br\/?p=9364#primaryimage"},"image":{"@id":"https:\/\/news.ecclesia.org.br\/?p=9364#primaryimage"},"thumbnailUrl":"https:\/\/news.ecclesia.org.br\/wp-content\/uploads\/2012\/07\/patriarca-bartolomeu.jpg","datePublished":"2012-07-17T22:56:44+00:00","breadcrumb":{"@id":"https:\/\/news.ecclesia.org.br\/?p=9364#breadcrumb"},"inLanguage":"pt-BR","potentialAction":[{"@type":"ReadAction","target":["https:\/\/news.ecclesia.org.br\/?p=9364"]}]},{"@type":"ImageObject","inLanguage":"pt-BR","@id":"https:\/\/news.ecclesia.org.br\/?p=9364#primaryimage","url":"https:\/\/news.ecclesia.org.br\/wp-content\/uploads\/2012\/07\/patriarca-bartolomeu.jpg","contentUrl":"https:\/\/news.ecclesia.org.br\/wp-content\/uploads\/2012\/07\/patriarca-bartolomeu.jpg","width":440,"height":339,"caption":"..."},{"@type":"BreadcrumbList","@id":"https:\/\/news.ecclesia.org.br\/?p=9364#breadcrumb","itemListElement":[{"@type":"ListItem","position":1,"name":"In\u00edcio","item":"https:\/\/news.ecclesia.org.br\/"},{"@type":"ListItem","position":2,"name":"DI\u00c1LOGO ECUM\u00caNICO: UM CAMINHO QUE N\u00c3O SE MUDA"}]},{"@type":"WebSite","@id":"https:\/\/news.ecclesia.org.br\/#website","url":"https:\/\/news.ecclesia.org.br\/","name":"Ecclesia Brasil","description":"Desde 2003 onectando o Brasil ao mundo ortodoxo!","publisher":{"@id":"https:\/\/news.ecclesia.org.br\/#organization"},"alternateName":"Ecclesia","potentialAction":[{"@type":"SearchAction","target":{"@type":"EntryPoint","urlTemplate":"https:\/\/news.ecclesia.org.br\/?s={search_term_string}"},"query-input":{"@type":"PropertyValueSpecification","valueRequired":true,"valueName":"search_term_string"}}],"inLanguage":"pt-BR"},{"@type":"Organization","@id":"https:\/\/news.ecclesia.org.br\/#organization","name":"Sacra Arquidiocese de Buenos Aires e Am\u00e9rica do Sul | Patriarcado Ecum\u00eanico","alternateName":"News Ecclesia Brasil","url":"https:\/\/news.ecclesia.org.br\/","logo":{"@type":"ImageObject","inLanguage":"pt-BR","@id":"https:\/\/news.ecclesia.org.br\/#\/schema\/logo\/image\/","url":"https:\/\/news.ecclesia.org.br\/wp-content\/uploads\/2025\/05\/ecclesia2.png","contentUrl":"https:\/\/news.ecclesia.org.br\/wp-content\/uploads\/2025\/05\/ecclesia2.png","width":480,"height":120,"caption":"Sacra Arquidiocese de Buenos Aires e Am\u00e9rica do Sul | Patriarcado Ecum\u00eanico"},"image":{"@id":"https:\/\/news.ecclesia.org.br\/#\/schema\/logo\/image\/"},"sameAs":["https:\/\/www.facebook.com\/Ecclesia2025","https:\/\/x.com\/EcclesiaNews","https:\/\/br.pinterest.com\/ekklisia\/","https:\/\/www.youtube.com\/@EcclesiaBrasil"]},{"@type":"Person","@id":"https:\/\/news.ecclesia.org.br\/#\/schema\/person\/6f09597f025829745ba414a569f63758","name":"Pe. Andr\u00e9","image":{"@type":"ImageObject","inLanguage":"pt-BR","@id":"https:\/\/secure.gravatar.com\/avatar\/b4327cfa27e9799da239a26adcd534fc29cdc0c4a4a148eecbcfeb9b42c617ac?s=96&d=mm&r=g","url":"https:\/\/secure.gravatar.com\/avatar\/b4327cfa27e9799da239a26adcd534fc29cdc0c4a4a148eecbcfeb9b42c617ac?s=96&d=mm&r=g","contentUrl":"https:\/\/secure.gravatar.com\/avatar\/b4327cfa27e9799da239a26adcd534fc29cdc0c4a4a148eecbcfeb9b42c617ac?s=96&d=mm&r=g","caption":"Pe. Andr\u00e9"},"sameAs":["https:\/\/www.ecclesia.org.br"]}]}},"_links":{"self":[{"href":"https:\/\/news.ecclesia.org.br\/index.php?rest_route=\/wp\/v2\/posts\/9364","targetHints":{"allow":["GET"]}}],"collection":[{"href":"https:\/\/news.ecclesia.org.br\/index.php?rest_route=\/wp\/v2\/posts"}],"about":[{"href":"https:\/\/news.ecclesia.org.br\/index.php?rest_route=\/wp\/v2\/types\/post"}],"author":[{"embeddable":true,"href":"https:\/\/news.ecclesia.org.br\/index.php?rest_route=\/wp\/v2\/users\/1"}],"replies":[{"embeddable":true,"href":"https:\/\/news.ecclesia.org.br\/index.php?rest_route=%2Fwp%2Fv2%2Fcomments&post=9364"}],"version-history":[{"count":0,"href":"https:\/\/news.ecclesia.org.br\/index.php?rest_route=\/wp\/v2\/posts\/9364\/revisions"}],"wp:featuredmedia":[{"embeddable":true,"href":"https:\/\/news.ecclesia.org.br\/index.php?rest_route=\/wp\/v2\/media\/9365"}],"wp:attachment":[{"href":"https:\/\/news.ecclesia.org.br\/index.php?rest_route=%2Fwp%2Fv2%2Fmedia&parent=9364"}],"wp:term":[{"taxonomy":"category","embeddable":true,"href":"https:\/\/news.ecclesia.org.br\/index.php?rest_route=%2Fwp%2Fv2%2Fcategories&post=9364"},{"taxonomy":"post_tag","embeddable":true,"href":"https:\/\/news.ecclesia.org.br\/index.php?rest_route=%2Fwp%2Fv2%2Ftags&post=9364"}],"curies":[{"name":"wp","href":"https:\/\/api.w.org\/{rel}","templated":true}]}}