{"id":9356,"date":"2012-07-07T22:54:08","date_gmt":"2012-07-07T22:54:08","guid":{"rendered":"http:\/\/ecclesia.com.br\/news\/2012\/?p=9356"},"modified":"2016-03-20T16:07:08","modified_gmt":"2016-03-20T16:07:08","slug":"historico-encontro-entre-o-grao-mufti-e-o-patriarca-ecumenico","status":"publish","type":"post","link":"https:\/\/news.ecclesia.org.br\/?p=9356","title":{"rendered":"HIST\u00d3RICO ENCONTRO ENTRE O GR\u00c3O MUFTI E O PATRIARCA ECUM\u00caNICO"},"content":{"rendered":"<p style=\"text-align: center;\"><div id=\"galleria-9356\"><a href=\"https:\/\/news.ecclesia.org.br\/wp-content\/uploads\/2012\/07\/mme.jpg\"><img decoding=\"async\" title=\"mme\" alt=\"\" src=\"https:\/\/news.ecclesia.org.br\/wp-content\/uploads\/2012\/07\/mme-83x55.jpg\" data-big=\"https:\/\/news.ecclesia.org.br\/wp-content\/uploads\/2012\/07\/mme.jpg\"><\/a><a href=\"https:\/\/news.ecclesia.org.br\/wp-content\/uploads\/2012\/07\/sofol.jpg\"><img decoding=\"async\" title=\"sofol\" alt=\"\" src=\"https:\/\/news.ecclesia.org.br\/wp-content\/uploads\/2012\/07\/sofol-83x55.jpg\" data-big=\"https:\/\/news.ecclesia.org.br\/wp-content\/uploads\/2012\/07\/sofol.jpg\"><\/a><a href=\"https:\/\/news.ecclesia.org.br\/wp-content\/uploads\/2012\/07\/sofol2.jpg\"><img decoding=\"async\" title=\"sofol2\" alt=\"\" src=\"https:\/\/news.ecclesia.org.br\/wp-content\/uploads\/2012\/07\/sofol2-83x55.jpg\" data-big=\"https:\/\/news.ecclesia.org.br\/wp-content\/uploads\/2012\/07\/sofol2.jpg\"><\/a><a href=\"https:\/\/news.ecclesia.org.br\/wp-content\/uploads\/2012\/07\/sofol3.jpg\"><img decoding=\"async\" title=\"sofol3\" alt=\"\" src=\"https:\/\/news.ecclesia.org.br\/wp-content\/uploads\/2012\/07\/sofol3-83x55.jpg\" data-big=\"https:\/\/news.ecclesia.org.br\/wp-content\/uploads\/2012\/07\/sofol3.jpg\"><\/a><a href=\"https:\/\/news.ecclesia.org.br\/wp-content\/uploads\/2012\/07\/sofol4.jpg\"><img decoding=\"async\" title=\"sofol4\" alt=\"\" src=\"https:\/\/news.ecclesia.org.br\/wp-content\/uploads\/2012\/07\/sofol4-83x55.jpg\" data-big=\"https:\/\/news.ecclesia.org.br\/wp-content\/uploads\/2012\/07\/sofol4.jpg\"><\/a><a href=\"https:\/\/news.ecclesia.org.br\/wp-content\/uploads\/2012\/07\/ypodoxi1.jpg\"><img decoding=\"async\" title=\"ypodoxi1\" alt=\"\" src=\"https:\/\/news.ecclesia.org.br\/wp-content\/uploads\/2012\/07\/ypodoxi1-83x55.jpg\" data-big=\"https:\/\/news.ecclesia.org.br\/wp-content\/uploads\/2012\/07\/ypodoxi1.jpg\"><\/a><a href=\"https:\/\/news.ecclesia.org.br\/wp-content\/uploads\/2012\/07\/ypodoxi2.jpg\"><img decoding=\"async\" title=\"ypodoxi2\" alt=\"\" src=\"https:\/\/news.ecclesia.org.br\/wp-content\/uploads\/2012\/07\/ypodoxi2-83x55.jpg\" data-big=\"https:\/\/news.ecclesia.org.br\/wp-content\/uploads\/2012\/07\/ypodoxi2.jpg\"><\/a><\/div><\/p>\n<p style=\"text-align: justify;\">CONSTANTINOPLA \/ Istambul, 06 de Julho de 2012 (SIR) \u2013 Dia hist\u00f3rico ontem, em Istambul, onde o Gr\u00e3o Mufti\u00a0 Mehmet Gormez, a m\u00e1xima autoridade religiosa da Turquia, esteve em visita ao Patriarca Ecum\u00eanico de Constantinopla, Sua Santidade Bartolomeu I. Trata-se da primeira vez na hist\u00f3ria da Turquia moderna que o chefe da Dire\u00e7\u00e3o dos Assuntos religiosos (Diyanet) visita o m\u00e1ximo representante da confiss\u00e3o religiosa mais antiga do pa\u00eds, a Igreja Ortodoxa. O encontro, programado h\u00e1 bastante tempo, foi organizado para dar novo impulso ao di\u00e1logo inter-religioso e favorecera reabertura do semin\u00e1rio ortodoxo de Halki, fechado em 1971 pelos militares, onde, durante s\u00e9culos, foram formadas os altos l\u00edderes da Igreja Ortodoxa. E, exatamente a este prop\u00f3sito se pronunciou o Gr\u00e3o Mufti na coletiva conjunta com Bartolomeu I: \u201cUm Pa\u00eds grande como este \u2013 declarou Gormez \u2013 n\u00e3o deveria necessitar que o seu clero seja educado no exterior\u201d. A frase se refere ao fato que, se o Semin\u00e1rio n\u00e3o ser\u00e1 reaberto e os sucessores de Bartolomeu vir\u00e3o inevitavelmente de outros Pa\u00edses. O Patriarca expressou-se \u201cperfeitamente de acordo\u201d com as palavras de Gormez, acrescentando que o governo isl\u00e2mico conservador de Recep Tayyip Erdogan \u201cest\u00e1 enfrentando o problema com esp\u00edrito construtivo\u201d. Exatamente na manh\u00e3 de ontem no jornal \u201cRadikal\u201d, Huseiyn Celik, ex-ministro da Educa\u00e7\u00e3o e vice-secret\u00e1rio do Akp, declarou: \u201cFechar Halki foi um erro, n\u00e3o reabri-lo \u00e9 outro erro. N\u00e3o existe nenhum entrave que n\u00e3o permita a reabertura, \u00e9 um direito&#8221;. Ap\u00f3s um encontro entre os dois com a presen\u00e7a de assessores e a presen\u00e7a da TV, houve um segundo a portas fechadas s\u00f3 entre os dois l\u00edderes. Os dois chefes religiosos trocaram presentes, como de praxe. Um precioso vaso de prata com a grava\u00e7\u00e3o do nome de Al\u00e1 a Mehmet Gormez. Um pergaminho com trechos do Alcor\u00e3o, do Evangelho e da Tor\u00e1 sobre a exist\u00eancia de Deus a Bartolomeu. \u201cN\u00e3o deixemos que este encontro se torne um fato isolado \u2013 completou\u00a0 Gormez -, vamos nos ver mais vezes\u201d.<\/p>\n<p style=\"text-align: right;\">Por Ervino Martinuz<\/p>\n","protected":false},"excerpt":{"rendered":"<p>CONSTANTINOPLA \/ Istambul, 06 de Julho de 2012 (SIR) \u2013 Dia hist\u00f3rico ontem, em Istambul, onde o Gr\u00e3o Mufti\u00a0 Mehmet Gormez, a m\u00e1xima autoridade religiosa da Turquia, esteve em visita ao Patriarca Ecum\u00eanico de Constantinopla, Sua Santidade Bartolomeu I. Trata-se&#8230;<\/p>\n","protected":false},"author":1,"featured_media":17111,"comment_status":"open","ping_status":"open","sticky":false,"template":"","format":"standard","meta":{"_acf_changed":false,"footnotes":""},"categories":[3,72],"tags":[],"class_list":["post-9356","post","type-post","status-publish","format-standard","has-post-thumbnail","hentry","category-mundo","category-patriarcado-ecumenico","entry","rows-excerpt"],"acf":[],"yoast_head":"<!-- This site is optimized with the Yoast SEO plugin v27.4 - https:\/\/yoast.com\/product\/yoast-seo-wordpress\/ -->\n<title>HIST\u00d3RICO ENCONTRO ENTRE O GR\u00c3O MUFTI E O PATRIARCA ECUM\u00caNICO | ECCLESIA NEWS<\/title>\n<meta name=\"robots\" content=\"index, follow, max-snippet:-1, max-image-preview:large, max-video-preview:-1\" \/>\n<link rel=\"canonical\" href=\"https:\/\/news.ecclesia.org.br\/?p=9356\" \/>\n<meta property=\"og:locale\" content=\"pt_BR\" \/>\n<meta property=\"og:type\" content=\"article\" \/>\n<meta property=\"og:title\" content=\"HIST\u00d3RICO ENCONTRO ENTRE O GR\u00c3O MUFTI E O PATRIARCA ECUM\u00caNICO | ECCLESIA NEWS\" \/>\n<meta property=\"og:description\" content=\"CONSTANTINOPLA \/ Istambul, 06 de Julho de 2012 (SIR) \u2013 Dia hist\u00f3rico ontem, em Istambul, onde o Gr\u00e3o Mufti\u00a0 Mehmet Gormez, a m\u00e1xima autoridade religiosa da Turquia, esteve em visita ao Patriarca Ecum\u00eanico de Constantinopla, Sua Santidade Bartolomeu I. Trata-se&#8230;\" \/>\n<meta property=\"og:url\" content=\"https:\/\/news.ecclesia.org.br\/?p=9356\" \/>\n<meta property=\"og:site_name\" content=\"ECCLESIA NEWS\" \/>\n<meta property=\"article:publisher\" content=\"https:\/\/www.facebook.com\/Ecclesia2025\" \/>\n<meta property=\"article:published_time\" content=\"2012-07-07T22:54:08+00:00\" \/>\n<meta property=\"article:modified_time\" content=\"2016-03-20T16:07:08+00:00\" \/>\n<meta property=\"og:image\" content=\"https:\/\/news.ecclesia.org.br\/wp-content\/uploads\/2012\/07\/sofol4.jpg\" \/>\n\t<meta property=\"og:image:width\" content=\"800\" \/>\n\t<meta property=\"og:image:height\" content=\"531\" \/>\n\t<meta property=\"og:image:type\" content=\"image\/jpeg\" \/>\n<meta name=\"author\" content=\"Pe. Andr\u00e9\" \/>\n<meta name=\"twitter:card\" content=\"summary_large_image\" \/>\n<meta name=\"twitter:creator\" content=\"@EcclesiaNews\" \/>\n<meta name=\"twitter:site\" content=\"@EcclesiaNews\" \/>\n<meta name=\"twitter:label1\" content=\"Escrito por\" \/>\n\t<meta name=\"twitter:data1\" content=\"Pe. Andr\u00e9\" \/>\n\t<meta name=\"twitter:label2\" content=\"Est. tempo de leitura\" \/>\n\t<meta name=\"twitter:data2\" content=\"2 minutos\" \/>\n<script type=\"application\/ld+json\" class=\"yoast-schema-graph\">{\"@context\":\"https:\\\/\\\/schema.org\",\"@graph\":[{\"@type\":\"Article\",\"@id\":\"https:\\\/\\\/news.ecclesia.org.br\\\/?p=9356#article\",\"isPartOf\":{\"@id\":\"https:\\\/\\\/news.ecclesia.org.br\\\/?p=9356\"},\"author\":{\"name\":\"Pe. Andr\u00e9\",\"@id\":\"https:\\\/\\\/news.ecclesia.org.br\\\/#\\\/schema\\\/person\\\/6f09597f025829745ba414a569f63758\"},\"headline\":\"HIST\u00d3RICO ENCONTRO ENTRE O GR\u00c3O MUFTI E O PATRIARCA ECUM\u00caNICO\",\"datePublished\":\"2012-07-07T22:54:08+00:00\",\"dateModified\":\"2016-03-20T16:07:08+00:00\",\"mainEntityOfPage\":{\"@id\":\"https:\\\/\\\/news.ecclesia.org.br\\\/?p=9356\"},\"wordCount\":370,\"commentCount\":0,\"publisher\":{\"@id\":\"https:\\\/\\\/news.ecclesia.org.br\\\/#organization\"},\"image\":{\"@id\":\"https:\\\/\\\/news.ecclesia.org.br\\\/?p=9356#primaryimage\"},\"thumbnailUrl\":\"https:\\\/\\\/news.ecclesia.org.br\\\/wp-content\\\/uploads\\\/2012\\\/07\\\/sofol4.jpg\",\"articleSection\":[\"Mundo Ortodoxo\",\"Patriarcado Ecum\u00eanico\"],\"inLanguage\":\"pt-BR\",\"potentialAction\":[{\"@type\":\"CommentAction\",\"name\":\"Comment\",\"target\":[\"https:\\\/\\\/news.ecclesia.org.br\\\/?p=9356#respond\"]}]},{\"@type\":\"WebPage\",\"@id\":\"https:\\\/\\\/news.ecclesia.org.br\\\/?p=9356\",\"url\":\"https:\\\/\\\/news.ecclesia.org.br\\\/?p=9356\",\"name\":\"HIST\u00d3RICO ENCONTRO ENTRE O GR\u00c3O MUFTI E O PATRIARCA ECUM\u00caNICO | ECCLESIA NEWS\",\"isPartOf\":{\"@id\":\"https:\\\/\\\/news.ecclesia.org.br\\\/#website\"},\"primaryImageOfPage\":{\"@id\":\"https:\\\/\\\/news.ecclesia.org.br\\\/?p=9356#primaryimage\"},\"image\":{\"@id\":\"https:\\\/\\\/news.ecclesia.org.br\\\/?p=9356#primaryimage\"},\"thumbnailUrl\":\"https:\\\/\\\/news.ecclesia.org.br\\\/wp-content\\\/uploads\\\/2012\\\/07\\\/sofol4.jpg\",\"datePublished\":\"2012-07-07T22:54:08+00:00\",\"dateModified\":\"2016-03-20T16:07:08+00:00\",\"breadcrumb\":{\"@id\":\"https:\\\/\\\/news.ecclesia.org.br\\\/?p=9356#breadcrumb\"},\"inLanguage\":\"pt-BR\",\"potentialAction\":[{\"@type\":\"ReadAction\",\"target\":[\"https:\\\/\\\/news.ecclesia.org.br\\\/?p=9356\"]}]},{\"@type\":\"ImageObject\",\"inLanguage\":\"pt-BR\",\"@id\":\"https:\\\/\\\/news.ecclesia.org.br\\\/?p=9356#primaryimage\",\"url\":\"https:\\\/\\\/news.ecclesia.org.br\\\/wp-content\\\/uploads\\\/2012\\\/07\\\/sofol4.jpg\",\"contentUrl\":\"https:\\\/\\\/news.ecclesia.org.br\\\/wp-content\\\/uploads\\\/2012\\\/07\\\/sofol4.jpg\",\"width\":800,\"height\":531},{\"@type\":\"BreadcrumbList\",\"@id\":\"https:\\\/\\\/news.ecclesia.org.br\\\/?p=9356#breadcrumb\",\"itemListElement\":[{\"@type\":\"ListItem\",\"position\":1,\"name\":\"In\u00edcio\",\"item\":\"https:\\\/\\\/news.ecclesia.org.br\\\/\"},{\"@type\":\"ListItem\",\"position\":2,\"name\":\"HIST\u00d3RICO ENCONTRO ENTRE O GR\u00c3O MUFTI E O PATRIARCA ECUM\u00caNICO\"}]},{\"@type\":\"WebSite\",\"@id\":\"https:\\\/\\\/news.ecclesia.org.br\\\/#website\",\"url\":\"https:\\\/\\\/news.ecclesia.org.br\\\/\",\"name\":\"Ecclesia Brasil\",\"description\":\"Desde 2003 onectando o Brasil ao mundo ortodoxo!\",\"publisher\":{\"@id\":\"https:\\\/\\\/news.ecclesia.org.br\\\/#organization\"},\"alternateName\":\"Ecclesia\",\"potentialAction\":[{\"@type\":\"SearchAction\",\"target\":{\"@type\":\"EntryPoint\",\"urlTemplate\":\"https:\\\/\\\/news.ecclesia.org.br\\\/?s={search_term_string}\"},\"query-input\":{\"@type\":\"PropertyValueSpecification\",\"valueRequired\":true,\"valueName\":\"search_term_string\"}}],\"inLanguage\":\"pt-BR\"},{\"@type\":\"Organization\",\"@id\":\"https:\\\/\\\/news.ecclesia.org.br\\\/#organization\",\"name\":\"Sacra Arquidiocese de Buenos Aires e Am\u00e9rica do Sul | Patriarcado Ecum\u00eanico\",\"alternateName\":\"News Ecclesia Brasil\",\"url\":\"https:\\\/\\\/news.ecclesia.org.br\\\/\",\"logo\":{\"@type\":\"ImageObject\",\"inLanguage\":\"pt-BR\",\"@id\":\"https:\\\/\\\/news.ecclesia.org.br\\\/#\\\/schema\\\/logo\\\/image\\\/\",\"url\":\"https:\\\/\\\/news.ecclesia.org.br\\\/wp-content\\\/uploads\\\/2025\\\/05\\\/ecclesia2.png\",\"contentUrl\":\"https:\\\/\\\/news.ecclesia.org.br\\\/wp-content\\\/uploads\\\/2025\\\/05\\\/ecclesia2.png\",\"width\":480,\"height\":120,\"caption\":\"Sacra Arquidiocese de Buenos Aires e Am\u00e9rica do Sul | Patriarcado Ecum\u00eanico\"},\"image\":{\"@id\":\"https:\\\/\\\/news.ecclesia.org.br\\\/#\\\/schema\\\/logo\\\/image\\\/\"},\"sameAs\":[\"https:\\\/\\\/www.facebook.com\\\/Ecclesia2025\",\"https:\\\/\\\/x.com\\\/EcclesiaNews\",\"https:\\\/\\\/br.pinterest.com\\\/ekklisia\\\/\",\"https:\\\/\\\/www.youtube.com\\\/@EcclesiaBrasil\"]},{\"@type\":\"Person\",\"@id\":\"https:\\\/\\\/news.ecclesia.org.br\\\/#\\\/schema\\\/person\\\/6f09597f025829745ba414a569f63758\",\"name\":\"Pe. Andr\u00e9\",\"image\":{\"@type\":\"ImageObject\",\"inLanguage\":\"pt-BR\",\"@id\":\"https:\\\/\\\/secure.gravatar.com\\\/avatar\\\/b4327cfa27e9799da239a26adcd534fc29cdc0c4a4a148eecbcfeb9b42c617ac?s=96&d=mm&r=g\",\"url\":\"https:\\\/\\\/secure.gravatar.com\\\/avatar\\\/b4327cfa27e9799da239a26adcd534fc29cdc0c4a4a148eecbcfeb9b42c617ac?s=96&d=mm&r=g\",\"contentUrl\":\"https:\\\/\\\/secure.gravatar.com\\\/avatar\\\/b4327cfa27e9799da239a26adcd534fc29cdc0c4a4a148eecbcfeb9b42c617ac?s=96&d=mm&r=g\",\"caption\":\"Pe. Andr\u00e9\"},\"sameAs\":[\"https:\\\/\\\/www.ecclesia.org.br\"]}]}<\/script>\n<!-- \/ Yoast SEO plugin. -->","yoast_head_json":{"title":"HIST\u00d3RICO ENCONTRO ENTRE O GR\u00c3O MUFTI E O PATRIARCA ECUM\u00caNICO | ECCLESIA NEWS","robots":{"index":"index","follow":"follow","max-snippet":"max-snippet:-1","max-image-preview":"max-image-preview:large","max-video-preview":"max-video-preview:-1"},"canonical":"https:\/\/news.ecclesia.org.br\/?p=9356","og_locale":"pt_BR","og_type":"article","og_title":"HIST\u00d3RICO ENCONTRO ENTRE O GR\u00c3O MUFTI E O PATRIARCA ECUM\u00caNICO | ECCLESIA NEWS","og_description":"CONSTANTINOPLA \/ Istambul, 06 de Julho de 2012 (SIR) \u2013 Dia hist\u00f3rico ontem, em Istambul, onde o Gr\u00e3o Mufti\u00a0 Mehmet Gormez, a m\u00e1xima autoridade religiosa da Turquia, esteve em visita ao Patriarca Ecum\u00eanico de Constantinopla, Sua Santidade Bartolomeu I. Trata-se&#8230;","og_url":"https:\/\/news.ecclesia.org.br\/?p=9356","og_site_name":"ECCLESIA NEWS","article_publisher":"https:\/\/www.facebook.com\/Ecclesia2025","article_published_time":"2012-07-07T22:54:08+00:00","article_modified_time":"2016-03-20T16:07:08+00:00","og_image":[{"width":800,"height":531,"url":"https:\/\/news.ecclesia.org.br\/wp-content\/uploads\/2012\/07\/sofol4.jpg","type":"image\/jpeg"}],"author":"Pe. Andr\u00e9","twitter_card":"summary_large_image","twitter_creator":"@EcclesiaNews","twitter_site":"@EcclesiaNews","twitter_misc":{"Escrito por":"Pe. Andr\u00e9","Est. tempo de leitura":"2 minutos"},"schema":{"@context":"https:\/\/schema.org","@graph":[{"@type":"Article","@id":"https:\/\/news.ecclesia.org.br\/?p=9356#article","isPartOf":{"@id":"https:\/\/news.ecclesia.org.br\/?p=9356"},"author":{"name":"Pe. Andr\u00e9","@id":"https:\/\/news.ecclesia.org.br\/#\/schema\/person\/6f09597f025829745ba414a569f63758"},"headline":"HIST\u00d3RICO ENCONTRO ENTRE O GR\u00c3O MUFTI E O PATRIARCA ECUM\u00caNICO","datePublished":"2012-07-07T22:54:08+00:00","dateModified":"2016-03-20T16:07:08+00:00","mainEntityOfPage":{"@id":"https:\/\/news.ecclesia.org.br\/?p=9356"},"wordCount":370,"commentCount":0,"publisher":{"@id":"https:\/\/news.ecclesia.org.br\/#organization"},"image":{"@id":"https:\/\/news.ecclesia.org.br\/?p=9356#primaryimage"},"thumbnailUrl":"https:\/\/news.ecclesia.org.br\/wp-content\/uploads\/2012\/07\/sofol4.jpg","articleSection":["Mundo Ortodoxo","Patriarcado Ecum\u00eanico"],"inLanguage":"pt-BR","potentialAction":[{"@type":"CommentAction","name":"Comment","target":["https:\/\/news.ecclesia.org.br\/?p=9356#respond"]}]},{"@type":"WebPage","@id":"https:\/\/news.ecclesia.org.br\/?p=9356","url":"https:\/\/news.ecclesia.org.br\/?p=9356","name":"HIST\u00d3RICO ENCONTRO ENTRE O GR\u00c3O MUFTI E O PATRIARCA ECUM\u00caNICO | ECCLESIA NEWS","isPartOf":{"@id":"https:\/\/news.ecclesia.org.br\/#website"},"primaryImageOfPage":{"@id":"https:\/\/news.ecclesia.org.br\/?p=9356#primaryimage"},"image":{"@id":"https:\/\/news.ecclesia.org.br\/?p=9356#primaryimage"},"thumbnailUrl":"https:\/\/news.ecclesia.org.br\/wp-content\/uploads\/2012\/07\/sofol4.jpg","datePublished":"2012-07-07T22:54:08+00:00","dateModified":"2016-03-20T16:07:08+00:00","breadcrumb":{"@id":"https:\/\/news.ecclesia.org.br\/?p=9356#breadcrumb"},"inLanguage":"pt-BR","potentialAction":[{"@type":"ReadAction","target":["https:\/\/news.ecclesia.org.br\/?p=9356"]}]},{"@type":"ImageObject","inLanguage":"pt-BR","@id":"https:\/\/news.ecclesia.org.br\/?p=9356#primaryimage","url":"https:\/\/news.ecclesia.org.br\/wp-content\/uploads\/2012\/07\/sofol4.jpg","contentUrl":"https:\/\/news.ecclesia.org.br\/wp-content\/uploads\/2012\/07\/sofol4.jpg","width":800,"height":531},{"@type":"BreadcrumbList","@id":"https:\/\/news.ecclesia.org.br\/?p=9356#breadcrumb","itemListElement":[{"@type":"ListItem","position":1,"name":"In\u00edcio","item":"https:\/\/news.ecclesia.org.br\/"},{"@type":"ListItem","position":2,"name":"HIST\u00d3RICO ENCONTRO ENTRE O GR\u00c3O MUFTI E O PATRIARCA ECUM\u00caNICO"}]},{"@type":"WebSite","@id":"https:\/\/news.ecclesia.org.br\/#website","url":"https:\/\/news.ecclesia.org.br\/","name":"Ecclesia Brasil","description":"Desde 2003 onectando o Brasil ao mundo ortodoxo!","publisher":{"@id":"https:\/\/news.ecclesia.org.br\/#organization"},"alternateName":"Ecclesia","potentialAction":[{"@type":"SearchAction","target":{"@type":"EntryPoint","urlTemplate":"https:\/\/news.ecclesia.org.br\/?s={search_term_string}"},"query-input":{"@type":"PropertyValueSpecification","valueRequired":true,"valueName":"search_term_string"}}],"inLanguage":"pt-BR"},{"@type":"Organization","@id":"https:\/\/news.ecclesia.org.br\/#organization","name":"Sacra Arquidiocese de Buenos Aires e Am\u00e9rica do Sul | Patriarcado Ecum\u00eanico","alternateName":"News Ecclesia Brasil","url":"https:\/\/news.ecclesia.org.br\/","logo":{"@type":"ImageObject","inLanguage":"pt-BR","@id":"https:\/\/news.ecclesia.org.br\/#\/schema\/logo\/image\/","url":"https:\/\/news.ecclesia.org.br\/wp-content\/uploads\/2025\/05\/ecclesia2.png","contentUrl":"https:\/\/news.ecclesia.org.br\/wp-content\/uploads\/2025\/05\/ecclesia2.png","width":480,"height":120,"caption":"Sacra Arquidiocese de Buenos Aires e Am\u00e9rica do Sul | Patriarcado Ecum\u00eanico"},"image":{"@id":"https:\/\/news.ecclesia.org.br\/#\/schema\/logo\/image\/"},"sameAs":["https:\/\/www.facebook.com\/Ecclesia2025","https:\/\/x.com\/EcclesiaNews","https:\/\/br.pinterest.com\/ekklisia\/","https:\/\/www.youtube.com\/@EcclesiaBrasil"]},{"@type":"Person","@id":"https:\/\/news.ecclesia.org.br\/#\/schema\/person\/6f09597f025829745ba414a569f63758","name":"Pe. Andr\u00e9","image":{"@type":"ImageObject","inLanguage":"pt-BR","@id":"https:\/\/secure.gravatar.com\/avatar\/b4327cfa27e9799da239a26adcd534fc29cdc0c4a4a148eecbcfeb9b42c617ac?s=96&d=mm&r=g","url":"https:\/\/secure.gravatar.com\/avatar\/b4327cfa27e9799da239a26adcd534fc29cdc0c4a4a148eecbcfeb9b42c617ac?s=96&d=mm&r=g","contentUrl":"https:\/\/secure.gravatar.com\/avatar\/b4327cfa27e9799da239a26adcd534fc29cdc0c4a4a148eecbcfeb9b42c617ac?s=96&d=mm&r=g","caption":"Pe. Andr\u00e9"},"sameAs":["https:\/\/www.ecclesia.org.br"]}]}},"_links":{"self":[{"href":"https:\/\/news.ecclesia.org.br\/index.php?rest_route=\/wp\/v2\/posts\/9356","targetHints":{"allow":["GET"]}}],"collection":[{"href":"https:\/\/news.ecclesia.org.br\/index.php?rest_route=\/wp\/v2\/posts"}],"about":[{"href":"https:\/\/news.ecclesia.org.br\/index.php?rest_route=\/wp\/v2\/types\/post"}],"author":[{"embeddable":true,"href":"https:\/\/news.ecclesia.org.br\/index.php?rest_route=\/wp\/v2\/users\/1"}],"replies":[{"embeddable":true,"href":"https:\/\/news.ecclesia.org.br\/index.php?rest_route=%2Fwp%2Fv2%2Fcomments&post=9356"}],"version-history":[{"count":0,"href":"https:\/\/news.ecclesia.org.br\/index.php?rest_route=\/wp\/v2\/posts\/9356\/revisions"}],"wp:featuredmedia":[{"embeddable":true,"href":"https:\/\/news.ecclesia.org.br\/index.php?rest_route=\/wp\/v2\/media\/17111"}],"wp:attachment":[{"href":"https:\/\/news.ecclesia.org.br\/index.php?rest_route=%2Fwp%2Fv2%2Fmedia&parent=9356"}],"wp:term":[{"taxonomy":"category","embeddable":true,"href":"https:\/\/news.ecclesia.org.br\/index.php?rest_route=%2Fwp%2Fv2%2Fcategories&post=9356"},{"taxonomy":"post_tag","embeddable":true,"href":"https:\/\/news.ecclesia.org.br\/index.php?rest_route=%2Fwp%2Fv2%2Ftags&post=9356"}],"curies":[{"name":"wp","href":"https:\/\/api.w.org\/{rel}","templated":true}]}}