{"id":9322,"date":"2012-06-28T12:18:26","date_gmt":"2012-06-28T12:18:26","guid":{"rendered":"http:\/\/ecclesia.com.br\/news\/2012\/?p=9322"},"modified":"2016-03-20T15:50:25","modified_gmt":"2016-03-20T15:50:25","slug":"bento-xvi-recebe-delegacao-do-patriarcado-ecumenico-de-constantinopla","status":"publish","type":"post","link":"https:\/\/news.ecclesia.org.br\/?p=9322","title":{"rendered":"BENTO XVI RECEBE DELEGA\u00c7\u00c3O DO PATRIARCADO ECUM\u00caNICO DE CONSTANTINOPLA"},"content":{"rendered":"<p style=\"text-align: justify;\"><strong>Papa convida a aprofundar caminho aberto pelo Conc\u00edlio Vaticano II<\/strong><\/p>\n<p style=\"text-align: justify;\">Cidade do Vaticano, 28 jun 2012 (<a href=\"http:\/\/www.agencia.ecclesia.pt\" target=\"_blank\">Ecclesia<\/a>) \u2013 Bento XVI recebeu hoje no Vaticano uma delega\u00e7\u00e3o do Patriarcado Ecum\u00eanico de Constantinopla enviada pelo Patriarca Ecum\u00eanico Bartolomeu I, e elogiou a \u201cnova fase\u201d das rela\u00e7\u00f5es bilaterais aberta pelo Conc\u00edlio Vaticano II (1962-1965).<\/p>\n<p style=\"text-align: justify;\">\u201cQueremos louvar o Senhor, acima de tudo, pela redescoberta da profunda fraternidade que nos liga e tamb\u00e9m pelo caminho percorrido nestes anos\u201d, disse o Papa.<\/p>\n<p style=\"text-align: justify;\">O conc\u00edlio iniciado a 11 de outubro de 1962 contou com a participa\u00e7\u00e3o de representantes do Patriarcado Ecum\u00eanico, na qualidade de \u201cdelegados fraternos\u201d.<\/p>\n<p style=\"text-align: justify;\">Bento XVI recordou o 50.\u00ba anivers\u00e1rio do acontecimento e prestou homenagem \u00e0 figura do Patriarca Ecum\u00eanico Aten\u00e1goras, falecido h\u00e1 40 anos, que promoveu \u201ciniciativas corajosas\u201d com Jo\u00e3o XXIII e Paulo VI no plano das rela\u00e7\u00f5es entre cat\u00f3licos e ortodoxos.<\/p>\n<p style=\"text-align: justify;\">O Papa deixou ainda uma palavra de agradecimento ao atual Patriarca Bartolomeu I pela sua \u201cabertura ao di\u00e1logo entre os crist\u00e3os e pelo compromisso ao servi\u00e7o do an\u00fancio do Evangelho no mundo contempor\u00e2neo\u201d.<\/p>\n<p style=\"text-align: justify;\">O encontro anual com a delega\u00e7\u00e3o ortodoxa em Roma acontece na vig\u00edlia da solenidade lit\u00fargica de S\u00e3o Pedro e S\u00e3o Paulo, sendo retribu\u00edda com uma visita de representantes cat\u00f3licos \u00e0 Constantinopla (Istanbul) \u00a0no dia 30 de novembro, festa de Santo Andr\u00e9 &#8211; um dos doze disc\u00edpulos de Jesus e irm\u00e3o de S\u00e3o Pedro -, patrono do Patriarcado Ecum\u00eanico de Constantinopla.<\/p>\n<p style=\"text-align: justify;\">Bento XVI\u00a0evocou\u00a0a prega\u00e7\u00e3o e o mart\u00edrio em Roma dos ap\u00f3stolos Pedro e Paulo como \u201cfundamento s\u00f3lido e perene sobre o qual se edifica a Igreja\u201d.<\/p>\n<p style=\"text-align: justify;\">44 arcebispos de v\u00e1rios pontos do globo, incluindo sete brasileiros e um angolano, v\u00e3o estar sexta-feira no Vaticano para receber das m\u00e3os do Papa o p\u00e1lio, ins\u00edgnia lit\u00fargica de &#8220;honra e jurisdi\u00e7\u00e3o&#8221; da Igreja Cat\u00f3lica constitu\u00edda por uma tira de l\u00e3 branca com seis cruzes negras.<\/p>\n<p style=\"text-align: right;\">Quinta-feira, 28 de junho de 2012,\u00a013h22<\/p>\n<p style=\"text-align: center;\"><strong>Discurso de Bento XVI \u00e0 Delega\u00e7\u00e3o Ortodoxa \u2013 28\/06\/2012<br \/>\n<\/strong><strong>Boletim da Santa S\u00e9<br \/>\n<\/strong><strong>(Tradu\u00e7\u00e3o de Nicole Melhado &#8211; equipe CN Not\u00edcias)<\/strong><\/p>\n<p style=\"text-align: center;\"><a href=\"https:\/\/news.ecclesia.org.br\/2013\/wp-content\/uploads\/2012\/06\/brasao.jpg\" rel=\"attachment wp-att-9332\"><img decoding=\"async\" class=\"size-full wp-image-9332 aligncenter\" src=\"https:\/\/news.ecclesia.org.br\/2013\/wp-content\/uploads\/2012\/06\/brasao.jpg\" alt=\"brasao\" width=\"157\" height=\"215\" srcset=\"https:\/\/news.ecclesia.org.br\/wp-content\/uploads\/2012\/06\/brasao.jpg 157w, https:\/\/news.ecclesia.org.br\/wp-content\/uploads\/2012\/06\/brasao-40x55.jpg 40w\" sizes=\"(max-width: 157px) 100vw, 157px\" \/><\/a><\/p>\n<p style=\"text-align: center;\">\n<h3 align=\"center\"><strong>Discurso\u00a0<\/strong><strong>\u00e0 Delega\u00e7\u00e3o do Patriarcado Ecum\u00eanico de Constantinopla<\/strong><\/h3>\n<h3 align=\"center\"><strong>Vaticano, \u00a0<\/strong><strong>28 de junho de 2012<\/strong><\/h3>\n<p>&nbsp;<\/p>\n<p align=\"center\"><strong><em>\u201cGlorificai comigo o Senhor, justos exaltemos o seu nome\u201d (Sl 34,4)<\/em><\/strong><\/p>\n<blockquote>\n<p style=\"text-align: justify;\">Queridos irm\u00e3os em Cristo,<\/p>\n<p style=\"text-align: justify;\">Nesta alegre circunst\u00e2ncia da Festa dos Santos Pedro e Paulo, patronos da Cidade e da Igreja de Roma, estou particularmente satisfeito de poder acolher-vos com as palavras do Salmo que ser\u00e3o cantadas na solenidade lit\u00fargica eucar\u00edstica em honra a este dois grandes ap\u00f3stolos e m\u00e1rtires.<\/p>\n<p style=\"text-align: justify;\">Dando a v\u00f3s uma calorosa sauda\u00e7\u00e3o de boas-vindas, pe\u00e7o-vos que ofere\u00e7am a Sua Santidade Bartolomeu I e ao Santo S\u00ednodo os sentimentos do meu afeto fraterno e da minha viva gratid\u00e3o por terem enviado, tamb\u00e9m neste ano, representantes para participar desta nossa celebra\u00e7\u00e3o, ofere\u00e7am uma cordial sauda\u00e7\u00e3o ao clero, aos monges e a todos os fi\u00e9is do Patriarcado Ecum\u00eanico.<\/p>\n<p style=\"text-align: justify;\">A vossa presen\u00e7a aqui em Roma em ocasi\u00e3o da festividade lit\u00fargica dos Santos Pedro e Paulo nos oferece uma especial oportunidade de elevar o nosso canto de louvor pelas maravilhas que a gra\u00e7a divina, da qual provem cada bem, cumpriu na vida dos dois Ap\u00f3stolos, torn\u00e1-os dignos de entrar triunfantes na gl\u00f3ria celeste depois de passar pela lavagem regeneradora do mart\u00edrio.<\/p>\n<p style=\"text-align: justify;\"><strong>A festa dos Santos Pedro e Paulo<\/strong>, al\u00e9m disso,\u00a0<strong>nos d\u00e1 a possibilidade de agradecer juntos ao Senhor pelas obras extraordin\u00e1rias que Ele cumpriu e continua cumprindo atrav\u00e9s dos Ap\u00f3stolos na vida da Igreja<\/strong>. \u00c9 a prega\u00e7\u00e3o deles, selada pelo testemunho do mart\u00edrio, o fundamento s\u00f3lido e perene sobre o qual se edifica a Igreja e \u00e9 na fidelidade ao dep\u00f3sito da f\u00e9 por eles transmitida que encontramos as ra\u00edzes da comunh\u00e3o que j\u00e1 experimentamos entre n\u00f3s.<\/p>\n<p style=\"text-align: justify;\">Venerados irm\u00e3os, neste nosso encontro de hoje, enquanto confiamos \u00e0 intercess\u00e3o dos gloriosos Ap\u00f3stolos e M\u00e1rtires Pedro e Paulo a nossa s\u00faplica para que o Senhor, rico de miseric\u00f3rdia, nos conceda chegar logo ao aben\u00e7oado dia no qual poderemos compartilhar a mesa eucar\u00edstica,<strong>\u00a0elevemos nossas vozes no hino de louvor a Deus pelo caminho da paz e da reconcilia\u00e7\u00e3o que Ele nos deu para percorremos juntos.\u00a0<\/strong><\/p>\n<p style=\"text-align: justify;\">Neste ano, acontece o 50\u00ba anivers\u00e1rio da abertura do Conc\u00edlio Ecum\u00eanico Vaticano II, que ser\u00e1 celebrado solenemente no pr\u00f3ximo dia 11 de outubro.\u00a0\u00a0<strong>\u00c9 justamente em concomit\u00e2ncia com este Conc\u00edlio<\/strong>, no qual, como sabeis, eram presentes alguns representantes do Patriarcado Ecum\u00eanico como delegados fraternos,\u00a0<strong>que se iniciou uma nova e importante fase nas rela\u00e7\u00f5es entre as nossas Igrejas.<\/strong><\/p>\n<p style=\"text-align: justify;\"><strong>Queremos louvar ao Senhor, antes de tudo, pela redescoberta da profunda fraternidade que nos liga<\/strong>\u00a0e tamb\u00e9m pelo caminho percorrido nestes anos de Comunh\u00e3o Mista Internacional e para o Di\u00e1logo Teol\u00f3gico entre a Igreja Cat\u00f3lica e a Igreja Ortodoxa juntas, com a esperan\u00e7a que tamb\u00e9m atualmente se possa fazer progressos.<\/p>\n<p style=\"text-align: justify;\">Recordando o anivers\u00e1rio do Conc\u00edlio Vaticano II, parece-me justo lembrar da figura e das atividades do inesquec\u00edvel Patriarca Ecum\u00eanico Aten\u00e1goras, que ser\u00e1 recordado, daqui a alguns dias, seu 40\u00ba anivers\u00e1rio de morte.<\/p>\n<p style=\"text-align: justify;\"><strong>O Patriarca Aten\u00e1goras, junto ao Beato Papa Jo\u00e3o XXIII e o Servo de Deus Papa Paulo VI, animados da paix\u00e3o pela unidade da Igreja que nasce da f\u00e9 em Cristo Senhor, tornaram-se promotores de corajosas iniciativas que abriram a estrada \u00e0 renovadas rela\u00e7\u00f5es entre o Patriarcado ecum\u00eanico e a Igreja cat\u00f3lica.<\/strong><\/p>\n<p style=\"text-align: justify;\"><strong>\u00c9 para mim motivo de particular alegria constar como Sua Santidade Bartolomeu I segue, com renovada fidelidade e fecunda criatividade, o caminho tra\u00e7ado por seus predecessores, os Patriarcas Aten\u00e1goras e Dimitrios, distinguindo-se a n\u00edvel internacional pela abertura ao di\u00e1logo entre os crist\u00e3os e pelo empenho a servi\u00e7o do an\u00fancio do Evangelho no mundo contempor\u00e2neo.<\/strong><\/p>\n<p style=\"text-align: justify;\">Emin\u00eancia, caros membros da delega\u00e7\u00e3o, agrade\u00e7o ainda mais uma vez por vossa presen\u00e7a aqui em meio a n\u00f3s, vos asseguro a minha ora\u00e7\u00e3o para que o Senhor conceda sa\u00fade e for\u00e7a \u00e0 Sua Santidade Bartolomeu I e d\u00ea prosperidade e paz ao Patriarcado Ecum\u00eanico.\u00a0<strong>Que Deus onipotente nos conceda o dom de uma comunh\u00e3o sempre mais plena segundo Sua vontade, para que com \u201cum s\u00f3 cora\u00e7\u00e3o e uma s\u00f3 alma\u201d (At 4,32) possamos sempre exaltar o Seu nome.<\/strong><\/p>\n<p style=\"text-align: justify;\"><a href=\"https:\/\/news.ecclesia.org.br\/2013\/wp-content\/uploads\/2012\/06\/assinatura-bento-xvi.jpg\" rel=\"attachment wp-att-9333\"><img decoding=\"async\" class=\"alignleft size-medium wp-image-9333\" src=\"https:\/\/news.ecclesia.org.br\/2013\/wp-content\/uploads\/2012\/06\/assinatura-bento-xvi-300x77.jpg\" alt=\"assinatura-bento-xvi\" width=\"300\" height=\"77\" srcset=\"https:\/\/news.ecclesia.org.br\/wp-content\/uploads\/2012\/06\/assinatura-bento-xvi-300x77.jpg 300w, https:\/\/news.ecclesia.org.br\/wp-content\/uploads\/2012\/06\/assinatura-bento-xvi-215x55.jpg 215w, https:\/\/news.ecclesia.org.br\/wp-content\/uploads\/2012\/06\/assinatura-bento-xvi.jpg 313w\" sizes=\"(max-width: 300px) 100vw, 300px\" \/><\/a><\/p>\n<p>&nbsp;<\/p><\/blockquote>\n<p>&nbsp;<\/p>\n","protected":false},"excerpt":{"rendered":"<p>Papa convida a aprofundar caminho aberto pelo Conc\u00edlio Vaticano II Cidade do Vaticano, 28 jun 2012 (Ecclesia) \u2013 Bento XVI recebeu hoje no Vaticano uma delega\u00e7\u00e3o do Patriarcado Ecum\u00eanico de Constantinopla enviada pelo Patriarca Ecum\u00eanico Bartolomeu I, e elogiou a&#8230;<\/p>\n","protected":false},"author":1,"featured_media":161,"comment_status":"open","ping_status":"open","sticky":false,"template":"","format":"standard","meta":{"_acf_changed":false,"footnotes":""},"categories":[3,72],"tags":[],"class_list":["post-9322","post","type-post","status-publish","format-standard","has-post-thumbnail","hentry","category-mundo","category-patriarcado-ecumenico","entry","rows-excerpt"],"acf":[],"yoast_head":"<!-- This site is optimized with the Yoast SEO plugin v27.4 - https:\/\/yoast.com\/product\/yoast-seo-wordpress\/ -->\n<title>BENTO XVI RECEBE DELEGA\u00c7\u00c3O DO PATRIARCADO ECUM\u00caNICO DE CONSTANTINOPLA | ECCLESIA NEWS<\/title>\n<meta name=\"robots\" content=\"index, follow, max-snippet:-1, max-image-preview:large, max-video-preview:-1\" \/>\n<link rel=\"canonical\" href=\"https:\/\/news.ecclesia.org.br\/?p=9322\" \/>\n<meta property=\"og:locale\" content=\"pt_BR\" \/>\n<meta property=\"og:type\" content=\"article\" \/>\n<meta property=\"og:title\" content=\"BENTO XVI RECEBE DELEGA\u00c7\u00c3O DO PATRIARCADO ECUM\u00caNICO DE CONSTANTINOPLA | ECCLESIA NEWS\" \/>\n<meta property=\"og:description\" content=\"Papa convida a aprofundar caminho aberto pelo Conc\u00edlio Vaticano II Cidade do Vaticano, 28 jun 2012 (Ecclesia) \u2013 Bento XVI recebeu hoje no Vaticano uma delega\u00e7\u00e3o do Patriarcado Ecum\u00eanico de Constantinopla enviada pelo Patriarca Ecum\u00eanico Bartolomeu I, e elogiou a&#8230;\" \/>\n<meta property=\"og:url\" content=\"https:\/\/news.ecclesia.org.br\/?p=9322\" \/>\n<meta property=\"og:site_name\" content=\"ECCLESIA NEWS\" \/>\n<meta property=\"article:publisher\" content=\"https:\/\/www.facebook.com\/Ecclesia2025\" \/>\n<meta property=\"article:published_time\" content=\"2012-06-28T12:18:26+00:00\" \/>\n<meta property=\"article:modified_time\" content=\"2016-03-20T15:50:25+00:00\" \/>\n<meta property=\"og:image\" content=\"https:\/\/news.ecclesia.org.br\/wp-content\/uploads\/2012\/12\/papa-bento-xvi-1.jpg\" \/>\n\t<meta property=\"og:image:width\" content=\"440\" \/>\n\t<meta property=\"og:image:height\" content=\"330\" \/>\n\t<meta property=\"og:image:type\" content=\"image\/jpeg\" \/>\n<meta name=\"author\" content=\"Pe. Andr\u00e9\" \/>\n<meta name=\"twitter:card\" content=\"summary_large_image\" \/>\n<meta name=\"twitter:creator\" content=\"@EcclesiaNews\" \/>\n<meta name=\"twitter:site\" content=\"@EcclesiaNews\" \/>\n<meta name=\"twitter:label1\" content=\"Escrito por\" \/>\n\t<meta name=\"twitter:data1\" content=\"Pe. Andr\u00e9\" \/>\n\t<meta name=\"twitter:label2\" content=\"Est. tempo de leitura\" \/>\n\t<meta name=\"twitter:data2\" content=\"6 minutos\" \/>\n<script type=\"application\/ld+json\" class=\"yoast-schema-graph\">{\"@context\":\"https:\\\/\\\/schema.org\",\"@graph\":[{\"@type\":\"Article\",\"@id\":\"https:\\\/\\\/news.ecclesia.org.br\\\/?p=9322#article\",\"isPartOf\":{\"@id\":\"https:\\\/\\\/news.ecclesia.org.br\\\/?p=9322\"},\"author\":{\"name\":\"Pe. Andr\u00e9\",\"@id\":\"https:\\\/\\\/news.ecclesia.org.br\\\/#\\\/schema\\\/person\\\/6f09597f025829745ba414a569f63758\"},\"headline\":\"BENTO XVI RECEBE DELEGA\u00c7\u00c3O DO PATRIARCADO ECUM\u00caNICO DE CONSTANTINOPLA\",\"datePublished\":\"2012-06-28T12:18:26+00:00\",\"dateModified\":\"2016-03-20T15:50:25+00:00\",\"mainEntityOfPage\":{\"@id\":\"https:\\\/\\\/news.ecclesia.org.br\\\/?p=9322\"},\"wordCount\":1118,\"commentCount\":0,\"publisher\":{\"@id\":\"https:\\\/\\\/news.ecclesia.org.br\\\/#organization\"},\"image\":{\"@id\":\"https:\\\/\\\/news.ecclesia.org.br\\\/?p=9322#primaryimage\"},\"thumbnailUrl\":\"https:\\\/\\\/news.ecclesia.org.br\\\/wp-content\\\/uploads\\\/2012\\\/12\\\/papa-bento-xvi-1.jpg\",\"articleSection\":[\"Mundo Ortodoxo\",\"Patriarcado Ecum\u00eanico\"],\"inLanguage\":\"pt-BR\",\"potentialAction\":[{\"@type\":\"CommentAction\",\"name\":\"Comment\",\"target\":[\"https:\\\/\\\/news.ecclesia.org.br\\\/?p=9322#respond\"]}]},{\"@type\":\"WebPage\",\"@id\":\"https:\\\/\\\/news.ecclesia.org.br\\\/?p=9322\",\"url\":\"https:\\\/\\\/news.ecclesia.org.br\\\/?p=9322\",\"name\":\"BENTO XVI RECEBE DELEGA\u00c7\u00c3O DO PATRIARCADO ECUM\u00caNICO DE CONSTANTINOPLA | ECCLESIA NEWS\",\"isPartOf\":{\"@id\":\"https:\\\/\\\/news.ecclesia.org.br\\\/#website\"},\"primaryImageOfPage\":{\"@id\":\"https:\\\/\\\/news.ecclesia.org.br\\\/?p=9322#primaryimage\"},\"image\":{\"@id\":\"https:\\\/\\\/news.ecclesia.org.br\\\/?p=9322#primaryimage\"},\"thumbnailUrl\":\"https:\\\/\\\/news.ecclesia.org.br\\\/wp-content\\\/uploads\\\/2012\\\/12\\\/papa-bento-xvi-1.jpg\",\"datePublished\":\"2012-06-28T12:18:26+00:00\",\"dateModified\":\"2016-03-20T15:50:25+00:00\",\"breadcrumb\":{\"@id\":\"https:\\\/\\\/news.ecclesia.org.br\\\/?p=9322#breadcrumb\"},\"inLanguage\":\"pt-BR\",\"potentialAction\":[{\"@type\":\"ReadAction\",\"target\":[\"https:\\\/\\\/news.ecclesia.org.br\\\/?p=9322\"]}]},{\"@type\":\"ImageObject\",\"inLanguage\":\"pt-BR\",\"@id\":\"https:\\\/\\\/news.ecclesia.org.br\\\/?p=9322#primaryimage\",\"url\":\"https:\\\/\\\/news.ecclesia.org.br\\\/wp-content\\\/uploads\\\/2012\\\/12\\\/papa-bento-xvi-1.jpg\",\"contentUrl\":\"https:\\\/\\\/news.ecclesia.org.br\\\/wp-content\\\/uploads\\\/2012\\\/12\\\/papa-bento-xvi-1.jpg\",\"width\":440,\"height\":330},{\"@type\":\"BreadcrumbList\",\"@id\":\"https:\\\/\\\/news.ecclesia.org.br\\\/?p=9322#breadcrumb\",\"itemListElement\":[{\"@type\":\"ListItem\",\"position\":1,\"name\":\"In\u00edcio\",\"item\":\"https:\\\/\\\/news.ecclesia.org.br\\\/\"},{\"@type\":\"ListItem\",\"position\":2,\"name\":\"BENTO XVI RECEBE DELEGA\u00c7\u00c3O DO PATRIARCADO ECUM\u00caNICO DE CONSTANTINOPLA\"}]},{\"@type\":\"WebSite\",\"@id\":\"https:\\\/\\\/news.ecclesia.org.br\\\/#website\",\"url\":\"https:\\\/\\\/news.ecclesia.org.br\\\/\",\"name\":\"Ecclesia Brasil\",\"description\":\"Desde 2003 onectando o Brasil ao mundo ortodoxo!\",\"publisher\":{\"@id\":\"https:\\\/\\\/news.ecclesia.org.br\\\/#organization\"},\"alternateName\":\"Ecclesia\",\"potentialAction\":[{\"@type\":\"SearchAction\",\"target\":{\"@type\":\"EntryPoint\",\"urlTemplate\":\"https:\\\/\\\/news.ecclesia.org.br\\\/?s={search_term_string}\"},\"query-input\":{\"@type\":\"PropertyValueSpecification\",\"valueRequired\":true,\"valueName\":\"search_term_string\"}}],\"inLanguage\":\"pt-BR\"},{\"@type\":\"Organization\",\"@id\":\"https:\\\/\\\/news.ecclesia.org.br\\\/#organization\",\"name\":\"Sacra Arquidiocese de Buenos Aires e Am\u00e9rica do Sul | Patriarcado Ecum\u00eanico\",\"alternateName\":\"News Ecclesia Brasil\",\"url\":\"https:\\\/\\\/news.ecclesia.org.br\\\/\",\"logo\":{\"@type\":\"ImageObject\",\"inLanguage\":\"pt-BR\",\"@id\":\"https:\\\/\\\/news.ecclesia.org.br\\\/#\\\/schema\\\/logo\\\/image\\\/\",\"url\":\"https:\\\/\\\/news.ecclesia.org.br\\\/wp-content\\\/uploads\\\/2025\\\/05\\\/ecclesia2.png\",\"contentUrl\":\"https:\\\/\\\/news.ecclesia.org.br\\\/wp-content\\\/uploads\\\/2025\\\/05\\\/ecclesia2.png\",\"width\":480,\"height\":120,\"caption\":\"Sacra Arquidiocese de Buenos Aires e Am\u00e9rica do Sul | Patriarcado Ecum\u00eanico\"},\"image\":{\"@id\":\"https:\\\/\\\/news.ecclesia.org.br\\\/#\\\/schema\\\/logo\\\/image\\\/\"},\"sameAs\":[\"https:\\\/\\\/www.facebook.com\\\/Ecclesia2025\",\"https:\\\/\\\/x.com\\\/EcclesiaNews\",\"https:\\\/\\\/br.pinterest.com\\\/ekklisia\\\/\",\"https:\\\/\\\/www.youtube.com\\\/@EcclesiaBrasil\"]},{\"@type\":\"Person\",\"@id\":\"https:\\\/\\\/news.ecclesia.org.br\\\/#\\\/schema\\\/person\\\/6f09597f025829745ba414a569f63758\",\"name\":\"Pe. Andr\u00e9\",\"image\":{\"@type\":\"ImageObject\",\"inLanguage\":\"pt-BR\",\"@id\":\"https:\\\/\\\/secure.gravatar.com\\\/avatar\\\/b4327cfa27e9799da239a26adcd534fc29cdc0c4a4a148eecbcfeb9b42c617ac?s=96&d=mm&r=g\",\"url\":\"https:\\\/\\\/secure.gravatar.com\\\/avatar\\\/b4327cfa27e9799da239a26adcd534fc29cdc0c4a4a148eecbcfeb9b42c617ac?s=96&d=mm&r=g\",\"contentUrl\":\"https:\\\/\\\/secure.gravatar.com\\\/avatar\\\/b4327cfa27e9799da239a26adcd534fc29cdc0c4a4a148eecbcfeb9b42c617ac?s=96&d=mm&r=g\",\"caption\":\"Pe. Andr\u00e9\"},\"sameAs\":[\"https:\\\/\\\/www.ecclesia.org.br\"]}]}<\/script>\n<!-- \/ Yoast SEO plugin. -->","yoast_head_json":{"title":"BENTO XVI RECEBE DELEGA\u00c7\u00c3O DO PATRIARCADO ECUM\u00caNICO DE CONSTANTINOPLA | ECCLESIA NEWS","robots":{"index":"index","follow":"follow","max-snippet":"max-snippet:-1","max-image-preview":"max-image-preview:large","max-video-preview":"max-video-preview:-1"},"canonical":"https:\/\/news.ecclesia.org.br\/?p=9322","og_locale":"pt_BR","og_type":"article","og_title":"BENTO XVI RECEBE DELEGA\u00c7\u00c3O DO PATRIARCADO ECUM\u00caNICO DE CONSTANTINOPLA | ECCLESIA NEWS","og_description":"Papa convida a aprofundar caminho aberto pelo Conc\u00edlio Vaticano II Cidade do Vaticano, 28 jun 2012 (Ecclesia) \u2013 Bento XVI recebeu hoje no Vaticano uma delega\u00e7\u00e3o do Patriarcado Ecum\u00eanico de Constantinopla enviada pelo Patriarca Ecum\u00eanico Bartolomeu I, e elogiou a&#8230;","og_url":"https:\/\/news.ecclesia.org.br\/?p=9322","og_site_name":"ECCLESIA NEWS","article_publisher":"https:\/\/www.facebook.com\/Ecclesia2025","article_published_time":"2012-06-28T12:18:26+00:00","article_modified_time":"2016-03-20T15:50:25+00:00","og_image":[{"width":440,"height":330,"url":"https:\/\/news.ecclesia.org.br\/wp-content\/uploads\/2012\/12\/papa-bento-xvi-1.jpg","type":"image\/jpeg"}],"author":"Pe. Andr\u00e9","twitter_card":"summary_large_image","twitter_creator":"@EcclesiaNews","twitter_site":"@EcclesiaNews","twitter_misc":{"Escrito por":"Pe. Andr\u00e9","Est. tempo de leitura":"6 minutos"},"schema":{"@context":"https:\/\/schema.org","@graph":[{"@type":"Article","@id":"https:\/\/news.ecclesia.org.br\/?p=9322#article","isPartOf":{"@id":"https:\/\/news.ecclesia.org.br\/?p=9322"},"author":{"name":"Pe. Andr\u00e9","@id":"https:\/\/news.ecclesia.org.br\/#\/schema\/person\/6f09597f025829745ba414a569f63758"},"headline":"BENTO XVI RECEBE DELEGA\u00c7\u00c3O DO PATRIARCADO ECUM\u00caNICO DE CONSTANTINOPLA","datePublished":"2012-06-28T12:18:26+00:00","dateModified":"2016-03-20T15:50:25+00:00","mainEntityOfPage":{"@id":"https:\/\/news.ecclesia.org.br\/?p=9322"},"wordCount":1118,"commentCount":0,"publisher":{"@id":"https:\/\/news.ecclesia.org.br\/#organization"},"image":{"@id":"https:\/\/news.ecclesia.org.br\/?p=9322#primaryimage"},"thumbnailUrl":"https:\/\/news.ecclesia.org.br\/wp-content\/uploads\/2012\/12\/papa-bento-xvi-1.jpg","articleSection":["Mundo Ortodoxo","Patriarcado Ecum\u00eanico"],"inLanguage":"pt-BR","potentialAction":[{"@type":"CommentAction","name":"Comment","target":["https:\/\/news.ecclesia.org.br\/?p=9322#respond"]}]},{"@type":"WebPage","@id":"https:\/\/news.ecclesia.org.br\/?p=9322","url":"https:\/\/news.ecclesia.org.br\/?p=9322","name":"BENTO XVI RECEBE DELEGA\u00c7\u00c3O DO PATRIARCADO ECUM\u00caNICO DE CONSTANTINOPLA | ECCLESIA NEWS","isPartOf":{"@id":"https:\/\/news.ecclesia.org.br\/#website"},"primaryImageOfPage":{"@id":"https:\/\/news.ecclesia.org.br\/?p=9322#primaryimage"},"image":{"@id":"https:\/\/news.ecclesia.org.br\/?p=9322#primaryimage"},"thumbnailUrl":"https:\/\/news.ecclesia.org.br\/wp-content\/uploads\/2012\/12\/papa-bento-xvi-1.jpg","datePublished":"2012-06-28T12:18:26+00:00","dateModified":"2016-03-20T15:50:25+00:00","breadcrumb":{"@id":"https:\/\/news.ecclesia.org.br\/?p=9322#breadcrumb"},"inLanguage":"pt-BR","potentialAction":[{"@type":"ReadAction","target":["https:\/\/news.ecclesia.org.br\/?p=9322"]}]},{"@type":"ImageObject","inLanguage":"pt-BR","@id":"https:\/\/news.ecclesia.org.br\/?p=9322#primaryimage","url":"https:\/\/news.ecclesia.org.br\/wp-content\/uploads\/2012\/12\/papa-bento-xvi-1.jpg","contentUrl":"https:\/\/news.ecclesia.org.br\/wp-content\/uploads\/2012\/12\/papa-bento-xvi-1.jpg","width":440,"height":330},{"@type":"BreadcrumbList","@id":"https:\/\/news.ecclesia.org.br\/?p=9322#breadcrumb","itemListElement":[{"@type":"ListItem","position":1,"name":"In\u00edcio","item":"https:\/\/news.ecclesia.org.br\/"},{"@type":"ListItem","position":2,"name":"BENTO XVI RECEBE DELEGA\u00c7\u00c3O DO PATRIARCADO ECUM\u00caNICO DE CONSTANTINOPLA"}]},{"@type":"WebSite","@id":"https:\/\/news.ecclesia.org.br\/#website","url":"https:\/\/news.ecclesia.org.br\/","name":"Ecclesia Brasil","description":"Desde 2003 onectando o Brasil ao mundo ortodoxo!","publisher":{"@id":"https:\/\/news.ecclesia.org.br\/#organization"},"alternateName":"Ecclesia","potentialAction":[{"@type":"SearchAction","target":{"@type":"EntryPoint","urlTemplate":"https:\/\/news.ecclesia.org.br\/?s={search_term_string}"},"query-input":{"@type":"PropertyValueSpecification","valueRequired":true,"valueName":"search_term_string"}}],"inLanguage":"pt-BR"},{"@type":"Organization","@id":"https:\/\/news.ecclesia.org.br\/#organization","name":"Sacra Arquidiocese de Buenos Aires e Am\u00e9rica do Sul | Patriarcado Ecum\u00eanico","alternateName":"News Ecclesia Brasil","url":"https:\/\/news.ecclesia.org.br\/","logo":{"@type":"ImageObject","inLanguage":"pt-BR","@id":"https:\/\/news.ecclesia.org.br\/#\/schema\/logo\/image\/","url":"https:\/\/news.ecclesia.org.br\/wp-content\/uploads\/2025\/05\/ecclesia2.png","contentUrl":"https:\/\/news.ecclesia.org.br\/wp-content\/uploads\/2025\/05\/ecclesia2.png","width":480,"height":120,"caption":"Sacra Arquidiocese de Buenos Aires e Am\u00e9rica do Sul | Patriarcado Ecum\u00eanico"},"image":{"@id":"https:\/\/news.ecclesia.org.br\/#\/schema\/logo\/image\/"},"sameAs":["https:\/\/www.facebook.com\/Ecclesia2025","https:\/\/x.com\/EcclesiaNews","https:\/\/br.pinterest.com\/ekklisia\/","https:\/\/www.youtube.com\/@EcclesiaBrasil"]},{"@type":"Person","@id":"https:\/\/news.ecclesia.org.br\/#\/schema\/person\/6f09597f025829745ba414a569f63758","name":"Pe. Andr\u00e9","image":{"@type":"ImageObject","inLanguage":"pt-BR","@id":"https:\/\/secure.gravatar.com\/avatar\/b4327cfa27e9799da239a26adcd534fc29cdc0c4a4a148eecbcfeb9b42c617ac?s=96&d=mm&r=g","url":"https:\/\/secure.gravatar.com\/avatar\/b4327cfa27e9799da239a26adcd534fc29cdc0c4a4a148eecbcfeb9b42c617ac?s=96&d=mm&r=g","contentUrl":"https:\/\/secure.gravatar.com\/avatar\/b4327cfa27e9799da239a26adcd534fc29cdc0c4a4a148eecbcfeb9b42c617ac?s=96&d=mm&r=g","caption":"Pe. Andr\u00e9"},"sameAs":["https:\/\/www.ecclesia.org.br"]}]}},"_links":{"self":[{"href":"https:\/\/news.ecclesia.org.br\/index.php?rest_route=\/wp\/v2\/posts\/9322","targetHints":{"allow":["GET"]}}],"collection":[{"href":"https:\/\/news.ecclesia.org.br\/index.php?rest_route=\/wp\/v2\/posts"}],"about":[{"href":"https:\/\/news.ecclesia.org.br\/index.php?rest_route=\/wp\/v2\/types\/post"}],"author":[{"embeddable":true,"href":"https:\/\/news.ecclesia.org.br\/index.php?rest_route=\/wp\/v2\/users\/1"}],"replies":[{"embeddable":true,"href":"https:\/\/news.ecclesia.org.br\/index.php?rest_route=%2Fwp%2Fv2%2Fcomments&post=9322"}],"version-history":[{"count":0,"href":"https:\/\/news.ecclesia.org.br\/index.php?rest_route=\/wp\/v2\/posts\/9322\/revisions"}],"wp:featuredmedia":[{"embeddable":true,"href":"https:\/\/news.ecclesia.org.br\/index.php?rest_route=\/wp\/v2\/media\/161"}],"wp:attachment":[{"href":"https:\/\/news.ecclesia.org.br\/index.php?rest_route=%2Fwp%2Fv2%2Fmedia&parent=9322"}],"wp:term":[{"taxonomy":"category","embeddable":true,"href":"https:\/\/news.ecclesia.org.br\/index.php?rest_route=%2Fwp%2Fv2%2Fcategories&post=9322"},{"taxonomy":"post_tag","embeddable":true,"href":"https:\/\/news.ecclesia.org.br\/index.php?rest_route=%2Fwp%2Fv2%2Ftags&post=9322"}],"curies":[{"name":"wp","href":"https:\/\/api.w.org\/{rel}","templated":true}]}}