{"id":9314,"date":"2012-06-26T12:09:33","date_gmt":"2012-06-26T12:09:33","guid":{"rendered":"http:\/\/ecclesia.com.br\/news\/2012\/?p=9314"},"modified":"2016-03-20T15:51:28","modified_gmt":"2016-03-20T15:51:28","slug":"patriarca-ecumenico-bartolomeu-coracao-do-homem-deve-mudar","status":"publish","type":"post","link":"https:\/\/news.ecclesia.org.br\/?p=9314","title":{"rendered":"PATRIARCA ECUM\u00caNICO BARTOLOMEU: &#8220;CORA\u00c7\u00c3O DO HOMEM DEVE MUDAR&#8221;"},"content":{"rendered":"<p style=\"text-align: justify;\"><strong><a href=\"https:\/\/news.ecclesia.org.br\/2013\/wp-content\/uploads\/2012\/06\/patriarca-bartolomeu1.jpg\" rel=\"attachment wp-att-9319\"><img fetchpriority=\"high\" decoding=\"async\" class=\"alignleft size-medium wp-image-9319\" src=\"https:\/\/news.ecclesia.org.br\/2013\/wp-content\/uploads\/2012\/06\/patriarca-bartolomeu1-300x225.jpg\" alt=\"patriarca-bartolomeu\" width=\"300\" height=\"225\" srcset=\"https:\/\/news.ecclesia.org.br\/wp-content\/uploads\/2012\/06\/patriarca-bartolomeu1-300x225.jpg 300w, https:\/\/news.ecclesia.org.br\/wp-content\/uploads\/2012\/06\/patriarca-bartolomeu1-73x55.jpg 73w, https:\/\/news.ecclesia.org.br\/wp-content\/uploads\/2012\/06\/patriarca-bartolomeu1.jpg 440w\" sizes=\"(max-width: 300px) 100vw, 300px\" \/><\/a>Halki, 26 de Junho de 2012 &#8212;<\/strong>\u00a0\u201cSe n\u00e3o houver uma mudan\u00e7a fundamental e compacta no cora\u00e7\u00e3o do homem, o mundo vai continuar enfrentando o risco constante e crescente de um desastre ambiental irrevers\u00edvel\u201d. \u00c9 o alerta lan\u00e7ado pelo Patriarca ecum\u00eanico de Constantinopla, Bartolomeu, encerrando a \u201cC\u00fapula sobre a responsabilidade global e a sustentabilidade ambiental\u201d, nos \u00faltimos dias, na ilha de Halki, na Gr\u00e9cia.<\/p>\n<p style=\"text-align: justify;\">Em tr\u00eas dias de encontro, ambientalistas, cientistas, jornalistas, te\u00f3logos e acad\u00eamicos confrontaram-se com especialistas de todo o mundo sobre temas envolvendo biodiversidade, conserva\u00e7\u00e3o, energia, mudan\u00e7as clim\u00e1ticas, economia e inova\u00e7\u00e3o.<\/p>\n<p style=\"text-align: justify;\">O Patriarcado organizou o evento em parceria com a Southern New Hampshire University, um dos ateneus mais renomados no mundo no campo da forma\u00e7\u00e3o ao desenvolvimento econ\u00f4mico respeitoso do homem e do meio ambiente atrav\u00e9s de \u201cinovadores programas de alta tecnologia\u201d.<\/p>\n<p style=\"text-align: justify;\">O encontro de Halki segue uma s\u00e9rie de outros oito simp\u00f3sios internacionais realizados desde 1995 em lugares como os Rios Amazonas, Dan\u00fabio, Mississipi e pa\u00edses da regi\u00e3o \u00e1rtica.<\/p>\n<p style=\"text-align: justify;\">Ao encerrar o simp\u00f3sio, o Patriarca ecum\u00eanico de Constantinopla reiterou que todas as crises do mundo, inclusive a ambiental, t\u00eam ra\u00edzes no cora\u00e7\u00e3o do homem. Para Bartolomeu, \u201cqualquer possibilidade de inverter as mudan\u00e7as clim\u00e1ticas e o processo de extin\u00e7\u00e3o dos recursos do planeta requer uma mudan\u00e7a de valores e sistemas de cren\u00e7a\u201d.\u00a0(<a href=\"http:\/\/www.oecumene.radiovaticana.org\/\" target=\"_blank\">RV<\/a>)<\/p>\n","protected":false},"excerpt":{"rendered":"<p>Halki, 26 de Junho de 2012 &#8212;\u00a0\u201cSe n\u00e3o houver uma mudan\u00e7a fundamental e compacta no cora\u00e7\u00e3o do homem, o mundo vai continuar enfrentando o risco constante e crescente de um desastre ambiental irrevers\u00edvel\u201d. \u00c9 o alerta lan\u00e7ado pelo Patriarca ecum\u00eanico&#8230;<\/p>\n","protected":false},"author":1,"featured_media":9319,"comment_status":"open","ping_status":"open","sticky":false,"template":"","format":"standard","meta":{"_acf_changed":false,"footnotes":""},"categories":[3,72],"tags":[],"class_list":["post-9314","post","type-post","status-publish","format-standard","has-post-thumbnail","hentry","category-mundo","category-patriarcado-ecumenico","entry","rows-excerpt"],"acf":[],"yoast_head":"<!-- This site is optimized with the Yoast SEO plugin v27.4 - https:\/\/yoast.com\/product\/yoast-seo-wordpress\/ -->\n<title>PATRIARCA ECUM\u00caNICO BARTOLOMEU: &quot;CORA\u00c7\u00c3O DO HOMEM DEVE MUDAR&quot; | ECCLESIA NEWS<\/title>\n<meta name=\"robots\" content=\"index, follow, max-snippet:-1, max-image-preview:large, max-video-preview:-1\" \/>\n<link rel=\"canonical\" href=\"https:\/\/news.ecclesia.org.br\/?p=9314\" \/>\n<meta property=\"og:locale\" content=\"pt_BR\" \/>\n<meta property=\"og:type\" content=\"article\" \/>\n<meta property=\"og:title\" content=\"PATRIARCA ECUM\u00caNICO BARTOLOMEU: &quot;CORA\u00c7\u00c3O DO HOMEM DEVE MUDAR&quot; | ECCLESIA NEWS\" \/>\n<meta property=\"og:description\" content=\"Halki, 26 de Junho de 2012 &#8212;\u00a0\u201cSe n\u00e3o houver uma mudan\u00e7a fundamental e compacta no cora\u00e7\u00e3o do homem, o mundo vai continuar enfrentando o risco constante e crescente de um desastre ambiental irrevers\u00edvel\u201d. \u00c9 o alerta lan\u00e7ado pelo Patriarca ecum\u00eanico&#8230;\" \/>\n<meta property=\"og:url\" content=\"https:\/\/news.ecclesia.org.br\/?p=9314\" \/>\n<meta property=\"og:site_name\" content=\"ECCLESIA NEWS\" \/>\n<meta property=\"article:publisher\" content=\"https:\/\/www.facebook.com\/Ecclesia2025\" \/>\n<meta property=\"article:published_time\" content=\"2012-06-26T12:09:33+00:00\" \/>\n<meta property=\"article:modified_time\" content=\"2016-03-20T15:51:28+00:00\" \/>\n<meta property=\"og:image\" content=\"https:\/\/news.ecclesia.org.br\/wp-content\/uploads\/2012\/06\/patriarca-bartolomeu1.jpg\" \/>\n\t<meta property=\"og:image:width\" content=\"440\" \/>\n\t<meta property=\"og:image:height\" content=\"330\" \/>\n\t<meta property=\"og:image:type\" content=\"image\/jpeg\" \/>\n<meta name=\"author\" content=\"Pe. Andr\u00e9\" \/>\n<meta name=\"twitter:card\" content=\"summary_large_image\" \/>\n<meta name=\"twitter:creator\" content=\"@EcclesiaNews\" \/>\n<meta name=\"twitter:site\" content=\"@EcclesiaNews\" \/>\n<meta name=\"twitter:label1\" content=\"Escrito por\" \/>\n\t<meta name=\"twitter:data1\" content=\"Pe. Andr\u00e9\" \/>\n\t<meta name=\"twitter:label2\" content=\"Est. tempo de leitura\" \/>\n\t<meta name=\"twitter:data2\" content=\"1 minuto\" \/>\n<script type=\"application\/ld+json\" class=\"yoast-schema-graph\">{\"@context\":\"https:\\\/\\\/schema.org\",\"@graph\":[{\"@type\":\"Article\",\"@id\":\"https:\\\/\\\/news.ecclesia.org.br\\\/?p=9314#article\",\"isPartOf\":{\"@id\":\"https:\\\/\\\/news.ecclesia.org.br\\\/?p=9314\"},\"author\":{\"name\":\"Pe. Andr\u00e9\",\"@id\":\"https:\\\/\\\/news.ecclesia.org.br\\\/#\\\/schema\\\/person\\\/6f09597f025829745ba414a569f63758\"},\"headline\":\"PATRIARCA ECUM\u00caNICO BARTOLOMEU: &#8220;CORA\u00c7\u00c3O DO HOMEM DEVE MUDAR&#8221;\",\"datePublished\":\"2012-06-26T12:09:33+00:00\",\"dateModified\":\"2016-03-20T15:51:28+00:00\",\"mainEntityOfPage\":{\"@id\":\"https:\\\/\\\/news.ecclesia.org.br\\\/?p=9314\"},\"wordCount\":254,\"commentCount\":0,\"publisher\":{\"@id\":\"https:\\\/\\\/news.ecclesia.org.br\\\/#organization\"},\"image\":{\"@id\":\"https:\\\/\\\/news.ecclesia.org.br\\\/?p=9314#primaryimage\"},\"thumbnailUrl\":\"https:\\\/\\\/news.ecclesia.org.br\\\/wp-content\\\/uploads\\\/2012\\\/06\\\/patriarca-bartolomeu1.jpg\",\"articleSection\":[\"Mundo Ortodoxo\",\"Patriarcado Ecum\u00eanico\"],\"inLanguage\":\"pt-BR\",\"potentialAction\":[{\"@type\":\"CommentAction\",\"name\":\"Comment\",\"target\":[\"https:\\\/\\\/news.ecclesia.org.br\\\/?p=9314#respond\"]}]},{\"@type\":\"WebPage\",\"@id\":\"https:\\\/\\\/news.ecclesia.org.br\\\/?p=9314\",\"url\":\"https:\\\/\\\/news.ecclesia.org.br\\\/?p=9314\",\"name\":\"PATRIARCA ECUM\u00caNICO BARTOLOMEU: \\\"CORA\u00c7\u00c3O DO HOMEM DEVE MUDAR\\\" | ECCLESIA NEWS\",\"isPartOf\":{\"@id\":\"https:\\\/\\\/news.ecclesia.org.br\\\/#website\"},\"primaryImageOfPage\":{\"@id\":\"https:\\\/\\\/news.ecclesia.org.br\\\/?p=9314#primaryimage\"},\"image\":{\"@id\":\"https:\\\/\\\/news.ecclesia.org.br\\\/?p=9314#primaryimage\"},\"thumbnailUrl\":\"https:\\\/\\\/news.ecclesia.org.br\\\/wp-content\\\/uploads\\\/2012\\\/06\\\/patriarca-bartolomeu1.jpg\",\"datePublished\":\"2012-06-26T12:09:33+00:00\",\"dateModified\":\"2016-03-20T15:51:28+00:00\",\"breadcrumb\":{\"@id\":\"https:\\\/\\\/news.ecclesia.org.br\\\/?p=9314#breadcrumb\"},\"inLanguage\":\"pt-BR\",\"potentialAction\":[{\"@type\":\"ReadAction\",\"target\":[\"https:\\\/\\\/news.ecclesia.org.br\\\/?p=9314\"]}]},{\"@type\":\"ImageObject\",\"inLanguage\":\"pt-BR\",\"@id\":\"https:\\\/\\\/news.ecclesia.org.br\\\/?p=9314#primaryimage\",\"url\":\"https:\\\/\\\/news.ecclesia.org.br\\\/wp-content\\\/uploads\\\/2012\\\/06\\\/patriarca-bartolomeu1.jpg\",\"contentUrl\":\"https:\\\/\\\/news.ecclesia.org.br\\\/wp-content\\\/uploads\\\/2012\\\/06\\\/patriarca-bartolomeu1.jpg\",\"width\":440,\"height\":330},{\"@type\":\"BreadcrumbList\",\"@id\":\"https:\\\/\\\/news.ecclesia.org.br\\\/?p=9314#breadcrumb\",\"itemListElement\":[{\"@type\":\"ListItem\",\"position\":1,\"name\":\"In\u00edcio\",\"item\":\"https:\\\/\\\/news.ecclesia.org.br\\\/\"},{\"@type\":\"ListItem\",\"position\":2,\"name\":\"PATRIARCA ECUM\u00caNICO BARTOLOMEU: &#8220;CORA\u00c7\u00c3O DO HOMEM DEVE MUDAR&#8221;\"}]},{\"@type\":\"WebSite\",\"@id\":\"https:\\\/\\\/news.ecclesia.org.br\\\/#website\",\"url\":\"https:\\\/\\\/news.ecclesia.org.br\\\/\",\"name\":\"Ecclesia Brasil\",\"description\":\"Desde 2003 onectando o Brasil ao mundo ortodoxo!\",\"publisher\":{\"@id\":\"https:\\\/\\\/news.ecclesia.org.br\\\/#organization\"},\"alternateName\":\"Ecclesia\",\"potentialAction\":[{\"@type\":\"SearchAction\",\"target\":{\"@type\":\"EntryPoint\",\"urlTemplate\":\"https:\\\/\\\/news.ecclesia.org.br\\\/?s={search_term_string}\"},\"query-input\":{\"@type\":\"PropertyValueSpecification\",\"valueRequired\":true,\"valueName\":\"search_term_string\"}}],\"inLanguage\":\"pt-BR\"},{\"@type\":\"Organization\",\"@id\":\"https:\\\/\\\/news.ecclesia.org.br\\\/#organization\",\"name\":\"Sacra Arquidiocese de Buenos Aires e Am\u00e9rica do Sul | Patriarcado Ecum\u00eanico\",\"alternateName\":\"News Ecclesia Brasil\",\"url\":\"https:\\\/\\\/news.ecclesia.org.br\\\/\",\"logo\":{\"@type\":\"ImageObject\",\"inLanguage\":\"pt-BR\",\"@id\":\"https:\\\/\\\/news.ecclesia.org.br\\\/#\\\/schema\\\/logo\\\/image\\\/\",\"url\":\"https:\\\/\\\/news.ecclesia.org.br\\\/wp-content\\\/uploads\\\/2025\\\/05\\\/ecclesia2.png\",\"contentUrl\":\"https:\\\/\\\/news.ecclesia.org.br\\\/wp-content\\\/uploads\\\/2025\\\/05\\\/ecclesia2.png\",\"width\":480,\"height\":120,\"caption\":\"Sacra Arquidiocese de Buenos Aires e Am\u00e9rica do Sul | Patriarcado Ecum\u00eanico\"},\"image\":{\"@id\":\"https:\\\/\\\/news.ecclesia.org.br\\\/#\\\/schema\\\/logo\\\/image\\\/\"},\"sameAs\":[\"https:\\\/\\\/www.facebook.com\\\/Ecclesia2025\",\"https:\\\/\\\/x.com\\\/EcclesiaNews\",\"https:\\\/\\\/br.pinterest.com\\\/ekklisia\\\/\",\"https:\\\/\\\/www.youtube.com\\\/@EcclesiaBrasil\"]},{\"@type\":\"Person\",\"@id\":\"https:\\\/\\\/news.ecclesia.org.br\\\/#\\\/schema\\\/person\\\/6f09597f025829745ba414a569f63758\",\"name\":\"Pe. Andr\u00e9\",\"image\":{\"@type\":\"ImageObject\",\"inLanguage\":\"pt-BR\",\"@id\":\"https:\\\/\\\/secure.gravatar.com\\\/avatar\\\/b4327cfa27e9799da239a26adcd534fc29cdc0c4a4a148eecbcfeb9b42c617ac?s=96&d=mm&r=g\",\"url\":\"https:\\\/\\\/secure.gravatar.com\\\/avatar\\\/b4327cfa27e9799da239a26adcd534fc29cdc0c4a4a148eecbcfeb9b42c617ac?s=96&d=mm&r=g\",\"contentUrl\":\"https:\\\/\\\/secure.gravatar.com\\\/avatar\\\/b4327cfa27e9799da239a26adcd534fc29cdc0c4a4a148eecbcfeb9b42c617ac?s=96&d=mm&r=g\",\"caption\":\"Pe. Andr\u00e9\"},\"sameAs\":[\"https:\\\/\\\/www.ecclesia.org.br\"]}]}<\/script>\n<!-- \/ Yoast SEO plugin. -->","yoast_head_json":{"title":"PATRIARCA ECUM\u00caNICO BARTOLOMEU: \"CORA\u00c7\u00c3O DO HOMEM DEVE MUDAR\" | ECCLESIA NEWS","robots":{"index":"index","follow":"follow","max-snippet":"max-snippet:-1","max-image-preview":"max-image-preview:large","max-video-preview":"max-video-preview:-1"},"canonical":"https:\/\/news.ecclesia.org.br\/?p=9314","og_locale":"pt_BR","og_type":"article","og_title":"PATRIARCA ECUM\u00caNICO BARTOLOMEU: \"CORA\u00c7\u00c3O DO HOMEM DEVE MUDAR\" | ECCLESIA NEWS","og_description":"Halki, 26 de Junho de 2012 &#8212;\u00a0\u201cSe n\u00e3o houver uma mudan\u00e7a fundamental e compacta no cora\u00e7\u00e3o do homem, o mundo vai continuar enfrentando o risco constante e crescente de um desastre ambiental irrevers\u00edvel\u201d. \u00c9 o alerta lan\u00e7ado pelo Patriarca ecum\u00eanico&#8230;","og_url":"https:\/\/news.ecclesia.org.br\/?p=9314","og_site_name":"ECCLESIA NEWS","article_publisher":"https:\/\/www.facebook.com\/Ecclesia2025","article_published_time":"2012-06-26T12:09:33+00:00","article_modified_time":"2016-03-20T15:51:28+00:00","og_image":[{"width":440,"height":330,"url":"https:\/\/news.ecclesia.org.br\/wp-content\/uploads\/2012\/06\/patriarca-bartolomeu1.jpg","type":"image\/jpeg"}],"author":"Pe. Andr\u00e9","twitter_card":"summary_large_image","twitter_creator":"@EcclesiaNews","twitter_site":"@EcclesiaNews","twitter_misc":{"Escrito por":"Pe. Andr\u00e9","Est. tempo de leitura":"1 minuto"},"schema":{"@context":"https:\/\/schema.org","@graph":[{"@type":"Article","@id":"https:\/\/news.ecclesia.org.br\/?p=9314#article","isPartOf":{"@id":"https:\/\/news.ecclesia.org.br\/?p=9314"},"author":{"name":"Pe. Andr\u00e9","@id":"https:\/\/news.ecclesia.org.br\/#\/schema\/person\/6f09597f025829745ba414a569f63758"},"headline":"PATRIARCA ECUM\u00caNICO BARTOLOMEU: &#8220;CORA\u00c7\u00c3O DO HOMEM DEVE MUDAR&#8221;","datePublished":"2012-06-26T12:09:33+00:00","dateModified":"2016-03-20T15:51:28+00:00","mainEntityOfPage":{"@id":"https:\/\/news.ecclesia.org.br\/?p=9314"},"wordCount":254,"commentCount":0,"publisher":{"@id":"https:\/\/news.ecclesia.org.br\/#organization"},"image":{"@id":"https:\/\/news.ecclesia.org.br\/?p=9314#primaryimage"},"thumbnailUrl":"https:\/\/news.ecclesia.org.br\/wp-content\/uploads\/2012\/06\/patriarca-bartolomeu1.jpg","articleSection":["Mundo Ortodoxo","Patriarcado Ecum\u00eanico"],"inLanguage":"pt-BR","potentialAction":[{"@type":"CommentAction","name":"Comment","target":["https:\/\/news.ecclesia.org.br\/?p=9314#respond"]}]},{"@type":"WebPage","@id":"https:\/\/news.ecclesia.org.br\/?p=9314","url":"https:\/\/news.ecclesia.org.br\/?p=9314","name":"PATRIARCA ECUM\u00caNICO BARTOLOMEU: \"CORA\u00c7\u00c3O DO HOMEM DEVE MUDAR\" | ECCLESIA NEWS","isPartOf":{"@id":"https:\/\/news.ecclesia.org.br\/#website"},"primaryImageOfPage":{"@id":"https:\/\/news.ecclesia.org.br\/?p=9314#primaryimage"},"image":{"@id":"https:\/\/news.ecclesia.org.br\/?p=9314#primaryimage"},"thumbnailUrl":"https:\/\/news.ecclesia.org.br\/wp-content\/uploads\/2012\/06\/patriarca-bartolomeu1.jpg","datePublished":"2012-06-26T12:09:33+00:00","dateModified":"2016-03-20T15:51:28+00:00","breadcrumb":{"@id":"https:\/\/news.ecclesia.org.br\/?p=9314#breadcrumb"},"inLanguage":"pt-BR","potentialAction":[{"@type":"ReadAction","target":["https:\/\/news.ecclesia.org.br\/?p=9314"]}]},{"@type":"ImageObject","inLanguage":"pt-BR","@id":"https:\/\/news.ecclesia.org.br\/?p=9314#primaryimage","url":"https:\/\/news.ecclesia.org.br\/wp-content\/uploads\/2012\/06\/patriarca-bartolomeu1.jpg","contentUrl":"https:\/\/news.ecclesia.org.br\/wp-content\/uploads\/2012\/06\/patriarca-bartolomeu1.jpg","width":440,"height":330},{"@type":"BreadcrumbList","@id":"https:\/\/news.ecclesia.org.br\/?p=9314#breadcrumb","itemListElement":[{"@type":"ListItem","position":1,"name":"In\u00edcio","item":"https:\/\/news.ecclesia.org.br\/"},{"@type":"ListItem","position":2,"name":"PATRIARCA ECUM\u00caNICO BARTOLOMEU: &#8220;CORA\u00c7\u00c3O DO HOMEM DEVE MUDAR&#8221;"}]},{"@type":"WebSite","@id":"https:\/\/news.ecclesia.org.br\/#website","url":"https:\/\/news.ecclesia.org.br\/","name":"Ecclesia Brasil","description":"Desde 2003 onectando o Brasil ao mundo ortodoxo!","publisher":{"@id":"https:\/\/news.ecclesia.org.br\/#organization"},"alternateName":"Ecclesia","potentialAction":[{"@type":"SearchAction","target":{"@type":"EntryPoint","urlTemplate":"https:\/\/news.ecclesia.org.br\/?s={search_term_string}"},"query-input":{"@type":"PropertyValueSpecification","valueRequired":true,"valueName":"search_term_string"}}],"inLanguage":"pt-BR"},{"@type":"Organization","@id":"https:\/\/news.ecclesia.org.br\/#organization","name":"Sacra Arquidiocese de Buenos Aires e Am\u00e9rica do Sul | Patriarcado Ecum\u00eanico","alternateName":"News Ecclesia Brasil","url":"https:\/\/news.ecclesia.org.br\/","logo":{"@type":"ImageObject","inLanguage":"pt-BR","@id":"https:\/\/news.ecclesia.org.br\/#\/schema\/logo\/image\/","url":"https:\/\/news.ecclesia.org.br\/wp-content\/uploads\/2025\/05\/ecclesia2.png","contentUrl":"https:\/\/news.ecclesia.org.br\/wp-content\/uploads\/2025\/05\/ecclesia2.png","width":480,"height":120,"caption":"Sacra Arquidiocese de Buenos Aires e Am\u00e9rica do Sul | Patriarcado Ecum\u00eanico"},"image":{"@id":"https:\/\/news.ecclesia.org.br\/#\/schema\/logo\/image\/"},"sameAs":["https:\/\/www.facebook.com\/Ecclesia2025","https:\/\/x.com\/EcclesiaNews","https:\/\/br.pinterest.com\/ekklisia\/","https:\/\/www.youtube.com\/@EcclesiaBrasil"]},{"@type":"Person","@id":"https:\/\/news.ecclesia.org.br\/#\/schema\/person\/6f09597f025829745ba414a569f63758","name":"Pe. Andr\u00e9","image":{"@type":"ImageObject","inLanguage":"pt-BR","@id":"https:\/\/secure.gravatar.com\/avatar\/b4327cfa27e9799da239a26adcd534fc29cdc0c4a4a148eecbcfeb9b42c617ac?s=96&d=mm&r=g","url":"https:\/\/secure.gravatar.com\/avatar\/b4327cfa27e9799da239a26adcd534fc29cdc0c4a4a148eecbcfeb9b42c617ac?s=96&d=mm&r=g","contentUrl":"https:\/\/secure.gravatar.com\/avatar\/b4327cfa27e9799da239a26adcd534fc29cdc0c4a4a148eecbcfeb9b42c617ac?s=96&d=mm&r=g","caption":"Pe. Andr\u00e9"},"sameAs":["https:\/\/www.ecclesia.org.br"]}]}},"_links":{"self":[{"href":"https:\/\/news.ecclesia.org.br\/index.php?rest_route=\/wp\/v2\/posts\/9314","targetHints":{"allow":["GET"]}}],"collection":[{"href":"https:\/\/news.ecclesia.org.br\/index.php?rest_route=\/wp\/v2\/posts"}],"about":[{"href":"https:\/\/news.ecclesia.org.br\/index.php?rest_route=\/wp\/v2\/types\/post"}],"author":[{"embeddable":true,"href":"https:\/\/news.ecclesia.org.br\/index.php?rest_route=\/wp\/v2\/users\/1"}],"replies":[{"embeddable":true,"href":"https:\/\/news.ecclesia.org.br\/index.php?rest_route=%2Fwp%2Fv2%2Fcomments&post=9314"}],"version-history":[{"count":0,"href":"https:\/\/news.ecclesia.org.br\/index.php?rest_route=\/wp\/v2\/posts\/9314\/revisions"}],"wp:featuredmedia":[{"embeddable":true,"href":"https:\/\/news.ecclesia.org.br\/index.php?rest_route=\/wp\/v2\/media\/9319"}],"wp:attachment":[{"href":"https:\/\/news.ecclesia.org.br\/index.php?rest_route=%2Fwp%2Fv2%2Fmedia&parent=9314"}],"wp:term":[{"taxonomy":"category","embeddable":true,"href":"https:\/\/news.ecclesia.org.br\/index.php?rest_route=%2Fwp%2Fv2%2Fcategories&post=9314"},{"taxonomy":"post_tag","embeddable":true,"href":"https:\/\/news.ecclesia.org.br\/index.php?rest_route=%2Fwp%2Fv2%2Ftags&post=9314"}],"curies":[{"name":"wp","href":"https:\/\/api.w.org\/{rel}","templated":true}]}}