{"id":9212,"date":"2012-05-24T14:42:57","date_gmt":"2012-05-24T14:42:57","guid":{"rendered":"http:\/\/ecclesia.com.br\/news\/2012\/?p=9212"},"modified":"2016-03-20T15:32:53","modified_gmt":"2016-03-20T15:32:53","slug":"novo-encontro-internacional-do-patriarca-verde","status":"publish","type":"post","link":"https:\/\/news.ecclesia.org.br\/?p=9212","title":{"rendered":"NOVO ENCONTRO INTERNACIONAL DO \u00abPATRIARCA VERDE\u00bb"},"content":{"rendered":"<p style=\"text-align: justify; padding-left: 30px;\"><strong>Era o ano de 1989, quando na\u00a0<a href=\"http:\/\/www.ihu.unisinos.br\/entrevistas\/37140-criaturas-entre-criaturas-o-desafio-de-cuidar-da-criacao-entrevista-especial-com-isolde-schoenstein\" target=\"_blank\">Assembleia Ecum\u00eanica da Basileia<\/a>\u00a0o ent\u00e3o patriarca\u00a0Dimitrios, de Constantinopla, a quem se deve reconhecer o m\u00e9rito de haver analisado os problemas ambientais sob a \u00f3tica da f\u00e9, prop\u00f4s a cria\u00e7\u00e3o de um dia dedicado \u00e0\u00a0<a href=\"http:\/\/www.ihuonline.unisinos.br\/index.php?option=com_content&amp;view=article&amp;id=3559&amp;secao=346\" target=\"_blank\">Cria\u00e7\u00e3o<\/a>. A escolha do dia primeiro de setembro (quando come\u00e7a o ano lit\u00fargico ortodoxo) foi obra de seu sucessor,\u00a0Bartolomeu I\u00a0(foto), conhecido como o \u201cPatriarca Verde\u201d por conseguir tornar a emerg\u00eancia ambiental, definitivamente, em algo considerado pelas igrejas crist\u00e3s, \u201cum dever e uma responsabilidade comum diante de\u00a0Deus\u00a0e da hist\u00f3ria\u201d.<\/strong><\/p>\n<p style=\"text-align: justify; padding-left: 30px;\"><strong>A reportagem \u00e9 de\u00a0Teresa Pontara Pederiva, publicada no s\u00edtio\u00a0Vatican Insider, 21-05-2012. A tradu\u00e7\u00e3o \u00e9 do\u00a0Cepat.<\/strong><\/p>\n<p style=\"text-align: justify;\"><a href=\"https:\/\/news.ecclesia.org.br\/2013\/wp-content\/uploads\/2015\/12\/patriarca-bartolomeu-3.jpg\" rel=\"attachment wp-att-10400\"><img fetchpriority=\"high\" decoding=\"async\" class=\"alignleft size-medium wp-image-10400\" src=\"https:\/\/news.ecclesia.org.br\/2013\/wp-content\/uploads\/2015\/12\/patriarca-bartolomeu-3-300x282.jpg\" alt=\"patriarca-bartolomeu\" width=\"300\" height=\"282\" srcset=\"https:\/\/news.ecclesia.org.br\/wp-content\/uploads\/2015\/12\/patriarca-bartolomeu-3-300x282.jpg 300w, https:\/\/news.ecclesia.org.br\/wp-content\/uploads\/2015\/12\/patriarca-bartolomeu-3-58x55.jpg 58w, https:\/\/news.ecclesia.org.br\/wp-content\/uploads\/2015\/12\/patriarca-bartolomeu-3.jpg 597w\" sizes=\"(max-width: 300px) 100vw, 300px\" \/><\/a>Em 1994,\u00a0<strong>Bartolomeu I\u00a0<\/strong>fez uma distin\u00e7\u00e3o entre <strong>\u201cethos eucar\u00edstico\u201d<\/strong>, ou seja, o uso dos recursos naturais com \u201cagradecimento\u201d, oferecido cotidianamente a\u00a0<strong>Deus<\/strong>, al\u00e9m de n\u00f3s mesmos; o <strong>\u201cethos asc\u00e9tico\u201d<\/strong>, que prev\u00ea jejum e outras obras espirituais (que nos faz reconhecer que as coisas que damos por comuns s\u00e3o efetivamente dons de\u00a0<strong>Deus\u00a0<\/strong>para satisfazer nossas necessidades), e o <strong>\u201cethos lit\u00fargico\u201d<\/strong>, que destaca o compromisso comunit\u00e1rio e o fato de se compartilhar os bens. \u201cN\u00e3o compartilhar nosso bem-estar com o pobre \u00e9 roub\u00e1-lo, privando-o dos meios para viver\u201d, concluiu o Patriarca numa de suas \u201chist\u00f3ricas\u201d declara\u00e7\u00f5es, tanto que, em 2008, Sua Santidade figurou entre as 100 pessoas mais influentes do mundo, na lista da revista \u201c<strong>Times<\/strong>\u201d.<\/p>\n<p style=\"text-align: justify;\">Durante estes anos, o interesse pela defesa do meio ambiente tem representado um aut\u00eantico motor do di\u00e1logo ecum\u00eanico entre as igrejas, em que os ortodoxos se encontram, constantemente, em primeira linha e, inclusive, chegam primeiro que os demais.<\/p>\n<p style=\"text-align: justify;\">Todas as assembleias ecum\u00eanicas (Basileia 1989, Graz 1997, Sibiu 2007) mostraram um forte compromisso com o meio ambiente, e\u00a0<strong>Bartolomeu I<\/strong>\u00a0sempre foi um dos protagonistas.<\/p>\n<p style=\"text-align: justify;\">Desta forma, se tem uma certeza, entre tantas outras, a do an\u00fancio do pr\u00f3ximo \u201c<strong>Halki Summit<\/strong>\u201d, um encontro que acontecer\u00e1 de 18 a 20 de junho, promovido pelo\u00a0<strong>Patriarcado Ecum\u00eanico de Constantinopla\u00a0<\/strong>e patrocinado pela\u00a0<strong>Southern New Hampshire University<\/strong>, para que sejam discutidas as responsabilidades globais para se tomar futuras decis\u00f5es sustent\u00e1veis.<\/p>\n<p style=\"text-align: justify;\">Na pequena ilha de Heybeliada, ao longo da costa de Istambul, na hist\u00f3rica escola de Halki, o l\u00edder espiritual da\u00a0<strong>Igreja Ortodoxa<\/strong>\u00a0convocou (ap\u00f3s tantas visitas pelo mundo, da Est\u00f4nia at\u00e9 a Calif\u00f3rnia, passando pela Groel\u00e2ndia) a um grupo de estudiosos, cientistas, jornalistas, te\u00f3logos e homens de neg\u00f3cios com o objetivo de refletir sobre a urg\u00eancia em se reconhecer que qualquer a\u00e7\u00e3o, para curar o meio ambiente, ter\u00e1 \u00eaxito se orientada segundo valores comuns. Trata-se da import\u00e2ncia da \u00e9tica e da espiritualidade, como anunciaram as Igrejas europeias, em vista do encontro\u00a0<strong>COMECE-CEC<\/strong>, em Bruxelas, no dia 23 de maio.<\/p>\n<p style=\"text-align: justify;\">De 1994 a 1998,\u00a0<strong>Bartolomeu I<\/strong>\u00a0organizou cinco semin\u00e1rios de ver\u00e3o sobre o meio ambiente (ou a Cria\u00e7\u00e3o); de 1995 a 2009, outros oito congressos internacionais e, agora, este encontro em Halki, que poderia, verdadeiramente, representar um novo come\u00e7o, neste momento de\u00a0<a href=\"http:\/\/www.ihu.unisinos.br\/entrevistas\/508201-crise-internacional-esta-tudo-embaracado-numa-ideologia-fortissima-entrevista-especial-com-jose-carlos-de-assis\" target=\"_blank\"><strong>crise internacional\u00a0<\/strong><\/a>e de revis\u00e3o das decis\u00f5es econ\u00f4micas.<\/p>\n<p style=\"text-align: justify;\">Os assuntos principais do Congresso ser\u00e3o:\u00a0<a href=\"http:\/\/www.ihu.unisinos.br\/noticias\/506264-biodiversidade-nao-tem-muito-mais-o-que-negociar-agora-e-agir\" target=\"_blank\"><strong>biodiversidade e conserva\u00e7\u00e3o<\/strong><\/a>, energia e mudan\u00e7a clim\u00e1tica,<a href=\"http:\/\/www.ihu.unisinos.br\/noticias\/509206-sustentabilidadeeeducacao\" target=\"_blank\"><strong>responsabilidade e sustentabilidade<\/strong><\/a>. Entre os participantes, destaca-se a presen\u00e7a da antrop\u00f3loga\u00a0<strong>Jane Goodall<\/strong>, estudiosa de primatas e, h\u00e1 anos, ativista em defesa do meio ambiente,\u00a0<strong>Gary Hirshberg<\/strong>, fundador e presidente da<strong>Stonyfield Farm<\/strong>,\u00a0<strong>Bill McKibben<\/strong>, jornalista, escritor e ambientalista,\u00a0<strong>Mohammed Al-Sabban<\/strong>, economista da<strong>\u00a0King Abdul University<\/strong>, da Ar\u00e1bia Saudita,\u00a0<strong>William<\/strong>\u00a0<strong>Antholis<\/strong>, diretor geral da\u00a0<strong>Booking Institution<\/strong>,\u00a0<strong>Nina Antonietti<\/strong>, historiadora do<strong>\u00a0Smith College<\/strong>\u00a0de Massachussets e\u00a0<strong>Nicholas Askounes Ashford<\/strong>, diretor da\u00a0<strong>Technology e Law Program do MIT<\/strong>\u00a0de Boston,\u00a0<a href=\"http:\/\/www.ihu.unisinos.br\/noticias\/502378-londres-bispo-se-encontra-com-os-indignados\" target=\"_blank\"><strong>Richard Chartres<\/strong><\/a>, bispo de Londres,\u00a0<strong>Michele Goldsmith<\/strong>, professora de ci\u00eancias ambientais da\u00a0<strong>Southern New<\/strong>\u00a0<strong>Hampshire University<\/strong>. As sess\u00f5es ser\u00e3o presididas por pessoas reconhecidas como<strong>Krista Tipett<\/strong>\u00a0de \u201c<strong>On Being<\/strong>\u201d (<strong>American Public Media<\/strong>), enquanto a sess\u00e3o de encerramento ser\u00e1 presidida pelo metropolita grego\u00a0<strong>Ioannis Zizioulas<\/strong>\u00a0de P\u00e9rgamo, o porta-voz mais conhecido entre os ortodoxos nas quest\u00f5es ambientais.<\/p>\n<p style=\"text-align: justify;\">\u201cEsta confer\u00eancia \u2013 se l\u00ea no comunicado \u2013 pretende levar a uma nova dimens\u00e3o de maior decis\u00e3o na mudan\u00e7a pessoal e cultural, no \u00e2mbito de um amplo di\u00e1logo internacional sobre a sustentabilidade. O que esperamos \u00e9 poder chamar a aten\u00e7\u00e3o sobre novas dimens\u00f5es \u00e9ticas e morais ao se enfrentar os problemas ecol\u00f3gicos\u201d.<\/p>\n<p style=\"text-align: right;\">Fonte:<\/p>\n<p style=\"text-align: right;\">\u00a0\u00a0<a title=\"Instituto Humanitas Unisinos\" href=\"http:\/\/www.ihu.unisinos.br\/\" target=\"_blank\" rel=\"http:\/\/www.ihu.unisinos.br\"><img decoding=\"async\" class=\"alignright wp-image-9214\" title=\"ihu\" src=\"http:\/\/ecclesia.com.br\/news\/2012\/wp-content\/uploads\/2012\/05\/ihu.jpg\" alt=\"\" width=\"126\" height=\"68\" \/><\/a><\/p>\n","protected":false},"excerpt":{"rendered":"<p>Era o ano de 1989, quando na\u00a0Assembleia Ecum\u00eanica da Basileia\u00a0o ent\u00e3o patriarca\u00a0Dimitrios, de Constantinopla, a quem se deve reconhecer o m\u00e9rito de haver analisado os problemas ambientais sob a \u00f3tica da f\u00e9, prop\u00f4s a cria\u00e7\u00e3o de um dia dedicado \u00e0\u00a0Cria\u00e7\u00e3o.&#8230;<\/p>\n","protected":false},"author":1,"featured_media":9213,"comment_status":"open","ping_status":"open","sticky":false,"template":"","format":"standard","meta":{"_acf_changed":false,"footnotes":""},"categories":[3,72],"tags":[],"class_list":["post-9212","post","type-post","status-publish","format-standard","has-post-thumbnail","hentry","category-mundo","category-patriarcado-ecumenico","entry","rows-excerpt"],"acf":[],"yoast_head":"<!-- This site is optimized with the Yoast SEO plugin v27.4 - https:\/\/yoast.com\/product\/yoast-seo-wordpress\/ -->\n<title>NOVO ENCONTRO INTERNACIONAL DO \u00abPATRIARCA VERDE\u00bb | ECCLESIA NEWS<\/title>\n<meta name=\"robots\" content=\"index, follow, max-snippet:-1, max-image-preview:large, max-video-preview:-1\" \/>\n<link rel=\"canonical\" href=\"https:\/\/news.ecclesia.org.br\/?p=9212\" \/>\n<meta property=\"og:locale\" content=\"pt_BR\" \/>\n<meta property=\"og:type\" content=\"article\" \/>\n<meta property=\"og:title\" content=\"NOVO ENCONTRO INTERNACIONAL DO \u00abPATRIARCA VERDE\u00bb | ECCLESIA NEWS\" \/>\n<meta property=\"og:description\" content=\"Era o ano de 1989, quando na\u00a0Assembleia Ecum\u00eanica da Basileia\u00a0o ent\u00e3o patriarca\u00a0Dimitrios, de Constantinopla, a quem se deve reconhecer o m\u00e9rito de haver analisado os problemas ambientais sob a \u00f3tica da f\u00e9, prop\u00f4s a cria\u00e7\u00e3o de um dia dedicado \u00e0\u00a0Cria\u00e7\u00e3o.&#8230;\" \/>\n<meta property=\"og:url\" content=\"https:\/\/news.ecclesia.org.br\/?p=9212\" \/>\n<meta property=\"og:site_name\" content=\"ECCLESIA NEWS\" \/>\n<meta property=\"article:publisher\" content=\"https:\/\/www.facebook.com\/Ecclesia2025\" \/>\n<meta property=\"article:published_time\" content=\"2012-05-24T14:42:57+00:00\" \/>\n<meta property=\"article:modified_time\" content=\"2016-03-20T15:32:53+00:00\" \/>\n<meta property=\"og:image\" content=\"https:\/\/news.ecclesia.org.br\/wp-content\/uploads\/2012\/05\/patriarca-bartolomeu1.jpg\" \/>\n\t<meta property=\"og:image:width\" content=\"436\" \/>\n\t<meta property=\"og:image:height\" content=\"330\" \/>\n\t<meta property=\"og:image:type\" content=\"image\/jpeg\" \/>\n<meta name=\"author\" content=\"Pe. Andr\u00e9\" \/>\n<meta name=\"twitter:card\" content=\"summary_large_image\" \/>\n<meta name=\"twitter:creator\" content=\"@EcclesiaNews\" \/>\n<meta name=\"twitter:site\" content=\"@EcclesiaNews\" \/>\n<meta name=\"twitter:label1\" content=\"Escrito por\" \/>\n\t<meta name=\"twitter:data1\" content=\"Pe. Andr\u00e9\" \/>\n\t<meta name=\"twitter:label2\" content=\"Est. tempo de leitura\" \/>\n\t<meta name=\"twitter:data2\" content=\"4 minutos\" \/>\n<script type=\"application\/ld+json\" class=\"yoast-schema-graph\">{\"@context\":\"https:\\\/\\\/schema.org\",\"@graph\":[{\"@type\":\"Article\",\"@id\":\"https:\\\/\\\/news.ecclesia.org.br\\\/?p=9212#article\",\"isPartOf\":{\"@id\":\"https:\\\/\\\/news.ecclesia.org.br\\\/?p=9212\"},\"author\":{\"name\":\"Pe. Andr\u00e9\",\"@id\":\"https:\\\/\\\/news.ecclesia.org.br\\\/#\\\/schema\\\/person\\\/6f09597f025829745ba414a569f63758\"},\"headline\":\"NOVO ENCONTRO INTERNACIONAL DO \u00abPATRIARCA VERDE\u00bb\",\"datePublished\":\"2012-05-24T14:42:57+00:00\",\"dateModified\":\"2016-03-20T15:32:53+00:00\",\"mainEntityOfPage\":{\"@id\":\"https:\\\/\\\/news.ecclesia.org.br\\\/?p=9212\"},\"wordCount\":751,\"commentCount\":0,\"publisher\":{\"@id\":\"https:\\\/\\\/news.ecclesia.org.br\\\/#organization\"},\"image\":{\"@id\":\"https:\\\/\\\/news.ecclesia.org.br\\\/?p=9212#primaryimage\"},\"thumbnailUrl\":\"https:\\\/\\\/news.ecclesia.org.br\\\/wp-content\\\/uploads\\\/2012\\\/05\\\/patriarca-bartolomeu1.jpg\",\"articleSection\":[\"Mundo Ortodoxo\",\"Patriarcado Ecum\u00eanico\"],\"inLanguage\":\"pt-BR\",\"potentialAction\":[{\"@type\":\"CommentAction\",\"name\":\"Comment\",\"target\":[\"https:\\\/\\\/news.ecclesia.org.br\\\/?p=9212#respond\"]}]},{\"@type\":\"WebPage\",\"@id\":\"https:\\\/\\\/news.ecclesia.org.br\\\/?p=9212\",\"url\":\"https:\\\/\\\/news.ecclesia.org.br\\\/?p=9212\",\"name\":\"NOVO ENCONTRO INTERNACIONAL DO \u00abPATRIARCA VERDE\u00bb | ECCLESIA NEWS\",\"isPartOf\":{\"@id\":\"https:\\\/\\\/news.ecclesia.org.br\\\/#website\"},\"primaryImageOfPage\":{\"@id\":\"https:\\\/\\\/news.ecclesia.org.br\\\/?p=9212#primaryimage\"},\"image\":{\"@id\":\"https:\\\/\\\/news.ecclesia.org.br\\\/?p=9212#primaryimage\"},\"thumbnailUrl\":\"https:\\\/\\\/news.ecclesia.org.br\\\/wp-content\\\/uploads\\\/2012\\\/05\\\/patriarca-bartolomeu1.jpg\",\"datePublished\":\"2012-05-24T14:42:57+00:00\",\"dateModified\":\"2016-03-20T15:32:53+00:00\",\"breadcrumb\":{\"@id\":\"https:\\\/\\\/news.ecclesia.org.br\\\/?p=9212#breadcrumb\"},\"inLanguage\":\"pt-BR\",\"potentialAction\":[{\"@type\":\"ReadAction\",\"target\":[\"https:\\\/\\\/news.ecclesia.org.br\\\/?p=9212\"]}]},{\"@type\":\"ImageObject\",\"inLanguage\":\"pt-BR\",\"@id\":\"https:\\\/\\\/news.ecclesia.org.br\\\/?p=9212#primaryimage\",\"url\":\"https:\\\/\\\/news.ecclesia.org.br\\\/wp-content\\\/uploads\\\/2012\\\/05\\\/patriarca-bartolomeu1.jpg\",\"contentUrl\":\"https:\\\/\\\/news.ecclesia.org.br\\\/wp-content\\\/uploads\\\/2012\\\/05\\\/patriarca-bartolomeu1.jpg\",\"width\":436,\"height\":330},{\"@type\":\"BreadcrumbList\",\"@id\":\"https:\\\/\\\/news.ecclesia.org.br\\\/?p=9212#breadcrumb\",\"itemListElement\":[{\"@type\":\"ListItem\",\"position\":1,\"name\":\"In\u00edcio\",\"item\":\"https:\\\/\\\/news.ecclesia.org.br\\\/\"},{\"@type\":\"ListItem\",\"position\":2,\"name\":\"NOVO ENCONTRO INTERNACIONAL DO \u00abPATRIARCA VERDE\u00bb\"}]},{\"@type\":\"WebSite\",\"@id\":\"https:\\\/\\\/news.ecclesia.org.br\\\/#website\",\"url\":\"https:\\\/\\\/news.ecclesia.org.br\\\/\",\"name\":\"Ecclesia Brasil\",\"description\":\"Desde 2003 onectando o Brasil ao mundo ortodoxo!\",\"publisher\":{\"@id\":\"https:\\\/\\\/news.ecclesia.org.br\\\/#organization\"},\"alternateName\":\"Ecclesia\",\"potentialAction\":[{\"@type\":\"SearchAction\",\"target\":{\"@type\":\"EntryPoint\",\"urlTemplate\":\"https:\\\/\\\/news.ecclesia.org.br\\\/?s={search_term_string}\"},\"query-input\":{\"@type\":\"PropertyValueSpecification\",\"valueRequired\":true,\"valueName\":\"search_term_string\"}}],\"inLanguage\":\"pt-BR\"},{\"@type\":\"Organization\",\"@id\":\"https:\\\/\\\/news.ecclesia.org.br\\\/#organization\",\"name\":\"Sacra Arquidiocese de Buenos Aires e Am\u00e9rica do Sul | Patriarcado Ecum\u00eanico\",\"alternateName\":\"News Ecclesia Brasil\",\"url\":\"https:\\\/\\\/news.ecclesia.org.br\\\/\",\"logo\":{\"@type\":\"ImageObject\",\"inLanguage\":\"pt-BR\",\"@id\":\"https:\\\/\\\/news.ecclesia.org.br\\\/#\\\/schema\\\/logo\\\/image\\\/\",\"url\":\"https:\\\/\\\/news.ecclesia.org.br\\\/wp-content\\\/uploads\\\/2025\\\/05\\\/ecclesia2.png\",\"contentUrl\":\"https:\\\/\\\/news.ecclesia.org.br\\\/wp-content\\\/uploads\\\/2025\\\/05\\\/ecclesia2.png\",\"width\":480,\"height\":120,\"caption\":\"Sacra Arquidiocese de Buenos Aires e Am\u00e9rica do Sul | Patriarcado Ecum\u00eanico\"},\"image\":{\"@id\":\"https:\\\/\\\/news.ecclesia.org.br\\\/#\\\/schema\\\/logo\\\/image\\\/\"},\"sameAs\":[\"https:\\\/\\\/www.facebook.com\\\/Ecclesia2025\",\"https:\\\/\\\/x.com\\\/EcclesiaNews\",\"https:\\\/\\\/br.pinterest.com\\\/ekklisia\\\/\",\"https:\\\/\\\/www.youtube.com\\\/@EcclesiaBrasil\"]},{\"@type\":\"Person\",\"@id\":\"https:\\\/\\\/news.ecclesia.org.br\\\/#\\\/schema\\\/person\\\/6f09597f025829745ba414a569f63758\",\"name\":\"Pe. Andr\u00e9\",\"image\":{\"@type\":\"ImageObject\",\"inLanguage\":\"pt-BR\",\"@id\":\"https:\\\/\\\/secure.gravatar.com\\\/avatar\\\/b4327cfa27e9799da239a26adcd534fc29cdc0c4a4a148eecbcfeb9b42c617ac?s=96&d=mm&r=g\",\"url\":\"https:\\\/\\\/secure.gravatar.com\\\/avatar\\\/b4327cfa27e9799da239a26adcd534fc29cdc0c4a4a148eecbcfeb9b42c617ac?s=96&d=mm&r=g\",\"contentUrl\":\"https:\\\/\\\/secure.gravatar.com\\\/avatar\\\/b4327cfa27e9799da239a26adcd534fc29cdc0c4a4a148eecbcfeb9b42c617ac?s=96&d=mm&r=g\",\"caption\":\"Pe. Andr\u00e9\"},\"sameAs\":[\"https:\\\/\\\/www.ecclesia.org.br\"]}]}<\/script>\n<!-- \/ Yoast SEO plugin. -->","yoast_head_json":{"title":"NOVO ENCONTRO INTERNACIONAL DO \u00abPATRIARCA VERDE\u00bb | ECCLESIA NEWS","robots":{"index":"index","follow":"follow","max-snippet":"max-snippet:-1","max-image-preview":"max-image-preview:large","max-video-preview":"max-video-preview:-1"},"canonical":"https:\/\/news.ecclesia.org.br\/?p=9212","og_locale":"pt_BR","og_type":"article","og_title":"NOVO ENCONTRO INTERNACIONAL DO \u00abPATRIARCA VERDE\u00bb | ECCLESIA NEWS","og_description":"Era o ano de 1989, quando na\u00a0Assembleia Ecum\u00eanica da Basileia\u00a0o ent\u00e3o patriarca\u00a0Dimitrios, de Constantinopla, a quem se deve reconhecer o m\u00e9rito de haver analisado os problemas ambientais sob a \u00f3tica da f\u00e9, prop\u00f4s a cria\u00e7\u00e3o de um dia dedicado \u00e0\u00a0Cria\u00e7\u00e3o.&#8230;","og_url":"https:\/\/news.ecclesia.org.br\/?p=9212","og_site_name":"ECCLESIA NEWS","article_publisher":"https:\/\/www.facebook.com\/Ecclesia2025","article_published_time":"2012-05-24T14:42:57+00:00","article_modified_time":"2016-03-20T15:32:53+00:00","og_image":[{"width":436,"height":330,"url":"https:\/\/news.ecclesia.org.br\/wp-content\/uploads\/2012\/05\/patriarca-bartolomeu1.jpg","type":"image\/jpeg"}],"author":"Pe. Andr\u00e9","twitter_card":"summary_large_image","twitter_creator":"@EcclesiaNews","twitter_site":"@EcclesiaNews","twitter_misc":{"Escrito por":"Pe. Andr\u00e9","Est. tempo de leitura":"4 minutos"},"schema":{"@context":"https:\/\/schema.org","@graph":[{"@type":"Article","@id":"https:\/\/news.ecclesia.org.br\/?p=9212#article","isPartOf":{"@id":"https:\/\/news.ecclesia.org.br\/?p=9212"},"author":{"name":"Pe. Andr\u00e9","@id":"https:\/\/news.ecclesia.org.br\/#\/schema\/person\/6f09597f025829745ba414a569f63758"},"headline":"NOVO ENCONTRO INTERNACIONAL DO \u00abPATRIARCA VERDE\u00bb","datePublished":"2012-05-24T14:42:57+00:00","dateModified":"2016-03-20T15:32:53+00:00","mainEntityOfPage":{"@id":"https:\/\/news.ecclesia.org.br\/?p=9212"},"wordCount":751,"commentCount":0,"publisher":{"@id":"https:\/\/news.ecclesia.org.br\/#organization"},"image":{"@id":"https:\/\/news.ecclesia.org.br\/?p=9212#primaryimage"},"thumbnailUrl":"https:\/\/news.ecclesia.org.br\/wp-content\/uploads\/2012\/05\/patriarca-bartolomeu1.jpg","articleSection":["Mundo Ortodoxo","Patriarcado Ecum\u00eanico"],"inLanguage":"pt-BR","potentialAction":[{"@type":"CommentAction","name":"Comment","target":["https:\/\/news.ecclesia.org.br\/?p=9212#respond"]}]},{"@type":"WebPage","@id":"https:\/\/news.ecclesia.org.br\/?p=9212","url":"https:\/\/news.ecclesia.org.br\/?p=9212","name":"NOVO ENCONTRO INTERNACIONAL DO \u00abPATRIARCA VERDE\u00bb | ECCLESIA NEWS","isPartOf":{"@id":"https:\/\/news.ecclesia.org.br\/#website"},"primaryImageOfPage":{"@id":"https:\/\/news.ecclesia.org.br\/?p=9212#primaryimage"},"image":{"@id":"https:\/\/news.ecclesia.org.br\/?p=9212#primaryimage"},"thumbnailUrl":"https:\/\/news.ecclesia.org.br\/wp-content\/uploads\/2012\/05\/patriarca-bartolomeu1.jpg","datePublished":"2012-05-24T14:42:57+00:00","dateModified":"2016-03-20T15:32:53+00:00","breadcrumb":{"@id":"https:\/\/news.ecclesia.org.br\/?p=9212#breadcrumb"},"inLanguage":"pt-BR","potentialAction":[{"@type":"ReadAction","target":["https:\/\/news.ecclesia.org.br\/?p=9212"]}]},{"@type":"ImageObject","inLanguage":"pt-BR","@id":"https:\/\/news.ecclesia.org.br\/?p=9212#primaryimage","url":"https:\/\/news.ecclesia.org.br\/wp-content\/uploads\/2012\/05\/patriarca-bartolomeu1.jpg","contentUrl":"https:\/\/news.ecclesia.org.br\/wp-content\/uploads\/2012\/05\/patriarca-bartolomeu1.jpg","width":436,"height":330},{"@type":"BreadcrumbList","@id":"https:\/\/news.ecclesia.org.br\/?p=9212#breadcrumb","itemListElement":[{"@type":"ListItem","position":1,"name":"In\u00edcio","item":"https:\/\/news.ecclesia.org.br\/"},{"@type":"ListItem","position":2,"name":"NOVO ENCONTRO INTERNACIONAL DO \u00abPATRIARCA VERDE\u00bb"}]},{"@type":"WebSite","@id":"https:\/\/news.ecclesia.org.br\/#website","url":"https:\/\/news.ecclesia.org.br\/","name":"Ecclesia Brasil","description":"Desde 2003 onectando o Brasil ao mundo ortodoxo!","publisher":{"@id":"https:\/\/news.ecclesia.org.br\/#organization"},"alternateName":"Ecclesia","potentialAction":[{"@type":"SearchAction","target":{"@type":"EntryPoint","urlTemplate":"https:\/\/news.ecclesia.org.br\/?s={search_term_string}"},"query-input":{"@type":"PropertyValueSpecification","valueRequired":true,"valueName":"search_term_string"}}],"inLanguage":"pt-BR"},{"@type":"Organization","@id":"https:\/\/news.ecclesia.org.br\/#organization","name":"Sacra Arquidiocese de Buenos Aires e Am\u00e9rica do Sul | Patriarcado Ecum\u00eanico","alternateName":"News Ecclesia Brasil","url":"https:\/\/news.ecclesia.org.br\/","logo":{"@type":"ImageObject","inLanguage":"pt-BR","@id":"https:\/\/news.ecclesia.org.br\/#\/schema\/logo\/image\/","url":"https:\/\/news.ecclesia.org.br\/wp-content\/uploads\/2025\/05\/ecclesia2.png","contentUrl":"https:\/\/news.ecclesia.org.br\/wp-content\/uploads\/2025\/05\/ecclesia2.png","width":480,"height":120,"caption":"Sacra Arquidiocese de Buenos Aires e Am\u00e9rica do Sul | Patriarcado Ecum\u00eanico"},"image":{"@id":"https:\/\/news.ecclesia.org.br\/#\/schema\/logo\/image\/"},"sameAs":["https:\/\/www.facebook.com\/Ecclesia2025","https:\/\/x.com\/EcclesiaNews","https:\/\/br.pinterest.com\/ekklisia\/","https:\/\/www.youtube.com\/@EcclesiaBrasil"]},{"@type":"Person","@id":"https:\/\/news.ecclesia.org.br\/#\/schema\/person\/6f09597f025829745ba414a569f63758","name":"Pe. Andr\u00e9","image":{"@type":"ImageObject","inLanguage":"pt-BR","@id":"https:\/\/secure.gravatar.com\/avatar\/b4327cfa27e9799da239a26adcd534fc29cdc0c4a4a148eecbcfeb9b42c617ac?s=96&d=mm&r=g","url":"https:\/\/secure.gravatar.com\/avatar\/b4327cfa27e9799da239a26adcd534fc29cdc0c4a4a148eecbcfeb9b42c617ac?s=96&d=mm&r=g","contentUrl":"https:\/\/secure.gravatar.com\/avatar\/b4327cfa27e9799da239a26adcd534fc29cdc0c4a4a148eecbcfeb9b42c617ac?s=96&d=mm&r=g","caption":"Pe. Andr\u00e9"},"sameAs":["https:\/\/www.ecclesia.org.br"]}]}},"_links":{"self":[{"href":"https:\/\/news.ecclesia.org.br\/index.php?rest_route=\/wp\/v2\/posts\/9212","targetHints":{"allow":["GET"]}}],"collection":[{"href":"https:\/\/news.ecclesia.org.br\/index.php?rest_route=\/wp\/v2\/posts"}],"about":[{"href":"https:\/\/news.ecclesia.org.br\/index.php?rest_route=\/wp\/v2\/types\/post"}],"author":[{"embeddable":true,"href":"https:\/\/news.ecclesia.org.br\/index.php?rest_route=\/wp\/v2\/users\/1"}],"replies":[{"embeddable":true,"href":"https:\/\/news.ecclesia.org.br\/index.php?rest_route=%2Fwp%2Fv2%2Fcomments&post=9212"}],"version-history":[{"count":0,"href":"https:\/\/news.ecclesia.org.br\/index.php?rest_route=\/wp\/v2\/posts\/9212\/revisions"}],"wp:featuredmedia":[{"embeddable":true,"href":"https:\/\/news.ecclesia.org.br\/index.php?rest_route=\/wp\/v2\/media\/9213"}],"wp:attachment":[{"href":"https:\/\/news.ecclesia.org.br\/index.php?rest_route=%2Fwp%2Fv2%2Fmedia&parent=9212"}],"wp:term":[{"taxonomy":"category","embeddable":true,"href":"https:\/\/news.ecclesia.org.br\/index.php?rest_route=%2Fwp%2Fv2%2Fcategories&post=9212"},{"taxonomy":"post_tag","embeddable":true,"href":"https:\/\/news.ecclesia.org.br\/index.php?rest_route=%2Fwp%2Fv2%2Ftags&post=9212"}],"curies":[{"name":"wp","href":"https:\/\/api.w.org\/{rel}","templated":true}]}}