{"id":9207,"date":"2012-05-23T12:25:45","date_gmt":"2012-05-23T12:25:45","guid":{"rendered":"http:\/\/ecclesia.com.br\/news\/2012\/?p=9207"},"modified":"2016-03-20T15:35:21","modified_gmt":"2016-03-20T15:35:21","slug":"patriarca-ecumenico-promove-encontro-sobre-ecologia","status":"publish","type":"post","link":"https:\/\/news.ecclesia.org.br\/?p=9207","title":{"rendered":"PATRIARCA ECUM\u00caNICO PROMOVE ENCONTRO SOBRE ECOLOGIA"},"content":{"rendered":"<p style=\"text-align: justify;\"><strong>Patriarcado Ecum\u00eanico de Constantinopla novamente em defesa da ecologia.<\/strong><\/p>\n<p style=\"text-align: justify;\"><a href=\"https:\/\/news.ecclesia.org.br\/2013\/wp-content\/uploads\/2012\/05\/bartolomeu-patriarca.jpg\" rel=\"attachment wp-att-9208\"><img fetchpriority=\"high\" decoding=\"async\" class=\"alignleft size-medium wp-image-9208\" src=\"https:\/\/news.ecclesia.org.br\/2013\/wp-content\/uploads\/2012\/05\/bartolomeu-patriarca-300x227.jpg\" alt=\"bartolomeu-patriarca\" width=\"300\" height=\"227\" srcset=\"https:\/\/news.ecclesia.org.br\/wp-content\/uploads\/2012\/05\/bartolomeu-patriarca-300x227.jpg 300w, https:\/\/news.ecclesia.org.br\/wp-content\/uploads\/2012\/05\/bartolomeu-patriarca-73x55.jpg 73w, https:\/\/news.ecclesia.org.br\/wp-content\/uploads\/2012\/05\/bartolomeu-patriarca.jpg 436w\" sizes=\"(max-width: 300px) 100vw, 300px\" \/><\/a>Constantinopla\/Istambul, 22 de Maio de 2012: Realizar-se-\u00e1 de 18 a 20 de junho na hist\u00f3rica ilha de Halki, Gr\u00e9cia, a \u201cO encontro sobre a Responsabilidade Global e a Sustentabilidade Ambiental\u201d com a participa\u00e7\u00e3o de ambientalistas, cientistas, jornalistas, te\u00f3logos e professores universit\u00e1rios, para um debate entre peritos do mundo todo sobre temas da biodiversidade e a conserva\u00e7\u00e3o, a energia e as mudan\u00e7as clim\u00e1ticas, a economia e a inova\u00e7\u00e3o.<\/p>\n<p style=\"text-align: justify;\">Numa carta de apresenta\u00e7\u00e3o do evento, o pr\u00f3prio Patriarca Bartolomeu I destaca que a c\u00fapula de Halki \u201cse realizar\u00e1 antes da Confer\u00eancia Rio+20 das Na\u00e7\u00f5es Unidas sobre o desenvolvimento sustent\u00e1vel em programa no Rio de Janeiro de 20 a 22 de junho. O encontro de Halki, ainda, d\u00e1 continuidade a uma s\u00e9rie de outros oito simp\u00f3sio internacionais que se realizaram de 1995 s 2009 no Mar Mediterr\u00e2neo e Mar Negro, sobre os Rio Dan\u00fabio e Amazonas, como tamb\u00e9m na regi\u00e3o \u00e1rtica e ao longo do Rio Mississipi\u201d.<\/p>\n<p style=\"text-align: justify;\">E acrescenta: \u201cO nosso esfor\u00e7o nas \u00faltimas duas d\u00e9cadas foi o de promover o di\u00e1logo no mundo todo e a coopera\u00e7\u00e3o entre os representantes de v\u00e1rias ci\u00eancias e religi\u00f5es, para favorecer a consci\u00eancia global \u2013 mas tamb\u00e9m as mudan\u00e7as exigentes \u2013 dos valores e dos comportamentos relacionados com as quest\u00f5es \u00e9ticas e cient\u00edficas criadas com o abuso do homem contra a natureza\u201d, disse o patriarca. \u201cN\u00f3s acreditamos \u2013 continua \u2013 que toda real possibilidade de intervir nas mudan\u00e7as clim\u00e1ticas e o esgotamento dos recursos do planeta requer uma mudan\u00e7a de valores e sistemas de cren\u00e7as\u201d.<\/p>\n<p style=\"text-align: justify;\">Ser\u00e1 o Patriarca Bartolomeu, muitas vezes conhecido como \u201co Patriarca verde\u201d pela sua constante defesa da primazia dos valores espirituais nas escolhas \u00e9ticas e ambientais, quem presidir\u00e1 e abrir\u00e1 a c\u00fapula de Halki. O encerramento da c\u00fapula ser\u00e1, no entanto, presidida pelo Metropolita Joannes Zizioulas d\u00e9 P\u00e9rgamo. (SP)<\/p>\n","protected":false},"excerpt":{"rendered":"<p>Patriarcado Ecum\u00eanico de Constantinopla novamente em defesa da ecologia. Constantinopla\/Istambul, 22 de Maio de 2012: Realizar-se-\u00e1 de 18 a 20 de junho na hist\u00f3rica ilha de Halki, Gr\u00e9cia, a \u201cO encontro sobre a Responsabilidade Global e a Sustentabilidade Ambiental\u201d com&#8230;<\/p>\n","protected":false},"author":1,"featured_media":9208,"comment_status":"open","ping_status":"open","sticky":false,"template":"","format":"standard","meta":{"_acf_changed":false,"footnotes":""},"categories":[3,72],"tags":[],"class_list":["post-9207","post","type-post","status-publish","format-standard","has-post-thumbnail","hentry","category-mundo","category-patriarcado-ecumenico","entry","rows-excerpt"],"acf":[],"yoast_head":"<!-- This site is optimized with the Yoast SEO plugin v27.4 - https:\/\/yoast.com\/product\/yoast-seo-wordpress\/ -->\n<title>PATRIARCA ECUM\u00caNICO PROMOVE ENCONTRO SOBRE ECOLOGIA | ECCLESIA NEWS<\/title>\n<meta name=\"robots\" content=\"index, follow, max-snippet:-1, max-image-preview:large, max-video-preview:-1\" \/>\n<link rel=\"canonical\" href=\"https:\/\/news.ecclesia.org.br\/?p=9207\" \/>\n<meta property=\"og:locale\" content=\"pt_BR\" \/>\n<meta property=\"og:type\" content=\"article\" \/>\n<meta property=\"og:title\" content=\"PATRIARCA ECUM\u00caNICO PROMOVE ENCONTRO SOBRE ECOLOGIA | ECCLESIA NEWS\" \/>\n<meta property=\"og:description\" content=\"Patriarcado Ecum\u00eanico de Constantinopla novamente em defesa da ecologia. Constantinopla\/Istambul, 22 de Maio de 2012: Realizar-se-\u00e1 de 18 a 20 de junho na hist\u00f3rica ilha de Halki, Gr\u00e9cia, a \u201cO encontro sobre a Responsabilidade Global e a Sustentabilidade Ambiental\u201d com&#8230;\" \/>\n<meta property=\"og:url\" content=\"https:\/\/news.ecclesia.org.br\/?p=9207\" \/>\n<meta property=\"og:site_name\" content=\"ECCLESIA NEWS\" \/>\n<meta property=\"article:publisher\" content=\"https:\/\/www.facebook.com\/Ecclesia2025\" \/>\n<meta property=\"article:published_time\" content=\"2012-05-23T12:25:45+00:00\" \/>\n<meta property=\"article:modified_time\" content=\"2016-03-20T15:35:21+00:00\" \/>\n<meta property=\"og:image\" content=\"https:\/\/news.ecclesia.org.br\/wp-content\/uploads\/2012\/05\/bartolomeu-patriarca.jpg\" \/>\n\t<meta property=\"og:image:width\" content=\"436\" \/>\n\t<meta property=\"og:image:height\" content=\"330\" \/>\n\t<meta property=\"og:image:type\" content=\"image\/jpeg\" \/>\n<meta name=\"author\" content=\"Pe. Andr\u00e9\" \/>\n<meta name=\"twitter:card\" content=\"summary_large_image\" \/>\n<meta name=\"twitter:creator\" content=\"@EcclesiaNews\" \/>\n<meta name=\"twitter:site\" content=\"@EcclesiaNews\" \/>\n<meta name=\"twitter:label1\" content=\"Escrito por\" \/>\n\t<meta name=\"twitter:data1\" content=\"Pe. Andr\u00e9\" \/>\n\t<meta name=\"twitter:label2\" content=\"Est. tempo de leitura\" \/>\n\t<meta name=\"twitter:data2\" content=\"2 minutos\" \/>\n<script type=\"application\/ld+json\" class=\"yoast-schema-graph\">{\"@context\":\"https:\\\/\\\/schema.org\",\"@graph\":[{\"@type\":\"Article\",\"@id\":\"https:\\\/\\\/news.ecclesia.org.br\\\/?p=9207#article\",\"isPartOf\":{\"@id\":\"https:\\\/\\\/news.ecclesia.org.br\\\/?p=9207\"},\"author\":{\"name\":\"Pe. Andr\u00e9\",\"@id\":\"https:\\\/\\\/news.ecclesia.org.br\\\/#\\\/schema\\\/person\\\/6f09597f025829745ba414a569f63758\"},\"headline\":\"PATRIARCA ECUM\u00caNICO PROMOVE ENCONTRO SOBRE ECOLOGIA\",\"datePublished\":\"2012-05-23T12:25:45+00:00\",\"dateModified\":\"2016-03-20T15:35:21+00:00\",\"mainEntityOfPage\":{\"@id\":\"https:\\\/\\\/news.ecclesia.org.br\\\/?p=9207\"},\"wordCount\":344,\"commentCount\":0,\"publisher\":{\"@id\":\"https:\\\/\\\/news.ecclesia.org.br\\\/#organization\"},\"image\":{\"@id\":\"https:\\\/\\\/news.ecclesia.org.br\\\/?p=9207#primaryimage\"},\"thumbnailUrl\":\"https:\\\/\\\/news.ecclesia.org.br\\\/wp-content\\\/uploads\\\/2012\\\/05\\\/bartolomeu-patriarca.jpg\",\"articleSection\":[\"Mundo Ortodoxo\",\"Patriarcado Ecum\u00eanico\"],\"inLanguage\":\"pt-BR\",\"potentialAction\":[{\"@type\":\"CommentAction\",\"name\":\"Comment\",\"target\":[\"https:\\\/\\\/news.ecclesia.org.br\\\/?p=9207#respond\"]}]},{\"@type\":\"WebPage\",\"@id\":\"https:\\\/\\\/news.ecclesia.org.br\\\/?p=9207\",\"url\":\"https:\\\/\\\/news.ecclesia.org.br\\\/?p=9207\",\"name\":\"PATRIARCA ECUM\u00caNICO PROMOVE ENCONTRO SOBRE ECOLOGIA | ECCLESIA NEWS\",\"isPartOf\":{\"@id\":\"https:\\\/\\\/news.ecclesia.org.br\\\/#website\"},\"primaryImageOfPage\":{\"@id\":\"https:\\\/\\\/news.ecclesia.org.br\\\/?p=9207#primaryimage\"},\"image\":{\"@id\":\"https:\\\/\\\/news.ecclesia.org.br\\\/?p=9207#primaryimage\"},\"thumbnailUrl\":\"https:\\\/\\\/news.ecclesia.org.br\\\/wp-content\\\/uploads\\\/2012\\\/05\\\/bartolomeu-patriarca.jpg\",\"datePublished\":\"2012-05-23T12:25:45+00:00\",\"dateModified\":\"2016-03-20T15:35:21+00:00\",\"breadcrumb\":{\"@id\":\"https:\\\/\\\/news.ecclesia.org.br\\\/?p=9207#breadcrumb\"},\"inLanguage\":\"pt-BR\",\"potentialAction\":[{\"@type\":\"ReadAction\",\"target\":[\"https:\\\/\\\/news.ecclesia.org.br\\\/?p=9207\"]}]},{\"@type\":\"ImageObject\",\"inLanguage\":\"pt-BR\",\"@id\":\"https:\\\/\\\/news.ecclesia.org.br\\\/?p=9207#primaryimage\",\"url\":\"https:\\\/\\\/news.ecclesia.org.br\\\/wp-content\\\/uploads\\\/2012\\\/05\\\/bartolomeu-patriarca.jpg\",\"contentUrl\":\"https:\\\/\\\/news.ecclesia.org.br\\\/wp-content\\\/uploads\\\/2012\\\/05\\\/bartolomeu-patriarca.jpg\",\"width\":436,\"height\":330},{\"@type\":\"BreadcrumbList\",\"@id\":\"https:\\\/\\\/news.ecclesia.org.br\\\/?p=9207#breadcrumb\",\"itemListElement\":[{\"@type\":\"ListItem\",\"position\":1,\"name\":\"In\u00edcio\",\"item\":\"https:\\\/\\\/news.ecclesia.org.br\\\/\"},{\"@type\":\"ListItem\",\"position\":2,\"name\":\"PATRIARCA ECUM\u00caNICO PROMOVE ENCONTRO SOBRE ECOLOGIA\"}]},{\"@type\":\"WebSite\",\"@id\":\"https:\\\/\\\/news.ecclesia.org.br\\\/#website\",\"url\":\"https:\\\/\\\/news.ecclesia.org.br\\\/\",\"name\":\"Ecclesia Brasil\",\"description\":\"Desde 2003 onectando o Brasil ao mundo ortodoxo!\",\"publisher\":{\"@id\":\"https:\\\/\\\/news.ecclesia.org.br\\\/#organization\"},\"alternateName\":\"Ecclesia\",\"potentialAction\":[{\"@type\":\"SearchAction\",\"target\":{\"@type\":\"EntryPoint\",\"urlTemplate\":\"https:\\\/\\\/news.ecclesia.org.br\\\/?s={search_term_string}\"},\"query-input\":{\"@type\":\"PropertyValueSpecification\",\"valueRequired\":true,\"valueName\":\"search_term_string\"}}],\"inLanguage\":\"pt-BR\"},{\"@type\":\"Organization\",\"@id\":\"https:\\\/\\\/news.ecclesia.org.br\\\/#organization\",\"name\":\"Sacra Arquidiocese de Buenos Aires e Am\u00e9rica do Sul | Patriarcado Ecum\u00eanico\",\"alternateName\":\"News Ecclesia Brasil\",\"url\":\"https:\\\/\\\/news.ecclesia.org.br\\\/\",\"logo\":{\"@type\":\"ImageObject\",\"inLanguage\":\"pt-BR\",\"@id\":\"https:\\\/\\\/news.ecclesia.org.br\\\/#\\\/schema\\\/logo\\\/image\\\/\",\"url\":\"https:\\\/\\\/news.ecclesia.org.br\\\/wp-content\\\/uploads\\\/2025\\\/05\\\/ecclesia2.png\",\"contentUrl\":\"https:\\\/\\\/news.ecclesia.org.br\\\/wp-content\\\/uploads\\\/2025\\\/05\\\/ecclesia2.png\",\"width\":480,\"height\":120,\"caption\":\"Sacra Arquidiocese de Buenos Aires e Am\u00e9rica do Sul | Patriarcado Ecum\u00eanico\"},\"image\":{\"@id\":\"https:\\\/\\\/news.ecclesia.org.br\\\/#\\\/schema\\\/logo\\\/image\\\/\"},\"sameAs\":[\"https:\\\/\\\/www.facebook.com\\\/Ecclesia2025\",\"https:\\\/\\\/x.com\\\/EcclesiaNews\",\"https:\\\/\\\/br.pinterest.com\\\/ekklisia\\\/\",\"https:\\\/\\\/www.youtube.com\\\/@EcclesiaBrasil\"]},{\"@type\":\"Person\",\"@id\":\"https:\\\/\\\/news.ecclesia.org.br\\\/#\\\/schema\\\/person\\\/6f09597f025829745ba414a569f63758\",\"name\":\"Pe. Andr\u00e9\",\"image\":{\"@type\":\"ImageObject\",\"inLanguage\":\"pt-BR\",\"@id\":\"https:\\\/\\\/secure.gravatar.com\\\/avatar\\\/b4327cfa27e9799da239a26adcd534fc29cdc0c4a4a148eecbcfeb9b42c617ac?s=96&d=mm&r=g\",\"url\":\"https:\\\/\\\/secure.gravatar.com\\\/avatar\\\/b4327cfa27e9799da239a26adcd534fc29cdc0c4a4a148eecbcfeb9b42c617ac?s=96&d=mm&r=g\",\"contentUrl\":\"https:\\\/\\\/secure.gravatar.com\\\/avatar\\\/b4327cfa27e9799da239a26adcd534fc29cdc0c4a4a148eecbcfeb9b42c617ac?s=96&d=mm&r=g\",\"caption\":\"Pe. Andr\u00e9\"},\"sameAs\":[\"https:\\\/\\\/www.ecclesia.org.br\"]}]}<\/script>\n<!-- \/ Yoast SEO plugin. -->","yoast_head_json":{"title":"PATRIARCA ECUM\u00caNICO PROMOVE ENCONTRO SOBRE ECOLOGIA | ECCLESIA NEWS","robots":{"index":"index","follow":"follow","max-snippet":"max-snippet:-1","max-image-preview":"max-image-preview:large","max-video-preview":"max-video-preview:-1"},"canonical":"https:\/\/news.ecclesia.org.br\/?p=9207","og_locale":"pt_BR","og_type":"article","og_title":"PATRIARCA ECUM\u00caNICO PROMOVE ENCONTRO SOBRE ECOLOGIA | ECCLESIA NEWS","og_description":"Patriarcado Ecum\u00eanico de Constantinopla novamente em defesa da ecologia. Constantinopla\/Istambul, 22 de Maio de 2012: Realizar-se-\u00e1 de 18 a 20 de junho na hist\u00f3rica ilha de Halki, Gr\u00e9cia, a \u201cO encontro sobre a Responsabilidade Global e a Sustentabilidade Ambiental\u201d com&#8230;","og_url":"https:\/\/news.ecclesia.org.br\/?p=9207","og_site_name":"ECCLESIA NEWS","article_publisher":"https:\/\/www.facebook.com\/Ecclesia2025","article_published_time":"2012-05-23T12:25:45+00:00","article_modified_time":"2016-03-20T15:35:21+00:00","og_image":[{"width":436,"height":330,"url":"https:\/\/news.ecclesia.org.br\/wp-content\/uploads\/2012\/05\/bartolomeu-patriarca.jpg","type":"image\/jpeg"}],"author":"Pe. Andr\u00e9","twitter_card":"summary_large_image","twitter_creator":"@EcclesiaNews","twitter_site":"@EcclesiaNews","twitter_misc":{"Escrito por":"Pe. Andr\u00e9","Est. tempo de leitura":"2 minutos"},"schema":{"@context":"https:\/\/schema.org","@graph":[{"@type":"Article","@id":"https:\/\/news.ecclesia.org.br\/?p=9207#article","isPartOf":{"@id":"https:\/\/news.ecclesia.org.br\/?p=9207"},"author":{"name":"Pe. Andr\u00e9","@id":"https:\/\/news.ecclesia.org.br\/#\/schema\/person\/6f09597f025829745ba414a569f63758"},"headline":"PATRIARCA ECUM\u00caNICO PROMOVE ENCONTRO SOBRE ECOLOGIA","datePublished":"2012-05-23T12:25:45+00:00","dateModified":"2016-03-20T15:35:21+00:00","mainEntityOfPage":{"@id":"https:\/\/news.ecclesia.org.br\/?p=9207"},"wordCount":344,"commentCount":0,"publisher":{"@id":"https:\/\/news.ecclesia.org.br\/#organization"},"image":{"@id":"https:\/\/news.ecclesia.org.br\/?p=9207#primaryimage"},"thumbnailUrl":"https:\/\/news.ecclesia.org.br\/wp-content\/uploads\/2012\/05\/bartolomeu-patriarca.jpg","articleSection":["Mundo Ortodoxo","Patriarcado Ecum\u00eanico"],"inLanguage":"pt-BR","potentialAction":[{"@type":"CommentAction","name":"Comment","target":["https:\/\/news.ecclesia.org.br\/?p=9207#respond"]}]},{"@type":"WebPage","@id":"https:\/\/news.ecclesia.org.br\/?p=9207","url":"https:\/\/news.ecclesia.org.br\/?p=9207","name":"PATRIARCA ECUM\u00caNICO PROMOVE ENCONTRO SOBRE ECOLOGIA | ECCLESIA NEWS","isPartOf":{"@id":"https:\/\/news.ecclesia.org.br\/#website"},"primaryImageOfPage":{"@id":"https:\/\/news.ecclesia.org.br\/?p=9207#primaryimage"},"image":{"@id":"https:\/\/news.ecclesia.org.br\/?p=9207#primaryimage"},"thumbnailUrl":"https:\/\/news.ecclesia.org.br\/wp-content\/uploads\/2012\/05\/bartolomeu-patriarca.jpg","datePublished":"2012-05-23T12:25:45+00:00","dateModified":"2016-03-20T15:35:21+00:00","breadcrumb":{"@id":"https:\/\/news.ecclesia.org.br\/?p=9207#breadcrumb"},"inLanguage":"pt-BR","potentialAction":[{"@type":"ReadAction","target":["https:\/\/news.ecclesia.org.br\/?p=9207"]}]},{"@type":"ImageObject","inLanguage":"pt-BR","@id":"https:\/\/news.ecclesia.org.br\/?p=9207#primaryimage","url":"https:\/\/news.ecclesia.org.br\/wp-content\/uploads\/2012\/05\/bartolomeu-patriarca.jpg","contentUrl":"https:\/\/news.ecclesia.org.br\/wp-content\/uploads\/2012\/05\/bartolomeu-patriarca.jpg","width":436,"height":330},{"@type":"BreadcrumbList","@id":"https:\/\/news.ecclesia.org.br\/?p=9207#breadcrumb","itemListElement":[{"@type":"ListItem","position":1,"name":"In\u00edcio","item":"https:\/\/news.ecclesia.org.br\/"},{"@type":"ListItem","position":2,"name":"PATRIARCA ECUM\u00caNICO PROMOVE ENCONTRO SOBRE ECOLOGIA"}]},{"@type":"WebSite","@id":"https:\/\/news.ecclesia.org.br\/#website","url":"https:\/\/news.ecclesia.org.br\/","name":"Ecclesia Brasil","description":"Desde 2003 onectando o Brasil ao mundo ortodoxo!","publisher":{"@id":"https:\/\/news.ecclesia.org.br\/#organization"},"alternateName":"Ecclesia","potentialAction":[{"@type":"SearchAction","target":{"@type":"EntryPoint","urlTemplate":"https:\/\/news.ecclesia.org.br\/?s={search_term_string}"},"query-input":{"@type":"PropertyValueSpecification","valueRequired":true,"valueName":"search_term_string"}}],"inLanguage":"pt-BR"},{"@type":"Organization","@id":"https:\/\/news.ecclesia.org.br\/#organization","name":"Sacra Arquidiocese de Buenos Aires e Am\u00e9rica do Sul | Patriarcado Ecum\u00eanico","alternateName":"News Ecclesia Brasil","url":"https:\/\/news.ecclesia.org.br\/","logo":{"@type":"ImageObject","inLanguage":"pt-BR","@id":"https:\/\/news.ecclesia.org.br\/#\/schema\/logo\/image\/","url":"https:\/\/news.ecclesia.org.br\/wp-content\/uploads\/2025\/05\/ecclesia2.png","contentUrl":"https:\/\/news.ecclesia.org.br\/wp-content\/uploads\/2025\/05\/ecclesia2.png","width":480,"height":120,"caption":"Sacra Arquidiocese de Buenos Aires e Am\u00e9rica do Sul | Patriarcado Ecum\u00eanico"},"image":{"@id":"https:\/\/news.ecclesia.org.br\/#\/schema\/logo\/image\/"},"sameAs":["https:\/\/www.facebook.com\/Ecclesia2025","https:\/\/x.com\/EcclesiaNews","https:\/\/br.pinterest.com\/ekklisia\/","https:\/\/www.youtube.com\/@EcclesiaBrasil"]},{"@type":"Person","@id":"https:\/\/news.ecclesia.org.br\/#\/schema\/person\/6f09597f025829745ba414a569f63758","name":"Pe. Andr\u00e9","image":{"@type":"ImageObject","inLanguage":"pt-BR","@id":"https:\/\/secure.gravatar.com\/avatar\/b4327cfa27e9799da239a26adcd534fc29cdc0c4a4a148eecbcfeb9b42c617ac?s=96&d=mm&r=g","url":"https:\/\/secure.gravatar.com\/avatar\/b4327cfa27e9799da239a26adcd534fc29cdc0c4a4a148eecbcfeb9b42c617ac?s=96&d=mm&r=g","contentUrl":"https:\/\/secure.gravatar.com\/avatar\/b4327cfa27e9799da239a26adcd534fc29cdc0c4a4a148eecbcfeb9b42c617ac?s=96&d=mm&r=g","caption":"Pe. Andr\u00e9"},"sameAs":["https:\/\/www.ecclesia.org.br"]}]}},"_links":{"self":[{"href":"https:\/\/news.ecclesia.org.br\/index.php?rest_route=\/wp\/v2\/posts\/9207","targetHints":{"allow":["GET"]}}],"collection":[{"href":"https:\/\/news.ecclesia.org.br\/index.php?rest_route=\/wp\/v2\/posts"}],"about":[{"href":"https:\/\/news.ecclesia.org.br\/index.php?rest_route=\/wp\/v2\/types\/post"}],"author":[{"embeddable":true,"href":"https:\/\/news.ecclesia.org.br\/index.php?rest_route=\/wp\/v2\/users\/1"}],"replies":[{"embeddable":true,"href":"https:\/\/news.ecclesia.org.br\/index.php?rest_route=%2Fwp%2Fv2%2Fcomments&post=9207"}],"version-history":[{"count":0,"href":"https:\/\/news.ecclesia.org.br\/index.php?rest_route=\/wp\/v2\/posts\/9207\/revisions"}],"wp:featuredmedia":[{"embeddable":true,"href":"https:\/\/news.ecclesia.org.br\/index.php?rest_route=\/wp\/v2\/media\/9208"}],"wp:attachment":[{"href":"https:\/\/news.ecclesia.org.br\/index.php?rest_route=%2Fwp%2Fv2%2Fmedia&parent=9207"}],"wp:term":[{"taxonomy":"category","embeddable":true,"href":"https:\/\/news.ecclesia.org.br\/index.php?rest_route=%2Fwp%2Fv2%2Fcategories&post=9207"},{"taxonomy":"post_tag","embeddable":true,"href":"https:\/\/news.ecclesia.org.br\/index.php?rest_route=%2Fwp%2Fv2%2Ftags&post=9207"}],"curies":[{"name":"wp","href":"https:\/\/api.w.org\/{rel}","templated":true}]}}