{"id":9185,"date":"2012-05-21T16:40:49","date_gmt":"2012-05-21T16:40:49","guid":{"rendered":"http:\/\/ecclesia.com.br\/news\/2012\/?p=9185"},"modified":"2020-09-18T10:34:51","modified_gmt":"2020-09-18T13:34:51","slug":"faleceu-nesta-manha-o-arcebispo-contantinos-metropolita-da-igreja-ortodoxa-ucraniana-nos-eua","status":"publish","type":"post","link":"https:\/\/news.ecclesia.org.br\/?p=9185","title":{"rendered":"FALECEU NESTA MANH\u00c3 O ARCEBISPO CONTANTINO, METROPOLITA DA IGREJA ORTODOXA UCRANIANA NOS EUA"},"content":{"rendered":"<p style=\"text-align: justify;\">O Arcebispo Dom JEREMIAS Ferens, Eparca da Igreja Ortodoxa Ucraniana na Am\u00e9rica do Sul, comunica-nos, dos Estados Unidos, o adormecimento no Senhor de S. B. Arcebispo&nbsp;Constantino, Metropolita&nbsp;da Igreja Ortodoxa Ucraniana &#8211; EUA, ocorrido na manh\u00e3 deste dia 21 de maio de 2012 em Pittsburgh &#8211; PA.&nbsp;&nbsp;Dom Jeremias&nbsp;encontra-se nos EUA desde a \u00faltima semana onde participou, &nbsp;no \u00faltimo s\u00e1bado, 19 de maio de 2012, das&nbsp;<a href=\"https:\/\/news.ecclesia.org.br\/2013\/2012\/05\/21\/metropolita-constantinos-nas-comemoracoes-de-40-anos-de-episcopado-no-ultimo-sabado-19-de-maio\/\">comemora\u00e7\u00f5es dos 40 anos de Episcopado de S. Beatitude<\/a>.<\/p>\n<blockquote><p>Vitchmaia Iomu Pamiat!<\/p><\/blockquote>\n<p>&nbsp;<\/p>\n<p align=\"center\"><strong>IGREJA ORTODOXA ucraniana dos EUA<\/strong><strong><br \/>\n<\/strong>Secretaria do Consist\u00f3rio<br \/>\nRELA\u00c7\u00d5ES P\u00daBLICAS E&nbsp;IMPRENSA<\/p>\n<p style=\"text-align: justify;\" align=\"center\"><em>Amados Irm\u00e3os hierarcas, clero e todos os fi\u00e9is ortodoxos:<\/em><\/p>\n<p style=\"text-align: justify;\">\u00c9 com uma profundo pesar que comunicamos o repouso eterno ocorrido na manh\u00e3 deste dia 21 de maio de 2012, no ano 76 da sua peregrina\u00e7\u00e3o terrena, de Sua Beatitude Metropolita Constantino, &nbsp;Hierarca da Eparquia Central e Primaz de nossa Igreja Ortodoxa Ucraniana dos EUA.<\/p>\n<p style=\"text-align: justify;\">Sua Beatitude foi acometido de uma doen\u00e7a grave h\u00e1 algumas semanas atr\u00e1s e foi&nbsp;encontrava-se, &nbsp;h\u00e1 tr\u00eas dias, hospitalizado em Pittsburgh que lhe deu permiss\u00e3o para que participasse nas celebra\u00e7\u00e3o do seu 40 \u00ba anivers\u00e1rio do minist\u00e9rio Arquipastoral entre os fi\u00e9is de nossa Santa Igreja Ortodoxa&nbsp;Ucraniana dos EUA.&nbsp;Esta celebra\u00e7\u00e3o teve lugar na Catedral Ortodoxa Ucraniana da Dormi\u00e7\u00e3o da M\u00e3e de Deus em Pittsburgh, PA, e contou com a presen\u00e7a de seus irm\u00e3os&nbsp;hierarcas&nbsp;ortodoxos&nbsp; ucranianos e de outras jurisdi\u00e7\u00f5es ortodoxas, de sua fam\u00edlia dos Estados Unidos e seus amados filhos espirituais, os clero e os fi\u00e9is da UOC dos EUA, Am\u00e9rica do Sul e Europa.<\/p>\n<blockquote><p>\u00d3 Deus dos esp\u00edritos e dos os corpos,<br \/>\nque esmagaste a morte, inutilizaste o poder do dem\u00f4nio<br \/>\ne deste a vida ao mundo;<br \/>\nd\u00e1 o repouso \u00e0 alma de teu (tua) servo(a) N. &#8230;,<br \/>\nnum lugar luminoso, verdejante e de descanso,<br \/>\nonde n\u00e3o h\u00e1 dor nem tristeza nem gemido<br \/>\ne, porque tu \u00e9s um Deus que amas os seres humanos,<br \/>\nperdoa-lhe todo pecado que tenha cometido<br \/>\npor palavra, a\u00e7\u00e3o ou pensamento,<br \/>\nporque ningu\u00e9m vive sem pecar,<br \/>\ns\u00f3 tu \u00e9s o \u00fanico sem pecado;<br \/>\nteu ju\u00edzo \u00e9 eterno e tua palavra \u00e9 verdadeira.<\/p>\n<p>\u2020Pois tu \u00e9s a ressurrei\u00e7\u00e3o, a vida e o repouso<br \/>\nde teu (tua) servo(a) falecido(a) N. &#8230;, \u00f3 Cristo, Deus,<br \/>\ne n\u00f3s te glorificamos com o teu Pai eterno,<br \/>\ne com o teu sant\u00edssimo, bom e vivificante Esp\u00edrito,<br \/>\nagora e sempre, pelos s\u00e9culos dos s\u00e9culos!<\/p><\/blockquote>\n<p align=\"center\"><em>No amor abundante de nosso Senhor,<\/em><\/p>\n<p align=\"center\">\u2020 Antonio, Arcebispo<br \/>\n\u2020 Daniel, Bispo<\/p>\n","protected":false},"excerpt":{"rendered":"<p>O Arcebispo Dom JEREMIAS Ferens, Eparca da Igreja Ortodoxa Ucraniana na Am\u00e9rica do Sul, comunica-nos, dos Estados Unidos, o adormecimento no Senhor de S. B. Arcebispo&nbsp;Constantino, Metropolita&nbsp;da Igreja Ortodoxa Ucraniana &#8211; EUA, ocorrido na manh\u00e3 deste dia 21 de maio&#8230;<\/p>\n","protected":false},"author":1,"featured_media":0,"comment_status":"open","ping_status":"open","sticky":false,"template":"","format":"standard","meta":{"_acf_changed":false,"footnotes":""},"categories":[72],"tags":[],"class_list":["post-9185","post","type-post","status-publish","format-standard","hentry","category-patriarcado-ecumenico","entry","rows-excerpt"],"acf":[],"yoast_head":"<!-- This site is optimized with the Yoast SEO plugin v27.4 - https:\/\/yoast.com\/product\/yoast-seo-wordpress\/ -->\n<title>FALECEU NESTA MANH\u00c3 O ARCEBISPO CONTANTINO, METROPOLITA DA IGREJA ORTODOXA UCRANIANA NOS EUA | ECCLESIA NEWS<\/title>\n<meta name=\"robots\" content=\"index, follow, max-snippet:-1, max-image-preview:large, max-video-preview:-1\" \/>\n<link rel=\"canonical\" href=\"https:\/\/news.ecclesia.org.br\/?p=9185\" \/>\n<meta property=\"og:locale\" content=\"pt_BR\" \/>\n<meta property=\"og:type\" content=\"article\" \/>\n<meta property=\"og:title\" content=\"FALECEU NESTA MANH\u00c3 O ARCEBISPO CONTANTINO, METROPOLITA DA IGREJA ORTODOXA UCRANIANA NOS EUA | ECCLESIA NEWS\" \/>\n<meta property=\"og:description\" content=\"O Arcebispo Dom JEREMIAS Ferens, Eparca da Igreja Ortodoxa Ucraniana na Am\u00e9rica do Sul, comunica-nos, dos Estados Unidos, o adormecimento no Senhor de S. B. Arcebispo&nbsp;Constantino, Metropolita&nbsp;da Igreja Ortodoxa Ucraniana &#8211; EUA, ocorrido na manh\u00e3 deste dia 21 de maio&#8230;\" \/>\n<meta property=\"og:url\" content=\"https:\/\/news.ecclesia.org.br\/?p=9185\" \/>\n<meta property=\"og:site_name\" content=\"ECCLESIA NEWS\" \/>\n<meta property=\"article:publisher\" content=\"https:\/\/www.facebook.com\/Ecclesia2025\" \/>\n<meta property=\"article:published_time\" content=\"2012-05-21T16:40:49+00:00\" \/>\n<meta property=\"article:modified_time\" content=\"2020-09-18T13:34:51+00:00\" \/>\n<meta property=\"og:image\" content=\"https:\/\/news.ecclesia.org.br\/wp-content\/uploads\/2025\/05\/ecclesia2.png\" \/>\n\t<meta property=\"og:image:width\" content=\"480\" \/>\n\t<meta property=\"og:image:height\" content=\"120\" \/>\n\t<meta property=\"og:image:type\" content=\"image\/png\" \/>\n<meta name=\"author\" content=\"Pe. Andr\u00e9\" \/>\n<meta name=\"twitter:card\" content=\"summary_large_image\" \/>\n<meta name=\"twitter:creator\" content=\"@EcclesiaNews\" \/>\n<meta name=\"twitter:site\" content=\"@EcclesiaNews\" \/>\n<meta name=\"twitter:label1\" content=\"Escrito por\" \/>\n\t<meta name=\"twitter:data1\" content=\"Pe. Andr\u00e9\" \/>\n\t<meta name=\"twitter:label2\" content=\"Est. tempo de leitura\" \/>\n\t<meta name=\"twitter:data2\" content=\"2 minutos\" \/>\n<script type=\"application\/ld+json\" class=\"yoast-schema-graph\">{\"@context\":\"https:\\\/\\\/schema.org\",\"@graph\":[{\"@type\":\"Article\",\"@id\":\"https:\\\/\\\/news.ecclesia.org.br\\\/?p=9185#article\",\"isPartOf\":{\"@id\":\"https:\\\/\\\/news.ecclesia.org.br\\\/?p=9185\"},\"author\":{\"name\":\"Pe. Andr\u00e9\",\"@id\":\"https:\\\/\\\/news.ecclesia.org.br\\\/#\\\/schema\\\/person\\\/6f09597f025829745ba414a569f63758\"},\"headline\":\"FALECEU NESTA MANH\u00c3 O ARCEBISPO CONTANTINO, METROPOLITA DA IGREJA ORTODOXA UCRANIANA NOS EUA\",\"datePublished\":\"2012-05-21T16:40:49+00:00\",\"dateModified\":\"2020-09-18T13:34:51+00:00\",\"mainEntityOfPage\":{\"@id\":\"https:\\\/\\\/news.ecclesia.org.br\\\/?p=9185\"},\"wordCount\":453,\"commentCount\":0,\"publisher\":{\"@id\":\"https:\\\/\\\/news.ecclesia.org.br\\\/#organization\"},\"articleSection\":[\"Patriarcado Ecum\u00eanico\"],\"inLanguage\":\"pt-BR\",\"potentialAction\":[{\"@type\":\"CommentAction\",\"name\":\"Comment\",\"target\":[\"https:\\\/\\\/news.ecclesia.org.br\\\/?p=9185#respond\"]}]},{\"@type\":\"WebPage\",\"@id\":\"https:\\\/\\\/news.ecclesia.org.br\\\/?p=9185\",\"url\":\"https:\\\/\\\/news.ecclesia.org.br\\\/?p=9185\",\"name\":\"FALECEU NESTA MANH\u00c3 O ARCEBISPO CONTANTINO, METROPOLITA DA IGREJA ORTODOXA UCRANIANA NOS EUA | ECCLESIA NEWS\",\"isPartOf\":{\"@id\":\"https:\\\/\\\/news.ecclesia.org.br\\\/#website\"},\"datePublished\":\"2012-05-21T16:40:49+00:00\",\"dateModified\":\"2020-09-18T13:34:51+00:00\",\"breadcrumb\":{\"@id\":\"https:\\\/\\\/news.ecclesia.org.br\\\/?p=9185#breadcrumb\"},\"inLanguage\":\"pt-BR\",\"potentialAction\":[{\"@type\":\"ReadAction\",\"target\":[\"https:\\\/\\\/news.ecclesia.org.br\\\/?p=9185\"]}]},{\"@type\":\"BreadcrumbList\",\"@id\":\"https:\\\/\\\/news.ecclesia.org.br\\\/?p=9185#breadcrumb\",\"itemListElement\":[{\"@type\":\"ListItem\",\"position\":1,\"name\":\"In\u00edcio\",\"item\":\"https:\\\/\\\/news.ecclesia.org.br\\\/\"},{\"@type\":\"ListItem\",\"position\":2,\"name\":\"FALECEU NESTA MANH\u00c3 O ARCEBISPO CONTANTINO, METROPOLITA DA IGREJA ORTODOXA UCRANIANA NOS EUA\"}]},{\"@type\":\"WebSite\",\"@id\":\"https:\\\/\\\/news.ecclesia.org.br\\\/#website\",\"url\":\"https:\\\/\\\/news.ecclesia.org.br\\\/\",\"name\":\"Ecclesia Brasil\",\"description\":\"Desde 2003 onectando o Brasil ao mundo ortodoxo!\",\"publisher\":{\"@id\":\"https:\\\/\\\/news.ecclesia.org.br\\\/#organization\"},\"alternateName\":\"Ecclesia\",\"potentialAction\":[{\"@type\":\"SearchAction\",\"target\":{\"@type\":\"EntryPoint\",\"urlTemplate\":\"https:\\\/\\\/news.ecclesia.org.br\\\/?s={search_term_string}\"},\"query-input\":{\"@type\":\"PropertyValueSpecification\",\"valueRequired\":true,\"valueName\":\"search_term_string\"}}],\"inLanguage\":\"pt-BR\"},{\"@type\":\"Organization\",\"@id\":\"https:\\\/\\\/news.ecclesia.org.br\\\/#organization\",\"name\":\"Sacra Arquidiocese de Buenos Aires e Am\u00e9rica do Sul | Patriarcado Ecum\u00eanico\",\"alternateName\":\"News Ecclesia Brasil\",\"url\":\"https:\\\/\\\/news.ecclesia.org.br\\\/\",\"logo\":{\"@type\":\"ImageObject\",\"inLanguage\":\"pt-BR\",\"@id\":\"https:\\\/\\\/news.ecclesia.org.br\\\/#\\\/schema\\\/logo\\\/image\\\/\",\"url\":\"https:\\\/\\\/news.ecclesia.org.br\\\/wp-content\\\/uploads\\\/2025\\\/05\\\/ecclesia2.png\",\"contentUrl\":\"https:\\\/\\\/news.ecclesia.org.br\\\/wp-content\\\/uploads\\\/2025\\\/05\\\/ecclesia2.png\",\"width\":480,\"height\":120,\"caption\":\"Sacra Arquidiocese de Buenos Aires e Am\u00e9rica do Sul | Patriarcado Ecum\u00eanico\"},\"image\":{\"@id\":\"https:\\\/\\\/news.ecclesia.org.br\\\/#\\\/schema\\\/logo\\\/image\\\/\"},\"sameAs\":[\"https:\\\/\\\/www.facebook.com\\\/Ecclesia2025\",\"https:\\\/\\\/x.com\\\/EcclesiaNews\",\"https:\\\/\\\/br.pinterest.com\\\/ekklisia\\\/\",\"https:\\\/\\\/www.youtube.com\\\/@EcclesiaBrasil\"]},{\"@type\":\"Person\",\"@id\":\"https:\\\/\\\/news.ecclesia.org.br\\\/#\\\/schema\\\/person\\\/6f09597f025829745ba414a569f63758\",\"name\":\"Pe. Andr\u00e9\",\"image\":{\"@type\":\"ImageObject\",\"inLanguage\":\"pt-BR\",\"@id\":\"https:\\\/\\\/secure.gravatar.com\\\/avatar\\\/b4327cfa27e9799da239a26adcd534fc29cdc0c4a4a148eecbcfeb9b42c617ac?s=96&d=mm&r=g\",\"url\":\"https:\\\/\\\/secure.gravatar.com\\\/avatar\\\/b4327cfa27e9799da239a26adcd534fc29cdc0c4a4a148eecbcfeb9b42c617ac?s=96&d=mm&r=g\",\"contentUrl\":\"https:\\\/\\\/secure.gravatar.com\\\/avatar\\\/b4327cfa27e9799da239a26adcd534fc29cdc0c4a4a148eecbcfeb9b42c617ac?s=96&d=mm&r=g\",\"caption\":\"Pe. Andr\u00e9\"},\"sameAs\":[\"https:\\\/\\\/www.ecclesia.org.br\"]}]}<\/script>\n<!-- \/ Yoast SEO plugin. -->","yoast_head_json":{"title":"FALECEU NESTA MANH\u00c3 O ARCEBISPO CONTANTINO, METROPOLITA DA IGREJA ORTODOXA UCRANIANA NOS EUA | ECCLESIA NEWS","robots":{"index":"index","follow":"follow","max-snippet":"max-snippet:-1","max-image-preview":"max-image-preview:large","max-video-preview":"max-video-preview:-1"},"canonical":"https:\/\/news.ecclesia.org.br\/?p=9185","og_locale":"pt_BR","og_type":"article","og_title":"FALECEU NESTA MANH\u00c3 O ARCEBISPO CONTANTINO, METROPOLITA DA IGREJA ORTODOXA UCRANIANA NOS EUA | ECCLESIA NEWS","og_description":"O Arcebispo Dom JEREMIAS Ferens, Eparca da Igreja Ortodoxa Ucraniana na Am\u00e9rica do Sul, comunica-nos, dos Estados Unidos, o adormecimento no Senhor de S. B. Arcebispo&nbsp;Constantino, Metropolita&nbsp;da Igreja Ortodoxa Ucraniana &#8211; EUA, ocorrido na manh\u00e3 deste dia 21 de maio&#8230;","og_url":"https:\/\/news.ecclesia.org.br\/?p=9185","og_site_name":"ECCLESIA NEWS","article_publisher":"https:\/\/www.facebook.com\/Ecclesia2025","article_published_time":"2012-05-21T16:40:49+00:00","article_modified_time":"2020-09-18T13:34:51+00:00","og_image":[{"width":480,"height":120,"url":"https:\/\/news.ecclesia.org.br\/wp-content\/uploads\/2025\/05\/ecclesia2.png","type":"image\/png"}],"author":"Pe. Andr\u00e9","twitter_card":"summary_large_image","twitter_creator":"@EcclesiaNews","twitter_site":"@EcclesiaNews","twitter_misc":{"Escrito por":"Pe. Andr\u00e9","Est. tempo de leitura":"2 minutos"},"schema":{"@context":"https:\/\/schema.org","@graph":[{"@type":"Article","@id":"https:\/\/news.ecclesia.org.br\/?p=9185#article","isPartOf":{"@id":"https:\/\/news.ecclesia.org.br\/?p=9185"},"author":{"name":"Pe. Andr\u00e9","@id":"https:\/\/news.ecclesia.org.br\/#\/schema\/person\/6f09597f025829745ba414a569f63758"},"headline":"FALECEU NESTA MANH\u00c3 O ARCEBISPO CONTANTINO, METROPOLITA DA IGREJA ORTODOXA UCRANIANA NOS EUA","datePublished":"2012-05-21T16:40:49+00:00","dateModified":"2020-09-18T13:34:51+00:00","mainEntityOfPage":{"@id":"https:\/\/news.ecclesia.org.br\/?p=9185"},"wordCount":453,"commentCount":0,"publisher":{"@id":"https:\/\/news.ecclesia.org.br\/#organization"},"articleSection":["Patriarcado Ecum\u00eanico"],"inLanguage":"pt-BR","potentialAction":[{"@type":"CommentAction","name":"Comment","target":["https:\/\/news.ecclesia.org.br\/?p=9185#respond"]}]},{"@type":"WebPage","@id":"https:\/\/news.ecclesia.org.br\/?p=9185","url":"https:\/\/news.ecclesia.org.br\/?p=9185","name":"FALECEU NESTA MANH\u00c3 O ARCEBISPO CONTANTINO, METROPOLITA DA IGREJA ORTODOXA UCRANIANA NOS EUA | ECCLESIA NEWS","isPartOf":{"@id":"https:\/\/news.ecclesia.org.br\/#website"},"datePublished":"2012-05-21T16:40:49+00:00","dateModified":"2020-09-18T13:34:51+00:00","breadcrumb":{"@id":"https:\/\/news.ecclesia.org.br\/?p=9185#breadcrumb"},"inLanguage":"pt-BR","potentialAction":[{"@type":"ReadAction","target":["https:\/\/news.ecclesia.org.br\/?p=9185"]}]},{"@type":"BreadcrumbList","@id":"https:\/\/news.ecclesia.org.br\/?p=9185#breadcrumb","itemListElement":[{"@type":"ListItem","position":1,"name":"In\u00edcio","item":"https:\/\/news.ecclesia.org.br\/"},{"@type":"ListItem","position":2,"name":"FALECEU NESTA MANH\u00c3 O ARCEBISPO CONTANTINO, METROPOLITA DA IGREJA ORTODOXA UCRANIANA NOS EUA"}]},{"@type":"WebSite","@id":"https:\/\/news.ecclesia.org.br\/#website","url":"https:\/\/news.ecclesia.org.br\/","name":"Ecclesia Brasil","description":"Desde 2003 onectando o Brasil ao mundo ortodoxo!","publisher":{"@id":"https:\/\/news.ecclesia.org.br\/#organization"},"alternateName":"Ecclesia","potentialAction":[{"@type":"SearchAction","target":{"@type":"EntryPoint","urlTemplate":"https:\/\/news.ecclesia.org.br\/?s={search_term_string}"},"query-input":{"@type":"PropertyValueSpecification","valueRequired":true,"valueName":"search_term_string"}}],"inLanguage":"pt-BR"},{"@type":"Organization","@id":"https:\/\/news.ecclesia.org.br\/#organization","name":"Sacra Arquidiocese de Buenos Aires e Am\u00e9rica do Sul | Patriarcado Ecum\u00eanico","alternateName":"News Ecclesia Brasil","url":"https:\/\/news.ecclesia.org.br\/","logo":{"@type":"ImageObject","inLanguage":"pt-BR","@id":"https:\/\/news.ecclesia.org.br\/#\/schema\/logo\/image\/","url":"https:\/\/news.ecclesia.org.br\/wp-content\/uploads\/2025\/05\/ecclesia2.png","contentUrl":"https:\/\/news.ecclesia.org.br\/wp-content\/uploads\/2025\/05\/ecclesia2.png","width":480,"height":120,"caption":"Sacra Arquidiocese de Buenos Aires e Am\u00e9rica do Sul | Patriarcado Ecum\u00eanico"},"image":{"@id":"https:\/\/news.ecclesia.org.br\/#\/schema\/logo\/image\/"},"sameAs":["https:\/\/www.facebook.com\/Ecclesia2025","https:\/\/x.com\/EcclesiaNews","https:\/\/br.pinterest.com\/ekklisia\/","https:\/\/www.youtube.com\/@EcclesiaBrasil"]},{"@type":"Person","@id":"https:\/\/news.ecclesia.org.br\/#\/schema\/person\/6f09597f025829745ba414a569f63758","name":"Pe. Andr\u00e9","image":{"@type":"ImageObject","inLanguage":"pt-BR","@id":"https:\/\/secure.gravatar.com\/avatar\/b4327cfa27e9799da239a26adcd534fc29cdc0c4a4a148eecbcfeb9b42c617ac?s=96&d=mm&r=g","url":"https:\/\/secure.gravatar.com\/avatar\/b4327cfa27e9799da239a26adcd534fc29cdc0c4a4a148eecbcfeb9b42c617ac?s=96&d=mm&r=g","contentUrl":"https:\/\/secure.gravatar.com\/avatar\/b4327cfa27e9799da239a26adcd534fc29cdc0c4a4a148eecbcfeb9b42c617ac?s=96&d=mm&r=g","caption":"Pe. Andr\u00e9"},"sameAs":["https:\/\/www.ecclesia.org.br"]}]}},"_links":{"self":[{"href":"https:\/\/news.ecclesia.org.br\/index.php?rest_route=\/wp\/v2\/posts\/9185","targetHints":{"allow":["GET"]}}],"collection":[{"href":"https:\/\/news.ecclesia.org.br\/index.php?rest_route=\/wp\/v2\/posts"}],"about":[{"href":"https:\/\/news.ecclesia.org.br\/index.php?rest_route=\/wp\/v2\/types\/post"}],"author":[{"embeddable":true,"href":"https:\/\/news.ecclesia.org.br\/index.php?rest_route=\/wp\/v2\/users\/1"}],"replies":[{"embeddable":true,"href":"https:\/\/news.ecclesia.org.br\/index.php?rest_route=%2Fwp%2Fv2%2Fcomments&post=9185"}],"version-history":[{"count":1,"href":"https:\/\/news.ecclesia.org.br\/index.php?rest_route=\/wp\/v2\/posts\/9185\/revisions"}],"predecessor-version":[{"id":33937,"href":"https:\/\/news.ecclesia.org.br\/index.php?rest_route=\/wp\/v2\/posts\/9185\/revisions\/33937"}],"wp:attachment":[{"href":"https:\/\/news.ecclesia.org.br\/index.php?rest_route=%2Fwp%2Fv2%2Fmedia&parent=9185"}],"wp:term":[{"taxonomy":"category","embeddable":true,"href":"https:\/\/news.ecclesia.org.br\/index.php?rest_route=%2Fwp%2Fv2%2Fcategories&post=9185"},{"taxonomy":"post_tag","embeddable":true,"href":"https:\/\/news.ecclesia.org.br\/index.php?rest_route=%2Fwp%2Fv2%2Ftags&post=9185"}],"curies":[{"name":"wp","href":"https:\/\/api.w.org\/{rel}","templated":true}]}}