{"id":8883,"date":"2012-03-06T20:44:32","date_gmt":"2012-03-06T20:44:32","guid":{"rendered":"http:\/\/ecclesia.com.br\/news\/2012\/?p=8883"},"modified":"2012-03-06T20:44:32","modified_gmt":"2012-03-06T20:44:32","slug":"minorias-religiosas-na-turquia-cenario-animador","status":"publish","type":"post","link":"https:\/\/news.ecclesia.org.br\/?p=8883","title":{"rendered":"MINORIAS RELIGIOSAS NA TURQUIA: CEN\u00c1RIO ANIMADOR"},"content":{"rendered":"<p style=\"text-align: justify;\"><a href=\"http:\/\/ecclesia.com.br\/news\/2012\/?attachment_id=8884\" rel=\"attachment wp-att-8884\"><img fetchpriority=\"high\" decoding=\"async\" class=\"aligncenter size-full wp-image-8884\" title=\"agia-sophia\" src=\"http:\/\/ecclesia.com.br\/news\/2012\/wp-content\/uploads\/2012\/03\/agia-sophia.jpg\" alt=\"\" width=\"500\" height=\"420\" \/><\/a><\/p>\n<p style=\"text-align: justify;\">06.03.2012 &#8211; 19:40 Por B\u00fclent Ar\u0131n\u00e7 &#8212;\u00a0Depois de d\u00e9cadas de neglig\u00eancia e desconfian\u00e7a oficiais, a Turquia tomou v\u00e1rios passos para assegurar os direitos das minorias religiosas n\u00e3o mu\u00e7ulmanas do pa\u00eds e assim garantir que as normas legais de conduta sejam aplicadas igualmente a todos os cidad\u00e3os turcos, independentemente da religi\u00e3o, etnia ou idioma do indiv\u00edduo.<\/p>\n<p style=\"text-align: justify;\">As minorias religiosas da Turquia incluem ortodoxos gregos, arm\u00eanios, ass\u00edrios, caldeus e outras denomina\u00e7\u00f5es crist\u00e3s, bem como judeus, todos sendo partes da sociedade turca. Inserido na nova iniciativa do governo turco de terminar qualquer tipo de discrimina\u00e7\u00e3o contra estas comunidades n\u00e3o mu\u00e7ulmanas, o Presidente Abdullah G\u00fcl enfatizou essa mensagem recebendo Bartolomeu I, o Patriarca Ecum\u00eanico, e visitando uma igreja e uma sinagoga em Hatay \u2013 uma estr\u00e9ia para um presidente turco.<\/p>\n<p style=\"text-align: justify;\">Em Agosto de 2009, o primeiro-ministro Recep Tayyip Erdo\u011fan encontrou-se com l\u00edderes das minorias religiosas em B\u00fcy\u00fckada, a maior das Ilhas dos Pr\u00edncipes no Mar de Marmara, e ouviu os seus problemas e preocupa\u00e7\u00f5es, um sinal claro da inten\u00e7\u00e3o do seu governo em apoiar o seu sentido de inclus\u00e3o civil. \u00abComo primeiro-ministro adjunto, encontrei-me com representantes as minorias religiosas em Mar\u00e7o de 2010, e visitei os patriarcados ortodoxos grego e arm\u00eanio em 2010 e 2011. Do mesmo modo, o ministro turco para os assuntos da Uni\u00e3o Europ\u00e9ia, Egemen Ba\u011f\u0131\u015f, encontrou-se com os l\u00edderes destas comunidades em v\u00e1rias ocasi\u00f5es.<\/p>\n<p style=\"text-align: justify;\">Para al\u00e9m do estabelecimento de rela\u00e7\u00f5es calorosas entre o governo turco e as minorias religiosas do pa\u00eds, a pol\u00edtica oficial tamb\u00e9m vem mudando. Em Maio de 2010, o primeiro-ministro Erdo\u011fan emitiu um comunicado oficial que alertava funcion\u00e1rios p\u00fablicos e cidad\u00e3os contra qualquer discrimina\u00e7\u00e3o contra minorias religiosas e que sublinhava a igualdade absoluta dos cidad\u00e3os n\u00e3o mu\u00e7ulmanos da Turquia.<\/p>\n<p style=\"text-align: justify;\">Mas os alicerces para a iniciativa dos anos recentes foram assentados muito antes. Em Agosto de 2003, o governo liderado por Erdo\u011fan introduziu altera\u00e7\u00f5es legislativas para a resolu\u00e7\u00e3o de quest\u00f5es relacionadas com os direitos de propriedade das associa\u00e7\u00f5es de minorias religiosas. Pela primeira vez na hist\u00f3ria da Rep\u00fablica, 365 propriedades e pr\u00e9dios pertencentes \u00e0s comunidades minorit\u00e1rias foram legalmente registrados sob o seu nome. Em 2008, o governo, apesar da feroz oposi\u00e7\u00e3o dos outros partidos pol\u00edticos, mudou a Lei das Associa\u00e7\u00f5es e permitiu \u00e0s associa\u00e7\u00f5es de minorias religiosas que adquirissem patrim\u00f4nio imobili\u00e1rio (e que recebessem contribui\u00e7\u00f5es, independentemente do volume, do estrangeiro).<\/p>\n<p style=\"text-align: justify;\">Depois, em Agosto de 2011, uma importante altera\u00e7\u00e3o \u00e0 Lei das Associa\u00e7\u00f5es obrigou \u00e0 devolu\u00e7\u00e3o de mais de 350 propriedades \u00e0s minorias religiosas. Como parte destas mudan\u00e7as, a Escola Feminina Ortodoxa Grega em Beyo\u011flu, Istambul, e o Centro Comunit\u00e1rio Judaico em Esmirna obtiveram estatuto legal, terminando uma disputa de mais de um s\u00e9culo.<\/p>\n<p style=\"text-align: justify;\">Mesmo antes disso, em Novembro de 2010, o Orfanato Ortodoxo Grego na Ilha de Halki foi devolvido ao Patriarcado Ecum\u00eanico. De modo a facilitar os seus deveres religiosos, aos metropolitanos ortodoxos foi concedida a cidadania turca. Para al\u00e9m disso, o Conselho das Associa\u00e7\u00f5es, a mais alta autoridade do pa\u00eds para as associa\u00e7\u00f5es religiosas, inclui agora, pela primeira vez, um membro n\u00e3o mu\u00e7ulmano representando religi\u00f5es minorit\u00e1rias.<\/p>\n<p style=\"text-align: justify;\">Adicionalmente, a Dire\u00e7\u00e3o Geral das Associa\u00e7\u00f5es foi incumbida da tarefa de renovar casas de culto usadas pelas minorias religiosas, incluindo a hist\u00f3rica igreja de Aya Nikola em G\u00f6k\u00e7eada \u00c7anakkale e as igrejas cat\u00f3lica ass\u00edria e cat\u00f3lica grega em Iskenderun. Um n\u00famero de outras igrejas e sinagogas encontram-se em renova\u00e7\u00e3o.<\/p>\n<p style=\"text-align: justify;\">As autoridades tomaram tamb\u00e9m muitos outros passos, hist\u00f3rica e simbolicamente importantes. O ministro da Cultura e do Turismo renovou o Mosteiro de Panagia S\u00fcmela, uma igreja com 1600 anos em Trebizonda, na costa do Mar Negro. A primeira missa em d\u00e9cadas teve lugar em Agosto de 2010, oficiada pelo Patriarca Bartolomeu I e assistida por centenas de crist\u00e3os ortodoxos vindos da Gr\u00e9cia, R\u00fassia, Ge\u00f3rgia, Europa, Estados Unidos e Turquia.<\/p>\n<p style=\"text-align: justify;\">Outro marco importante foi a renova\u00e7\u00e3o e abertura da Igreja Arm\u00eania Aghtamar, com 1100 anos, em Mar\u00e7o de 2007. A primeira missa em 95 anos teve lugar na igreja, oficiada pelo arcebispo arm\u00eanio Aram Ate\u015fyan e assistida por milhares de fi\u00e9is.Estas medidas foram tomadas para resolver os duradouros problemas das minorias religiosas n\u00e3o mu\u00e7ulmanas da Turquia. Os mu\u00e7ulmanos turcos t\u00eam vivido com comunidades judaicas e crist\u00e3s durante s\u00e9culos e t\u00eam-nas tratado com respeito e compaix\u00e3o. Estamos determinados a resolver os seus demais problemas e acreditamos que conseguiremos fazer isso atrav\u00e9s da confian\u00e7a m\u00fatua e da coopera\u00e7\u00e3o. Os judeus e crist\u00e3os da Turquia s\u00e3o cidad\u00e3os plenos com direitos iguais, e trabalharemos para assegurar que esta realidade seja reconhecida em todas as \u00e1reas da vida do pa\u00eds.<\/p>\n<p style=\"text-align: right;\">Fonte: <a href=\"http:\/\/www.publico.pt\/\">Opini\u00e3o<\/a><br \/>\nTraduzido do ingl\u00eas por Ant\u00f3nio Chagas\/Project Syndicate<\/p>\n<p style=\"text-align: justify;\">\n","protected":false},"excerpt":{"rendered":"<p>06.03.2012 &#8211; 19:40 Por B\u00fclent Ar\u0131n\u00e7 &#8212;\u00a0Depois de d\u00e9cadas de neglig\u00eancia e desconfian\u00e7a oficiais, a Turquia tomou v\u00e1rios passos para assegurar os direitos das minorias religiosas n\u00e3o mu\u00e7ulmanas do pa\u00eds e assim garantir que as normas legais de conduta sejam&#8230;<\/p>\n","protected":false},"author":1,"featured_media":8884,"comment_status":"open","ping_status":"open","sticky":false,"template":"","format":"standard","meta":{"_acf_changed":false,"footnotes":""},"categories":[3,72],"tags":[],"class_list":["post-8883","post","type-post","status-publish","format-standard","has-post-thumbnail","hentry","category-mundo","category-patriarcado-ecumenico","entry","rows-excerpt"],"acf":[],"yoast_head":"<!-- This site is optimized with the Yoast SEO plugin v27.4 - https:\/\/yoast.com\/product\/yoast-seo-wordpress\/ -->\n<title>MINORIAS RELIGIOSAS NA TURQUIA: CEN\u00c1RIO ANIMADOR | ECCLESIA NEWS<\/title>\n<meta name=\"robots\" content=\"index, follow, max-snippet:-1, max-image-preview:large, max-video-preview:-1\" \/>\n<link rel=\"canonical\" href=\"https:\/\/news.ecclesia.org.br\/?p=8883\" \/>\n<meta property=\"og:locale\" content=\"pt_BR\" \/>\n<meta property=\"og:type\" content=\"article\" \/>\n<meta property=\"og:title\" content=\"MINORIAS RELIGIOSAS NA TURQUIA: CEN\u00c1RIO ANIMADOR | ECCLESIA NEWS\" \/>\n<meta property=\"og:description\" content=\"06.03.2012 &#8211; 19:40 Por B\u00fclent Ar\u0131n\u00e7 &#8212;\u00a0Depois de d\u00e9cadas de neglig\u00eancia e desconfian\u00e7a oficiais, a Turquia tomou v\u00e1rios passos para assegurar os direitos das minorias religiosas n\u00e3o mu\u00e7ulmanas do pa\u00eds e assim garantir que as normas legais de conduta sejam&#8230;\" \/>\n<meta property=\"og:url\" content=\"https:\/\/news.ecclesia.org.br\/?p=8883\" \/>\n<meta property=\"og:site_name\" content=\"ECCLESIA NEWS\" \/>\n<meta property=\"article:publisher\" content=\"https:\/\/www.facebook.com\/Ecclesia2025\" \/>\n<meta property=\"article:published_time\" content=\"2012-03-06T20:44:32+00:00\" \/>\n<meta property=\"og:image\" content=\"https:\/\/news.ecclesia.org.br\/wp-content\/uploads\/2012\/03\/agia-sophia-1.jpg\" \/>\n\t<meta property=\"og:image:width\" content=\"500\" \/>\n\t<meta property=\"og:image:height\" content=\"420\" \/>\n\t<meta property=\"og:image:type\" content=\"image\/jpeg\" \/>\n<meta name=\"author\" content=\"Pe. Andr\u00e9\" \/>\n<meta name=\"twitter:card\" content=\"summary_large_image\" \/>\n<meta name=\"twitter:creator\" content=\"@EcclesiaNews\" \/>\n<meta name=\"twitter:site\" content=\"@EcclesiaNews\" \/>\n<meta name=\"twitter:label1\" content=\"Escrito por\" \/>\n\t<meta name=\"twitter:data1\" content=\"Pe. Andr\u00e9\" \/>\n\t<meta name=\"twitter:label2\" content=\"Est. tempo de leitura\" \/>\n\t<meta name=\"twitter:data2\" content=\"4 minutos\" \/>\n<script type=\"application\/ld+json\" class=\"yoast-schema-graph\">{\"@context\":\"https:\\\/\\\/schema.org\",\"@graph\":[{\"@type\":\"Article\",\"@id\":\"https:\\\/\\\/news.ecclesia.org.br\\\/?p=8883#article\",\"isPartOf\":{\"@id\":\"https:\\\/\\\/news.ecclesia.org.br\\\/?p=8883\"},\"author\":{\"name\":\"Pe. Andr\u00e9\",\"@id\":\"https:\\\/\\\/news.ecclesia.org.br\\\/#\\\/schema\\\/person\\\/6f09597f025829745ba414a569f63758\"},\"headline\":\"MINORIAS RELIGIOSAS NA TURQUIA: CEN\u00c1RIO ANIMADOR\",\"datePublished\":\"2012-03-06T20:44:32+00:00\",\"mainEntityOfPage\":{\"@id\":\"https:\\\/\\\/news.ecclesia.org.br\\\/?p=8883\"},\"wordCount\":866,\"commentCount\":0,\"publisher\":{\"@id\":\"https:\\\/\\\/news.ecclesia.org.br\\\/#organization\"},\"image\":{\"@id\":\"https:\\\/\\\/news.ecclesia.org.br\\\/?p=8883#primaryimage\"},\"thumbnailUrl\":\"https:\\\/\\\/news.ecclesia.org.br\\\/wp-content\\\/uploads\\\/2012\\\/03\\\/agia-sophia-1.jpg\",\"articleSection\":[\"Mundo Ortodoxo\",\"Patriarcado Ecum\u00eanico\"],\"inLanguage\":\"pt-BR\",\"potentialAction\":[{\"@type\":\"CommentAction\",\"name\":\"Comment\",\"target\":[\"https:\\\/\\\/news.ecclesia.org.br\\\/?p=8883#respond\"]}]},{\"@type\":\"WebPage\",\"@id\":\"https:\\\/\\\/news.ecclesia.org.br\\\/?p=8883\",\"url\":\"https:\\\/\\\/news.ecclesia.org.br\\\/?p=8883\",\"name\":\"MINORIAS RELIGIOSAS NA TURQUIA: CEN\u00c1RIO ANIMADOR | ECCLESIA NEWS\",\"isPartOf\":{\"@id\":\"https:\\\/\\\/news.ecclesia.org.br\\\/#website\"},\"primaryImageOfPage\":{\"@id\":\"https:\\\/\\\/news.ecclesia.org.br\\\/?p=8883#primaryimage\"},\"image\":{\"@id\":\"https:\\\/\\\/news.ecclesia.org.br\\\/?p=8883#primaryimage\"},\"thumbnailUrl\":\"https:\\\/\\\/news.ecclesia.org.br\\\/wp-content\\\/uploads\\\/2012\\\/03\\\/agia-sophia-1.jpg\",\"datePublished\":\"2012-03-06T20:44:32+00:00\",\"breadcrumb\":{\"@id\":\"https:\\\/\\\/news.ecclesia.org.br\\\/?p=8883#breadcrumb\"},\"inLanguage\":\"pt-BR\",\"potentialAction\":[{\"@type\":\"ReadAction\",\"target\":[\"https:\\\/\\\/news.ecclesia.org.br\\\/?p=8883\"]}]},{\"@type\":\"ImageObject\",\"inLanguage\":\"pt-BR\",\"@id\":\"https:\\\/\\\/news.ecclesia.org.br\\\/?p=8883#primaryimage\",\"url\":\"https:\\\/\\\/news.ecclesia.org.br\\\/wp-content\\\/uploads\\\/2012\\\/03\\\/agia-sophia-1.jpg\",\"contentUrl\":\"https:\\\/\\\/news.ecclesia.org.br\\\/wp-content\\\/uploads\\\/2012\\\/03\\\/agia-sophia-1.jpg\",\"width\":500,\"height\":420},{\"@type\":\"BreadcrumbList\",\"@id\":\"https:\\\/\\\/news.ecclesia.org.br\\\/?p=8883#breadcrumb\",\"itemListElement\":[{\"@type\":\"ListItem\",\"position\":1,\"name\":\"In\u00edcio\",\"item\":\"https:\\\/\\\/news.ecclesia.org.br\\\/\"},{\"@type\":\"ListItem\",\"position\":2,\"name\":\"MINORIAS RELIGIOSAS NA TURQUIA: CEN\u00c1RIO ANIMADOR\"}]},{\"@type\":\"WebSite\",\"@id\":\"https:\\\/\\\/news.ecclesia.org.br\\\/#website\",\"url\":\"https:\\\/\\\/news.ecclesia.org.br\\\/\",\"name\":\"Ecclesia Brasil\",\"description\":\"Desde 2003 onectando o Brasil ao mundo ortodoxo!\",\"publisher\":{\"@id\":\"https:\\\/\\\/news.ecclesia.org.br\\\/#organization\"},\"alternateName\":\"Ecclesia\",\"potentialAction\":[{\"@type\":\"SearchAction\",\"target\":{\"@type\":\"EntryPoint\",\"urlTemplate\":\"https:\\\/\\\/news.ecclesia.org.br\\\/?s={search_term_string}\"},\"query-input\":{\"@type\":\"PropertyValueSpecification\",\"valueRequired\":true,\"valueName\":\"search_term_string\"}}],\"inLanguage\":\"pt-BR\"},{\"@type\":\"Organization\",\"@id\":\"https:\\\/\\\/news.ecclesia.org.br\\\/#organization\",\"name\":\"Sacra Arquidiocese de Buenos Aires e Am\u00e9rica do Sul | Patriarcado Ecum\u00eanico\",\"alternateName\":\"News Ecclesia Brasil\",\"url\":\"https:\\\/\\\/news.ecclesia.org.br\\\/\",\"logo\":{\"@type\":\"ImageObject\",\"inLanguage\":\"pt-BR\",\"@id\":\"https:\\\/\\\/news.ecclesia.org.br\\\/#\\\/schema\\\/logo\\\/image\\\/\",\"url\":\"https:\\\/\\\/news.ecclesia.org.br\\\/wp-content\\\/uploads\\\/2025\\\/05\\\/ecclesia2.png\",\"contentUrl\":\"https:\\\/\\\/news.ecclesia.org.br\\\/wp-content\\\/uploads\\\/2025\\\/05\\\/ecclesia2.png\",\"width\":480,\"height\":120,\"caption\":\"Sacra Arquidiocese de Buenos Aires e Am\u00e9rica do Sul | Patriarcado Ecum\u00eanico\"},\"image\":{\"@id\":\"https:\\\/\\\/news.ecclesia.org.br\\\/#\\\/schema\\\/logo\\\/image\\\/\"},\"sameAs\":[\"https:\\\/\\\/www.facebook.com\\\/Ecclesia2025\",\"https:\\\/\\\/x.com\\\/EcclesiaNews\",\"https:\\\/\\\/br.pinterest.com\\\/ekklisia\\\/\",\"https:\\\/\\\/www.youtube.com\\\/@EcclesiaBrasil\"]},{\"@type\":\"Person\",\"@id\":\"https:\\\/\\\/news.ecclesia.org.br\\\/#\\\/schema\\\/person\\\/6f09597f025829745ba414a569f63758\",\"name\":\"Pe. Andr\u00e9\",\"image\":{\"@type\":\"ImageObject\",\"inLanguage\":\"pt-BR\",\"@id\":\"https:\\\/\\\/secure.gravatar.com\\\/avatar\\\/b4327cfa27e9799da239a26adcd534fc29cdc0c4a4a148eecbcfeb9b42c617ac?s=96&d=mm&r=g\",\"url\":\"https:\\\/\\\/secure.gravatar.com\\\/avatar\\\/b4327cfa27e9799da239a26adcd534fc29cdc0c4a4a148eecbcfeb9b42c617ac?s=96&d=mm&r=g\",\"contentUrl\":\"https:\\\/\\\/secure.gravatar.com\\\/avatar\\\/b4327cfa27e9799da239a26adcd534fc29cdc0c4a4a148eecbcfeb9b42c617ac?s=96&d=mm&r=g\",\"caption\":\"Pe. Andr\u00e9\"},\"sameAs\":[\"https:\\\/\\\/www.ecclesia.org.br\"]}]}<\/script>\n<!-- \/ Yoast SEO plugin. -->","yoast_head_json":{"title":"MINORIAS RELIGIOSAS NA TURQUIA: CEN\u00c1RIO ANIMADOR | ECCLESIA NEWS","robots":{"index":"index","follow":"follow","max-snippet":"max-snippet:-1","max-image-preview":"max-image-preview:large","max-video-preview":"max-video-preview:-1"},"canonical":"https:\/\/news.ecclesia.org.br\/?p=8883","og_locale":"pt_BR","og_type":"article","og_title":"MINORIAS RELIGIOSAS NA TURQUIA: CEN\u00c1RIO ANIMADOR | ECCLESIA NEWS","og_description":"06.03.2012 &#8211; 19:40 Por B\u00fclent Ar\u0131n\u00e7 &#8212;\u00a0Depois de d\u00e9cadas de neglig\u00eancia e desconfian\u00e7a oficiais, a Turquia tomou v\u00e1rios passos para assegurar os direitos das minorias religiosas n\u00e3o mu\u00e7ulmanas do pa\u00eds e assim garantir que as normas legais de conduta sejam&#8230;","og_url":"https:\/\/news.ecclesia.org.br\/?p=8883","og_site_name":"ECCLESIA NEWS","article_publisher":"https:\/\/www.facebook.com\/Ecclesia2025","article_published_time":"2012-03-06T20:44:32+00:00","og_image":[{"width":500,"height":420,"url":"https:\/\/news.ecclesia.org.br\/wp-content\/uploads\/2012\/03\/agia-sophia-1.jpg","type":"image\/jpeg"}],"author":"Pe. Andr\u00e9","twitter_card":"summary_large_image","twitter_creator":"@EcclesiaNews","twitter_site":"@EcclesiaNews","twitter_misc":{"Escrito por":"Pe. Andr\u00e9","Est. tempo de leitura":"4 minutos"},"schema":{"@context":"https:\/\/schema.org","@graph":[{"@type":"Article","@id":"https:\/\/news.ecclesia.org.br\/?p=8883#article","isPartOf":{"@id":"https:\/\/news.ecclesia.org.br\/?p=8883"},"author":{"name":"Pe. Andr\u00e9","@id":"https:\/\/news.ecclesia.org.br\/#\/schema\/person\/6f09597f025829745ba414a569f63758"},"headline":"MINORIAS RELIGIOSAS NA TURQUIA: CEN\u00c1RIO ANIMADOR","datePublished":"2012-03-06T20:44:32+00:00","mainEntityOfPage":{"@id":"https:\/\/news.ecclesia.org.br\/?p=8883"},"wordCount":866,"commentCount":0,"publisher":{"@id":"https:\/\/news.ecclesia.org.br\/#organization"},"image":{"@id":"https:\/\/news.ecclesia.org.br\/?p=8883#primaryimage"},"thumbnailUrl":"https:\/\/news.ecclesia.org.br\/wp-content\/uploads\/2012\/03\/agia-sophia-1.jpg","articleSection":["Mundo Ortodoxo","Patriarcado Ecum\u00eanico"],"inLanguage":"pt-BR","potentialAction":[{"@type":"CommentAction","name":"Comment","target":["https:\/\/news.ecclesia.org.br\/?p=8883#respond"]}]},{"@type":"WebPage","@id":"https:\/\/news.ecclesia.org.br\/?p=8883","url":"https:\/\/news.ecclesia.org.br\/?p=8883","name":"MINORIAS RELIGIOSAS NA TURQUIA: CEN\u00c1RIO ANIMADOR | ECCLESIA NEWS","isPartOf":{"@id":"https:\/\/news.ecclesia.org.br\/#website"},"primaryImageOfPage":{"@id":"https:\/\/news.ecclesia.org.br\/?p=8883#primaryimage"},"image":{"@id":"https:\/\/news.ecclesia.org.br\/?p=8883#primaryimage"},"thumbnailUrl":"https:\/\/news.ecclesia.org.br\/wp-content\/uploads\/2012\/03\/agia-sophia-1.jpg","datePublished":"2012-03-06T20:44:32+00:00","breadcrumb":{"@id":"https:\/\/news.ecclesia.org.br\/?p=8883#breadcrumb"},"inLanguage":"pt-BR","potentialAction":[{"@type":"ReadAction","target":["https:\/\/news.ecclesia.org.br\/?p=8883"]}]},{"@type":"ImageObject","inLanguage":"pt-BR","@id":"https:\/\/news.ecclesia.org.br\/?p=8883#primaryimage","url":"https:\/\/news.ecclesia.org.br\/wp-content\/uploads\/2012\/03\/agia-sophia-1.jpg","contentUrl":"https:\/\/news.ecclesia.org.br\/wp-content\/uploads\/2012\/03\/agia-sophia-1.jpg","width":500,"height":420},{"@type":"BreadcrumbList","@id":"https:\/\/news.ecclesia.org.br\/?p=8883#breadcrumb","itemListElement":[{"@type":"ListItem","position":1,"name":"In\u00edcio","item":"https:\/\/news.ecclesia.org.br\/"},{"@type":"ListItem","position":2,"name":"MINORIAS RELIGIOSAS NA TURQUIA: CEN\u00c1RIO ANIMADOR"}]},{"@type":"WebSite","@id":"https:\/\/news.ecclesia.org.br\/#website","url":"https:\/\/news.ecclesia.org.br\/","name":"Ecclesia Brasil","description":"Desde 2003 onectando o Brasil ao mundo ortodoxo!","publisher":{"@id":"https:\/\/news.ecclesia.org.br\/#organization"},"alternateName":"Ecclesia","potentialAction":[{"@type":"SearchAction","target":{"@type":"EntryPoint","urlTemplate":"https:\/\/news.ecclesia.org.br\/?s={search_term_string}"},"query-input":{"@type":"PropertyValueSpecification","valueRequired":true,"valueName":"search_term_string"}}],"inLanguage":"pt-BR"},{"@type":"Organization","@id":"https:\/\/news.ecclesia.org.br\/#organization","name":"Sacra Arquidiocese de Buenos Aires e Am\u00e9rica do Sul | Patriarcado Ecum\u00eanico","alternateName":"News Ecclesia Brasil","url":"https:\/\/news.ecclesia.org.br\/","logo":{"@type":"ImageObject","inLanguage":"pt-BR","@id":"https:\/\/news.ecclesia.org.br\/#\/schema\/logo\/image\/","url":"https:\/\/news.ecclesia.org.br\/wp-content\/uploads\/2025\/05\/ecclesia2.png","contentUrl":"https:\/\/news.ecclesia.org.br\/wp-content\/uploads\/2025\/05\/ecclesia2.png","width":480,"height":120,"caption":"Sacra Arquidiocese de Buenos Aires e Am\u00e9rica do Sul | Patriarcado Ecum\u00eanico"},"image":{"@id":"https:\/\/news.ecclesia.org.br\/#\/schema\/logo\/image\/"},"sameAs":["https:\/\/www.facebook.com\/Ecclesia2025","https:\/\/x.com\/EcclesiaNews","https:\/\/br.pinterest.com\/ekklisia\/","https:\/\/www.youtube.com\/@EcclesiaBrasil"]},{"@type":"Person","@id":"https:\/\/news.ecclesia.org.br\/#\/schema\/person\/6f09597f025829745ba414a569f63758","name":"Pe. Andr\u00e9","image":{"@type":"ImageObject","inLanguage":"pt-BR","@id":"https:\/\/secure.gravatar.com\/avatar\/b4327cfa27e9799da239a26adcd534fc29cdc0c4a4a148eecbcfeb9b42c617ac?s=96&d=mm&r=g","url":"https:\/\/secure.gravatar.com\/avatar\/b4327cfa27e9799da239a26adcd534fc29cdc0c4a4a148eecbcfeb9b42c617ac?s=96&d=mm&r=g","contentUrl":"https:\/\/secure.gravatar.com\/avatar\/b4327cfa27e9799da239a26adcd534fc29cdc0c4a4a148eecbcfeb9b42c617ac?s=96&d=mm&r=g","caption":"Pe. Andr\u00e9"},"sameAs":["https:\/\/www.ecclesia.org.br"]}]}},"_links":{"self":[{"href":"https:\/\/news.ecclesia.org.br\/index.php?rest_route=\/wp\/v2\/posts\/8883","targetHints":{"allow":["GET"]}}],"collection":[{"href":"https:\/\/news.ecclesia.org.br\/index.php?rest_route=\/wp\/v2\/posts"}],"about":[{"href":"https:\/\/news.ecclesia.org.br\/index.php?rest_route=\/wp\/v2\/types\/post"}],"author":[{"embeddable":true,"href":"https:\/\/news.ecclesia.org.br\/index.php?rest_route=\/wp\/v2\/users\/1"}],"replies":[{"embeddable":true,"href":"https:\/\/news.ecclesia.org.br\/index.php?rest_route=%2Fwp%2Fv2%2Fcomments&post=8883"}],"version-history":[{"count":0,"href":"https:\/\/news.ecclesia.org.br\/index.php?rest_route=\/wp\/v2\/posts\/8883\/revisions"}],"wp:featuredmedia":[{"embeddable":true,"href":"https:\/\/news.ecclesia.org.br\/index.php?rest_route=\/wp\/v2\/media\/8884"}],"wp:attachment":[{"href":"https:\/\/news.ecclesia.org.br\/index.php?rest_route=%2Fwp%2Fv2%2Fmedia&parent=8883"}],"wp:term":[{"taxonomy":"category","embeddable":true,"href":"https:\/\/news.ecclesia.org.br\/index.php?rest_route=%2Fwp%2Fv2%2Fcategories&post=8883"},{"taxonomy":"post_tag","embeddable":true,"href":"https:\/\/news.ecclesia.org.br\/index.php?rest_route=%2Fwp%2Fv2%2Ftags&post=8883"}],"curies":[{"name":"wp","href":"https:\/\/api.w.org\/{rel}","templated":true}]}}