{"id":8828,"date":"2012-02-29T02:10:35","date_gmt":"2012-02-29T02:10:35","guid":{"rendered":"http:\/\/ecclesia.com.br\/news\/2012\/?p=8828"},"modified":"2012-02-29T02:10:35","modified_gmt":"2012-02-29T02:10:35","slug":"aniversario-de-s-s-bartolomeu-i","status":"publish","type":"post","link":"https:\/\/news.ecclesia.org.br\/?p=8828","title":{"rendered":"ANIVERS\u00c1RIO DE S. S. BARTOLOMEU I"},"content":{"rendered":"<figure id=\"attachment_8829\" aria-describedby=\"caption-attachment-8829\" style=\"width: 425px\" class=\"wp-caption aligncenter\"><a href=\"http:\/\/ecclesia.com.br\/news\/2012\/?attachment_id=8829\" rel=\"attachment wp-att-8829\"><img fetchpriority=\"high\" decoding=\"async\" class=\"size-full wp-image-8829\" title=\"bartholomaios profile kontino\" src=\"http:\/\/ecclesia.com.br\/news\/2012\/wp-content\/uploads\/2012\/02\/bartholomaios-profile-kontino.jpg\" alt=\"\" width=\"425\" height=\"312\" \/><\/a><figcaption id=\"caption-attachment-8829\" class=\"wp-caption-text\">Sua Santidade, Bartolomeu I, Arcebispo de Constantinopla Nova Roma e Patriarca Ecum\u00eanico; em grego: H \u0391\u03c5\u03c4\u03bf\u03cd \u0398\u03b5\u03b9\u03bf\u03c4\u03ac\u03c4\u03b7 \u03a0\u03b1\u03bd\u03b1\u03b3\u03b9\u03cc\u03c4\u03b7\u03c2 \u03bf \u0391\u03c1\u03c7\u03b9\u03b5\u03c0\u03af\u03c3\u03ba\u03bf\u03c0\u03bf\u03c2 \u039a\u03c9\u03bd\u03c3\u03c4\u03b1\u03bd\u03c4\u03b9\u03bd\u03bf\u03c5\u03c0\u03cc\u03bb\u03b5\u03c9\u03c2 \u039d\u03ad\u03b1\u03c2 \u03a1\u03ce\u03bc\u03b7\u03c2 \u03ba\u03b1\u03b9 \u039f\u03b9\u03ba\u03bf\u03c5\u03bc\u03b5\u03bd\u03b9\u03ba\u03cc\u03c2 \u03a0\u03b1\u03c4\u03c1\u03b9\u03ac\u03c1\u03c7\u03b7\u03c2 \u0392\u03b1\u03c1\u03b8\u03bf\u03bb\u03bf\u03bc\u03b1\u03af\u03bf\u03c2 \u0391&#39;<\/figcaption><\/figure>\n<p style=\"text-align: justify;\">Nesta quarta-feira, 29 de fevereiro, ano bissexto de 2012, comemoramos o anivers\u00e1rio de nascimento de S. Santidade Bartolomeu I, Patriarca Ecum\u00eanico de Constantinopla, nascido neste dia no ano de 1940 &#8211; ano bissexto &#8211; e, portanto, comemora-se esta data somente a cada 4 anos.<\/p>\n<blockquote><p>Que o Senhor conceda \u00e0 Sua Santidade muita sa\u00fade, paz e alegria interior, para que possa seguir iluminando e guiando Sua Igreja neste mundo e, no c\u00e9u, a vida eterna e a Sua grande Miseric\u00f3rdia!<\/p><\/blockquote>\n<h3 style=\"text-align: justify;\">PRIMEIROS ANOS<\/h3>\n<p style=\"text-align: justify;\">Dim\u00edtrios Archont\u00f3nis, nativo de I\u03bc\u03b2\u03c1\u03bf\u03c2 (transl. Imbros), o filho de Hristo e Meropi Archontonis cursou o Prim\u00e1rio em sua ilha natal e o Ensino M\u00e9dio em Constantinopla, no Zografio Liceu da Polis. Ingressou na Escola Teol\u00f3gica de Halki onde se graduou em 1961.<\/p>\n<p style=\"text-align: justify;\">Foi ordenado di\u00e1cono na Catedral de Imbros por Meliton em 13 de agosto de 1961, quando recebeu o nome religioso de Bartolomeu. Prestou servi\u00e7o militar at\u00e9 1963 e, de ent\u00e3o at\u00e9 1968, p\u00f3s-graduou-se no Instituto de Estudos Orientais de Roma, no Instituto Ecum\u00eanico de Bossey da Su\u00ed\u00e7a e na Universidade de Munich, especializou-se em Direito Can\u00f4nico. Doutor pela Universidade Gregoriana de Roma, retornou para Constantinopla e foi nomeado Diretor-adjunto da Escola Teol\u00f3gia de Halki, onde estudou. No mesmo ano, 1968, foi ordenado presb\u00edtero pelo mesmo Meliton que o ordenou di\u00e1cono e, seis meses depois, pelo Patriarca Aten\u00e1goras I recebeu o t\u00edtulo de Arquimandrita.<\/p>\n<h3 style=\"text-align: justify;\">CARREIRA ECLESI\u00c1STICA<\/h3>\n<p style=\"text-align: justify;\">Com a entroniza\u00e7\u00e3o do Patriarca Dem\u00e9trio I e a subsequente cria\u00e7\u00e3o da Secretaria Particular do Patriarcado, Bartolomeu foi escolhido seu primeiro Secret\u00e1rio. No Natal de 1973 foi ordenado Bispo Eparca da Filad\u00e9lfia e seguiu Secret\u00e1rio at\u00e9 1990 quando, em janeiro, foi proclamado Metropolita de Calced\u00f4nia em sucess\u00e3o a seu pai espiritual Meliton.<\/p>\n<p style=\"text-align: justify;\">Integrou o Santo e Sagrado S\u00ednodo. Foi, tamb\u00e9m, um dos fundadores da &#8216;Sociedade de Direito das Igrejas Orientais&#8217; e vice-presidente da Comiss\u00e3o &#8216;F\u00e9 e Ordem&#8217; do Conselho Mundial das Igrejas.<\/p>\n<h3 style=\"text-align: justify;\">PATRIARCADO<\/h3>\n<p style=\"text-align: justify;\">Uma das caracter\u00edsticas de seu patriarcado \u00e9 o Di\u00e1logo Ecum\u00eanico, a aproxima\u00e7\u00e3o com a Igreja Cat\u00f3lica e maior di\u00e1logo com as demais Igrejas Orientais, al\u00e9m das demais confiss\u00f5es.<\/p>\n<p style=\"text-align: justify;\">Reuniu-se com os papas Jo\u00e3o Paulo II e Bento XVI. Do primeiro recebeu as rel\u00edquias dos Santos Patriarcas Ecum\u00eanicos Jo\u00e3o Cris\u00f3stomo e Greg\u00f3rio Nazianzeno em 2005; assinou uma declara\u00e7\u00e3o conjunta [1] e discutiu sobre o problema da cria\u00e7\u00e3o de patriarcados latinos no Oriente [2]. Com o segundo, encontrou-se por diversas vezes, tanto no Vaticano quanto no Phanar e assinou uma declara\u00e7\u00e3o comum [3]. Aos 18 de outubro de 2008 participou do Santo S\u00ednodo dos Bispos em Roma por convite do Papa.<\/p>\n<p style=\"text-align: justify;\">O papel do Patriarca Bartolomeu tem sido marcado pelo di\u00e1logo inter-religioso, pelas visitas a pa\u00edses ortodoxos e mu\u00e7ulmanos que raramente eram visitados pelos antigos l\u00edderes da Igreja Ortodoxa. Seus esfor\u00e7os em favor da liberdade religiosa e dos direitos humanos, suas iniciativas para a promo\u00e7\u00e3o da toler\u00e2ncia religiosa entre as diversas religi\u00f5es do mundo e o seu trabalho em vista da paz internacional e da prote\u00e7\u00e3o do universo lhe colocou entre os grandes l\u00edderes mundiais da atualidade, como um ap\u00f3stolo afei\u00e7oado da paz e da reconcilia\u00e7\u00e3o. Em 1997 foi condecorado com medalha de ouro no Congresso Americano. [4].<\/p>\n<p style=\"text-align: justify;\">Bartolomeu I tamb\u00e9m \u00e9 conhecido por seus trabalhos em causas de defesa ao meio-ambiente, os quais lhe auferiram o ep\u00edteto de Patriarca Verde. Viajou \u00e0 Am\u00e9rica Latina, onde visitou Cuba [5] e a Amaz\u00f4nia Brasileira [6].<\/p>\n<p style=\"text-align: justify;\">Mant\u00e9m, tamb\u00e9m, um forte di\u00e1logo com outras religi\u00f5es, em particular o Juda\u00edsmo e o Islamismo, monote\u00edstas.<\/p>\n<h3 style=\"text-align: justify;\">T\u00cdTULOS<\/h3>\n<p style=\"text-align: left;\">O t\u00edtulo oficial do Patriarca Ecum\u00eanico \u00e9: Sua Santidade, Bartolomeu I, Arcebispo de Constantinopla Nova Roma e Patriarca Ecum\u00eanico;\u00a0em grego: H \u0391\u03c5\u03c4\u03bf\u03cd \u0398\u03b5\u03b9\u03bf\u03c4\u03ac\u03c4\u03b7 \u03a0\u03b1\u03bd\u03b1\u03b3\u03b9\u03cc\u03c4\u03b7\u03c2 \u03bf \u0391\u03c1\u03c7\u03b9\u03b5\u03c0\u03af\u03c3\u03ba\u03bf\u03c0\u03bf\u03c2 \u039a\u03c9\u03bd\u03c3\u03c4\u03b1\u03bd\u03c4\u03b9\u03bd\u03bf\u03c5\u03c0\u03cc\u03bb\u03b5\u03c9\u03c2 \u039d\u03ad\u03b1\u03c2 \u03a1\u03ce\u03bc\u03b7\u03c2 \u03ba\u03b1\u03b9 \u039f\u03b9\u03ba\u03bf\u03c5\u03bc\u03b5\u03bd\u03b9\u03ba\u03cc\u03c2 \u03a0\u03b1\u03c4\u03c1\u03b9\u03ac\u03c1\u03c7\u03b7\u03c2 \u0392\u03b1\u03c1\u03b8\u03bf\u03bb\u03bf\u03bc\u03b1\u03af\u03bf\u03c2 \u0391&#8217;<\/p>\n<p style=\"text-align: right;\">Fonte: Wikipedia<\/p>\n<h2 style=\"text-align: justify;\">REFER\u00caNCIAS:<\/h2>\n<ol>\n<li style=\"text-align: justify;\"><a href=\"http:\/\/www.ecclesia.com.br\/biblioteca\/dialogo_ecumenico\/declaracao_comum-2004.html\">http:\/\/www.ecclesia.com.br\/biblioteca\/dialogo_ecumenico\/declaracao_comum-2004.html<\/a><\/li>\n<li style=\"text-align: justify;\"><a href=\"http:\/\/www.ecclesia.com.br\/biblioteca\/dialogo_ecumenico\/o_delicado_problema_do_patriarcado_greco-catolico_na_ucrania.html\">http:\/\/www.ecclesia.com.br\/biblioteca\/dialogo_ecumenico\/o_delicado_problema_do_patriarcado_greco-catolico_na_ucrania.html<\/a><\/li>\n<li style=\"text-align: justify;\"><a href=\"http:\/\/www.ecclesia.com.br\/biblioteca\/dialogo_ecumenico\/declaracao_comum-2006.html\">http:\/\/www.ecclesia.com.br\/biblioteca\/dialogo_ecumenico\/declaracao_comum-2006.html<\/a><\/li>\n<li style=\"text-align: justify;\"><a href=\"http:\/\/www.ecclesia.com.br\/patriarcado_ecumenico\/patriarca.html\">http:\/\/www.ecclesia.com.br\/patriarcado_ecumenico\/patriarca.html<\/a><\/li>\n<li style=\"text-align: justify;\"><a href=\"http:\/\/www.ecclesia.com.br\/photogalery\/patriarca_ecumenico_cuba_2004.html\">http:\/\/www.ecclesia.com.br\/photogalery\/patriarca_ecumenico_cuba_2004.html<\/a><\/li>\n<li style=\"text-align: justify;\">\u00a0<a href=\"http:\/\/www.ecclesia.com.br\/photogalery\/patriarca_no_brasil.html\">http:\/\/www.ecclesia.com.br\/photogalery\/patriarca_no_brasil.html<\/a><\/li>\n<\/ol>\n","protected":false},"excerpt":{"rendered":"<p>Nesta quarta-feira, 29 de fevereiro, ano bissexto de 2012, comemoramos o anivers\u00e1rio de nascimento de S. Santidade Bartolomeu I, Patriarca Ecum\u00eanico de Constantinopla, nascido neste dia no ano de 1940 &#8211; ano bissexto &#8211; e, portanto, comemora-se esta data somente&#8230;<\/p>\n","protected":false},"author":1,"featured_media":0,"comment_status":"open","ping_status":"open","sticky":false,"template":"","format":"standard","meta":{"_acf_changed":false,"footnotes":""},"categories":[3,72],"tags":[],"class_list":["post-8828","post","type-post","status-publish","format-standard","hentry","category-mundo","category-patriarcado-ecumenico","entry","rows-excerpt"],"acf":[],"yoast_head":"<!-- This site is optimized with the Yoast SEO plugin v27.4 - https:\/\/yoast.com\/product\/yoast-seo-wordpress\/ -->\n<title>ANIVERS\u00c1RIO DE S. S. BARTOLOMEU I | ECCLESIA NEWS<\/title>\n<meta name=\"robots\" content=\"index, follow, max-snippet:-1, max-image-preview:large, max-video-preview:-1\" \/>\n<link rel=\"canonical\" href=\"https:\/\/news.ecclesia.org.br\/?p=8828\" \/>\n<meta property=\"og:locale\" content=\"pt_BR\" \/>\n<meta property=\"og:type\" content=\"article\" \/>\n<meta property=\"og:title\" content=\"ANIVERS\u00c1RIO DE S. S. BARTOLOMEU I | ECCLESIA NEWS\" \/>\n<meta property=\"og:description\" content=\"Nesta quarta-feira, 29 de fevereiro, ano bissexto de 2012, comemoramos o anivers\u00e1rio de nascimento de S. Santidade Bartolomeu I, Patriarca Ecum\u00eanico de Constantinopla, nascido neste dia no ano de 1940 &#8211; ano bissexto &#8211; e, portanto, comemora-se esta data somente&#8230;\" \/>\n<meta property=\"og:url\" content=\"https:\/\/news.ecclesia.org.br\/?p=8828\" \/>\n<meta property=\"og:site_name\" content=\"ECCLESIA NEWS\" \/>\n<meta property=\"article:publisher\" content=\"https:\/\/www.facebook.com\/Ecclesia2025\" \/>\n<meta property=\"article:published_time\" content=\"2012-02-29T02:10:35+00:00\" \/>\n<meta property=\"og:image\" content=\"http:\/\/ecclesia.com.br\/news\/2012\/wp-content\/uploads\/2012\/02\/bartholomaios-profile-kontino.jpg\" \/>\n<meta name=\"author\" content=\"Pe. Andr\u00e9\" \/>\n<meta name=\"twitter:card\" content=\"summary_large_image\" \/>\n<meta name=\"twitter:creator\" content=\"@EcclesiaNews\" \/>\n<meta name=\"twitter:site\" content=\"@EcclesiaNews\" \/>\n<meta name=\"twitter:label1\" content=\"Escrito por\" \/>\n\t<meta name=\"twitter:data1\" content=\"Pe. Andr\u00e9\" \/>\n\t<meta name=\"twitter:label2\" content=\"Est. tempo de leitura\" \/>\n\t<meta name=\"twitter:data2\" content=\"4 minutos\" \/>\n<script type=\"application\/ld+json\" class=\"yoast-schema-graph\">{\"@context\":\"https:\\\/\\\/schema.org\",\"@graph\":[{\"@type\":\"Article\",\"@id\":\"https:\\\/\\\/news.ecclesia.org.br\\\/?p=8828#article\",\"isPartOf\":{\"@id\":\"https:\\\/\\\/news.ecclesia.org.br\\\/?p=8828\"},\"author\":{\"name\":\"Pe. Andr\u00e9\",\"@id\":\"https:\\\/\\\/news.ecclesia.org.br\\\/#\\\/schema\\\/person\\\/6f09597f025829745ba414a569f63758\"},\"headline\":\"ANIVERS\u00c1RIO DE S. S. BARTOLOMEU I\",\"datePublished\":\"2012-02-29T02:10:35+00:00\",\"mainEntityOfPage\":{\"@id\":\"https:\\\/\\\/news.ecclesia.org.br\\\/?p=8828\"},\"wordCount\":748,\"commentCount\":0,\"publisher\":{\"@id\":\"https:\\\/\\\/news.ecclesia.org.br\\\/#organization\"},\"image\":{\"@id\":\"https:\\\/\\\/news.ecclesia.org.br\\\/?p=8828#primaryimage\"},\"thumbnailUrl\":\"http:\\\/\\\/ecclesia.com.br\\\/news\\\/2012\\\/wp-content\\\/uploads\\\/2012\\\/02\\\/bartholomaios-profile-kontino.jpg\",\"articleSection\":[\"Mundo Ortodoxo\",\"Patriarcado Ecum\u00eanico\"],\"inLanguage\":\"pt-BR\",\"potentialAction\":[{\"@type\":\"CommentAction\",\"name\":\"Comment\",\"target\":[\"https:\\\/\\\/news.ecclesia.org.br\\\/?p=8828#respond\"]}]},{\"@type\":\"WebPage\",\"@id\":\"https:\\\/\\\/news.ecclesia.org.br\\\/?p=8828\",\"url\":\"https:\\\/\\\/news.ecclesia.org.br\\\/?p=8828\",\"name\":\"ANIVERS\u00c1RIO DE S. S. BARTOLOMEU I | ECCLESIA NEWS\",\"isPartOf\":{\"@id\":\"https:\\\/\\\/news.ecclesia.org.br\\\/#website\"},\"primaryImageOfPage\":{\"@id\":\"https:\\\/\\\/news.ecclesia.org.br\\\/?p=8828#primaryimage\"},\"image\":{\"@id\":\"https:\\\/\\\/news.ecclesia.org.br\\\/?p=8828#primaryimage\"},\"thumbnailUrl\":\"http:\\\/\\\/ecclesia.com.br\\\/news\\\/2012\\\/wp-content\\\/uploads\\\/2012\\\/02\\\/bartholomaios-profile-kontino.jpg\",\"datePublished\":\"2012-02-29T02:10:35+00:00\",\"breadcrumb\":{\"@id\":\"https:\\\/\\\/news.ecclesia.org.br\\\/?p=8828#breadcrumb\"},\"inLanguage\":\"pt-BR\",\"potentialAction\":[{\"@type\":\"ReadAction\",\"target\":[\"https:\\\/\\\/news.ecclesia.org.br\\\/?p=8828\"]}]},{\"@type\":\"ImageObject\",\"inLanguage\":\"pt-BR\",\"@id\":\"https:\\\/\\\/news.ecclesia.org.br\\\/?p=8828#primaryimage\",\"url\":\"http:\\\/\\\/ecclesia.com.br\\\/news\\\/2012\\\/wp-content\\\/uploads\\\/2012\\\/02\\\/bartholomaios-profile-kontino.jpg\",\"contentUrl\":\"http:\\\/\\\/ecclesia.com.br\\\/news\\\/2012\\\/wp-content\\\/uploads\\\/2012\\\/02\\\/bartholomaios-profile-kontino.jpg\"},{\"@type\":\"BreadcrumbList\",\"@id\":\"https:\\\/\\\/news.ecclesia.org.br\\\/?p=8828#breadcrumb\",\"itemListElement\":[{\"@type\":\"ListItem\",\"position\":1,\"name\":\"In\u00edcio\",\"item\":\"https:\\\/\\\/news.ecclesia.org.br\\\/\"},{\"@type\":\"ListItem\",\"position\":2,\"name\":\"ANIVERS\u00c1RIO DE S. S. BARTOLOMEU I\"}]},{\"@type\":\"WebSite\",\"@id\":\"https:\\\/\\\/news.ecclesia.org.br\\\/#website\",\"url\":\"https:\\\/\\\/news.ecclesia.org.br\\\/\",\"name\":\"Ecclesia Brasil\",\"description\":\"Desde 2003 onectando o Brasil ao mundo ortodoxo!\",\"publisher\":{\"@id\":\"https:\\\/\\\/news.ecclesia.org.br\\\/#organization\"},\"alternateName\":\"Ecclesia\",\"potentialAction\":[{\"@type\":\"SearchAction\",\"target\":{\"@type\":\"EntryPoint\",\"urlTemplate\":\"https:\\\/\\\/news.ecclesia.org.br\\\/?s={search_term_string}\"},\"query-input\":{\"@type\":\"PropertyValueSpecification\",\"valueRequired\":true,\"valueName\":\"search_term_string\"}}],\"inLanguage\":\"pt-BR\"},{\"@type\":\"Organization\",\"@id\":\"https:\\\/\\\/news.ecclesia.org.br\\\/#organization\",\"name\":\"Sacra Arquidiocese de Buenos Aires e Am\u00e9rica do Sul | Patriarcado Ecum\u00eanico\",\"alternateName\":\"News Ecclesia Brasil\",\"url\":\"https:\\\/\\\/news.ecclesia.org.br\\\/\",\"logo\":{\"@type\":\"ImageObject\",\"inLanguage\":\"pt-BR\",\"@id\":\"https:\\\/\\\/news.ecclesia.org.br\\\/#\\\/schema\\\/logo\\\/image\\\/\",\"url\":\"https:\\\/\\\/news.ecclesia.org.br\\\/wp-content\\\/uploads\\\/2025\\\/05\\\/ecclesia2.png\",\"contentUrl\":\"https:\\\/\\\/news.ecclesia.org.br\\\/wp-content\\\/uploads\\\/2025\\\/05\\\/ecclesia2.png\",\"width\":480,\"height\":120,\"caption\":\"Sacra Arquidiocese de Buenos Aires e Am\u00e9rica do Sul | Patriarcado Ecum\u00eanico\"},\"image\":{\"@id\":\"https:\\\/\\\/news.ecclesia.org.br\\\/#\\\/schema\\\/logo\\\/image\\\/\"},\"sameAs\":[\"https:\\\/\\\/www.facebook.com\\\/Ecclesia2025\",\"https:\\\/\\\/x.com\\\/EcclesiaNews\",\"https:\\\/\\\/br.pinterest.com\\\/ekklisia\\\/\",\"https:\\\/\\\/www.youtube.com\\\/@EcclesiaBrasil\"]},{\"@type\":\"Person\",\"@id\":\"https:\\\/\\\/news.ecclesia.org.br\\\/#\\\/schema\\\/person\\\/6f09597f025829745ba414a569f63758\",\"name\":\"Pe. Andr\u00e9\",\"image\":{\"@type\":\"ImageObject\",\"inLanguage\":\"pt-BR\",\"@id\":\"https:\\\/\\\/secure.gravatar.com\\\/avatar\\\/b4327cfa27e9799da239a26adcd534fc29cdc0c4a4a148eecbcfeb9b42c617ac?s=96&d=mm&r=g\",\"url\":\"https:\\\/\\\/secure.gravatar.com\\\/avatar\\\/b4327cfa27e9799da239a26adcd534fc29cdc0c4a4a148eecbcfeb9b42c617ac?s=96&d=mm&r=g\",\"contentUrl\":\"https:\\\/\\\/secure.gravatar.com\\\/avatar\\\/b4327cfa27e9799da239a26adcd534fc29cdc0c4a4a148eecbcfeb9b42c617ac?s=96&d=mm&r=g\",\"caption\":\"Pe. Andr\u00e9\"},\"sameAs\":[\"https:\\\/\\\/www.ecclesia.org.br\"]}]}<\/script>\n<!-- \/ Yoast SEO plugin. -->","yoast_head_json":{"title":"ANIVERS\u00c1RIO DE S. S. BARTOLOMEU I | ECCLESIA NEWS","robots":{"index":"index","follow":"follow","max-snippet":"max-snippet:-1","max-image-preview":"max-image-preview:large","max-video-preview":"max-video-preview:-1"},"canonical":"https:\/\/news.ecclesia.org.br\/?p=8828","og_locale":"pt_BR","og_type":"article","og_title":"ANIVERS\u00c1RIO DE S. S. BARTOLOMEU I | ECCLESIA NEWS","og_description":"Nesta quarta-feira, 29 de fevereiro, ano bissexto de 2012, comemoramos o anivers\u00e1rio de nascimento de S. Santidade Bartolomeu I, Patriarca Ecum\u00eanico de Constantinopla, nascido neste dia no ano de 1940 &#8211; ano bissexto &#8211; e, portanto, comemora-se esta data somente&#8230;","og_url":"https:\/\/news.ecclesia.org.br\/?p=8828","og_site_name":"ECCLESIA NEWS","article_publisher":"https:\/\/www.facebook.com\/Ecclesia2025","article_published_time":"2012-02-29T02:10:35+00:00","og_image":[{"url":"http:\/\/ecclesia.com.br\/news\/2012\/wp-content\/uploads\/2012\/02\/bartholomaios-profile-kontino.jpg","type":"","width":"","height":""}],"author":"Pe. Andr\u00e9","twitter_card":"summary_large_image","twitter_creator":"@EcclesiaNews","twitter_site":"@EcclesiaNews","twitter_misc":{"Escrito por":"Pe. Andr\u00e9","Est. tempo de leitura":"4 minutos"},"schema":{"@context":"https:\/\/schema.org","@graph":[{"@type":"Article","@id":"https:\/\/news.ecclesia.org.br\/?p=8828#article","isPartOf":{"@id":"https:\/\/news.ecclesia.org.br\/?p=8828"},"author":{"name":"Pe. Andr\u00e9","@id":"https:\/\/news.ecclesia.org.br\/#\/schema\/person\/6f09597f025829745ba414a569f63758"},"headline":"ANIVERS\u00c1RIO DE S. S. BARTOLOMEU I","datePublished":"2012-02-29T02:10:35+00:00","mainEntityOfPage":{"@id":"https:\/\/news.ecclesia.org.br\/?p=8828"},"wordCount":748,"commentCount":0,"publisher":{"@id":"https:\/\/news.ecclesia.org.br\/#organization"},"image":{"@id":"https:\/\/news.ecclesia.org.br\/?p=8828#primaryimage"},"thumbnailUrl":"http:\/\/ecclesia.com.br\/news\/2012\/wp-content\/uploads\/2012\/02\/bartholomaios-profile-kontino.jpg","articleSection":["Mundo Ortodoxo","Patriarcado Ecum\u00eanico"],"inLanguage":"pt-BR","potentialAction":[{"@type":"CommentAction","name":"Comment","target":["https:\/\/news.ecclesia.org.br\/?p=8828#respond"]}]},{"@type":"WebPage","@id":"https:\/\/news.ecclesia.org.br\/?p=8828","url":"https:\/\/news.ecclesia.org.br\/?p=8828","name":"ANIVERS\u00c1RIO DE S. S. BARTOLOMEU I | ECCLESIA NEWS","isPartOf":{"@id":"https:\/\/news.ecclesia.org.br\/#website"},"primaryImageOfPage":{"@id":"https:\/\/news.ecclesia.org.br\/?p=8828#primaryimage"},"image":{"@id":"https:\/\/news.ecclesia.org.br\/?p=8828#primaryimage"},"thumbnailUrl":"http:\/\/ecclesia.com.br\/news\/2012\/wp-content\/uploads\/2012\/02\/bartholomaios-profile-kontino.jpg","datePublished":"2012-02-29T02:10:35+00:00","breadcrumb":{"@id":"https:\/\/news.ecclesia.org.br\/?p=8828#breadcrumb"},"inLanguage":"pt-BR","potentialAction":[{"@type":"ReadAction","target":["https:\/\/news.ecclesia.org.br\/?p=8828"]}]},{"@type":"ImageObject","inLanguage":"pt-BR","@id":"https:\/\/news.ecclesia.org.br\/?p=8828#primaryimage","url":"http:\/\/ecclesia.com.br\/news\/2012\/wp-content\/uploads\/2012\/02\/bartholomaios-profile-kontino.jpg","contentUrl":"http:\/\/ecclesia.com.br\/news\/2012\/wp-content\/uploads\/2012\/02\/bartholomaios-profile-kontino.jpg"},{"@type":"BreadcrumbList","@id":"https:\/\/news.ecclesia.org.br\/?p=8828#breadcrumb","itemListElement":[{"@type":"ListItem","position":1,"name":"In\u00edcio","item":"https:\/\/news.ecclesia.org.br\/"},{"@type":"ListItem","position":2,"name":"ANIVERS\u00c1RIO DE S. S. BARTOLOMEU I"}]},{"@type":"WebSite","@id":"https:\/\/news.ecclesia.org.br\/#website","url":"https:\/\/news.ecclesia.org.br\/","name":"Ecclesia Brasil","description":"Desde 2003 onectando o Brasil ao mundo ortodoxo!","publisher":{"@id":"https:\/\/news.ecclesia.org.br\/#organization"},"alternateName":"Ecclesia","potentialAction":[{"@type":"SearchAction","target":{"@type":"EntryPoint","urlTemplate":"https:\/\/news.ecclesia.org.br\/?s={search_term_string}"},"query-input":{"@type":"PropertyValueSpecification","valueRequired":true,"valueName":"search_term_string"}}],"inLanguage":"pt-BR"},{"@type":"Organization","@id":"https:\/\/news.ecclesia.org.br\/#organization","name":"Sacra Arquidiocese de Buenos Aires e Am\u00e9rica do Sul | Patriarcado Ecum\u00eanico","alternateName":"News Ecclesia Brasil","url":"https:\/\/news.ecclesia.org.br\/","logo":{"@type":"ImageObject","inLanguage":"pt-BR","@id":"https:\/\/news.ecclesia.org.br\/#\/schema\/logo\/image\/","url":"https:\/\/news.ecclesia.org.br\/wp-content\/uploads\/2025\/05\/ecclesia2.png","contentUrl":"https:\/\/news.ecclesia.org.br\/wp-content\/uploads\/2025\/05\/ecclesia2.png","width":480,"height":120,"caption":"Sacra Arquidiocese de Buenos Aires e Am\u00e9rica do Sul | Patriarcado Ecum\u00eanico"},"image":{"@id":"https:\/\/news.ecclesia.org.br\/#\/schema\/logo\/image\/"},"sameAs":["https:\/\/www.facebook.com\/Ecclesia2025","https:\/\/x.com\/EcclesiaNews","https:\/\/br.pinterest.com\/ekklisia\/","https:\/\/www.youtube.com\/@EcclesiaBrasil"]},{"@type":"Person","@id":"https:\/\/news.ecclesia.org.br\/#\/schema\/person\/6f09597f025829745ba414a569f63758","name":"Pe. Andr\u00e9","image":{"@type":"ImageObject","inLanguage":"pt-BR","@id":"https:\/\/secure.gravatar.com\/avatar\/b4327cfa27e9799da239a26adcd534fc29cdc0c4a4a148eecbcfeb9b42c617ac?s=96&d=mm&r=g","url":"https:\/\/secure.gravatar.com\/avatar\/b4327cfa27e9799da239a26adcd534fc29cdc0c4a4a148eecbcfeb9b42c617ac?s=96&d=mm&r=g","contentUrl":"https:\/\/secure.gravatar.com\/avatar\/b4327cfa27e9799da239a26adcd534fc29cdc0c4a4a148eecbcfeb9b42c617ac?s=96&d=mm&r=g","caption":"Pe. Andr\u00e9"},"sameAs":["https:\/\/www.ecclesia.org.br"]}]}},"_links":{"self":[{"href":"https:\/\/news.ecclesia.org.br\/index.php?rest_route=\/wp\/v2\/posts\/8828","targetHints":{"allow":["GET"]}}],"collection":[{"href":"https:\/\/news.ecclesia.org.br\/index.php?rest_route=\/wp\/v2\/posts"}],"about":[{"href":"https:\/\/news.ecclesia.org.br\/index.php?rest_route=\/wp\/v2\/types\/post"}],"author":[{"embeddable":true,"href":"https:\/\/news.ecclesia.org.br\/index.php?rest_route=\/wp\/v2\/users\/1"}],"replies":[{"embeddable":true,"href":"https:\/\/news.ecclesia.org.br\/index.php?rest_route=%2Fwp%2Fv2%2Fcomments&post=8828"}],"version-history":[{"count":0,"href":"https:\/\/news.ecclesia.org.br\/index.php?rest_route=\/wp\/v2\/posts\/8828\/revisions"}],"wp:attachment":[{"href":"https:\/\/news.ecclesia.org.br\/index.php?rest_route=%2Fwp%2Fv2%2Fmedia&parent=8828"}],"wp:term":[{"taxonomy":"category","embeddable":true,"href":"https:\/\/news.ecclesia.org.br\/index.php?rest_route=%2Fwp%2Fv2%2Fcategories&post=8828"},{"taxonomy":"post_tag","embeddable":true,"href":"https:\/\/news.ecclesia.org.br\/index.php?rest_route=%2Fwp%2Fv2%2Ftags&post=8828"}],"curies":[{"name":"wp","href":"https:\/\/api.w.org\/{rel}","templated":true}]}}