{"id":8805,"date":"2019-02-25T00:57:03","date_gmt":"2019-02-25T00:57:03","guid":{"rendered":"http:\/\/ecclesia.com.br\/news\/2012\/?p=8805"},"modified":"2021-07-20T11:03:28","modified_gmt":"2021-07-20T14:03:28","slug":"25-de-fevereiro-sao-tarasios-patriarca-de-constantinopla-%e2%80%a0806-comemoracao-do-onomastico-de-s-e-arcebispo-tarasios","status":"publish","type":"post","link":"https:\/\/news.ecclesia.org.br\/?p=8805","title":{"rendered":"25 de Fevereiro: S\u00e3o TARASIOS, Patriarca de Constantinopla (\u2020806) &#8211; comemora\u00e7\u00e3o do onom\u00e1stico de S. E. Arcebispo TARASIOS"},"content":{"rendered":"<p style=\"text-align: justify;\"><a href=\"https:\/\/news.ecclesia.org.br\/wp-content\/uploads\/2011\/02\/onomastico-tarasios.jpg\"><img fetchpriority=\"high\" decoding=\"async\" class=\"alignleft size-medium wp-image-6001\" src=\"https:\/\/news.ecclesia.org.br\/wp-content\/uploads\/2011\/02\/onomastico-tarasios-300x225.jpg\" alt=\"\" width=\"300\" height=\"225\" srcset=\"https:\/\/news.ecclesia.org.br\/wp-content\/uploads\/2011\/02\/onomastico-tarasios-300x225.jpg 300w, https:\/\/news.ecclesia.org.br\/wp-content\/uploads\/2011\/02\/onomastico-tarasios-73x55.jpg 73w, https:\/\/news.ecclesia.org.br\/wp-content\/uploads\/2011\/02\/onomastico-tarasios.jpg 320w\" sizes=\"(max-width: 300px) 100vw, 300px\" \/><\/a>Comemoramos hoje, 25 de fevereiro de 2019, S\u00e3o TARASIOS, Patriarca de Constantinopla e, portanto, a data onom\u00e1stica de nosso Pai Arcebispo Tar\u00e1sios, Metropolitano de Buenos Aires, Primaz e Exarca da Am\u00e9rica do Sul.<\/p>\n<p>\u00a0\u03a7\u03c1\u03cc\u03bd\u03b9\u03b1 \u03a0\u03bf\u03bb\u03bb\u03ac<\/p>\n<p style=\"text-align: justify;\"><strong><span style=\"font-family: mceinline;\">S<\/span><\/strong>\u00e3o Tar\u00e1sios nasceu no ano 730. Recebeu uma \u00f3tima educa\u00e7\u00e3o crist\u00e3 e liter\u00e1ria; tinha como pai, o prefeito de Constantinopla. Tar\u00e1sios era de car\u00e1ter zeloso, de tal forma que foi nomeado pelo imperador para um alto cargo imperial.\u00a0Enfrentou, em Deus, todas as tenta\u00e7\u00f5es pr\u00f3prias da sociedade, cheia de luxo. No s\u00e9culo VIII, foi a heresia iconoclasta promovida pelo imperador Le\u00e3o que, n\u00e3o compreendendo, aponta o culto \u00e0s imagens como uma pr\u00e1tica de idolatria.\u00a0Ao assumir o patriarcado S\u00e3o Tar\u00e1sios combateu e conseguiu condenar esta heresia num Conc\u00edlio. Cuidadoso com suas ovelhas, tinha um grande esp\u00edrito de servi\u00e7o, a ponto de dizer, ao ser questionado pelo seu especial cuidado para com os pobres: \u00abMinha \u00fanica ambi\u00e7\u00e3o \u00e9 imitar Nosso Senhor Jesus Cristo, que viveu para servir e n\u00e3o para ser servido\u00bb.\u00a0S\u00e3o Tar\u00e1sios governou sabiamente a Igreja durante 22 anos, tempo em que levou uma vida estritamente asc\u00e9tica. Gastou todo o seu dinheiro em obras de caridade, alimentando e levando conforto aos idosos, empobrecidos, vi\u00favas e \u00f3rf\u00e3os.\u00a0Morreu no ano 806 dC e, antes da sua morte, \u00e9 dito que o diabo, tendo investigado sua vida desde a \u00e9poca de sua juventude, tentou for\u00e7ar o santo a admitir pecados que n\u00e3o havia cometido. \u00abEu sou inocente do que me acusas\u00bb, ele respondeu, \u00abe falsamente me difamas. Tu n\u00e3o tens mais poder sobre mim\u00bb.<\/p>\n<p style=\"text-align: justify;\">O corpo de S\u00e3o Tarasios foi sepultado num mosteiro que ele construiu sobre o B\u00f3sforo. V\u00e1rios milagres ocorreram, desde ent\u00e3o, no seu t\u00famulo.<\/p>\n<p style=\"text-align: justify;\">Um pequena rel\u00edquia de S\u00e3o Tarasios \u00e9 conservada no interior da capela arquiepiscopal de nossa Metr\u00f3pole, em Buenos Aires.<\/p>\n<p style=\"text-align: justify;\"><strong>TROP\u00c1RIO DE S\u00c3O TARASIOS \u00a0(4\u00b0 TOM)<\/strong><\/p>\n<blockquote><p><em>A verdade das tuas obras,<br \/>\ntornou-se regra de f\u00e9 para o teu rebanho,<br \/>\nmodelo de do\u00e7ura e mestre de temperan\u00e7a.<br \/>\nPela tua humildade obtiveste ainda a exalta\u00e7\u00e3o<br \/>\ne, pela tua pobreza, a riqueza.<br \/>\nIntercede, pois, a Cristo nosso Deus,<br \/>\n\u00f3 nosso Santo Pai e Hierarca TARASIOS,<br \/>\npela salva\u00e7\u00e3o de nossas almas!<\/em><\/p>\n<p>&nbsp;<\/p>\n<p><em>\u00d3 Cristo nosso Deus,\u00a0salva e tem piedade do nosso Arcebispo TARASIOS.<br \/>\n<\/em><em>Conserva-o, Senhor,\u00a0e protege-o por muitos anos!<\/em><\/p>\n<p><em>\u03a3\u03c4\u03b5\u03c1\u03b5\u03ce\u03c3\u03b1\u03b9 \u039a\u03cd\u03c1\u03b9\u03bf\u03c2 \u03bf \u0398\u03b5\u03cc\u03c2 \u03c4\u03b7\u03bd \u03b1\u03b3\u03af\u03b1\u03bd \u03ba\u03b1\u03b9 \u03b1\u03bc\u03ce\u03bc\u03b7\u03c4\u03bf\u03bd \u03c0\u03af\u03c3\u03c4\u03b9\u03bd \u03c4\u03c9\u03bd \u03b5\u03c5\u03c3\u03b5\u03b2\u03ce\u03bd \u03ba\u03b1\u03b9 \u03bf\u03c1\u03b8\u03bf\u03b4\u03cc\u03be\u03c9\u03bd \u03a7\u03c1\u03b9\u03c3\u03c4\u03b9\u03b1\u03bd\u03ce\u03bd,\u00a0<\/em><em>\u03c3\u03c5\u03bd \u03c4\u03b7 \u03b1\u03b3\u03af\u03b1 \u0395\u03ba\u03ba\u03bb\u03b7\u03c3\u03af\u03b1 \u03ba\u03b1\u03b9 \u03ba\u03ce\u03bc\u03b7 \u03c4\u03b1\u03cd\u03c4\u03b7 \u03b5\u03b9\u03c2 \u03b1\u03b9\u03ce\u03bd\u03b1\u03c2 \u03b1\u03b9\u03ce\u03bd\u03c9\u03bd. \u0391\u03bc\u03ae\u03bd.<\/em><\/p><\/blockquote>\n","protected":false},"excerpt":{"rendered":"<p>Comemoramos hoje, 25 de fevereiro de 2019, S\u00e3o TARASIOS, Patriarca de Constantinopla e, portanto, a data onom\u00e1stica de nosso Pai Arcebispo Tar\u00e1sios, Metropolitano de Buenos Aires, Primaz e Exarca da Am\u00e9rica do Sul. \u00a0\u03a7\u03c1\u03cc\u03bd\u03b9\u03b1 \u03a0\u03bf\u03bb\u03bb\u03ac S\u00e3o Tar\u00e1sios nasceu no ano&#8230;<\/p>\n","protected":false},"author":1,"featured_media":0,"comment_status":"open","ping_status":"open","sticky":false,"template":"","format":"standard","meta":{"_acf_changed":false,"footnotes":""},"categories":[40,3],"tags":[],"class_list":["post-8805","post","type-post","status-publish","format-standard","hentry","category-arquidiocese-de-buenos-aires-e-america-do-sul","category-mundo","entry","rows-excerpt"],"acf":[],"yoast_head":"<!-- This site is optimized with the Yoast SEO plugin v27.4 - https:\/\/yoast.com\/product\/yoast-seo-wordpress\/ -->\n<title>25 de Fevereiro: S\u00e3o TARASIOS, Patriarca de Constantinopla (\u2020806) - comemora\u00e7\u00e3o do onom\u00e1stico de S. E. Arcebispo TARASIOS | ECCLESIA NEWS<\/title>\n<meta name=\"robots\" content=\"index, follow, max-snippet:-1, max-image-preview:large, max-video-preview:-1\" \/>\n<link rel=\"canonical\" href=\"https:\/\/news.ecclesia.org.br\/?p=8805\" \/>\n<meta property=\"og:locale\" content=\"pt_BR\" \/>\n<meta property=\"og:type\" content=\"article\" \/>\n<meta property=\"og:title\" content=\"25 de Fevereiro: S\u00e3o TARASIOS, Patriarca de Constantinopla (\u2020806) - comemora\u00e7\u00e3o do onom\u00e1stico de S. E. Arcebispo TARASIOS | ECCLESIA NEWS\" \/>\n<meta property=\"og:description\" content=\"Comemoramos hoje, 25 de fevereiro de 2019, S\u00e3o TARASIOS, Patriarca de Constantinopla e, portanto, a data onom\u00e1stica de nosso Pai Arcebispo Tar\u00e1sios, Metropolitano de Buenos Aires, Primaz e Exarca da Am\u00e9rica do Sul. \u00a0\u03a7\u03c1\u03cc\u03bd\u03b9\u03b1 \u03a0\u03bf\u03bb\u03bb\u03ac S\u00e3o Tar\u00e1sios nasceu no ano&#8230;\" \/>\n<meta property=\"og:url\" content=\"https:\/\/news.ecclesia.org.br\/?p=8805\" \/>\n<meta property=\"og:site_name\" content=\"ECCLESIA NEWS\" \/>\n<meta property=\"article:publisher\" content=\"https:\/\/www.facebook.com\/Ecclesia2025\" \/>\n<meta property=\"article:published_time\" content=\"2019-02-25T00:57:03+00:00\" \/>\n<meta property=\"article:modified_time\" content=\"2021-07-20T14:03:28+00:00\" \/>\n<meta property=\"og:image\" content=\"https:\/\/news.ecclesia.org.br\/wp-content\/uploads\/2011\/02\/onomastico-tarasios-300x225.jpg\" \/>\n<meta name=\"author\" content=\"Pe. Andr\u00e9\" \/>\n<meta name=\"twitter:card\" content=\"summary_large_image\" \/>\n<meta name=\"twitter:creator\" content=\"@EcclesiaNews\" \/>\n<meta name=\"twitter:site\" content=\"@EcclesiaNews\" \/>\n<meta name=\"twitter:label1\" content=\"Escrito por\" \/>\n\t<meta name=\"twitter:data1\" content=\"Pe. Andr\u00e9\" \/>\n\t<meta name=\"twitter:label2\" content=\"Est. tempo de leitura\" \/>\n\t<meta name=\"twitter:data2\" content=\"2 minutos\" \/>\n<script type=\"application\/ld+json\" class=\"yoast-schema-graph\">{\"@context\":\"https:\\\/\\\/schema.org\",\"@graph\":[{\"@type\":\"Article\",\"@id\":\"https:\\\/\\\/news.ecclesia.org.br\\\/?p=8805#article\",\"isPartOf\":{\"@id\":\"https:\\\/\\\/news.ecclesia.org.br\\\/?p=8805\"},\"author\":{\"name\":\"Pe. Andr\u00e9\",\"@id\":\"https:\\\/\\\/news.ecclesia.org.br\\\/#\\\/schema\\\/person\\\/6f09597f025829745ba414a569f63758\"},\"headline\":\"25 de Fevereiro: S\u00e3o TARASIOS, Patriarca de Constantinopla (\u2020806) &#8211; comemora\u00e7\u00e3o do onom\u00e1stico de S. E. Arcebispo TARASIOS\",\"datePublished\":\"2019-02-25T00:57:03+00:00\",\"dateModified\":\"2021-07-20T14:03:28+00:00\",\"mainEntityOfPage\":{\"@id\":\"https:\\\/\\\/news.ecclesia.org.br\\\/?p=8805\"},\"wordCount\":428,\"commentCount\":0,\"publisher\":{\"@id\":\"https:\\\/\\\/news.ecclesia.org.br\\\/#organization\"},\"image\":{\"@id\":\"https:\\\/\\\/news.ecclesia.org.br\\\/?p=8805#primaryimage\"},\"thumbnailUrl\":\"https:\\\/\\\/news.ecclesia.org.br\\\/wp-content\\\/uploads\\\/2011\\\/02\\\/onomastico-tarasios-300x225.jpg\",\"articleSection\":[\"Arquidiocese de Buenos Aires e Am\u00e9rica do Sul\",\"Mundo Ortodoxo\"],\"inLanguage\":\"pt-BR\",\"potentialAction\":[{\"@type\":\"CommentAction\",\"name\":\"Comment\",\"target\":[\"https:\\\/\\\/news.ecclesia.org.br\\\/?p=8805#respond\"]}]},{\"@type\":\"WebPage\",\"@id\":\"https:\\\/\\\/news.ecclesia.org.br\\\/?p=8805\",\"url\":\"https:\\\/\\\/news.ecclesia.org.br\\\/?p=8805\",\"name\":\"25 de Fevereiro: S\u00e3o TARASIOS, Patriarca de Constantinopla (\u2020806) - comemora\u00e7\u00e3o do onom\u00e1stico de S. E. Arcebispo TARASIOS | ECCLESIA NEWS\",\"isPartOf\":{\"@id\":\"https:\\\/\\\/news.ecclesia.org.br\\\/#website\"},\"primaryImageOfPage\":{\"@id\":\"https:\\\/\\\/news.ecclesia.org.br\\\/?p=8805#primaryimage\"},\"image\":{\"@id\":\"https:\\\/\\\/news.ecclesia.org.br\\\/?p=8805#primaryimage\"},\"thumbnailUrl\":\"https:\\\/\\\/news.ecclesia.org.br\\\/wp-content\\\/uploads\\\/2011\\\/02\\\/onomastico-tarasios-300x225.jpg\",\"datePublished\":\"2019-02-25T00:57:03+00:00\",\"dateModified\":\"2021-07-20T14:03:28+00:00\",\"breadcrumb\":{\"@id\":\"https:\\\/\\\/news.ecclesia.org.br\\\/?p=8805#breadcrumb\"},\"inLanguage\":\"pt-BR\",\"potentialAction\":[{\"@type\":\"ReadAction\",\"target\":[\"https:\\\/\\\/news.ecclesia.org.br\\\/?p=8805\"]}]},{\"@type\":\"ImageObject\",\"inLanguage\":\"pt-BR\",\"@id\":\"https:\\\/\\\/news.ecclesia.org.br\\\/?p=8805#primaryimage\",\"url\":\"https:\\\/\\\/news.ecclesia.org.br\\\/wp-content\\\/uploads\\\/2011\\\/02\\\/onomastico-tarasios.jpg\",\"contentUrl\":\"https:\\\/\\\/news.ecclesia.org.br\\\/wp-content\\\/uploads\\\/2011\\\/02\\\/onomastico-tarasios.jpg\",\"width\":320,\"height\":240},{\"@type\":\"BreadcrumbList\",\"@id\":\"https:\\\/\\\/news.ecclesia.org.br\\\/?p=8805#breadcrumb\",\"itemListElement\":[{\"@type\":\"ListItem\",\"position\":1,\"name\":\"In\u00edcio\",\"item\":\"https:\\\/\\\/news.ecclesia.org.br\\\/\"},{\"@type\":\"ListItem\",\"position\":2,\"name\":\"25 de Fevereiro: S\u00e3o TARASIOS, Patriarca de Constantinopla (\u2020806) &#8211; comemora\u00e7\u00e3o do onom\u00e1stico de S. E. Arcebispo TARASIOS\"}]},{\"@type\":\"WebSite\",\"@id\":\"https:\\\/\\\/news.ecclesia.org.br\\\/#website\",\"url\":\"https:\\\/\\\/news.ecclesia.org.br\\\/\",\"name\":\"Ecclesia Brasil\",\"description\":\"Desde 2003 onectando o Brasil ao mundo ortodoxo!\",\"publisher\":{\"@id\":\"https:\\\/\\\/news.ecclesia.org.br\\\/#organization\"},\"alternateName\":\"Ecclesia\",\"potentialAction\":[{\"@type\":\"SearchAction\",\"target\":{\"@type\":\"EntryPoint\",\"urlTemplate\":\"https:\\\/\\\/news.ecclesia.org.br\\\/?s={search_term_string}\"},\"query-input\":{\"@type\":\"PropertyValueSpecification\",\"valueRequired\":true,\"valueName\":\"search_term_string\"}}],\"inLanguage\":\"pt-BR\"},{\"@type\":\"Organization\",\"@id\":\"https:\\\/\\\/news.ecclesia.org.br\\\/#organization\",\"name\":\"Sacra Arquidiocese de Buenos Aires e Am\u00e9rica do Sul | Patriarcado Ecum\u00eanico\",\"alternateName\":\"News Ecclesia Brasil\",\"url\":\"https:\\\/\\\/news.ecclesia.org.br\\\/\",\"logo\":{\"@type\":\"ImageObject\",\"inLanguage\":\"pt-BR\",\"@id\":\"https:\\\/\\\/news.ecclesia.org.br\\\/#\\\/schema\\\/logo\\\/image\\\/\",\"url\":\"https:\\\/\\\/news.ecclesia.org.br\\\/wp-content\\\/uploads\\\/2025\\\/05\\\/ecclesia2.png\",\"contentUrl\":\"https:\\\/\\\/news.ecclesia.org.br\\\/wp-content\\\/uploads\\\/2025\\\/05\\\/ecclesia2.png\",\"width\":480,\"height\":120,\"caption\":\"Sacra Arquidiocese de Buenos Aires e Am\u00e9rica do Sul | Patriarcado Ecum\u00eanico\"},\"image\":{\"@id\":\"https:\\\/\\\/news.ecclesia.org.br\\\/#\\\/schema\\\/logo\\\/image\\\/\"},\"sameAs\":[\"https:\\\/\\\/www.facebook.com\\\/Ecclesia2025\",\"https:\\\/\\\/x.com\\\/EcclesiaNews\",\"https:\\\/\\\/br.pinterest.com\\\/ekklisia\\\/\",\"https:\\\/\\\/www.youtube.com\\\/@EcclesiaBrasil\"]},{\"@type\":\"Person\",\"@id\":\"https:\\\/\\\/news.ecclesia.org.br\\\/#\\\/schema\\\/person\\\/6f09597f025829745ba414a569f63758\",\"name\":\"Pe. Andr\u00e9\",\"image\":{\"@type\":\"ImageObject\",\"inLanguage\":\"pt-BR\",\"@id\":\"https:\\\/\\\/secure.gravatar.com\\\/avatar\\\/b4327cfa27e9799da239a26adcd534fc29cdc0c4a4a148eecbcfeb9b42c617ac?s=96&d=mm&r=g\",\"url\":\"https:\\\/\\\/secure.gravatar.com\\\/avatar\\\/b4327cfa27e9799da239a26adcd534fc29cdc0c4a4a148eecbcfeb9b42c617ac?s=96&d=mm&r=g\",\"contentUrl\":\"https:\\\/\\\/secure.gravatar.com\\\/avatar\\\/b4327cfa27e9799da239a26adcd534fc29cdc0c4a4a148eecbcfeb9b42c617ac?s=96&d=mm&r=g\",\"caption\":\"Pe. Andr\u00e9\"},\"sameAs\":[\"https:\\\/\\\/www.ecclesia.org.br\"]}]}<\/script>\n<!-- \/ Yoast SEO plugin. -->","yoast_head_json":{"title":"25 de Fevereiro: S\u00e3o TARASIOS, Patriarca de Constantinopla (\u2020806) - comemora\u00e7\u00e3o do onom\u00e1stico de S. E. Arcebispo TARASIOS | ECCLESIA NEWS","robots":{"index":"index","follow":"follow","max-snippet":"max-snippet:-1","max-image-preview":"max-image-preview:large","max-video-preview":"max-video-preview:-1"},"canonical":"https:\/\/news.ecclesia.org.br\/?p=8805","og_locale":"pt_BR","og_type":"article","og_title":"25 de Fevereiro: S\u00e3o TARASIOS, Patriarca de Constantinopla (\u2020806) - comemora\u00e7\u00e3o do onom\u00e1stico de S. E. Arcebispo TARASIOS | ECCLESIA NEWS","og_description":"Comemoramos hoje, 25 de fevereiro de 2019, S\u00e3o TARASIOS, Patriarca de Constantinopla e, portanto, a data onom\u00e1stica de nosso Pai Arcebispo Tar\u00e1sios, Metropolitano de Buenos Aires, Primaz e Exarca da Am\u00e9rica do Sul. \u00a0\u03a7\u03c1\u03cc\u03bd\u03b9\u03b1 \u03a0\u03bf\u03bb\u03bb\u03ac S\u00e3o Tar\u00e1sios nasceu no ano&#8230;","og_url":"https:\/\/news.ecclesia.org.br\/?p=8805","og_site_name":"ECCLESIA NEWS","article_publisher":"https:\/\/www.facebook.com\/Ecclesia2025","article_published_time":"2019-02-25T00:57:03+00:00","article_modified_time":"2021-07-20T14:03:28+00:00","og_image":[{"url":"https:\/\/news.ecclesia.org.br\/wp-content\/uploads\/2011\/02\/onomastico-tarasios-300x225.jpg","type":"","width":"","height":""}],"author":"Pe. Andr\u00e9","twitter_card":"summary_large_image","twitter_creator":"@EcclesiaNews","twitter_site":"@EcclesiaNews","twitter_misc":{"Escrito por":"Pe. Andr\u00e9","Est. tempo de leitura":"2 minutos"},"schema":{"@context":"https:\/\/schema.org","@graph":[{"@type":"Article","@id":"https:\/\/news.ecclesia.org.br\/?p=8805#article","isPartOf":{"@id":"https:\/\/news.ecclesia.org.br\/?p=8805"},"author":{"name":"Pe. Andr\u00e9","@id":"https:\/\/news.ecclesia.org.br\/#\/schema\/person\/6f09597f025829745ba414a569f63758"},"headline":"25 de Fevereiro: S\u00e3o TARASIOS, Patriarca de Constantinopla (\u2020806) &#8211; comemora\u00e7\u00e3o do onom\u00e1stico de S. E. Arcebispo TARASIOS","datePublished":"2019-02-25T00:57:03+00:00","dateModified":"2021-07-20T14:03:28+00:00","mainEntityOfPage":{"@id":"https:\/\/news.ecclesia.org.br\/?p=8805"},"wordCount":428,"commentCount":0,"publisher":{"@id":"https:\/\/news.ecclesia.org.br\/#organization"},"image":{"@id":"https:\/\/news.ecclesia.org.br\/?p=8805#primaryimage"},"thumbnailUrl":"https:\/\/news.ecclesia.org.br\/wp-content\/uploads\/2011\/02\/onomastico-tarasios-300x225.jpg","articleSection":["Arquidiocese de Buenos Aires e Am\u00e9rica do Sul","Mundo Ortodoxo"],"inLanguage":"pt-BR","potentialAction":[{"@type":"CommentAction","name":"Comment","target":["https:\/\/news.ecclesia.org.br\/?p=8805#respond"]}]},{"@type":"WebPage","@id":"https:\/\/news.ecclesia.org.br\/?p=8805","url":"https:\/\/news.ecclesia.org.br\/?p=8805","name":"25 de Fevereiro: S\u00e3o TARASIOS, Patriarca de Constantinopla (\u2020806) - comemora\u00e7\u00e3o do onom\u00e1stico de S. E. Arcebispo TARASIOS | ECCLESIA NEWS","isPartOf":{"@id":"https:\/\/news.ecclesia.org.br\/#website"},"primaryImageOfPage":{"@id":"https:\/\/news.ecclesia.org.br\/?p=8805#primaryimage"},"image":{"@id":"https:\/\/news.ecclesia.org.br\/?p=8805#primaryimage"},"thumbnailUrl":"https:\/\/news.ecclesia.org.br\/wp-content\/uploads\/2011\/02\/onomastico-tarasios-300x225.jpg","datePublished":"2019-02-25T00:57:03+00:00","dateModified":"2021-07-20T14:03:28+00:00","breadcrumb":{"@id":"https:\/\/news.ecclesia.org.br\/?p=8805#breadcrumb"},"inLanguage":"pt-BR","potentialAction":[{"@type":"ReadAction","target":["https:\/\/news.ecclesia.org.br\/?p=8805"]}]},{"@type":"ImageObject","inLanguage":"pt-BR","@id":"https:\/\/news.ecclesia.org.br\/?p=8805#primaryimage","url":"https:\/\/news.ecclesia.org.br\/wp-content\/uploads\/2011\/02\/onomastico-tarasios.jpg","contentUrl":"https:\/\/news.ecclesia.org.br\/wp-content\/uploads\/2011\/02\/onomastico-tarasios.jpg","width":320,"height":240},{"@type":"BreadcrumbList","@id":"https:\/\/news.ecclesia.org.br\/?p=8805#breadcrumb","itemListElement":[{"@type":"ListItem","position":1,"name":"In\u00edcio","item":"https:\/\/news.ecclesia.org.br\/"},{"@type":"ListItem","position":2,"name":"25 de Fevereiro: S\u00e3o TARASIOS, Patriarca de Constantinopla (\u2020806) &#8211; comemora\u00e7\u00e3o do onom\u00e1stico de S. E. Arcebispo TARASIOS"}]},{"@type":"WebSite","@id":"https:\/\/news.ecclesia.org.br\/#website","url":"https:\/\/news.ecclesia.org.br\/","name":"Ecclesia Brasil","description":"Desde 2003 onectando o Brasil ao mundo ortodoxo!","publisher":{"@id":"https:\/\/news.ecclesia.org.br\/#organization"},"alternateName":"Ecclesia","potentialAction":[{"@type":"SearchAction","target":{"@type":"EntryPoint","urlTemplate":"https:\/\/news.ecclesia.org.br\/?s={search_term_string}"},"query-input":{"@type":"PropertyValueSpecification","valueRequired":true,"valueName":"search_term_string"}}],"inLanguage":"pt-BR"},{"@type":"Organization","@id":"https:\/\/news.ecclesia.org.br\/#organization","name":"Sacra Arquidiocese de Buenos Aires e Am\u00e9rica do Sul | Patriarcado Ecum\u00eanico","alternateName":"News Ecclesia Brasil","url":"https:\/\/news.ecclesia.org.br\/","logo":{"@type":"ImageObject","inLanguage":"pt-BR","@id":"https:\/\/news.ecclesia.org.br\/#\/schema\/logo\/image\/","url":"https:\/\/news.ecclesia.org.br\/wp-content\/uploads\/2025\/05\/ecclesia2.png","contentUrl":"https:\/\/news.ecclesia.org.br\/wp-content\/uploads\/2025\/05\/ecclesia2.png","width":480,"height":120,"caption":"Sacra Arquidiocese de Buenos Aires e Am\u00e9rica do Sul | Patriarcado Ecum\u00eanico"},"image":{"@id":"https:\/\/news.ecclesia.org.br\/#\/schema\/logo\/image\/"},"sameAs":["https:\/\/www.facebook.com\/Ecclesia2025","https:\/\/x.com\/EcclesiaNews","https:\/\/br.pinterest.com\/ekklisia\/","https:\/\/www.youtube.com\/@EcclesiaBrasil"]},{"@type":"Person","@id":"https:\/\/news.ecclesia.org.br\/#\/schema\/person\/6f09597f025829745ba414a569f63758","name":"Pe. Andr\u00e9","image":{"@type":"ImageObject","inLanguage":"pt-BR","@id":"https:\/\/secure.gravatar.com\/avatar\/b4327cfa27e9799da239a26adcd534fc29cdc0c4a4a148eecbcfeb9b42c617ac?s=96&d=mm&r=g","url":"https:\/\/secure.gravatar.com\/avatar\/b4327cfa27e9799da239a26adcd534fc29cdc0c4a4a148eecbcfeb9b42c617ac?s=96&d=mm&r=g","contentUrl":"https:\/\/secure.gravatar.com\/avatar\/b4327cfa27e9799da239a26adcd534fc29cdc0c4a4a148eecbcfeb9b42c617ac?s=96&d=mm&r=g","caption":"Pe. Andr\u00e9"},"sameAs":["https:\/\/www.ecclesia.org.br"]}]}},"_links":{"self":[{"href":"https:\/\/news.ecclesia.org.br\/index.php?rest_route=\/wp\/v2\/posts\/8805","targetHints":{"allow":["GET"]}}],"collection":[{"href":"https:\/\/news.ecclesia.org.br\/index.php?rest_route=\/wp\/v2\/posts"}],"about":[{"href":"https:\/\/news.ecclesia.org.br\/index.php?rest_route=\/wp\/v2\/types\/post"}],"author":[{"embeddable":true,"href":"https:\/\/news.ecclesia.org.br\/index.php?rest_route=\/wp\/v2\/users\/1"}],"replies":[{"embeddable":true,"href":"https:\/\/news.ecclesia.org.br\/index.php?rest_route=%2Fwp%2Fv2%2Fcomments&post=8805"}],"version-history":[{"count":1,"href":"https:\/\/news.ecclesia.org.br\/index.php?rest_route=\/wp\/v2\/posts\/8805\/revisions"}],"predecessor-version":[{"id":37722,"href":"https:\/\/news.ecclesia.org.br\/index.php?rest_route=\/wp\/v2\/posts\/8805\/revisions\/37722"}],"wp:attachment":[{"href":"https:\/\/news.ecclesia.org.br\/index.php?rest_route=%2Fwp%2Fv2%2Fmedia&parent=8805"}],"wp:term":[{"taxonomy":"category","embeddable":true,"href":"https:\/\/news.ecclesia.org.br\/index.php?rest_route=%2Fwp%2Fv2%2Fcategories&post=8805"},{"taxonomy":"post_tag","embeddable":true,"href":"https:\/\/news.ecclesia.org.br\/index.php?rest_route=%2Fwp%2Fv2%2Ftags&post=8805"}],"curies":[{"name":"wp","href":"https:\/\/api.w.org\/{rel}","templated":true}]}}