{"id":8763,"date":"2012-02-16T21:16:48","date_gmt":"2012-02-16T21:16:48","guid":{"rendered":"http:\/\/ecclesia.com.br\/news\/2012\/?p=8763"},"modified":"2018-01-18T22:39:55","modified_gmt":"2018-01-18T22:39:55","slug":"patriarca-bartolomeu-falara-no-parlamento-no-dia-20-de-fevereiro","status":"publish","type":"post","link":"https:\/\/news.ecclesia.org.br\/?p=8763","title":{"rendered":"PATRIARCA BARTOLOMEU FALAR\u00c1 NO PARLAMENTO NO DIA 20 DE FEVEREIRO"},"content":{"rendered":"<p style=\"text-align: right;\">Por: Ervino Martinuz<\/p>\n<figure id=\"attachment_5986\" aria-describedby=\"caption-attachment-5986\" style=\"width: 300px\" class=\"wp-caption alignleft\"><a href=\"https:\/\/news.ecclesia.org.br\/2013\/wp-content\/uploads\/2011\/03\/patriarca-ecumenico.jpg\"><img fetchpriority=\"high\" decoding=\"async\" class=\"size-medium wp-image-5986\" src=\"https:\/\/news.ecclesia.org.br\/2013\/wp-content\/uploads\/2011\/03\/patriarca-ecumenico-300x225.jpg\" alt=\"\" width=\"300\" height=\"225\" srcset=\"https:\/\/news.ecclesia.org.br\/wp-content\/uploads\/2011\/03\/patriarca-ecumenico-300x225.jpg 300w, https:\/\/news.ecclesia.org.br\/wp-content\/uploads\/2011\/03\/patriarca-ecumenico-73x55.jpg 73w, https:\/\/news.ecclesia.org.br\/wp-content\/uploads\/2011\/03\/patriarca-ecumenico.jpg 320w\" sizes=\"(max-width: 300px) 100vw, 300px\" \/><\/a><figcaption id=\"caption-attachment-5986\" class=\"wp-caption-text\">S. Santidade Bartolomeu I, Patriarca Ecum\u00eanico de Constantinopla<\/figcaption><\/figure>\n<p style=\"text-align: justify;\">Qui, 16 de Fevereiro de 2012 15:21 &#8212;\u00a0CONSTANTINOPLA\/Istambul, 16 fev (<a href=\"http:\/\/www.verbonet.com.br\/\" target=\"_blank\" rel=\"noopener\">VerboNet<\/a>) \u2013 Est\u00e1 fixada na a pr\u00f3xima segunda-feira, 20 de fevereiro, a presen\u00e7a do Patriarca Ecum\u00eanico de Constantinopla, Bartolomeu I, diante da Comiss\u00e3o parlamentar que est\u00e1 trabalhando na reda\u00e7\u00e3o da nova Constitui\u00e7\u00e3o turca. A informa\u00e7\u00e3o \u00e9 do Patriarcado Ecum\u00eanico que fala de \u201cum fato seguramente positivo, sinal de um clima diferente e favor\u00e1vel\u201d. O Patriarca ir\u00e1 falar \u00e0 Comiss\u00e3o sobre as esperan\u00e7as das minorias religiosas no Pa\u00eds. Tamb\u00e9m ir\u00e3o falar diante da Comiss\u00e3o os representantes das outras comunidades minorit\u00e1rias na Turquia para apresentar as pr\u00f3prias opini\u00f5es sobre a nova Constitui\u00e7\u00e3o. Ser\u00e3o ouvidas as lideran\u00e7as das minorias hebraicas e arm\u00eanias. V\u00e1rios s\u00e3o os pontos que Bartolomeu I quer defender: desde a quest\u00e3o da instru\u00e7\u00e3o nas escolas \u00e0 reabertura do semin\u00e1rio de Halki. Depois existe tamb\u00e9m o problema do reconhecimento das comunidades religiosas como pessoas jur\u00eddicas para que possam adquirir propriedades e usufruir dos incentivos fiscais. Ainda, as minorias religiosas n\u00e3o s\u00f3 autorizadas a assumir tarefas no servi\u00e7o p\u00fablico e estar\u00e1 tamb\u00e9m o pedido que mensagens ofensivas contra as minorias religiosas seja retiradas dos livros escolares.<\/p>\n","protected":false},"excerpt":{"rendered":"<p>Por: Ervino Martinuz Qui, 16 de Fevereiro de 2012 15:21 &#8212;\u00a0CONSTANTINOPLA\/Istambul, 16 fev (VerboNet) \u2013 Est\u00e1 fixada na a pr\u00f3xima segunda-feira, 20 de fevereiro, a presen\u00e7a do Patriarca Ecum\u00eanico de Constantinopla, Bartolomeu I, diante da Comiss\u00e3o parlamentar que est\u00e1 trabalhando&#8230;<\/p>\n","protected":false},"author":1,"featured_media":5986,"comment_status":"open","ping_status":"open","sticky":false,"template":"","format":"standard","meta":{"_acf_changed":false,"footnotes":""},"categories":[3,72],"tags":[],"class_list":["post-8763","post","type-post","status-publish","format-standard","has-post-thumbnail","hentry","category-mundo","category-patriarcado-ecumenico","entry","rows-excerpt"],"acf":[],"yoast_head":"<!-- This site is optimized with the Yoast SEO plugin v27.4 - https:\/\/yoast.com\/product\/yoast-seo-wordpress\/ -->\n<title>PATRIARCA BARTOLOMEU FALAR\u00c1 NO PARLAMENTO NO DIA 20 DE FEVEREIRO | ECCLESIA NEWS<\/title>\n<meta name=\"robots\" content=\"index, follow, max-snippet:-1, max-image-preview:large, max-video-preview:-1\" \/>\n<link rel=\"canonical\" href=\"https:\/\/news.ecclesia.org.br\/?p=8763\" \/>\n<meta property=\"og:locale\" content=\"pt_BR\" \/>\n<meta property=\"og:type\" content=\"article\" \/>\n<meta property=\"og:title\" content=\"PATRIARCA BARTOLOMEU FALAR\u00c1 NO PARLAMENTO NO DIA 20 DE FEVEREIRO | ECCLESIA NEWS\" \/>\n<meta property=\"og:description\" content=\"Por: Ervino Martinuz Qui, 16 de Fevereiro de 2012 15:21 &#8212;\u00a0CONSTANTINOPLA\/Istambul, 16 fev (VerboNet) \u2013 Est\u00e1 fixada na a pr\u00f3xima segunda-feira, 20 de fevereiro, a presen\u00e7a do Patriarca Ecum\u00eanico de Constantinopla, Bartolomeu I, diante da Comiss\u00e3o parlamentar que est\u00e1 trabalhando&#8230;\" \/>\n<meta property=\"og:url\" content=\"https:\/\/news.ecclesia.org.br\/?p=8763\" \/>\n<meta property=\"og:site_name\" content=\"ECCLESIA NEWS\" \/>\n<meta property=\"article:publisher\" content=\"https:\/\/www.facebook.com\/Ecclesia2025\" \/>\n<meta property=\"article:published_time\" content=\"2012-02-16T21:16:48+00:00\" \/>\n<meta property=\"article:modified_time\" content=\"2018-01-18T22:39:55+00:00\" \/>\n<meta property=\"og:image\" content=\"https:\/\/news.ecclesia.org.br\/wp-content\/uploads\/2011\/03\/patriarca-ecumenico.jpg\" \/>\n\t<meta property=\"og:image:width\" content=\"320\" \/>\n\t<meta property=\"og:image:height\" content=\"240\" \/>\n\t<meta property=\"og:image:type\" content=\"image\/jpeg\" \/>\n<meta name=\"author\" content=\"Pe. Andr\u00e9\" \/>\n<meta name=\"twitter:card\" content=\"summary_large_image\" \/>\n<meta name=\"twitter:creator\" content=\"@EcclesiaNews\" \/>\n<meta name=\"twitter:site\" content=\"@EcclesiaNews\" \/>\n<meta name=\"twitter:label1\" content=\"Escrito por\" \/>\n\t<meta name=\"twitter:data1\" content=\"Pe. Andr\u00e9\" \/>\n\t<meta name=\"twitter:label2\" content=\"Est. tempo de leitura\" \/>\n\t<meta name=\"twitter:data2\" content=\"1 minuto\" \/>\n<script type=\"application\/ld+json\" class=\"yoast-schema-graph\">{\"@context\":\"https:\\\/\\\/schema.org\",\"@graph\":[{\"@type\":\"Article\",\"@id\":\"https:\\\/\\\/news.ecclesia.org.br\\\/?p=8763#article\",\"isPartOf\":{\"@id\":\"https:\\\/\\\/news.ecclesia.org.br\\\/?p=8763\"},\"author\":{\"name\":\"Pe. Andr\u00e9\",\"@id\":\"https:\\\/\\\/news.ecclesia.org.br\\\/#\\\/schema\\\/person\\\/6f09597f025829745ba414a569f63758\"},\"headline\":\"PATRIARCA BARTOLOMEU FALAR\u00c1 NO PARLAMENTO NO DIA 20 DE FEVEREIRO\",\"datePublished\":\"2012-02-16T21:16:48+00:00\",\"dateModified\":\"2018-01-18T22:39:55+00:00\",\"mainEntityOfPage\":{\"@id\":\"https:\\\/\\\/news.ecclesia.org.br\\\/?p=8763\"},\"wordCount\":238,\"commentCount\":0,\"publisher\":{\"@id\":\"https:\\\/\\\/news.ecclesia.org.br\\\/#organization\"},\"image\":{\"@id\":\"https:\\\/\\\/news.ecclesia.org.br\\\/?p=8763#primaryimage\"},\"thumbnailUrl\":\"https:\\\/\\\/news.ecclesia.org.br\\\/wp-content\\\/uploads\\\/2011\\\/03\\\/patriarca-ecumenico.jpg\",\"articleSection\":[\"Mundo Ortodoxo\",\"Patriarcado Ecum\u00eanico\"],\"inLanguage\":\"pt-BR\",\"potentialAction\":[{\"@type\":\"CommentAction\",\"name\":\"Comment\",\"target\":[\"https:\\\/\\\/news.ecclesia.org.br\\\/?p=8763#respond\"]}]},{\"@type\":\"WebPage\",\"@id\":\"https:\\\/\\\/news.ecclesia.org.br\\\/?p=8763\",\"url\":\"https:\\\/\\\/news.ecclesia.org.br\\\/?p=8763\",\"name\":\"PATRIARCA BARTOLOMEU FALAR\u00c1 NO PARLAMENTO NO DIA 20 DE FEVEREIRO | ECCLESIA NEWS\",\"isPartOf\":{\"@id\":\"https:\\\/\\\/news.ecclesia.org.br\\\/#website\"},\"primaryImageOfPage\":{\"@id\":\"https:\\\/\\\/news.ecclesia.org.br\\\/?p=8763#primaryimage\"},\"image\":{\"@id\":\"https:\\\/\\\/news.ecclesia.org.br\\\/?p=8763#primaryimage\"},\"thumbnailUrl\":\"https:\\\/\\\/news.ecclesia.org.br\\\/wp-content\\\/uploads\\\/2011\\\/03\\\/patriarca-ecumenico.jpg\",\"datePublished\":\"2012-02-16T21:16:48+00:00\",\"dateModified\":\"2018-01-18T22:39:55+00:00\",\"breadcrumb\":{\"@id\":\"https:\\\/\\\/news.ecclesia.org.br\\\/?p=8763#breadcrumb\"},\"inLanguage\":\"pt-BR\",\"potentialAction\":[{\"@type\":\"ReadAction\",\"target\":[\"https:\\\/\\\/news.ecclesia.org.br\\\/?p=8763\"]}]},{\"@type\":\"ImageObject\",\"inLanguage\":\"pt-BR\",\"@id\":\"https:\\\/\\\/news.ecclesia.org.br\\\/?p=8763#primaryimage\",\"url\":\"https:\\\/\\\/news.ecclesia.org.br\\\/wp-content\\\/uploads\\\/2011\\\/03\\\/patriarca-ecumenico.jpg\",\"contentUrl\":\"https:\\\/\\\/news.ecclesia.org.br\\\/wp-content\\\/uploads\\\/2011\\\/03\\\/patriarca-ecumenico.jpg\",\"width\":320,\"height\":240,\"caption\":\"S. Santidade Bartolomeu I, Patriarca Ecum\u00eanico de Constantinopla\"},{\"@type\":\"BreadcrumbList\",\"@id\":\"https:\\\/\\\/news.ecclesia.org.br\\\/?p=8763#breadcrumb\",\"itemListElement\":[{\"@type\":\"ListItem\",\"position\":1,\"name\":\"In\u00edcio\",\"item\":\"https:\\\/\\\/news.ecclesia.org.br\\\/\"},{\"@type\":\"ListItem\",\"position\":2,\"name\":\"PATRIARCA BARTOLOMEU FALAR\u00c1 NO PARLAMENTO NO DIA 20 DE FEVEREIRO\"}]},{\"@type\":\"WebSite\",\"@id\":\"https:\\\/\\\/news.ecclesia.org.br\\\/#website\",\"url\":\"https:\\\/\\\/news.ecclesia.org.br\\\/\",\"name\":\"Ecclesia Brasil\",\"description\":\"Desde 2003 onectando o Brasil ao mundo ortodoxo!\",\"publisher\":{\"@id\":\"https:\\\/\\\/news.ecclesia.org.br\\\/#organization\"},\"alternateName\":\"Ecclesia\",\"potentialAction\":[{\"@type\":\"SearchAction\",\"target\":{\"@type\":\"EntryPoint\",\"urlTemplate\":\"https:\\\/\\\/news.ecclesia.org.br\\\/?s={search_term_string}\"},\"query-input\":{\"@type\":\"PropertyValueSpecification\",\"valueRequired\":true,\"valueName\":\"search_term_string\"}}],\"inLanguage\":\"pt-BR\"},{\"@type\":\"Organization\",\"@id\":\"https:\\\/\\\/news.ecclesia.org.br\\\/#organization\",\"name\":\"Sacra Arquidiocese de Buenos Aires e Am\u00e9rica do Sul | Patriarcado Ecum\u00eanico\",\"alternateName\":\"News Ecclesia Brasil\",\"url\":\"https:\\\/\\\/news.ecclesia.org.br\\\/\",\"logo\":{\"@type\":\"ImageObject\",\"inLanguage\":\"pt-BR\",\"@id\":\"https:\\\/\\\/news.ecclesia.org.br\\\/#\\\/schema\\\/logo\\\/image\\\/\",\"url\":\"https:\\\/\\\/news.ecclesia.org.br\\\/wp-content\\\/uploads\\\/2025\\\/05\\\/ecclesia2.png\",\"contentUrl\":\"https:\\\/\\\/news.ecclesia.org.br\\\/wp-content\\\/uploads\\\/2025\\\/05\\\/ecclesia2.png\",\"width\":480,\"height\":120,\"caption\":\"Sacra Arquidiocese de Buenos Aires e Am\u00e9rica do Sul | Patriarcado Ecum\u00eanico\"},\"image\":{\"@id\":\"https:\\\/\\\/news.ecclesia.org.br\\\/#\\\/schema\\\/logo\\\/image\\\/\"},\"sameAs\":[\"https:\\\/\\\/www.facebook.com\\\/Ecclesia2025\",\"https:\\\/\\\/x.com\\\/EcclesiaNews\",\"https:\\\/\\\/br.pinterest.com\\\/ekklisia\\\/\",\"https:\\\/\\\/www.youtube.com\\\/@EcclesiaBrasil\"]},{\"@type\":\"Person\",\"@id\":\"https:\\\/\\\/news.ecclesia.org.br\\\/#\\\/schema\\\/person\\\/6f09597f025829745ba414a569f63758\",\"name\":\"Pe. Andr\u00e9\",\"image\":{\"@type\":\"ImageObject\",\"inLanguage\":\"pt-BR\",\"@id\":\"https:\\\/\\\/secure.gravatar.com\\\/avatar\\\/b4327cfa27e9799da239a26adcd534fc29cdc0c4a4a148eecbcfeb9b42c617ac?s=96&d=mm&r=g\",\"url\":\"https:\\\/\\\/secure.gravatar.com\\\/avatar\\\/b4327cfa27e9799da239a26adcd534fc29cdc0c4a4a148eecbcfeb9b42c617ac?s=96&d=mm&r=g\",\"contentUrl\":\"https:\\\/\\\/secure.gravatar.com\\\/avatar\\\/b4327cfa27e9799da239a26adcd534fc29cdc0c4a4a148eecbcfeb9b42c617ac?s=96&d=mm&r=g\",\"caption\":\"Pe. Andr\u00e9\"},\"sameAs\":[\"https:\\\/\\\/www.ecclesia.org.br\"]}]}<\/script>\n<!-- \/ Yoast SEO plugin. -->","yoast_head_json":{"title":"PATRIARCA BARTOLOMEU FALAR\u00c1 NO PARLAMENTO NO DIA 20 DE FEVEREIRO | ECCLESIA NEWS","robots":{"index":"index","follow":"follow","max-snippet":"max-snippet:-1","max-image-preview":"max-image-preview:large","max-video-preview":"max-video-preview:-1"},"canonical":"https:\/\/news.ecclesia.org.br\/?p=8763","og_locale":"pt_BR","og_type":"article","og_title":"PATRIARCA BARTOLOMEU FALAR\u00c1 NO PARLAMENTO NO DIA 20 DE FEVEREIRO | ECCLESIA NEWS","og_description":"Por: Ervino Martinuz Qui, 16 de Fevereiro de 2012 15:21 &#8212;\u00a0CONSTANTINOPLA\/Istambul, 16 fev (VerboNet) \u2013 Est\u00e1 fixada na a pr\u00f3xima segunda-feira, 20 de fevereiro, a presen\u00e7a do Patriarca Ecum\u00eanico de Constantinopla, Bartolomeu I, diante da Comiss\u00e3o parlamentar que est\u00e1 trabalhando&#8230;","og_url":"https:\/\/news.ecclesia.org.br\/?p=8763","og_site_name":"ECCLESIA NEWS","article_publisher":"https:\/\/www.facebook.com\/Ecclesia2025","article_published_time":"2012-02-16T21:16:48+00:00","article_modified_time":"2018-01-18T22:39:55+00:00","og_image":[{"width":320,"height":240,"url":"https:\/\/news.ecclesia.org.br\/wp-content\/uploads\/2011\/03\/patriarca-ecumenico.jpg","type":"image\/jpeg"}],"author":"Pe. Andr\u00e9","twitter_card":"summary_large_image","twitter_creator":"@EcclesiaNews","twitter_site":"@EcclesiaNews","twitter_misc":{"Escrito por":"Pe. Andr\u00e9","Est. tempo de leitura":"1 minuto"},"schema":{"@context":"https:\/\/schema.org","@graph":[{"@type":"Article","@id":"https:\/\/news.ecclesia.org.br\/?p=8763#article","isPartOf":{"@id":"https:\/\/news.ecclesia.org.br\/?p=8763"},"author":{"name":"Pe. Andr\u00e9","@id":"https:\/\/news.ecclesia.org.br\/#\/schema\/person\/6f09597f025829745ba414a569f63758"},"headline":"PATRIARCA BARTOLOMEU FALAR\u00c1 NO PARLAMENTO NO DIA 20 DE FEVEREIRO","datePublished":"2012-02-16T21:16:48+00:00","dateModified":"2018-01-18T22:39:55+00:00","mainEntityOfPage":{"@id":"https:\/\/news.ecclesia.org.br\/?p=8763"},"wordCount":238,"commentCount":0,"publisher":{"@id":"https:\/\/news.ecclesia.org.br\/#organization"},"image":{"@id":"https:\/\/news.ecclesia.org.br\/?p=8763#primaryimage"},"thumbnailUrl":"https:\/\/news.ecclesia.org.br\/wp-content\/uploads\/2011\/03\/patriarca-ecumenico.jpg","articleSection":["Mundo Ortodoxo","Patriarcado Ecum\u00eanico"],"inLanguage":"pt-BR","potentialAction":[{"@type":"CommentAction","name":"Comment","target":["https:\/\/news.ecclesia.org.br\/?p=8763#respond"]}]},{"@type":"WebPage","@id":"https:\/\/news.ecclesia.org.br\/?p=8763","url":"https:\/\/news.ecclesia.org.br\/?p=8763","name":"PATRIARCA BARTOLOMEU FALAR\u00c1 NO PARLAMENTO NO DIA 20 DE FEVEREIRO | ECCLESIA NEWS","isPartOf":{"@id":"https:\/\/news.ecclesia.org.br\/#website"},"primaryImageOfPage":{"@id":"https:\/\/news.ecclesia.org.br\/?p=8763#primaryimage"},"image":{"@id":"https:\/\/news.ecclesia.org.br\/?p=8763#primaryimage"},"thumbnailUrl":"https:\/\/news.ecclesia.org.br\/wp-content\/uploads\/2011\/03\/patriarca-ecumenico.jpg","datePublished":"2012-02-16T21:16:48+00:00","dateModified":"2018-01-18T22:39:55+00:00","breadcrumb":{"@id":"https:\/\/news.ecclesia.org.br\/?p=8763#breadcrumb"},"inLanguage":"pt-BR","potentialAction":[{"@type":"ReadAction","target":["https:\/\/news.ecclesia.org.br\/?p=8763"]}]},{"@type":"ImageObject","inLanguage":"pt-BR","@id":"https:\/\/news.ecclesia.org.br\/?p=8763#primaryimage","url":"https:\/\/news.ecclesia.org.br\/wp-content\/uploads\/2011\/03\/patriarca-ecumenico.jpg","contentUrl":"https:\/\/news.ecclesia.org.br\/wp-content\/uploads\/2011\/03\/patriarca-ecumenico.jpg","width":320,"height":240,"caption":"S. Santidade Bartolomeu I, Patriarca Ecum\u00eanico de Constantinopla"},{"@type":"BreadcrumbList","@id":"https:\/\/news.ecclesia.org.br\/?p=8763#breadcrumb","itemListElement":[{"@type":"ListItem","position":1,"name":"In\u00edcio","item":"https:\/\/news.ecclesia.org.br\/"},{"@type":"ListItem","position":2,"name":"PATRIARCA BARTOLOMEU FALAR\u00c1 NO PARLAMENTO NO DIA 20 DE FEVEREIRO"}]},{"@type":"WebSite","@id":"https:\/\/news.ecclesia.org.br\/#website","url":"https:\/\/news.ecclesia.org.br\/","name":"Ecclesia Brasil","description":"Desde 2003 onectando o Brasil ao mundo ortodoxo!","publisher":{"@id":"https:\/\/news.ecclesia.org.br\/#organization"},"alternateName":"Ecclesia","potentialAction":[{"@type":"SearchAction","target":{"@type":"EntryPoint","urlTemplate":"https:\/\/news.ecclesia.org.br\/?s={search_term_string}"},"query-input":{"@type":"PropertyValueSpecification","valueRequired":true,"valueName":"search_term_string"}}],"inLanguage":"pt-BR"},{"@type":"Organization","@id":"https:\/\/news.ecclesia.org.br\/#organization","name":"Sacra Arquidiocese de Buenos Aires e Am\u00e9rica do Sul | Patriarcado Ecum\u00eanico","alternateName":"News Ecclesia Brasil","url":"https:\/\/news.ecclesia.org.br\/","logo":{"@type":"ImageObject","inLanguage":"pt-BR","@id":"https:\/\/news.ecclesia.org.br\/#\/schema\/logo\/image\/","url":"https:\/\/news.ecclesia.org.br\/wp-content\/uploads\/2025\/05\/ecclesia2.png","contentUrl":"https:\/\/news.ecclesia.org.br\/wp-content\/uploads\/2025\/05\/ecclesia2.png","width":480,"height":120,"caption":"Sacra Arquidiocese de Buenos Aires e Am\u00e9rica do Sul | Patriarcado Ecum\u00eanico"},"image":{"@id":"https:\/\/news.ecclesia.org.br\/#\/schema\/logo\/image\/"},"sameAs":["https:\/\/www.facebook.com\/Ecclesia2025","https:\/\/x.com\/EcclesiaNews","https:\/\/br.pinterest.com\/ekklisia\/","https:\/\/www.youtube.com\/@EcclesiaBrasil"]},{"@type":"Person","@id":"https:\/\/news.ecclesia.org.br\/#\/schema\/person\/6f09597f025829745ba414a569f63758","name":"Pe. Andr\u00e9","image":{"@type":"ImageObject","inLanguage":"pt-BR","@id":"https:\/\/secure.gravatar.com\/avatar\/b4327cfa27e9799da239a26adcd534fc29cdc0c4a4a148eecbcfeb9b42c617ac?s=96&d=mm&r=g","url":"https:\/\/secure.gravatar.com\/avatar\/b4327cfa27e9799da239a26adcd534fc29cdc0c4a4a148eecbcfeb9b42c617ac?s=96&d=mm&r=g","contentUrl":"https:\/\/secure.gravatar.com\/avatar\/b4327cfa27e9799da239a26adcd534fc29cdc0c4a4a148eecbcfeb9b42c617ac?s=96&d=mm&r=g","caption":"Pe. Andr\u00e9"},"sameAs":["https:\/\/www.ecclesia.org.br"]}]}},"_links":{"self":[{"href":"https:\/\/news.ecclesia.org.br\/index.php?rest_route=\/wp\/v2\/posts\/8763","targetHints":{"allow":["GET"]}}],"collection":[{"href":"https:\/\/news.ecclesia.org.br\/index.php?rest_route=\/wp\/v2\/posts"}],"about":[{"href":"https:\/\/news.ecclesia.org.br\/index.php?rest_route=\/wp\/v2\/types\/post"}],"author":[{"embeddable":true,"href":"https:\/\/news.ecclesia.org.br\/index.php?rest_route=\/wp\/v2\/users\/1"}],"replies":[{"embeddable":true,"href":"https:\/\/news.ecclesia.org.br\/index.php?rest_route=%2Fwp%2Fv2%2Fcomments&post=8763"}],"version-history":[{"count":0,"href":"https:\/\/news.ecclesia.org.br\/index.php?rest_route=\/wp\/v2\/posts\/8763\/revisions"}],"wp:featuredmedia":[{"embeddable":true,"href":"https:\/\/news.ecclesia.org.br\/index.php?rest_route=\/wp\/v2\/media\/5986"}],"wp:attachment":[{"href":"https:\/\/news.ecclesia.org.br\/index.php?rest_route=%2Fwp%2Fv2%2Fmedia&parent=8763"}],"wp:term":[{"taxonomy":"category","embeddable":true,"href":"https:\/\/news.ecclesia.org.br\/index.php?rest_route=%2Fwp%2Fv2%2Fcategories&post=8763"},{"taxonomy":"post_tag","embeddable":true,"href":"https:\/\/news.ecclesia.org.br\/index.php?rest_route=%2Fwp%2Fv2%2Ftags&post=8763"}],"curies":[{"name":"wp","href":"https:\/\/api.w.org\/{rel}","templated":true}]}}