{"id":8571,"date":"2010-09-21T22:35:04","date_gmt":"2010-09-22T01:35:04","guid":{"rendered":"http:\/\/ecclesia.net.br\/news\/2011\/?p=8571"},"modified":"2016-03-18T02:20:40","modified_gmt":"2016-03-18T02:20:40","slug":"dicas-para-protecao-ao-meio-ambiente-2","status":"publish","type":"post","link":"https:\/\/news.ecclesia.org.br\/?p=8571","title":{"rendered":"DICAS PARA PROTE\u00c7\u00c3O AO MEIO AMBIENTE"},"content":{"rendered":"<p style=\"text-align: justify;\"><img fetchpriority=\"high\" decoding=\"async\" class=\"alignleft size-full wp-image-6239\" src=\"https:\/\/news.ecclesia.org.br\/2013\/wp-content\/uploads\/2010\/09\/amazonia.jpg\" alt=\"amazonia\" width=\"320\" height=\"226\" srcset=\"https:\/\/news.ecclesia.org.br\/wp-content\/uploads\/2010\/09\/amazonia.jpg 320w, https:\/\/news.ecclesia.org.br\/wp-content\/uploads\/2010\/09\/amazonia-300x212.jpg 300w, https:\/\/news.ecclesia.org.br\/wp-content\/uploads\/2010\/09\/amazonia-78x55.jpg 78w\" sizes=\"(max-width: 320px) 100vw, 320px\" \/>Conhe\u00e7a e pratique no seu dia a dia essas\u00a050 Dicas para Prote\u00e7\u00e3o ao Meio Ambiente\u00a0que podem ajudar a economizar energia, poupar recursos naturais e, ao mesmo tempo, cuidar de sua sa\u00fade e da sa\u00fade do planeta!<\/p>\n<h3>ELETRODOM\u00c9STICO<\/h3>\n<p style=\"text-align: justify;\">1)\u00a0\u00a0\u00a0\u00a0\u00a0 Evite comprar eletrodom\u00e9sticos que n\u00e3o sejam muito necess\u00e1rios, como facas el\u00e9tricas, m\u00e1quinas de fazer sucos, m\u00e1quinas de caf\u00e9 etc.<\/p>\n<p>2)\u00a0\u00a0\u00a0\u00a0\u00a0 N\u00e3o utilize a parte de tr\u00e1s da geladeira para secar roupas e sapatos.<\/p>\n<p>3)\u00a0\u00a0\u00a0\u00a0\u00a0 Compre geladeiras como o selo &#8220;greenfreeze&#8221;, sem o g\u00e1s CFC, que ataca a camada de oz\u00f4nio.<\/p>\n<p>4)\u00a0\u00a0\u00a0\u00a0\u00a0 Evite colocar alimentos quentes na geladeira, por aumentar o consumo de energia.<\/p>\n<p>5)\u00a0\u00a0\u00a0\u00a0\u00a0 N\u00e3o coloque a geladeira perto do fog\u00e3o ou de uma janela que recebe muito Sol; ela ter\u00e1 de trabalhar mais para se manter fria.<\/p>\n<p>6)\u00a0\u00a0\u00a0\u00a0\u00a0 Feche sempre bem a porta da geladeira. Aberta, h\u00e1 um maior consumo de energia para manter a temperatura. N\u00e3o deixar a porta aberta enquanto pensa no que vai tirar dela, nem abra e feche repetidas vezes.<\/p>\n<p>7)\u00a0\u00a0\u00a0\u00a0\u00a0 Evite manter a temperatura interna do refrigerador inferior a 5 ou 6 graus. Isso aumenta o consumo energ\u00e9tico em cerca de 7%.<\/p>\n<p>8)\u00a0\u00a0\u00a0\u00a0\u00a0 Prefira geladeira com descongelamento manual por gastar menos energia.<\/p>\n<p>9)\u00a0\u00a0\u00a0\u00a0\u00a0 Opte por lavar roupas na maquina a frio. Isso economiza de 80% a 92% de energia.<\/p>\n<p>10)\u00a0\u00a0 S\u00f3 lave roupa com m\u00e1quina cheia. Cada lavagem consome 150 litros de \u00e1gua.<\/p>\n<p>11)\u00a0\u00a0 S\u00f3 use a secadora de roupas em casos extremos, de muito frio ou muita chuva.<\/p>\n<p>12)\u00a0\u00a0 Prefira panelas de press\u00e3o. Mais r\u00e1pidas, elas consomem menos energia.<\/p>\n<p>13)\u00a0\u00a0 Procure sempre tampar as panelas, especialmente para aquecer a \u00e1gua ou sopa. Isso pode reduzir em 30% a energia necess\u00e1ria e o tempo de prepara\u00e7\u00e3o.<\/p>\n<p>14)\u00a0\u00a0 Desligue as bocas de fog\u00e3o minutos antes de a comida ficar pronta. Elas ainda se manter\u00e3o quentes por um tempo. O mesmo pode ser feito com o ferro de passar.<\/p>\n<p>15)\u00a0\u00a0 O vapor do ferro aumenta o consumo de eletricidade. Por isso passe ferro com a roupa um pouco \u00famida ou use um borrifador.<\/p>\n<h3>ALIMENTOS<\/h3>\n<p style=\"text-align: justify;\">16)\u00a0\u00a0 Evite comprar alimentos que contenham aditivos, corantes e conservantes desnecess\u00e1rios.<\/p>\n<p style=\"text-align: justify;\">17)\u00a0\u00a0 Compre frutas e vegetais org\u00e2nicos, por n\u00e3o usarem agrot\u00f3xicos em seu cultivo.<\/p>\n<p style=\"text-align: justify;\">18)\u00a0\u00a0 Procure se certificar de que a carne comprada prov\u00e9m de animais criados em boas condi\u00e7\u00f5es e mortos sem sofrimento desnecess\u00e1rio.<\/p>\n<p style=\"text-align: justify;\">19)\u00a0\u00a0 Recuse servi\u00e7o de fast food com excesso de produtos descart\u00e1veis, como guardanapos, copos, canudos, colherzinha de pl\u00e1stico, pacotes de ketchup e maionese etc.<\/p>\n<p style=\"text-align: justify;\">20)\u00a0\u00a0 Evite comprar peixes com tamanhos abaixo dos estipulados por lei. No site da Pol\u00edcia Militar de S\u00e3o Paulo \u00e9 poss\u00edvel conferir os tamanhos de peixes do mar:\u00a0<a href=\"http:\/\/www.polmil.sp.gov.br\/unidades\/cpfm_tab_peixe.htm\" target=\"_blank\">http:\/\/www.polmil.sp.gov.br\/unidades\/cpfm_tab_peixe.htm<\/a><\/p>\n<h3>PILHAS<\/h3>\n<p style=\"text-align: justify;\">21)\u00a0\u00a0 Utilize, sempre que poss\u00edvel eletricidade em vez de pilhas.<\/p>\n<p style=\"text-align: justify;\">22)\u00a0\u00a0 Prefira pilhas recarreg\u00e1veis e sem adi\u00e7\u00e3o de merc\u00fario.<\/p>\n<p style=\"text-align: justify;\">23)\u00a0\u00a0 Pilhas usadas podem ser descartadas nos postos postos autorizados de cada marca, como Rayovac, Duracell, Sony. Os sites e os servi\u00e7os de atendimento ao consumidor fornecem os endere\u00e7os.<\/p>\n<h3>PAP\u00c9IS<\/h3>\n<p style=\"text-align: justify;\">24)\u00a0\u00a0 Evite pap\u00e9is decorados, engessados ou perfumados. Os qu\u00edmicos que carregam dificultam a reciclagem.<\/p>\n<p style=\"text-align: justify;\">25)\u00a0\u00a0 Os pap\u00e9is para reciclagem n\u00e3o deve ser amassados, mas sim dobrados, para n\u00e3o ocupar volume.<\/p>\n<p style=\"text-align: justify;\">26)\u00a0\u00a0 Evite o papel alum\u00ednio na cozinha. A extra\u00e7\u00e3o de bauxita costuma destruir grandes \u00e1reas de florestas e a transforma\u00e7\u00e3o de bauxita em alum\u00ednio desperdi\u00e7a energia.<\/p>\n<p style=\"text-align: justify;\">27)\u00a0\u00a0 Use pano em lugar de papel no dia-a-dia da cozinha, inclusive como guardanapos.Evite colocar alimentos quentes na geladeira, por aumentar o consumo de energia.<\/p>\n<p style=\"text-align: justify;\">28)\u00a0\u00a0 Compre papel higi\u00eanico n\u00e3o branqueado com cloro. O branqueamento produz dioxinas que, uma vez em rios, matam peixes.<\/p>\n<p style=\"text-align: justify;\">29)\u00a0\u00a0 Prefira produtos de pap\u00e9is reciclados. A m\u00e9dia de desperd\u00edcio de papel, por ano, numa casa comum, corresponde a seis \u00e1rvores.<\/p>\n<p style=\"text-align: justify;\">30)\u00a0\u00a0 Use uma foto copiadora que imprima frente e verso e reaproveite pap\u00e9is impressos em um s\u00f3 lado para rascunho.<\/p>\n<h3>ILUMINA\u00c7\u00c3O<\/h3>\n<p style=\"text-align: justify;\">31)\u00a0\u00a0 Procure utilizar ilumina\u00e7\u00e3o natural ou l\u00e2mpadas fluorescente, que gastam a quarta parte de energia que gastam uma incandescente, e duram mais.<\/p>\n<p style=\"text-align: justify;\">32)\u00a0\u00a0 Apague as luzes quando n\u00e3o precisar delas. Diminuir os gastos de eletricidade ajuda a reduzir a produ\u00e7\u00e3o de di\u00f3xido de enxofre proveniente das centrais el\u00e9tricas.<\/p>\n<p style=\"text-align: justify;\">33)\u00a0\u00a0 Pinte os c\u00f4modos da casa com cores claras. Cores escuras absorvem luz e as claras refletem.<\/p>\n<p style=\"text-align: justify;\">34)\u00a0\u00a0 Se poss\u00edvel instale sensores de ocupa\u00e7\u00e3o que desligam as luzes sempre que o c\u00f4modo estiver ocupado.<\/p>\n<h3>LIMPEZA DA CASA<\/h3>\n<p style=\"text-align: justify;\">35)\u00a0\u00a0 Opte por uma solu\u00e7\u00e3o de vinagre ou lim\u00e3o dilu\u00eddos em \u00e1gua, em quantidades iguais, para limpar vidros e espelhos e tirar a gordura.<\/p>\n<p style=\"text-align: justify;\">36)\u00a0\u00a0 Substitua aeross\u00f3is ou sprays pelos roll-on (especialmente os recarreg\u00e1veis), pelos sticks ou pelos pulverizadores de compress\u00e3o.<\/p>\n<p style=\"text-align: justify;\">37)\u00a0\u00a0 Evite os desinfetantes coloridos colocados nas bordas dos vasos sanit\u00e1rios, porque s\u00e3o muitos poluentes.<\/p>\n<p style=\"text-align: justify;\">38)\u00a0\u00a0 Troque a descarga com v\u00e1lvulas (que gastam 10 a 30 litros quando acionadas) por aquelas que acompanham caixas de 6 litros de \u00e1gua.<\/p>\n<p style=\"text-align: justify;\">39)\u00a0\u00a0 Use tintas com baixo teor de solvente. Ess\u00eancias como a terebintina (l\u00edquido obtido de pinheiros, usado na mistura de tintas e vernizes e polidores) devem ser usadas na menores quantidades poss\u00edveis.<\/p>\n<h3>CARRO<\/h3>\n<p style=\"text-align: justify;\">40)\u00a0\u00a0 Ao lavar o carro com mangueira, gasta-se, em m\u00e9dia, 570 litros de \u00e1gua. Se voc\u00ea usar baldes, gastar\u00e1 um d\u00e9cimo disso.<\/p>\n<p style=\"text-align: justify;\">41)\u00a0\u00a0 Visite oficina regularmente e verifique a emiss\u00e3o de fuma\u00e7a do seu carro.<\/p>\n<p style=\"text-align: justify;\">42)\u00a0\u00a0 Sempre que poss\u00edvel, utilize os transportes p\u00fablicos, como metr\u00f4 e \u00f4nibus, pegue carona, ande a p\u00e9 ou de bicicleta. Assim, ajudar\u00e1 a reduzir a polui\u00e7\u00e3o.<\/p>\n<p style=\"text-align: justify;\">43)\u00a0\u00a0 A velocidade que consome menos combust\u00edvel \u00e9 a moderada. Acelere gradualmente.<\/p>\n<p style=\"text-align: justify;\">44)\u00a0\u00a0 Mantenha a press\u00e3o correta dos pneus, para impedir o desgaste prematuro deles e para poupar gasolina.<\/p>\n<p style=\"text-align: justify;\">45)\u00a0\u00a0 N\u00e3o compre um autom\u00f3vel maior do que as suas necessidades. Carros mais pesados utilizam at\u00e9 50% mais de combust\u00edvel do que os modelos mais leves.<\/p>\n<h3>CIDADANIA<\/h3>\n<p style=\"text-align: justify;\">46)\u00a0\u00a0 Qualquer reclama\u00e7\u00e3o sobre a higieniza\u00e7\u00e3o de ruas e avenidas paulistanas, cachorros que n\u00e3o param de latir durante a madrugada e pedidos de pontos de coleta seletiva para pr\u00e9dios podem ser solicitados \u00e0 Prefeitura Municipal por meio do site <a href=\"http:\/\/sac.prefeitura.sp.gov.br\/\">http:\/\/sac.prefeitura.sp.gov.br\/<\/a>.<\/p>\n<p style=\"text-align: justify;\">47)\u00a0\u00a0 Denuncie crimes ambientais, queimadas, desmatamentos ou obras de grande impacto no ambiente pela Linha Verde do Ibama no site www.ibama.gov.br ou pelo e-mail\u00a0<a href=\"mailto:linhaverde.sede@ibama.gov.br\">linhaverde.sede@ibama.gov.br<\/a> Este endere\u00e7o de e-mail est\u00e1 protegido contra spambots. Voc\u00ea deve habilitar o JavaScript para visualiz\u00e1-lo.<\/p>\n<p style=\"text-align: justify;\">48)\u00a0\u00a0 Participe da Campanha de Ado\u00e7\u00e3o de Floresta com Arauc\u00e1ria. No site da Sociedade de Pesquisa em Vida Selvagem e Educa\u00e7\u00e3o Ambiental(SPVS), \u00e9 poss\u00edvel &#8220;adotar&#8221; \u00e1reas nos poucos remanescentes de florestas com arauc\u00e1ria que ainda existem. Consulte o site <a href=\"http:\/\/www.spvs.org.br\/\">http:\/\/www.spvs.org.br\/<\/a>. Entre em contato enviando e-mail para <a href=\"mailto:campanha@spvs.org.br\">campanha@spvs.org.br<\/a> . Este endere\u00e7o de e-mail est\u00e1 protegido contra spambots. Voc\u00ea deve habilitar o JavaScript para visualiz\u00e1-lo. . Ou ligue no telefone (0xx41) 3242-0280<\/p>\n<p style=\"text-align: justify;\">49)\u00a0\u00a0 Obtenha mais detalhes das campanhas e atos realizados pelo Greenpeace no Brasil e no mundo acessando o site <a href=\"http:\/\/www.greenpeace.org.br\/\">www.greenpeace.org.br\/<\/a> . Veja como pode ajudar na preserva\u00e7\u00e3o da Amaz\u00f4nia, do clima e dos Oceanos.<\/p>\n<p style=\"text-align: justify;\">50)\u00a0\u00a0 Proteste contra a negativa do governo americano em combater as emiss\u00f5es de di\u00f3xido de carbono pelas termel\u00e9tricas e ind\u00fastrias do pa\u00eds, assine a peti\u00e7\u00e3o contra o aquecimento global, proteja os ursos polares de extin\u00e7\u00e3o enviando cartas ao presidente dos EUA, George W. Bush, e \u00e0 diretoria da Ag\u00eancia de Prote\u00e7\u00e3o Ambiental (EPA), Christie Whitman. A rede de ciberativismo Action Network (<a href=\"http:\/\/actionnetwork.org\/\">http:\/\/actionnetwork.org\/<\/a>) tem modelos de textos e endere\u00e7os para envio em ingl\u00eas<\/p>\n<p style=\"text-align: justify;\">Fonte:\u00a0<a href=\"http:\/\/webcache.googleusercontent.com\/search?q=cache:SnqgsPpKTDkJ:www.portaldomeioambiente.org.br\/index.php%3Foption%3Dcom_content%26view%3Darticle%26id%3D366:dicas-para-protecao-ao-meio-ambiente%26catid%3D1060:consumo-responsavel+366+dicas+para+a+prote%C3%A7%C3%A3o+ao+meio+ambiente&amp;cd=1&amp;hl=pt-BR&amp;ct=clnk&amp;gl=br\" target=\"_blank\">Dicas de Prote\u00e7\u00e3o do Meio Ambiente<\/a><\/p>\n","protected":false},"excerpt":{"rendered":"<p>Conhe\u00e7a e pratique no seu dia a dia essas\u00a050 Dicas para Prote\u00e7\u00e3o ao Meio Ambiente\u00a0que podem ajudar a economizar energia, poupar recursos naturais e, ao mesmo tempo, cuidar de sua sa\u00fade e da sa\u00fade do planeta! ELETRODOM\u00c9STICO 1)\u00a0\u00a0\u00a0\u00a0\u00a0 Evite comprar&#8230;<\/p>\n","protected":false},"author":1,"featured_media":6239,"comment_status":"open","ping_status":"open","sticky":false,"template":"","format":"standard","meta":{"_acf_changed":false,"footnotes":""},"categories":[1],"tags":[],"class_list":["post-8571","post","type-post","status-publish","format-standard","has-post-thumbnail","hentry","category-news","entry","rows-excerpt"],"acf":[],"yoast_head":"<!-- This site is optimized with the Yoast SEO plugin v27.5 - https:\/\/yoast.com\/product\/yoast-seo-wordpress\/ -->\n<title>DICAS PARA PROTE\u00c7\u00c3O AO MEIO AMBIENTE | ECCLESIA NEWS<\/title>\n<meta name=\"robots\" content=\"index, follow, max-snippet:-1, max-image-preview:large, max-video-preview:-1\" \/>\n<link rel=\"canonical\" href=\"https:\/\/news.ecclesia.org.br\/?p=8571\" \/>\n<meta property=\"og:locale\" content=\"pt_BR\" \/>\n<meta property=\"og:type\" content=\"article\" \/>\n<meta property=\"og:title\" content=\"DICAS PARA PROTE\u00c7\u00c3O AO MEIO AMBIENTE | ECCLESIA NEWS\" \/>\n<meta property=\"og:description\" content=\"Conhe\u00e7a e pratique no seu dia a dia essas\u00a050 Dicas para Prote\u00e7\u00e3o ao Meio Ambiente\u00a0que podem ajudar a economizar energia, poupar recursos naturais e, ao mesmo tempo, cuidar de sua sa\u00fade e da sa\u00fade do planeta! ELETRODOM\u00c9STICO 1)\u00a0\u00a0\u00a0\u00a0\u00a0 Evite comprar&#8230;\" \/>\n<meta property=\"og:url\" content=\"https:\/\/news.ecclesia.org.br\/?p=8571\" \/>\n<meta property=\"og:site_name\" content=\"ECCLESIA NEWS\" \/>\n<meta property=\"article:publisher\" content=\"https:\/\/www.facebook.com\/Ecclesia2025\" \/>\n<meta property=\"article:published_time\" content=\"2010-09-22T01:35:04+00:00\" \/>\n<meta property=\"article:modified_time\" content=\"2016-03-18T02:20:40+00:00\" \/>\n<meta property=\"og:image\" content=\"https:\/\/news.ecclesia.org.br\/wp-content\/uploads\/2010\/09\/amazonia.jpg\" \/>\n\t<meta property=\"og:image:width\" content=\"320\" \/>\n\t<meta property=\"og:image:height\" content=\"226\" \/>\n\t<meta property=\"og:image:type\" content=\"image\/jpeg\" \/>\n<meta name=\"author\" content=\"Pe. Andr\u00e9\" \/>\n<meta name=\"twitter:card\" content=\"summary_large_image\" \/>\n<meta name=\"twitter:creator\" content=\"@EcclesiaNews\" \/>\n<meta name=\"twitter:site\" content=\"@EcclesiaNews\" \/>\n<meta name=\"twitter:label1\" content=\"Escrito por\" \/>\n\t<meta name=\"twitter:data1\" content=\"Pe. Andr\u00e9\" \/>\n\t<meta name=\"twitter:label2\" content=\"Est. tempo de leitura\" \/>\n\t<meta name=\"twitter:data2\" content=\"6 minutos\" \/>\n<script type=\"application\/ld+json\" class=\"yoast-schema-graph\">{\"@context\":\"https:\\\/\\\/schema.org\",\"@graph\":[{\"@type\":\"Article\",\"@id\":\"https:\\\/\\\/news.ecclesia.org.br\\\/?p=8571#article\",\"isPartOf\":{\"@id\":\"https:\\\/\\\/news.ecclesia.org.br\\\/?p=8571\"},\"author\":{\"name\":\"Pe. Andr\u00e9\",\"@id\":\"https:\\\/\\\/news.ecclesia.org.br\\\/#\\\/schema\\\/person\\\/6f09597f025829745ba414a569f63758\"},\"headline\":\"DICAS PARA PROTE\u00c7\u00c3O AO MEIO AMBIENTE\",\"datePublished\":\"2010-09-22T01:35:04+00:00\",\"dateModified\":\"2016-03-18T02:20:40+00:00\",\"mainEntityOfPage\":{\"@id\":\"https:\\\/\\\/news.ecclesia.org.br\\\/?p=8571\"},\"wordCount\":1302,\"commentCount\":0,\"publisher\":{\"@id\":\"https:\\\/\\\/news.ecclesia.org.br\\\/#organization\"},\"image\":{\"@id\":\"https:\\\/\\\/news.ecclesia.org.br\\\/?p=8571#primaryimage\"},\"thumbnailUrl\":\"https:\\\/\\\/news.ecclesia.org.br\\\/wp-content\\\/uploads\\\/2010\\\/09\\\/amazonia.jpg\",\"articleSection\":[\"NEWS\"],\"inLanguage\":\"pt-BR\",\"potentialAction\":[{\"@type\":\"CommentAction\",\"name\":\"Comment\",\"target\":[\"https:\\\/\\\/news.ecclesia.org.br\\\/?p=8571#respond\"]}]},{\"@type\":\"WebPage\",\"@id\":\"https:\\\/\\\/news.ecclesia.org.br\\\/?p=8571\",\"url\":\"https:\\\/\\\/news.ecclesia.org.br\\\/?p=8571\",\"name\":\"DICAS PARA PROTE\u00c7\u00c3O AO MEIO AMBIENTE | ECCLESIA NEWS\",\"isPartOf\":{\"@id\":\"https:\\\/\\\/news.ecclesia.org.br\\\/#website\"},\"primaryImageOfPage\":{\"@id\":\"https:\\\/\\\/news.ecclesia.org.br\\\/?p=8571#primaryimage\"},\"image\":{\"@id\":\"https:\\\/\\\/news.ecclesia.org.br\\\/?p=8571#primaryimage\"},\"thumbnailUrl\":\"https:\\\/\\\/news.ecclesia.org.br\\\/wp-content\\\/uploads\\\/2010\\\/09\\\/amazonia.jpg\",\"datePublished\":\"2010-09-22T01:35:04+00:00\",\"dateModified\":\"2016-03-18T02:20:40+00:00\",\"breadcrumb\":{\"@id\":\"https:\\\/\\\/news.ecclesia.org.br\\\/?p=8571#breadcrumb\"},\"inLanguage\":\"pt-BR\",\"potentialAction\":[{\"@type\":\"ReadAction\",\"target\":[\"https:\\\/\\\/news.ecclesia.org.br\\\/?p=8571\"]}]},{\"@type\":\"ImageObject\",\"inLanguage\":\"pt-BR\",\"@id\":\"https:\\\/\\\/news.ecclesia.org.br\\\/?p=8571#primaryimage\",\"url\":\"https:\\\/\\\/news.ecclesia.org.br\\\/wp-content\\\/uploads\\\/2010\\\/09\\\/amazonia.jpg\",\"contentUrl\":\"https:\\\/\\\/news.ecclesia.org.br\\\/wp-content\\\/uploads\\\/2010\\\/09\\\/amazonia.jpg\",\"width\":320,\"height\":226},{\"@type\":\"BreadcrumbList\",\"@id\":\"https:\\\/\\\/news.ecclesia.org.br\\\/?p=8571#breadcrumb\",\"itemListElement\":[{\"@type\":\"ListItem\",\"position\":1,\"name\":\"In\u00edcio\",\"item\":\"https:\\\/\\\/news.ecclesia.org.br\\\/\"},{\"@type\":\"ListItem\",\"position\":2,\"name\":\"DICAS PARA PROTE\u00c7\u00c3O AO MEIO AMBIENTE\"}]},{\"@type\":\"WebSite\",\"@id\":\"https:\\\/\\\/news.ecclesia.org.br\\\/#website\",\"url\":\"https:\\\/\\\/news.ecclesia.org.br\\\/\",\"name\":\"Ecclesia Brasil\",\"description\":\"Desde 2003 onectando o Brasil ao mundo ortodoxo!\",\"publisher\":{\"@id\":\"https:\\\/\\\/news.ecclesia.org.br\\\/#organization\"},\"alternateName\":\"Ecclesia\",\"potentialAction\":[{\"@type\":\"SearchAction\",\"target\":{\"@type\":\"EntryPoint\",\"urlTemplate\":\"https:\\\/\\\/news.ecclesia.org.br\\\/?s={search_term_string}\"},\"query-input\":{\"@type\":\"PropertyValueSpecification\",\"valueRequired\":true,\"valueName\":\"search_term_string\"}}],\"inLanguage\":\"pt-BR\"},{\"@type\":\"Organization\",\"@id\":\"https:\\\/\\\/news.ecclesia.org.br\\\/#organization\",\"name\":\"Sacra Arquidiocese de Buenos Aires e Am\u00e9rica do Sul | Patriarcado Ecum\u00eanico\",\"alternateName\":\"News Ecclesia Brasil\",\"url\":\"https:\\\/\\\/news.ecclesia.org.br\\\/\",\"logo\":{\"@type\":\"ImageObject\",\"inLanguage\":\"pt-BR\",\"@id\":\"https:\\\/\\\/news.ecclesia.org.br\\\/#\\\/schema\\\/logo\\\/image\\\/\",\"url\":\"https:\\\/\\\/news.ecclesia.org.br\\\/wp-content\\\/uploads\\\/2025\\\/05\\\/ecclesia2.png\",\"contentUrl\":\"https:\\\/\\\/news.ecclesia.org.br\\\/wp-content\\\/uploads\\\/2025\\\/05\\\/ecclesia2.png\",\"width\":480,\"height\":120,\"caption\":\"Sacra Arquidiocese de Buenos Aires e Am\u00e9rica do Sul | Patriarcado Ecum\u00eanico\"},\"image\":{\"@id\":\"https:\\\/\\\/news.ecclesia.org.br\\\/#\\\/schema\\\/logo\\\/image\\\/\"},\"sameAs\":[\"https:\\\/\\\/www.facebook.com\\\/Ecclesia2025\",\"https:\\\/\\\/x.com\\\/EcclesiaNews\",\"https:\\\/\\\/br.pinterest.com\\\/ekklisia\\\/\",\"https:\\\/\\\/www.youtube.com\\\/@EcclesiaBrasil\"]},{\"@type\":\"Person\",\"@id\":\"https:\\\/\\\/news.ecclesia.org.br\\\/#\\\/schema\\\/person\\\/6f09597f025829745ba414a569f63758\",\"name\":\"Pe. Andr\u00e9\",\"image\":{\"@type\":\"ImageObject\",\"inLanguage\":\"pt-BR\",\"@id\":\"https:\\\/\\\/secure.gravatar.com\\\/avatar\\\/b4327cfa27e9799da239a26adcd534fc29cdc0c4a4a148eecbcfeb9b42c617ac?s=96&d=mm&r=g\",\"url\":\"https:\\\/\\\/secure.gravatar.com\\\/avatar\\\/b4327cfa27e9799da239a26adcd534fc29cdc0c4a4a148eecbcfeb9b42c617ac?s=96&d=mm&r=g\",\"contentUrl\":\"https:\\\/\\\/secure.gravatar.com\\\/avatar\\\/b4327cfa27e9799da239a26adcd534fc29cdc0c4a4a148eecbcfeb9b42c617ac?s=96&d=mm&r=g\",\"caption\":\"Pe. Andr\u00e9\"},\"sameAs\":[\"https:\\\/\\\/www.ecclesia.org.br\"]}]}<\/script>\n<!-- \/ Yoast SEO plugin. -->","yoast_head_json":{"title":"DICAS PARA PROTE\u00c7\u00c3O AO MEIO AMBIENTE | ECCLESIA NEWS","robots":{"index":"index","follow":"follow","max-snippet":"max-snippet:-1","max-image-preview":"max-image-preview:large","max-video-preview":"max-video-preview:-1"},"canonical":"https:\/\/news.ecclesia.org.br\/?p=8571","og_locale":"pt_BR","og_type":"article","og_title":"DICAS PARA PROTE\u00c7\u00c3O AO MEIO AMBIENTE | ECCLESIA NEWS","og_description":"Conhe\u00e7a e pratique no seu dia a dia essas\u00a050 Dicas para Prote\u00e7\u00e3o ao Meio Ambiente\u00a0que podem ajudar a economizar energia, poupar recursos naturais e, ao mesmo tempo, cuidar de sua sa\u00fade e da sa\u00fade do planeta! ELETRODOM\u00c9STICO 1)\u00a0\u00a0\u00a0\u00a0\u00a0 Evite comprar&#8230;","og_url":"https:\/\/news.ecclesia.org.br\/?p=8571","og_site_name":"ECCLESIA NEWS","article_publisher":"https:\/\/www.facebook.com\/Ecclesia2025","article_published_time":"2010-09-22T01:35:04+00:00","article_modified_time":"2016-03-18T02:20:40+00:00","og_image":[{"width":320,"height":226,"url":"https:\/\/news.ecclesia.org.br\/wp-content\/uploads\/2010\/09\/amazonia.jpg","type":"image\/jpeg"}],"author":"Pe. Andr\u00e9","twitter_card":"summary_large_image","twitter_creator":"@EcclesiaNews","twitter_site":"@EcclesiaNews","twitter_misc":{"Escrito por":"Pe. Andr\u00e9","Est. tempo de leitura":"6 minutos"},"schema":{"@context":"https:\/\/schema.org","@graph":[{"@type":"Article","@id":"https:\/\/news.ecclesia.org.br\/?p=8571#article","isPartOf":{"@id":"https:\/\/news.ecclesia.org.br\/?p=8571"},"author":{"name":"Pe. Andr\u00e9","@id":"https:\/\/news.ecclesia.org.br\/#\/schema\/person\/6f09597f025829745ba414a569f63758"},"headline":"DICAS PARA PROTE\u00c7\u00c3O AO MEIO AMBIENTE","datePublished":"2010-09-22T01:35:04+00:00","dateModified":"2016-03-18T02:20:40+00:00","mainEntityOfPage":{"@id":"https:\/\/news.ecclesia.org.br\/?p=8571"},"wordCount":1302,"commentCount":0,"publisher":{"@id":"https:\/\/news.ecclesia.org.br\/#organization"},"image":{"@id":"https:\/\/news.ecclesia.org.br\/?p=8571#primaryimage"},"thumbnailUrl":"https:\/\/news.ecclesia.org.br\/wp-content\/uploads\/2010\/09\/amazonia.jpg","articleSection":["NEWS"],"inLanguage":"pt-BR","potentialAction":[{"@type":"CommentAction","name":"Comment","target":["https:\/\/news.ecclesia.org.br\/?p=8571#respond"]}]},{"@type":"WebPage","@id":"https:\/\/news.ecclesia.org.br\/?p=8571","url":"https:\/\/news.ecclesia.org.br\/?p=8571","name":"DICAS PARA PROTE\u00c7\u00c3O AO MEIO AMBIENTE | ECCLESIA NEWS","isPartOf":{"@id":"https:\/\/news.ecclesia.org.br\/#website"},"primaryImageOfPage":{"@id":"https:\/\/news.ecclesia.org.br\/?p=8571#primaryimage"},"image":{"@id":"https:\/\/news.ecclesia.org.br\/?p=8571#primaryimage"},"thumbnailUrl":"https:\/\/news.ecclesia.org.br\/wp-content\/uploads\/2010\/09\/amazonia.jpg","datePublished":"2010-09-22T01:35:04+00:00","dateModified":"2016-03-18T02:20:40+00:00","breadcrumb":{"@id":"https:\/\/news.ecclesia.org.br\/?p=8571#breadcrumb"},"inLanguage":"pt-BR","potentialAction":[{"@type":"ReadAction","target":["https:\/\/news.ecclesia.org.br\/?p=8571"]}]},{"@type":"ImageObject","inLanguage":"pt-BR","@id":"https:\/\/news.ecclesia.org.br\/?p=8571#primaryimage","url":"https:\/\/news.ecclesia.org.br\/wp-content\/uploads\/2010\/09\/amazonia.jpg","contentUrl":"https:\/\/news.ecclesia.org.br\/wp-content\/uploads\/2010\/09\/amazonia.jpg","width":320,"height":226},{"@type":"BreadcrumbList","@id":"https:\/\/news.ecclesia.org.br\/?p=8571#breadcrumb","itemListElement":[{"@type":"ListItem","position":1,"name":"In\u00edcio","item":"https:\/\/news.ecclesia.org.br\/"},{"@type":"ListItem","position":2,"name":"DICAS PARA PROTE\u00c7\u00c3O AO MEIO AMBIENTE"}]},{"@type":"WebSite","@id":"https:\/\/news.ecclesia.org.br\/#website","url":"https:\/\/news.ecclesia.org.br\/","name":"Ecclesia Brasil","description":"Desde 2003 onectando o Brasil ao mundo ortodoxo!","publisher":{"@id":"https:\/\/news.ecclesia.org.br\/#organization"},"alternateName":"Ecclesia","potentialAction":[{"@type":"SearchAction","target":{"@type":"EntryPoint","urlTemplate":"https:\/\/news.ecclesia.org.br\/?s={search_term_string}"},"query-input":{"@type":"PropertyValueSpecification","valueRequired":true,"valueName":"search_term_string"}}],"inLanguage":"pt-BR"},{"@type":"Organization","@id":"https:\/\/news.ecclesia.org.br\/#organization","name":"Sacra Arquidiocese de Buenos Aires e Am\u00e9rica do Sul | Patriarcado Ecum\u00eanico","alternateName":"News Ecclesia Brasil","url":"https:\/\/news.ecclesia.org.br\/","logo":{"@type":"ImageObject","inLanguage":"pt-BR","@id":"https:\/\/news.ecclesia.org.br\/#\/schema\/logo\/image\/","url":"https:\/\/news.ecclesia.org.br\/wp-content\/uploads\/2025\/05\/ecclesia2.png","contentUrl":"https:\/\/news.ecclesia.org.br\/wp-content\/uploads\/2025\/05\/ecclesia2.png","width":480,"height":120,"caption":"Sacra Arquidiocese de Buenos Aires e Am\u00e9rica do Sul | Patriarcado Ecum\u00eanico"},"image":{"@id":"https:\/\/news.ecclesia.org.br\/#\/schema\/logo\/image\/"},"sameAs":["https:\/\/www.facebook.com\/Ecclesia2025","https:\/\/x.com\/EcclesiaNews","https:\/\/br.pinterest.com\/ekklisia\/","https:\/\/www.youtube.com\/@EcclesiaBrasil"]},{"@type":"Person","@id":"https:\/\/news.ecclesia.org.br\/#\/schema\/person\/6f09597f025829745ba414a569f63758","name":"Pe. Andr\u00e9","image":{"@type":"ImageObject","inLanguage":"pt-BR","@id":"https:\/\/secure.gravatar.com\/avatar\/b4327cfa27e9799da239a26adcd534fc29cdc0c4a4a148eecbcfeb9b42c617ac?s=96&d=mm&r=g","url":"https:\/\/secure.gravatar.com\/avatar\/b4327cfa27e9799da239a26adcd534fc29cdc0c4a4a148eecbcfeb9b42c617ac?s=96&d=mm&r=g","contentUrl":"https:\/\/secure.gravatar.com\/avatar\/b4327cfa27e9799da239a26adcd534fc29cdc0c4a4a148eecbcfeb9b42c617ac?s=96&d=mm&r=g","caption":"Pe. Andr\u00e9"},"sameAs":["https:\/\/www.ecclesia.org.br"]}]}},"_links":{"self":[{"href":"https:\/\/news.ecclesia.org.br\/index.php?rest_route=\/wp\/v2\/posts\/8571","targetHints":{"allow":["GET"]}}],"collection":[{"href":"https:\/\/news.ecclesia.org.br\/index.php?rest_route=\/wp\/v2\/posts"}],"about":[{"href":"https:\/\/news.ecclesia.org.br\/index.php?rest_route=\/wp\/v2\/types\/post"}],"author":[{"embeddable":true,"href":"https:\/\/news.ecclesia.org.br\/index.php?rest_route=\/wp\/v2\/users\/1"}],"replies":[{"embeddable":true,"href":"https:\/\/news.ecclesia.org.br\/index.php?rest_route=%2Fwp%2Fv2%2Fcomments&post=8571"}],"version-history":[{"count":0,"href":"https:\/\/news.ecclesia.org.br\/index.php?rest_route=\/wp\/v2\/posts\/8571\/revisions"}],"wp:featuredmedia":[{"embeddable":true,"href":"https:\/\/news.ecclesia.org.br\/index.php?rest_route=\/wp\/v2\/media\/6239"}],"wp:attachment":[{"href":"https:\/\/news.ecclesia.org.br\/index.php?rest_route=%2Fwp%2Fv2%2Fmedia&parent=8571"}],"wp:term":[{"taxonomy":"category","embeddable":true,"href":"https:\/\/news.ecclesia.org.br\/index.php?rest_route=%2Fwp%2Fv2%2Fcategories&post=8571"},{"taxonomy":"post_tag","embeddable":true,"href":"https:\/\/news.ecclesia.org.br\/index.php?rest_route=%2Fwp%2Fv2%2Ftags&post=8571"}],"curies":[{"name":"wp","href":"https:\/\/api.w.org\/{rel}","templated":true}]}}