{"id":8038,"date":"2015-08-19T12:10:20","date_gmt":"2015-08-19T15:10:20","guid":{"rendered":"http:\/\/www.ecclesia.com.br\/news\/2013\/?p=8038"},"modified":"2015-08-19T12:10:20","modified_gmt":"2015-08-19T15:10:20","slug":"festa-da-panaghia-domingo-23-de-agosto","status":"publish","type":"post","link":"https:\/\/news.ecclesia.org.br\/?p=8038","title":{"rendered":"FESTA DA PANAGHIA, DOMINGO, 23 DE AGOSTO"},"content":{"rendered":"<p style=\"text-align: justify;\">O filme Jimmy\u00b4s Hall (Sal\u00e3o do Jimmy), se passa na Irlanda nos anos de 1930 e conta a hist\u00f3ria de um jovem que procura manter unida a comunidade local atrav\u00e9s do funcionamento de um galp\u00e3o, onde pela manh\u00e3 s\u00e3o ministradas atividades de pintura, leitura, dan\u00e7a, m\u00fasica, esportes e \u00e0 noite fam\u00edlias dan\u00e7am e interagem ao som de boa m\u00fasica tradicional ao vivo.<\/p>\n<p style=\"text-align: justify;\">N\u00e3o h\u00e1 como deixar de fazer um paralelo com a comunidade grega de Bras\u00edlia e a luta de 50 anos ininterruptos cuidando para manter vivas nossas tradi\u00e7\u00f5es. A exemplo do personagem do filme, temos aqui tamb\u00e9m desafios a enfrentar, por exemplo, a dificuldade de preserva\u00e7\u00e3o da l\u00edngua, dist\u00e2ncia da fam\u00edlia na Gr\u00e9cia e a miscigena\u00e7\u00e3o natural e bem-vinda com brasileiros (n\u00f3s tamb\u00e9m), que come\u00e7a ainda nas amizades da inf\u00e2ncia e culminam com o casamento. Como se a cada passo rumo \u00e0 comunidade, dois s\u00e3o dados em sentido oposto.<\/p>\n<p style=\"text-align: justify;\">Todavia h\u00e1 esperan\u00e7as. Se acompanharmos as manifesta\u00e7\u00f5es dos descendentes nas redes sociais, h\u00e1 raz\u00f5es de sobra para acreditar em um futuro auspicioso. Jovens ciceroneando a rec\u00e9m-formada fam\u00edlia em visita \u00e0 Gr\u00e9cia, manifesta\u00e7\u00f5es de apoio expl\u00edcitas em momentos de uni\u00e3o, tais como na copa do mundo de 2014 ou durante a crise econ\u00f4mica pela qual passa a Gr\u00e9cia. Sem contar que aqui na comunidade recebemos rotineiramente filhos de imigrantes trazendo os netos daqueles para tomarem contato com a dan\u00e7a, l\u00edngua, religi\u00e3o e costumes.<\/p>\n<p style=\"text-align: justify;\"><strong>A partir do pr\u00f3ximo domingo, 23 de agosto, \u00e0s 12h30, aqui no nosso sal\u00e3o, <\/strong>daremos prosseguimento \u00e0s comemora\u00e7\u00f5es do cinquenten\u00e1rio com a <strong>divulga\u00e7\u00e3o do resultado do I concurso de fotografias hist\u00f3ricas da comunidade grega de Bras\u00edlia. <\/strong>38 participantes de 16 fam\u00edlias enviaram 132 fotos e com base nelas montamos a exposi\u00e7\u00e3o que se desenrolar\u00e1 dentre 01 a 20 de setembro pr\u00f3ximos no shopping casa park.<\/p>\n<p style=\"text-align: justify;\"><strong>Que tal neste dia 23 de agosto prestigiarmos a todos que colaboraram para a viabilidade do concurso? <\/strong>Ser\u00e1 uma bela homenagem \u00e0 nossa hist\u00f3ria. Al\u00e9m disso haver\u00e1 saborosa comida t\u00edpica, dan\u00e7as folcl\u00f3ricas e m\u00fasica ao vivo.<\/p>\n<p style=\"text-align: justify;\">Falta alguma coisa para que voc\u00ea possa vir e celebrar conosco aqui no sal\u00e3o?<\/p>\n<p style=\"text-align: justify;\">At\u00e9 domingo \ud83d\ude42<\/p>\n<p style=\"text-align: right;\">A Diretoria<\/p>\n<hr \/>\n<p style=\"text-align: right;\">Fonte:\u00a0BOLETIM N\u00ba 08\/2015<br \/>\nComunidade Grega de Bras\u00edlia<br \/>\nIgreja Anuncia\u00e7\u00e3o da M\u00e3e de Deus<\/p>\n<p style=\"text-align: right;\">\n","protected":false},"excerpt":{"rendered":"<p>O filme Jimmy\u00b4s Hall (Sal\u00e3o do Jimmy), se passa na Irlanda nos anos de 1930 e conta a hist\u00f3ria de um jovem que procura manter unida a comunidade local atrav\u00e9s do funcionamento de um galp\u00e3o, onde pela manh\u00e3 s\u00e3o ministradas&#8230;<\/p>\n","protected":false},"author":1,"featured_media":7894,"comment_status":"open","ping_status":"open","sticky":false,"template":"","format":"standard","meta":{"_acf_changed":false,"footnotes":""},"categories":[40,42],"tags":[],"class_list":["post-8038","post","type-post","status-publish","format-standard","has-post-thumbnail","hentry","category-arquidiocese-de-buenos-aires-e-america-do-sul","category-brasil","entry","rows-excerpt"],"acf":[],"yoast_head":"<!-- This site is optimized with the Yoast SEO plugin v27.5 - https:\/\/yoast.com\/product\/yoast-seo-wordpress\/ -->\n<title>FESTA DA PANAGHIA, DOMINGO, 23 DE AGOSTO | ECCLESIA NEWS<\/title>\n<meta name=\"robots\" content=\"index, follow, max-snippet:-1, max-image-preview:large, max-video-preview:-1\" \/>\n<link rel=\"canonical\" href=\"https:\/\/news.ecclesia.org.br\/?p=8038\" \/>\n<meta property=\"og:locale\" content=\"pt_BR\" \/>\n<meta property=\"og:type\" content=\"article\" \/>\n<meta property=\"og:title\" content=\"FESTA DA PANAGHIA, DOMINGO, 23 DE AGOSTO | ECCLESIA NEWS\" \/>\n<meta property=\"og:description\" content=\"O filme Jimmy\u00b4s Hall (Sal\u00e3o do Jimmy), se passa na Irlanda nos anos de 1930 e conta a hist\u00f3ria de um jovem que procura manter unida a comunidade local atrav\u00e9s do funcionamento de um galp\u00e3o, onde pela manh\u00e3 s\u00e3o ministradas&#8230;\" \/>\n<meta property=\"og:url\" content=\"https:\/\/news.ecclesia.org.br\/?p=8038\" \/>\n<meta property=\"og:site_name\" content=\"ECCLESIA NEWS\" \/>\n<meta property=\"article:publisher\" content=\"https:\/\/www.facebook.com\/Ecclesia2025\" \/>\n<meta property=\"article:published_time\" content=\"2015-08-19T15:10:20+00:00\" \/>\n<meta property=\"og:image\" content=\"https:\/\/news.ecclesia.org.br\/wp-content\/uploads\/2015\/07\/comunidade-brasilia-1.jpg\" \/>\n\t<meta property=\"og:image:width\" content=\"640\" \/>\n\t<meta property=\"og:image:height\" content=\"377\" \/>\n\t<meta property=\"og:image:type\" content=\"image\/jpeg\" \/>\n<meta name=\"author\" content=\"Pe. Andr\u00e9\" \/>\n<meta name=\"twitter:card\" content=\"summary_large_image\" \/>\n<meta name=\"twitter:creator\" content=\"@EcclesiaNews\" \/>\n<meta name=\"twitter:site\" content=\"@EcclesiaNews\" \/>\n<meta name=\"twitter:label1\" content=\"Escrito por\" \/>\n\t<meta name=\"twitter:data1\" content=\"Pe. Andr\u00e9\" \/>\n\t<meta name=\"twitter:label2\" content=\"Est. tempo de leitura\" \/>\n\t<meta name=\"twitter:data2\" content=\"2 minutos\" \/>\n<script type=\"application\/ld+json\" class=\"yoast-schema-graph\">{\"@context\":\"https:\\\/\\\/schema.org\",\"@graph\":[{\"@type\":\"Article\",\"@id\":\"https:\\\/\\\/news.ecclesia.org.br\\\/?p=8038#article\",\"isPartOf\":{\"@id\":\"https:\\\/\\\/news.ecclesia.org.br\\\/?p=8038\"},\"author\":{\"name\":\"Pe. Andr\u00e9\",\"@id\":\"https:\\\/\\\/news.ecclesia.org.br\\\/#\\\/schema\\\/person\\\/6f09597f025829745ba414a569f63758\"},\"headline\":\"FESTA DA PANAGHIA, DOMINGO, 23 DE AGOSTO\",\"datePublished\":\"2015-08-19T15:10:20+00:00\",\"mainEntityOfPage\":{\"@id\":\"https:\\\/\\\/news.ecclesia.org.br\\\/?p=8038\"},\"wordCount\":416,\"commentCount\":0,\"publisher\":{\"@id\":\"https:\\\/\\\/news.ecclesia.org.br\\\/#organization\"},\"image\":{\"@id\":\"https:\\\/\\\/news.ecclesia.org.br\\\/?p=8038#primaryimage\"},\"thumbnailUrl\":\"https:\\\/\\\/news.ecclesia.org.br\\\/wp-content\\\/uploads\\\/2015\\\/07\\\/comunidade-brasilia-1.jpg\",\"articleSection\":[\"Arquidiocese de Buenos Aires e Am\u00e9rica do Sul\",\"BRASIL\"],\"inLanguage\":\"pt-BR\",\"potentialAction\":[{\"@type\":\"CommentAction\",\"name\":\"Comment\",\"target\":[\"https:\\\/\\\/news.ecclesia.org.br\\\/?p=8038#respond\"]}]},{\"@type\":\"WebPage\",\"@id\":\"https:\\\/\\\/news.ecclesia.org.br\\\/?p=8038\",\"url\":\"https:\\\/\\\/news.ecclesia.org.br\\\/?p=8038\",\"name\":\"FESTA DA PANAGHIA, DOMINGO, 23 DE AGOSTO | ECCLESIA NEWS\",\"isPartOf\":{\"@id\":\"https:\\\/\\\/news.ecclesia.org.br\\\/#website\"},\"primaryImageOfPage\":{\"@id\":\"https:\\\/\\\/news.ecclesia.org.br\\\/?p=8038#primaryimage\"},\"image\":{\"@id\":\"https:\\\/\\\/news.ecclesia.org.br\\\/?p=8038#primaryimage\"},\"thumbnailUrl\":\"https:\\\/\\\/news.ecclesia.org.br\\\/wp-content\\\/uploads\\\/2015\\\/07\\\/comunidade-brasilia-1.jpg\",\"datePublished\":\"2015-08-19T15:10:20+00:00\",\"breadcrumb\":{\"@id\":\"https:\\\/\\\/news.ecclesia.org.br\\\/?p=8038#breadcrumb\"},\"inLanguage\":\"pt-BR\",\"potentialAction\":[{\"@type\":\"ReadAction\",\"target\":[\"https:\\\/\\\/news.ecclesia.org.br\\\/?p=8038\"]}]},{\"@type\":\"ImageObject\",\"inLanguage\":\"pt-BR\",\"@id\":\"https:\\\/\\\/news.ecclesia.org.br\\\/?p=8038#primaryimage\",\"url\":\"https:\\\/\\\/news.ecclesia.org.br\\\/wp-content\\\/uploads\\\/2015\\\/07\\\/comunidade-brasilia-1.jpg\",\"contentUrl\":\"https:\\\/\\\/news.ecclesia.org.br\\\/wp-content\\\/uploads\\\/2015\\\/07\\\/comunidade-brasilia-1.jpg\",\"width\":640,\"height\":377},{\"@type\":\"BreadcrumbList\",\"@id\":\"https:\\\/\\\/news.ecclesia.org.br\\\/?p=8038#breadcrumb\",\"itemListElement\":[{\"@type\":\"ListItem\",\"position\":1,\"name\":\"In\u00edcio\",\"item\":\"https:\\\/\\\/news.ecclesia.org.br\\\/\"},{\"@type\":\"ListItem\",\"position\":2,\"name\":\"FESTA DA PANAGHIA, DOMINGO, 23 DE AGOSTO\"}]},{\"@type\":\"WebSite\",\"@id\":\"https:\\\/\\\/news.ecclesia.org.br\\\/#website\",\"url\":\"https:\\\/\\\/news.ecclesia.org.br\\\/\",\"name\":\"Ecclesia Brasil\",\"description\":\"Desde 2003 onectando o Brasil ao mundo ortodoxo!\",\"publisher\":{\"@id\":\"https:\\\/\\\/news.ecclesia.org.br\\\/#organization\"},\"alternateName\":\"Ecclesia\",\"potentialAction\":[{\"@type\":\"SearchAction\",\"target\":{\"@type\":\"EntryPoint\",\"urlTemplate\":\"https:\\\/\\\/news.ecclesia.org.br\\\/?s={search_term_string}\"},\"query-input\":{\"@type\":\"PropertyValueSpecification\",\"valueRequired\":true,\"valueName\":\"search_term_string\"}}],\"inLanguage\":\"pt-BR\"},{\"@type\":\"Organization\",\"@id\":\"https:\\\/\\\/news.ecclesia.org.br\\\/#organization\",\"name\":\"Sacra Arquidiocese de Buenos Aires e Am\u00e9rica do Sul | Patriarcado Ecum\u00eanico\",\"alternateName\":\"News Ecclesia Brasil\",\"url\":\"https:\\\/\\\/news.ecclesia.org.br\\\/\",\"logo\":{\"@type\":\"ImageObject\",\"inLanguage\":\"pt-BR\",\"@id\":\"https:\\\/\\\/news.ecclesia.org.br\\\/#\\\/schema\\\/logo\\\/image\\\/\",\"url\":\"https:\\\/\\\/news.ecclesia.org.br\\\/wp-content\\\/uploads\\\/2025\\\/05\\\/ecclesia2.png\",\"contentUrl\":\"https:\\\/\\\/news.ecclesia.org.br\\\/wp-content\\\/uploads\\\/2025\\\/05\\\/ecclesia2.png\",\"width\":480,\"height\":120,\"caption\":\"Sacra Arquidiocese de Buenos Aires e Am\u00e9rica do Sul | Patriarcado Ecum\u00eanico\"},\"image\":{\"@id\":\"https:\\\/\\\/news.ecclesia.org.br\\\/#\\\/schema\\\/logo\\\/image\\\/\"},\"sameAs\":[\"https:\\\/\\\/www.facebook.com\\\/Ecclesia2025\",\"https:\\\/\\\/x.com\\\/EcclesiaNews\",\"https:\\\/\\\/br.pinterest.com\\\/ekklisia\\\/\",\"https:\\\/\\\/www.youtube.com\\\/@EcclesiaBrasil\"]},{\"@type\":\"Person\",\"@id\":\"https:\\\/\\\/news.ecclesia.org.br\\\/#\\\/schema\\\/person\\\/6f09597f025829745ba414a569f63758\",\"name\":\"Pe. Andr\u00e9\",\"image\":{\"@type\":\"ImageObject\",\"inLanguage\":\"pt-BR\",\"@id\":\"https:\\\/\\\/secure.gravatar.com\\\/avatar\\\/b4327cfa27e9799da239a26adcd534fc29cdc0c4a4a148eecbcfeb9b42c617ac?s=96&d=mm&r=g\",\"url\":\"https:\\\/\\\/secure.gravatar.com\\\/avatar\\\/b4327cfa27e9799da239a26adcd534fc29cdc0c4a4a148eecbcfeb9b42c617ac?s=96&d=mm&r=g\",\"contentUrl\":\"https:\\\/\\\/secure.gravatar.com\\\/avatar\\\/b4327cfa27e9799da239a26adcd534fc29cdc0c4a4a148eecbcfeb9b42c617ac?s=96&d=mm&r=g\",\"caption\":\"Pe. Andr\u00e9\"},\"sameAs\":[\"https:\\\/\\\/www.ecclesia.org.br\"]}]}<\/script>\n<!-- \/ Yoast SEO plugin. -->","yoast_head_json":{"title":"FESTA DA PANAGHIA, DOMINGO, 23 DE AGOSTO | ECCLESIA NEWS","robots":{"index":"index","follow":"follow","max-snippet":"max-snippet:-1","max-image-preview":"max-image-preview:large","max-video-preview":"max-video-preview:-1"},"canonical":"https:\/\/news.ecclesia.org.br\/?p=8038","og_locale":"pt_BR","og_type":"article","og_title":"FESTA DA PANAGHIA, DOMINGO, 23 DE AGOSTO | ECCLESIA NEWS","og_description":"O filme Jimmy\u00b4s Hall (Sal\u00e3o do Jimmy), se passa na Irlanda nos anos de 1930 e conta a hist\u00f3ria de um jovem que procura manter unida a comunidade local atrav\u00e9s do funcionamento de um galp\u00e3o, onde pela manh\u00e3 s\u00e3o ministradas&#8230;","og_url":"https:\/\/news.ecclesia.org.br\/?p=8038","og_site_name":"ECCLESIA NEWS","article_publisher":"https:\/\/www.facebook.com\/Ecclesia2025","article_published_time":"2015-08-19T15:10:20+00:00","og_image":[{"width":640,"height":377,"url":"https:\/\/news.ecclesia.org.br\/wp-content\/uploads\/2015\/07\/comunidade-brasilia-1.jpg","type":"image\/jpeg"}],"author":"Pe. Andr\u00e9","twitter_card":"summary_large_image","twitter_creator":"@EcclesiaNews","twitter_site":"@EcclesiaNews","twitter_misc":{"Escrito por":"Pe. Andr\u00e9","Est. tempo de leitura":"2 minutos"},"schema":{"@context":"https:\/\/schema.org","@graph":[{"@type":"Article","@id":"https:\/\/news.ecclesia.org.br\/?p=8038#article","isPartOf":{"@id":"https:\/\/news.ecclesia.org.br\/?p=8038"},"author":{"name":"Pe. Andr\u00e9","@id":"https:\/\/news.ecclesia.org.br\/#\/schema\/person\/6f09597f025829745ba414a569f63758"},"headline":"FESTA DA PANAGHIA, DOMINGO, 23 DE AGOSTO","datePublished":"2015-08-19T15:10:20+00:00","mainEntityOfPage":{"@id":"https:\/\/news.ecclesia.org.br\/?p=8038"},"wordCount":416,"commentCount":0,"publisher":{"@id":"https:\/\/news.ecclesia.org.br\/#organization"},"image":{"@id":"https:\/\/news.ecclesia.org.br\/?p=8038#primaryimage"},"thumbnailUrl":"https:\/\/news.ecclesia.org.br\/wp-content\/uploads\/2015\/07\/comunidade-brasilia-1.jpg","articleSection":["Arquidiocese de Buenos Aires e Am\u00e9rica do Sul","BRASIL"],"inLanguage":"pt-BR","potentialAction":[{"@type":"CommentAction","name":"Comment","target":["https:\/\/news.ecclesia.org.br\/?p=8038#respond"]}]},{"@type":"WebPage","@id":"https:\/\/news.ecclesia.org.br\/?p=8038","url":"https:\/\/news.ecclesia.org.br\/?p=8038","name":"FESTA DA PANAGHIA, DOMINGO, 23 DE AGOSTO | ECCLESIA NEWS","isPartOf":{"@id":"https:\/\/news.ecclesia.org.br\/#website"},"primaryImageOfPage":{"@id":"https:\/\/news.ecclesia.org.br\/?p=8038#primaryimage"},"image":{"@id":"https:\/\/news.ecclesia.org.br\/?p=8038#primaryimage"},"thumbnailUrl":"https:\/\/news.ecclesia.org.br\/wp-content\/uploads\/2015\/07\/comunidade-brasilia-1.jpg","datePublished":"2015-08-19T15:10:20+00:00","breadcrumb":{"@id":"https:\/\/news.ecclesia.org.br\/?p=8038#breadcrumb"},"inLanguage":"pt-BR","potentialAction":[{"@type":"ReadAction","target":["https:\/\/news.ecclesia.org.br\/?p=8038"]}]},{"@type":"ImageObject","inLanguage":"pt-BR","@id":"https:\/\/news.ecclesia.org.br\/?p=8038#primaryimage","url":"https:\/\/news.ecclesia.org.br\/wp-content\/uploads\/2015\/07\/comunidade-brasilia-1.jpg","contentUrl":"https:\/\/news.ecclesia.org.br\/wp-content\/uploads\/2015\/07\/comunidade-brasilia-1.jpg","width":640,"height":377},{"@type":"BreadcrumbList","@id":"https:\/\/news.ecclesia.org.br\/?p=8038#breadcrumb","itemListElement":[{"@type":"ListItem","position":1,"name":"In\u00edcio","item":"https:\/\/news.ecclesia.org.br\/"},{"@type":"ListItem","position":2,"name":"FESTA DA PANAGHIA, DOMINGO, 23 DE AGOSTO"}]},{"@type":"WebSite","@id":"https:\/\/news.ecclesia.org.br\/#website","url":"https:\/\/news.ecclesia.org.br\/","name":"Ecclesia Brasil","description":"Desde 2003 onectando o Brasil ao mundo ortodoxo!","publisher":{"@id":"https:\/\/news.ecclesia.org.br\/#organization"},"alternateName":"Ecclesia","potentialAction":[{"@type":"SearchAction","target":{"@type":"EntryPoint","urlTemplate":"https:\/\/news.ecclesia.org.br\/?s={search_term_string}"},"query-input":{"@type":"PropertyValueSpecification","valueRequired":true,"valueName":"search_term_string"}}],"inLanguage":"pt-BR"},{"@type":"Organization","@id":"https:\/\/news.ecclesia.org.br\/#organization","name":"Sacra Arquidiocese de Buenos Aires e Am\u00e9rica do Sul | Patriarcado Ecum\u00eanico","alternateName":"News Ecclesia Brasil","url":"https:\/\/news.ecclesia.org.br\/","logo":{"@type":"ImageObject","inLanguage":"pt-BR","@id":"https:\/\/news.ecclesia.org.br\/#\/schema\/logo\/image\/","url":"https:\/\/news.ecclesia.org.br\/wp-content\/uploads\/2025\/05\/ecclesia2.png","contentUrl":"https:\/\/news.ecclesia.org.br\/wp-content\/uploads\/2025\/05\/ecclesia2.png","width":480,"height":120,"caption":"Sacra Arquidiocese de Buenos Aires e Am\u00e9rica do Sul | Patriarcado Ecum\u00eanico"},"image":{"@id":"https:\/\/news.ecclesia.org.br\/#\/schema\/logo\/image\/"},"sameAs":["https:\/\/www.facebook.com\/Ecclesia2025","https:\/\/x.com\/EcclesiaNews","https:\/\/br.pinterest.com\/ekklisia\/","https:\/\/www.youtube.com\/@EcclesiaBrasil"]},{"@type":"Person","@id":"https:\/\/news.ecclesia.org.br\/#\/schema\/person\/6f09597f025829745ba414a569f63758","name":"Pe. Andr\u00e9","image":{"@type":"ImageObject","inLanguage":"pt-BR","@id":"https:\/\/secure.gravatar.com\/avatar\/b4327cfa27e9799da239a26adcd534fc29cdc0c4a4a148eecbcfeb9b42c617ac?s=96&d=mm&r=g","url":"https:\/\/secure.gravatar.com\/avatar\/b4327cfa27e9799da239a26adcd534fc29cdc0c4a4a148eecbcfeb9b42c617ac?s=96&d=mm&r=g","contentUrl":"https:\/\/secure.gravatar.com\/avatar\/b4327cfa27e9799da239a26adcd534fc29cdc0c4a4a148eecbcfeb9b42c617ac?s=96&d=mm&r=g","caption":"Pe. Andr\u00e9"},"sameAs":["https:\/\/www.ecclesia.org.br"]}]}},"_links":{"self":[{"href":"https:\/\/news.ecclesia.org.br\/index.php?rest_route=\/wp\/v2\/posts\/8038","targetHints":{"allow":["GET"]}}],"collection":[{"href":"https:\/\/news.ecclesia.org.br\/index.php?rest_route=\/wp\/v2\/posts"}],"about":[{"href":"https:\/\/news.ecclesia.org.br\/index.php?rest_route=\/wp\/v2\/types\/post"}],"author":[{"embeddable":true,"href":"https:\/\/news.ecclesia.org.br\/index.php?rest_route=\/wp\/v2\/users\/1"}],"replies":[{"embeddable":true,"href":"https:\/\/news.ecclesia.org.br\/index.php?rest_route=%2Fwp%2Fv2%2Fcomments&post=8038"}],"version-history":[{"count":0,"href":"https:\/\/news.ecclesia.org.br\/index.php?rest_route=\/wp\/v2\/posts\/8038\/revisions"}],"wp:featuredmedia":[{"embeddable":true,"href":"https:\/\/news.ecclesia.org.br\/index.php?rest_route=\/wp\/v2\/media\/7894"}],"wp:attachment":[{"href":"https:\/\/news.ecclesia.org.br\/index.php?rest_route=%2Fwp%2Fv2%2Fmedia&parent=8038"}],"wp:term":[{"taxonomy":"category","embeddable":true,"href":"https:\/\/news.ecclesia.org.br\/index.php?rest_route=%2Fwp%2Fv2%2Fcategories&post=8038"},{"taxonomy":"post_tag","embeddable":true,"href":"https:\/\/news.ecclesia.org.br\/index.php?rest_route=%2Fwp%2Fv2%2Ftags&post=8038"}],"curies":[{"name":"wp","href":"https:\/\/api.w.org\/{rel}","templated":true}]}}