{"id":7960,"date":"2015-08-19T00:19:19","date_gmt":"2015-08-19T03:19:19","guid":{"rendered":"http:\/\/www.ecclesia.com.br\/news\/2013\/?p=7960"},"modified":"2016-03-22T01:44:30","modified_gmt":"2016-03-22T01:44:30","slug":"uruguai-no-roteiro-das-oficinas-de-musica-tradicional-grega-bizantina-e-teatro","status":"publish","type":"post","link":"https:\/\/news.ecclesia.org.br\/?p=7960","title":{"rendered":"URUGUAI NO ROTEIRO DAS OFICINAS DE M\u00daSICA TRADICIONAL GREGA, BIZANTINA E TEATRO"},"content":{"rendered":"<p style=\"text-align: justify;\">No primeiro fim de semana de agosto (dias 1 e 2), a comunidade grega do Uruguai recebeu o m\u00fasico grego Nicholas Chaldaiakis, no contexto das Oficinas de M\u00fasica Tradicional Grega, Bizantina e Teatro promovidas pela Arquidiocese Ortodoxa Grega de Buenos Aires e Am\u00e9rica do Sul. Os eventos tiveram in\u00edcio na \u00faltima semana de julho, em Buenos Aires, e seguir\u00e3o acontecendo em algumas das principais cidades da jurisdi\u00e7\u00e3o metropolitana na Am\u00e9rica do Sul. Sobre sua presen\u00e7a no Uruguai, o m\u00fasico e ator Nicholas Chaldaiakis disse que conheceu o Arcebispo Tarasios em Atenas e, em conversa com S. E., surgiu o convite para a realiza\u00e7\u00e3o deste projeto cultural. Sentiu-se ent\u00e3o inspirado e encorajado a responder positivamente ao convite do Metropolita, que nutre a esperan\u00e7a de criar em Buenos Aires uma escola de m\u00fasica tradicional grega e teatro.<\/p>\n<hr \/>\n<h3>Alguns registros fotogr\u00e1ficos das oficinas realizadas nas cidades de Buenos Aires, C\u00f3rdoba (Argentina), \u00a0Santiago (Chile) e Uruguai.<\/h3>\n<div id=\"galleria-7960\"><a href=\"https:\/\/news.ecclesia.org.br\/wp-content\/uploads\/2015\/08\/190820151.jpg\"><img decoding=\"async\" title=\"190820151\" alt=\"\" src=\"https:\/\/news.ecclesia.org.br\/wp-content\/uploads\/2015\/08\/190820151-44x55.jpg\" data-big=\"https:\/\/news.ecclesia.org.br\/wp-content\/uploads\/2015\/08\/190820151.jpg\"><\/a><a href=\"https:\/\/news.ecclesia.org.br\/wp-content\/uploads\/2015\/08\/190820152.jpg\"><img decoding=\"async\" title=\"190820152\" alt=\"\" src=\"https:\/\/news.ecclesia.org.br\/wp-content\/uploads\/2015\/08\/190820152-73x55.jpg\" data-big=\"https:\/\/news.ecclesia.org.br\/wp-content\/uploads\/2015\/08\/190820152.jpg\"><\/a><a href=\"https:\/\/news.ecclesia.org.br\/wp-content\/uploads\/2015\/08\/190820153.jpg\"><img decoding=\"async\" title=\"190820153\" alt=\"\" src=\"https:\/\/news.ecclesia.org.br\/wp-content\/uploads\/2015\/08\/190820153-98x55.jpg\" data-big=\"https:\/\/news.ecclesia.org.br\/wp-content\/uploads\/2015\/08\/190820153.jpg\"><\/a><a href=\"https:\/\/news.ecclesia.org.br\/wp-content\/uploads\/2015\/08\/190820155.jpg\"><img decoding=\"async\" title=\"190820155\" alt=\"\" src=\"https:\/\/news.ecclesia.org.br\/wp-content\/uploads\/2015\/08\/190820155-98x55.jpg\" data-big=\"https:\/\/news.ecclesia.org.br\/wp-content\/uploads\/2015\/08\/190820155.jpg\"><\/a><a href=\"https:\/\/news.ecclesia.org.br\/wp-content\/uploads\/2015\/08\/190820156.jpg\"><img decoding=\"async\" title=\"190820156\" alt=\"\" src=\"https:\/\/news.ecclesia.org.br\/wp-content\/uploads\/2015\/08\/190820156-98x55.jpg\" data-big=\"https:\/\/news.ecclesia.org.br\/wp-content\/uploads\/2015\/08\/190820156.jpg\"><\/a><a href=\"https:\/\/news.ecclesia.org.br\/wp-content\/uploads\/2015\/08\/190820157.jpg\"><img decoding=\"async\" title=\"190820157\" alt=\"\" src=\"https:\/\/news.ecclesia.org.br\/wp-content\/uploads\/2015\/08\/190820157-98x55.jpg\" data-big=\"https:\/\/news.ecclesia.org.br\/wp-content\/uploads\/2015\/08\/190820157.jpg\"><\/a><a href=\"https:\/\/news.ecclesia.org.br\/wp-content\/uploads\/2015\/08\/190820158.jpg\"><img decoding=\"async\" title=\"190820158\" alt=\"\" src=\"https:\/\/news.ecclesia.org.br\/wp-content\/uploads\/2015\/08\/190820158-98x55.jpg\" data-big=\"https:\/\/news.ecclesia.org.br\/wp-content\/uploads\/2015\/08\/190820158.jpg\"><\/a><a href=\"https:\/\/news.ecclesia.org.br\/wp-content\/uploads\/2015\/08\/190820159.jpg\"><img decoding=\"async\" title=\"190820159\" alt=\"\" src=\"https:\/\/news.ecclesia.org.br\/wp-content\/uploads\/2015\/08\/190820159-98x55.jpg\" data-big=\"https:\/\/news.ecclesia.org.br\/wp-content\/uploads\/2015\/08\/190820159.jpg\"><\/a><a href=\"https:\/\/news.ecclesia.org.br\/wp-content\/uploads\/2015\/08\/1908201510.jpg\"><img decoding=\"async\" title=\"1908201510\" alt=\"\" src=\"https:\/\/news.ecclesia.org.br\/wp-content\/uploads\/2015\/08\/1908201510-98x55.jpg\" data-big=\"https:\/\/news.ecclesia.org.br\/wp-content\/uploads\/2015\/08\/1908201510.jpg\"><\/a><a href=\"https:\/\/news.ecclesia.org.br\/wp-content\/uploads\/2015\/08\/1908201511.jpg\"><img decoding=\"async\" title=\"1908201511\" alt=\"\" src=\"https:\/\/news.ecclesia.org.br\/wp-content\/uploads\/2015\/08\/1908201511-98x55.jpg\" data-big=\"https:\/\/news.ecclesia.org.br\/wp-content\/uploads\/2015\/08\/1908201511.jpg\"><\/a><a href=\"https:\/\/news.ecclesia.org.br\/wp-content\/uploads\/2015\/08\/1908201512.jpg\"><img decoding=\"async\" title=\"1908201512\" alt=\"\" src=\"https:\/\/news.ecclesia.org.br\/wp-content\/uploads\/2015\/08\/1908201512-39x55.jpg\" data-big=\"https:\/\/news.ecclesia.org.br\/wp-content\/uploads\/2015\/08\/1908201512.jpg\"><\/a><a href=\"https:\/\/news.ecclesia.org.br\/wp-content\/uploads\/2015\/08\/1908201513.jpg\"><img decoding=\"async\" title=\"1908201513\" alt=\"\" src=\"https:\/\/news.ecclesia.org.br\/wp-content\/uploads\/2015\/08\/1908201513-98x55.jpg\" data-big=\"https:\/\/news.ecclesia.org.br\/wp-content\/uploads\/2015\/08\/1908201513.jpg\"><\/a><\/div>\n<p style=\"text-align: right;\">Fonte: <a href=\"http:\/\/fanarion.blogspot.com.br\/\" target=\"_blank\">Fanarion.Blogspot<\/a><\/p>\n","protected":false},"excerpt":{"rendered":"<p>No primeiro fim de semana de agosto (dias 1 e 2), a comunidade grega do Uruguai recebeu o m\u00fasico grego Nicholas Chaldaiakis, no contexto das Oficinas de M\u00fasica Tradicional Grega, Bizantina e Teatro promovidas pela Arquidiocese Ortodoxa Grega de Buenos&#8230;<\/p>\n","protected":false},"author":1,"featured_media":8004,"comment_status":"open","ping_status":"open","sticky":false,"template":"","format":"standard","meta":{"_acf_changed":false,"footnotes":""},"categories":[40],"tags":[],"class_list":["post-7960","post","type-post","status-publish","format-standard","has-post-thumbnail","hentry","category-arquidiocese-de-buenos-aires-e-america-do-sul","entry","rows-excerpt"],"acf":[],"yoast_head":"<!-- This site is optimized with the Yoast SEO plugin v27.5 - https:\/\/yoast.com\/product\/yoast-seo-wordpress\/ -->\n<title>URUGUAI NO ROTEIRO DAS OFICINAS DE M\u00daSICA TRADICIONAL GREGA, BIZANTINA E TEATRO | ECCLESIA NEWS<\/title>\n<meta name=\"robots\" content=\"index, follow, max-snippet:-1, max-image-preview:large, max-video-preview:-1\" \/>\n<link rel=\"canonical\" href=\"https:\/\/news.ecclesia.org.br\/?p=7960\" \/>\n<meta property=\"og:locale\" content=\"pt_BR\" \/>\n<meta property=\"og:type\" content=\"article\" \/>\n<meta property=\"og:title\" content=\"URUGUAI NO ROTEIRO DAS OFICINAS DE M\u00daSICA TRADICIONAL GREGA, BIZANTINA E TEATRO | ECCLESIA NEWS\" \/>\n<meta property=\"og:description\" content=\"No primeiro fim de semana de agosto (dias 1 e 2), a comunidade grega do Uruguai recebeu o m\u00fasico grego Nicholas Chaldaiakis, no contexto das Oficinas de M\u00fasica Tradicional Grega, Bizantina e Teatro promovidas pela Arquidiocese Ortodoxa Grega de Buenos&#8230;\" \/>\n<meta property=\"og:url\" content=\"https:\/\/news.ecclesia.org.br\/?p=7960\" \/>\n<meta property=\"og:site_name\" content=\"ECCLESIA NEWS\" \/>\n<meta property=\"article:publisher\" content=\"https:\/\/www.facebook.com\/Ecclesia2025\" \/>\n<meta property=\"article:published_time\" content=\"2015-08-19T03:19:19+00:00\" \/>\n<meta property=\"article:modified_time\" content=\"2016-03-22T01:44:30+00:00\" \/>\n<meta property=\"og:image\" content=\"https:\/\/news.ecclesia.org.br\/wp-content\/uploads\/2015\/08\/002-uruguai-1.jpg\" \/>\n\t<meta property=\"og:image:width\" content=\"426\" \/>\n\t<meta property=\"og:image:height\" content=\"449\" \/>\n\t<meta property=\"og:image:type\" content=\"image\/jpeg\" \/>\n<meta name=\"author\" content=\"Pe. Andr\u00e9\" \/>\n<meta name=\"twitter:card\" content=\"summary_large_image\" \/>\n<meta name=\"twitter:creator\" content=\"@EcclesiaNews\" \/>\n<meta name=\"twitter:site\" content=\"@EcclesiaNews\" \/>\n<meta name=\"twitter:label1\" content=\"Escrito por\" \/>\n\t<meta name=\"twitter:data1\" content=\"Pe. Andr\u00e9\" \/>\n\t<meta name=\"twitter:label2\" content=\"Est. tempo de leitura\" \/>\n\t<meta name=\"twitter:data2\" content=\"1 minuto\" \/>\n<script type=\"application\/ld+json\" class=\"yoast-schema-graph\">{\"@context\":\"https:\\\/\\\/schema.org\",\"@graph\":[{\"@type\":\"Article\",\"@id\":\"https:\\\/\\\/news.ecclesia.org.br\\\/?p=7960#article\",\"isPartOf\":{\"@id\":\"https:\\\/\\\/news.ecclesia.org.br\\\/?p=7960\"},\"author\":{\"name\":\"Pe. Andr\u00e9\",\"@id\":\"https:\\\/\\\/news.ecclesia.org.br\\\/#\\\/schema\\\/person\\\/6f09597f025829745ba414a569f63758\"},\"headline\":\"URUGUAI NO ROTEIRO DAS OFICINAS DE M\u00daSICA TRADICIONAL GREGA, BIZANTINA E TEATRO\",\"datePublished\":\"2015-08-19T03:19:19+00:00\",\"dateModified\":\"2016-03-22T01:44:30+00:00\",\"mainEntityOfPage\":{\"@id\":\"https:\\\/\\\/news.ecclesia.org.br\\\/?p=7960\"},\"wordCount\":184,\"commentCount\":0,\"publisher\":{\"@id\":\"https:\\\/\\\/news.ecclesia.org.br\\\/#organization\"},\"image\":{\"@id\":\"https:\\\/\\\/news.ecclesia.org.br\\\/?p=7960#primaryimage\"},\"thumbnailUrl\":\"https:\\\/\\\/news.ecclesia.org.br\\\/wp-content\\\/uploads\\\/2015\\\/08\\\/002-uruguai-1.jpg\",\"articleSection\":[\"Arquidiocese de Buenos Aires e Am\u00e9rica do Sul\"],\"inLanguage\":\"pt-BR\",\"potentialAction\":[{\"@type\":\"CommentAction\",\"name\":\"Comment\",\"target\":[\"https:\\\/\\\/news.ecclesia.org.br\\\/?p=7960#respond\"]}]},{\"@type\":\"WebPage\",\"@id\":\"https:\\\/\\\/news.ecclesia.org.br\\\/?p=7960\",\"url\":\"https:\\\/\\\/news.ecclesia.org.br\\\/?p=7960\",\"name\":\"URUGUAI NO ROTEIRO DAS OFICINAS DE M\u00daSICA TRADICIONAL GREGA, BIZANTINA E TEATRO | ECCLESIA NEWS\",\"isPartOf\":{\"@id\":\"https:\\\/\\\/news.ecclesia.org.br\\\/#website\"},\"primaryImageOfPage\":{\"@id\":\"https:\\\/\\\/news.ecclesia.org.br\\\/?p=7960#primaryimage\"},\"image\":{\"@id\":\"https:\\\/\\\/news.ecclesia.org.br\\\/?p=7960#primaryimage\"},\"thumbnailUrl\":\"https:\\\/\\\/news.ecclesia.org.br\\\/wp-content\\\/uploads\\\/2015\\\/08\\\/002-uruguai-1.jpg\",\"datePublished\":\"2015-08-19T03:19:19+00:00\",\"dateModified\":\"2016-03-22T01:44:30+00:00\",\"breadcrumb\":{\"@id\":\"https:\\\/\\\/news.ecclesia.org.br\\\/?p=7960#breadcrumb\"},\"inLanguage\":\"pt-BR\",\"potentialAction\":[{\"@type\":\"ReadAction\",\"target\":[\"https:\\\/\\\/news.ecclesia.org.br\\\/?p=7960\"]}]},{\"@type\":\"ImageObject\",\"inLanguage\":\"pt-BR\",\"@id\":\"https:\\\/\\\/news.ecclesia.org.br\\\/?p=7960#primaryimage\",\"url\":\"https:\\\/\\\/news.ecclesia.org.br\\\/wp-content\\\/uploads\\\/2015\\\/08\\\/002-uruguai-1.jpg\",\"contentUrl\":\"https:\\\/\\\/news.ecclesia.org.br\\\/wp-content\\\/uploads\\\/2015\\\/08\\\/002-uruguai-1.jpg\",\"width\":426,\"height\":449},{\"@type\":\"BreadcrumbList\",\"@id\":\"https:\\\/\\\/news.ecclesia.org.br\\\/?p=7960#breadcrumb\",\"itemListElement\":[{\"@type\":\"ListItem\",\"position\":1,\"name\":\"In\u00edcio\",\"item\":\"https:\\\/\\\/news.ecclesia.org.br\\\/\"},{\"@type\":\"ListItem\",\"position\":2,\"name\":\"URUGUAI NO ROTEIRO DAS OFICINAS DE M\u00daSICA TRADICIONAL GREGA, BIZANTINA E TEATRO\"}]},{\"@type\":\"WebSite\",\"@id\":\"https:\\\/\\\/news.ecclesia.org.br\\\/#website\",\"url\":\"https:\\\/\\\/news.ecclesia.org.br\\\/\",\"name\":\"Ecclesia Brasil\",\"description\":\"Desde 2003 onectando o Brasil ao mundo ortodoxo!\",\"publisher\":{\"@id\":\"https:\\\/\\\/news.ecclesia.org.br\\\/#organization\"},\"alternateName\":\"Ecclesia\",\"potentialAction\":[{\"@type\":\"SearchAction\",\"target\":{\"@type\":\"EntryPoint\",\"urlTemplate\":\"https:\\\/\\\/news.ecclesia.org.br\\\/?s={search_term_string}\"},\"query-input\":{\"@type\":\"PropertyValueSpecification\",\"valueRequired\":true,\"valueName\":\"search_term_string\"}}],\"inLanguage\":\"pt-BR\"},{\"@type\":\"Organization\",\"@id\":\"https:\\\/\\\/news.ecclesia.org.br\\\/#organization\",\"name\":\"Sacra Arquidiocese de Buenos Aires e Am\u00e9rica do Sul | Patriarcado Ecum\u00eanico\",\"alternateName\":\"News Ecclesia Brasil\",\"url\":\"https:\\\/\\\/news.ecclesia.org.br\\\/\",\"logo\":{\"@type\":\"ImageObject\",\"inLanguage\":\"pt-BR\",\"@id\":\"https:\\\/\\\/news.ecclesia.org.br\\\/#\\\/schema\\\/logo\\\/image\\\/\",\"url\":\"https:\\\/\\\/news.ecclesia.org.br\\\/wp-content\\\/uploads\\\/2025\\\/05\\\/ecclesia2.png\",\"contentUrl\":\"https:\\\/\\\/news.ecclesia.org.br\\\/wp-content\\\/uploads\\\/2025\\\/05\\\/ecclesia2.png\",\"width\":480,\"height\":120,\"caption\":\"Sacra Arquidiocese de Buenos Aires e Am\u00e9rica do Sul | Patriarcado Ecum\u00eanico\"},\"image\":{\"@id\":\"https:\\\/\\\/news.ecclesia.org.br\\\/#\\\/schema\\\/logo\\\/image\\\/\"},\"sameAs\":[\"https:\\\/\\\/www.facebook.com\\\/Ecclesia2025\",\"https:\\\/\\\/x.com\\\/EcclesiaNews\",\"https:\\\/\\\/br.pinterest.com\\\/ekklisia\\\/\",\"https:\\\/\\\/www.youtube.com\\\/@EcclesiaBrasil\"]},{\"@type\":\"Person\",\"@id\":\"https:\\\/\\\/news.ecclesia.org.br\\\/#\\\/schema\\\/person\\\/6f09597f025829745ba414a569f63758\",\"name\":\"Pe. Andr\u00e9\",\"image\":{\"@type\":\"ImageObject\",\"inLanguage\":\"pt-BR\",\"@id\":\"https:\\\/\\\/secure.gravatar.com\\\/avatar\\\/b4327cfa27e9799da239a26adcd534fc29cdc0c4a4a148eecbcfeb9b42c617ac?s=96&d=mm&r=g\",\"url\":\"https:\\\/\\\/secure.gravatar.com\\\/avatar\\\/b4327cfa27e9799da239a26adcd534fc29cdc0c4a4a148eecbcfeb9b42c617ac?s=96&d=mm&r=g\",\"contentUrl\":\"https:\\\/\\\/secure.gravatar.com\\\/avatar\\\/b4327cfa27e9799da239a26adcd534fc29cdc0c4a4a148eecbcfeb9b42c617ac?s=96&d=mm&r=g\",\"caption\":\"Pe. Andr\u00e9\"},\"sameAs\":[\"https:\\\/\\\/www.ecclesia.org.br\"]}]}<\/script>\n<!-- \/ Yoast SEO plugin. -->","yoast_head_json":{"title":"URUGUAI NO ROTEIRO DAS OFICINAS DE M\u00daSICA TRADICIONAL GREGA, BIZANTINA E TEATRO | ECCLESIA NEWS","robots":{"index":"index","follow":"follow","max-snippet":"max-snippet:-1","max-image-preview":"max-image-preview:large","max-video-preview":"max-video-preview:-1"},"canonical":"https:\/\/news.ecclesia.org.br\/?p=7960","og_locale":"pt_BR","og_type":"article","og_title":"URUGUAI NO ROTEIRO DAS OFICINAS DE M\u00daSICA TRADICIONAL GREGA, BIZANTINA E TEATRO | ECCLESIA NEWS","og_description":"No primeiro fim de semana de agosto (dias 1 e 2), a comunidade grega do Uruguai recebeu o m\u00fasico grego Nicholas Chaldaiakis, no contexto das Oficinas de M\u00fasica Tradicional Grega, Bizantina e Teatro promovidas pela Arquidiocese Ortodoxa Grega de Buenos&#8230;","og_url":"https:\/\/news.ecclesia.org.br\/?p=7960","og_site_name":"ECCLESIA NEWS","article_publisher":"https:\/\/www.facebook.com\/Ecclesia2025","article_published_time":"2015-08-19T03:19:19+00:00","article_modified_time":"2016-03-22T01:44:30+00:00","og_image":[{"width":426,"height":449,"url":"https:\/\/news.ecclesia.org.br\/wp-content\/uploads\/2015\/08\/002-uruguai-1.jpg","type":"image\/jpeg"}],"author":"Pe. Andr\u00e9","twitter_card":"summary_large_image","twitter_creator":"@EcclesiaNews","twitter_site":"@EcclesiaNews","twitter_misc":{"Escrito por":"Pe. Andr\u00e9","Est. tempo de leitura":"1 minuto"},"schema":{"@context":"https:\/\/schema.org","@graph":[{"@type":"Article","@id":"https:\/\/news.ecclesia.org.br\/?p=7960#article","isPartOf":{"@id":"https:\/\/news.ecclesia.org.br\/?p=7960"},"author":{"name":"Pe. Andr\u00e9","@id":"https:\/\/news.ecclesia.org.br\/#\/schema\/person\/6f09597f025829745ba414a569f63758"},"headline":"URUGUAI NO ROTEIRO DAS OFICINAS DE M\u00daSICA TRADICIONAL GREGA, BIZANTINA E TEATRO","datePublished":"2015-08-19T03:19:19+00:00","dateModified":"2016-03-22T01:44:30+00:00","mainEntityOfPage":{"@id":"https:\/\/news.ecclesia.org.br\/?p=7960"},"wordCount":184,"commentCount":0,"publisher":{"@id":"https:\/\/news.ecclesia.org.br\/#organization"},"image":{"@id":"https:\/\/news.ecclesia.org.br\/?p=7960#primaryimage"},"thumbnailUrl":"https:\/\/news.ecclesia.org.br\/wp-content\/uploads\/2015\/08\/002-uruguai-1.jpg","articleSection":["Arquidiocese de Buenos Aires e Am\u00e9rica do Sul"],"inLanguage":"pt-BR","potentialAction":[{"@type":"CommentAction","name":"Comment","target":["https:\/\/news.ecclesia.org.br\/?p=7960#respond"]}]},{"@type":"WebPage","@id":"https:\/\/news.ecclesia.org.br\/?p=7960","url":"https:\/\/news.ecclesia.org.br\/?p=7960","name":"URUGUAI NO ROTEIRO DAS OFICINAS DE M\u00daSICA TRADICIONAL GREGA, BIZANTINA E TEATRO | ECCLESIA NEWS","isPartOf":{"@id":"https:\/\/news.ecclesia.org.br\/#website"},"primaryImageOfPage":{"@id":"https:\/\/news.ecclesia.org.br\/?p=7960#primaryimage"},"image":{"@id":"https:\/\/news.ecclesia.org.br\/?p=7960#primaryimage"},"thumbnailUrl":"https:\/\/news.ecclesia.org.br\/wp-content\/uploads\/2015\/08\/002-uruguai-1.jpg","datePublished":"2015-08-19T03:19:19+00:00","dateModified":"2016-03-22T01:44:30+00:00","breadcrumb":{"@id":"https:\/\/news.ecclesia.org.br\/?p=7960#breadcrumb"},"inLanguage":"pt-BR","potentialAction":[{"@type":"ReadAction","target":["https:\/\/news.ecclesia.org.br\/?p=7960"]}]},{"@type":"ImageObject","inLanguage":"pt-BR","@id":"https:\/\/news.ecclesia.org.br\/?p=7960#primaryimage","url":"https:\/\/news.ecclesia.org.br\/wp-content\/uploads\/2015\/08\/002-uruguai-1.jpg","contentUrl":"https:\/\/news.ecclesia.org.br\/wp-content\/uploads\/2015\/08\/002-uruguai-1.jpg","width":426,"height":449},{"@type":"BreadcrumbList","@id":"https:\/\/news.ecclesia.org.br\/?p=7960#breadcrumb","itemListElement":[{"@type":"ListItem","position":1,"name":"In\u00edcio","item":"https:\/\/news.ecclesia.org.br\/"},{"@type":"ListItem","position":2,"name":"URUGUAI NO ROTEIRO DAS OFICINAS DE M\u00daSICA TRADICIONAL GREGA, BIZANTINA E TEATRO"}]},{"@type":"WebSite","@id":"https:\/\/news.ecclesia.org.br\/#website","url":"https:\/\/news.ecclesia.org.br\/","name":"Ecclesia Brasil","description":"Desde 2003 onectando o Brasil ao mundo ortodoxo!","publisher":{"@id":"https:\/\/news.ecclesia.org.br\/#organization"},"alternateName":"Ecclesia","potentialAction":[{"@type":"SearchAction","target":{"@type":"EntryPoint","urlTemplate":"https:\/\/news.ecclesia.org.br\/?s={search_term_string}"},"query-input":{"@type":"PropertyValueSpecification","valueRequired":true,"valueName":"search_term_string"}}],"inLanguage":"pt-BR"},{"@type":"Organization","@id":"https:\/\/news.ecclesia.org.br\/#organization","name":"Sacra Arquidiocese de Buenos Aires e Am\u00e9rica do Sul | Patriarcado Ecum\u00eanico","alternateName":"News Ecclesia Brasil","url":"https:\/\/news.ecclesia.org.br\/","logo":{"@type":"ImageObject","inLanguage":"pt-BR","@id":"https:\/\/news.ecclesia.org.br\/#\/schema\/logo\/image\/","url":"https:\/\/news.ecclesia.org.br\/wp-content\/uploads\/2025\/05\/ecclesia2.png","contentUrl":"https:\/\/news.ecclesia.org.br\/wp-content\/uploads\/2025\/05\/ecclesia2.png","width":480,"height":120,"caption":"Sacra Arquidiocese de Buenos Aires e Am\u00e9rica do Sul | Patriarcado Ecum\u00eanico"},"image":{"@id":"https:\/\/news.ecclesia.org.br\/#\/schema\/logo\/image\/"},"sameAs":["https:\/\/www.facebook.com\/Ecclesia2025","https:\/\/x.com\/EcclesiaNews","https:\/\/br.pinterest.com\/ekklisia\/","https:\/\/www.youtube.com\/@EcclesiaBrasil"]},{"@type":"Person","@id":"https:\/\/news.ecclesia.org.br\/#\/schema\/person\/6f09597f025829745ba414a569f63758","name":"Pe. Andr\u00e9","image":{"@type":"ImageObject","inLanguage":"pt-BR","@id":"https:\/\/secure.gravatar.com\/avatar\/b4327cfa27e9799da239a26adcd534fc29cdc0c4a4a148eecbcfeb9b42c617ac?s=96&d=mm&r=g","url":"https:\/\/secure.gravatar.com\/avatar\/b4327cfa27e9799da239a26adcd534fc29cdc0c4a4a148eecbcfeb9b42c617ac?s=96&d=mm&r=g","contentUrl":"https:\/\/secure.gravatar.com\/avatar\/b4327cfa27e9799da239a26adcd534fc29cdc0c4a4a148eecbcfeb9b42c617ac?s=96&d=mm&r=g","caption":"Pe. Andr\u00e9"},"sameAs":["https:\/\/www.ecclesia.org.br"]}]}},"_links":{"self":[{"href":"https:\/\/news.ecclesia.org.br\/index.php?rest_route=\/wp\/v2\/posts\/7960","targetHints":{"allow":["GET"]}}],"collection":[{"href":"https:\/\/news.ecclesia.org.br\/index.php?rest_route=\/wp\/v2\/posts"}],"about":[{"href":"https:\/\/news.ecclesia.org.br\/index.php?rest_route=\/wp\/v2\/types\/post"}],"author":[{"embeddable":true,"href":"https:\/\/news.ecclesia.org.br\/index.php?rest_route=\/wp\/v2\/users\/1"}],"replies":[{"embeddable":true,"href":"https:\/\/news.ecclesia.org.br\/index.php?rest_route=%2Fwp%2Fv2%2Fcomments&post=7960"}],"version-history":[{"count":0,"href":"https:\/\/news.ecclesia.org.br\/index.php?rest_route=\/wp\/v2\/posts\/7960\/revisions"}],"wp:featuredmedia":[{"embeddable":true,"href":"https:\/\/news.ecclesia.org.br\/index.php?rest_route=\/wp\/v2\/media\/8004"}],"wp:attachment":[{"href":"https:\/\/news.ecclesia.org.br\/index.php?rest_route=%2Fwp%2Fv2%2Fmedia&parent=7960"}],"wp:term":[{"taxonomy":"category","embeddable":true,"href":"https:\/\/news.ecclesia.org.br\/index.php?rest_route=%2Fwp%2Fv2%2Fcategories&post=7960"},{"taxonomy":"post_tag","embeddable":true,"href":"https:\/\/news.ecclesia.org.br\/index.php?rest_route=%2Fwp%2Fv2%2Ftags&post=7960"}],"curies":[{"name":"wp","href":"https:\/\/api.w.org\/{rel}","templated":true}]}}