{"id":7914,"date":"2015-07-22T09:47:26","date_gmt":"2015-07-22T12:47:26","guid":{"rendered":"http:\/\/www.ecclesia.com.br\/news\/2013\/?p=7914"},"modified":"2016-03-22T02:01:21","modified_gmt":"2016-03-22T02:01:21","slug":"alocucao-do-patriarca-ecumenico-bartolomeu-cupula-das-consciencias-pelo-clima","status":"publish","type":"post","link":"https:\/\/news.ecclesia.org.br\/?p=7914","title":{"rendered":"Alocu\u00e7\u00e3o do Patriarca Ecum\u00eanico Bartolomeu na \u00abC\u00fapula das Consci\u00eancias sobre o Clima\u00bb"},"content":{"rendered":"<p style=\"text-align: justify;\"><a href=\"https:\/\/news.ecclesia.org.br\/2013\/wp-content\/uploads\/2015\/07\/001.jpg\" rel=\"attachment wp-att-18362\"><img decoding=\"async\" class=\"alignleft size-medium wp-image-18362\" src=\"https:\/\/news.ecclesia.org.br\/2013\/wp-content\/uploads\/2015\/07\/001-300x136.jpg\" alt=\"001\" width=\"300\" height=\"136\" srcset=\"https:\/\/news.ecclesia.org.br\/wp-content\/uploads\/2015\/07\/001-300x136.jpg 300w, https:\/\/news.ecclesia.org.br\/wp-content\/uploads\/2015\/07\/001-768x348.jpg 768w, https:\/\/news.ecclesia.org.br\/wp-content\/uploads\/2015\/07\/001-1024x463.jpg 1024w, https:\/\/news.ecclesia.org.br\/wp-content\/uploads\/2015\/07\/001-600x272.jpg 600w, https:\/\/news.ecclesia.org.br\/wp-content\/uploads\/2015\/07\/001-122x55.jpg 122w, https:\/\/news.ecclesia.org.br\/wp-content\/uploads\/2015\/07\/001.jpg 1200w\" sizes=\"(max-width: 300px) 100vw, 300px\" \/><\/a>Sua Santidade Bartolomeu I, Patriarca Ecum\u00eanico de Constantinopla, desembarcou na manh\u00e3 desta segunda-feira, 20 de julho, em Paris, onde participou\u00a0\u00a0da\u00a0\u00abC\u00fapula das Consci\u00eancias sobre o clima\u00bb. O evento \u00e9 uma\u00a0iniciativa de Nicolas Hulot, e mobiliza mais de 40 personalidades de influ\u00eancia mundial na capital francesa de\u00a0onde foi lan\u00e7ado\u00a0um apelo comum pela luta contra o aquecimento global e suas causas.\u00a0A c\u00fapula aconteceu na sede do Conselho Ecum\u00eanico, Social e Ambiental. Sua Santidade\u00a0fez\u00a0a abertura dos discursos da \u201cSess\u00e3o introdut\u00f3ria\u201d, tendo por tema \u201cWhy we should care\u201d, que reuniu\u00a0reflex\u00f5es feitas por muitas e renomadas personalidades, em resson\u00e2ncia com o tema geral da c\u00fapula \u201cO clima? Porque eu me preocupo\u201d. \u00a0Em sua chegada a\u00a0Paris, na segunda-feira, Bartolomeu I\u00a0encontrou-se durante o dia com Dom Job Telmessos e, mais tarde, \u00e0 noite, participou, com outros convidados, de um jantar no <em>Palais de l&#8217;\u00c9lys\u00e9e<\/em>, resid\u00eancia oficial do presidente da Rep\u00fablica Francesa, em Paris, oferecido pelo presidente Fran\u00e7ois Hollande.\u00a0O texto completo do\u00a0pronunciamento de S. Santidade (em franc\u00eas) pode ser acessado <a href=\"https:\/\/www.patriarchate.org\/-\/allocution-de-sa-saintete-le-patriarche-cumenique-bartholomee-sommet-des-consciences-pour-le-climat-?redirect=https%3A%2F%2Fwww.patriarchate.org%2Fhome%3Fp_p_id%3D101_INSTANCE_03OPCWysZcX6%26p_p_lifecycle%3D0%26p_p_state%3Dnormal%26p_p_mode%3Dview%26p_p_col_id%3Dcolumn-1%26p_p_col_pos%3D1%26p_p_col_count%3D2\" target=\"_blank\">AQUI<\/a>, no site do Patriarcado Ecum\u00eanico.<\/p>\n<p style=\"text-align: right;\"><strong>Fonte<\/strong>: <a href=\"https:\/\/www.patriarchate.org\/home\" target=\"_blank\">Site do Patriarcado Ecum\u00eanico<\/a><\/p>\n","protected":false},"excerpt":{"rendered":"<p>Sua Santidade Bartolomeu I, Patriarca Ecum\u00eanico de Constantinopla, desembarcou na manh\u00e3 desta segunda-feira, 20 de julho, em Paris, onde participou\u00a0\u00a0da\u00a0\u00abC\u00fapula das Consci\u00eancias sobre o clima\u00bb. O evento \u00e9 uma\u00a0iniciativa de Nicolas Hulot, e mobiliza mais de 40 personalidades de influ\u00eancia&#8230;<\/p>\n","protected":false},"author":1,"featured_media":7915,"comment_status":"open","ping_status":"open","sticky":false,"template":"","format":"standard","meta":{"_acf_changed":false,"footnotes":""},"categories":[3,72],"tags":[],"class_list":["post-7914","post","type-post","status-publish","format-standard","has-post-thumbnail","hentry","category-mundo","category-patriarcado-ecumenico","entry","rows-excerpt"],"acf":[],"yoast_head":"<!-- This site is optimized with the Yoast SEO plugin v27.4 - https:\/\/yoast.com\/product\/yoast-seo-wordpress\/ -->\n<title>Alocu\u00e7\u00e3o do Patriarca Ecum\u00eanico Bartolomeu na \u00abC\u00fapula das Consci\u00eancias sobre o Clima\u00bb | ECCLESIA NEWS<\/title>\n<meta name=\"robots\" content=\"index, follow, max-snippet:-1, max-image-preview:large, max-video-preview:-1\" \/>\n<link rel=\"canonical\" href=\"https:\/\/news.ecclesia.org.br\/?p=7914\" \/>\n<meta property=\"og:locale\" content=\"pt_BR\" \/>\n<meta property=\"og:type\" content=\"article\" \/>\n<meta property=\"og:title\" content=\"Alocu\u00e7\u00e3o do Patriarca Ecum\u00eanico Bartolomeu na \u00abC\u00fapula das Consci\u00eancias sobre o Clima\u00bb | ECCLESIA NEWS\" \/>\n<meta property=\"og:description\" content=\"Sua Santidade Bartolomeu I, Patriarca Ecum\u00eanico de Constantinopla, desembarcou na manh\u00e3 desta segunda-feira, 20 de julho, em Paris, onde participou\u00a0\u00a0da\u00a0\u00abC\u00fapula das Consci\u00eancias sobre o clima\u00bb. O evento \u00e9 uma\u00a0iniciativa de Nicolas Hulot, e mobiliza mais de 40 personalidades de influ\u00eancia&#8230;\" \/>\n<meta property=\"og:url\" content=\"https:\/\/news.ecclesia.org.br\/?p=7914\" \/>\n<meta property=\"og:site_name\" content=\"ECCLESIA NEWS\" \/>\n<meta property=\"article:publisher\" content=\"https:\/\/www.facebook.com\/Ecclesia2025\" \/>\n<meta property=\"article:published_time\" content=\"2015-07-22T12:47:26+00:00\" \/>\n<meta property=\"article:modified_time\" content=\"2016-03-22T02:01:21+00:00\" \/>\n<meta property=\"og:image\" content=\"https:\/\/news.ecclesia.org.br\/wp-content\/uploads\/2015\/07\/news-2015-07-22-1.jpg\" \/>\n\t<meta property=\"og:image:width\" content=\"800\" \/>\n\t<meta property=\"og:image:height\" content=\"400\" \/>\n\t<meta property=\"og:image:type\" content=\"image\/jpeg\" \/>\n<meta name=\"author\" content=\"Pe. Andr\u00e9\" \/>\n<meta name=\"twitter:card\" content=\"summary_large_image\" \/>\n<meta name=\"twitter:creator\" content=\"@EcclesiaNews\" \/>\n<meta name=\"twitter:site\" content=\"@EcclesiaNews\" \/>\n<meta name=\"twitter:label1\" content=\"Escrito por\" \/>\n\t<meta name=\"twitter:data1\" content=\"Pe. Andr\u00e9\" \/>\n\t<meta name=\"twitter:label2\" content=\"Est. tempo de leitura\" \/>\n\t<meta name=\"twitter:data2\" content=\"1 minuto\" \/>\n<script type=\"application\/ld+json\" class=\"yoast-schema-graph\">{\"@context\":\"https:\\\/\\\/schema.org\",\"@graph\":[{\"@type\":\"Article\",\"@id\":\"https:\\\/\\\/news.ecclesia.org.br\\\/?p=7914#article\",\"isPartOf\":{\"@id\":\"https:\\\/\\\/news.ecclesia.org.br\\\/?p=7914\"},\"author\":{\"name\":\"Pe. Andr\u00e9\",\"@id\":\"https:\\\/\\\/news.ecclesia.org.br\\\/#\\\/schema\\\/person\\\/6f09597f025829745ba414a569f63758\"},\"headline\":\"Alocu\u00e7\u00e3o do Patriarca Ecum\u00eanico Bartolomeu na \u00abC\u00fapula das Consci\u00eancias sobre o Clima\u00bb\",\"datePublished\":\"2015-07-22T12:47:26+00:00\",\"dateModified\":\"2016-03-22T02:01:21+00:00\",\"mainEntityOfPage\":{\"@id\":\"https:\\\/\\\/news.ecclesia.org.br\\\/?p=7914\"},\"wordCount\":217,\"commentCount\":1,\"publisher\":{\"@id\":\"https:\\\/\\\/news.ecclesia.org.br\\\/#organization\"},\"image\":{\"@id\":\"https:\\\/\\\/news.ecclesia.org.br\\\/?p=7914#primaryimage\"},\"thumbnailUrl\":\"https:\\\/\\\/news.ecclesia.org.br\\\/wp-content\\\/uploads\\\/2015\\\/07\\\/news-2015-07-22-1.jpg\",\"articleSection\":[\"Mundo Ortodoxo\",\"Patriarcado Ecum\u00eanico\"],\"inLanguage\":\"pt-BR\",\"potentialAction\":[{\"@type\":\"CommentAction\",\"name\":\"Comment\",\"target\":[\"https:\\\/\\\/news.ecclesia.org.br\\\/?p=7914#respond\"]}]},{\"@type\":\"WebPage\",\"@id\":\"https:\\\/\\\/news.ecclesia.org.br\\\/?p=7914\",\"url\":\"https:\\\/\\\/news.ecclesia.org.br\\\/?p=7914\",\"name\":\"Alocu\u00e7\u00e3o do Patriarca Ecum\u00eanico Bartolomeu na \u00abC\u00fapula das Consci\u00eancias sobre o Clima\u00bb | ECCLESIA NEWS\",\"isPartOf\":{\"@id\":\"https:\\\/\\\/news.ecclesia.org.br\\\/#website\"},\"primaryImageOfPage\":{\"@id\":\"https:\\\/\\\/news.ecclesia.org.br\\\/?p=7914#primaryimage\"},\"image\":{\"@id\":\"https:\\\/\\\/news.ecclesia.org.br\\\/?p=7914#primaryimage\"},\"thumbnailUrl\":\"https:\\\/\\\/news.ecclesia.org.br\\\/wp-content\\\/uploads\\\/2015\\\/07\\\/news-2015-07-22-1.jpg\",\"datePublished\":\"2015-07-22T12:47:26+00:00\",\"dateModified\":\"2016-03-22T02:01:21+00:00\",\"breadcrumb\":{\"@id\":\"https:\\\/\\\/news.ecclesia.org.br\\\/?p=7914#breadcrumb\"},\"inLanguage\":\"pt-BR\",\"potentialAction\":[{\"@type\":\"ReadAction\",\"target\":[\"https:\\\/\\\/news.ecclesia.org.br\\\/?p=7914\"]}]},{\"@type\":\"ImageObject\",\"inLanguage\":\"pt-BR\",\"@id\":\"https:\\\/\\\/news.ecclesia.org.br\\\/?p=7914#primaryimage\",\"url\":\"https:\\\/\\\/news.ecclesia.org.br\\\/wp-content\\\/uploads\\\/2015\\\/07\\\/news-2015-07-22-1.jpg\",\"contentUrl\":\"https:\\\/\\\/news.ecclesia.org.br\\\/wp-content\\\/uploads\\\/2015\\\/07\\\/news-2015-07-22-1.jpg\",\"width\":800,\"height\":400},{\"@type\":\"BreadcrumbList\",\"@id\":\"https:\\\/\\\/news.ecclesia.org.br\\\/?p=7914#breadcrumb\",\"itemListElement\":[{\"@type\":\"ListItem\",\"position\":1,\"name\":\"In\u00edcio\",\"item\":\"https:\\\/\\\/news.ecclesia.org.br\\\/\"},{\"@type\":\"ListItem\",\"position\":2,\"name\":\"Alocu\u00e7\u00e3o do Patriarca Ecum\u00eanico Bartolomeu na \u00abC\u00fapula das Consci\u00eancias sobre o Clima\u00bb\"}]},{\"@type\":\"WebSite\",\"@id\":\"https:\\\/\\\/news.ecclesia.org.br\\\/#website\",\"url\":\"https:\\\/\\\/news.ecclesia.org.br\\\/\",\"name\":\"Ecclesia Brasil\",\"description\":\"Desde 2003 onectando o Brasil ao mundo ortodoxo!\",\"publisher\":{\"@id\":\"https:\\\/\\\/news.ecclesia.org.br\\\/#organization\"},\"alternateName\":\"Ecclesia\",\"potentialAction\":[{\"@type\":\"SearchAction\",\"target\":{\"@type\":\"EntryPoint\",\"urlTemplate\":\"https:\\\/\\\/news.ecclesia.org.br\\\/?s={search_term_string}\"},\"query-input\":{\"@type\":\"PropertyValueSpecification\",\"valueRequired\":true,\"valueName\":\"search_term_string\"}}],\"inLanguage\":\"pt-BR\"},{\"@type\":\"Organization\",\"@id\":\"https:\\\/\\\/news.ecclesia.org.br\\\/#organization\",\"name\":\"Sacra Arquidiocese de Buenos Aires e Am\u00e9rica do Sul | Patriarcado Ecum\u00eanico\",\"alternateName\":\"News Ecclesia Brasil\",\"url\":\"https:\\\/\\\/news.ecclesia.org.br\\\/\",\"logo\":{\"@type\":\"ImageObject\",\"inLanguage\":\"pt-BR\",\"@id\":\"https:\\\/\\\/news.ecclesia.org.br\\\/#\\\/schema\\\/logo\\\/image\\\/\",\"url\":\"https:\\\/\\\/news.ecclesia.org.br\\\/wp-content\\\/uploads\\\/2025\\\/05\\\/ecclesia2.png\",\"contentUrl\":\"https:\\\/\\\/news.ecclesia.org.br\\\/wp-content\\\/uploads\\\/2025\\\/05\\\/ecclesia2.png\",\"width\":480,\"height\":120,\"caption\":\"Sacra Arquidiocese de Buenos Aires e Am\u00e9rica do Sul | Patriarcado Ecum\u00eanico\"},\"image\":{\"@id\":\"https:\\\/\\\/news.ecclesia.org.br\\\/#\\\/schema\\\/logo\\\/image\\\/\"},\"sameAs\":[\"https:\\\/\\\/www.facebook.com\\\/Ecclesia2025\",\"https:\\\/\\\/x.com\\\/EcclesiaNews\",\"https:\\\/\\\/br.pinterest.com\\\/ekklisia\\\/\",\"https:\\\/\\\/www.youtube.com\\\/@EcclesiaBrasil\"]},{\"@type\":\"Person\",\"@id\":\"https:\\\/\\\/news.ecclesia.org.br\\\/#\\\/schema\\\/person\\\/6f09597f025829745ba414a569f63758\",\"name\":\"Pe. Andr\u00e9\",\"image\":{\"@type\":\"ImageObject\",\"inLanguage\":\"pt-BR\",\"@id\":\"https:\\\/\\\/secure.gravatar.com\\\/avatar\\\/b4327cfa27e9799da239a26adcd534fc29cdc0c4a4a148eecbcfeb9b42c617ac?s=96&d=mm&r=g\",\"url\":\"https:\\\/\\\/secure.gravatar.com\\\/avatar\\\/b4327cfa27e9799da239a26adcd534fc29cdc0c4a4a148eecbcfeb9b42c617ac?s=96&d=mm&r=g\",\"contentUrl\":\"https:\\\/\\\/secure.gravatar.com\\\/avatar\\\/b4327cfa27e9799da239a26adcd534fc29cdc0c4a4a148eecbcfeb9b42c617ac?s=96&d=mm&r=g\",\"caption\":\"Pe. Andr\u00e9\"},\"sameAs\":[\"https:\\\/\\\/www.ecclesia.org.br\"]}]}<\/script>\n<!-- \/ Yoast SEO plugin. -->","yoast_head_json":{"title":"Alocu\u00e7\u00e3o do Patriarca Ecum\u00eanico Bartolomeu na \u00abC\u00fapula das Consci\u00eancias sobre o Clima\u00bb | ECCLESIA NEWS","robots":{"index":"index","follow":"follow","max-snippet":"max-snippet:-1","max-image-preview":"max-image-preview:large","max-video-preview":"max-video-preview:-1"},"canonical":"https:\/\/news.ecclesia.org.br\/?p=7914","og_locale":"pt_BR","og_type":"article","og_title":"Alocu\u00e7\u00e3o do Patriarca Ecum\u00eanico Bartolomeu na \u00abC\u00fapula das Consci\u00eancias sobre o Clima\u00bb | ECCLESIA NEWS","og_description":"Sua Santidade Bartolomeu I, Patriarca Ecum\u00eanico de Constantinopla, desembarcou na manh\u00e3 desta segunda-feira, 20 de julho, em Paris, onde participou\u00a0\u00a0da\u00a0\u00abC\u00fapula das Consci\u00eancias sobre o clima\u00bb. O evento \u00e9 uma\u00a0iniciativa de Nicolas Hulot, e mobiliza mais de 40 personalidades de influ\u00eancia&#8230;","og_url":"https:\/\/news.ecclesia.org.br\/?p=7914","og_site_name":"ECCLESIA NEWS","article_publisher":"https:\/\/www.facebook.com\/Ecclesia2025","article_published_time":"2015-07-22T12:47:26+00:00","article_modified_time":"2016-03-22T02:01:21+00:00","og_image":[{"width":800,"height":400,"url":"https:\/\/news.ecclesia.org.br\/wp-content\/uploads\/2015\/07\/news-2015-07-22-1.jpg","type":"image\/jpeg"}],"author":"Pe. Andr\u00e9","twitter_card":"summary_large_image","twitter_creator":"@EcclesiaNews","twitter_site":"@EcclesiaNews","twitter_misc":{"Escrito por":"Pe. Andr\u00e9","Est. tempo de leitura":"1 minuto"},"schema":{"@context":"https:\/\/schema.org","@graph":[{"@type":"Article","@id":"https:\/\/news.ecclesia.org.br\/?p=7914#article","isPartOf":{"@id":"https:\/\/news.ecclesia.org.br\/?p=7914"},"author":{"name":"Pe. Andr\u00e9","@id":"https:\/\/news.ecclesia.org.br\/#\/schema\/person\/6f09597f025829745ba414a569f63758"},"headline":"Alocu\u00e7\u00e3o do Patriarca Ecum\u00eanico Bartolomeu na \u00abC\u00fapula das Consci\u00eancias sobre o Clima\u00bb","datePublished":"2015-07-22T12:47:26+00:00","dateModified":"2016-03-22T02:01:21+00:00","mainEntityOfPage":{"@id":"https:\/\/news.ecclesia.org.br\/?p=7914"},"wordCount":217,"commentCount":1,"publisher":{"@id":"https:\/\/news.ecclesia.org.br\/#organization"},"image":{"@id":"https:\/\/news.ecclesia.org.br\/?p=7914#primaryimage"},"thumbnailUrl":"https:\/\/news.ecclesia.org.br\/wp-content\/uploads\/2015\/07\/news-2015-07-22-1.jpg","articleSection":["Mundo Ortodoxo","Patriarcado Ecum\u00eanico"],"inLanguage":"pt-BR","potentialAction":[{"@type":"CommentAction","name":"Comment","target":["https:\/\/news.ecclesia.org.br\/?p=7914#respond"]}]},{"@type":"WebPage","@id":"https:\/\/news.ecclesia.org.br\/?p=7914","url":"https:\/\/news.ecclesia.org.br\/?p=7914","name":"Alocu\u00e7\u00e3o do Patriarca Ecum\u00eanico Bartolomeu na \u00abC\u00fapula das Consci\u00eancias sobre o Clima\u00bb | ECCLESIA NEWS","isPartOf":{"@id":"https:\/\/news.ecclesia.org.br\/#website"},"primaryImageOfPage":{"@id":"https:\/\/news.ecclesia.org.br\/?p=7914#primaryimage"},"image":{"@id":"https:\/\/news.ecclesia.org.br\/?p=7914#primaryimage"},"thumbnailUrl":"https:\/\/news.ecclesia.org.br\/wp-content\/uploads\/2015\/07\/news-2015-07-22-1.jpg","datePublished":"2015-07-22T12:47:26+00:00","dateModified":"2016-03-22T02:01:21+00:00","breadcrumb":{"@id":"https:\/\/news.ecclesia.org.br\/?p=7914#breadcrumb"},"inLanguage":"pt-BR","potentialAction":[{"@type":"ReadAction","target":["https:\/\/news.ecclesia.org.br\/?p=7914"]}]},{"@type":"ImageObject","inLanguage":"pt-BR","@id":"https:\/\/news.ecclesia.org.br\/?p=7914#primaryimage","url":"https:\/\/news.ecclesia.org.br\/wp-content\/uploads\/2015\/07\/news-2015-07-22-1.jpg","contentUrl":"https:\/\/news.ecclesia.org.br\/wp-content\/uploads\/2015\/07\/news-2015-07-22-1.jpg","width":800,"height":400},{"@type":"BreadcrumbList","@id":"https:\/\/news.ecclesia.org.br\/?p=7914#breadcrumb","itemListElement":[{"@type":"ListItem","position":1,"name":"In\u00edcio","item":"https:\/\/news.ecclesia.org.br\/"},{"@type":"ListItem","position":2,"name":"Alocu\u00e7\u00e3o do Patriarca Ecum\u00eanico Bartolomeu na \u00abC\u00fapula das Consci\u00eancias sobre o Clima\u00bb"}]},{"@type":"WebSite","@id":"https:\/\/news.ecclesia.org.br\/#website","url":"https:\/\/news.ecclesia.org.br\/","name":"Ecclesia Brasil","description":"Desde 2003 onectando o Brasil ao mundo ortodoxo!","publisher":{"@id":"https:\/\/news.ecclesia.org.br\/#organization"},"alternateName":"Ecclesia","potentialAction":[{"@type":"SearchAction","target":{"@type":"EntryPoint","urlTemplate":"https:\/\/news.ecclesia.org.br\/?s={search_term_string}"},"query-input":{"@type":"PropertyValueSpecification","valueRequired":true,"valueName":"search_term_string"}}],"inLanguage":"pt-BR"},{"@type":"Organization","@id":"https:\/\/news.ecclesia.org.br\/#organization","name":"Sacra Arquidiocese de Buenos Aires e Am\u00e9rica do Sul | Patriarcado Ecum\u00eanico","alternateName":"News Ecclesia Brasil","url":"https:\/\/news.ecclesia.org.br\/","logo":{"@type":"ImageObject","inLanguage":"pt-BR","@id":"https:\/\/news.ecclesia.org.br\/#\/schema\/logo\/image\/","url":"https:\/\/news.ecclesia.org.br\/wp-content\/uploads\/2025\/05\/ecclesia2.png","contentUrl":"https:\/\/news.ecclesia.org.br\/wp-content\/uploads\/2025\/05\/ecclesia2.png","width":480,"height":120,"caption":"Sacra Arquidiocese de Buenos Aires e Am\u00e9rica do Sul | Patriarcado Ecum\u00eanico"},"image":{"@id":"https:\/\/news.ecclesia.org.br\/#\/schema\/logo\/image\/"},"sameAs":["https:\/\/www.facebook.com\/Ecclesia2025","https:\/\/x.com\/EcclesiaNews","https:\/\/br.pinterest.com\/ekklisia\/","https:\/\/www.youtube.com\/@EcclesiaBrasil"]},{"@type":"Person","@id":"https:\/\/news.ecclesia.org.br\/#\/schema\/person\/6f09597f025829745ba414a569f63758","name":"Pe. Andr\u00e9","image":{"@type":"ImageObject","inLanguage":"pt-BR","@id":"https:\/\/secure.gravatar.com\/avatar\/b4327cfa27e9799da239a26adcd534fc29cdc0c4a4a148eecbcfeb9b42c617ac?s=96&d=mm&r=g","url":"https:\/\/secure.gravatar.com\/avatar\/b4327cfa27e9799da239a26adcd534fc29cdc0c4a4a148eecbcfeb9b42c617ac?s=96&d=mm&r=g","contentUrl":"https:\/\/secure.gravatar.com\/avatar\/b4327cfa27e9799da239a26adcd534fc29cdc0c4a4a148eecbcfeb9b42c617ac?s=96&d=mm&r=g","caption":"Pe. Andr\u00e9"},"sameAs":["https:\/\/www.ecclesia.org.br"]}]}},"_links":{"self":[{"href":"https:\/\/news.ecclesia.org.br\/index.php?rest_route=\/wp\/v2\/posts\/7914","targetHints":{"allow":["GET"]}}],"collection":[{"href":"https:\/\/news.ecclesia.org.br\/index.php?rest_route=\/wp\/v2\/posts"}],"about":[{"href":"https:\/\/news.ecclesia.org.br\/index.php?rest_route=\/wp\/v2\/types\/post"}],"author":[{"embeddable":true,"href":"https:\/\/news.ecclesia.org.br\/index.php?rest_route=\/wp\/v2\/users\/1"}],"replies":[{"embeddable":true,"href":"https:\/\/news.ecclesia.org.br\/index.php?rest_route=%2Fwp%2Fv2%2Fcomments&post=7914"}],"version-history":[{"count":0,"href":"https:\/\/news.ecclesia.org.br\/index.php?rest_route=\/wp\/v2\/posts\/7914\/revisions"}],"wp:featuredmedia":[{"embeddable":true,"href":"https:\/\/news.ecclesia.org.br\/index.php?rest_route=\/wp\/v2\/media\/7915"}],"wp:attachment":[{"href":"https:\/\/news.ecclesia.org.br\/index.php?rest_route=%2Fwp%2Fv2%2Fmedia&parent=7914"}],"wp:term":[{"taxonomy":"category","embeddable":true,"href":"https:\/\/news.ecclesia.org.br\/index.php?rest_route=%2Fwp%2Fv2%2Fcategories&post=7914"},{"taxonomy":"post_tag","embeddable":true,"href":"https:\/\/news.ecclesia.org.br\/index.php?rest_route=%2Fwp%2Fv2%2Ftags&post=7914"}],"curies":[{"name":"wp","href":"https:\/\/api.w.org\/{rel}","templated":true}]}}