{"id":7908,"date":"2015-07-17T10:39:05","date_gmt":"2015-07-17T13:39:05","guid":{"rendered":"http:\/\/www.ecclesia.com.br\/news\/2013\/?p=7908"},"modified":"2016-03-22T02:15:51","modified_gmt":"2016-03-22T02:15:51","slug":"a-viagem-do-papa-francisco-a-america-latina-e-o-ecumenismo-a-mensagem-do-metropolita-tarasios","status":"publish","type":"post","link":"https:\/\/news.ecclesia.org.br\/?p=7908","title":{"rendered":"A viagem do Papa Francisco \u00e0 Am\u00e9rica Latina e o ecumenismo. A mensagem do Metropolita Tarasios"},"content":{"rendered":"<p style=\"text-align: justify;\"><a href=\"https:\/\/news.ecclesia.org.br\/2013\/wp-content\/uploads\/2015\/07\/tarasios-uruguai-1.jpg\" rel=\"attachment wp-att-18393\"><img fetchpriority=\"high\" decoding=\"async\" class=\"alignleft size-medium wp-image-18393\" src=\"https:\/\/news.ecclesia.org.br\/2013\/wp-content\/uploads\/2015\/07\/tarasios-uruguai-1-300x191.jpg\" alt=\"tarasios-uruguai\" width=\"300\" height=\"191\" srcset=\"https:\/\/news.ecclesia.org.br\/wp-content\/uploads\/2015\/07\/tarasios-uruguai-1-300x191.jpg 300w, https:\/\/news.ecclesia.org.br\/wp-content\/uploads\/2015\/07\/tarasios-uruguai-1-768x490.jpg 768w, https:\/\/news.ecclesia.org.br\/wp-content\/uploads\/2015\/07\/tarasios-uruguai-1-600x383.jpg 600w, https:\/\/news.ecclesia.org.br\/wp-content\/uploads\/2015\/07\/tarasios-uruguai-1-86x55.jpg 86w, https:\/\/news.ecclesia.org.br\/wp-content\/uploads\/2015\/07\/tarasios-uruguai-1.jpg 800w\" sizes=\"(max-width: 300px) 100vw, 300px\" \/><\/a>A viagem do Papa Francisco \u00e0 Am\u00e9rica Latina e o ecumenismo. A mensagem do Metropolita TarasiosNo seu blog Cyberteologia, 14-07-2015, o jesu\u00edta italiano Antonio Spadaro, diretor da revista La Civilt\u00e0 Cattolica, escreve que &#8220;a viagem do Papa Francisco \u00e0 Am\u00e9rica Latina tamb\u00e9m teve um significado ecum\u00eanico, gra\u00e7as \u00e0 presen\u00e7a, durante toda a sua dura\u00e7\u00e3o, de Sua Emin\u00eancia Dom Tarasios, arcebispo metropolitano de Buenos Aires e exarca da Am\u00e9rica do Sul. Dom Tarasios conhece o Papa Francisco h\u00e1 muitos anos e costumava se encontrar e discutir com ele sobre temas e problemas pastorais&#8221;.Spadaro observa que &#8220;Dom Tarasios oferece as suas boas-vindas tamb\u00e9m em nome do Patriarca Bartolomeu, representando a Igreja Ortodoxa. Expressam-se cordialmente sentimentos de gratid\u00e3o e se manifesta a alegria de testemunhar juntos que o verdadeiro amor e a verdadeira fraternidade entre as Igrejas n\u00e3o se limitam a uma mera escol\u00e1stica ou a uma correta rela\u00e7\u00e3o diplom\u00e1tica, mas a uma experi\u00eancia de vida fundamentada no Evangelho&#8221;.Segundo o jesu\u00edta, &#8220;o metropolita define o papa como &#8216;Santidade e Irm\u00e3o mais velho&#8217;. A sua visita \u00e9 captada como ocasi\u00e3o de encontro, de alegria e de empenho. Expressa-se, por fim, a consci\u00eancia de que a elei\u00e7\u00e3o do arcebispo de Buenos Aires ao pontificado poder\u00e1 contribuir para fazer com que a Am\u00e9rica Latina seja considerada como um grande tesouro para a humanidade&#8221;.No fim da celebra\u00e7\u00e3o eucar\u00edstica em Campo Grande de \u00d1u Guas\u00fa, no Paraguai, Dom Tarasios dirigiu ao Papa Francisco as seguintes palavras.Eis o discurso de sauda\u00e7\u00e3o.Vossa Santidade Papa Francisco,Que a Gra\u00e7a e a Sacra Ternura de Nosso Senhor estejam com o senhor.Tenho a honra, no meu cargo de Arcebispo Metropolitano de Buenos Aires e Exarca da Am\u00e9rica do Sul, de dar as boas-vindas a Vossa Santidade por parte de Sua Santidade o Patriarca Ecum\u00eanico e querido irm\u00e3o em Cristo, Bartolomeu.Do fundo do meu cora\u00e7\u00e3o e da minha alma, desejo lhe expressar a minha mais profunda gratid\u00e3o pelo privil\u00e9gio de ter me recebido durante os dias de sua visita pastoral ao Equador, Bol\u00edvia e Paraguai. Acredito que esta visita \u00e9 hist\u00f3rica e foi por isso que lhe expressei o meu desejo de estar presente durante ela, representando a Igreja Ortodoxa, o Patriarcado Ecum\u00eanico de Constantinopla e a nossa jurisdi\u00e7\u00e3o sul-americana.Sua pronta resposta \u00e0 minha missiva me encheu de alegria. Hoje, essa alegria se completou, enquanto estivemos juntos mais uma vez dando testemunho de que o verdadeiro amor e a fraternidade entre as Igrejas n\u00e3o se limitam a uma mera escol\u00e1stica inter-religiosa, ou a um correto protocolo diplom\u00e1tico, ou a um ameno discorrer ecum\u00eanico, mas \u00e9 uma viv\u00eancia real, pura e salv\u00edfica baseada no mandamento do Senhor.Santidade e Irm\u00e3o mais velho,Atrevo-me a lhe chamar assim, tal como o fazia em Buenos Aires, com respeito e amor. Compartilhamos muitos anos em Buenos Aires, onde aprendi com o senhor a ser um bom bispo e pastor, e agora a Divina Provid\u00eancia nos une mais uma vez nestas terras sul-americanas, cuja realidade tem sido motivo de di\u00e1logo, preocupa\u00e7\u00e3o e interesse para ambos.Hoje, no entanto, \u00e9 motivo de encontro, de alegria, de compromisso, o compromisso de seguir velando, cada um a partir de sua posi\u00e7\u00e3o na Igreja, que \u00e9 Una, Santa, Cat\u00f3lica e Apost\u00f3lica, pelo crescimento no Esp\u00edrito dos habitantes destas bem-amadas terras que, apesar de tudo, foram aben\u00e7oadas por Deus com um fervor e uma f\u00e9 t\u00e3o amplas quanto as suas dimens\u00f5es geogr\u00e1ficas.Obrigado, Santo Padre, por ter estado entre n\u00f3s nesta viagem; obrigado pela sua estada como bispo de Buenos Aires; obrigado por dar ao mundo esse sotaque sul-americano, por dar testemunho de que o por alguns chamado &#8220;terceiro mundo&#8221; tamb\u00e9m tem para oferecer um grande tesouro para a humanidade.No Equador, Bol\u00edvia e Paraguai, entre os dias 6 e 12 de julho de 2015 \u2013 e oxal\u00e1 em breve na Argentina \u2013, durante a visita apost\u00f3lica de Vossa Santidade, permane\u00e7o com carinho filial e fraternal,Seu fervoroso suplicante diante de Deus,\u2020 Tarasios<\/p>\n<p style=\"text-align: justify;\"><div id=\"galleria-7908\"><a href=\"https:\/\/news.ecclesia.org.br\/wp-content\/uploads\/2015\/07\/tarasios-uruguai-1.jpg\"><img decoding=\"async\" title=\"tarasios-uruguai\" alt=\"\" src=\"https:\/\/news.ecclesia.org.br\/wp-content\/uploads\/2015\/07\/tarasios-uruguai-1-86x55.jpg\" data-big=\"https:\/\/news.ecclesia.org.br\/wp-content\/uploads\/2015\/07\/tarasios-uruguai-1.jpg\"><\/a><a href=\"https:\/\/news.ecclesia.org.br\/wp-content\/uploads\/2015\/07\/tarasios-francisco1-1.jpg\"><img decoding=\"async\" title=\"tarasios-francisco1-1\" alt=\"\" src=\"https:\/\/news.ecclesia.org.br\/wp-content\/uploads\/2015\/07\/tarasios-francisco1-1-56x55.jpg\" data-big=\"https:\/\/news.ecclesia.org.br\/wp-content\/uploads\/2015\/07\/tarasios-francisco1-1.jpg\"><\/a><\/div><\/p>\n<p style=\"text-align: right;\">Fonte: <em><a href=\"http:\/\/www.ihu.unisinos.br\/noticias\/544658-a-viagem-do-papa-francisco-a-america-latina-e-o-ecumenismo-a-mensagem-do-metropolita-tarasios\">A viagem do Papa Francisco \u00e0 Am\u00e9rica Latina e o ecumenismo. A mensagem do Metropolita Tarasios<\/a><\/em><\/p>\n","protected":false},"excerpt":{"rendered":"<p>A viagem do Papa Francisco \u00e0 Am\u00e9rica Latina e o ecumenismo. A mensagem do Metropolita TarasiosNo seu blog Cyberteologia, 14-07-2015, o jesu\u00edta italiano Antonio Spadaro, diretor da revista La Civilt\u00e0 Cattolica, escreve que &#8220;a viagem do Papa Francisco \u00e0 Am\u00e9rica&#8230;<\/p>\n","protected":false},"author":1,"featured_media":18393,"comment_status":"open","ping_status":"open","sticky":false,"template":"","format":"standard","meta":{"_acf_changed":false,"footnotes":""},"categories":[40],"tags":[],"class_list":["post-7908","post","type-post","status-publish","format-standard","has-post-thumbnail","hentry","category-arquidiocese-de-buenos-aires-e-america-do-sul","entry","rows-excerpt"],"acf":[],"yoast_head":"<!-- This site is optimized with the Yoast SEO plugin v27.5 - https:\/\/yoast.com\/product\/yoast-seo-wordpress\/ -->\n<title>A viagem do Papa Francisco \u00e0 Am\u00e9rica Latina e o ecumenismo. A mensagem do Metropolita Tarasios | ECCLESIA NEWS<\/title>\n<meta name=\"robots\" content=\"index, follow, max-snippet:-1, max-image-preview:large, max-video-preview:-1\" \/>\n<link rel=\"canonical\" href=\"https:\/\/news.ecclesia.org.br\/?p=7908\" \/>\n<meta property=\"og:locale\" content=\"pt_BR\" \/>\n<meta property=\"og:type\" content=\"article\" \/>\n<meta property=\"og:title\" content=\"A viagem do Papa Francisco \u00e0 Am\u00e9rica Latina e o ecumenismo. A mensagem do Metropolita Tarasios | ECCLESIA NEWS\" \/>\n<meta property=\"og:description\" content=\"A viagem do Papa Francisco \u00e0 Am\u00e9rica Latina e o ecumenismo. A mensagem do Metropolita TarasiosNo seu blog Cyberteologia, 14-07-2015, o jesu\u00edta italiano Antonio Spadaro, diretor da revista La Civilt\u00e0 Cattolica, escreve que &#8220;a viagem do Papa Francisco \u00e0 Am\u00e9rica&#8230;\" \/>\n<meta property=\"og:url\" content=\"https:\/\/news.ecclesia.org.br\/?p=7908\" \/>\n<meta property=\"og:site_name\" content=\"ECCLESIA NEWS\" \/>\n<meta property=\"article:publisher\" content=\"https:\/\/www.facebook.com\/Ecclesia2025\" \/>\n<meta property=\"article:published_time\" content=\"2015-07-17T13:39:05+00:00\" \/>\n<meta property=\"article:modified_time\" content=\"2016-03-22T02:15:51+00:00\" \/>\n<meta property=\"og:image\" content=\"https:\/\/news.ecclesia.org.br\/wp-content\/uploads\/2015\/07\/tarasios-uruguai-1.jpg\" \/>\n\t<meta property=\"og:image:width\" content=\"800\" \/>\n\t<meta property=\"og:image:height\" content=\"510\" \/>\n\t<meta property=\"og:image:type\" content=\"image\/jpeg\" \/>\n<meta name=\"author\" content=\"Pe. Andr\u00e9\" \/>\n<meta name=\"twitter:card\" content=\"summary_large_image\" \/>\n<meta name=\"twitter:creator\" content=\"@EcclesiaNews\" \/>\n<meta name=\"twitter:site\" content=\"@EcclesiaNews\" \/>\n<meta name=\"twitter:label1\" content=\"Escrito por\" \/>\n\t<meta name=\"twitter:data1\" content=\"Pe. Andr\u00e9\" \/>\n\t<meta name=\"twitter:label2\" content=\"Est. tempo de leitura\" \/>\n\t<meta name=\"twitter:data2\" content=\"4 minutos\" \/>\n<script type=\"application\/ld+json\" class=\"yoast-schema-graph\">{\"@context\":\"https:\\\/\\\/schema.org\",\"@graph\":[{\"@type\":\"Article\",\"@id\":\"https:\\\/\\\/news.ecclesia.org.br\\\/?p=7908#article\",\"isPartOf\":{\"@id\":\"https:\\\/\\\/news.ecclesia.org.br\\\/?p=7908\"},\"author\":{\"name\":\"Pe. Andr\u00e9\",\"@id\":\"https:\\\/\\\/news.ecclesia.org.br\\\/#\\\/schema\\\/person\\\/6f09597f025829745ba414a569f63758\"},\"headline\":\"A viagem do Papa Francisco \u00e0 Am\u00e9rica Latina e o ecumenismo. A mensagem do Metropolita Tarasios\",\"datePublished\":\"2015-07-17T13:39:05+00:00\",\"dateModified\":\"2016-03-22T02:15:51+00:00\",\"mainEntityOfPage\":{\"@id\":\"https:\\\/\\\/news.ecclesia.org.br\\\/?p=7908\"},\"wordCount\":740,\"commentCount\":0,\"publisher\":{\"@id\":\"https:\\\/\\\/news.ecclesia.org.br\\\/#organization\"},\"image\":{\"@id\":\"https:\\\/\\\/news.ecclesia.org.br\\\/?p=7908#primaryimage\"},\"thumbnailUrl\":\"https:\\\/\\\/news.ecclesia.org.br\\\/wp-content\\\/uploads\\\/2015\\\/07\\\/tarasios-uruguai-1.jpg\",\"articleSection\":[\"Arquidiocese de Buenos Aires e Am\u00e9rica do Sul\"],\"inLanguage\":\"pt-BR\",\"potentialAction\":[{\"@type\":\"CommentAction\",\"name\":\"Comment\",\"target\":[\"https:\\\/\\\/news.ecclesia.org.br\\\/?p=7908#respond\"]}]},{\"@type\":\"WebPage\",\"@id\":\"https:\\\/\\\/news.ecclesia.org.br\\\/?p=7908\",\"url\":\"https:\\\/\\\/news.ecclesia.org.br\\\/?p=7908\",\"name\":\"A viagem do Papa Francisco \u00e0 Am\u00e9rica Latina e o ecumenismo. A mensagem do Metropolita Tarasios | ECCLESIA NEWS\",\"isPartOf\":{\"@id\":\"https:\\\/\\\/news.ecclesia.org.br\\\/#website\"},\"primaryImageOfPage\":{\"@id\":\"https:\\\/\\\/news.ecclesia.org.br\\\/?p=7908#primaryimage\"},\"image\":{\"@id\":\"https:\\\/\\\/news.ecclesia.org.br\\\/?p=7908#primaryimage\"},\"thumbnailUrl\":\"https:\\\/\\\/news.ecclesia.org.br\\\/wp-content\\\/uploads\\\/2015\\\/07\\\/tarasios-uruguai-1.jpg\",\"datePublished\":\"2015-07-17T13:39:05+00:00\",\"dateModified\":\"2016-03-22T02:15:51+00:00\",\"breadcrumb\":{\"@id\":\"https:\\\/\\\/news.ecclesia.org.br\\\/?p=7908#breadcrumb\"},\"inLanguage\":\"pt-BR\",\"potentialAction\":[{\"@type\":\"ReadAction\",\"target\":[\"https:\\\/\\\/news.ecclesia.org.br\\\/?p=7908\"]}]},{\"@type\":\"ImageObject\",\"inLanguage\":\"pt-BR\",\"@id\":\"https:\\\/\\\/news.ecclesia.org.br\\\/?p=7908#primaryimage\",\"url\":\"https:\\\/\\\/news.ecclesia.org.br\\\/wp-content\\\/uploads\\\/2015\\\/07\\\/tarasios-uruguai-1.jpg\",\"contentUrl\":\"https:\\\/\\\/news.ecclesia.org.br\\\/wp-content\\\/uploads\\\/2015\\\/07\\\/tarasios-uruguai-1.jpg\",\"width\":800,\"height\":510},{\"@type\":\"BreadcrumbList\",\"@id\":\"https:\\\/\\\/news.ecclesia.org.br\\\/?p=7908#breadcrumb\",\"itemListElement\":[{\"@type\":\"ListItem\",\"position\":1,\"name\":\"In\u00edcio\",\"item\":\"https:\\\/\\\/news.ecclesia.org.br\\\/\"},{\"@type\":\"ListItem\",\"position\":2,\"name\":\"A viagem do Papa Francisco \u00e0 Am\u00e9rica Latina e o ecumenismo. A mensagem do Metropolita Tarasios\"}]},{\"@type\":\"WebSite\",\"@id\":\"https:\\\/\\\/news.ecclesia.org.br\\\/#website\",\"url\":\"https:\\\/\\\/news.ecclesia.org.br\\\/\",\"name\":\"Ecclesia Brasil\",\"description\":\"Desde 2003 onectando o Brasil ao mundo ortodoxo!\",\"publisher\":{\"@id\":\"https:\\\/\\\/news.ecclesia.org.br\\\/#organization\"},\"alternateName\":\"Ecclesia\",\"potentialAction\":[{\"@type\":\"SearchAction\",\"target\":{\"@type\":\"EntryPoint\",\"urlTemplate\":\"https:\\\/\\\/news.ecclesia.org.br\\\/?s={search_term_string}\"},\"query-input\":{\"@type\":\"PropertyValueSpecification\",\"valueRequired\":true,\"valueName\":\"search_term_string\"}}],\"inLanguage\":\"pt-BR\"},{\"@type\":\"Organization\",\"@id\":\"https:\\\/\\\/news.ecclesia.org.br\\\/#organization\",\"name\":\"Sacra Arquidiocese de Buenos Aires e Am\u00e9rica do Sul | Patriarcado Ecum\u00eanico\",\"alternateName\":\"News Ecclesia Brasil\",\"url\":\"https:\\\/\\\/news.ecclesia.org.br\\\/\",\"logo\":{\"@type\":\"ImageObject\",\"inLanguage\":\"pt-BR\",\"@id\":\"https:\\\/\\\/news.ecclesia.org.br\\\/#\\\/schema\\\/logo\\\/image\\\/\",\"url\":\"https:\\\/\\\/news.ecclesia.org.br\\\/wp-content\\\/uploads\\\/2025\\\/05\\\/ecclesia2.png\",\"contentUrl\":\"https:\\\/\\\/news.ecclesia.org.br\\\/wp-content\\\/uploads\\\/2025\\\/05\\\/ecclesia2.png\",\"width\":480,\"height\":120,\"caption\":\"Sacra Arquidiocese de Buenos Aires e Am\u00e9rica do Sul | Patriarcado Ecum\u00eanico\"},\"image\":{\"@id\":\"https:\\\/\\\/news.ecclesia.org.br\\\/#\\\/schema\\\/logo\\\/image\\\/\"},\"sameAs\":[\"https:\\\/\\\/www.facebook.com\\\/Ecclesia2025\",\"https:\\\/\\\/x.com\\\/EcclesiaNews\",\"https:\\\/\\\/br.pinterest.com\\\/ekklisia\\\/\",\"https:\\\/\\\/www.youtube.com\\\/@EcclesiaBrasil\"]},{\"@type\":\"Person\",\"@id\":\"https:\\\/\\\/news.ecclesia.org.br\\\/#\\\/schema\\\/person\\\/6f09597f025829745ba414a569f63758\",\"name\":\"Pe. Andr\u00e9\",\"image\":{\"@type\":\"ImageObject\",\"inLanguage\":\"pt-BR\",\"@id\":\"https:\\\/\\\/secure.gravatar.com\\\/avatar\\\/b4327cfa27e9799da239a26adcd534fc29cdc0c4a4a148eecbcfeb9b42c617ac?s=96&d=mm&r=g\",\"url\":\"https:\\\/\\\/secure.gravatar.com\\\/avatar\\\/b4327cfa27e9799da239a26adcd534fc29cdc0c4a4a148eecbcfeb9b42c617ac?s=96&d=mm&r=g\",\"contentUrl\":\"https:\\\/\\\/secure.gravatar.com\\\/avatar\\\/b4327cfa27e9799da239a26adcd534fc29cdc0c4a4a148eecbcfeb9b42c617ac?s=96&d=mm&r=g\",\"caption\":\"Pe. Andr\u00e9\"},\"sameAs\":[\"https:\\\/\\\/www.ecclesia.org.br\"]}]}<\/script>\n<!-- \/ Yoast SEO plugin. -->","yoast_head_json":{"title":"A viagem do Papa Francisco \u00e0 Am\u00e9rica Latina e o ecumenismo. A mensagem do Metropolita Tarasios | ECCLESIA NEWS","robots":{"index":"index","follow":"follow","max-snippet":"max-snippet:-1","max-image-preview":"max-image-preview:large","max-video-preview":"max-video-preview:-1"},"canonical":"https:\/\/news.ecclesia.org.br\/?p=7908","og_locale":"pt_BR","og_type":"article","og_title":"A viagem do Papa Francisco \u00e0 Am\u00e9rica Latina e o ecumenismo. A mensagem do Metropolita Tarasios | ECCLESIA NEWS","og_description":"A viagem do Papa Francisco \u00e0 Am\u00e9rica Latina e o ecumenismo. A mensagem do Metropolita TarasiosNo seu blog Cyberteologia, 14-07-2015, o jesu\u00edta italiano Antonio Spadaro, diretor da revista La Civilt\u00e0 Cattolica, escreve que &#8220;a viagem do Papa Francisco \u00e0 Am\u00e9rica&#8230;","og_url":"https:\/\/news.ecclesia.org.br\/?p=7908","og_site_name":"ECCLESIA NEWS","article_publisher":"https:\/\/www.facebook.com\/Ecclesia2025","article_published_time":"2015-07-17T13:39:05+00:00","article_modified_time":"2016-03-22T02:15:51+00:00","og_image":[{"width":800,"height":510,"url":"https:\/\/news.ecclesia.org.br\/wp-content\/uploads\/2015\/07\/tarasios-uruguai-1.jpg","type":"image\/jpeg"}],"author":"Pe. Andr\u00e9","twitter_card":"summary_large_image","twitter_creator":"@EcclesiaNews","twitter_site":"@EcclesiaNews","twitter_misc":{"Escrito por":"Pe. Andr\u00e9","Est. tempo de leitura":"4 minutos"},"schema":{"@context":"https:\/\/schema.org","@graph":[{"@type":"Article","@id":"https:\/\/news.ecclesia.org.br\/?p=7908#article","isPartOf":{"@id":"https:\/\/news.ecclesia.org.br\/?p=7908"},"author":{"name":"Pe. Andr\u00e9","@id":"https:\/\/news.ecclesia.org.br\/#\/schema\/person\/6f09597f025829745ba414a569f63758"},"headline":"A viagem do Papa Francisco \u00e0 Am\u00e9rica Latina e o ecumenismo. A mensagem do Metropolita Tarasios","datePublished":"2015-07-17T13:39:05+00:00","dateModified":"2016-03-22T02:15:51+00:00","mainEntityOfPage":{"@id":"https:\/\/news.ecclesia.org.br\/?p=7908"},"wordCount":740,"commentCount":0,"publisher":{"@id":"https:\/\/news.ecclesia.org.br\/#organization"},"image":{"@id":"https:\/\/news.ecclesia.org.br\/?p=7908#primaryimage"},"thumbnailUrl":"https:\/\/news.ecclesia.org.br\/wp-content\/uploads\/2015\/07\/tarasios-uruguai-1.jpg","articleSection":["Arquidiocese de Buenos Aires e Am\u00e9rica do Sul"],"inLanguage":"pt-BR","potentialAction":[{"@type":"CommentAction","name":"Comment","target":["https:\/\/news.ecclesia.org.br\/?p=7908#respond"]}]},{"@type":"WebPage","@id":"https:\/\/news.ecclesia.org.br\/?p=7908","url":"https:\/\/news.ecclesia.org.br\/?p=7908","name":"A viagem do Papa Francisco \u00e0 Am\u00e9rica Latina e o ecumenismo. A mensagem do Metropolita Tarasios | ECCLESIA NEWS","isPartOf":{"@id":"https:\/\/news.ecclesia.org.br\/#website"},"primaryImageOfPage":{"@id":"https:\/\/news.ecclesia.org.br\/?p=7908#primaryimage"},"image":{"@id":"https:\/\/news.ecclesia.org.br\/?p=7908#primaryimage"},"thumbnailUrl":"https:\/\/news.ecclesia.org.br\/wp-content\/uploads\/2015\/07\/tarasios-uruguai-1.jpg","datePublished":"2015-07-17T13:39:05+00:00","dateModified":"2016-03-22T02:15:51+00:00","breadcrumb":{"@id":"https:\/\/news.ecclesia.org.br\/?p=7908#breadcrumb"},"inLanguage":"pt-BR","potentialAction":[{"@type":"ReadAction","target":["https:\/\/news.ecclesia.org.br\/?p=7908"]}]},{"@type":"ImageObject","inLanguage":"pt-BR","@id":"https:\/\/news.ecclesia.org.br\/?p=7908#primaryimage","url":"https:\/\/news.ecclesia.org.br\/wp-content\/uploads\/2015\/07\/tarasios-uruguai-1.jpg","contentUrl":"https:\/\/news.ecclesia.org.br\/wp-content\/uploads\/2015\/07\/tarasios-uruguai-1.jpg","width":800,"height":510},{"@type":"BreadcrumbList","@id":"https:\/\/news.ecclesia.org.br\/?p=7908#breadcrumb","itemListElement":[{"@type":"ListItem","position":1,"name":"In\u00edcio","item":"https:\/\/news.ecclesia.org.br\/"},{"@type":"ListItem","position":2,"name":"A viagem do Papa Francisco \u00e0 Am\u00e9rica Latina e o ecumenismo. A mensagem do Metropolita Tarasios"}]},{"@type":"WebSite","@id":"https:\/\/news.ecclesia.org.br\/#website","url":"https:\/\/news.ecclesia.org.br\/","name":"Ecclesia Brasil","description":"Desde 2003 onectando o Brasil ao mundo ortodoxo!","publisher":{"@id":"https:\/\/news.ecclesia.org.br\/#organization"},"alternateName":"Ecclesia","potentialAction":[{"@type":"SearchAction","target":{"@type":"EntryPoint","urlTemplate":"https:\/\/news.ecclesia.org.br\/?s={search_term_string}"},"query-input":{"@type":"PropertyValueSpecification","valueRequired":true,"valueName":"search_term_string"}}],"inLanguage":"pt-BR"},{"@type":"Organization","@id":"https:\/\/news.ecclesia.org.br\/#organization","name":"Sacra Arquidiocese de Buenos Aires e Am\u00e9rica do Sul | Patriarcado Ecum\u00eanico","alternateName":"News Ecclesia Brasil","url":"https:\/\/news.ecclesia.org.br\/","logo":{"@type":"ImageObject","inLanguage":"pt-BR","@id":"https:\/\/news.ecclesia.org.br\/#\/schema\/logo\/image\/","url":"https:\/\/news.ecclesia.org.br\/wp-content\/uploads\/2025\/05\/ecclesia2.png","contentUrl":"https:\/\/news.ecclesia.org.br\/wp-content\/uploads\/2025\/05\/ecclesia2.png","width":480,"height":120,"caption":"Sacra Arquidiocese de Buenos Aires e Am\u00e9rica do Sul | Patriarcado Ecum\u00eanico"},"image":{"@id":"https:\/\/news.ecclesia.org.br\/#\/schema\/logo\/image\/"},"sameAs":["https:\/\/www.facebook.com\/Ecclesia2025","https:\/\/x.com\/EcclesiaNews","https:\/\/br.pinterest.com\/ekklisia\/","https:\/\/www.youtube.com\/@EcclesiaBrasil"]},{"@type":"Person","@id":"https:\/\/news.ecclesia.org.br\/#\/schema\/person\/6f09597f025829745ba414a569f63758","name":"Pe. Andr\u00e9","image":{"@type":"ImageObject","inLanguage":"pt-BR","@id":"https:\/\/secure.gravatar.com\/avatar\/b4327cfa27e9799da239a26adcd534fc29cdc0c4a4a148eecbcfeb9b42c617ac?s=96&d=mm&r=g","url":"https:\/\/secure.gravatar.com\/avatar\/b4327cfa27e9799da239a26adcd534fc29cdc0c4a4a148eecbcfeb9b42c617ac?s=96&d=mm&r=g","contentUrl":"https:\/\/secure.gravatar.com\/avatar\/b4327cfa27e9799da239a26adcd534fc29cdc0c4a4a148eecbcfeb9b42c617ac?s=96&d=mm&r=g","caption":"Pe. Andr\u00e9"},"sameAs":["https:\/\/www.ecclesia.org.br"]}]}},"_links":{"self":[{"href":"https:\/\/news.ecclesia.org.br\/index.php?rest_route=\/wp\/v2\/posts\/7908","targetHints":{"allow":["GET"]}}],"collection":[{"href":"https:\/\/news.ecclesia.org.br\/index.php?rest_route=\/wp\/v2\/posts"}],"about":[{"href":"https:\/\/news.ecclesia.org.br\/index.php?rest_route=\/wp\/v2\/types\/post"}],"author":[{"embeddable":true,"href":"https:\/\/news.ecclesia.org.br\/index.php?rest_route=\/wp\/v2\/users\/1"}],"replies":[{"embeddable":true,"href":"https:\/\/news.ecclesia.org.br\/index.php?rest_route=%2Fwp%2Fv2%2Fcomments&post=7908"}],"version-history":[{"count":0,"href":"https:\/\/news.ecclesia.org.br\/index.php?rest_route=\/wp\/v2\/posts\/7908\/revisions"}],"wp:featuredmedia":[{"embeddable":true,"href":"https:\/\/news.ecclesia.org.br\/index.php?rest_route=\/wp\/v2\/media\/18393"}],"wp:attachment":[{"href":"https:\/\/news.ecclesia.org.br\/index.php?rest_route=%2Fwp%2Fv2%2Fmedia&parent=7908"}],"wp:term":[{"taxonomy":"category","embeddable":true,"href":"https:\/\/news.ecclesia.org.br\/index.php?rest_route=%2Fwp%2Fv2%2Fcategories&post=7908"},{"taxonomy":"post_tag","embeddable":true,"href":"https:\/\/news.ecclesia.org.br\/index.php?rest_route=%2Fwp%2Fv2%2Ftags&post=7908"}],"curies":[{"name":"wp","href":"https:\/\/api.w.org\/{rel}","templated":true}]}}