{"id":7873,"date":"2015-07-14T16:09:34","date_gmt":"2015-07-14T19:09:34","guid":{"rendered":"http:\/\/www.ecclesia.com.br\/news\/2013\/?p=7873"},"modified":"2016-03-22T02:13:47","modified_gmt":"2016-03-22T02:13:47","slug":"metropolita-zizioulas-laudato-si-e-apelo-ao-ecumenismo","status":"publish","type":"post","link":"https:\/\/news.ecclesia.org.br\/?p=7873","title":{"rendered":"METROPOLITA ZIZIOULAS: \u00abLAUDATO SI\u00bb \u00c9 APELO AO ECUMENISMO"},"content":{"rendered":"<p style=\"text-align: justify;\"><a href=\"https:\/\/news.ecclesia.org.br\/2013\/wp-content\/uploads\/2015\/07\/laudato-si-enciclica-papa-francesco.jpg\" rel=\"attachment wp-att-18399\"><img decoding=\"async\" class=\"alignleft size-medium wp-image-18399\" src=\"https:\/\/news.ecclesia.org.br\/2013\/wp-content\/uploads\/2015\/07\/laudato-si-enciclica-papa-francesco-300x150.jpg\" alt=\"laudato-si-enciclica-papa-francesco\" width=\"300\" height=\"150\" srcset=\"https:\/\/news.ecclesia.org.br\/wp-content\/uploads\/2015\/07\/laudato-si-enciclica-papa-francesco-300x150.jpg 300w, https:\/\/news.ecclesia.org.br\/wp-content\/uploads\/2015\/07\/laudato-si-enciclica-papa-francesco.jpg 600w, https:\/\/news.ecclesia.org.br\/wp-content\/uploads\/2015\/07\/laudato-si-enciclica-papa-francesco-110x55.jpg 110w\" sizes=\"(max-width: 300px) 100vw, 300px\" \/><\/a>Roma (RV) &#8211; \u201cA Enc\u00edclica \u2018Laudato si\u2019 \u00e9 \u00a0um apelo ao ecumenismo existencial\u201d, foi o que disse o Metropolita de P\u00e9rgamo, Jo\u00e3o\u00a0Zizioulas, representante do Patriarcado Ecum\u00eanico e da Igreja Ortodoxa, numa entrevista ao diretor da revista jesu\u00edta \u201cLa Civilt\u00e0 Cattolica\u201d, Pe. Antonio Spadaro.<\/p>\n<p style=\"text-align: justify;\">O bispo ortodoxo, que foi um dos relatores na coletiva de apresenta\u00e7\u00e3o da enc\u00edclica do Papa, em 18 de junho, na Sala Nova do S\u00ednodo, no Vaticano, sublinha que \u201cdiante dos grandes problemas da humanidade e do Planeta, as nossas diferen\u00e7as e divis\u00f5es se relativizam\u201d. \u201cExistem em algumas quest\u00f5es um ecumenismo j\u00e1 realizado. A enc\u00edclica \u00e9 realmente um chamado \u00e0 unidade dos crist\u00e3os, \u00e0 ora\u00e7\u00e3o comum e convers\u00e3o de nossos cora\u00e7\u00f5es e nossos estilos de vida que se tornaram insustent\u00e1veis\u201d, sublinhou.<\/p>\n<h3 style=\"text-align: justify;\">A crise ecol\u00f3gica \u00e9 sobretudo um problema espiritual.<\/h3>\n<p style=\"text-align: justify;\">\u201cA crise ecol\u00f3gica \u00e9 essencialmente um problema espiritual. A enc\u00edclica diz isso com clareza. Com o pecado original a rela\u00e7\u00e3o correta entre o homem e o seu meio ambiente natural se rompeu. Esta ruptura \u00e9 o pecado, o pecado ecol\u00f3gico que \u00e9 individual e social. Quem pensa na pr\u00f3pria salva\u00e7\u00e3o deve considerar o pecado ecol\u00f3gico fruto da avidez humana\u201d, disse ainda Zizioulas.<\/p>\n<p style=\"text-align: justify;\">O Metropolita de P\u00e9rgamo sublinhou o grande compromisso do Patriarca Ecum\u00eanico de Constantinopla, Bartolomeu I, em rela\u00e7\u00e3o ao temas sobre o ambiente e lembra que, em 2002, junto com Jo\u00e3o Paulo II, foi assinado um documento comum, a Declara\u00e7\u00e3o de Veneza, \u201cem que os dois l\u00edderes religiosos manifestaram sua preocupa\u00e7\u00e3o pela tutela de nosso Planeta, amea\u00e7ado pela atual crise ecol\u00f3gica\u201d. \u201cEm nome do Patriarca ecum\u00eanico, manifestei ao Papa Francisco a grande gratid\u00e3o do mundo ortodoxo por ter elevado a sua voz cr\u00edvel neste momento cr\u00edtico da hist\u00f3ria da humanidade\u201d, frisou o metropolita.<\/p>\n<h3 style=\"text-align: justify;\">Ambiente e justi\u00e7a social centrais no ecumenismo<\/h3>\n<p style=\"text-align: justify;\">\u201cAs Igrejas devem buscar a sua unidade n\u00e3o somente em rela\u00e7\u00e3o ao passado, mas tamb\u00e9m em rela\u00e7\u00e3o \u00e0s condi\u00e7\u00f5es atuais em que vivem. As necessidades reais da humanidade devem ser levadas em considera\u00e7\u00e3o no ecumenismo existencial, e isso significa que problemas como justi\u00e7a social e salvaguarda da cria\u00e7\u00e3o devem ter um lugar central nas rela\u00e7\u00f5es ecum\u00eanicas\u201d, ressaltou Zizioulas.<\/p>\n<p style=\"text-align: justify;\">\u201cA ecologia n\u00e3o \u00e9 preserva\u00e7\u00e3o, mas desenvolvimento\u201d, disse ainda ele. O metropolita relan\u00e7a a sua proposta para que os crist\u00e3os possam ter uma data comum para rezar pela Terra.<\/p>\n<p style=\"text-align: justify;\">\u201cO Patriarcado Ecum\u00eanico de Constantinopla decidiu em 1989 dedicar o dia primeiro de setembro \u00e0 ora\u00e7\u00e3o pelo meio ambiente. Nesse dia, n\u00f3s rezamos pela Cria\u00e7\u00e3o tamb\u00e9m com ora\u00e7\u00f5es escritas por um hin\u00f3grafo do Monte Athos. Seria um sinal, se essa data tivesse valor para todos os crist\u00e3os\u201d, concluiu o Metropolita de P\u00e9rgamo. (MJ)<\/p>\n<hr \/>\n<p style=\"text-align: right;\">FONTE: <a href=\"http:\/\/br.radiovaticana.va\/news\/2015\/07\/14\/metropolita_zizioulas_laudato_si_%C3%A9_apelo_ao_ecumenismo\/1158392\" target=\"_blank\">RV<\/a><\/p>\n","protected":false},"excerpt":{"rendered":"<p>Roma (RV) &#8211; \u201cA Enc\u00edclica \u2018Laudato si\u2019 \u00e9 \u00a0um apelo ao ecumenismo existencial\u201d, foi o que disse o Metropolita de P\u00e9rgamo, Jo\u00e3o\u00a0Zizioulas, representante do Patriarcado Ecum\u00eanico e da Igreja Ortodoxa, numa entrevista ao diretor da revista jesu\u00edta \u201cLa Civilt\u00e0 Cattolica\u201d,&#8230;<\/p>\n","protected":false},"author":1,"featured_media":18399,"comment_status":"open","ping_status":"open","sticky":false,"template":"","format":"standard","meta":{"_acf_changed":false,"footnotes":""},"categories":[3,72],"tags":[],"class_list":["post-7873","post","type-post","status-publish","format-standard","has-post-thumbnail","hentry","category-mundo","category-patriarcado-ecumenico","entry","rows-excerpt"],"acf":[],"yoast_head":"<!-- This site is optimized with the Yoast SEO plugin v27.4 - https:\/\/yoast.com\/product\/yoast-seo-wordpress\/ -->\n<title>METROPOLITA ZIZIOULAS: \u00abLAUDATO SI\u00bb \u00c9 APELO AO ECUMENISMO | ECCLESIA NEWS<\/title>\n<meta name=\"robots\" content=\"index, follow, max-snippet:-1, max-image-preview:large, max-video-preview:-1\" \/>\n<link rel=\"canonical\" href=\"https:\/\/news.ecclesia.org.br\/?p=7873\" \/>\n<meta property=\"og:locale\" content=\"pt_BR\" \/>\n<meta property=\"og:type\" content=\"article\" \/>\n<meta property=\"og:title\" content=\"METROPOLITA ZIZIOULAS: \u00abLAUDATO SI\u00bb \u00c9 APELO AO ECUMENISMO | ECCLESIA NEWS\" \/>\n<meta property=\"og:description\" content=\"Roma (RV) &#8211; \u201cA Enc\u00edclica \u2018Laudato si\u2019 \u00e9 \u00a0um apelo ao ecumenismo existencial\u201d, foi o que disse o Metropolita de P\u00e9rgamo, Jo\u00e3o\u00a0Zizioulas, representante do Patriarcado Ecum\u00eanico e da Igreja Ortodoxa, numa entrevista ao diretor da revista jesu\u00edta \u201cLa Civilt\u00e0 Cattolica\u201d,&#8230;\" \/>\n<meta property=\"og:url\" content=\"https:\/\/news.ecclesia.org.br\/?p=7873\" \/>\n<meta property=\"og:site_name\" content=\"ECCLESIA NEWS\" \/>\n<meta property=\"article:publisher\" content=\"https:\/\/www.facebook.com\/Ecclesia2025\" \/>\n<meta property=\"article:published_time\" content=\"2015-07-14T19:09:34+00:00\" \/>\n<meta property=\"article:modified_time\" content=\"2016-03-22T02:13:47+00:00\" \/>\n<meta property=\"og:image\" content=\"https:\/\/news.ecclesia.org.br\/wp-content\/uploads\/2015\/07\/laudato-si-enciclica-papa-francesco.jpg\" \/>\n\t<meta property=\"og:image:width\" content=\"600\" \/>\n\t<meta property=\"og:image:height\" content=\"300\" \/>\n\t<meta property=\"og:image:type\" content=\"image\/jpeg\" \/>\n<meta name=\"author\" content=\"Pe. Andr\u00e9\" \/>\n<meta name=\"twitter:card\" content=\"summary_large_image\" \/>\n<meta name=\"twitter:creator\" content=\"@EcclesiaNews\" \/>\n<meta name=\"twitter:site\" content=\"@EcclesiaNews\" \/>\n<meta name=\"twitter:label1\" content=\"Escrito por\" \/>\n\t<meta name=\"twitter:data1\" content=\"Pe. Andr\u00e9\" \/>\n\t<meta name=\"twitter:label2\" content=\"Est. tempo de leitura\" \/>\n\t<meta name=\"twitter:data2\" content=\"2 minutos\" \/>\n<script type=\"application\/ld+json\" class=\"yoast-schema-graph\">{\"@context\":\"https:\\\/\\\/schema.org\",\"@graph\":[{\"@type\":\"Article\",\"@id\":\"https:\\\/\\\/news.ecclesia.org.br\\\/?p=7873#article\",\"isPartOf\":{\"@id\":\"https:\\\/\\\/news.ecclesia.org.br\\\/?p=7873\"},\"author\":{\"name\":\"Pe. Andr\u00e9\",\"@id\":\"https:\\\/\\\/news.ecclesia.org.br\\\/#\\\/schema\\\/person\\\/6f09597f025829745ba414a569f63758\"},\"headline\":\"METROPOLITA ZIZIOULAS: \u00abLAUDATO SI\u00bb \u00c9 APELO AO ECUMENISMO\",\"datePublished\":\"2015-07-14T19:09:34+00:00\",\"dateModified\":\"2016-03-22T02:13:47+00:00\",\"mainEntityOfPage\":{\"@id\":\"https:\\\/\\\/news.ecclesia.org.br\\\/?p=7873\"},\"wordCount\":493,\"commentCount\":0,\"publisher\":{\"@id\":\"https:\\\/\\\/news.ecclesia.org.br\\\/#organization\"},\"image\":{\"@id\":\"https:\\\/\\\/news.ecclesia.org.br\\\/?p=7873#primaryimage\"},\"thumbnailUrl\":\"https:\\\/\\\/news.ecclesia.org.br\\\/wp-content\\\/uploads\\\/2015\\\/07\\\/laudato-si-enciclica-papa-francesco.jpg\",\"articleSection\":[\"Mundo Ortodoxo\",\"Patriarcado Ecum\u00eanico\"],\"inLanguage\":\"pt-BR\",\"potentialAction\":[{\"@type\":\"CommentAction\",\"name\":\"Comment\",\"target\":[\"https:\\\/\\\/news.ecclesia.org.br\\\/?p=7873#respond\"]}]},{\"@type\":\"WebPage\",\"@id\":\"https:\\\/\\\/news.ecclesia.org.br\\\/?p=7873\",\"url\":\"https:\\\/\\\/news.ecclesia.org.br\\\/?p=7873\",\"name\":\"METROPOLITA ZIZIOULAS: \u00abLAUDATO SI\u00bb \u00c9 APELO AO ECUMENISMO | ECCLESIA NEWS\",\"isPartOf\":{\"@id\":\"https:\\\/\\\/news.ecclesia.org.br\\\/#website\"},\"primaryImageOfPage\":{\"@id\":\"https:\\\/\\\/news.ecclesia.org.br\\\/?p=7873#primaryimage\"},\"image\":{\"@id\":\"https:\\\/\\\/news.ecclesia.org.br\\\/?p=7873#primaryimage\"},\"thumbnailUrl\":\"https:\\\/\\\/news.ecclesia.org.br\\\/wp-content\\\/uploads\\\/2015\\\/07\\\/laudato-si-enciclica-papa-francesco.jpg\",\"datePublished\":\"2015-07-14T19:09:34+00:00\",\"dateModified\":\"2016-03-22T02:13:47+00:00\",\"breadcrumb\":{\"@id\":\"https:\\\/\\\/news.ecclesia.org.br\\\/?p=7873#breadcrumb\"},\"inLanguage\":\"pt-BR\",\"potentialAction\":[{\"@type\":\"ReadAction\",\"target\":[\"https:\\\/\\\/news.ecclesia.org.br\\\/?p=7873\"]}]},{\"@type\":\"ImageObject\",\"inLanguage\":\"pt-BR\",\"@id\":\"https:\\\/\\\/news.ecclesia.org.br\\\/?p=7873#primaryimage\",\"url\":\"https:\\\/\\\/news.ecclesia.org.br\\\/wp-content\\\/uploads\\\/2015\\\/07\\\/laudato-si-enciclica-papa-francesco.jpg\",\"contentUrl\":\"https:\\\/\\\/news.ecclesia.org.br\\\/wp-content\\\/uploads\\\/2015\\\/07\\\/laudato-si-enciclica-papa-francesco.jpg\",\"width\":600,\"height\":300},{\"@type\":\"BreadcrumbList\",\"@id\":\"https:\\\/\\\/news.ecclesia.org.br\\\/?p=7873#breadcrumb\",\"itemListElement\":[{\"@type\":\"ListItem\",\"position\":1,\"name\":\"In\u00edcio\",\"item\":\"https:\\\/\\\/news.ecclesia.org.br\\\/\"},{\"@type\":\"ListItem\",\"position\":2,\"name\":\"METROPOLITA ZIZIOULAS: \u00abLAUDATO SI\u00bb \u00c9 APELO AO ECUMENISMO\"}]},{\"@type\":\"WebSite\",\"@id\":\"https:\\\/\\\/news.ecclesia.org.br\\\/#website\",\"url\":\"https:\\\/\\\/news.ecclesia.org.br\\\/\",\"name\":\"Ecclesia Brasil\",\"description\":\"Desde 2003 onectando o Brasil ao mundo ortodoxo!\",\"publisher\":{\"@id\":\"https:\\\/\\\/news.ecclesia.org.br\\\/#organization\"},\"alternateName\":\"Ecclesia\",\"potentialAction\":[{\"@type\":\"SearchAction\",\"target\":{\"@type\":\"EntryPoint\",\"urlTemplate\":\"https:\\\/\\\/news.ecclesia.org.br\\\/?s={search_term_string}\"},\"query-input\":{\"@type\":\"PropertyValueSpecification\",\"valueRequired\":true,\"valueName\":\"search_term_string\"}}],\"inLanguage\":\"pt-BR\"},{\"@type\":\"Organization\",\"@id\":\"https:\\\/\\\/news.ecclesia.org.br\\\/#organization\",\"name\":\"Sacra Arquidiocese de Buenos Aires e Am\u00e9rica do Sul | Patriarcado Ecum\u00eanico\",\"alternateName\":\"News Ecclesia Brasil\",\"url\":\"https:\\\/\\\/news.ecclesia.org.br\\\/\",\"logo\":{\"@type\":\"ImageObject\",\"inLanguage\":\"pt-BR\",\"@id\":\"https:\\\/\\\/news.ecclesia.org.br\\\/#\\\/schema\\\/logo\\\/image\\\/\",\"url\":\"https:\\\/\\\/news.ecclesia.org.br\\\/wp-content\\\/uploads\\\/2025\\\/05\\\/ecclesia2.png\",\"contentUrl\":\"https:\\\/\\\/news.ecclesia.org.br\\\/wp-content\\\/uploads\\\/2025\\\/05\\\/ecclesia2.png\",\"width\":480,\"height\":120,\"caption\":\"Sacra Arquidiocese de Buenos Aires e Am\u00e9rica do Sul | Patriarcado Ecum\u00eanico\"},\"image\":{\"@id\":\"https:\\\/\\\/news.ecclesia.org.br\\\/#\\\/schema\\\/logo\\\/image\\\/\"},\"sameAs\":[\"https:\\\/\\\/www.facebook.com\\\/Ecclesia2025\",\"https:\\\/\\\/x.com\\\/EcclesiaNews\",\"https:\\\/\\\/br.pinterest.com\\\/ekklisia\\\/\",\"https:\\\/\\\/www.youtube.com\\\/@EcclesiaBrasil\"]},{\"@type\":\"Person\",\"@id\":\"https:\\\/\\\/news.ecclesia.org.br\\\/#\\\/schema\\\/person\\\/6f09597f025829745ba414a569f63758\",\"name\":\"Pe. Andr\u00e9\",\"image\":{\"@type\":\"ImageObject\",\"inLanguage\":\"pt-BR\",\"@id\":\"https:\\\/\\\/secure.gravatar.com\\\/avatar\\\/b4327cfa27e9799da239a26adcd534fc29cdc0c4a4a148eecbcfeb9b42c617ac?s=96&d=mm&r=g\",\"url\":\"https:\\\/\\\/secure.gravatar.com\\\/avatar\\\/b4327cfa27e9799da239a26adcd534fc29cdc0c4a4a148eecbcfeb9b42c617ac?s=96&d=mm&r=g\",\"contentUrl\":\"https:\\\/\\\/secure.gravatar.com\\\/avatar\\\/b4327cfa27e9799da239a26adcd534fc29cdc0c4a4a148eecbcfeb9b42c617ac?s=96&d=mm&r=g\",\"caption\":\"Pe. Andr\u00e9\"},\"sameAs\":[\"https:\\\/\\\/www.ecclesia.org.br\"]}]}<\/script>\n<!-- \/ Yoast SEO plugin. -->","yoast_head_json":{"title":"METROPOLITA ZIZIOULAS: \u00abLAUDATO SI\u00bb \u00c9 APELO AO ECUMENISMO | ECCLESIA NEWS","robots":{"index":"index","follow":"follow","max-snippet":"max-snippet:-1","max-image-preview":"max-image-preview:large","max-video-preview":"max-video-preview:-1"},"canonical":"https:\/\/news.ecclesia.org.br\/?p=7873","og_locale":"pt_BR","og_type":"article","og_title":"METROPOLITA ZIZIOULAS: \u00abLAUDATO SI\u00bb \u00c9 APELO AO ECUMENISMO | ECCLESIA NEWS","og_description":"Roma (RV) &#8211; \u201cA Enc\u00edclica \u2018Laudato si\u2019 \u00e9 \u00a0um apelo ao ecumenismo existencial\u201d, foi o que disse o Metropolita de P\u00e9rgamo, Jo\u00e3o\u00a0Zizioulas, representante do Patriarcado Ecum\u00eanico e da Igreja Ortodoxa, numa entrevista ao diretor da revista jesu\u00edta \u201cLa Civilt\u00e0 Cattolica\u201d,&#8230;","og_url":"https:\/\/news.ecclesia.org.br\/?p=7873","og_site_name":"ECCLESIA NEWS","article_publisher":"https:\/\/www.facebook.com\/Ecclesia2025","article_published_time":"2015-07-14T19:09:34+00:00","article_modified_time":"2016-03-22T02:13:47+00:00","og_image":[{"width":600,"height":300,"url":"https:\/\/news.ecclesia.org.br\/wp-content\/uploads\/2015\/07\/laudato-si-enciclica-papa-francesco.jpg","type":"image\/jpeg"}],"author":"Pe. Andr\u00e9","twitter_card":"summary_large_image","twitter_creator":"@EcclesiaNews","twitter_site":"@EcclesiaNews","twitter_misc":{"Escrito por":"Pe. Andr\u00e9","Est. tempo de leitura":"2 minutos"},"schema":{"@context":"https:\/\/schema.org","@graph":[{"@type":"Article","@id":"https:\/\/news.ecclesia.org.br\/?p=7873#article","isPartOf":{"@id":"https:\/\/news.ecclesia.org.br\/?p=7873"},"author":{"name":"Pe. Andr\u00e9","@id":"https:\/\/news.ecclesia.org.br\/#\/schema\/person\/6f09597f025829745ba414a569f63758"},"headline":"METROPOLITA ZIZIOULAS: \u00abLAUDATO SI\u00bb \u00c9 APELO AO ECUMENISMO","datePublished":"2015-07-14T19:09:34+00:00","dateModified":"2016-03-22T02:13:47+00:00","mainEntityOfPage":{"@id":"https:\/\/news.ecclesia.org.br\/?p=7873"},"wordCount":493,"commentCount":0,"publisher":{"@id":"https:\/\/news.ecclesia.org.br\/#organization"},"image":{"@id":"https:\/\/news.ecclesia.org.br\/?p=7873#primaryimage"},"thumbnailUrl":"https:\/\/news.ecclesia.org.br\/wp-content\/uploads\/2015\/07\/laudato-si-enciclica-papa-francesco.jpg","articleSection":["Mundo Ortodoxo","Patriarcado Ecum\u00eanico"],"inLanguage":"pt-BR","potentialAction":[{"@type":"CommentAction","name":"Comment","target":["https:\/\/news.ecclesia.org.br\/?p=7873#respond"]}]},{"@type":"WebPage","@id":"https:\/\/news.ecclesia.org.br\/?p=7873","url":"https:\/\/news.ecclesia.org.br\/?p=7873","name":"METROPOLITA ZIZIOULAS: \u00abLAUDATO SI\u00bb \u00c9 APELO AO ECUMENISMO | ECCLESIA NEWS","isPartOf":{"@id":"https:\/\/news.ecclesia.org.br\/#website"},"primaryImageOfPage":{"@id":"https:\/\/news.ecclesia.org.br\/?p=7873#primaryimage"},"image":{"@id":"https:\/\/news.ecclesia.org.br\/?p=7873#primaryimage"},"thumbnailUrl":"https:\/\/news.ecclesia.org.br\/wp-content\/uploads\/2015\/07\/laudato-si-enciclica-papa-francesco.jpg","datePublished":"2015-07-14T19:09:34+00:00","dateModified":"2016-03-22T02:13:47+00:00","breadcrumb":{"@id":"https:\/\/news.ecclesia.org.br\/?p=7873#breadcrumb"},"inLanguage":"pt-BR","potentialAction":[{"@type":"ReadAction","target":["https:\/\/news.ecclesia.org.br\/?p=7873"]}]},{"@type":"ImageObject","inLanguage":"pt-BR","@id":"https:\/\/news.ecclesia.org.br\/?p=7873#primaryimage","url":"https:\/\/news.ecclesia.org.br\/wp-content\/uploads\/2015\/07\/laudato-si-enciclica-papa-francesco.jpg","contentUrl":"https:\/\/news.ecclesia.org.br\/wp-content\/uploads\/2015\/07\/laudato-si-enciclica-papa-francesco.jpg","width":600,"height":300},{"@type":"BreadcrumbList","@id":"https:\/\/news.ecclesia.org.br\/?p=7873#breadcrumb","itemListElement":[{"@type":"ListItem","position":1,"name":"In\u00edcio","item":"https:\/\/news.ecclesia.org.br\/"},{"@type":"ListItem","position":2,"name":"METROPOLITA ZIZIOULAS: \u00abLAUDATO SI\u00bb \u00c9 APELO AO ECUMENISMO"}]},{"@type":"WebSite","@id":"https:\/\/news.ecclesia.org.br\/#website","url":"https:\/\/news.ecclesia.org.br\/","name":"Ecclesia Brasil","description":"Desde 2003 onectando o Brasil ao mundo ortodoxo!","publisher":{"@id":"https:\/\/news.ecclesia.org.br\/#organization"},"alternateName":"Ecclesia","potentialAction":[{"@type":"SearchAction","target":{"@type":"EntryPoint","urlTemplate":"https:\/\/news.ecclesia.org.br\/?s={search_term_string}"},"query-input":{"@type":"PropertyValueSpecification","valueRequired":true,"valueName":"search_term_string"}}],"inLanguage":"pt-BR"},{"@type":"Organization","@id":"https:\/\/news.ecclesia.org.br\/#organization","name":"Sacra Arquidiocese de Buenos Aires e Am\u00e9rica do Sul | Patriarcado Ecum\u00eanico","alternateName":"News Ecclesia Brasil","url":"https:\/\/news.ecclesia.org.br\/","logo":{"@type":"ImageObject","inLanguage":"pt-BR","@id":"https:\/\/news.ecclesia.org.br\/#\/schema\/logo\/image\/","url":"https:\/\/news.ecclesia.org.br\/wp-content\/uploads\/2025\/05\/ecclesia2.png","contentUrl":"https:\/\/news.ecclesia.org.br\/wp-content\/uploads\/2025\/05\/ecclesia2.png","width":480,"height":120,"caption":"Sacra Arquidiocese de Buenos Aires e Am\u00e9rica do Sul | Patriarcado Ecum\u00eanico"},"image":{"@id":"https:\/\/news.ecclesia.org.br\/#\/schema\/logo\/image\/"},"sameAs":["https:\/\/www.facebook.com\/Ecclesia2025","https:\/\/x.com\/EcclesiaNews","https:\/\/br.pinterest.com\/ekklisia\/","https:\/\/www.youtube.com\/@EcclesiaBrasil"]},{"@type":"Person","@id":"https:\/\/news.ecclesia.org.br\/#\/schema\/person\/6f09597f025829745ba414a569f63758","name":"Pe. Andr\u00e9","image":{"@type":"ImageObject","inLanguage":"pt-BR","@id":"https:\/\/secure.gravatar.com\/avatar\/b4327cfa27e9799da239a26adcd534fc29cdc0c4a4a148eecbcfeb9b42c617ac?s=96&d=mm&r=g","url":"https:\/\/secure.gravatar.com\/avatar\/b4327cfa27e9799da239a26adcd534fc29cdc0c4a4a148eecbcfeb9b42c617ac?s=96&d=mm&r=g","contentUrl":"https:\/\/secure.gravatar.com\/avatar\/b4327cfa27e9799da239a26adcd534fc29cdc0c4a4a148eecbcfeb9b42c617ac?s=96&d=mm&r=g","caption":"Pe. Andr\u00e9"},"sameAs":["https:\/\/www.ecclesia.org.br"]}]}},"_links":{"self":[{"href":"https:\/\/news.ecclesia.org.br\/index.php?rest_route=\/wp\/v2\/posts\/7873","targetHints":{"allow":["GET"]}}],"collection":[{"href":"https:\/\/news.ecclesia.org.br\/index.php?rest_route=\/wp\/v2\/posts"}],"about":[{"href":"https:\/\/news.ecclesia.org.br\/index.php?rest_route=\/wp\/v2\/types\/post"}],"author":[{"embeddable":true,"href":"https:\/\/news.ecclesia.org.br\/index.php?rest_route=\/wp\/v2\/users\/1"}],"replies":[{"embeddable":true,"href":"https:\/\/news.ecclesia.org.br\/index.php?rest_route=%2Fwp%2Fv2%2Fcomments&post=7873"}],"version-history":[{"count":0,"href":"https:\/\/news.ecclesia.org.br\/index.php?rest_route=\/wp\/v2\/posts\/7873\/revisions"}],"wp:featuredmedia":[{"embeddable":true,"href":"https:\/\/news.ecclesia.org.br\/index.php?rest_route=\/wp\/v2\/media\/18399"}],"wp:attachment":[{"href":"https:\/\/news.ecclesia.org.br\/index.php?rest_route=%2Fwp%2Fv2%2Fmedia&parent=7873"}],"wp:term":[{"taxonomy":"category","embeddable":true,"href":"https:\/\/news.ecclesia.org.br\/index.php?rest_route=%2Fwp%2Fv2%2Fcategories&post=7873"},{"taxonomy":"post_tag","embeddable":true,"href":"https:\/\/news.ecclesia.org.br\/index.php?rest_route=%2Fwp%2Fv2%2Ftags&post=7873"}],"curies":[{"name":"wp","href":"https:\/\/api.w.org\/{rel}","templated":true}]}}