{"id":7868,"date":"2015-07-14T15:20:46","date_gmt":"2015-07-14T18:20:46","guid":{"rendered":"http:\/\/www.ecclesia.com.br\/news\/2013\/?p=7868"},"modified":"2016-03-22T02:18:16","modified_gmt":"2016-03-22T02:18:16","slug":"palavras-do-arcebispo-tarasios-ao-papa-francisco","status":"publish","type":"post","link":"https:\/\/news.ecclesia.org.br\/?p=7868","title":{"rendered":"PALAVRAS DO ARCEBISPO TARASIOS AO PAPA FRANCISCO"},"content":{"rendered":"<h3 style=\"text-align: justify;\">Pronunciamento de S. Emin\u00eancia Arcebispo TARASIOS, Primaz e Exarca da Am\u00e9rica do Sul &#8211; Patriarcado Ecum\u00eanico de Constantinopla , ao Papa FRANCISCO, no domingo, 12 de julho, durante a missa de despedida do Papa Francisco desta que \u00e9 a nona viagem internacional de seu pontificado<\/h3>\n<blockquote>\n<p style=\"text-align: justify;\"><a href=\"https:\/\/news.ecclesia.org.br\/2013\/wp-content\/uploads\/2015\/07\/tarasios-uruguai-1.jpg\" rel=\"attachment wp-att-18393\"><img fetchpriority=\"high\" decoding=\"async\" class=\"alignleft size-medium wp-image-18393\" src=\"https:\/\/news.ecclesia.org.br\/2013\/wp-content\/uploads\/2015\/07\/tarasios-uruguai-1-300x191.jpg\" alt=\"tarasios-uruguai\" width=\"300\" height=\"191\" srcset=\"https:\/\/news.ecclesia.org.br\/wp-content\/uploads\/2015\/07\/tarasios-uruguai-1-300x191.jpg 300w, https:\/\/news.ecclesia.org.br\/wp-content\/uploads\/2015\/07\/tarasios-uruguai-1-768x490.jpg 768w, https:\/\/news.ecclesia.org.br\/wp-content\/uploads\/2015\/07\/tarasios-uruguai-1-600x383.jpg 600w, https:\/\/news.ecclesia.org.br\/wp-content\/uploads\/2015\/07\/tarasios-uruguai-1-86x55.jpg 86w, https:\/\/news.ecclesia.org.br\/wp-content\/uploads\/2015\/07\/tarasios-uruguai-1.jpg 800w\" sizes=\"(max-width: 300px) 100vw, 300px\" \/><\/a>Santidade Papa Francisco,<\/p>\n<p style=\"text-align: justify;\">A gra\u00e7a e a santa ternura de Nosso Senhor Jesus Cristo sejam convosco.<\/p>\n<p style=\"text-align: justify;\">Santidade, tenho a honra de, em meu cargo de Arcebispo Metropolitano de Buenos Aires e Exarca da Am\u00e9rica do Sul, dar a V. Santidade as boas-vindas, por parte de S. Santidade o Patriarca Ecum\u00eanico e querido irm\u00e3o em Cristo, Bartolomeu.<\/p>\n<p style=\"text-align: justify;\">Do fundo do meu cora\u00e7\u00e3o e da minha alma desejo expressar-vos minha mais profunda gratid\u00e3o pelo privil\u00e9gio de haver-me recebido durante os dias de sua visita pastoral ao Equador, Bol\u00edvia e Paraguai. Creio que esta visita \u00e9 hist\u00f3rica, e \u00e9 por isso que lhe expressei meu desejo de poder estar presente durante a mesma, representando a Igreja Ortodoxa, o Patriarcado Ecum\u00eanico de Constantinopla, e a esta nossa jurisdi\u00e7\u00e3o Sul-Americana. Sua pronta resposta a minha carta me encheu de alegria, e hoje esta alegria se completa porque estamos juntos uma vez mais, dando testemunho de que o verdadeiro amor e a fraternidade entre as Igrejas, n\u00e3o se limita a uma mera escol\u00e1stica inter-religiosa, ou num correto protocolo diplom\u00e1tico, ou a um af\u00e1vel discurso ecum\u00eanico, mas constitui uma viv\u00eancia real, pura e salv\u00edfica, baseada no mandamento do Senhor.<\/p>\n<p style=\"text-align: justify;\">Santidade, Irm\u00e3o Maior, atrevo-me a cham\u00e1-lo assim, tal como fazia em Buenos Aires, com respeito e amor; compartilhamos muitos anos em Buenos Aires, e agora, a Divina Provid\u00eancia nos junta uma vez mais nestas terras sul-americanas, cujas realidades tem sido motivo de di\u00e1logo, preocupa\u00e7\u00e3o e desvelo para ambos. Hoje, entretanto, \u00e9 motivo de encontro e alegria, de compromisso de seguir velando, cada qual desde a sua respectiva posi\u00e7\u00e3o na Igreja Una Santa, Cat\u00f3lica e Apost\u00f3lica, pelo crescimento espiritual dos habitantes destas bem-amada terra, que apesar de tudo, tem sido aben\u00e7oada por Deus com uma f\u00e9 fervorosa, t\u00e3o ampla quanto as suas dimens\u00f5es geogr\u00e1ficas.<\/p>\n<p style=\"text-align: justify;\">Obrigado, Santo Padre, por ter estado entre n\u00f3s nesta viagem, e obrigado por sua estadia com como Bispo de Buenos Aires; obrigado por dar ao mundo este acento sul americano, por dar testemunho de que este lugar, chamado por alguns de Terceiro Mundo, pode oferecer um grande tesouro para a humanidade.<\/p>\n<p style=\"text-align: justify;\">Equador, Bol\u00edvia e Paraguai, 6 a 12 de julho de 2015 (e oxal\u00e1, logo, na Argentina), durante a visita de S. Santidade o Papa Francisco.<\/p>\n<p style=\"text-align: justify;\">Com carinho filial e fraternal, seu servo suplicante diante de Deus.<\/p>\n<p style=\"text-align: justify;\">\u2020TARASIOS de Buenos Aires<\/p>\n<\/blockquote>\n<hr \/>\n<p style=\"text-align: right;\">Tradu\u00e7\u00e3o: Pe. Andr\u00e9<\/p>\n<p style=\"text-align: justify;\">\n","protected":false},"excerpt":{"rendered":"<p>Pronunciamento de S. Emin\u00eancia Arcebispo TARASIOS, Primaz e Exarca da Am\u00e9rica do Sul &#8211; Patriarcado Ecum\u00eanico de Constantinopla , ao Papa FRANCISCO, no domingo, 12 de julho, durante a missa de despedida do Papa Francisco desta que \u00e9 a nona&#8230;<\/p>\n","protected":false},"author":1,"featured_media":18393,"comment_status":"open","ping_status":"open","sticky":false,"template":"","format":"standard","meta":{"_acf_changed":false,"footnotes":""},"categories":[40],"tags":[],"class_list":["post-7868","post","type-post","status-publish","format-standard","has-post-thumbnail","hentry","category-arquidiocese-de-buenos-aires-e-america-do-sul","entry","rows-excerpt"],"acf":[],"yoast_head":"<!-- This site is optimized with the Yoast SEO plugin v27.5 - https:\/\/yoast.com\/product\/yoast-seo-wordpress\/ -->\n<title>PALAVRAS DO ARCEBISPO TARASIOS AO PAPA FRANCISCO | ECCLESIA NEWS<\/title>\n<meta name=\"robots\" content=\"index, follow, max-snippet:-1, max-image-preview:large, max-video-preview:-1\" \/>\n<link rel=\"canonical\" href=\"https:\/\/news.ecclesia.org.br\/?p=7868\" \/>\n<meta property=\"og:locale\" content=\"pt_BR\" \/>\n<meta property=\"og:type\" content=\"article\" \/>\n<meta property=\"og:title\" content=\"PALAVRAS DO ARCEBISPO TARASIOS AO PAPA FRANCISCO | ECCLESIA NEWS\" \/>\n<meta property=\"og:description\" content=\"Pronunciamento de S. Emin\u00eancia Arcebispo TARASIOS, Primaz e Exarca da Am\u00e9rica do Sul &#8211; Patriarcado Ecum\u00eanico de Constantinopla , ao Papa FRANCISCO, no domingo, 12 de julho, durante a missa de despedida do Papa Francisco desta que \u00e9 a nona&#8230;\" \/>\n<meta property=\"og:url\" content=\"https:\/\/news.ecclesia.org.br\/?p=7868\" \/>\n<meta property=\"og:site_name\" content=\"ECCLESIA NEWS\" \/>\n<meta property=\"article:publisher\" content=\"https:\/\/www.facebook.com\/Ecclesia2025\" \/>\n<meta property=\"article:published_time\" content=\"2015-07-14T18:20:46+00:00\" \/>\n<meta property=\"article:modified_time\" content=\"2016-03-22T02:18:16+00:00\" \/>\n<meta property=\"og:image\" content=\"https:\/\/news.ecclesia.org.br\/wp-content\/uploads\/2015\/07\/tarasios-uruguai-1.jpg\" \/>\n\t<meta property=\"og:image:width\" content=\"800\" \/>\n\t<meta property=\"og:image:height\" content=\"510\" \/>\n\t<meta property=\"og:image:type\" content=\"image\/jpeg\" \/>\n<meta name=\"author\" content=\"Pe. Andr\u00e9\" \/>\n<meta name=\"twitter:card\" content=\"summary_large_image\" \/>\n<meta name=\"twitter:creator\" content=\"@EcclesiaNews\" \/>\n<meta name=\"twitter:site\" content=\"@EcclesiaNews\" \/>\n<meta name=\"twitter:label1\" content=\"Escrito por\" \/>\n\t<meta name=\"twitter:data1\" content=\"Pe. Andr\u00e9\" \/>\n\t<meta name=\"twitter:label2\" content=\"Est. tempo de leitura\" \/>\n\t<meta name=\"twitter:data2\" content=\"2 minutos\" \/>\n<script type=\"application\/ld+json\" class=\"yoast-schema-graph\">{\"@context\":\"https:\\\/\\\/schema.org\",\"@graph\":[{\"@type\":\"Article\",\"@id\":\"https:\\\/\\\/news.ecclesia.org.br\\\/?p=7868#article\",\"isPartOf\":{\"@id\":\"https:\\\/\\\/news.ecclesia.org.br\\\/?p=7868\"},\"author\":{\"name\":\"Pe. Andr\u00e9\",\"@id\":\"https:\\\/\\\/news.ecclesia.org.br\\\/#\\\/schema\\\/person\\\/6f09597f025829745ba414a569f63758\"},\"headline\":\"PALAVRAS DO ARCEBISPO TARASIOS AO PAPA FRANCISCO\",\"datePublished\":\"2015-07-14T18:20:46+00:00\",\"dateModified\":\"2016-03-22T02:18:16+00:00\",\"mainEntityOfPage\":{\"@id\":\"https:\\\/\\\/news.ecclesia.org.br\\\/?p=7868\"},\"wordCount\":468,\"commentCount\":0,\"publisher\":{\"@id\":\"https:\\\/\\\/news.ecclesia.org.br\\\/#organization\"},\"image\":{\"@id\":\"https:\\\/\\\/news.ecclesia.org.br\\\/?p=7868#primaryimage\"},\"thumbnailUrl\":\"https:\\\/\\\/news.ecclesia.org.br\\\/wp-content\\\/uploads\\\/2015\\\/07\\\/tarasios-uruguai-1.jpg\",\"articleSection\":[\"Arquidiocese de Buenos Aires e Am\u00e9rica do Sul\"],\"inLanguage\":\"pt-BR\",\"potentialAction\":[{\"@type\":\"CommentAction\",\"name\":\"Comment\",\"target\":[\"https:\\\/\\\/news.ecclesia.org.br\\\/?p=7868#respond\"]}]},{\"@type\":\"WebPage\",\"@id\":\"https:\\\/\\\/news.ecclesia.org.br\\\/?p=7868\",\"url\":\"https:\\\/\\\/news.ecclesia.org.br\\\/?p=7868\",\"name\":\"PALAVRAS DO ARCEBISPO TARASIOS AO PAPA FRANCISCO | ECCLESIA NEWS\",\"isPartOf\":{\"@id\":\"https:\\\/\\\/news.ecclesia.org.br\\\/#website\"},\"primaryImageOfPage\":{\"@id\":\"https:\\\/\\\/news.ecclesia.org.br\\\/?p=7868#primaryimage\"},\"image\":{\"@id\":\"https:\\\/\\\/news.ecclesia.org.br\\\/?p=7868#primaryimage\"},\"thumbnailUrl\":\"https:\\\/\\\/news.ecclesia.org.br\\\/wp-content\\\/uploads\\\/2015\\\/07\\\/tarasios-uruguai-1.jpg\",\"datePublished\":\"2015-07-14T18:20:46+00:00\",\"dateModified\":\"2016-03-22T02:18:16+00:00\",\"breadcrumb\":{\"@id\":\"https:\\\/\\\/news.ecclesia.org.br\\\/?p=7868#breadcrumb\"},\"inLanguage\":\"pt-BR\",\"potentialAction\":[{\"@type\":\"ReadAction\",\"target\":[\"https:\\\/\\\/news.ecclesia.org.br\\\/?p=7868\"]}]},{\"@type\":\"ImageObject\",\"inLanguage\":\"pt-BR\",\"@id\":\"https:\\\/\\\/news.ecclesia.org.br\\\/?p=7868#primaryimage\",\"url\":\"https:\\\/\\\/news.ecclesia.org.br\\\/wp-content\\\/uploads\\\/2015\\\/07\\\/tarasios-uruguai-1.jpg\",\"contentUrl\":\"https:\\\/\\\/news.ecclesia.org.br\\\/wp-content\\\/uploads\\\/2015\\\/07\\\/tarasios-uruguai-1.jpg\",\"width\":800,\"height\":510},{\"@type\":\"BreadcrumbList\",\"@id\":\"https:\\\/\\\/news.ecclesia.org.br\\\/?p=7868#breadcrumb\",\"itemListElement\":[{\"@type\":\"ListItem\",\"position\":1,\"name\":\"In\u00edcio\",\"item\":\"https:\\\/\\\/news.ecclesia.org.br\\\/\"},{\"@type\":\"ListItem\",\"position\":2,\"name\":\"PALAVRAS DO ARCEBISPO TARASIOS AO PAPA FRANCISCO\"}]},{\"@type\":\"WebSite\",\"@id\":\"https:\\\/\\\/news.ecclesia.org.br\\\/#website\",\"url\":\"https:\\\/\\\/news.ecclesia.org.br\\\/\",\"name\":\"Ecclesia Brasil\",\"description\":\"Desde 2003 onectando o Brasil ao mundo ortodoxo!\",\"publisher\":{\"@id\":\"https:\\\/\\\/news.ecclesia.org.br\\\/#organization\"},\"alternateName\":\"Ecclesia\",\"potentialAction\":[{\"@type\":\"SearchAction\",\"target\":{\"@type\":\"EntryPoint\",\"urlTemplate\":\"https:\\\/\\\/news.ecclesia.org.br\\\/?s={search_term_string}\"},\"query-input\":{\"@type\":\"PropertyValueSpecification\",\"valueRequired\":true,\"valueName\":\"search_term_string\"}}],\"inLanguage\":\"pt-BR\"},{\"@type\":\"Organization\",\"@id\":\"https:\\\/\\\/news.ecclesia.org.br\\\/#organization\",\"name\":\"Sacra Arquidiocese de Buenos Aires e Am\u00e9rica do Sul | Patriarcado Ecum\u00eanico\",\"alternateName\":\"News Ecclesia Brasil\",\"url\":\"https:\\\/\\\/news.ecclesia.org.br\\\/\",\"logo\":{\"@type\":\"ImageObject\",\"inLanguage\":\"pt-BR\",\"@id\":\"https:\\\/\\\/news.ecclesia.org.br\\\/#\\\/schema\\\/logo\\\/image\\\/\",\"url\":\"https:\\\/\\\/news.ecclesia.org.br\\\/wp-content\\\/uploads\\\/2025\\\/05\\\/ecclesia2.png\",\"contentUrl\":\"https:\\\/\\\/news.ecclesia.org.br\\\/wp-content\\\/uploads\\\/2025\\\/05\\\/ecclesia2.png\",\"width\":480,\"height\":120,\"caption\":\"Sacra Arquidiocese de Buenos Aires e Am\u00e9rica do Sul | Patriarcado Ecum\u00eanico\"},\"image\":{\"@id\":\"https:\\\/\\\/news.ecclesia.org.br\\\/#\\\/schema\\\/logo\\\/image\\\/\"},\"sameAs\":[\"https:\\\/\\\/www.facebook.com\\\/Ecclesia2025\",\"https:\\\/\\\/x.com\\\/EcclesiaNews\",\"https:\\\/\\\/br.pinterest.com\\\/ekklisia\\\/\",\"https:\\\/\\\/www.youtube.com\\\/@EcclesiaBrasil\"]},{\"@type\":\"Person\",\"@id\":\"https:\\\/\\\/news.ecclesia.org.br\\\/#\\\/schema\\\/person\\\/6f09597f025829745ba414a569f63758\",\"name\":\"Pe. Andr\u00e9\",\"image\":{\"@type\":\"ImageObject\",\"inLanguage\":\"pt-BR\",\"@id\":\"https:\\\/\\\/secure.gravatar.com\\\/avatar\\\/b4327cfa27e9799da239a26adcd534fc29cdc0c4a4a148eecbcfeb9b42c617ac?s=96&d=mm&r=g\",\"url\":\"https:\\\/\\\/secure.gravatar.com\\\/avatar\\\/b4327cfa27e9799da239a26adcd534fc29cdc0c4a4a148eecbcfeb9b42c617ac?s=96&d=mm&r=g\",\"contentUrl\":\"https:\\\/\\\/secure.gravatar.com\\\/avatar\\\/b4327cfa27e9799da239a26adcd534fc29cdc0c4a4a148eecbcfeb9b42c617ac?s=96&d=mm&r=g\",\"caption\":\"Pe. Andr\u00e9\"},\"sameAs\":[\"https:\\\/\\\/www.ecclesia.org.br\"]}]}<\/script>\n<!-- \/ Yoast SEO plugin. -->","yoast_head_json":{"title":"PALAVRAS DO ARCEBISPO TARASIOS AO PAPA FRANCISCO | ECCLESIA NEWS","robots":{"index":"index","follow":"follow","max-snippet":"max-snippet:-1","max-image-preview":"max-image-preview:large","max-video-preview":"max-video-preview:-1"},"canonical":"https:\/\/news.ecclesia.org.br\/?p=7868","og_locale":"pt_BR","og_type":"article","og_title":"PALAVRAS DO ARCEBISPO TARASIOS AO PAPA FRANCISCO | ECCLESIA NEWS","og_description":"Pronunciamento de S. Emin\u00eancia Arcebispo TARASIOS, Primaz e Exarca da Am\u00e9rica do Sul &#8211; Patriarcado Ecum\u00eanico de Constantinopla , ao Papa FRANCISCO, no domingo, 12 de julho, durante a missa de despedida do Papa Francisco desta que \u00e9 a nona&#8230;","og_url":"https:\/\/news.ecclesia.org.br\/?p=7868","og_site_name":"ECCLESIA NEWS","article_publisher":"https:\/\/www.facebook.com\/Ecclesia2025","article_published_time":"2015-07-14T18:20:46+00:00","article_modified_time":"2016-03-22T02:18:16+00:00","og_image":[{"width":800,"height":510,"url":"https:\/\/news.ecclesia.org.br\/wp-content\/uploads\/2015\/07\/tarasios-uruguai-1.jpg","type":"image\/jpeg"}],"author":"Pe. Andr\u00e9","twitter_card":"summary_large_image","twitter_creator":"@EcclesiaNews","twitter_site":"@EcclesiaNews","twitter_misc":{"Escrito por":"Pe. Andr\u00e9","Est. tempo de leitura":"2 minutos"},"schema":{"@context":"https:\/\/schema.org","@graph":[{"@type":"Article","@id":"https:\/\/news.ecclesia.org.br\/?p=7868#article","isPartOf":{"@id":"https:\/\/news.ecclesia.org.br\/?p=7868"},"author":{"name":"Pe. Andr\u00e9","@id":"https:\/\/news.ecclesia.org.br\/#\/schema\/person\/6f09597f025829745ba414a569f63758"},"headline":"PALAVRAS DO ARCEBISPO TARASIOS AO PAPA FRANCISCO","datePublished":"2015-07-14T18:20:46+00:00","dateModified":"2016-03-22T02:18:16+00:00","mainEntityOfPage":{"@id":"https:\/\/news.ecclesia.org.br\/?p=7868"},"wordCount":468,"commentCount":0,"publisher":{"@id":"https:\/\/news.ecclesia.org.br\/#organization"},"image":{"@id":"https:\/\/news.ecclesia.org.br\/?p=7868#primaryimage"},"thumbnailUrl":"https:\/\/news.ecclesia.org.br\/wp-content\/uploads\/2015\/07\/tarasios-uruguai-1.jpg","articleSection":["Arquidiocese de Buenos Aires e Am\u00e9rica do Sul"],"inLanguage":"pt-BR","potentialAction":[{"@type":"CommentAction","name":"Comment","target":["https:\/\/news.ecclesia.org.br\/?p=7868#respond"]}]},{"@type":"WebPage","@id":"https:\/\/news.ecclesia.org.br\/?p=7868","url":"https:\/\/news.ecclesia.org.br\/?p=7868","name":"PALAVRAS DO ARCEBISPO TARASIOS AO PAPA FRANCISCO | ECCLESIA NEWS","isPartOf":{"@id":"https:\/\/news.ecclesia.org.br\/#website"},"primaryImageOfPage":{"@id":"https:\/\/news.ecclesia.org.br\/?p=7868#primaryimage"},"image":{"@id":"https:\/\/news.ecclesia.org.br\/?p=7868#primaryimage"},"thumbnailUrl":"https:\/\/news.ecclesia.org.br\/wp-content\/uploads\/2015\/07\/tarasios-uruguai-1.jpg","datePublished":"2015-07-14T18:20:46+00:00","dateModified":"2016-03-22T02:18:16+00:00","breadcrumb":{"@id":"https:\/\/news.ecclesia.org.br\/?p=7868#breadcrumb"},"inLanguage":"pt-BR","potentialAction":[{"@type":"ReadAction","target":["https:\/\/news.ecclesia.org.br\/?p=7868"]}]},{"@type":"ImageObject","inLanguage":"pt-BR","@id":"https:\/\/news.ecclesia.org.br\/?p=7868#primaryimage","url":"https:\/\/news.ecclesia.org.br\/wp-content\/uploads\/2015\/07\/tarasios-uruguai-1.jpg","contentUrl":"https:\/\/news.ecclesia.org.br\/wp-content\/uploads\/2015\/07\/tarasios-uruguai-1.jpg","width":800,"height":510},{"@type":"BreadcrumbList","@id":"https:\/\/news.ecclesia.org.br\/?p=7868#breadcrumb","itemListElement":[{"@type":"ListItem","position":1,"name":"In\u00edcio","item":"https:\/\/news.ecclesia.org.br\/"},{"@type":"ListItem","position":2,"name":"PALAVRAS DO ARCEBISPO TARASIOS AO PAPA FRANCISCO"}]},{"@type":"WebSite","@id":"https:\/\/news.ecclesia.org.br\/#website","url":"https:\/\/news.ecclesia.org.br\/","name":"Ecclesia Brasil","description":"Desde 2003 onectando o Brasil ao mundo ortodoxo!","publisher":{"@id":"https:\/\/news.ecclesia.org.br\/#organization"},"alternateName":"Ecclesia","potentialAction":[{"@type":"SearchAction","target":{"@type":"EntryPoint","urlTemplate":"https:\/\/news.ecclesia.org.br\/?s={search_term_string}"},"query-input":{"@type":"PropertyValueSpecification","valueRequired":true,"valueName":"search_term_string"}}],"inLanguage":"pt-BR"},{"@type":"Organization","@id":"https:\/\/news.ecclesia.org.br\/#organization","name":"Sacra Arquidiocese de Buenos Aires e Am\u00e9rica do Sul | Patriarcado Ecum\u00eanico","alternateName":"News Ecclesia Brasil","url":"https:\/\/news.ecclesia.org.br\/","logo":{"@type":"ImageObject","inLanguage":"pt-BR","@id":"https:\/\/news.ecclesia.org.br\/#\/schema\/logo\/image\/","url":"https:\/\/news.ecclesia.org.br\/wp-content\/uploads\/2025\/05\/ecclesia2.png","contentUrl":"https:\/\/news.ecclesia.org.br\/wp-content\/uploads\/2025\/05\/ecclesia2.png","width":480,"height":120,"caption":"Sacra Arquidiocese de Buenos Aires e Am\u00e9rica do Sul | Patriarcado Ecum\u00eanico"},"image":{"@id":"https:\/\/news.ecclesia.org.br\/#\/schema\/logo\/image\/"},"sameAs":["https:\/\/www.facebook.com\/Ecclesia2025","https:\/\/x.com\/EcclesiaNews","https:\/\/br.pinterest.com\/ekklisia\/","https:\/\/www.youtube.com\/@EcclesiaBrasil"]},{"@type":"Person","@id":"https:\/\/news.ecclesia.org.br\/#\/schema\/person\/6f09597f025829745ba414a569f63758","name":"Pe. Andr\u00e9","image":{"@type":"ImageObject","inLanguage":"pt-BR","@id":"https:\/\/secure.gravatar.com\/avatar\/b4327cfa27e9799da239a26adcd534fc29cdc0c4a4a148eecbcfeb9b42c617ac?s=96&d=mm&r=g","url":"https:\/\/secure.gravatar.com\/avatar\/b4327cfa27e9799da239a26adcd534fc29cdc0c4a4a148eecbcfeb9b42c617ac?s=96&d=mm&r=g","contentUrl":"https:\/\/secure.gravatar.com\/avatar\/b4327cfa27e9799da239a26adcd534fc29cdc0c4a4a148eecbcfeb9b42c617ac?s=96&d=mm&r=g","caption":"Pe. Andr\u00e9"},"sameAs":["https:\/\/www.ecclesia.org.br"]}]}},"_links":{"self":[{"href":"https:\/\/news.ecclesia.org.br\/index.php?rest_route=\/wp\/v2\/posts\/7868","targetHints":{"allow":["GET"]}}],"collection":[{"href":"https:\/\/news.ecclesia.org.br\/index.php?rest_route=\/wp\/v2\/posts"}],"about":[{"href":"https:\/\/news.ecclesia.org.br\/index.php?rest_route=\/wp\/v2\/types\/post"}],"author":[{"embeddable":true,"href":"https:\/\/news.ecclesia.org.br\/index.php?rest_route=\/wp\/v2\/users\/1"}],"replies":[{"embeddable":true,"href":"https:\/\/news.ecclesia.org.br\/index.php?rest_route=%2Fwp%2Fv2%2Fcomments&post=7868"}],"version-history":[{"count":0,"href":"https:\/\/news.ecclesia.org.br\/index.php?rest_route=\/wp\/v2\/posts\/7868\/revisions"}],"wp:featuredmedia":[{"embeddable":true,"href":"https:\/\/news.ecclesia.org.br\/index.php?rest_route=\/wp\/v2\/media\/18393"}],"wp:attachment":[{"href":"https:\/\/news.ecclesia.org.br\/index.php?rest_route=%2Fwp%2Fv2%2Fmedia&parent=7868"}],"wp:term":[{"taxonomy":"category","embeddable":true,"href":"https:\/\/news.ecclesia.org.br\/index.php?rest_route=%2Fwp%2Fv2%2Fcategories&post=7868"},{"taxonomy":"post_tag","embeddable":true,"href":"https:\/\/news.ecclesia.org.br\/index.php?rest_route=%2Fwp%2Fv2%2Ftags&post=7868"}],"curies":[{"name":"wp","href":"https:\/\/api.w.org\/{rel}","templated":true}]}}