{"id":7704,"date":"2015-07-12T22:29:05","date_gmt":"2015-07-13T01:29:05","guid":{"rendered":"http:\/\/www.ecclesia.com.br\/news\/2013\/?p=7704"},"modified":"2016-03-22T02:23:58","modified_gmt":"2016-03-22T02:23:58","slug":"patriarca-celebra-sao-paisio-de-monte-athos","status":"publish","type":"post","link":"https:\/\/news.ecclesia.org.br\/?p=7704","title":{"rendered":"PATRIARCA CELEBRA S\u00c3O PA\u00cdSIOS DE MONTE ATHOS"},"content":{"rendered":"<p style=\"text-align: justify;\"><strong>Souroti &#8211; Tessal\u00f4nica, 12\/07\/2015 &#8212; Celebra\u00e7\u00e3o Patriarcal na primeira festa de S\u00e3o Pa\u00edsios de Monte Athos, no Monast\u00e9rio de S\u00e3o Jo\u00e3o o Te\u00f3logo,\u00a0em\u00a0Souroti &#8211; Tessal\u00f4nica (Gr\u00e9cia)<\/strong><\/p>\n<p style=\"text-align: justify;\">S. S.\u00a0Bartolomeu I presidiu pela primeira vez a celebra\u00e7\u00e3o de S\u00e3o Pa\u00edsios de Monte Athos, no Monast\u00e9rio de S\u00e3o Jo\u00e3o, o Te\u00f3logo, em Souroti &#8211; Tessal\u00f4nica (Gr\u00e9cia). Estima-se que mais\u00a0de 20 mil fi\u00e9is, peregrinos vindos de v\u00e1rios lugares, participaram dos servi\u00e7os religiosos e prestaram sua homenagem diante do t\u00famulo de S\u00e3o Pa\u00edsios, nesta primeira grande celebra\u00e7\u00e3o de sua mem\u00f3ria. Os of\u00edcios\u00a0foram presididos pelo Patriarca Ecum\u00eanico e concelebrados por hierarcas ortodoxos de v\u00e1rias metr\u00f3poles da Gr\u00e9cia e Turquia.<\/p>\n<p style=\"text-align: center;\"><div id=\"galleria-7704\"><a href=\"https:\/\/news.ecclesia.org.br\/wp-content\/uploads\/2015\/07\/patriarxiki-9.jpg\"><img decoding=\"async\" title=\"patriarxiki-9\" alt=\"\" src=\"https:\/\/news.ecclesia.org.br\/wp-content\/uploads\/2015\/07\/patriarxiki-9-82x55.jpg\" data-big=\"https:\/\/news.ecclesia.org.br\/wp-content\/uploads\/2015\/07\/patriarxiki-9.jpg\"><\/a><a href=\"https:\/\/news.ecclesia.org.br\/wp-content\/uploads\/2015\/07\/patriarxiki-10.jpg\"><img decoding=\"async\" title=\"patriarxiki-10\" alt=\"\" src=\"https:\/\/news.ecclesia.org.br\/wp-content\/uploads\/2015\/07\/patriarxiki-10-82x55.jpg\" data-big=\"https:\/\/news.ecclesia.org.br\/wp-content\/uploads\/2015\/07\/patriarxiki-10.jpg\"><\/a><a href=\"https:\/\/news.ecclesia.org.br\/wp-content\/uploads\/2015\/07\/patriarxiki-11-683x1024.jpg\"><img decoding=\"async\" title=\"patriarxiki-11\" alt=\"\" src=\"https:\/\/news.ecclesia.org.br\/wp-content\/uploads\/2015\/07\/patriarxiki-11-37x55.jpg\" data-big=\"https:\/\/news.ecclesia.org.br\/wp-content\/uploads\/2015\/07\/patriarxiki-11-683x1024.jpg\"><\/a><a href=\"https:\/\/news.ecclesia.org.br\/wp-content\/uploads\/2015\/07\/patriarxiki-12.jpg\"><img decoding=\"async\" title=\"patriarxiki-12\" alt=\"\" src=\"https:\/\/news.ecclesia.org.br\/wp-content\/uploads\/2015\/07\/patriarxiki-12-82x55.jpg\" data-big=\"https:\/\/news.ecclesia.org.br\/wp-content\/uploads\/2015\/07\/patriarxiki-12.jpg\"><\/a><a href=\"https:\/\/news.ecclesia.org.br\/wp-content\/uploads\/2015\/07\/patriarxiki-13.jpg\"><img decoding=\"async\" title=\"patriarxiki-13\" alt=\"\" src=\"https:\/\/news.ecclesia.org.br\/wp-content\/uploads\/2015\/07\/patriarxiki-13-82x55.jpg\" data-big=\"https:\/\/news.ecclesia.org.br\/wp-content\/uploads\/2015\/07\/patriarxiki-13.jpg\"><\/a><a href=\"https:\/\/news.ecclesia.org.br\/wp-content\/uploads\/2015\/07\/patriarxiki-14.jpg\"><img decoding=\"async\" title=\"patriarxiki-14\" alt=\"\" src=\"https:\/\/news.ecclesia.org.br\/wp-content\/uploads\/2015\/07\/patriarxiki-14-82x55.jpg\" data-big=\"https:\/\/news.ecclesia.org.br\/wp-content\/uploads\/2015\/07\/patriarxiki-14.jpg\"><\/a><a href=\"https:\/\/news.ecclesia.org.br\/wp-content\/uploads\/2015\/07\/patriarxiki-15.jpg\"><img decoding=\"async\" title=\"patriarxiki-15\" alt=\"\" src=\"https:\/\/news.ecclesia.org.br\/wp-content\/uploads\/2015\/07\/patriarxiki-15-82x55.jpg\" data-big=\"https:\/\/news.ecclesia.org.br\/wp-content\/uploads\/2015\/07\/patriarxiki-15.jpg\"><\/a><a href=\"https:\/\/news.ecclesia.org.br\/wp-content\/uploads\/2015\/07\/patriarxiki-16.jpg\"><img decoding=\"async\" title=\"patriarxiki-16\" alt=\"\" src=\"https:\/\/news.ecclesia.org.br\/wp-content\/uploads\/2015\/07\/patriarxiki-16-82x55.jpg\" data-big=\"https:\/\/news.ecclesia.org.br\/wp-content\/uploads\/2015\/07\/patriarxiki-16.jpg\"><\/a><a href=\"https:\/\/news.ecclesia.org.br\/wp-content\/uploads\/2015\/07\/patriarxiki-17.jpg\"><img decoding=\"async\" title=\"patriarxiki-17\" alt=\"\" src=\"https:\/\/news.ecclesia.org.br\/wp-content\/uploads\/2015\/07\/patriarxiki-17-82x55.jpg\" data-big=\"https:\/\/news.ecclesia.org.br\/wp-content\/uploads\/2015\/07\/patriarxiki-17.jpg\"><\/a><a href=\"https:\/\/news.ecclesia.org.br\/wp-content\/uploads\/2015\/07\/patriarxiki-18.jpg\"><img decoding=\"async\" title=\"patriarxiki-18\" alt=\"\" src=\"https:\/\/news.ecclesia.org.br\/wp-content\/uploads\/2015\/07\/patriarxiki-18-82x55.jpg\" data-big=\"https:\/\/news.ecclesia.org.br\/wp-content\/uploads\/2015\/07\/patriarxiki-18.jpg\"><\/a><a href=\"https:\/\/news.ecclesia.org.br\/wp-content\/uploads\/2015\/07\/patriarxiki-19.jpg\"><img decoding=\"async\" title=\"patriarxiki-19\" alt=\"\" src=\"https:\/\/news.ecclesia.org.br\/wp-content\/uploads\/2015\/07\/patriarxiki-19-82x55.jpg\" data-big=\"https:\/\/news.ecclesia.org.br\/wp-content\/uploads\/2015\/07\/patriarxiki-19.jpg\"><\/a><a href=\"https:\/\/news.ecclesia.org.br\/wp-content\/uploads\/2015\/07\/patriarxiki-20.jpg\"><img decoding=\"async\" title=\"patriarxiki-20\" alt=\"\" src=\"https:\/\/news.ecclesia.org.br\/wp-content\/uploads\/2015\/07\/patriarxiki-20-82x55.jpg\" data-big=\"https:\/\/news.ecclesia.org.br\/wp-content\/uploads\/2015\/07\/patriarxiki-20.jpg\"><\/a><a href=\"https:\/\/news.ecclesia.org.br\/wp-content\/uploads\/2015\/07\/patriarxiki-21-683x1024.jpg\"><img decoding=\"async\" title=\"patriarxiki-21\" alt=\"\" src=\"https:\/\/news.ecclesia.org.br\/wp-content\/uploads\/2015\/07\/patriarxiki-21-37x55.jpg\" data-big=\"https:\/\/news.ecclesia.org.br\/wp-content\/uploads\/2015\/07\/patriarxiki-21-683x1024.jpg\"><\/a><a href=\"https:\/\/news.ecclesia.org.br\/wp-content\/uploads\/2015\/07\/patriarxiki-22.jpg\"><img decoding=\"async\" title=\"patriarxiki-22\" alt=\"\" src=\"https:\/\/news.ecclesia.org.br\/wp-content\/uploads\/2015\/07\/patriarxiki-22-82x55.jpg\" data-big=\"https:\/\/news.ecclesia.org.br\/wp-content\/uploads\/2015\/07\/patriarxiki-22.jpg\"><\/a><a href=\"https:\/\/news.ecclesia.org.br\/wp-content\/uploads\/2015\/07\/patriarxiki-23.jpg\"><img decoding=\"async\" title=\"patriarxiki-23\" alt=\"\" src=\"https:\/\/news.ecclesia.org.br\/wp-content\/uploads\/2015\/07\/patriarxiki-23-82x55.jpg\" data-big=\"https:\/\/news.ecclesia.org.br\/wp-content\/uploads\/2015\/07\/patriarxiki-23.jpg\"><\/a><a href=\"https:\/\/news.ecclesia.org.br\/wp-content\/uploads\/2015\/07\/patriarxiki-24.jpg\"><img decoding=\"async\" title=\"patriarxiki-24\" alt=\"\" src=\"https:\/\/news.ecclesia.org.br\/wp-content\/uploads\/2015\/07\/patriarxiki-24-82x55.jpg\" data-big=\"https:\/\/news.ecclesia.org.br\/wp-content\/uploads\/2015\/07\/patriarxiki-24.jpg\"><\/a><a href=\"https:\/\/news.ecclesia.org.br\/wp-content\/uploads\/2015\/07\/patriarxiki-25.jpg\"><img decoding=\"async\" title=\"patriarxiki-25\" alt=\"\" src=\"https:\/\/news.ecclesia.org.br\/wp-content\/uploads\/2015\/07\/patriarxiki-25-82x55.jpg\" data-big=\"https:\/\/news.ecclesia.org.br\/wp-content\/uploads\/2015\/07\/patriarxiki-25.jpg\"><\/a><a href=\"https:\/\/news.ecclesia.org.br\/wp-content\/uploads\/2015\/07\/patriarxiki-26.jpg\"><img decoding=\"async\" title=\"patriarxiki-26\" alt=\"\" src=\"https:\/\/news.ecclesia.org.br\/wp-content\/uploads\/2015\/07\/patriarxiki-26-82x55.jpg\" data-big=\"https:\/\/news.ecclesia.org.br\/wp-content\/uploads\/2015\/07\/patriarxiki-26.jpg\"><\/a><a href=\"https:\/\/news.ecclesia.org.br\/wp-content\/uploads\/2015\/07\/patriarxiki-27.jpg\"><img decoding=\"async\" title=\"patriarxiki-27\" alt=\"\" src=\"https:\/\/news.ecclesia.org.br\/wp-content\/uploads\/2015\/07\/patriarxiki-27-82x55.jpg\" data-big=\"https:\/\/news.ecclesia.org.br\/wp-content\/uploads\/2015\/07\/patriarxiki-27.jpg\"><\/a><a href=\"https:\/\/news.ecclesia.org.br\/wp-content\/uploads\/2015\/07\/troulos.jpg\"><img decoding=\"async\" title=\"troulos\" alt=\"\" src=\"https:\/\/news.ecclesia.org.br\/wp-content\/uploads\/2015\/07\/troulos-83x55.jpg\" data-big=\"https:\/\/news.ecclesia.org.br\/wp-content\/uploads\/2015\/07\/troulos.jpg\"><\/a><a href=\"https:\/\/news.ecclesia.org.br\/wp-content\/uploads\/2015\/07\/amen02.jpg\"><img decoding=\"async\" title=\"amen02\" alt=\"\" src=\"https:\/\/news.ecclesia.org.br\/wp-content\/uploads\/2015\/07\/amen02-83x55.jpg\" data-big=\"https:\/\/news.ecclesia.org.br\/wp-content\/uploads\/2015\/07\/amen02.jpg\"><\/a><a href=\"https:\/\/news.ecclesia.org.br\/wp-content\/uploads\/2015\/07\/amen03.jpg\"><img decoding=\"async\" title=\"amen03\" alt=\"\" src=\"https:\/\/news.ecclesia.org.br\/wp-content\/uploads\/2015\/07\/amen03-83x55.jpg\" data-big=\"https:\/\/news.ecclesia.org.br\/wp-content\/uploads\/2015\/07\/amen03.jpg\"><\/a><a href=\"https:\/\/news.ecclesia.org.br\/wp-content\/uploads\/2015\/07\/amen04.jpg\"><img decoding=\"async\" title=\"amen04\" alt=\"\" src=\"https:\/\/news.ecclesia.org.br\/wp-content\/uploads\/2015\/07\/amen04-83x55.jpg\" data-big=\"https:\/\/news.ecclesia.org.br\/wp-content\/uploads\/2015\/07\/amen04.jpg\"><\/a><a href=\"https:\/\/news.ecclesia.org.br\/wp-content\/uploads\/2015\/07\/amen05.jpg\"><img decoding=\"async\" title=\"amen05\" alt=\"\" src=\"https:\/\/news.ecclesia.org.br\/wp-content\/uploads\/2015\/07\/amen05-83x55.jpg\" data-big=\"https:\/\/news.ecclesia.org.br\/wp-content\/uploads\/2015\/07\/amen05.jpg\"><\/a><a href=\"https:\/\/news.ecclesia.org.br\/wp-content\/uploads\/2015\/07\/amen06.jpg\"><img decoding=\"async\" title=\"amen06\" alt=\"\" src=\"https:\/\/news.ecclesia.org.br\/wp-content\/uploads\/2015\/07\/amen06-83x55.jpg\" data-big=\"https:\/\/news.ecclesia.org.br\/wp-content\/uploads\/2015\/07\/amen06.jpg\"><\/a><a href=\"https:\/\/news.ecclesia.org.br\/wp-content\/uploads\/2015\/07\/amen07.jpg\"><img decoding=\"async\" title=\"amen07\" alt=\"\" src=\"https:\/\/news.ecclesia.org.br\/wp-content\/uploads\/2015\/07\/amen07-83x55.jpg\" data-big=\"https:\/\/news.ecclesia.org.br\/wp-content\/uploads\/2015\/07\/amen07.jpg\"><\/a><a href=\"https:\/\/news.ecclesia.org.br\/wp-content\/uploads\/2015\/07\/amen08.jpg\"><img decoding=\"async\" title=\"amen08\" alt=\"\" src=\"https:\/\/news.ecclesia.org.br\/wp-content\/uploads\/2015\/07\/amen08-83x55.jpg\" data-big=\"https:\/\/news.ecclesia.org.br\/wp-content\/uploads\/2015\/07\/amen08.jpg\"><\/a><a href=\"https:\/\/news.ecclesia.org.br\/wp-content\/uploads\/2015\/07\/amen09.jpg\"><img decoding=\"async\" title=\"amen09\" alt=\"\" src=\"https:\/\/news.ecclesia.org.br\/wp-content\/uploads\/2015\/07\/amen09-83x55.jpg\" data-big=\"https:\/\/news.ecclesia.org.br\/wp-content\/uploads\/2015\/07\/amen09.jpg\"><\/a><a href=\"https:\/\/news.ecclesia.org.br\/wp-content\/uploads\/2015\/07\/amen10.jpg\"><img decoding=\"async\" title=\"amen10\" alt=\"\" src=\"https:\/\/news.ecclesia.org.br\/wp-content\/uploads\/2015\/07\/amen10-83x55.jpg\" data-big=\"https:\/\/news.ecclesia.org.br\/wp-content\/uploads\/2015\/07\/amen10.jpg\"><\/a><a href=\"https:\/\/news.ecclesia.org.br\/wp-content\/uploads\/2015\/07\/amen11.jpg\"><img decoding=\"async\" title=\"amen11\" alt=\"\" src=\"https:\/\/news.ecclesia.org.br\/wp-content\/uploads\/2015\/07\/amen11-83x55.jpg\" data-big=\"https:\/\/news.ecclesia.org.br\/wp-content\/uploads\/2015\/07\/amen11.jpg\"><\/a><a href=\"https:\/\/news.ecclesia.org.br\/wp-content\/uploads\/2015\/07\/amen12.jpg\"><img decoding=\"async\" title=\"amen12\" alt=\"\" src=\"https:\/\/news.ecclesia.org.br\/wp-content\/uploads\/2015\/07\/amen12-83x55.jpg\" data-big=\"https:\/\/news.ecclesia.org.br\/wp-content\/uploads\/2015\/07\/amen12.jpg\"><\/a><a href=\"https:\/\/news.ecclesia.org.br\/wp-content\/uploads\/2015\/07\/amen13.jpg\"><img decoding=\"async\" title=\"amen13\" alt=\"\" src=\"https:\/\/news.ecclesia.org.br\/wp-content\/uploads\/2015\/07\/amen13-83x55.jpg\" data-big=\"https:\/\/news.ecclesia.org.br\/wp-content\/uploads\/2015\/07\/amen13.jpg\"><\/a><a href=\"https:\/\/news.ecclesia.org.br\/wp-content\/uploads\/2015\/07\/amen14.jpg\"><img decoding=\"async\" title=\"amen14\" alt=\"\" src=\"https:\/\/news.ecclesia.org.br\/wp-content\/uploads\/2015\/07\/amen14-83x55.jpg\" data-big=\"https:\/\/news.ecclesia.org.br\/wp-content\/uploads\/2015\/07\/amen14.jpg\"><\/a><a href=\"https:\/\/news.ecclesia.org.br\/wp-content\/uploads\/2015\/07\/amen15.jpg\"><img decoding=\"async\" title=\"amen15\" alt=\"\" src=\"https:\/\/news.ecclesia.org.br\/wp-content\/uploads\/2015\/07\/amen15-83x55.jpg\" data-big=\"https:\/\/news.ecclesia.org.br\/wp-content\/uploads\/2015\/07\/amen15.jpg\"><\/a><a href=\"https:\/\/news.ecclesia.org.br\/wp-content\/uploads\/2015\/07\/amen16.jpg\"><img decoding=\"async\" title=\"amen16\" alt=\"\" src=\"https:\/\/news.ecclesia.org.br\/wp-content\/uploads\/2015\/07\/amen16-83x55.jpg\" data-big=\"https:\/\/news.ecclesia.org.br\/wp-content\/uploads\/2015\/07\/amen16.jpg\"><\/a><a href=\"https:\/\/news.ecclesia.org.br\/wp-content\/uploads\/2015\/07\/amen17.jpg\"><img decoding=\"async\" title=\"amen17\" alt=\"\" src=\"https:\/\/news.ecclesia.org.br\/wp-content\/uploads\/2015\/07\/amen17-83x55.jpg\" data-big=\"https:\/\/news.ecclesia.org.br\/wp-content\/uploads\/2015\/07\/amen17.jpg\"><\/a><a href=\"https:\/\/news.ecclesia.org.br\/wp-content\/uploads\/2015\/07\/amen18.jpg\"><img decoding=\"async\" title=\"amen18\" alt=\"\" src=\"https:\/\/news.ecclesia.org.br\/wp-content\/uploads\/2015\/07\/amen18-83x55.jpg\" data-big=\"https:\/\/news.ecclesia.org.br\/wp-content\/uploads\/2015\/07\/amen18.jpg\"><\/a><a href=\"https:\/\/news.ecclesia.org.br\/wp-content\/uploads\/2015\/07\/kosmos.jpg\"><img decoding=\"async\" title=\"kosmos\" alt=\"\" src=\"https:\/\/news.ecclesia.org.br\/wp-content\/uploads\/2015\/07\/kosmos-83x55.jpg\" data-big=\"https:\/\/news.ecclesia.org.br\/wp-content\/uploads\/2015\/07\/kosmos.jpg\"><\/a><a href=\"https:\/\/news.ecclesia.org.br\/wp-content\/uploads\/2015\/07\/patriarxiki-1.jpg\"><img decoding=\"async\" title=\"patriarxiki-1\" alt=\"\" src=\"https:\/\/news.ecclesia.org.br\/wp-content\/uploads\/2015\/07\/patriarxiki-1-82x55.jpg\" data-big=\"https:\/\/news.ecclesia.org.br\/wp-content\/uploads\/2015\/07\/patriarxiki-1.jpg\"><\/a><a href=\"https:\/\/news.ecclesia.org.br\/wp-content\/uploads\/2015\/07\/patriarxiki-2.jpg\"><img decoding=\"async\" title=\"patriarxiki-2\" alt=\"\" src=\"https:\/\/news.ecclesia.org.br\/wp-content\/uploads\/2015\/07\/patriarxiki-2-82x55.jpg\" data-big=\"https:\/\/news.ecclesia.org.br\/wp-content\/uploads\/2015\/07\/patriarxiki-2.jpg\"><\/a><a href=\"https:\/\/news.ecclesia.org.br\/wp-content\/uploads\/2015\/07\/patriarxiki-3.jpg\"><img decoding=\"async\" title=\"patriarxiki-3\" alt=\"\" src=\"https:\/\/news.ecclesia.org.br\/wp-content\/uploads\/2015\/07\/patriarxiki-3-82x55.jpg\" data-big=\"https:\/\/news.ecclesia.org.br\/wp-content\/uploads\/2015\/07\/patriarxiki-3.jpg\"><\/a><a href=\"https:\/\/news.ecclesia.org.br\/wp-content\/uploads\/2015\/07\/patriarxiki-4.jpg\"><img decoding=\"async\" title=\"patriarxiki-4\" alt=\"\" src=\"https:\/\/news.ecclesia.org.br\/wp-content\/uploads\/2015\/07\/patriarxiki-4-82x55.jpg\" data-big=\"https:\/\/news.ecclesia.org.br\/wp-content\/uploads\/2015\/07\/patriarxiki-4.jpg\"><\/a><a href=\"https:\/\/news.ecclesia.org.br\/wp-content\/uploads\/2015\/07\/patriarxiki-6.jpg\"><img decoding=\"async\" title=\"patriarxiki-6\" alt=\"\" src=\"https:\/\/news.ecclesia.org.br\/wp-content\/uploads\/2015\/07\/patriarxiki-6-82x55.jpg\" data-big=\"https:\/\/news.ecclesia.org.br\/wp-content\/uploads\/2015\/07\/patriarxiki-6.jpg\"><\/a><a href=\"https:\/\/news.ecclesia.org.br\/wp-content\/uploads\/2015\/07\/patriarxiki-7.jpg\"><img decoding=\"async\" title=\"patriarxiki-7\" alt=\"\" src=\"https:\/\/news.ecclesia.org.br\/wp-content\/uploads\/2015\/07\/patriarxiki-7-82x55.jpg\" data-big=\"https:\/\/news.ecclesia.org.br\/wp-content\/uploads\/2015\/07\/patriarxiki-7.jpg\"><\/a><a href=\"https:\/\/news.ecclesia.org.br\/wp-content\/uploads\/2015\/07\/patriarxiki-8.jpg\"><img decoding=\"async\" title=\"patriarxiki-8\" alt=\"\" src=\"https:\/\/news.ecclesia.org.br\/wp-content\/uploads\/2015\/07\/patriarxiki-8-82x55.jpg\" data-big=\"https:\/\/news.ecclesia.org.br\/wp-content\/uploads\/2015\/07\/patriarxiki-8.jpg\"><\/a><\/div><\/p>\n<p style=\"text-align: justify;\">Bartolomeu I, em suas palavras, sublinhou que em janeiro passado, a Igreja-M\u00e3e de Constantinopla, por sugest\u00e3o e recomenda\u00e7\u00e3o positiva e un\u00e2nime dos membros do Santo S\u00ednodo Patriarcal, reconheceu formalmente a santidade de <em>Abba Pa\u00edsios. <\/em>Por isso, incluiu seu nome\u00a0na lista dos santos da Igreja Ortodoxa, determinando que sua festa fosse celebrada anualmente no dia de sua dormi\u00e7\u00e3o em Cristo, isto \u00e9, em 12 de julho. Disse ainda o Patriarca que: \u201cn\u00f3s tivemos a gra\u00e7a de conhecer\u00a0um verdadeiro crist\u00e3o\u00a0[&#8230;] um homem de profunda humildade, paci\u00eancia e amor a Deus\u201d. Expressou ainda sua confian\u00e7a que \u201ccom amor e f\u00e9 em Deus, os problemas enfrentados atualmente pelos crist\u00e3os em todo o mundo ser\u00e3o superados&#8221;. \u201cA noite de hoje \u00e9 um grande marco, pois celebramos a\u00a0primeira festa memorial de S\u00e3o Pa\u00edsios que coincide com o atual\u00a0momento, altamente cr\u00edtico e crucial para toda a na\u00e7\u00e3o grega&#8221;. Recordou ainda que &#8220;celebrar sua mem\u00f3ria \u00e9 uma consola\u00e7\u00e3o; ele que nos assegurava que &#8216;o que ama a Deus, n&#8217;Ele confia e p\u00f5e sua esperan\u00e7a, tudo possui'&#8221;. E, visivelmente emocionado, o Patriarca Ecum\u00eanico Bartolomeu I curvou-se e rezou diante do t\u00famulo de S\u00e3o Pa\u00edsios.<\/p>\n<h4><strong>BREVE HAGIOGRAFIA DE S\u00c3O PA\u00cdSIOS DE MONTE ATHOS<\/strong><\/h4>\n<p style=\"text-align: justify;\">Ars\u00eanio Eznepidis nasceu em <em>Farasa<\/em>, pequeno povoado da Capad\u00f3cia (hoje Turquia), na \u00c1sia Menor, no dia 25 de julho de 1924. Era filho de Batista, prefeito de Farasa, e de Evlampia. Em 7 de agosto de 1924, foi batizado com\u00a0o nome de Ars\u00eanio, em homenagem ao grande Santo Ars\u00eanio da Capad\u00f3cia,\u00a0venerado pela Igreja Ortodoxa. Ainda menino de colo, a fam\u00edlia de Ars\u00eanio deixou a Turquia, migrando para a Gr\u00e9cia. Estabeleceram-se na Ilha de Corf\u00fa onde faleceu seu pai. Logo depois, partiram para <em>Igoumentista<\/em> e, finalmente, para <em>Konitsa<\/em>. L\u00e1 Ars\u00eanio recebeu seus estudos prim\u00e1rios, trabalhando como carpinteiro. Durante a guerra civil na Gr\u00e9cia, Ars\u00eanio serviu como operador de r\u00e1dio, entre 1945 e 1949.<\/p>\n<h4><strong>Vida mon\u00e1stica<\/strong><\/h4>\n<p style=\"text-align: justify;\">Ap\u00f3s completar o tempo de servi\u00e7o militar, em 1949, ingressou ao Monte Athos. Por quest\u00f5es familiares, por\u00e9m, precisou se retirar naquele mesmo ano. No ano seguinte, Ars\u00eanio voltou\u00a0\u00e0 vida mon\u00e1stica: primeiro no monast\u00e9rio de <em>Koutloumoussiou<\/em> e, logo depois, no monast\u00e9rio de <em>Esphigmenou\u00a0<\/em>onde\u00a0foi tonsurado monge, no dia 27 de mar\u00e7o de 1954 com\u00a0o nome de <em>Averkios<\/em>. Naquele mesmo ano, precisou abandonar o monast\u00e9rio de <em>Esphigmenou<\/em> para trasladar-se ao de <em>Filotheou<\/em>, onde havia um tio seu que era tamb\u00e9m monge. Foi ali que recebeu o nome de <em>Pa\u00edsios<\/em>. Entre 1958 e 1962, Pa\u00edsios visitou seu povoado natal, na Turquia, para proteger aquela popula\u00e7\u00e3o de fortes a\u00e7\u00f5es proselitistas. Ao final deste per\u00edodo, mudou-se para o Monast\u00e9rio de Santa Catarina de Alexandria, em Monte Sinai, permanecendo l\u00e1 por dois anos, at\u00e9 seu regresso ao Monte Athos, em 1964. Pa\u00edsios levou\u00a0ent\u00e3o\u00a0consigo as rel\u00edquias de Santo Ars\u00eanio da Capad\u00f3cia que\u00a0depositou no Monast\u00e9rio de S\u00e3o Jo\u00e3o, o Te\u00f3logo, em <em>Sorouti<\/em>. Em 11 de janeiro de 1966, recebeu o <em>grande skima mon\u00e1stico<\/em>, no monast\u00e9rio <em>Stavronikita<\/em>, uma esp\u00e9cie de grau dentro do monacato grego, concedido aos monges que, segundo se cr\u00ea, tenham alcan\u00e7ado um alto n\u00edvel espiritual. Nesse mesmo ano, sofreu uma cirurgia na qual teve extra\u00edda parte de seus pulm\u00f5es. Precisando guardar rigoroso repouso, permaneceu no Monast\u00e9rio de S\u00e3o Jo\u00e3o, o Te\u00f3logo, de <em>Sorousi<\/em>. Em 1967, regressou ao Monte Athos, desta vez, ao Monast\u00e9rio de <em>Koutloumoussiou<\/em>, onde adquiriu\u00a0grande notoriedade\u00a0em todo o mundo ortodoxo. Muitos peregrinos, especialmente monges,\u00a0acorriam de todas as partes para buscar seus conselhos e dire\u00e7\u00e3o espiritual. Em\u00a01993, por quest\u00f5es de sa\u00fade, precisou deixar o Monte Athos, regressando ao Monast\u00e9rio de <em>Sorouti<\/em>. Ali, entregou sua alma a Deus, no dia 12 de julho de 1994. Desde ent\u00e3o, muitos s\u00e3o os peregrinos que visitam este\u00a0lugar para venerar suas rel\u00edquias e a mem\u00f3ria deste santo monge que partiu para os c\u00e9us conhecido por sua vida santa.<\/p>\n<h4><strong>Canoniza\u00e7\u00e3o<\/strong><\/h4>\n<p style=\"text-align: justify;\">Canonizado pelo Santo S\u00ednodo do Patriarcado Ecum\u00eanico de Constantinopla,\u00a0em 13 de janeiro de 2015, como <strong>S\u00e3o Pa\u00edsios de Monte Athos,<\/strong>\u00a0tendo sua mem\u00f3ria inclu\u00edda na lista dos santos da Igreja Ortodoxa. Quatro dias depois, houve uma grande celebra\u00e7\u00e3o no Monast\u00e9rio de S\u00e3o Jo\u00e3o, o Te\u00f3logo de Sorouti, onde permanecem suas rel\u00edquias. Participaram deste evento os principais hierarcas da Igreja Ortodoxa, entre eles, o Heg\u00fameno (Abade) do Monast\u00e9rio de Santa Catarina de Alexandria, de Monte Sinai. Em 25 de janeiro deste mesmo ano, foi consagrada a primeira igreja dedicada a\u00a0S\u00e3o Pa\u00edsios de Monte Atos, na cidade de <em>Limasol<\/em>, Ilha de Chipre.<\/p>\n<blockquote><p>S\u00e3o Pa\u00edsios de Monte Athos,<br \/>\nintercede a Deus pela salva\u00e7\u00e3o de nossas almas!<\/p><\/blockquote>\n<hr \/>\n<p style=\"text-align: right;\">FONTE: <a href=\"http:\/\/www.romfea.gr\/\" target=\"_blank\">ronfea.gr<\/a> | <a href=\"https:\/\/es.wikipedia.org\/wiki\/Paisios_de_Monte_Athos\" target=\"_blank\">Wikipedia<\/a><br \/>\nFOTOS:\u00a0<a href=\"http:\/\/www.romfea.gr\/\" target=\"_blank\">ronfea.gr<\/a>\u00a0| Nikos Manginas |\u00a0<a href=\"http:\/\/www.amen.gr\/\" target=\"_blank\">amen.gr<\/a> |<\/p>\n<p>&nbsp;<\/p>\n","protected":false},"excerpt":{"rendered":"<p>Souroti &#8211; Tessal\u00f4nica, 12\/07\/2015 &#8212; Celebra\u00e7\u00e3o Patriarcal na primeira festa de S\u00e3o Pa\u00edsios de Monte Athos, no Monast\u00e9rio de S\u00e3o Jo\u00e3o o Te\u00f3logo,\u00a0em\u00a0Souroti &#8211; Tessal\u00f4nica (Gr\u00e9cia) S. S.\u00a0Bartolomeu I presidiu pela primeira vez a celebra\u00e7\u00e3o de S\u00e3o Pa\u00edsios de Monte&#8230;<\/p>\n","protected":false},"author":1,"featured_media":0,"comment_status":"open","ping_status":"open","sticky":false,"template":"","format":"standard","meta":{"_acf_changed":false,"footnotes":""},"categories":[3,72],"tags":[],"class_list":["post-7704","post","type-post","status-publish","format-standard","hentry","category-mundo","category-patriarcado-ecumenico","entry","rows-excerpt"],"acf":[],"yoast_head":"<!-- This site is optimized with the Yoast SEO plugin v27.4 - https:\/\/yoast.com\/product\/yoast-seo-wordpress\/ -->\n<title>PATRIARCA CELEBRA S\u00c3O PA\u00cdSIOS DE MONTE ATHOS | ECCLESIA NEWS<\/title>\n<meta name=\"robots\" content=\"index, follow, max-snippet:-1, max-image-preview:large, max-video-preview:-1\" \/>\n<link rel=\"canonical\" href=\"https:\/\/news.ecclesia.org.br\/?p=7704\" \/>\n<meta property=\"og:locale\" content=\"pt_BR\" \/>\n<meta property=\"og:type\" content=\"article\" \/>\n<meta property=\"og:title\" content=\"PATRIARCA CELEBRA S\u00c3O PA\u00cdSIOS DE MONTE ATHOS | ECCLESIA NEWS\" \/>\n<meta property=\"og:description\" content=\"Souroti &#8211; Tessal\u00f4nica, 12\/07\/2015 &#8212; Celebra\u00e7\u00e3o Patriarcal na primeira festa de S\u00e3o Pa\u00edsios de Monte Athos, no Monast\u00e9rio de S\u00e3o Jo\u00e3o o Te\u00f3logo,\u00a0em\u00a0Souroti &#8211; Tessal\u00f4nica (Gr\u00e9cia) S. S.\u00a0Bartolomeu I presidiu pela primeira vez a celebra\u00e7\u00e3o de S\u00e3o Pa\u00edsios de Monte&#8230;\" \/>\n<meta property=\"og:url\" content=\"https:\/\/news.ecclesia.org.br\/?p=7704\" \/>\n<meta property=\"og:site_name\" content=\"ECCLESIA NEWS\" \/>\n<meta property=\"article:publisher\" content=\"https:\/\/www.facebook.com\/Ecclesia2025\" \/>\n<meta property=\"article:published_time\" content=\"2015-07-13T01:29:05+00:00\" \/>\n<meta property=\"article:modified_time\" content=\"2016-03-22T02:23:58+00:00\" \/>\n<meta property=\"og:image\" content=\"https:\/\/news.ecclesia.org.br\/wp-content\/uploads\/2025\/05\/ecclesia2.png\" \/>\n\t<meta property=\"og:image:width\" content=\"480\" \/>\n\t<meta property=\"og:image:height\" content=\"120\" \/>\n\t<meta property=\"og:image:type\" content=\"image\/png\" \/>\n<meta name=\"author\" content=\"Pe. Andr\u00e9\" \/>\n<meta name=\"twitter:card\" content=\"summary_large_image\" \/>\n<meta name=\"twitter:creator\" content=\"@EcclesiaNews\" \/>\n<meta name=\"twitter:site\" content=\"@EcclesiaNews\" \/>\n<meta name=\"twitter:label1\" content=\"Escrito por\" \/>\n\t<meta name=\"twitter:data1\" content=\"Pe. Andr\u00e9\" \/>\n\t<meta name=\"twitter:label2\" content=\"Est. tempo de leitura\" \/>\n\t<meta name=\"twitter:data2\" content=\"5 minutos\" \/>\n<script type=\"application\/ld+json\" class=\"yoast-schema-graph\">{\"@context\":\"https:\\\/\\\/schema.org\",\"@graph\":[{\"@type\":\"Article\",\"@id\":\"https:\\\/\\\/news.ecclesia.org.br\\\/?p=7704#article\",\"isPartOf\":{\"@id\":\"https:\\\/\\\/news.ecclesia.org.br\\\/?p=7704\"},\"author\":{\"name\":\"Pe. Andr\u00e9\",\"@id\":\"https:\\\/\\\/news.ecclesia.org.br\\\/#\\\/schema\\\/person\\\/6f09597f025829745ba414a569f63758\"},\"headline\":\"PATRIARCA CELEBRA S\u00c3O PA\u00cdSIOS DE MONTE ATHOS\",\"datePublished\":\"2015-07-13T01:29:05+00:00\",\"dateModified\":\"2016-03-22T02:23:58+00:00\",\"mainEntityOfPage\":{\"@id\":\"https:\\\/\\\/news.ecclesia.org.br\\\/?p=7704\"},\"wordCount\":994,\"commentCount\":0,\"publisher\":{\"@id\":\"https:\\\/\\\/news.ecclesia.org.br\\\/#organization\"},\"articleSection\":[\"Mundo Ortodoxo\",\"Patriarcado Ecum\u00eanico\"],\"inLanguage\":\"pt-BR\",\"potentialAction\":[{\"@type\":\"CommentAction\",\"name\":\"Comment\",\"target\":[\"https:\\\/\\\/news.ecclesia.org.br\\\/?p=7704#respond\"]}]},{\"@type\":\"WebPage\",\"@id\":\"https:\\\/\\\/news.ecclesia.org.br\\\/?p=7704\",\"url\":\"https:\\\/\\\/news.ecclesia.org.br\\\/?p=7704\",\"name\":\"PATRIARCA CELEBRA S\u00c3O PA\u00cdSIOS DE MONTE ATHOS | ECCLESIA NEWS\",\"isPartOf\":{\"@id\":\"https:\\\/\\\/news.ecclesia.org.br\\\/#website\"},\"datePublished\":\"2015-07-13T01:29:05+00:00\",\"dateModified\":\"2016-03-22T02:23:58+00:00\",\"breadcrumb\":{\"@id\":\"https:\\\/\\\/news.ecclesia.org.br\\\/?p=7704#breadcrumb\"},\"inLanguage\":\"pt-BR\",\"potentialAction\":[{\"@type\":\"ReadAction\",\"target\":[\"https:\\\/\\\/news.ecclesia.org.br\\\/?p=7704\"]}]},{\"@type\":\"BreadcrumbList\",\"@id\":\"https:\\\/\\\/news.ecclesia.org.br\\\/?p=7704#breadcrumb\",\"itemListElement\":[{\"@type\":\"ListItem\",\"position\":1,\"name\":\"In\u00edcio\",\"item\":\"https:\\\/\\\/news.ecclesia.org.br\\\/\"},{\"@type\":\"ListItem\",\"position\":2,\"name\":\"PATRIARCA CELEBRA S\u00c3O PA\u00cdSIOS DE MONTE ATHOS\"}]},{\"@type\":\"WebSite\",\"@id\":\"https:\\\/\\\/news.ecclesia.org.br\\\/#website\",\"url\":\"https:\\\/\\\/news.ecclesia.org.br\\\/\",\"name\":\"Ecclesia Brasil\",\"description\":\"Desde 2003 onectando o Brasil ao mundo ortodoxo!\",\"publisher\":{\"@id\":\"https:\\\/\\\/news.ecclesia.org.br\\\/#organization\"},\"alternateName\":\"Ecclesia\",\"potentialAction\":[{\"@type\":\"SearchAction\",\"target\":{\"@type\":\"EntryPoint\",\"urlTemplate\":\"https:\\\/\\\/news.ecclesia.org.br\\\/?s={search_term_string}\"},\"query-input\":{\"@type\":\"PropertyValueSpecification\",\"valueRequired\":true,\"valueName\":\"search_term_string\"}}],\"inLanguage\":\"pt-BR\"},{\"@type\":\"Organization\",\"@id\":\"https:\\\/\\\/news.ecclesia.org.br\\\/#organization\",\"name\":\"Sacra Arquidiocese de Buenos Aires e Am\u00e9rica do Sul | Patriarcado Ecum\u00eanico\",\"alternateName\":\"News Ecclesia Brasil\",\"url\":\"https:\\\/\\\/news.ecclesia.org.br\\\/\",\"logo\":{\"@type\":\"ImageObject\",\"inLanguage\":\"pt-BR\",\"@id\":\"https:\\\/\\\/news.ecclesia.org.br\\\/#\\\/schema\\\/logo\\\/image\\\/\",\"url\":\"https:\\\/\\\/news.ecclesia.org.br\\\/wp-content\\\/uploads\\\/2025\\\/05\\\/ecclesia2.png\",\"contentUrl\":\"https:\\\/\\\/news.ecclesia.org.br\\\/wp-content\\\/uploads\\\/2025\\\/05\\\/ecclesia2.png\",\"width\":480,\"height\":120,\"caption\":\"Sacra Arquidiocese de Buenos Aires e Am\u00e9rica do Sul | Patriarcado Ecum\u00eanico\"},\"image\":{\"@id\":\"https:\\\/\\\/news.ecclesia.org.br\\\/#\\\/schema\\\/logo\\\/image\\\/\"},\"sameAs\":[\"https:\\\/\\\/www.facebook.com\\\/Ecclesia2025\",\"https:\\\/\\\/x.com\\\/EcclesiaNews\",\"https:\\\/\\\/br.pinterest.com\\\/ekklisia\\\/\",\"https:\\\/\\\/www.youtube.com\\\/@EcclesiaBrasil\"]},{\"@type\":\"Person\",\"@id\":\"https:\\\/\\\/news.ecclesia.org.br\\\/#\\\/schema\\\/person\\\/6f09597f025829745ba414a569f63758\",\"name\":\"Pe. Andr\u00e9\",\"image\":{\"@type\":\"ImageObject\",\"inLanguage\":\"pt-BR\",\"@id\":\"https:\\\/\\\/secure.gravatar.com\\\/avatar\\\/b4327cfa27e9799da239a26adcd534fc29cdc0c4a4a148eecbcfeb9b42c617ac?s=96&d=mm&r=g\",\"url\":\"https:\\\/\\\/secure.gravatar.com\\\/avatar\\\/b4327cfa27e9799da239a26adcd534fc29cdc0c4a4a148eecbcfeb9b42c617ac?s=96&d=mm&r=g\",\"contentUrl\":\"https:\\\/\\\/secure.gravatar.com\\\/avatar\\\/b4327cfa27e9799da239a26adcd534fc29cdc0c4a4a148eecbcfeb9b42c617ac?s=96&d=mm&r=g\",\"caption\":\"Pe. Andr\u00e9\"},\"sameAs\":[\"https:\\\/\\\/www.ecclesia.org.br\"]}]}<\/script>\n<!-- \/ Yoast SEO plugin. -->","yoast_head_json":{"title":"PATRIARCA CELEBRA S\u00c3O PA\u00cdSIOS DE MONTE ATHOS | ECCLESIA NEWS","robots":{"index":"index","follow":"follow","max-snippet":"max-snippet:-1","max-image-preview":"max-image-preview:large","max-video-preview":"max-video-preview:-1"},"canonical":"https:\/\/news.ecclesia.org.br\/?p=7704","og_locale":"pt_BR","og_type":"article","og_title":"PATRIARCA CELEBRA S\u00c3O PA\u00cdSIOS DE MONTE ATHOS | ECCLESIA NEWS","og_description":"Souroti &#8211; Tessal\u00f4nica, 12\/07\/2015 &#8212; Celebra\u00e7\u00e3o Patriarcal na primeira festa de S\u00e3o Pa\u00edsios de Monte Athos, no Monast\u00e9rio de S\u00e3o Jo\u00e3o o Te\u00f3logo,\u00a0em\u00a0Souroti &#8211; Tessal\u00f4nica (Gr\u00e9cia) S. S.\u00a0Bartolomeu I presidiu pela primeira vez a celebra\u00e7\u00e3o de S\u00e3o Pa\u00edsios de Monte&#8230;","og_url":"https:\/\/news.ecclesia.org.br\/?p=7704","og_site_name":"ECCLESIA NEWS","article_publisher":"https:\/\/www.facebook.com\/Ecclesia2025","article_published_time":"2015-07-13T01:29:05+00:00","article_modified_time":"2016-03-22T02:23:58+00:00","og_image":[{"width":480,"height":120,"url":"https:\/\/news.ecclesia.org.br\/wp-content\/uploads\/2025\/05\/ecclesia2.png","type":"image\/png"}],"author":"Pe. Andr\u00e9","twitter_card":"summary_large_image","twitter_creator":"@EcclesiaNews","twitter_site":"@EcclesiaNews","twitter_misc":{"Escrito por":"Pe. Andr\u00e9","Est. tempo de leitura":"5 minutos"},"schema":{"@context":"https:\/\/schema.org","@graph":[{"@type":"Article","@id":"https:\/\/news.ecclesia.org.br\/?p=7704#article","isPartOf":{"@id":"https:\/\/news.ecclesia.org.br\/?p=7704"},"author":{"name":"Pe. Andr\u00e9","@id":"https:\/\/news.ecclesia.org.br\/#\/schema\/person\/6f09597f025829745ba414a569f63758"},"headline":"PATRIARCA CELEBRA S\u00c3O PA\u00cdSIOS DE MONTE ATHOS","datePublished":"2015-07-13T01:29:05+00:00","dateModified":"2016-03-22T02:23:58+00:00","mainEntityOfPage":{"@id":"https:\/\/news.ecclesia.org.br\/?p=7704"},"wordCount":994,"commentCount":0,"publisher":{"@id":"https:\/\/news.ecclesia.org.br\/#organization"},"articleSection":["Mundo Ortodoxo","Patriarcado Ecum\u00eanico"],"inLanguage":"pt-BR","potentialAction":[{"@type":"CommentAction","name":"Comment","target":["https:\/\/news.ecclesia.org.br\/?p=7704#respond"]}]},{"@type":"WebPage","@id":"https:\/\/news.ecclesia.org.br\/?p=7704","url":"https:\/\/news.ecclesia.org.br\/?p=7704","name":"PATRIARCA CELEBRA S\u00c3O PA\u00cdSIOS DE MONTE ATHOS | ECCLESIA NEWS","isPartOf":{"@id":"https:\/\/news.ecclesia.org.br\/#website"},"datePublished":"2015-07-13T01:29:05+00:00","dateModified":"2016-03-22T02:23:58+00:00","breadcrumb":{"@id":"https:\/\/news.ecclesia.org.br\/?p=7704#breadcrumb"},"inLanguage":"pt-BR","potentialAction":[{"@type":"ReadAction","target":["https:\/\/news.ecclesia.org.br\/?p=7704"]}]},{"@type":"BreadcrumbList","@id":"https:\/\/news.ecclesia.org.br\/?p=7704#breadcrumb","itemListElement":[{"@type":"ListItem","position":1,"name":"In\u00edcio","item":"https:\/\/news.ecclesia.org.br\/"},{"@type":"ListItem","position":2,"name":"PATRIARCA CELEBRA S\u00c3O PA\u00cdSIOS DE MONTE ATHOS"}]},{"@type":"WebSite","@id":"https:\/\/news.ecclesia.org.br\/#website","url":"https:\/\/news.ecclesia.org.br\/","name":"Ecclesia Brasil","description":"Desde 2003 onectando o Brasil ao mundo ortodoxo!","publisher":{"@id":"https:\/\/news.ecclesia.org.br\/#organization"},"alternateName":"Ecclesia","potentialAction":[{"@type":"SearchAction","target":{"@type":"EntryPoint","urlTemplate":"https:\/\/news.ecclesia.org.br\/?s={search_term_string}"},"query-input":{"@type":"PropertyValueSpecification","valueRequired":true,"valueName":"search_term_string"}}],"inLanguage":"pt-BR"},{"@type":"Organization","@id":"https:\/\/news.ecclesia.org.br\/#organization","name":"Sacra Arquidiocese de Buenos Aires e Am\u00e9rica do Sul | Patriarcado Ecum\u00eanico","alternateName":"News Ecclesia Brasil","url":"https:\/\/news.ecclesia.org.br\/","logo":{"@type":"ImageObject","inLanguage":"pt-BR","@id":"https:\/\/news.ecclesia.org.br\/#\/schema\/logo\/image\/","url":"https:\/\/news.ecclesia.org.br\/wp-content\/uploads\/2025\/05\/ecclesia2.png","contentUrl":"https:\/\/news.ecclesia.org.br\/wp-content\/uploads\/2025\/05\/ecclesia2.png","width":480,"height":120,"caption":"Sacra Arquidiocese de Buenos Aires e Am\u00e9rica do Sul | Patriarcado Ecum\u00eanico"},"image":{"@id":"https:\/\/news.ecclesia.org.br\/#\/schema\/logo\/image\/"},"sameAs":["https:\/\/www.facebook.com\/Ecclesia2025","https:\/\/x.com\/EcclesiaNews","https:\/\/br.pinterest.com\/ekklisia\/","https:\/\/www.youtube.com\/@EcclesiaBrasil"]},{"@type":"Person","@id":"https:\/\/news.ecclesia.org.br\/#\/schema\/person\/6f09597f025829745ba414a569f63758","name":"Pe. Andr\u00e9","image":{"@type":"ImageObject","inLanguage":"pt-BR","@id":"https:\/\/secure.gravatar.com\/avatar\/b4327cfa27e9799da239a26adcd534fc29cdc0c4a4a148eecbcfeb9b42c617ac?s=96&d=mm&r=g","url":"https:\/\/secure.gravatar.com\/avatar\/b4327cfa27e9799da239a26adcd534fc29cdc0c4a4a148eecbcfeb9b42c617ac?s=96&d=mm&r=g","contentUrl":"https:\/\/secure.gravatar.com\/avatar\/b4327cfa27e9799da239a26adcd534fc29cdc0c4a4a148eecbcfeb9b42c617ac?s=96&d=mm&r=g","caption":"Pe. Andr\u00e9"},"sameAs":["https:\/\/www.ecclesia.org.br"]}]}},"_links":{"self":[{"href":"https:\/\/news.ecclesia.org.br\/index.php?rest_route=\/wp\/v2\/posts\/7704","targetHints":{"allow":["GET"]}}],"collection":[{"href":"https:\/\/news.ecclesia.org.br\/index.php?rest_route=\/wp\/v2\/posts"}],"about":[{"href":"https:\/\/news.ecclesia.org.br\/index.php?rest_route=\/wp\/v2\/types\/post"}],"author":[{"embeddable":true,"href":"https:\/\/news.ecclesia.org.br\/index.php?rest_route=\/wp\/v2\/users\/1"}],"replies":[{"embeddable":true,"href":"https:\/\/news.ecclesia.org.br\/index.php?rest_route=%2Fwp%2Fv2%2Fcomments&post=7704"}],"version-history":[{"count":0,"href":"https:\/\/news.ecclesia.org.br\/index.php?rest_route=\/wp\/v2\/posts\/7704\/revisions"}],"wp:attachment":[{"href":"https:\/\/news.ecclesia.org.br\/index.php?rest_route=%2Fwp%2Fv2%2Fmedia&parent=7704"}],"wp:term":[{"taxonomy":"category","embeddable":true,"href":"https:\/\/news.ecclesia.org.br\/index.php?rest_route=%2Fwp%2Fv2%2Fcategories&post=7704"},{"taxonomy":"post_tag","embeddable":true,"href":"https:\/\/news.ecclesia.org.br\/index.php?rest_route=%2Fwp%2Fv2%2Ftags&post=7704"}],"curies":[{"name":"wp","href":"https:\/\/api.w.org\/{rel}","templated":true}]}}