{"id":7686,"date":"2015-07-11T22:03:05","date_gmt":"2015-07-12T01:03:05","guid":{"rendered":"http:\/\/www.ecclesia.com.br\/news\/2013\/?p=7686"},"modified":"2016-03-22T02:25:18","modified_gmt":"2016-03-22T02:25:18","slug":"metropolita-tarasios-com-francisco","status":"publish","type":"post","link":"https:\/\/news.ecclesia.org.br\/?p=7686","title":{"rendered":"METROPOLITA TARASIOS DE BUENOS AIRES COM PAPA FRANCISCO DE ROMA"},"content":{"rendered":"<p style=\"text-align: justify;\"><a href=\"https:\/\/news.ecclesia.org.br\/2013\/wp-content\/uploads\/2015\/07\/tarasios-Paraguay-1.jpg\" rel=\"attachment wp-att-7687\"><img decoding=\"async\" class=\"alignleft size-medium wp-image-7687\" src=\"https:\/\/news.ecclesia.org.br\/2013\/wp-content\/uploads\/2015\/07\/tarasios-Paraguay-1-300x160.jpg\" alt=\"tarasios-Paraguay\" width=\"300\" height=\"160\" srcset=\"https:\/\/news.ecclesia.org.br\/wp-content\/uploads\/2015\/07\/tarasios-Paraguay-1-300x160.jpg 300w, https:\/\/news.ecclesia.org.br\/wp-content\/uploads\/2015\/07\/tarasios-Paraguay-1-768x410.jpg 768w, https:\/\/news.ecclesia.org.br\/wp-content\/uploads\/2015\/07\/tarasios-Paraguay-1-103x55.jpg 103w, https:\/\/news.ecclesia.org.br\/wp-content\/uploads\/2015\/07\/tarasios-Paraguay-1.jpg 800w\" sizes=\"(max-width: 300px) 100vw, 300px\" \/><\/a>Depois de participar na \u00faltima reuni\u00e3o do Santo s\u00ednodo do Patriarcado Ecum\u00eanico, em\u00a007 de julho de 2015, o Metropolita\u00a0Tarasios\u00a0retornou \u00e0 Am\u00e9rica do Sul e, como Exarca do Patriarca Ecum\u00eanico,\u00a0S. Santidade Bartolomeu I, juntou-se\u00a0\u00e0\u00a0comitiva de Bispos na viagem do Papa Francisco \u00e0\u00a0Bol\u00edvia e ao Paraguai. S. Emin\u00eancia participa na intensa agenda de visitas do Papa Francisco que chegou nesta sexta-feira (10) no Paraguai, onde encerra sua viagem \u00e0\u00a0Am\u00e9rica do Sul. O Papa j\u00e1 passou pelo Equador e pela Bol\u00edvia nesta que \u00e9 a nona viagem internacional de seu pontificado. De acordo com a EFE, o avi\u00e3o da companhia a\u00e9rea Alitalia que transportava o Papa chegou \u00e0s 14h48 do hor\u00e1rio local (15h48, pelo hor\u00e1rio do Brasil) no aeroporto internacional Silvio Pettirossi, em Assun\u00e7\u00e3o, procedente da Bol\u00edvia. Uma festiva cerim\u00f4nia de tradi\u00e7\u00f5es guaranis foi realizada, debaixo de chuva, na chegada do Papa. O pont\u00edfice deixou o aeroporto na dire\u00e7\u00e3o da capital ao som de um coro de 200 crian\u00e7as de escolas p\u00fablicas, que cantaram can\u00e7\u00f5es t\u00edpicas.<\/p>\n<p><!--EndFragment --><\/p>\n","protected":false},"excerpt":{"rendered":"<p>Depois de participar na \u00faltima reuni\u00e3o do Santo s\u00ednodo do Patriarcado Ecum\u00eanico, em\u00a007 de julho de 2015, o Metropolita\u00a0Tarasios\u00a0retornou \u00e0 Am\u00e9rica do Sul e, como Exarca do Patriarca Ecum\u00eanico,\u00a0S. Santidade Bartolomeu I, juntou-se\u00a0\u00e0\u00a0comitiva de Bispos na viagem do Papa Francisco&#8230;<\/p>\n","protected":false},"author":1,"featured_media":7687,"comment_status":"open","ping_status":"open","sticky":false,"template":"","format":"standard","meta":{"_acf_changed":false,"footnotes":""},"categories":[40],"tags":[],"class_list":["post-7686","post","type-post","status-publish","format-standard","has-post-thumbnail","hentry","category-arquidiocese-de-buenos-aires-e-america-do-sul","entry","rows-excerpt"],"acf":[],"yoast_head":"<!-- This site is optimized with the Yoast SEO plugin v27.5 - https:\/\/yoast.com\/product\/yoast-seo-wordpress\/ -->\n<title>METROPOLITA TARASIOS DE BUENOS AIRES COM PAPA FRANCISCO DE ROMA | ECCLESIA NEWS<\/title>\n<meta name=\"robots\" content=\"index, follow, max-snippet:-1, max-image-preview:large, max-video-preview:-1\" \/>\n<link rel=\"canonical\" href=\"https:\/\/news.ecclesia.org.br\/?p=7686\" \/>\n<meta property=\"og:locale\" content=\"pt_BR\" \/>\n<meta property=\"og:type\" content=\"article\" \/>\n<meta property=\"og:title\" content=\"METROPOLITA TARASIOS DE BUENOS AIRES COM PAPA FRANCISCO DE ROMA | ECCLESIA NEWS\" \/>\n<meta property=\"og:description\" content=\"Depois de participar na \u00faltima reuni\u00e3o do Santo s\u00ednodo do Patriarcado Ecum\u00eanico, em\u00a007 de julho de 2015, o Metropolita\u00a0Tarasios\u00a0retornou \u00e0 Am\u00e9rica do Sul e, como Exarca do Patriarca Ecum\u00eanico,\u00a0S. Santidade Bartolomeu I, juntou-se\u00a0\u00e0\u00a0comitiva de Bispos na viagem do Papa Francisco&#8230;\" \/>\n<meta property=\"og:url\" content=\"https:\/\/news.ecclesia.org.br\/?p=7686\" \/>\n<meta property=\"og:site_name\" content=\"ECCLESIA NEWS\" \/>\n<meta property=\"article:publisher\" content=\"https:\/\/www.facebook.com\/Ecclesia2025\" \/>\n<meta property=\"article:published_time\" content=\"2015-07-12T01:03:05+00:00\" \/>\n<meta property=\"article:modified_time\" content=\"2016-03-22T02:25:18+00:00\" \/>\n<meta property=\"og:image\" content=\"https:\/\/news.ecclesia.org.br\/wp-content\/uploads\/2015\/07\/tarasios-Paraguay-1.jpg\" \/>\n\t<meta property=\"og:image:width\" content=\"800\" \/>\n\t<meta property=\"og:image:height\" content=\"427\" \/>\n\t<meta property=\"og:image:type\" content=\"image\/jpeg\" \/>\n<meta name=\"author\" content=\"Pe. Andr\u00e9\" \/>\n<meta name=\"twitter:card\" content=\"summary_large_image\" \/>\n<meta name=\"twitter:creator\" content=\"@EcclesiaNews\" \/>\n<meta name=\"twitter:site\" content=\"@EcclesiaNews\" \/>\n<meta name=\"twitter:label1\" content=\"Escrito por\" \/>\n\t<meta name=\"twitter:data1\" content=\"Pe. Andr\u00e9\" \/>\n\t<meta name=\"twitter:label2\" content=\"Est. tempo de leitura\" \/>\n\t<meta name=\"twitter:data2\" content=\"1 minuto\" \/>\n<script type=\"application\/ld+json\" class=\"yoast-schema-graph\">{\"@context\":\"https:\\\/\\\/schema.org\",\"@graph\":[{\"@type\":\"Article\",\"@id\":\"https:\\\/\\\/news.ecclesia.org.br\\\/?p=7686#article\",\"isPartOf\":{\"@id\":\"https:\\\/\\\/news.ecclesia.org.br\\\/?p=7686\"},\"author\":{\"name\":\"Pe. Andr\u00e9\",\"@id\":\"https:\\\/\\\/news.ecclesia.org.br\\\/#\\\/schema\\\/person\\\/6f09597f025829745ba414a569f63758\"},\"headline\":\"METROPOLITA TARASIOS DE BUENOS AIRES COM PAPA FRANCISCO DE ROMA\",\"datePublished\":\"2015-07-12T01:03:05+00:00\",\"dateModified\":\"2016-03-22T02:25:18+00:00\",\"mainEntityOfPage\":{\"@id\":\"https:\\\/\\\/news.ecclesia.org.br\\\/?p=7686\"},\"wordCount\":195,\"commentCount\":0,\"publisher\":{\"@id\":\"https:\\\/\\\/news.ecclesia.org.br\\\/#organization\"},\"image\":{\"@id\":\"https:\\\/\\\/news.ecclesia.org.br\\\/?p=7686#primaryimage\"},\"thumbnailUrl\":\"https:\\\/\\\/news.ecclesia.org.br\\\/wp-content\\\/uploads\\\/2015\\\/07\\\/tarasios-Paraguay-1.jpg\",\"articleSection\":[\"Arquidiocese de Buenos Aires e Am\u00e9rica do Sul\"],\"inLanguage\":\"pt-BR\",\"potentialAction\":[{\"@type\":\"CommentAction\",\"name\":\"Comment\",\"target\":[\"https:\\\/\\\/news.ecclesia.org.br\\\/?p=7686#respond\"]}]},{\"@type\":\"WebPage\",\"@id\":\"https:\\\/\\\/news.ecclesia.org.br\\\/?p=7686\",\"url\":\"https:\\\/\\\/news.ecclesia.org.br\\\/?p=7686\",\"name\":\"METROPOLITA TARASIOS DE BUENOS AIRES COM PAPA FRANCISCO DE ROMA | ECCLESIA NEWS\",\"isPartOf\":{\"@id\":\"https:\\\/\\\/news.ecclesia.org.br\\\/#website\"},\"primaryImageOfPage\":{\"@id\":\"https:\\\/\\\/news.ecclesia.org.br\\\/?p=7686#primaryimage\"},\"image\":{\"@id\":\"https:\\\/\\\/news.ecclesia.org.br\\\/?p=7686#primaryimage\"},\"thumbnailUrl\":\"https:\\\/\\\/news.ecclesia.org.br\\\/wp-content\\\/uploads\\\/2015\\\/07\\\/tarasios-Paraguay-1.jpg\",\"datePublished\":\"2015-07-12T01:03:05+00:00\",\"dateModified\":\"2016-03-22T02:25:18+00:00\",\"breadcrumb\":{\"@id\":\"https:\\\/\\\/news.ecclesia.org.br\\\/?p=7686#breadcrumb\"},\"inLanguage\":\"pt-BR\",\"potentialAction\":[{\"@type\":\"ReadAction\",\"target\":[\"https:\\\/\\\/news.ecclesia.org.br\\\/?p=7686\"]}]},{\"@type\":\"ImageObject\",\"inLanguage\":\"pt-BR\",\"@id\":\"https:\\\/\\\/news.ecclesia.org.br\\\/?p=7686#primaryimage\",\"url\":\"https:\\\/\\\/news.ecclesia.org.br\\\/wp-content\\\/uploads\\\/2015\\\/07\\\/tarasios-Paraguay-1.jpg\",\"contentUrl\":\"https:\\\/\\\/news.ecclesia.org.br\\\/wp-content\\\/uploads\\\/2015\\\/07\\\/tarasios-Paraguay-1.jpg\",\"width\":800,\"height\":427},{\"@type\":\"BreadcrumbList\",\"@id\":\"https:\\\/\\\/news.ecclesia.org.br\\\/?p=7686#breadcrumb\",\"itemListElement\":[{\"@type\":\"ListItem\",\"position\":1,\"name\":\"In\u00edcio\",\"item\":\"https:\\\/\\\/news.ecclesia.org.br\\\/\"},{\"@type\":\"ListItem\",\"position\":2,\"name\":\"METROPOLITA TARASIOS DE BUENOS AIRES COM PAPA FRANCISCO DE ROMA\"}]},{\"@type\":\"WebSite\",\"@id\":\"https:\\\/\\\/news.ecclesia.org.br\\\/#website\",\"url\":\"https:\\\/\\\/news.ecclesia.org.br\\\/\",\"name\":\"Ecclesia Brasil\",\"description\":\"Desde 2003 onectando o Brasil ao mundo ortodoxo!\",\"publisher\":{\"@id\":\"https:\\\/\\\/news.ecclesia.org.br\\\/#organization\"},\"alternateName\":\"Ecclesia\",\"potentialAction\":[{\"@type\":\"SearchAction\",\"target\":{\"@type\":\"EntryPoint\",\"urlTemplate\":\"https:\\\/\\\/news.ecclesia.org.br\\\/?s={search_term_string}\"},\"query-input\":{\"@type\":\"PropertyValueSpecification\",\"valueRequired\":true,\"valueName\":\"search_term_string\"}}],\"inLanguage\":\"pt-BR\"},{\"@type\":\"Organization\",\"@id\":\"https:\\\/\\\/news.ecclesia.org.br\\\/#organization\",\"name\":\"Sacra Arquidiocese de Buenos Aires e Am\u00e9rica do Sul | Patriarcado Ecum\u00eanico\",\"alternateName\":\"News Ecclesia Brasil\",\"url\":\"https:\\\/\\\/news.ecclesia.org.br\\\/\",\"logo\":{\"@type\":\"ImageObject\",\"inLanguage\":\"pt-BR\",\"@id\":\"https:\\\/\\\/news.ecclesia.org.br\\\/#\\\/schema\\\/logo\\\/image\\\/\",\"url\":\"https:\\\/\\\/news.ecclesia.org.br\\\/wp-content\\\/uploads\\\/2025\\\/05\\\/ecclesia2.png\",\"contentUrl\":\"https:\\\/\\\/news.ecclesia.org.br\\\/wp-content\\\/uploads\\\/2025\\\/05\\\/ecclesia2.png\",\"width\":480,\"height\":120,\"caption\":\"Sacra Arquidiocese de Buenos Aires e Am\u00e9rica do Sul | Patriarcado Ecum\u00eanico\"},\"image\":{\"@id\":\"https:\\\/\\\/news.ecclesia.org.br\\\/#\\\/schema\\\/logo\\\/image\\\/\"},\"sameAs\":[\"https:\\\/\\\/www.facebook.com\\\/Ecclesia2025\",\"https:\\\/\\\/x.com\\\/EcclesiaNews\",\"https:\\\/\\\/br.pinterest.com\\\/ekklisia\\\/\",\"https:\\\/\\\/www.youtube.com\\\/@EcclesiaBrasil\"]},{\"@type\":\"Person\",\"@id\":\"https:\\\/\\\/news.ecclesia.org.br\\\/#\\\/schema\\\/person\\\/6f09597f025829745ba414a569f63758\",\"name\":\"Pe. Andr\u00e9\",\"image\":{\"@type\":\"ImageObject\",\"inLanguage\":\"pt-BR\",\"@id\":\"https:\\\/\\\/secure.gravatar.com\\\/avatar\\\/b4327cfa27e9799da239a26adcd534fc29cdc0c4a4a148eecbcfeb9b42c617ac?s=96&d=mm&r=g\",\"url\":\"https:\\\/\\\/secure.gravatar.com\\\/avatar\\\/b4327cfa27e9799da239a26adcd534fc29cdc0c4a4a148eecbcfeb9b42c617ac?s=96&d=mm&r=g\",\"contentUrl\":\"https:\\\/\\\/secure.gravatar.com\\\/avatar\\\/b4327cfa27e9799da239a26adcd534fc29cdc0c4a4a148eecbcfeb9b42c617ac?s=96&d=mm&r=g\",\"caption\":\"Pe. Andr\u00e9\"},\"sameAs\":[\"https:\\\/\\\/www.ecclesia.org.br\"]}]}<\/script>\n<!-- \/ Yoast SEO plugin. -->","yoast_head_json":{"title":"METROPOLITA TARASIOS DE BUENOS AIRES COM PAPA FRANCISCO DE ROMA | ECCLESIA NEWS","robots":{"index":"index","follow":"follow","max-snippet":"max-snippet:-1","max-image-preview":"max-image-preview:large","max-video-preview":"max-video-preview:-1"},"canonical":"https:\/\/news.ecclesia.org.br\/?p=7686","og_locale":"pt_BR","og_type":"article","og_title":"METROPOLITA TARASIOS DE BUENOS AIRES COM PAPA FRANCISCO DE ROMA | ECCLESIA NEWS","og_description":"Depois de participar na \u00faltima reuni\u00e3o do Santo s\u00ednodo do Patriarcado Ecum\u00eanico, em\u00a007 de julho de 2015, o Metropolita\u00a0Tarasios\u00a0retornou \u00e0 Am\u00e9rica do Sul e, como Exarca do Patriarca Ecum\u00eanico,\u00a0S. Santidade Bartolomeu I, juntou-se\u00a0\u00e0\u00a0comitiva de Bispos na viagem do Papa Francisco&#8230;","og_url":"https:\/\/news.ecclesia.org.br\/?p=7686","og_site_name":"ECCLESIA NEWS","article_publisher":"https:\/\/www.facebook.com\/Ecclesia2025","article_published_time":"2015-07-12T01:03:05+00:00","article_modified_time":"2016-03-22T02:25:18+00:00","og_image":[{"width":800,"height":427,"url":"https:\/\/news.ecclesia.org.br\/wp-content\/uploads\/2015\/07\/tarasios-Paraguay-1.jpg","type":"image\/jpeg"}],"author":"Pe. Andr\u00e9","twitter_card":"summary_large_image","twitter_creator":"@EcclesiaNews","twitter_site":"@EcclesiaNews","twitter_misc":{"Escrito por":"Pe. Andr\u00e9","Est. tempo de leitura":"1 minuto"},"schema":{"@context":"https:\/\/schema.org","@graph":[{"@type":"Article","@id":"https:\/\/news.ecclesia.org.br\/?p=7686#article","isPartOf":{"@id":"https:\/\/news.ecclesia.org.br\/?p=7686"},"author":{"name":"Pe. Andr\u00e9","@id":"https:\/\/news.ecclesia.org.br\/#\/schema\/person\/6f09597f025829745ba414a569f63758"},"headline":"METROPOLITA TARASIOS DE BUENOS AIRES COM PAPA FRANCISCO DE ROMA","datePublished":"2015-07-12T01:03:05+00:00","dateModified":"2016-03-22T02:25:18+00:00","mainEntityOfPage":{"@id":"https:\/\/news.ecclesia.org.br\/?p=7686"},"wordCount":195,"commentCount":0,"publisher":{"@id":"https:\/\/news.ecclesia.org.br\/#organization"},"image":{"@id":"https:\/\/news.ecclesia.org.br\/?p=7686#primaryimage"},"thumbnailUrl":"https:\/\/news.ecclesia.org.br\/wp-content\/uploads\/2015\/07\/tarasios-Paraguay-1.jpg","articleSection":["Arquidiocese de Buenos Aires e Am\u00e9rica do Sul"],"inLanguage":"pt-BR","potentialAction":[{"@type":"CommentAction","name":"Comment","target":["https:\/\/news.ecclesia.org.br\/?p=7686#respond"]}]},{"@type":"WebPage","@id":"https:\/\/news.ecclesia.org.br\/?p=7686","url":"https:\/\/news.ecclesia.org.br\/?p=7686","name":"METROPOLITA TARASIOS DE BUENOS AIRES COM PAPA FRANCISCO DE ROMA | ECCLESIA NEWS","isPartOf":{"@id":"https:\/\/news.ecclesia.org.br\/#website"},"primaryImageOfPage":{"@id":"https:\/\/news.ecclesia.org.br\/?p=7686#primaryimage"},"image":{"@id":"https:\/\/news.ecclesia.org.br\/?p=7686#primaryimage"},"thumbnailUrl":"https:\/\/news.ecclesia.org.br\/wp-content\/uploads\/2015\/07\/tarasios-Paraguay-1.jpg","datePublished":"2015-07-12T01:03:05+00:00","dateModified":"2016-03-22T02:25:18+00:00","breadcrumb":{"@id":"https:\/\/news.ecclesia.org.br\/?p=7686#breadcrumb"},"inLanguage":"pt-BR","potentialAction":[{"@type":"ReadAction","target":["https:\/\/news.ecclesia.org.br\/?p=7686"]}]},{"@type":"ImageObject","inLanguage":"pt-BR","@id":"https:\/\/news.ecclesia.org.br\/?p=7686#primaryimage","url":"https:\/\/news.ecclesia.org.br\/wp-content\/uploads\/2015\/07\/tarasios-Paraguay-1.jpg","contentUrl":"https:\/\/news.ecclesia.org.br\/wp-content\/uploads\/2015\/07\/tarasios-Paraguay-1.jpg","width":800,"height":427},{"@type":"BreadcrumbList","@id":"https:\/\/news.ecclesia.org.br\/?p=7686#breadcrumb","itemListElement":[{"@type":"ListItem","position":1,"name":"In\u00edcio","item":"https:\/\/news.ecclesia.org.br\/"},{"@type":"ListItem","position":2,"name":"METROPOLITA TARASIOS DE BUENOS AIRES COM PAPA FRANCISCO DE ROMA"}]},{"@type":"WebSite","@id":"https:\/\/news.ecclesia.org.br\/#website","url":"https:\/\/news.ecclesia.org.br\/","name":"Ecclesia Brasil","description":"Desde 2003 onectando o Brasil ao mundo ortodoxo!","publisher":{"@id":"https:\/\/news.ecclesia.org.br\/#organization"},"alternateName":"Ecclesia","potentialAction":[{"@type":"SearchAction","target":{"@type":"EntryPoint","urlTemplate":"https:\/\/news.ecclesia.org.br\/?s={search_term_string}"},"query-input":{"@type":"PropertyValueSpecification","valueRequired":true,"valueName":"search_term_string"}}],"inLanguage":"pt-BR"},{"@type":"Organization","@id":"https:\/\/news.ecclesia.org.br\/#organization","name":"Sacra Arquidiocese de Buenos Aires e Am\u00e9rica do Sul | Patriarcado Ecum\u00eanico","alternateName":"News Ecclesia Brasil","url":"https:\/\/news.ecclesia.org.br\/","logo":{"@type":"ImageObject","inLanguage":"pt-BR","@id":"https:\/\/news.ecclesia.org.br\/#\/schema\/logo\/image\/","url":"https:\/\/news.ecclesia.org.br\/wp-content\/uploads\/2025\/05\/ecclesia2.png","contentUrl":"https:\/\/news.ecclesia.org.br\/wp-content\/uploads\/2025\/05\/ecclesia2.png","width":480,"height":120,"caption":"Sacra Arquidiocese de Buenos Aires e Am\u00e9rica do Sul | Patriarcado Ecum\u00eanico"},"image":{"@id":"https:\/\/news.ecclesia.org.br\/#\/schema\/logo\/image\/"},"sameAs":["https:\/\/www.facebook.com\/Ecclesia2025","https:\/\/x.com\/EcclesiaNews","https:\/\/br.pinterest.com\/ekklisia\/","https:\/\/www.youtube.com\/@EcclesiaBrasil"]},{"@type":"Person","@id":"https:\/\/news.ecclesia.org.br\/#\/schema\/person\/6f09597f025829745ba414a569f63758","name":"Pe. Andr\u00e9","image":{"@type":"ImageObject","inLanguage":"pt-BR","@id":"https:\/\/secure.gravatar.com\/avatar\/b4327cfa27e9799da239a26adcd534fc29cdc0c4a4a148eecbcfeb9b42c617ac?s=96&d=mm&r=g","url":"https:\/\/secure.gravatar.com\/avatar\/b4327cfa27e9799da239a26adcd534fc29cdc0c4a4a148eecbcfeb9b42c617ac?s=96&d=mm&r=g","contentUrl":"https:\/\/secure.gravatar.com\/avatar\/b4327cfa27e9799da239a26adcd534fc29cdc0c4a4a148eecbcfeb9b42c617ac?s=96&d=mm&r=g","caption":"Pe. Andr\u00e9"},"sameAs":["https:\/\/www.ecclesia.org.br"]}]}},"_links":{"self":[{"href":"https:\/\/news.ecclesia.org.br\/index.php?rest_route=\/wp\/v2\/posts\/7686","targetHints":{"allow":["GET"]}}],"collection":[{"href":"https:\/\/news.ecclesia.org.br\/index.php?rest_route=\/wp\/v2\/posts"}],"about":[{"href":"https:\/\/news.ecclesia.org.br\/index.php?rest_route=\/wp\/v2\/types\/post"}],"author":[{"embeddable":true,"href":"https:\/\/news.ecclesia.org.br\/index.php?rest_route=\/wp\/v2\/users\/1"}],"replies":[{"embeddable":true,"href":"https:\/\/news.ecclesia.org.br\/index.php?rest_route=%2Fwp%2Fv2%2Fcomments&post=7686"}],"version-history":[{"count":0,"href":"https:\/\/news.ecclesia.org.br\/index.php?rest_route=\/wp\/v2\/posts\/7686\/revisions"}],"wp:featuredmedia":[{"embeddable":true,"href":"https:\/\/news.ecclesia.org.br\/index.php?rest_route=\/wp\/v2\/media\/7687"}],"wp:attachment":[{"href":"https:\/\/news.ecclesia.org.br\/index.php?rest_route=%2Fwp%2Fv2%2Fmedia&parent=7686"}],"wp:term":[{"taxonomy":"category","embeddable":true,"href":"https:\/\/news.ecclesia.org.br\/index.php?rest_route=%2Fwp%2Fv2%2Fcategories&post=7686"},{"taxonomy":"post_tag","embeddable":true,"href":"https:\/\/news.ecclesia.org.br\/index.php?rest_route=%2Fwp%2Fv2%2Ftags&post=7686"}],"curies":[{"name":"wp","href":"https:\/\/api.w.org\/{rel}","templated":true}]}}