{"id":7680,"date":"2015-07-11T21:27:54","date_gmt":"2015-07-12T00:27:54","guid":{"rendered":"http:\/\/www.ecclesia.com.br\/news\/2013\/?p=7680"},"modified":"2016-03-22T03:07:00","modified_gmt":"2016-03-22T03:07:00","slug":"atenagoras-de-constantinopla-o-pacificador","status":"publish","type":"post","link":"https:\/\/news.ecclesia.org.br\/?p=7680","title":{"rendered":"ATEN\u00c1GORAS DE CONSTANTINOPLA: O \u00abPACIFICADOR\u00bb"},"content":{"rendered":"<p style=\"text-align: justify;\"><div id=\"galleria-7680\"><a href=\"https:\/\/news.ecclesia.org.br\/wp-content\/uploads\/2015\/07\/athenagoras-001-759x1024.jpg\"><img decoding=\"async\" title=\"athenagoras-001\" alt=\"\" src=\"https:\/\/news.ecclesia.org.br\/wp-content\/uploads\/2015\/07\/athenagoras-001-41x55.jpg\" data-big=\"https:\/\/news.ecclesia.org.br\/wp-content\/uploads\/2015\/07\/athenagoras-001-759x1024.jpg\"><\/a><a href=\"https:\/\/news.ecclesia.org.br\/wp-content\/uploads\/2015\/07\/athenagoras-002.jpg\"><img decoding=\"async\" title=\"athenagoras-002\" alt=\"\" src=\"https:\/\/news.ecclesia.org.br\/wp-content\/uploads\/2015\/07\/athenagoras-002-43x55.jpg\" data-big=\"https:\/\/news.ecclesia.org.br\/wp-content\/uploads\/2015\/07\/athenagoras-002.jpg\"><\/a><a href=\"https:\/\/news.ecclesia.org.br\/wp-content\/uploads\/2015\/07\/athenagoras-003.jpg\"><img decoding=\"async\" title=\"athenagoras-003\" alt=\"\" src=\"https:\/\/news.ecclesia.org.br\/wp-content\/uploads\/2015\/07\/athenagoras-003-41x55.jpg\" data-big=\"https:\/\/news.ecclesia.org.br\/wp-content\/uploads\/2015\/07\/athenagoras-003.jpg\"><\/a><a href=\"https:\/\/news.ecclesia.org.br\/wp-content\/uploads\/2015\/07\/65-001-662x1024.jpg\"><img decoding=\"async\" title=\"65-001\" alt=\"\" src=\"https:\/\/news.ecclesia.org.br\/wp-content\/uploads\/2015\/07\/65-001-36x55.jpg\" data-big=\"https:\/\/news.ecclesia.org.br\/wp-content\/uploads\/2015\/07\/65-001-662x1024.jpg\"><\/a><a href=\"https:\/\/news.ecclesia.org.br\/wp-content\/uploads\/2015\/07\/65-002-662x1024.jpg\"><img decoding=\"async\" title=\"65-002\" alt=\"\" src=\"https:\/\/news.ecclesia.org.br\/wp-content\/uploads\/2015\/07\/65-002-36x55.jpg\" data-big=\"https:\/\/news.ecclesia.org.br\/wp-content\/uploads\/2015\/07\/65-002-662x1024.jpg\"><\/a><a href=\"https:\/\/news.ecclesia.org.br\/wp-content\/uploads\/2015\/07\/65-004-662x1024.jpg\"><img decoding=\"async\" title=\"65-004\" alt=\"\" src=\"https:\/\/news.ecclesia.org.br\/wp-content\/uploads\/2015\/07\/65-004-36x55.jpg\" data-big=\"https:\/\/news.ecclesia.org.br\/wp-content\/uploads\/2015\/07\/65-004-662x1024.jpg\"><\/a><a href=\"https:\/\/news.ecclesia.org.br\/wp-content\/uploads\/2015\/07\/65-005-662x1024.jpg\"><img decoding=\"async\" title=\"65-005\" alt=\"\" src=\"https:\/\/news.ecclesia.org.br\/wp-content\/uploads\/2015\/07\/65-005-36x55.jpg\" data-big=\"https:\/\/news.ecclesia.org.br\/wp-content\/uploads\/2015\/07\/65-005-662x1024.jpg\"><\/a><a href=\"https:\/\/news.ecclesia.org.br\/wp-content\/uploads\/2015\/07\/65-011-700x1024.jpg\"><img decoding=\"async\" title=\"65-011\" alt=\"\" src=\"https:\/\/news.ecclesia.org.br\/wp-content\/uploads\/2015\/07\/65-011-38x55.jpg\" data-big=\"https:\/\/news.ecclesia.org.br\/wp-content\/uploads\/2015\/07\/65-011-700x1024.jpg\"><\/a><a href=\"https:\/\/news.ecclesia.org.br\/wp-content\/uploads\/2015\/07\/65-012.jpg\"><img decoding=\"async\" title=\"65-012\" alt=\"\" src=\"https:\/\/news.ecclesia.org.br\/wp-content\/uploads\/2015\/07\/65-012-36x55.jpg\" data-big=\"https:\/\/news.ecclesia.org.br\/wp-content\/uploads\/2015\/07\/65-012.jpg\"><\/a><a href=\"https:\/\/news.ecclesia.org.br\/wp-content\/uploads\/2015\/07\/65-013-697x1024.jpg\"><img decoding=\"async\" title=\"65-013\" alt=\"\" src=\"https:\/\/news.ecclesia.org.br\/wp-content\/uploads\/2015\/07\/65-013-37x55.jpg\" data-big=\"https:\/\/news.ecclesia.org.br\/wp-content\/uploads\/2015\/07\/65-013-697x1024.jpg\"><\/a><a href=\"https:\/\/news.ecclesia.org.br\/wp-content\/uploads\/2015\/07\/65-015.jpg\"><img decoding=\"async\" title=\"65-015\" alt=\"\" src=\"https:\/\/news.ecclesia.org.br\/wp-content\/uploads\/2015\/07\/65-015-35x55.jpg\" data-big=\"https:\/\/news.ecclesia.org.br\/wp-content\/uploads\/2015\/07\/65-015.jpg\"><\/a><\/div>Na \u00faltima ter\u00e7a-feira, 07 de julho de 2015, completou-se 43 anos do adormecimento em Cristo do grande Patriarca Aten\u00e1goras\u00a0de Constantinopla (Ioannina, 1886 &#8211; Istambul, 1972), naquela sexta-feira em que deu seu \u00faltimo suspiro no Hospital de <em>Valoukli Town, <\/em>com semblante calmo e sereno, entregando sua alma a Deus, a quem amou e serviu ao longo de toda a sua vida. Este grande homem deixou a sua marca indel\u00e9vel na hist\u00f3ria da Igreja.<\/p>\n<p style=\"text-align: justify;\">Fiel aos ideais de sua Igreja e de sua Na\u00e7\u00e3o, nutriu-se espiritualmente no Semin\u00e1rio <em>Halki<\/em>, aquela mesma institui\u00e7\u00e3o situada pr\u00f3xima ao sagrado centro de Constantinopla que formou os mais proeminentes padres para a Grande Igreja de Cristo. L\u00e1 completou seus estudos teol\u00f3gicos, passando ent\u00e3o a servir como di\u00e1cono e, mais tarde, como secret\u00e1rio-geral da Diocese de Atenas. Em 1925 foi nomeado Metropolita de Corf\u00fa, e em 1937 foi elevado \u00e0 sede arquiepiscopal de Nova York, com jurisdi\u00e7\u00e3o espiritual sobre todos os ortodoxos gregos da Am\u00e9rica, com o t\u00edtulo de Metropolita para todo o continente. Desempenhou esta fun\u00e7\u00e3o por um per\u00edodo de 11 anos tornando-se c\u00e9lebre por sua gest\u00e3o junto \u00e0s comunidades de uma ampla di\u00e1spora que, sob sua lideran\u00e7a, chegaram a um elevado n\u00edvel elevado disciplinar e religioso. Suas cont\u00ednuas viagens, suas rela\u00e7\u00f5es com as mais diversas denomina\u00e7\u00f5es crist\u00e3s e seus contatos com a Igreja Cat\u00f3lica alentaram nele um sincero desejo de di\u00e1logo entre os crist\u00e3os do Oriente e do Ocidente. Seu nome tornou-se reconhecido internacionalmente desde 1948, quando foi eleito Patriarca Ecum\u00eanico de Constantinopla. Desde ent\u00e3o, cultivou a esperan\u00e7a de comunh\u00e3o entre todos os crist\u00e3os. Para tanto, fortaleceu as rela\u00e7\u00f5es com as comunidades bizantino-eslavas, realizando muitas viagens e contatos com as autoridades respons\u00e1veis \u200b\u200bpelos crist\u00e3os ortodoxos em todo mundo. Ocupou-se ainda da prepara\u00e7\u00e3o e reuni\u00e3o de diversas assembleias pan-ortodoxas, como a de Rhodes em 1961 e 1963, oportunidades em que tratou sobre os observadores que seriam enviados para o Conc\u00edlio Vaticano II, num esp\u00edrito de di\u00e1logo e de amizade.<\/p>\n<p style=\"text-align: justify;\">No que diz respeito \u00e0 Igreja Cat\u00f3lica, foi de grande bem, desde o primeiro momento, a amizade que mantinha com o Papa Jo\u00e3o XXIII que, ao ser eleito, tornou ainda mais frequente e estreita as rela\u00e7\u00f5es entre as duas Igrejas. Mais tarde, Athenagoras encontrou-se com o Papa Paulo VI em Jerusal\u00e9m, na viagem que fez o Papa \u00e0 Terra Santa. Em 1967, o recebeu em sua resid\u00eancia em Fanar. Posteriormente, Athenagoras visitou o Papa e ao S\u00ednodo dos Bispos reunidos em Roma durante o curso de uma viagem na qual se reuniu com os chefes das Igrejas Ortodoxas da S\u00e9rvia, Bulg\u00e1ria e Rom\u00eania, e com os l\u00edderes do Conselho Mundial de Igrejas em Genebra e com o Primaz da Igreja Anglicana em Londres.<\/p>\n<p style=\"text-align: justify;\">Do precioso tesouro que nos legou, a ora\u00e7\u00e3o-poema abaixo revela \u00a0\u00abesp\u00edrito de finesse\u00bb do grande Athen\u00e1goras de Constantinopla:<\/p>\n<blockquote><p>\u00abSem o Esp\u00edrito Santo:<br \/>\nDeus est\u00e1 longe,<br \/>\nO Cristo permanece no passado,<br \/>\nO Evangelho \u00e9 letra morta,<br \/>\nA Igreja \u00e9 uma simples organiza\u00e7\u00e3o,<br \/>\nA autoridade \u00e9 uma domina\u00e7\u00e3o,<br \/>\nA miss\u00e3o \u00e9 propaganda,<br \/>\nO culto \u00e9 uma velharia e<br \/>\nO agir crist\u00e3o uma obra de escravos.<\/p>\n<p>Mas, no Esp\u00edrito Santo:<br \/>\nO cosmos \u00e9 enobrecido pela gera\u00e7\u00e3o do Reino,<br \/>\nO homem est\u00e1 em combate contra a carne,<br \/>\nO Cristo ressuscitado torna-se presente,<br \/>\nO Evangelho se faz poder e vida,<br \/>\nA Igreja realiza a comunh\u00e3o trinit\u00e1ria,<br \/>\nA autoridade se transforma em servi\u00e7o que liberta,<br \/>\nA miss\u00e3o \u00e9 um Pentecostes,<br \/>\nA liturgia \u00e9 memorial e antecipa\u00e7\u00e3o,<br \/>\nO agir humano \u00e9 deificado\u00bb.<\/p><\/blockquote>\n","protected":false},"excerpt":{"rendered":"<p>Na \u00faltima ter\u00e7a-feira, 07 de julho de 2015, completou-se 43 anos do adormecimento em Cristo do grande Patriarca Aten\u00e1goras\u00a0de Constantinopla (Ioannina, 1886 &#8211; Istambul, 1972), naquela sexta-feira em que deu seu \u00faltimo suspiro no Hospital de Valoukli Town, com semblante&#8230;<\/p>\n","protected":false},"author":1,"featured_media":18457,"comment_status":"open","ping_status":"open","sticky":false,"template":"","format":"standard","meta":{"_acf_changed":false,"footnotes":""},"categories":[3,72],"tags":[],"class_list":["post-7680","post","type-post","status-publish","format-standard","has-post-thumbnail","hentry","category-mundo","category-patriarcado-ecumenico","entry","rows-excerpt"],"acf":[],"yoast_head":"<!-- This site is optimized with the Yoast SEO plugin v27.4 - https:\/\/yoast.com\/product\/yoast-seo-wordpress\/ -->\n<title>ATEN\u00c1GORAS DE CONSTANTINOPLA: O \u00abPACIFICADOR\u00bb | ECCLESIA NEWS<\/title>\n<meta name=\"robots\" content=\"index, follow, max-snippet:-1, max-image-preview:large, max-video-preview:-1\" \/>\n<link rel=\"canonical\" href=\"https:\/\/news.ecclesia.org.br\/?p=7680\" \/>\n<meta property=\"og:locale\" content=\"pt_BR\" \/>\n<meta property=\"og:type\" content=\"article\" \/>\n<meta property=\"og:title\" content=\"ATEN\u00c1GORAS DE CONSTANTINOPLA: O \u00abPACIFICADOR\u00bb | ECCLESIA NEWS\" \/>\n<meta property=\"og:description\" content=\"Na \u00faltima ter\u00e7a-feira, 07 de julho de 2015, completou-se 43 anos do adormecimento em Cristo do grande Patriarca Aten\u00e1goras\u00a0de Constantinopla (Ioannina, 1886 &#8211; Istambul, 1972), naquela sexta-feira em que deu seu \u00faltimo suspiro no Hospital de Valoukli Town, com semblante&#8230;\" \/>\n<meta property=\"og:url\" content=\"https:\/\/news.ecclesia.org.br\/?p=7680\" \/>\n<meta property=\"og:site_name\" content=\"ECCLESIA NEWS\" \/>\n<meta property=\"article:publisher\" content=\"https:\/\/www.facebook.com\/Ecclesia2025\" \/>\n<meta property=\"article:published_time\" content=\"2015-07-12T00:27:54+00:00\" \/>\n<meta property=\"article:modified_time\" content=\"2016-03-22T03:07:00+00:00\" \/>\n<meta property=\"og:image\" content=\"https:\/\/news.ecclesia.org.br\/wp-content\/uploads\/2015\/07\/athenagoras-003.jpg\" \/>\n\t<meta property=\"og:image:width\" content=\"480\" \/>\n\t<meta property=\"og:image:height\" content=\"640\" \/>\n\t<meta property=\"og:image:type\" content=\"image\/jpeg\" \/>\n<meta name=\"author\" content=\"Pe. Andr\u00e9\" \/>\n<meta name=\"twitter:card\" content=\"summary_large_image\" \/>\n<meta name=\"twitter:creator\" content=\"@EcclesiaNews\" \/>\n<meta name=\"twitter:site\" content=\"@EcclesiaNews\" \/>\n<meta name=\"twitter:label1\" content=\"Escrito por\" \/>\n\t<meta name=\"twitter:data1\" content=\"Pe. Andr\u00e9\" \/>\n\t<meta name=\"twitter:label2\" content=\"Est. tempo de leitura\" \/>\n\t<meta name=\"twitter:data2\" content=\"3 minutos\" \/>\n<script type=\"application\/ld+json\" class=\"yoast-schema-graph\">{\"@context\":\"https:\\\/\\\/schema.org\",\"@graph\":[{\"@type\":\"Article\",\"@id\":\"https:\\\/\\\/news.ecclesia.org.br\\\/?p=7680#article\",\"isPartOf\":{\"@id\":\"https:\\\/\\\/news.ecclesia.org.br\\\/?p=7680\"},\"author\":{\"name\":\"Pe. Andr\u00e9\",\"@id\":\"https:\\\/\\\/news.ecclesia.org.br\\\/#\\\/schema\\\/person\\\/6f09597f025829745ba414a569f63758\"},\"headline\":\"ATEN\u00c1GORAS DE CONSTANTINOPLA: O \u00abPACIFICADOR\u00bb\",\"datePublished\":\"2015-07-12T00:27:54+00:00\",\"dateModified\":\"2016-03-22T03:07:00+00:00\",\"mainEntityOfPage\":{\"@id\":\"https:\\\/\\\/news.ecclesia.org.br\\\/?p=7680\"},\"wordCount\":623,\"commentCount\":0,\"publisher\":{\"@id\":\"https:\\\/\\\/news.ecclesia.org.br\\\/#organization\"},\"image\":{\"@id\":\"https:\\\/\\\/news.ecclesia.org.br\\\/?p=7680#primaryimage\"},\"thumbnailUrl\":\"https:\\\/\\\/news.ecclesia.org.br\\\/wp-content\\\/uploads\\\/2015\\\/07\\\/athenagoras-003.jpg\",\"articleSection\":[\"Mundo Ortodoxo\",\"Patriarcado Ecum\u00eanico\"],\"inLanguage\":\"pt-BR\",\"potentialAction\":[{\"@type\":\"CommentAction\",\"name\":\"Comment\",\"target\":[\"https:\\\/\\\/news.ecclesia.org.br\\\/?p=7680#respond\"]}]},{\"@type\":\"WebPage\",\"@id\":\"https:\\\/\\\/news.ecclesia.org.br\\\/?p=7680\",\"url\":\"https:\\\/\\\/news.ecclesia.org.br\\\/?p=7680\",\"name\":\"ATEN\u00c1GORAS DE CONSTANTINOPLA: O \u00abPACIFICADOR\u00bb | ECCLESIA NEWS\",\"isPartOf\":{\"@id\":\"https:\\\/\\\/news.ecclesia.org.br\\\/#website\"},\"primaryImageOfPage\":{\"@id\":\"https:\\\/\\\/news.ecclesia.org.br\\\/?p=7680#primaryimage\"},\"image\":{\"@id\":\"https:\\\/\\\/news.ecclesia.org.br\\\/?p=7680#primaryimage\"},\"thumbnailUrl\":\"https:\\\/\\\/news.ecclesia.org.br\\\/wp-content\\\/uploads\\\/2015\\\/07\\\/athenagoras-003.jpg\",\"datePublished\":\"2015-07-12T00:27:54+00:00\",\"dateModified\":\"2016-03-22T03:07:00+00:00\",\"breadcrumb\":{\"@id\":\"https:\\\/\\\/news.ecclesia.org.br\\\/?p=7680#breadcrumb\"},\"inLanguage\":\"pt-BR\",\"potentialAction\":[{\"@type\":\"ReadAction\",\"target\":[\"https:\\\/\\\/news.ecclesia.org.br\\\/?p=7680\"]}]},{\"@type\":\"ImageObject\",\"inLanguage\":\"pt-BR\",\"@id\":\"https:\\\/\\\/news.ecclesia.org.br\\\/?p=7680#primaryimage\",\"url\":\"https:\\\/\\\/news.ecclesia.org.br\\\/wp-content\\\/uploads\\\/2015\\\/07\\\/athenagoras-003.jpg\",\"contentUrl\":\"https:\\\/\\\/news.ecclesia.org.br\\\/wp-content\\\/uploads\\\/2015\\\/07\\\/athenagoras-003.jpg\",\"width\":480,\"height\":640},{\"@type\":\"BreadcrumbList\",\"@id\":\"https:\\\/\\\/news.ecclesia.org.br\\\/?p=7680#breadcrumb\",\"itemListElement\":[{\"@type\":\"ListItem\",\"position\":1,\"name\":\"In\u00edcio\",\"item\":\"https:\\\/\\\/news.ecclesia.org.br\\\/\"},{\"@type\":\"ListItem\",\"position\":2,\"name\":\"ATEN\u00c1GORAS DE CONSTANTINOPLA: O \u00abPACIFICADOR\u00bb\"}]},{\"@type\":\"WebSite\",\"@id\":\"https:\\\/\\\/news.ecclesia.org.br\\\/#website\",\"url\":\"https:\\\/\\\/news.ecclesia.org.br\\\/\",\"name\":\"Ecclesia Brasil\",\"description\":\"Desde 2003 onectando o Brasil ao mundo ortodoxo!\",\"publisher\":{\"@id\":\"https:\\\/\\\/news.ecclesia.org.br\\\/#organization\"},\"alternateName\":\"Ecclesia\",\"potentialAction\":[{\"@type\":\"SearchAction\",\"target\":{\"@type\":\"EntryPoint\",\"urlTemplate\":\"https:\\\/\\\/news.ecclesia.org.br\\\/?s={search_term_string}\"},\"query-input\":{\"@type\":\"PropertyValueSpecification\",\"valueRequired\":true,\"valueName\":\"search_term_string\"}}],\"inLanguage\":\"pt-BR\"},{\"@type\":\"Organization\",\"@id\":\"https:\\\/\\\/news.ecclesia.org.br\\\/#organization\",\"name\":\"Sacra Arquidiocese de Buenos Aires e Am\u00e9rica do Sul | Patriarcado Ecum\u00eanico\",\"alternateName\":\"News Ecclesia Brasil\",\"url\":\"https:\\\/\\\/news.ecclesia.org.br\\\/\",\"logo\":{\"@type\":\"ImageObject\",\"inLanguage\":\"pt-BR\",\"@id\":\"https:\\\/\\\/news.ecclesia.org.br\\\/#\\\/schema\\\/logo\\\/image\\\/\",\"url\":\"https:\\\/\\\/news.ecclesia.org.br\\\/wp-content\\\/uploads\\\/2025\\\/05\\\/ecclesia2.png\",\"contentUrl\":\"https:\\\/\\\/news.ecclesia.org.br\\\/wp-content\\\/uploads\\\/2025\\\/05\\\/ecclesia2.png\",\"width\":480,\"height\":120,\"caption\":\"Sacra Arquidiocese de Buenos Aires e Am\u00e9rica do Sul | Patriarcado Ecum\u00eanico\"},\"image\":{\"@id\":\"https:\\\/\\\/news.ecclesia.org.br\\\/#\\\/schema\\\/logo\\\/image\\\/\"},\"sameAs\":[\"https:\\\/\\\/www.facebook.com\\\/Ecclesia2025\",\"https:\\\/\\\/x.com\\\/EcclesiaNews\",\"https:\\\/\\\/br.pinterest.com\\\/ekklisia\\\/\",\"https:\\\/\\\/www.youtube.com\\\/@EcclesiaBrasil\"]},{\"@type\":\"Person\",\"@id\":\"https:\\\/\\\/news.ecclesia.org.br\\\/#\\\/schema\\\/person\\\/6f09597f025829745ba414a569f63758\",\"name\":\"Pe. Andr\u00e9\",\"image\":{\"@type\":\"ImageObject\",\"inLanguage\":\"pt-BR\",\"@id\":\"https:\\\/\\\/secure.gravatar.com\\\/avatar\\\/b4327cfa27e9799da239a26adcd534fc29cdc0c4a4a148eecbcfeb9b42c617ac?s=96&d=mm&r=g\",\"url\":\"https:\\\/\\\/secure.gravatar.com\\\/avatar\\\/b4327cfa27e9799da239a26adcd534fc29cdc0c4a4a148eecbcfeb9b42c617ac?s=96&d=mm&r=g\",\"contentUrl\":\"https:\\\/\\\/secure.gravatar.com\\\/avatar\\\/b4327cfa27e9799da239a26adcd534fc29cdc0c4a4a148eecbcfeb9b42c617ac?s=96&d=mm&r=g\",\"caption\":\"Pe. Andr\u00e9\"},\"sameAs\":[\"https:\\\/\\\/www.ecclesia.org.br\"]}]}<\/script>\n<!-- \/ Yoast SEO plugin. -->","yoast_head_json":{"title":"ATEN\u00c1GORAS DE CONSTANTINOPLA: O \u00abPACIFICADOR\u00bb | ECCLESIA NEWS","robots":{"index":"index","follow":"follow","max-snippet":"max-snippet:-1","max-image-preview":"max-image-preview:large","max-video-preview":"max-video-preview:-1"},"canonical":"https:\/\/news.ecclesia.org.br\/?p=7680","og_locale":"pt_BR","og_type":"article","og_title":"ATEN\u00c1GORAS DE CONSTANTINOPLA: O \u00abPACIFICADOR\u00bb | ECCLESIA NEWS","og_description":"Na \u00faltima ter\u00e7a-feira, 07 de julho de 2015, completou-se 43 anos do adormecimento em Cristo do grande Patriarca Aten\u00e1goras\u00a0de Constantinopla (Ioannina, 1886 &#8211; Istambul, 1972), naquela sexta-feira em que deu seu \u00faltimo suspiro no Hospital de Valoukli Town, com semblante&#8230;","og_url":"https:\/\/news.ecclesia.org.br\/?p=7680","og_site_name":"ECCLESIA NEWS","article_publisher":"https:\/\/www.facebook.com\/Ecclesia2025","article_published_time":"2015-07-12T00:27:54+00:00","article_modified_time":"2016-03-22T03:07:00+00:00","og_image":[{"width":480,"height":640,"url":"https:\/\/news.ecclesia.org.br\/wp-content\/uploads\/2015\/07\/athenagoras-003.jpg","type":"image\/jpeg"}],"author":"Pe. Andr\u00e9","twitter_card":"summary_large_image","twitter_creator":"@EcclesiaNews","twitter_site":"@EcclesiaNews","twitter_misc":{"Escrito por":"Pe. Andr\u00e9","Est. tempo de leitura":"3 minutos"},"schema":{"@context":"https:\/\/schema.org","@graph":[{"@type":"Article","@id":"https:\/\/news.ecclesia.org.br\/?p=7680#article","isPartOf":{"@id":"https:\/\/news.ecclesia.org.br\/?p=7680"},"author":{"name":"Pe. Andr\u00e9","@id":"https:\/\/news.ecclesia.org.br\/#\/schema\/person\/6f09597f025829745ba414a569f63758"},"headline":"ATEN\u00c1GORAS DE CONSTANTINOPLA: O \u00abPACIFICADOR\u00bb","datePublished":"2015-07-12T00:27:54+00:00","dateModified":"2016-03-22T03:07:00+00:00","mainEntityOfPage":{"@id":"https:\/\/news.ecclesia.org.br\/?p=7680"},"wordCount":623,"commentCount":0,"publisher":{"@id":"https:\/\/news.ecclesia.org.br\/#organization"},"image":{"@id":"https:\/\/news.ecclesia.org.br\/?p=7680#primaryimage"},"thumbnailUrl":"https:\/\/news.ecclesia.org.br\/wp-content\/uploads\/2015\/07\/athenagoras-003.jpg","articleSection":["Mundo Ortodoxo","Patriarcado Ecum\u00eanico"],"inLanguage":"pt-BR","potentialAction":[{"@type":"CommentAction","name":"Comment","target":["https:\/\/news.ecclesia.org.br\/?p=7680#respond"]}]},{"@type":"WebPage","@id":"https:\/\/news.ecclesia.org.br\/?p=7680","url":"https:\/\/news.ecclesia.org.br\/?p=7680","name":"ATEN\u00c1GORAS DE CONSTANTINOPLA: O \u00abPACIFICADOR\u00bb | ECCLESIA NEWS","isPartOf":{"@id":"https:\/\/news.ecclesia.org.br\/#website"},"primaryImageOfPage":{"@id":"https:\/\/news.ecclesia.org.br\/?p=7680#primaryimage"},"image":{"@id":"https:\/\/news.ecclesia.org.br\/?p=7680#primaryimage"},"thumbnailUrl":"https:\/\/news.ecclesia.org.br\/wp-content\/uploads\/2015\/07\/athenagoras-003.jpg","datePublished":"2015-07-12T00:27:54+00:00","dateModified":"2016-03-22T03:07:00+00:00","breadcrumb":{"@id":"https:\/\/news.ecclesia.org.br\/?p=7680#breadcrumb"},"inLanguage":"pt-BR","potentialAction":[{"@type":"ReadAction","target":["https:\/\/news.ecclesia.org.br\/?p=7680"]}]},{"@type":"ImageObject","inLanguage":"pt-BR","@id":"https:\/\/news.ecclesia.org.br\/?p=7680#primaryimage","url":"https:\/\/news.ecclesia.org.br\/wp-content\/uploads\/2015\/07\/athenagoras-003.jpg","contentUrl":"https:\/\/news.ecclesia.org.br\/wp-content\/uploads\/2015\/07\/athenagoras-003.jpg","width":480,"height":640},{"@type":"BreadcrumbList","@id":"https:\/\/news.ecclesia.org.br\/?p=7680#breadcrumb","itemListElement":[{"@type":"ListItem","position":1,"name":"In\u00edcio","item":"https:\/\/news.ecclesia.org.br\/"},{"@type":"ListItem","position":2,"name":"ATEN\u00c1GORAS DE CONSTANTINOPLA: O \u00abPACIFICADOR\u00bb"}]},{"@type":"WebSite","@id":"https:\/\/news.ecclesia.org.br\/#website","url":"https:\/\/news.ecclesia.org.br\/","name":"Ecclesia Brasil","description":"Desde 2003 onectando o Brasil ao mundo ortodoxo!","publisher":{"@id":"https:\/\/news.ecclesia.org.br\/#organization"},"alternateName":"Ecclesia","potentialAction":[{"@type":"SearchAction","target":{"@type":"EntryPoint","urlTemplate":"https:\/\/news.ecclesia.org.br\/?s={search_term_string}"},"query-input":{"@type":"PropertyValueSpecification","valueRequired":true,"valueName":"search_term_string"}}],"inLanguage":"pt-BR"},{"@type":"Organization","@id":"https:\/\/news.ecclesia.org.br\/#organization","name":"Sacra Arquidiocese de Buenos Aires e Am\u00e9rica do Sul | Patriarcado Ecum\u00eanico","alternateName":"News Ecclesia Brasil","url":"https:\/\/news.ecclesia.org.br\/","logo":{"@type":"ImageObject","inLanguage":"pt-BR","@id":"https:\/\/news.ecclesia.org.br\/#\/schema\/logo\/image\/","url":"https:\/\/news.ecclesia.org.br\/wp-content\/uploads\/2025\/05\/ecclesia2.png","contentUrl":"https:\/\/news.ecclesia.org.br\/wp-content\/uploads\/2025\/05\/ecclesia2.png","width":480,"height":120,"caption":"Sacra Arquidiocese de Buenos Aires e Am\u00e9rica do Sul | Patriarcado Ecum\u00eanico"},"image":{"@id":"https:\/\/news.ecclesia.org.br\/#\/schema\/logo\/image\/"},"sameAs":["https:\/\/www.facebook.com\/Ecclesia2025","https:\/\/x.com\/EcclesiaNews","https:\/\/br.pinterest.com\/ekklisia\/","https:\/\/www.youtube.com\/@EcclesiaBrasil"]},{"@type":"Person","@id":"https:\/\/news.ecclesia.org.br\/#\/schema\/person\/6f09597f025829745ba414a569f63758","name":"Pe. Andr\u00e9","image":{"@type":"ImageObject","inLanguage":"pt-BR","@id":"https:\/\/secure.gravatar.com\/avatar\/b4327cfa27e9799da239a26adcd534fc29cdc0c4a4a148eecbcfeb9b42c617ac?s=96&d=mm&r=g","url":"https:\/\/secure.gravatar.com\/avatar\/b4327cfa27e9799da239a26adcd534fc29cdc0c4a4a148eecbcfeb9b42c617ac?s=96&d=mm&r=g","contentUrl":"https:\/\/secure.gravatar.com\/avatar\/b4327cfa27e9799da239a26adcd534fc29cdc0c4a4a148eecbcfeb9b42c617ac?s=96&d=mm&r=g","caption":"Pe. Andr\u00e9"},"sameAs":["https:\/\/www.ecclesia.org.br"]}]}},"_links":{"self":[{"href":"https:\/\/news.ecclesia.org.br\/index.php?rest_route=\/wp\/v2\/posts\/7680","targetHints":{"allow":["GET"]}}],"collection":[{"href":"https:\/\/news.ecclesia.org.br\/index.php?rest_route=\/wp\/v2\/posts"}],"about":[{"href":"https:\/\/news.ecclesia.org.br\/index.php?rest_route=\/wp\/v2\/types\/post"}],"author":[{"embeddable":true,"href":"https:\/\/news.ecclesia.org.br\/index.php?rest_route=\/wp\/v2\/users\/1"}],"replies":[{"embeddable":true,"href":"https:\/\/news.ecclesia.org.br\/index.php?rest_route=%2Fwp%2Fv2%2Fcomments&post=7680"}],"version-history":[{"count":0,"href":"https:\/\/news.ecclesia.org.br\/index.php?rest_route=\/wp\/v2\/posts\/7680\/revisions"}],"wp:featuredmedia":[{"embeddable":true,"href":"https:\/\/news.ecclesia.org.br\/index.php?rest_route=\/wp\/v2\/media\/18457"}],"wp:attachment":[{"href":"https:\/\/news.ecclesia.org.br\/index.php?rest_route=%2Fwp%2Fv2%2Fmedia&parent=7680"}],"wp:term":[{"taxonomy":"category","embeddable":true,"href":"https:\/\/news.ecclesia.org.br\/index.php?rest_route=%2Fwp%2Fv2%2Fcategories&post=7680"},{"taxonomy":"post_tag","embeddable":true,"href":"https:\/\/news.ecclesia.org.br\/index.php?rest_route=%2Fwp%2Fv2%2Ftags&post=7680"}],"curies":[{"name":"wp","href":"https:\/\/api.w.org\/{rel}","templated":true}]}}