{"id":7648,"date":"2015-07-08T14:31:22","date_gmt":"2015-07-08T17:31:22","guid":{"rendered":"http:\/\/www.ecclesia.com.br\/news\/2013\/?p=7648"},"modified":"2016-03-22T13:53:31","modified_gmt":"2016-03-22T13:53:31","slug":"uma-leitura-ortodoxa-da-laudato-si","status":"publish","type":"post","link":"https:\/\/news.ecclesia.org.br\/?p=7648","title":{"rendered":"UMA LEITURA ORTODOXA DA \u00abLAUDATO SI\u00bb"},"content":{"rendered":"<p style=\"text-align: justify;\"><a href=\"https:\/\/news.ecclesia.org.br\/2013\/wp-content\/uploads\/2015\/07\/laudato-si-enciclica-papa-francesco.jpg\" rel=\"attachment wp-att-18399\"><img decoding=\"async\" class=\"alignleft size-medium wp-image-18399\" src=\"https:\/\/news.ecclesia.org.br\/2013\/wp-content\/uploads\/2015\/07\/laudato-si-enciclica-papa-francesco-300x150.jpg\" alt=\"laudato-si-enciclica-papa-francesco\" width=\"300\" height=\"150\" srcset=\"https:\/\/news.ecclesia.org.br\/wp-content\/uploads\/2015\/07\/laudato-si-enciclica-papa-francesco-300x150.jpg 300w, https:\/\/news.ecclesia.org.br\/wp-content\/uploads\/2015\/07\/laudato-si-enciclica-papa-francesco.jpg 600w, https:\/\/news.ecclesia.org.br\/wp-content\/uploads\/2015\/07\/laudato-si-enciclica-papa-francesco-110x55.jpg 110w\" sizes=\"(max-width: 300px) 100vw, 300px\" \/><\/a>07\/07\/2015 &#8212; Istambul (<a href=\"http:\/\/www.news.va\/pt\/news\/uma-leitura-ortodoxa-da-laudato-si\" target=\"_blank\">RV<\/a>) &#8212; O consultor teol\u00f3gico do Patriarca Ecum\u00eanico Bartolomeu I, o Arquidi\u00e1cono John Chryssavgis, publicou no \u00abFirst Things\u00bb &#8211; um dos mais influentes jornais estadunidenses sobre religi\u00e3o &#8211; uma leitura ortodoxa da Enc\u00edclica Laudato Si do Papa Francisco. A responsabilidade pela compaix\u00e3o \u2013 escreve o autor \u2013 \u00e9 \u00a0o que move o Papa e o Arcebispo de Constantinopla a uma preocupa\u00e7\u00e3o compartilhada pela explora\u00e7\u00e3o das pessoas e do planeta como corpo de Cristo. O L\u2019Osservatore Romano publicou na sua edi\u00e7\u00e3o de 07\/07 parte do artigo intitulado \u201cNo caminho certo\u201d, a Enc\u00edclica e a comum responsabilidade de Francisco e Bartolomeu.<\/p>\n<p style=\"text-align: justify;\">\u201cA Enc\u00edclica papal sobre o cuidado da cria\u00e7\u00e3o foi h\u00e1 muito tempo antecipada n\u00e3o somente por uma perspectiva ecol\u00f3gica, mas tamb\u00e9m no contexto da abertura ecum\u00eanica entre dois l\u00edderes religiosos profundamente e firmemente comprometidos em retomar a comunh\u00e3o entre suas duas Igrejas, que Constantinopla ama caracterizar como \u201cIgrejas irm\u00e3s\u201d e que Roma descreve de bom grado como \u201cdois pulm\u00f5es que respiram juntos\u201d. Se o compromisso pela comunh\u00e3o \u00e9 o que atrai Francisco e Bartolomeu para um testemunho comum em um mundo dividido pelas tens\u00f5es pol\u00edticas e econ\u00f4micas, como tamb\u00e9m por conflitos religiosos e raciais, a responsabilidade pela compaix\u00e3o \u00e9, sem d\u00favida, o que os impele a uma preocupa\u00e7\u00e3o compartilhada pela explora\u00e7\u00e3o das pessoas e do planeta como corpo de Cristo.<\/p>\n<p style=\"text-align: justify;\">Por 25 anos, o Patriarca Ecum\u00eanico Bartolomeu sublinhou a dimens\u00e3o espiritual da crise ecol\u00f3gica e at\u00e9 mesmo introduziu o conceito revolucion\u00e1rio do pecado ecol\u00f3gico, expandindo a nossa compreens\u00e3o do arrependimento por aquilo que at\u00e9 agora consideramos um delito pessoal ou uma transgress\u00e3o social\u00a0 para um abuso mais amplo, comum, geracional e at\u00e9 mesmo ambiental da cria\u00e7\u00e3o de Deus. E desde sua elei\u00e7\u00e3o, o Papa se deu o nome de S\u00e3o Francisco de Assis, indicando de modo inquestion\u00e1vel a sua prioridade e a sua sensibilidade pelas pessoas marginalizadas, vulner\u00e1veis e oprimidas na nossa comunidade global. Por isto, na sua recente Enc\u00edclica reza: \u00ab\u00d3 Deus [\u2026] cura a nossa vida para que protejamos o mundo e n\u00e3o o depredemos [\u2026]. Toca os cora\u00e7\u00f5es daqueles que buscam somente vantagens \u00e0 custa dos pobres e da terra\u00bb.<\/p>\n<p style=\"text-align: justify;\">O que a Enc\u00edclica do Pont\u00edfice nos recordou com for\u00e7a e de modo definitivo \u00e9 que preservar a natureza e servir o pr\u00f3ximo s\u00e3o duas coisas insepar\u00e1veis; s\u00e3o duas faces da mesma moeda. A este respeito, defendo que seja realmente providencial que estes dois bispos estejam guiando suas respectivas Igrejas juntamente neste particular momento cr\u00edtico. E \u00e9 tamb\u00e9m uma b\u00ean\u00e7\u00e3o extraordin\u00e1ria que consigam relacionar-se entre eles com tanta facilidade e confian\u00e7a. N\u00e3o tenho nenhuma d\u00favida de que a acolhida favor\u00e1vel \u2013 mas ao mesmo tempo ousarei acrescentar a rea\u00e7\u00e3o hostil e as \u00e1speras cr\u00edticas \u2013 da promo\u00e7\u00e3o e do apoio por eles oferecido ao cuidado pela cria\u00e7\u00e3o de Deus seja talvez a maior prova de que certamente est\u00e3o no caminho certo. Mesmo somente por esta raz\u00e3o, merecem a nossa ora\u00e7\u00e3o e o nosso elogio, enquanto os seus exemplos e suas orienta\u00e7\u00f5es iluminadas merecem a nossa aten\u00e7\u00e3o e promulga\u00e7\u00e3o\u201d. (JE\/OR)<\/p>\n","protected":false},"excerpt":{"rendered":"<p>07\/07\/2015 &#8212; Istambul (RV) &#8212; O consultor teol\u00f3gico do Patriarca Ecum\u00eanico Bartolomeu I, o Arquidi\u00e1cono John Chryssavgis, publicou no \u00abFirst Things\u00bb &#8211; um dos mais influentes jornais estadunidenses sobre religi\u00e3o &#8211; uma leitura ortodoxa da Enc\u00edclica Laudato Si do Papa&#8230;<\/p>\n","protected":false},"author":1,"featured_media":18399,"comment_status":"open","ping_status":"open","sticky":false,"template":"","format":"standard","meta":{"_acf_changed":false,"footnotes":""},"categories":[3,72],"tags":[],"class_list":["post-7648","post","type-post","status-publish","format-standard","has-post-thumbnail","hentry","category-mundo","category-patriarcado-ecumenico","entry","rows-excerpt"],"acf":[],"yoast_head":"<!-- This site is optimized with the Yoast SEO plugin v27.4 - https:\/\/yoast.com\/product\/yoast-seo-wordpress\/ -->\n<title>UMA LEITURA ORTODOXA DA \u00abLAUDATO SI\u00bb | ECCLESIA NEWS<\/title>\n<meta name=\"robots\" content=\"index, follow, max-snippet:-1, max-image-preview:large, max-video-preview:-1\" \/>\n<link rel=\"canonical\" href=\"https:\/\/news.ecclesia.org.br\/?p=7648\" \/>\n<meta property=\"og:locale\" content=\"pt_BR\" \/>\n<meta property=\"og:type\" content=\"article\" \/>\n<meta property=\"og:title\" content=\"UMA LEITURA ORTODOXA DA \u00abLAUDATO SI\u00bb | ECCLESIA NEWS\" \/>\n<meta property=\"og:description\" content=\"07\/07\/2015 &#8212; Istambul (RV) &#8212; O consultor teol\u00f3gico do Patriarca Ecum\u00eanico Bartolomeu I, o Arquidi\u00e1cono John Chryssavgis, publicou no \u00abFirst Things\u00bb &#8211; um dos mais influentes jornais estadunidenses sobre religi\u00e3o &#8211; uma leitura ortodoxa da Enc\u00edclica Laudato Si do Papa&#8230;\" \/>\n<meta property=\"og:url\" content=\"https:\/\/news.ecclesia.org.br\/?p=7648\" \/>\n<meta property=\"og:site_name\" content=\"ECCLESIA NEWS\" \/>\n<meta property=\"article:publisher\" content=\"https:\/\/www.facebook.com\/Ecclesia2025\" \/>\n<meta property=\"article:published_time\" content=\"2015-07-08T17:31:22+00:00\" \/>\n<meta property=\"article:modified_time\" content=\"2016-03-22T13:53:31+00:00\" \/>\n<meta property=\"og:image\" content=\"https:\/\/news.ecclesia.org.br\/wp-content\/uploads\/2015\/07\/laudato-si-enciclica-papa-francesco.jpg\" \/>\n\t<meta property=\"og:image:width\" content=\"600\" \/>\n\t<meta property=\"og:image:height\" content=\"300\" \/>\n\t<meta property=\"og:image:type\" content=\"image\/jpeg\" \/>\n<meta name=\"author\" content=\"Pe. Andr\u00e9\" \/>\n<meta name=\"twitter:card\" content=\"summary_large_image\" \/>\n<meta name=\"twitter:creator\" content=\"@EcclesiaNews\" \/>\n<meta name=\"twitter:site\" content=\"@EcclesiaNews\" \/>\n<meta name=\"twitter:label1\" content=\"Escrito por\" \/>\n\t<meta name=\"twitter:data1\" content=\"Pe. Andr\u00e9\" \/>\n\t<meta name=\"twitter:label2\" content=\"Est. tempo de leitura\" \/>\n\t<meta name=\"twitter:data2\" content=\"3 minutos\" \/>\n<script type=\"application\/ld+json\" class=\"yoast-schema-graph\">{\"@context\":\"https:\\\/\\\/schema.org\",\"@graph\":[{\"@type\":\"Article\",\"@id\":\"https:\\\/\\\/news.ecclesia.org.br\\\/?p=7648#article\",\"isPartOf\":{\"@id\":\"https:\\\/\\\/news.ecclesia.org.br\\\/?p=7648\"},\"author\":{\"name\":\"Pe. Andr\u00e9\",\"@id\":\"https:\\\/\\\/news.ecclesia.org.br\\\/#\\\/schema\\\/person\\\/6f09597f025829745ba414a569f63758\"},\"headline\":\"UMA LEITURA ORTODOXA DA \u00abLAUDATO SI\u00bb\",\"datePublished\":\"2015-07-08T17:31:22+00:00\",\"dateModified\":\"2016-03-22T13:53:31+00:00\",\"mainEntityOfPage\":{\"@id\":\"https:\\\/\\\/news.ecclesia.org.br\\\/?p=7648\"},\"wordCount\":566,\"commentCount\":0,\"publisher\":{\"@id\":\"https:\\\/\\\/news.ecclesia.org.br\\\/#organization\"},\"image\":{\"@id\":\"https:\\\/\\\/news.ecclesia.org.br\\\/?p=7648#primaryimage\"},\"thumbnailUrl\":\"https:\\\/\\\/news.ecclesia.org.br\\\/wp-content\\\/uploads\\\/2015\\\/07\\\/laudato-si-enciclica-papa-francesco.jpg\",\"articleSection\":[\"Mundo Ortodoxo\",\"Patriarcado Ecum\u00eanico\"],\"inLanguage\":\"pt-BR\",\"potentialAction\":[{\"@type\":\"CommentAction\",\"name\":\"Comment\",\"target\":[\"https:\\\/\\\/news.ecclesia.org.br\\\/?p=7648#respond\"]}]},{\"@type\":\"WebPage\",\"@id\":\"https:\\\/\\\/news.ecclesia.org.br\\\/?p=7648\",\"url\":\"https:\\\/\\\/news.ecclesia.org.br\\\/?p=7648\",\"name\":\"UMA LEITURA ORTODOXA DA \u00abLAUDATO SI\u00bb | ECCLESIA NEWS\",\"isPartOf\":{\"@id\":\"https:\\\/\\\/news.ecclesia.org.br\\\/#website\"},\"primaryImageOfPage\":{\"@id\":\"https:\\\/\\\/news.ecclesia.org.br\\\/?p=7648#primaryimage\"},\"image\":{\"@id\":\"https:\\\/\\\/news.ecclesia.org.br\\\/?p=7648#primaryimage\"},\"thumbnailUrl\":\"https:\\\/\\\/news.ecclesia.org.br\\\/wp-content\\\/uploads\\\/2015\\\/07\\\/laudato-si-enciclica-papa-francesco.jpg\",\"datePublished\":\"2015-07-08T17:31:22+00:00\",\"dateModified\":\"2016-03-22T13:53:31+00:00\",\"breadcrumb\":{\"@id\":\"https:\\\/\\\/news.ecclesia.org.br\\\/?p=7648#breadcrumb\"},\"inLanguage\":\"pt-BR\",\"potentialAction\":[{\"@type\":\"ReadAction\",\"target\":[\"https:\\\/\\\/news.ecclesia.org.br\\\/?p=7648\"]}]},{\"@type\":\"ImageObject\",\"inLanguage\":\"pt-BR\",\"@id\":\"https:\\\/\\\/news.ecclesia.org.br\\\/?p=7648#primaryimage\",\"url\":\"https:\\\/\\\/news.ecclesia.org.br\\\/wp-content\\\/uploads\\\/2015\\\/07\\\/laudato-si-enciclica-papa-francesco.jpg\",\"contentUrl\":\"https:\\\/\\\/news.ecclesia.org.br\\\/wp-content\\\/uploads\\\/2015\\\/07\\\/laudato-si-enciclica-papa-francesco.jpg\",\"width\":600,\"height\":300},{\"@type\":\"BreadcrumbList\",\"@id\":\"https:\\\/\\\/news.ecclesia.org.br\\\/?p=7648#breadcrumb\",\"itemListElement\":[{\"@type\":\"ListItem\",\"position\":1,\"name\":\"In\u00edcio\",\"item\":\"https:\\\/\\\/news.ecclesia.org.br\\\/\"},{\"@type\":\"ListItem\",\"position\":2,\"name\":\"UMA LEITURA ORTODOXA DA \u00abLAUDATO SI\u00bb\"}]},{\"@type\":\"WebSite\",\"@id\":\"https:\\\/\\\/news.ecclesia.org.br\\\/#website\",\"url\":\"https:\\\/\\\/news.ecclesia.org.br\\\/\",\"name\":\"Ecclesia Brasil\",\"description\":\"Desde 2003 onectando o Brasil ao mundo ortodoxo!\",\"publisher\":{\"@id\":\"https:\\\/\\\/news.ecclesia.org.br\\\/#organization\"},\"alternateName\":\"Ecclesia\",\"potentialAction\":[{\"@type\":\"SearchAction\",\"target\":{\"@type\":\"EntryPoint\",\"urlTemplate\":\"https:\\\/\\\/news.ecclesia.org.br\\\/?s={search_term_string}\"},\"query-input\":{\"@type\":\"PropertyValueSpecification\",\"valueRequired\":true,\"valueName\":\"search_term_string\"}}],\"inLanguage\":\"pt-BR\"},{\"@type\":\"Organization\",\"@id\":\"https:\\\/\\\/news.ecclesia.org.br\\\/#organization\",\"name\":\"Sacra Arquidiocese de Buenos Aires e Am\u00e9rica do Sul | Patriarcado Ecum\u00eanico\",\"alternateName\":\"News Ecclesia Brasil\",\"url\":\"https:\\\/\\\/news.ecclesia.org.br\\\/\",\"logo\":{\"@type\":\"ImageObject\",\"inLanguage\":\"pt-BR\",\"@id\":\"https:\\\/\\\/news.ecclesia.org.br\\\/#\\\/schema\\\/logo\\\/image\\\/\",\"url\":\"https:\\\/\\\/news.ecclesia.org.br\\\/wp-content\\\/uploads\\\/2025\\\/05\\\/ecclesia2.png\",\"contentUrl\":\"https:\\\/\\\/news.ecclesia.org.br\\\/wp-content\\\/uploads\\\/2025\\\/05\\\/ecclesia2.png\",\"width\":480,\"height\":120,\"caption\":\"Sacra Arquidiocese de Buenos Aires e Am\u00e9rica do Sul | Patriarcado Ecum\u00eanico\"},\"image\":{\"@id\":\"https:\\\/\\\/news.ecclesia.org.br\\\/#\\\/schema\\\/logo\\\/image\\\/\"},\"sameAs\":[\"https:\\\/\\\/www.facebook.com\\\/Ecclesia2025\",\"https:\\\/\\\/x.com\\\/EcclesiaNews\",\"https:\\\/\\\/br.pinterest.com\\\/ekklisia\\\/\",\"https:\\\/\\\/www.youtube.com\\\/@EcclesiaBrasil\"]},{\"@type\":\"Person\",\"@id\":\"https:\\\/\\\/news.ecclesia.org.br\\\/#\\\/schema\\\/person\\\/6f09597f025829745ba414a569f63758\",\"name\":\"Pe. Andr\u00e9\",\"image\":{\"@type\":\"ImageObject\",\"inLanguage\":\"pt-BR\",\"@id\":\"https:\\\/\\\/secure.gravatar.com\\\/avatar\\\/b4327cfa27e9799da239a26adcd534fc29cdc0c4a4a148eecbcfeb9b42c617ac?s=96&d=mm&r=g\",\"url\":\"https:\\\/\\\/secure.gravatar.com\\\/avatar\\\/b4327cfa27e9799da239a26adcd534fc29cdc0c4a4a148eecbcfeb9b42c617ac?s=96&d=mm&r=g\",\"contentUrl\":\"https:\\\/\\\/secure.gravatar.com\\\/avatar\\\/b4327cfa27e9799da239a26adcd534fc29cdc0c4a4a148eecbcfeb9b42c617ac?s=96&d=mm&r=g\",\"caption\":\"Pe. Andr\u00e9\"},\"sameAs\":[\"https:\\\/\\\/www.ecclesia.org.br\"]}]}<\/script>\n<!-- \/ Yoast SEO plugin. -->","yoast_head_json":{"title":"UMA LEITURA ORTODOXA DA \u00abLAUDATO SI\u00bb | ECCLESIA NEWS","robots":{"index":"index","follow":"follow","max-snippet":"max-snippet:-1","max-image-preview":"max-image-preview:large","max-video-preview":"max-video-preview:-1"},"canonical":"https:\/\/news.ecclesia.org.br\/?p=7648","og_locale":"pt_BR","og_type":"article","og_title":"UMA LEITURA ORTODOXA DA \u00abLAUDATO SI\u00bb | ECCLESIA NEWS","og_description":"07\/07\/2015 &#8212; Istambul (RV) &#8212; O consultor teol\u00f3gico do Patriarca Ecum\u00eanico Bartolomeu I, o Arquidi\u00e1cono John Chryssavgis, publicou no \u00abFirst Things\u00bb &#8211; um dos mais influentes jornais estadunidenses sobre religi\u00e3o &#8211; uma leitura ortodoxa da Enc\u00edclica Laudato Si do Papa&#8230;","og_url":"https:\/\/news.ecclesia.org.br\/?p=7648","og_site_name":"ECCLESIA NEWS","article_publisher":"https:\/\/www.facebook.com\/Ecclesia2025","article_published_time":"2015-07-08T17:31:22+00:00","article_modified_time":"2016-03-22T13:53:31+00:00","og_image":[{"width":600,"height":300,"url":"https:\/\/news.ecclesia.org.br\/wp-content\/uploads\/2015\/07\/laudato-si-enciclica-papa-francesco.jpg","type":"image\/jpeg"}],"author":"Pe. Andr\u00e9","twitter_card":"summary_large_image","twitter_creator":"@EcclesiaNews","twitter_site":"@EcclesiaNews","twitter_misc":{"Escrito por":"Pe. Andr\u00e9","Est. tempo de leitura":"3 minutos"},"schema":{"@context":"https:\/\/schema.org","@graph":[{"@type":"Article","@id":"https:\/\/news.ecclesia.org.br\/?p=7648#article","isPartOf":{"@id":"https:\/\/news.ecclesia.org.br\/?p=7648"},"author":{"name":"Pe. Andr\u00e9","@id":"https:\/\/news.ecclesia.org.br\/#\/schema\/person\/6f09597f025829745ba414a569f63758"},"headline":"UMA LEITURA ORTODOXA DA \u00abLAUDATO SI\u00bb","datePublished":"2015-07-08T17:31:22+00:00","dateModified":"2016-03-22T13:53:31+00:00","mainEntityOfPage":{"@id":"https:\/\/news.ecclesia.org.br\/?p=7648"},"wordCount":566,"commentCount":0,"publisher":{"@id":"https:\/\/news.ecclesia.org.br\/#organization"},"image":{"@id":"https:\/\/news.ecclesia.org.br\/?p=7648#primaryimage"},"thumbnailUrl":"https:\/\/news.ecclesia.org.br\/wp-content\/uploads\/2015\/07\/laudato-si-enciclica-papa-francesco.jpg","articleSection":["Mundo Ortodoxo","Patriarcado Ecum\u00eanico"],"inLanguage":"pt-BR","potentialAction":[{"@type":"CommentAction","name":"Comment","target":["https:\/\/news.ecclesia.org.br\/?p=7648#respond"]}]},{"@type":"WebPage","@id":"https:\/\/news.ecclesia.org.br\/?p=7648","url":"https:\/\/news.ecclesia.org.br\/?p=7648","name":"UMA LEITURA ORTODOXA DA \u00abLAUDATO SI\u00bb | ECCLESIA NEWS","isPartOf":{"@id":"https:\/\/news.ecclesia.org.br\/#website"},"primaryImageOfPage":{"@id":"https:\/\/news.ecclesia.org.br\/?p=7648#primaryimage"},"image":{"@id":"https:\/\/news.ecclesia.org.br\/?p=7648#primaryimage"},"thumbnailUrl":"https:\/\/news.ecclesia.org.br\/wp-content\/uploads\/2015\/07\/laudato-si-enciclica-papa-francesco.jpg","datePublished":"2015-07-08T17:31:22+00:00","dateModified":"2016-03-22T13:53:31+00:00","breadcrumb":{"@id":"https:\/\/news.ecclesia.org.br\/?p=7648#breadcrumb"},"inLanguage":"pt-BR","potentialAction":[{"@type":"ReadAction","target":["https:\/\/news.ecclesia.org.br\/?p=7648"]}]},{"@type":"ImageObject","inLanguage":"pt-BR","@id":"https:\/\/news.ecclesia.org.br\/?p=7648#primaryimage","url":"https:\/\/news.ecclesia.org.br\/wp-content\/uploads\/2015\/07\/laudato-si-enciclica-papa-francesco.jpg","contentUrl":"https:\/\/news.ecclesia.org.br\/wp-content\/uploads\/2015\/07\/laudato-si-enciclica-papa-francesco.jpg","width":600,"height":300},{"@type":"BreadcrumbList","@id":"https:\/\/news.ecclesia.org.br\/?p=7648#breadcrumb","itemListElement":[{"@type":"ListItem","position":1,"name":"In\u00edcio","item":"https:\/\/news.ecclesia.org.br\/"},{"@type":"ListItem","position":2,"name":"UMA LEITURA ORTODOXA DA \u00abLAUDATO SI\u00bb"}]},{"@type":"WebSite","@id":"https:\/\/news.ecclesia.org.br\/#website","url":"https:\/\/news.ecclesia.org.br\/","name":"Ecclesia Brasil","description":"Desde 2003 onectando o Brasil ao mundo ortodoxo!","publisher":{"@id":"https:\/\/news.ecclesia.org.br\/#organization"},"alternateName":"Ecclesia","potentialAction":[{"@type":"SearchAction","target":{"@type":"EntryPoint","urlTemplate":"https:\/\/news.ecclesia.org.br\/?s={search_term_string}"},"query-input":{"@type":"PropertyValueSpecification","valueRequired":true,"valueName":"search_term_string"}}],"inLanguage":"pt-BR"},{"@type":"Organization","@id":"https:\/\/news.ecclesia.org.br\/#organization","name":"Sacra Arquidiocese de Buenos Aires e Am\u00e9rica do Sul | Patriarcado Ecum\u00eanico","alternateName":"News Ecclesia Brasil","url":"https:\/\/news.ecclesia.org.br\/","logo":{"@type":"ImageObject","inLanguage":"pt-BR","@id":"https:\/\/news.ecclesia.org.br\/#\/schema\/logo\/image\/","url":"https:\/\/news.ecclesia.org.br\/wp-content\/uploads\/2025\/05\/ecclesia2.png","contentUrl":"https:\/\/news.ecclesia.org.br\/wp-content\/uploads\/2025\/05\/ecclesia2.png","width":480,"height":120,"caption":"Sacra Arquidiocese de Buenos Aires e Am\u00e9rica do Sul | Patriarcado Ecum\u00eanico"},"image":{"@id":"https:\/\/news.ecclesia.org.br\/#\/schema\/logo\/image\/"},"sameAs":["https:\/\/www.facebook.com\/Ecclesia2025","https:\/\/x.com\/EcclesiaNews","https:\/\/br.pinterest.com\/ekklisia\/","https:\/\/www.youtube.com\/@EcclesiaBrasil"]},{"@type":"Person","@id":"https:\/\/news.ecclesia.org.br\/#\/schema\/person\/6f09597f025829745ba414a569f63758","name":"Pe. Andr\u00e9","image":{"@type":"ImageObject","inLanguage":"pt-BR","@id":"https:\/\/secure.gravatar.com\/avatar\/b4327cfa27e9799da239a26adcd534fc29cdc0c4a4a148eecbcfeb9b42c617ac?s=96&d=mm&r=g","url":"https:\/\/secure.gravatar.com\/avatar\/b4327cfa27e9799da239a26adcd534fc29cdc0c4a4a148eecbcfeb9b42c617ac?s=96&d=mm&r=g","contentUrl":"https:\/\/secure.gravatar.com\/avatar\/b4327cfa27e9799da239a26adcd534fc29cdc0c4a4a148eecbcfeb9b42c617ac?s=96&d=mm&r=g","caption":"Pe. Andr\u00e9"},"sameAs":["https:\/\/www.ecclesia.org.br"]}]}},"_links":{"self":[{"href":"https:\/\/news.ecclesia.org.br\/index.php?rest_route=\/wp\/v2\/posts\/7648","targetHints":{"allow":["GET"]}}],"collection":[{"href":"https:\/\/news.ecclesia.org.br\/index.php?rest_route=\/wp\/v2\/posts"}],"about":[{"href":"https:\/\/news.ecclesia.org.br\/index.php?rest_route=\/wp\/v2\/types\/post"}],"author":[{"embeddable":true,"href":"https:\/\/news.ecclesia.org.br\/index.php?rest_route=\/wp\/v2\/users\/1"}],"replies":[{"embeddable":true,"href":"https:\/\/news.ecclesia.org.br\/index.php?rest_route=%2Fwp%2Fv2%2Fcomments&post=7648"}],"version-history":[{"count":0,"href":"https:\/\/news.ecclesia.org.br\/index.php?rest_route=\/wp\/v2\/posts\/7648\/revisions"}],"wp:featuredmedia":[{"embeddable":true,"href":"https:\/\/news.ecclesia.org.br\/index.php?rest_route=\/wp\/v2\/media\/18399"}],"wp:attachment":[{"href":"https:\/\/news.ecclesia.org.br\/index.php?rest_route=%2Fwp%2Fv2%2Fmedia&parent=7648"}],"wp:term":[{"taxonomy":"category","embeddable":true,"href":"https:\/\/news.ecclesia.org.br\/index.php?rest_route=%2Fwp%2Fv2%2Fcategories&post=7648"},{"taxonomy":"post_tag","embeddable":true,"href":"https:\/\/news.ecclesia.org.br\/index.php?rest_route=%2Fwp%2Fv2%2Ftags&post=7648"}],"curies":[{"name":"wp","href":"https:\/\/api.w.org\/{rel}","templated":true}]}}