{"id":7634,"date":"2015-07-07T02:49:30","date_gmt":"2015-07-07T02:49:30","guid":{"rendered":"http:\/\/www.ecclesia.com.br\/news\/2013\/?p=7634"},"modified":"2016-03-22T13:55:05","modified_gmt":"2016-03-22T13:55:05","slug":"patriarca-bartolomeu-i-deseja-unidade-e-concordia-ao-povo-grego","status":"publish","type":"post","link":"https:\/\/news.ecclesia.org.br\/?p=7634","title":{"rendered":"PATRIARCA BARTOLOMEU I DESEJA &#8220;UNIDADE E CONC\u00d3RDIA AO POVO GREGO&#8221;."},"content":{"rendered":"<p style=\"text-align: justify;\"><a href=\"https:\/\/news.ecclesia.org.br\/2013\/wp-content\/uploads\/2015\/07\/patriarca-bartolomeu-1.jpg\" rel=\"attachment wp-att-7635\"><img fetchpriority=\"high\" decoding=\"async\" class=\"alignleft size-medium wp-image-7635\" src=\"https:\/\/news.ecclesia.org.br\/2013\/wp-content\/uploads\/2015\/07\/patriarca-bartolomeu-1-300x169.jpg\" alt=\"patriarca-bartolomeu\" width=\"300\" height=\"169\" srcset=\"https:\/\/news.ecclesia.org.br\/wp-content\/uploads\/2015\/07\/patriarca-bartolomeu-1-300x169.jpg 300w, https:\/\/news.ecclesia.org.br\/wp-content\/uploads\/2015\/07\/patriarca-bartolomeu-1-768x432.jpg 768w, https:\/\/news.ecclesia.org.br\/wp-content\/uploads\/2015\/07\/patriarca-bartolomeu-1-98x55.jpg 98w, https:\/\/news.ecclesia.org.br\/wp-content\/uploads\/2015\/07\/patriarca-bartolomeu-1.jpg 800w\" sizes=\"(max-width: 300px) 100vw, 300px\" \/><\/a>Constantinopla (Istambul), 05 de Julho de 2015 (<a href=\"http:\/\/www.amen.gr\" target=\"_blank\">amen.gr<\/a>) &#8220;Unidade e conc\u00f3rdia&#8221; foi o que desejou hoje ao povo grego o Patriarca Ecum\u00eanico Bartolomeu I, ap\u00f3s a Divina Liturgia deste domingo na Igreja Patriarcal S\u00e3o Jorge, no Fanar, em um encontro com grupos de peregrinos provenientes da Gr\u00e9cia. &#8220;A Gr\u00e9cia est\u00e1 passando por um momento muito cr\u00edtico de sua vida e de sua hist\u00f3ria, disse o Patriarca, e acrescentou: com o nosso pensamento, o nosso carinho e a nossa ora\u00e7\u00e3o, estamos todos pr\u00f3ximos ao amado povo grego, e esperamos que prevale\u00e7a o esp\u00edrito de unidade e conc\u00f3rdia para que sejam superadas as dificuldades. Acima de tudo, pois, a uni\u00e3o e solidariedade do povo grego.<\/p>\n","protected":false},"excerpt":{"rendered":"<p>Constantinopla (Istambul), 05 de Julho de 2015 (amen.gr) &#8220;Unidade e conc\u00f3rdia&#8221; foi o que desejou hoje ao povo grego o Patriarca Ecum\u00eanico Bartolomeu I, ap\u00f3s a Divina Liturgia deste domingo na Igreja Patriarcal S\u00e3o Jorge, no Fanar, em um encontro&#8230;<\/p>\n","protected":false},"author":1,"featured_media":7635,"comment_status":"open","ping_status":"open","sticky":false,"template":"","format":"standard","meta":{"_acf_changed":false,"footnotes":""},"categories":[3,72],"tags":[],"class_list":["post-7634","post","type-post","status-publish","format-standard","has-post-thumbnail","hentry","category-mundo","category-patriarcado-ecumenico","entry","rows-excerpt"],"acf":[],"yoast_head":"<!-- This site is optimized with the Yoast SEO plugin v27.4 - https:\/\/yoast.com\/product\/yoast-seo-wordpress\/ -->\n<title>PATRIARCA BARTOLOMEU I DESEJA &quot;UNIDADE E CONC\u00d3RDIA AO POVO GREGO&quot;. | ECCLESIA NEWS<\/title>\n<meta name=\"robots\" content=\"index, follow, max-snippet:-1, max-image-preview:large, max-video-preview:-1\" \/>\n<link rel=\"canonical\" href=\"https:\/\/news.ecclesia.org.br\/?p=7634\" \/>\n<meta property=\"og:locale\" content=\"pt_BR\" \/>\n<meta property=\"og:type\" content=\"article\" \/>\n<meta property=\"og:title\" content=\"PATRIARCA BARTOLOMEU I DESEJA &quot;UNIDADE E CONC\u00d3RDIA AO POVO GREGO&quot;. | ECCLESIA NEWS\" \/>\n<meta property=\"og:description\" content=\"Constantinopla (Istambul), 05 de Julho de 2015 (amen.gr) &#8220;Unidade e conc\u00f3rdia&#8221; foi o que desejou hoje ao povo grego o Patriarca Ecum\u00eanico Bartolomeu I, ap\u00f3s a Divina Liturgia deste domingo na Igreja Patriarcal S\u00e3o Jorge, no Fanar, em um encontro&#8230;\" \/>\n<meta property=\"og:url\" content=\"https:\/\/news.ecclesia.org.br\/?p=7634\" \/>\n<meta property=\"og:site_name\" content=\"ECCLESIA NEWS\" \/>\n<meta property=\"article:publisher\" content=\"https:\/\/www.facebook.com\/Ecclesia2025\" \/>\n<meta property=\"article:published_time\" content=\"2015-07-07T02:49:30+00:00\" \/>\n<meta property=\"article:modified_time\" content=\"2016-03-22T13:55:05+00:00\" \/>\n<meta property=\"og:image\" content=\"https:\/\/news.ecclesia.org.br\/wp-content\/uploads\/2015\/07\/patriarca-bartolomeu-1.jpg\" \/>\n\t<meta property=\"og:image:width\" content=\"800\" \/>\n\t<meta property=\"og:image:height\" content=\"450\" \/>\n\t<meta property=\"og:image:type\" content=\"image\/jpeg\" \/>\n<meta name=\"author\" content=\"Pe. Andr\u00e9\" \/>\n<meta name=\"twitter:card\" content=\"summary_large_image\" \/>\n<meta name=\"twitter:creator\" content=\"@EcclesiaNews\" \/>\n<meta name=\"twitter:site\" content=\"@EcclesiaNews\" \/>\n<meta name=\"twitter:label1\" content=\"Escrito por\" \/>\n\t<meta name=\"twitter:data1\" content=\"Pe. Andr\u00e9\" \/>\n\t<meta name=\"twitter:label2\" content=\"Est. tempo de leitura\" \/>\n\t<meta name=\"twitter:data2\" content=\"1 minuto\" \/>\n<script type=\"application\/ld+json\" class=\"yoast-schema-graph\">{\"@context\":\"https:\\\/\\\/schema.org\",\"@graph\":[{\"@type\":\"Article\",\"@id\":\"https:\\\/\\\/news.ecclesia.org.br\\\/?p=7634#article\",\"isPartOf\":{\"@id\":\"https:\\\/\\\/news.ecclesia.org.br\\\/?p=7634\"},\"author\":{\"name\":\"Pe. Andr\u00e9\",\"@id\":\"https:\\\/\\\/news.ecclesia.org.br\\\/#\\\/schema\\\/person\\\/6f09597f025829745ba414a569f63758\"},\"headline\":\"PATRIARCA BARTOLOMEU I DESEJA &#8220;UNIDADE E CONC\u00d3RDIA AO POVO GREGO&#8221;.\",\"datePublished\":\"2015-07-07T02:49:30+00:00\",\"dateModified\":\"2016-03-22T13:55:05+00:00\",\"mainEntityOfPage\":{\"@id\":\"https:\\\/\\\/news.ecclesia.org.br\\\/?p=7634\"},\"wordCount\":137,\"commentCount\":0,\"publisher\":{\"@id\":\"https:\\\/\\\/news.ecclesia.org.br\\\/#organization\"},\"image\":{\"@id\":\"https:\\\/\\\/news.ecclesia.org.br\\\/?p=7634#primaryimage\"},\"thumbnailUrl\":\"https:\\\/\\\/news.ecclesia.org.br\\\/wp-content\\\/uploads\\\/2015\\\/07\\\/patriarca-bartolomeu-1.jpg\",\"articleSection\":[\"Mundo Ortodoxo\",\"Patriarcado Ecum\u00eanico\"],\"inLanguage\":\"pt-BR\",\"potentialAction\":[{\"@type\":\"CommentAction\",\"name\":\"Comment\",\"target\":[\"https:\\\/\\\/news.ecclesia.org.br\\\/?p=7634#respond\"]}]},{\"@type\":\"WebPage\",\"@id\":\"https:\\\/\\\/news.ecclesia.org.br\\\/?p=7634\",\"url\":\"https:\\\/\\\/news.ecclesia.org.br\\\/?p=7634\",\"name\":\"PATRIARCA BARTOLOMEU I DESEJA \\\"UNIDADE E CONC\u00d3RDIA AO POVO GREGO\\\". | ECCLESIA NEWS\",\"isPartOf\":{\"@id\":\"https:\\\/\\\/news.ecclesia.org.br\\\/#website\"},\"primaryImageOfPage\":{\"@id\":\"https:\\\/\\\/news.ecclesia.org.br\\\/?p=7634#primaryimage\"},\"image\":{\"@id\":\"https:\\\/\\\/news.ecclesia.org.br\\\/?p=7634#primaryimage\"},\"thumbnailUrl\":\"https:\\\/\\\/news.ecclesia.org.br\\\/wp-content\\\/uploads\\\/2015\\\/07\\\/patriarca-bartolomeu-1.jpg\",\"datePublished\":\"2015-07-07T02:49:30+00:00\",\"dateModified\":\"2016-03-22T13:55:05+00:00\",\"breadcrumb\":{\"@id\":\"https:\\\/\\\/news.ecclesia.org.br\\\/?p=7634#breadcrumb\"},\"inLanguage\":\"pt-BR\",\"potentialAction\":[{\"@type\":\"ReadAction\",\"target\":[\"https:\\\/\\\/news.ecclesia.org.br\\\/?p=7634\"]}]},{\"@type\":\"ImageObject\",\"inLanguage\":\"pt-BR\",\"@id\":\"https:\\\/\\\/news.ecclesia.org.br\\\/?p=7634#primaryimage\",\"url\":\"https:\\\/\\\/news.ecclesia.org.br\\\/wp-content\\\/uploads\\\/2015\\\/07\\\/patriarca-bartolomeu-1.jpg\",\"contentUrl\":\"https:\\\/\\\/news.ecclesia.org.br\\\/wp-content\\\/uploads\\\/2015\\\/07\\\/patriarca-bartolomeu-1.jpg\",\"width\":800,\"height\":450},{\"@type\":\"BreadcrumbList\",\"@id\":\"https:\\\/\\\/news.ecclesia.org.br\\\/?p=7634#breadcrumb\",\"itemListElement\":[{\"@type\":\"ListItem\",\"position\":1,\"name\":\"In\u00edcio\",\"item\":\"https:\\\/\\\/news.ecclesia.org.br\\\/\"},{\"@type\":\"ListItem\",\"position\":2,\"name\":\"PATRIARCA BARTOLOMEU I DESEJA &#8220;UNIDADE E CONC\u00d3RDIA AO POVO GREGO&#8221;.\"}]},{\"@type\":\"WebSite\",\"@id\":\"https:\\\/\\\/news.ecclesia.org.br\\\/#website\",\"url\":\"https:\\\/\\\/news.ecclesia.org.br\\\/\",\"name\":\"Ecclesia Brasil\",\"description\":\"Desde 2003 onectando o Brasil ao mundo ortodoxo!\",\"publisher\":{\"@id\":\"https:\\\/\\\/news.ecclesia.org.br\\\/#organization\"},\"alternateName\":\"Ecclesia\",\"potentialAction\":[{\"@type\":\"SearchAction\",\"target\":{\"@type\":\"EntryPoint\",\"urlTemplate\":\"https:\\\/\\\/news.ecclesia.org.br\\\/?s={search_term_string}\"},\"query-input\":{\"@type\":\"PropertyValueSpecification\",\"valueRequired\":true,\"valueName\":\"search_term_string\"}}],\"inLanguage\":\"pt-BR\"},{\"@type\":\"Organization\",\"@id\":\"https:\\\/\\\/news.ecclesia.org.br\\\/#organization\",\"name\":\"Sacra Arquidiocese de Buenos Aires e Am\u00e9rica do Sul | Patriarcado Ecum\u00eanico\",\"alternateName\":\"News Ecclesia Brasil\",\"url\":\"https:\\\/\\\/news.ecclesia.org.br\\\/\",\"logo\":{\"@type\":\"ImageObject\",\"inLanguage\":\"pt-BR\",\"@id\":\"https:\\\/\\\/news.ecclesia.org.br\\\/#\\\/schema\\\/logo\\\/image\\\/\",\"url\":\"https:\\\/\\\/news.ecclesia.org.br\\\/wp-content\\\/uploads\\\/2025\\\/05\\\/ecclesia2.png\",\"contentUrl\":\"https:\\\/\\\/news.ecclesia.org.br\\\/wp-content\\\/uploads\\\/2025\\\/05\\\/ecclesia2.png\",\"width\":480,\"height\":120,\"caption\":\"Sacra Arquidiocese de Buenos Aires e Am\u00e9rica do Sul | Patriarcado Ecum\u00eanico\"},\"image\":{\"@id\":\"https:\\\/\\\/news.ecclesia.org.br\\\/#\\\/schema\\\/logo\\\/image\\\/\"},\"sameAs\":[\"https:\\\/\\\/www.facebook.com\\\/Ecclesia2025\",\"https:\\\/\\\/x.com\\\/EcclesiaNews\",\"https:\\\/\\\/br.pinterest.com\\\/ekklisia\\\/\",\"https:\\\/\\\/www.youtube.com\\\/@EcclesiaBrasil\"]},{\"@type\":\"Person\",\"@id\":\"https:\\\/\\\/news.ecclesia.org.br\\\/#\\\/schema\\\/person\\\/6f09597f025829745ba414a569f63758\",\"name\":\"Pe. Andr\u00e9\",\"image\":{\"@type\":\"ImageObject\",\"inLanguage\":\"pt-BR\",\"@id\":\"https:\\\/\\\/secure.gravatar.com\\\/avatar\\\/b4327cfa27e9799da239a26adcd534fc29cdc0c4a4a148eecbcfeb9b42c617ac?s=96&d=mm&r=g\",\"url\":\"https:\\\/\\\/secure.gravatar.com\\\/avatar\\\/b4327cfa27e9799da239a26adcd534fc29cdc0c4a4a148eecbcfeb9b42c617ac?s=96&d=mm&r=g\",\"contentUrl\":\"https:\\\/\\\/secure.gravatar.com\\\/avatar\\\/b4327cfa27e9799da239a26adcd534fc29cdc0c4a4a148eecbcfeb9b42c617ac?s=96&d=mm&r=g\",\"caption\":\"Pe. Andr\u00e9\"},\"sameAs\":[\"https:\\\/\\\/www.ecclesia.org.br\"]}]}<\/script>\n<!-- \/ Yoast SEO plugin. -->","yoast_head_json":{"title":"PATRIARCA BARTOLOMEU I DESEJA \"UNIDADE E CONC\u00d3RDIA AO POVO GREGO\". | ECCLESIA NEWS","robots":{"index":"index","follow":"follow","max-snippet":"max-snippet:-1","max-image-preview":"max-image-preview:large","max-video-preview":"max-video-preview:-1"},"canonical":"https:\/\/news.ecclesia.org.br\/?p=7634","og_locale":"pt_BR","og_type":"article","og_title":"PATRIARCA BARTOLOMEU I DESEJA \"UNIDADE E CONC\u00d3RDIA AO POVO GREGO\". | ECCLESIA NEWS","og_description":"Constantinopla (Istambul), 05 de Julho de 2015 (amen.gr) &#8220;Unidade e conc\u00f3rdia&#8221; foi o que desejou hoje ao povo grego o Patriarca Ecum\u00eanico Bartolomeu I, ap\u00f3s a Divina Liturgia deste domingo na Igreja Patriarcal S\u00e3o Jorge, no Fanar, em um encontro&#8230;","og_url":"https:\/\/news.ecclesia.org.br\/?p=7634","og_site_name":"ECCLESIA NEWS","article_publisher":"https:\/\/www.facebook.com\/Ecclesia2025","article_published_time":"2015-07-07T02:49:30+00:00","article_modified_time":"2016-03-22T13:55:05+00:00","og_image":[{"width":800,"height":450,"url":"https:\/\/news.ecclesia.org.br\/wp-content\/uploads\/2015\/07\/patriarca-bartolomeu-1.jpg","type":"image\/jpeg"}],"author":"Pe. Andr\u00e9","twitter_card":"summary_large_image","twitter_creator":"@EcclesiaNews","twitter_site":"@EcclesiaNews","twitter_misc":{"Escrito por":"Pe. Andr\u00e9","Est. tempo de leitura":"1 minuto"},"schema":{"@context":"https:\/\/schema.org","@graph":[{"@type":"Article","@id":"https:\/\/news.ecclesia.org.br\/?p=7634#article","isPartOf":{"@id":"https:\/\/news.ecclesia.org.br\/?p=7634"},"author":{"name":"Pe. Andr\u00e9","@id":"https:\/\/news.ecclesia.org.br\/#\/schema\/person\/6f09597f025829745ba414a569f63758"},"headline":"PATRIARCA BARTOLOMEU I DESEJA &#8220;UNIDADE E CONC\u00d3RDIA AO POVO GREGO&#8221;.","datePublished":"2015-07-07T02:49:30+00:00","dateModified":"2016-03-22T13:55:05+00:00","mainEntityOfPage":{"@id":"https:\/\/news.ecclesia.org.br\/?p=7634"},"wordCount":137,"commentCount":0,"publisher":{"@id":"https:\/\/news.ecclesia.org.br\/#organization"},"image":{"@id":"https:\/\/news.ecclesia.org.br\/?p=7634#primaryimage"},"thumbnailUrl":"https:\/\/news.ecclesia.org.br\/wp-content\/uploads\/2015\/07\/patriarca-bartolomeu-1.jpg","articleSection":["Mundo Ortodoxo","Patriarcado Ecum\u00eanico"],"inLanguage":"pt-BR","potentialAction":[{"@type":"CommentAction","name":"Comment","target":["https:\/\/news.ecclesia.org.br\/?p=7634#respond"]}]},{"@type":"WebPage","@id":"https:\/\/news.ecclesia.org.br\/?p=7634","url":"https:\/\/news.ecclesia.org.br\/?p=7634","name":"PATRIARCA BARTOLOMEU I DESEJA \"UNIDADE E CONC\u00d3RDIA AO POVO GREGO\". | ECCLESIA NEWS","isPartOf":{"@id":"https:\/\/news.ecclesia.org.br\/#website"},"primaryImageOfPage":{"@id":"https:\/\/news.ecclesia.org.br\/?p=7634#primaryimage"},"image":{"@id":"https:\/\/news.ecclesia.org.br\/?p=7634#primaryimage"},"thumbnailUrl":"https:\/\/news.ecclesia.org.br\/wp-content\/uploads\/2015\/07\/patriarca-bartolomeu-1.jpg","datePublished":"2015-07-07T02:49:30+00:00","dateModified":"2016-03-22T13:55:05+00:00","breadcrumb":{"@id":"https:\/\/news.ecclesia.org.br\/?p=7634#breadcrumb"},"inLanguage":"pt-BR","potentialAction":[{"@type":"ReadAction","target":["https:\/\/news.ecclesia.org.br\/?p=7634"]}]},{"@type":"ImageObject","inLanguage":"pt-BR","@id":"https:\/\/news.ecclesia.org.br\/?p=7634#primaryimage","url":"https:\/\/news.ecclesia.org.br\/wp-content\/uploads\/2015\/07\/patriarca-bartolomeu-1.jpg","contentUrl":"https:\/\/news.ecclesia.org.br\/wp-content\/uploads\/2015\/07\/patriarca-bartolomeu-1.jpg","width":800,"height":450},{"@type":"BreadcrumbList","@id":"https:\/\/news.ecclesia.org.br\/?p=7634#breadcrumb","itemListElement":[{"@type":"ListItem","position":1,"name":"In\u00edcio","item":"https:\/\/news.ecclesia.org.br\/"},{"@type":"ListItem","position":2,"name":"PATRIARCA BARTOLOMEU I DESEJA &#8220;UNIDADE E CONC\u00d3RDIA AO POVO GREGO&#8221;."}]},{"@type":"WebSite","@id":"https:\/\/news.ecclesia.org.br\/#website","url":"https:\/\/news.ecclesia.org.br\/","name":"Ecclesia Brasil","description":"Desde 2003 onectando o Brasil ao mundo ortodoxo!","publisher":{"@id":"https:\/\/news.ecclesia.org.br\/#organization"},"alternateName":"Ecclesia","potentialAction":[{"@type":"SearchAction","target":{"@type":"EntryPoint","urlTemplate":"https:\/\/news.ecclesia.org.br\/?s={search_term_string}"},"query-input":{"@type":"PropertyValueSpecification","valueRequired":true,"valueName":"search_term_string"}}],"inLanguage":"pt-BR"},{"@type":"Organization","@id":"https:\/\/news.ecclesia.org.br\/#organization","name":"Sacra Arquidiocese de Buenos Aires e Am\u00e9rica do Sul | Patriarcado Ecum\u00eanico","alternateName":"News Ecclesia Brasil","url":"https:\/\/news.ecclesia.org.br\/","logo":{"@type":"ImageObject","inLanguage":"pt-BR","@id":"https:\/\/news.ecclesia.org.br\/#\/schema\/logo\/image\/","url":"https:\/\/news.ecclesia.org.br\/wp-content\/uploads\/2025\/05\/ecclesia2.png","contentUrl":"https:\/\/news.ecclesia.org.br\/wp-content\/uploads\/2025\/05\/ecclesia2.png","width":480,"height":120,"caption":"Sacra Arquidiocese de Buenos Aires e Am\u00e9rica do Sul | Patriarcado Ecum\u00eanico"},"image":{"@id":"https:\/\/news.ecclesia.org.br\/#\/schema\/logo\/image\/"},"sameAs":["https:\/\/www.facebook.com\/Ecclesia2025","https:\/\/x.com\/EcclesiaNews","https:\/\/br.pinterest.com\/ekklisia\/","https:\/\/www.youtube.com\/@EcclesiaBrasil"]},{"@type":"Person","@id":"https:\/\/news.ecclesia.org.br\/#\/schema\/person\/6f09597f025829745ba414a569f63758","name":"Pe. Andr\u00e9","image":{"@type":"ImageObject","inLanguage":"pt-BR","@id":"https:\/\/secure.gravatar.com\/avatar\/b4327cfa27e9799da239a26adcd534fc29cdc0c4a4a148eecbcfeb9b42c617ac?s=96&d=mm&r=g","url":"https:\/\/secure.gravatar.com\/avatar\/b4327cfa27e9799da239a26adcd534fc29cdc0c4a4a148eecbcfeb9b42c617ac?s=96&d=mm&r=g","contentUrl":"https:\/\/secure.gravatar.com\/avatar\/b4327cfa27e9799da239a26adcd534fc29cdc0c4a4a148eecbcfeb9b42c617ac?s=96&d=mm&r=g","caption":"Pe. Andr\u00e9"},"sameAs":["https:\/\/www.ecclesia.org.br"]}]}},"_links":{"self":[{"href":"https:\/\/news.ecclesia.org.br\/index.php?rest_route=\/wp\/v2\/posts\/7634","targetHints":{"allow":["GET"]}}],"collection":[{"href":"https:\/\/news.ecclesia.org.br\/index.php?rest_route=\/wp\/v2\/posts"}],"about":[{"href":"https:\/\/news.ecclesia.org.br\/index.php?rest_route=\/wp\/v2\/types\/post"}],"author":[{"embeddable":true,"href":"https:\/\/news.ecclesia.org.br\/index.php?rest_route=\/wp\/v2\/users\/1"}],"replies":[{"embeddable":true,"href":"https:\/\/news.ecclesia.org.br\/index.php?rest_route=%2Fwp%2Fv2%2Fcomments&post=7634"}],"version-history":[{"count":0,"href":"https:\/\/news.ecclesia.org.br\/index.php?rest_route=\/wp\/v2\/posts\/7634\/revisions"}],"wp:featuredmedia":[{"embeddable":true,"href":"https:\/\/news.ecclesia.org.br\/index.php?rest_route=\/wp\/v2\/media\/7635"}],"wp:attachment":[{"href":"https:\/\/news.ecclesia.org.br\/index.php?rest_route=%2Fwp%2Fv2%2Fmedia&parent=7634"}],"wp:term":[{"taxonomy":"category","embeddable":true,"href":"https:\/\/news.ecclesia.org.br\/index.php?rest_route=%2Fwp%2Fv2%2Fcategories&post=7634"},{"taxonomy":"post_tag","embeddable":true,"href":"https:\/\/news.ecclesia.org.br\/index.php?rest_route=%2Fwp%2Fv2%2Ftags&post=7634"}],"curies":[{"name":"wp","href":"https:\/\/api.w.org\/{rel}","templated":true}]}}