{"id":7610,"date":"2015-07-05T21:42:05","date_gmt":"2015-07-06T00:42:05","guid":{"rendered":"http:\/\/www.ecclesia.com.br\/news\/2013\/?p=7610"},"modified":"2016-03-22T13:58:45","modified_gmt":"2016-03-22T13:58:45","slug":"7610","status":"publish","type":"post","link":"https:\/\/news.ecclesia.org.br\/?p=7610","title":{"rendered":"OFICINAS DE M\u00daSICA TRADICIONAL GREGA, BIZANTINA E TEATRO"},"content":{"rendered":"<h3 style=\"text-align: center;\"><a href=\"https:\/\/news.ecclesia.org.br\/2013\/wp-content\/uploads\/2015\/07\/seminario-Xaldaiaki.jpg\" rel=\"attachment wp-att-18493\"><img fetchpriority=\"high\" decoding=\"async\" class=\"aligncenter size-full wp-image-18493\" src=\"https:\/\/news.ecclesia.org.br\/2013\/wp-content\/uploads\/2015\/07\/seminario-Xaldaiaki.jpg\" alt=\"seminario Xaldaiaki\" width=\"893\" height=\"622\" srcset=\"https:\/\/news.ecclesia.org.br\/wp-content\/uploads\/2015\/07\/seminario-Xaldaiaki.jpg 893w, https:\/\/news.ecclesia.org.br\/wp-content\/uploads\/2015\/07\/seminario-Xaldaiaki-300x209.jpg 300w, https:\/\/news.ecclesia.org.br\/wp-content\/uploads\/2015\/07\/seminario-Xaldaiaki-768x535.jpg 768w, https:\/\/news.ecclesia.org.br\/wp-content\/uploads\/2015\/07\/seminario-Xaldaiaki-600x418.jpg 600w, https:\/\/news.ecclesia.org.br\/wp-content\/uploads\/2015\/07\/seminario-Xaldaiaki-79x55.jpg 79w\" sizes=\"(max-width: 893px) 100vw, 893px\" \/><\/a><\/h3>\n<h3 style=\"text-align: center;\">Arquidiocese Ortodoxa Grega de Buenos Aires e Am\u00e9rica do Sul<br \/>\nPatriarcado Ecum\u00eanico de Constantinopla<\/h3>\n<h2 style=\"text-align: center;\">C O N V I D A:<\/h2>\n<h2 style=\"text-align: center;\">Oficinas de M\u00fasica tradicional grega, bizantina e Teatro<\/h2>\n<hr \/>\n<h3 style=\"text-align: center;\"><a href=\"http:\/\/www.ecclesia.com.br\/news\/2013\/wp-content\/uploads\/2015\/07\/seminario.jpg\" target=\"_blank\">PROGRAMA<\/a>:<\/h3>\n<h3><strong>\u00a0JULHO\/2015<\/strong><\/h3>\n<ul>\n<li><strong>Oficina de M\u00fasica I &#8211;<\/strong>\n<ul>\n<li><strong>S\u00e1bado, 25:<\/strong>\n<ul>\n<li>11h00, para crian\u00e7as de 6 a12 anos;<\/li>\n<li>17h00, para adolescentes de 13 a 17 anos;<\/li>\n<\/ul>\n<\/li>\n<li><strong>Domingo, 26:<\/strong>\n<ul>\n<li>10h00: Of\u00edcio da Divina Liturgia;<\/li>\n<li>18h00: Oficina de M\u00fasica para adultos a partir de 18 anos;<\/li>\n<\/ul>\n<\/li>\n<\/ul>\n<\/li>\n<li><strong>Oficina de Teatro I<\/strong>\n<ul>\n<li><strong>Quarta-feira, 28,<\/strong> \u00e0s 18h00;<\/li>\n<\/ul>\n<\/li>\n<li><strong>Oficina de M\u00fasica II<\/strong>\n<ul>\n<li><strong>Quinta-feira, 30,<\/strong> \u00e0s 18h00, para todos<\/li>\n<\/ul>\n<\/li>\n<\/ul>\n<h3>AGOSTO\/\u00a02015<\/h3>\n<ul>\n<li><strong>Oficina de Teatro II<\/strong>\n<ul>\n<li><strong>Ter\u00e7a-feira, 4,<\/strong> \u00e0s 18h00;<\/li>\n<\/ul>\n<\/li>\n<li><strong>Oficina de M\u00fasica III<\/strong>\n<ul>\n<li><strong>Quinta-feira, 6,<\/strong> \u00e0s 18h00, para todos<\/li>\n<\/ul>\n<\/li>\n<li><strong>Oficina de M\u00fasica IV<\/strong>\n<ul>\n<li><strong>Quinta-feira, 13,<\/strong> \u00e0s 18h00, para todos<\/li>\n<\/ul>\n<\/li>\n<\/ul>\n<hr \/>\n<h3>Of\u00edcios comemorativos \u00e0 Dormi\u00e7\u00e3o da Theotokos presididos pelo Eminent\u00edssimo\u00a0Arcebispo D. Tarasios<\/h3>\n<ul>\n<li><strong>Sexta-feira, 14<\/strong>, \u00e0s 18h00: Grandes V\u00e9speras da Dormi\u00e7\u00e3o da Theotokos<\/li>\n<li><strong>\u00a0S\u00e1bado, 15<\/strong>, \u00e0s 10h00: Divina Liturgia;<\/li>\n<li><strong>Domingo, 16<\/strong>, \u00e0s 10h00: Divina Liturgia;<\/li>\n<\/ul>\n<p style=\"text-align: justify;\">Nestes of\u00edcios, o coro estar\u00e1 sob a dire\u00e7\u00e3o do Maestro Nikos Jaldeakis e ser\u00e3o realizados na Catedral da Dormi\u00e7\u00e3o da Theotokos, Julian Alvarez 1030, Buenos Aires.<\/p>\n<p style=\"text-align: justify;\">O workshop ser\u00e1 ministrado pelo Maestro Nikos Jaldeakis, m\u00fasico, compositor e dramaturgo. Nascido na Gr\u00e9cia, o Maestro Nikos Jaldeakis obteve seu diploma em m\u00fasica bizantina com pontua\u00e7\u00e3o m\u00e1xima do Conservat\u00f3rio Nakas Philippos com o Maestro Lykourgo Angelopoulos. Colaborou com v\u00e1rios artistas, entre eles, Kontogianni e Savvopoulos e participou de v\u00e1rios programas de r\u00e1dio, televis\u00e3o, em espet\u00e1culos musicais e concertos. Desde 2005, ensina can\u00e7\u00f5es tradicionais de Esmirna e Islenas, no centro de etnomusicologia do Museu de Instrumentos Populares Gregos em Atenas. Estudou na escola de arte dram\u00e1tica \u201c\u039a\u03b5\u03bd\u03c4\u03c1\u03b9\u03ba\u03ae \u03a3\u03ba\u03b7\u03bd\u03ae\u201d. Estudou com o Maestro P\u00e9ricles Moustakis, colaborou com Funda\u00e7\u00e3o &#8220;Onassis&#8221;, al\u00e9m de ter participado de outros eventos na Gr\u00e9cia, Europa, Constantinopla, Oriente M\u00e9dio, \u00c1frica, Canad\u00e1 e EUA.<\/p>\n<hr \/>\n<p><strong>INFORMA\u00c7\u00d5ES<\/strong>:<\/p>\n<ul>\n<li>E-mail: Secretaria@ortodoxia.org<\/li>\n<li>Tel.: 4508-5402<\/li>\n<\/ul>\n<p style=\"text-align: right;\">FONTE: \u00a0<a href=\"http:\/\/fanarion.blogspot.com.br\/\" target=\"_blank\">Fanarion<\/a><\/p>\n<p>&nbsp;<\/p>\n","protected":false},"excerpt":{"rendered":"<p>Arquidiocese Ortodoxa Grega de Buenos Aires e Am\u00e9rica do Sul Patriarcado Ecum\u00eanico de Constantinopla C O N V I D A: Oficinas de M\u00fasica tradicional grega, bizantina e Teatro PROGRAMA: \u00a0JULHO\/2015 Oficina de M\u00fasica I &#8211; S\u00e1bado, 25: 11h00, para&#8230;<\/p>\n","protected":false},"author":1,"featured_media":18493,"comment_status":"open","ping_status":"open","sticky":false,"template":"","format":"standard","meta":{"_acf_changed":false,"footnotes":""},"categories":[40],"tags":[],"class_list":["post-7610","post","type-post","status-publish","format-standard","has-post-thumbnail","hentry","category-arquidiocese-de-buenos-aires-e-america-do-sul","entry","rows-excerpt"],"acf":[],"yoast_head":"<!-- This site is optimized with the Yoast SEO plugin v27.5 - https:\/\/yoast.com\/product\/yoast-seo-wordpress\/ -->\n<title>OFICINAS DE M\u00daSICA TRADICIONAL GREGA, BIZANTINA E TEATRO | ECCLESIA NEWS<\/title>\n<meta name=\"robots\" content=\"index, follow, max-snippet:-1, max-image-preview:large, max-video-preview:-1\" \/>\n<link rel=\"canonical\" href=\"https:\/\/news.ecclesia.org.br\/?p=7610\" \/>\n<meta property=\"og:locale\" content=\"pt_BR\" \/>\n<meta property=\"og:type\" content=\"article\" \/>\n<meta property=\"og:title\" content=\"OFICINAS DE M\u00daSICA TRADICIONAL GREGA, BIZANTINA E TEATRO | ECCLESIA NEWS\" \/>\n<meta property=\"og:description\" content=\"Arquidiocese Ortodoxa Grega de Buenos Aires e Am\u00e9rica do Sul Patriarcado Ecum\u00eanico de Constantinopla C O N V I D A: Oficinas de M\u00fasica tradicional grega, bizantina e Teatro PROGRAMA: \u00a0JULHO\/2015 Oficina de M\u00fasica I &#8211; S\u00e1bado, 25: 11h00, para&#8230;\" \/>\n<meta property=\"og:url\" content=\"https:\/\/news.ecclesia.org.br\/?p=7610\" \/>\n<meta property=\"og:site_name\" content=\"ECCLESIA NEWS\" \/>\n<meta property=\"article:publisher\" content=\"https:\/\/www.facebook.com\/Ecclesia2025\" \/>\n<meta property=\"article:published_time\" content=\"2015-07-06T00:42:05+00:00\" \/>\n<meta property=\"article:modified_time\" content=\"2016-03-22T13:58:45+00:00\" \/>\n<meta property=\"og:image\" content=\"https:\/\/news.ecclesia.org.br\/wp-content\/uploads\/2015\/07\/seminario-Xaldaiaki.jpg\" \/>\n\t<meta property=\"og:image:width\" content=\"893\" \/>\n\t<meta property=\"og:image:height\" content=\"622\" \/>\n\t<meta property=\"og:image:type\" content=\"image\/jpeg\" \/>\n<meta name=\"author\" content=\"Pe. Andr\u00e9\" \/>\n<meta name=\"twitter:card\" content=\"summary_large_image\" \/>\n<meta name=\"twitter:creator\" content=\"@EcclesiaNews\" \/>\n<meta name=\"twitter:site\" content=\"@EcclesiaNews\" \/>\n<meta name=\"twitter:label1\" content=\"Escrito por\" \/>\n\t<meta name=\"twitter:data1\" content=\"Pe. Andr\u00e9\" \/>\n\t<meta name=\"twitter:label2\" content=\"Est. tempo de leitura\" \/>\n\t<meta name=\"twitter:data2\" content=\"2 minutos\" \/>\n<script type=\"application\/ld+json\" class=\"yoast-schema-graph\">{\"@context\":\"https:\\\/\\\/schema.org\",\"@graph\":[{\"@type\":\"Article\",\"@id\":\"https:\\\/\\\/news.ecclesia.org.br\\\/?p=7610#article\",\"isPartOf\":{\"@id\":\"https:\\\/\\\/news.ecclesia.org.br\\\/?p=7610\"},\"author\":{\"name\":\"Pe. Andr\u00e9\",\"@id\":\"https:\\\/\\\/news.ecclesia.org.br\\\/#\\\/schema\\\/person\\\/6f09597f025829745ba414a569f63758\"},\"headline\":\"OFICINAS DE M\u00daSICA TRADICIONAL GREGA, BIZANTINA E TEATRO\",\"datePublished\":\"2015-07-06T00:42:05+00:00\",\"dateModified\":\"2016-03-22T13:58:45+00:00\",\"mainEntityOfPage\":{\"@id\":\"https:\\\/\\\/news.ecclesia.org.br\\\/?p=7610\"},\"wordCount\":334,\"commentCount\":0,\"publisher\":{\"@id\":\"https:\\\/\\\/news.ecclesia.org.br\\\/#organization\"},\"image\":{\"@id\":\"https:\\\/\\\/news.ecclesia.org.br\\\/?p=7610#primaryimage\"},\"thumbnailUrl\":\"https:\\\/\\\/news.ecclesia.org.br\\\/wp-content\\\/uploads\\\/2015\\\/07\\\/seminario-Xaldaiaki.jpg\",\"articleSection\":[\"Arquidiocese de Buenos Aires e Am\u00e9rica do Sul\"],\"inLanguage\":\"pt-BR\",\"potentialAction\":[{\"@type\":\"CommentAction\",\"name\":\"Comment\",\"target\":[\"https:\\\/\\\/news.ecclesia.org.br\\\/?p=7610#respond\"]}]},{\"@type\":\"WebPage\",\"@id\":\"https:\\\/\\\/news.ecclesia.org.br\\\/?p=7610\",\"url\":\"https:\\\/\\\/news.ecclesia.org.br\\\/?p=7610\",\"name\":\"OFICINAS DE M\u00daSICA TRADICIONAL GREGA, BIZANTINA E TEATRO | ECCLESIA NEWS\",\"isPartOf\":{\"@id\":\"https:\\\/\\\/news.ecclesia.org.br\\\/#website\"},\"primaryImageOfPage\":{\"@id\":\"https:\\\/\\\/news.ecclesia.org.br\\\/?p=7610#primaryimage\"},\"image\":{\"@id\":\"https:\\\/\\\/news.ecclesia.org.br\\\/?p=7610#primaryimage\"},\"thumbnailUrl\":\"https:\\\/\\\/news.ecclesia.org.br\\\/wp-content\\\/uploads\\\/2015\\\/07\\\/seminario-Xaldaiaki.jpg\",\"datePublished\":\"2015-07-06T00:42:05+00:00\",\"dateModified\":\"2016-03-22T13:58:45+00:00\",\"breadcrumb\":{\"@id\":\"https:\\\/\\\/news.ecclesia.org.br\\\/?p=7610#breadcrumb\"},\"inLanguage\":\"pt-BR\",\"potentialAction\":[{\"@type\":\"ReadAction\",\"target\":[\"https:\\\/\\\/news.ecclesia.org.br\\\/?p=7610\"]}]},{\"@type\":\"ImageObject\",\"inLanguage\":\"pt-BR\",\"@id\":\"https:\\\/\\\/news.ecclesia.org.br\\\/?p=7610#primaryimage\",\"url\":\"https:\\\/\\\/news.ecclesia.org.br\\\/wp-content\\\/uploads\\\/2015\\\/07\\\/seminario-Xaldaiaki.jpg\",\"contentUrl\":\"https:\\\/\\\/news.ecclesia.org.br\\\/wp-content\\\/uploads\\\/2015\\\/07\\\/seminario-Xaldaiaki.jpg\",\"width\":893,\"height\":622},{\"@type\":\"BreadcrumbList\",\"@id\":\"https:\\\/\\\/news.ecclesia.org.br\\\/?p=7610#breadcrumb\",\"itemListElement\":[{\"@type\":\"ListItem\",\"position\":1,\"name\":\"In\u00edcio\",\"item\":\"https:\\\/\\\/news.ecclesia.org.br\\\/\"},{\"@type\":\"ListItem\",\"position\":2,\"name\":\"OFICINAS DE M\u00daSICA TRADICIONAL GREGA, BIZANTINA E TEATRO\"}]},{\"@type\":\"WebSite\",\"@id\":\"https:\\\/\\\/news.ecclesia.org.br\\\/#website\",\"url\":\"https:\\\/\\\/news.ecclesia.org.br\\\/\",\"name\":\"Ecclesia Brasil\",\"description\":\"Desde 2003 onectando o Brasil ao mundo ortodoxo!\",\"publisher\":{\"@id\":\"https:\\\/\\\/news.ecclesia.org.br\\\/#organization\"},\"alternateName\":\"Ecclesia\",\"potentialAction\":[{\"@type\":\"SearchAction\",\"target\":{\"@type\":\"EntryPoint\",\"urlTemplate\":\"https:\\\/\\\/news.ecclesia.org.br\\\/?s={search_term_string}\"},\"query-input\":{\"@type\":\"PropertyValueSpecification\",\"valueRequired\":true,\"valueName\":\"search_term_string\"}}],\"inLanguage\":\"pt-BR\"},{\"@type\":\"Organization\",\"@id\":\"https:\\\/\\\/news.ecclesia.org.br\\\/#organization\",\"name\":\"Sacra Arquidiocese de Buenos Aires e Am\u00e9rica do Sul | Patriarcado Ecum\u00eanico\",\"alternateName\":\"News Ecclesia Brasil\",\"url\":\"https:\\\/\\\/news.ecclesia.org.br\\\/\",\"logo\":{\"@type\":\"ImageObject\",\"inLanguage\":\"pt-BR\",\"@id\":\"https:\\\/\\\/news.ecclesia.org.br\\\/#\\\/schema\\\/logo\\\/image\\\/\",\"url\":\"https:\\\/\\\/news.ecclesia.org.br\\\/wp-content\\\/uploads\\\/2025\\\/05\\\/ecclesia2.png\",\"contentUrl\":\"https:\\\/\\\/news.ecclesia.org.br\\\/wp-content\\\/uploads\\\/2025\\\/05\\\/ecclesia2.png\",\"width\":480,\"height\":120,\"caption\":\"Sacra Arquidiocese de Buenos Aires e Am\u00e9rica do Sul | Patriarcado Ecum\u00eanico\"},\"image\":{\"@id\":\"https:\\\/\\\/news.ecclesia.org.br\\\/#\\\/schema\\\/logo\\\/image\\\/\"},\"sameAs\":[\"https:\\\/\\\/www.facebook.com\\\/Ecclesia2025\",\"https:\\\/\\\/x.com\\\/EcclesiaNews\",\"https:\\\/\\\/br.pinterest.com\\\/ekklisia\\\/\",\"https:\\\/\\\/www.youtube.com\\\/@EcclesiaBrasil\"]},{\"@type\":\"Person\",\"@id\":\"https:\\\/\\\/news.ecclesia.org.br\\\/#\\\/schema\\\/person\\\/6f09597f025829745ba414a569f63758\",\"name\":\"Pe. Andr\u00e9\",\"image\":{\"@type\":\"ImageObject\",\"inLanguage\":\"pt-BR\",\"@id\":\"https:\\\/\\\/secure.gravatar.com\\\/avatar\\\/b4327cfa27e9799da239a26adcd534fc29cdc0c4a4a148eecbcfeb9b42c617ac?s=96&d=mm&r=g\",\"url\":\"https:\\\/\\\/secure.gravatar.com\\\/avatar\\\/b4327cfa27e9799da239a26adcd534fc29cdc0c4a4a148eecbcfeb9b42c617ac?s=96&d=mm&r=g\",\"contentUrl\":\"https:\\\/\\\/secure.gravatar.com\\\/avatar\\\/b4327cfa27e9799da239a26adcd534fc29cdc0c4a4a148eecbcfeb9b42c617ac?s=96&d=mm&r=g\",\"caption\":\"Pe. Andr\u00e9\"},\"sameAs\":[\"https:\\\/\\\/www.ecclesia.org.br\"]}]}<\/script>\n<!-- \/ Yoast SEO plugin. -->","yoast_head_json":{"title":"OFICINAS DE M\u00daSICA TRADICIONAL GREGA, BIZANTINA E TEATRO | ECCLESIA NEWS","robots":{"index":"index","follow":"follow","max-snippet":"max-snippet:-1","max-image-preview":"max-image-preview:large","max-video-preview":"max-video-preview:-1"},"canonical":"https:\/\/news.ecclesia.org.br\/?p=7610","og_locale":"pt_BR","og_type":"article","og_title":"OFICINAS DE M\u00daSICA TRADICIONAL GREGA, BIZANTINA E TEATRO | ECCLESIA NEWS","og_description":"Arquidiocese Ortodoxa Grega de Buenos Aires e Am\u00e9rica do Sul Patriarcado Ecum\u00eanico de Constantinopla C O N V I D A: Oficinas de M\u00fasica tradicional grega, bizantina e Teatro PROGRAMA: \u00a0JULHO\/2015 Oficina de M\u00fasica I &#8211; S\u00e1bado, 25: 11h00, para&#8230;","og_url":"https:\/\/news.ecclesia.org.br\/?p=7610","og_site_name":"ECCLESIA NEWS","article_publisher":"https:\/\/www.facebook.com\/Ecclesia2025","article_published_time":"2015-07-06T00:42:05+00:00","article_modified_time":"2016-03-22T13:58:45+00:00","og_image":[{"width":893,"height":622,"url":"https:\/\/news.ecclesia.org.br\/wp-content\/uploads\/2015\/07\/seminario-Xaldaiaki.jpg","type":"image\/jpeg"}],"author":"Pe. Andr\u00e9","twitter_card":"summary_large_image","twitter_creator":"@EcclesiaNews","twitter_site":"@EcclesiaNews","twitter_misc":{"Escrito por":"Pe. Andr\u00e9","Est. tempo de leitura":"2 minutos"},"schema":{"@context":"https:\/\/schema.org","@graph":[{"@type":"Article","@id":"https:\/\/news.ecclesia.org.br\/?p=7610#article","isPartOf":{"@id":"https:\/\/news.ecclesia.org.br\/?p=7610"},"author":{"name":"Pe. Andr\u00e9","@id":"https:\/\/news.ecclesia.org.br\/#\/schema\/person\/6f09597f025829745ba414a569f63758"},"headline":"OFICINAS DE M\u00daSICA TRADICIONAL GREGA, BIZANTINA E TEATRO","datePublished":"2015-07-06T00:42:05+00:00","dateModified":"2016-03-22T13:58:45+00:00","mainEntityOfPage":{"@id":"https:\/\/news.ecclesia.org.br\/?p=7610"},"wordCount":334,"commentCount":0,"publisher":{"@id":"https:\/\/news.ecclesia.org.br\/#organization"},"image":{"@id":"https:\/\/news.ecclesia.org.br\/?p=7610#primaryimage"},"thumbnailUrl":"https:\/\/news.ecclesia.org.br\/wp-content\/uploads\/2015\/07\/seminario-Xaldaiaki.jpg","articleSection":["Arquidiocese de Buenos Aires e Am\u00e9rica do Sul"],"inLanguage":"pt-BR","potentialAction":[{"@type":"CommentAction","name":"Comment","target":["https:\/\/news.ecclesia.org.br\/?p=7610#respond"]}]},{"@type":"WebPage","@id":"https:\/\/news.ecclesia.org.br\/?p=7610","url":"https:\/\/news.ecclesia.org.br\/?p=7610","name":"OFICINAS DE M\u00daSICA TRADICIONAL GREGA, BIZANTINA E TEATRO | ECCLESIA NEWS","isPartOf":{"@id":"https:\/\/news.ecclesia.org.br\/#website"},"primaryImageOfPage":{"@id":"https:\/\/news.ecclesia.org.br\/?p=7610#primaryimage"},"image":{"@id":"https:\/\/news.ecclesia.org.br\/?p=7610#primaryimage"},"thumbnailUrl":"https:\/\/news.ecclesia.org.br\/wp-content\/uploads\/2015\/07\/seminario-Xaldaiaki.jpg","datePublished":"2015-07-06T00:42:05+00:00","dateModified":"2016-03-22T13:58:45+00:00","breadcrumb":{"@id":"https:\/\/news.ecclesia.org.br\/?p=7610#breadcrumb"},"inLanguage":"pt-BR","potentialAction":[{"@type":"ReadAction","target":["https:\/\/news.ecclesia.org.br\/?p=7610"]}]},{"@type":"ImageObject","inLanguage":"pt-BR","@id":"https:\/\/news.ecclesia.org.br\/?p=7610#primaryimage","url":"https:\/\/news.ecclesia.org.br\/wp-content\/uploads\/2015\/07\/seminario-Xaldaiaki.jpg","contentUrl":"https:\/\/news.ecclesia.org.br\/wp-content\/uploads\/2015\/07\/seminario-Xaldaiaki.jpg","width":893,"height":622},{"@type":"BreadcrumbList","@id":"https:\/\/news.ecclesia.org.br\/?p=7610#breadcrumb","itemListElement":[{"@type":"ListItem","position":1,"name":"In\u00edcio","item":"https:\/\/news.ecclesia.org.br\/"},{"@type":"ListItem","position":2,"name":"OFICINAS DE M\u00daSICA TRADICIONAL GREGA, BIZANTINA E TEATRO"}]},{"@type":"WebSite","@id":"https:\/\/news.ecclesia.org.br\/#website","url":"https:\/\/news.ecclesia.org.br\/","name":"Ecclesia Brasil","description":"Desde 2003 onectando o Brasil ao mundo ortodoxo!","publisher":{"@id":"https:\/\/news.ecclesia.org.br\/#organization"},"alternateName":"Ecclesia","potentialAction":[{"@type":"SearchAction","target":{"@type":"EntryPoint","urlTemplate":"https:\/\/news.ecclesia.org.br\/?s={search_term_string}"},"query-input":{"@type":"PropertyValueSpecification","valueRequired":true,"valueName":"search_term_string"}}],"inLanguage":"pt-BR"},{"@type":"Organization","@id":"https:\/\/news.ecclesia.org.br\/#organization","name":"Sacra Arquidiocese de Buenos Aires e Am\u00e9rica do Sul | Patriarcado Ecum\u00eanico","alternateName":"News Ecclesia Brasil","url":"https:\/\/news.ecclesia.org.br\/","logo":{"@type":"ImageObject","inLanguage":"pt-BR","@id":"https:\/\/news.ecclesia.org.br\/#\/schema\/logo\/image\/","url":"https:\/\/news.ecclesia.org.br\/wp-content\/uploads\/2025\/05\/ecclesia2.png","contentUrl":"https:\/\/news.ecclesia.org.br\/wp-content\/uploads\/2025\/05\/ecclesia2.png","width":480,"height":120,"caption":"Sacra Arquidiocese de Buenos Aires e Am\u00e9rica do Sul | Patriarcado Ecum\u00eanico"},"image":{"@id":"https:\/\/news.ecclesia.org.br\/#\/schema\/logo\/image\/"},"sameAs":["https:\/\/www.facebook.com\/Ecclesia2025","https:\/\/x.com\/EcclesiaNews","https:\/\/br.pinterest.com\/ekklisia\/","https:\/\/www.youtube.com\/@EcclesiaBrasil"]},{"@type":"Person","@id":"https:\/\/news.ecclesia.org.br\/#\/schema\/person\/6f09597f025829745ba414a569f63758","name":"Pe. Andr\u00e9","image":{"@type":"ImageObject","inLanguage":"pt-BR","@id":"https:\/\/secure.gravatar.com\/avatar\/b4327cfa27e9799da239a26adcd534fc29cdc0c4a4a148eecbcfeb9b42c617ac?s=96&d=mm&r=g","url":"https:\/\/secure.gravatar.com\/avatar\/b4327cfa27e9799da239a26adcd534fc29cdc0c4a4a148eecbcfeb9b42c617ac?s=96&d=mm&r=g","contentUrl":"https:\/\/secure.gravatar.com\/avatar\/b4327cfa27e9799da239a26adcd534fc29cdc0c4a4a148eecbcfeb9b42c617ac?s=96&d=mm&r=g","caption":"Pe. Andr\u00e9"},"sameAs":["https:\/\/www.ecclesia.org.br"]}]}},"_links":{"self":[{"href":"https:\/\/news.ecclesia.org.br\/index.php?rest_route=\/wp\/v2\/posts\/7610","targetHints":{"allow":["GET"]}}],"collection":[{"href":"https:\/\/news.ecclesia.org.br\/index.php?rest_route=\/wp\/v2\/posts"}],"about":[{"href":"https:\/\/news.ecclesia.org.br\/index.php?rest_route=\/wp\/v2\/types\/post"}],"author":[{"embeddable":true,"href":"https:\/\/news.ecclesia.org.br\/index.php?rest_route=\/wp\/v2\/users\/1"}],"replies":[{"embeddable":true,"href":"https:\/\/news.ecclesia.org.br\/index.php?rest_route=%2Fwp%2Fv2%2Fcomments&post=7610"}],"version-history":[{"count":0,"href":"https:\/\/news.ecclesia.org.br\/index.php?rest_route=\/wp\/v2\/posts\/7610\/revisions"}],"wp:featuredmedia":[{"embeddable":true,"href":"https:\/\/news.ecclesia.org.br\/index.php?rest_route=\/wp\/v2\/media\/18493"}],"wp:attachment":[{"href":"https:\/\/news.ecclesia.org.br\/index.php?rest_route=%2Fwp%2Fv2%2Fmedia&parent=7610"}],"wp:term":[{"taxonomy":"category","embeddable":true,"href":"https:\/\/news.ecclesia.org.br\/index.php?rest_route=%2Fwp%2Fv2%2Fcategories&post=7610"},{"taxonomy":"post_tag","embeddable":true,"href":"https:\/\/news.ecclesia.org.br\/index.php?rest_route=%2Fwp%2Fv2%2Ftags&post=7610"}],"curies":[{"name":"wp","href":"https:\/\/api.w.org\/{rel}","templated":true}]}}