{"id":7590,"date":"2015-06-28T00:24:06","date_gmt":"2015-06-28T00:24:06","guid":{"rendered":"http:\/\/www.ecclesia.com.br\/news\/2013\/?p=7590"},"modified":"2016-03-22T14:00:46","modified_gmt":"2016-03-22T14:00:46","slug":"papa-francisco-e-o-patriarcado-ecumenico-de-constantinopla","status":"publish","type":"post","link":"https:\/\/news.ecclesia.org.br\/?p=7590","title":{"rendered":"PAPA FRANCISCO E O PATRIARCADO ECUM\u00caNICO DE CONSTANTINOPLA"},"content":{"rendered":"<p style=\"text-align: justify;\"><a href=\"https:\/\/news.ecclesia.org.br\/2013\/wp-content\/uploads\/2015\/06\/27062015-1.jpg\" rel=\"attachment wp-att-7591\"><img fetchpriority=\"high\" decoding=\"async\" class=\"alignleft wp-image-7591 size-medium\" src=\"https:\/\/news.ecclesia.org.br\/2013\/wp-content\/uploads\/2015\/06\/27062015-1-300x198.jpg\" alt=\"27062015\" width=\"300\" height=\"198\" srcset=\"https:\/\/news.ecclesia.org.br\/wp-content\/uploads\/2015\/06\/27062015-1-300x198.jpg 300w, https:\/\/news.ecclesia.org.br\/wp-content\/uploads\/2015\/06\/27062015-1-83x55.jpg 83w, https:\/\/news.ecclesia.org.br\/wp-content\/uploads\/2015\/06\/27062015-1-60x40.jpg 60w, https:\/\/news.ecclesia.org.br\/wp-content\/uploads\/2015\/06\/27062015-1-120x80.jpg 120w, https:\/\/news.ecclesia.org.br\/wp-content\/uploads\/2015\/06\/27062015-1.jpg 640w\" sizes=\"(max-width: 300px) 100vw, 300px\" \/><\/a><a href=\"radiovaticana.va\" target=\"_blank\">RV<\/a> | \u00a0Papa Francisco iniciou suas atividades, na manh\u00e3 deste s\u00e1bado (27\/6), recebendo, na Biblioteca Apost\u00f3lica Vaticana, uma Delega\u00e7\u00e3o do Patriarcado Ortodoxo Ecum\u00eanico de Constantinopla, vinda a Roma para participar da celebra\u00e7\u00e3o de S\u00e3o Pedro e S\u00e3o Paulo. Esta visita faz parte do tradicional interc\u00e2mbio de Delega\u00e7\u00f5es, por ocasi\u00e3o das respectivas festas dos Santos Padroeiros: 29 de junho, em Roma, a celebra\u00e7\u00e3o dos Santos Ap\u00f3stolos Pedro e Paulo; e 30 de novembro, em Istambul (Turquia), a celebra\u00e7\u00e3o de Santo Andr\u00e9 Ap\u00f3stolo, irm\u00e3o de S\u00e3o Pedro.<\/p>\n<p style=\"text-align: justify;\">Ao acolher, fraternalmente, os representantes do Patriarcado Ecum\u00eanico de Constantinopla, guiados pelo Metropolita Ioannis Zizioulas, o Papa Francisco disse:<\/p>\n<blockquote>\n<p style=\"text-align: justify;\">\u201cA sua presen\u00e7a nas celebra\u00e7\u00f5es da nossa festa testemunha, mais uma vez, a profunda rela\u00e7\u00e3o que une as Igrejas irm\u00e3s, de Roma e Constantinopla, representada pelo v\u00ednculo que liga os respectivos Santos Padroeiros das nossas Igrejas, os Ap\u00f3stolos Pedro e Andr\u00e9, irm\u00e3os de sangue e na f\u00e9, unidos no minist\u00e9rio apost\u00f3lico e no mart\u00edrio\u201d.<\/p>\n<\/blockquote>\n<p style=\"text-align: justify;\">Aos vener\u00e1veis irm\u00e3os presentes, o Bispo de Roma recordou, com gratid\u00e3o, a calorosa recep\u00e7\u00e3o que lhe foi reservada, no Fanar, pelo amado irm\u00e3o Bartolomeu, pelo clero e pelos fi\u00e9is do Patriarcado Ecum\u00eanico, por ocasi\u00e3o da festa de Santo Andr\u00e9, em novembro passado. A vig\u00edlia da festa e, depois, na Divina Liturgia, na igreja Patriarcal de S\u00e3o Jorge, acrescentou o Papa, deram-nos a possibilidade de louvar juntos o Senhor e de pedir-lhe, conjuntamente, que se aproxime o dia do pleno restabelecimento da comunh\u00e3o vis\u00edvel entre ortodoxos e cat\u00f3licos. O abra\u00e7o de paz com o Patriarca Bartolomeu, recordou ainda Francisco, foi sinal eloquente daquela caridade fraterna, que nos anima no caminho da reconcilia\u00e7\u00e3o, que, um dia, permitir\u00e1 participarmos juntos da mesma Mesa Eucar\u00edstica:<\/p>\n<blockquote>\n<p style=\"text-align: justify;\">\u201cEspero, portanto, que possam se multiplicar as ocasi\u00f5es de encontro, de interc\u00e2mbio e de colabora\u00e7\u00e3o entre os fi\u00e9is cat\u00f3licos e os ortodoxos, de modo que possamos superar os preconceitos, as dificuldades e as incompreens\u00f5es, consequentes de uma longa separa\u00e7\u00e3o\u201d.<\/p>\n<\/blockquote>\n<p style=\"text-align: justify;\">Francisco concluiu o seu breve pronunciamento \u00e0 Delega\u00e7\u00e3o Ecum\u00eanica agradecendo a sua presen\u00e7a e os sentimentos de cordial solidariedade, e enviando suas sinceras sauda\u00e7\u00f5es fraternas \u00e0 Sua Santidade, o Patriarca Bartolomeu, e ao Santo S\u00ednodo.<\/p>\n","protected":false},"excerpt":{"rendered":"<p>RV | \u00a0Papa Francisco iniciou suas atividades, na manh\u00e3 deste s\u00e1bado (27\/6), recebendo, na Biblioteca Apost\u00f3lica Vaticana, uma Delega\u00e7\u00e3o do Patriarcado Ortodoxo Ecum\u00eanico de Constantinopla, vinda a Roma para participar da celebra\u00e7\u00e3o de S\u00e3o Pedro e S\u00e3o Paulo. Esta visita&#8230;<\/p>\n","protected":false},"author":1,"featured_media":7591,"comment_status":"open","ping_status":"open","sticky":false,"template":"","format":"standard","meta":{"_acf_changed":false,"footnotes":""},"categories":[3,72],"tags":[],"class_list":["post-7590","post","type-post","status-publish","format-standard","has-post-thumbnail","hentry","category-mundo","category-patriarcado-ecumenico","entry","rows-excerpt"],"acf":[],"yoast_head":"<!-- This site is optimized with the Yoast SEO plugin v27.4 - https:\/\/yoast.com\/product\/yoast-seo-wordpress\/ -->\n<title>PAPA FRANCISCO E O PATRIARCADO ECUM\u00caNICO DE CONSTANTINOPLA | ECCLESIA NEWS<\/title>\n<meta name=\"robots\" content=\"index, follow, max-snippet:-1, max-image-preview:large, max-video-preview:-1\" \/>\n<link rel=\"canonical\" href=\"https:\/\/news.ecclesia.org.br\/?p=7590\" \/>\n<meta property=\"og:locale\" content=\"pt_BR\" \/>\n<meta property=\"og:type\" content=\"article\" \/>\n<meta property=\"og:title\" content=\"PAPA FRANCISCO E O PATRIARCADO ECUM\u00caNICO DE CONSTANTINOPLA | ECCLESIA NEWS\" \/>\n<meta property=\"og:description\" content=\"RV | \u00a0Papa Francisco iniciou suas atividades, na manh\u00e3 deste s\u00e1bado (27\/6), recebendo, na Biblioteca Apost\u00f3lica Vaticana, uma Delega\u00e7\u00e3o do Patriarcado Ortodoxo Ecum\u00eanico de Constantinopla, vinda a Roma para participar da celebra\u00e7\u00e3o de S\u00e3o Pedro e S\u00e3o Paulo. Esta visita&#8230;\" \/>\n<meta property=\"og:url\" content=\"https:\/\/news.ecclesia.org.br\/?p=7590\" \/>\n<meta property=\"og:site_name\" content=\"ECCLESIA NEWS\" \/>\n<meta property=\"article:publisher\" content=\"https:\/\/www.facebook.com\/Ecclesia2025\" \/>\n<meta property=\"article:published_time\" content=\"2015-06-28T00:24:06+00:00\" \/>\n<meta property=\"article:modified_time\" content=\"2016-03-22T14:00:46+00:00\" \/>\n<meta property=\"og:image\" content=\"https:\/\/news.ecclesia.org.br\/wp-content\/uploads\/2015\/06\/27062015-1.jpg\" \/>\n\t<meta property=\"og:image:width\" content=\"640\" \/>\n\t<meta property=\"og:image:height\" content=\"422\" \/>\n\t<meta property=\"og:image:type\" content=\"image\/jpeg\" \/>\n<meta name=\"author\" content=\"Pe. Andr\u00e9\" \/>\n<meta name=\"twitter:card\" content=\"summary_large_image\" \/>\n<meta name=\"twitter:creator\" content=\"@EcclesiaNews\" \/>\n<meta name=\"twitter:site\" content=\"@EcclesiaNews\" \/>\n<meta name=\"twitter:label1\" content=\"Escrito por\" \/>\n\t<meta name=\"twitter:data1\" content=\"Pe. Andr\u00e9\" \/>\n\t<meta name=\"twitter:label2\" content=\"Est. tempo de leitura\" \/>\n\t<meta name=\"twitter:data2\" content=\"2 minutos\" \/>\n<script type=\"application\/ld+json\" class=\"yoast-schema-graph\">{\"@context\":\"https:\\\/\\\/schema.org\",\"@graph\":[{\"@type\":\"Article\",\"@id\":\"https:\\\/\\\/news.ecclesia.org.br\\\/?p=7590#article\",\"isPartOf\":{\"@id\":\"https:\\\/\\\/news.ecclesia.org.br\\\/?p=7590\"},\"author\":{\"name\":\"Pe. Andr\u00e9\",\"@id\":\"https:\\\/\\\/news.ecclesia.org.br\\\/#\\\/schema\\\/person\\\/6f09597f025829745ba414a569f63758\"},\"headline\":\"PAPA FRANCISCO E O PATRIARCADO ECUM\u00caNICO DE CONSTANTINOPLA\",\"datePublished\":\"2015-06-28T00:24:06+00:00\",\"dateModified\":\"2016-03-22T14:00:46+00:00\",\"mainEntityOfPage\":{\"@id\":\"https:\\\/\\\/news.ecclesia.org.br\\\/?p=7590\"},\"wordCount\":411,\"commentCount\":0,\"publisher\":{\"@id\":\"https:\\\/\\\/news.ecclesia.org.br\\\/#organization\"},\"image\":{\"@id\":\"https:\\\/\\\/news.ecclesia.org.br\\\/?p=7590#primaryimage\"},\"thumbnailUrl\":\"https:\\\/\\\/news.ecclesia.org.br\\\/wp-content\\\/uploads\\\/2015\\\/06\\\/27062015-1.jpg\",\"articleSection\":[\"Mundo Ortodoxo\",\"Patriarcado Ecum\u00eanico\"],\"inLanguage\":\"pt-BR\",\"potentialAction\":[{\"@type\":\"CommentAction\",\"name\":\"Comment\",\"target\":[\"https:\\\/\\\/news.ecclesia.org.br\\\/?p=7590#respond\"]}]},{\"@type\":\"WebPage\",\"@id\":\"https:\\\/\\\/news.ecclesia.org.br\\\/?p=7590\",\"url\":\"https:\\\/\\\/news.ecclesia.org.br\\\/?p=7590\",\"name\":\"PAPA FRANCISCO E O PATRIARCADO ECUM\u00caNICO DE CONSTANTINOPLA | ECCLESIA NEWS\",\"isPartOf\":{\"@id\":\"https:\\\/\\\/news.ecclesia.org.br\\\/#website\"},\"primaryImageOfPage\":{\"@id\":\"https:\\\/\\\/news.ecclesia.org.br\\\/?p=7590#primaryimage\"},\"image\":{\"@id\":\"https:\\\/\\\/news.ecclesia.org.br\\\/?p=7590#primaryimage\"},\"thumbnailUrl\":\"https:\\\/\\\/news.ecclesia.org.br\\\/wp-content\\\/uploads\\\/2015\\\/06\\\/27062015-1.jpg\",\"datePublished\":\"2015-06-28T00:24:06+00:00\",\"dateModified\":\"2016-03-22T14:00:46+00:00\",\"breadcrumb\":{\"@id\":\"https:\\\/\\\/news.ecclesia.org.br\\\/?p=7590#breadcrumb\"},\"inLanguage\":\"pt-BR\",\"potentialAction\":[{\"@type\":\"ReadAction\",\"target\":[\"https:\\\/\\\/news.ecclesia.org.br\\\/?p=7590\"]}]},{\"@type\":\"ImageObject\",\"inLanguage\":\"pt-BR\",\"@id\":\"https:\\\/\\\/news.ecclesia.org.br\\\/?p=7590#primaryimage\",\"url\":\"https:\\\/\\\/news.ecclesia.org.br\\\/wp-content\\\/uploads\\\/2015\\\/06\\\/27062015-1.jpg\",\"contentUrl\":\"https:\\\/\\\/news.ecclesia.org.br\\\/wp-content\\\/uploads\\\/2015\\\/06\\\/27062015-1.jpg\",\"width\":640,\"height\":422},{\"@type\":\"BreadcrumbList\",\"@id\":\"https:\\\/\\\/news.ecclesia.org.br\\\/?p=7590#breadcrumb\",\"itemListElement\":[{\"@type\":\"ListItem\",\"position\":1,\"name\":\"In\u00edcio\",\"item\":\"https:\\\/\\\/news.ecclesia.org.br\\\/\"},{\"@type\":\"ListItem\",\"position\":2,\"name\":\"PAPA FRANCISCO E O PATRIARCADO ECUM\u00caNICO DE CONSTANTINOPLA\"}]},{\"@type\":\"WebSite\",\"@id\":\"https:\\\/\\\/news.ecclesia.org.br\\\/#website\",\"url\":\"https:\\\/\\\/news.ecclesia.org.br\\\/\",\"name\":\"Ecclesia Brasil\",\"description\":\"Desde 2003 onectando o Brasil ao mundo ortodoxo!\",\"publisher\":{\"@id\":\"https:\\\/\\\/news.ecclesia.org.br\\\/#organization\"},\"alternateName\":\"Ecclesia\",\"potentialAction\":[{\"@type\":\"SearchAction\",\"target\":{\"@type\":\"EntryPoint\",\"urlTemplate\":\"https:\\\/\\\/news.ecclesia.org.br\\\/?s={search_term_string}\"},\"query-input\":{\"@type\":\"PropertyValueSpecification\",\"valueRequired\":true,\"valueName\":\"search_term_string\"}}],\"inLanguage\":\"pt-BR\"},{\"@type\":\"Organization\",\"@id\":\"https:\\\/\\\/news.ecclesia.org.br\\\/#organization\",\"name\":\"Sacra Arquidiocese de Buenos Aires e Am\u00e9rica do Sul | Patriarcado Ecum\u00eanico\",\"alternateName\":\"News Ecclesia Brasil\",\"url\":\"https:\\\/\\\/news.ecclesia.org.br\\\/\",\"logo\":{\"@type\":\"ImageObject\",\"inLanguage\":\"pt-BR\",\"@id\":\"https:\\\/\\\/news.ecclesia.org.br\\\/#\\\/schema\\\/logo\\\/image\\\/\",\"url\":\"https:\\\/\\\/news.ecclesia.org.br\\\/wp-content\\\/uploads\\\/2025\\\/05\\\/ecclesia2.png\",\"contentUrl\":\"https:\\\/\\\/news.ecclesia.org.br\\\/wp-content\\\/uploads\\\/2025\\\/05\\\/ecclesia2.png\",\"width\":480,\"height\":120,\"caption\":\"Sacra Arquidiocese de Buenos Aires e Am\u00e9rica do Sul | Patriarcado Ecum\u00eanico\"},\"image\":{\"@id\":\"https:\\\/\\\/news.ecclesia.org.br\\\/#\\\/schema\\\/logo\\\/image\\\/\"},\"sameAs\":[\"https:\\\/\\\/www.facebook.com\\\/Ecclesia2025\",\"https:\\\/\\\/x.com\\\/EcclesiaNews\",\"https:\\\/\\\/br.pinterest.com\\\/ekklisia\\\/\",\"https:\\\/\\\/www.youtube.com\\\/@EcclesiaBrasil\"]},{\"@type\":\"Person\",\"@id\":\"https:\\\/\\\/news.ecclesia.org.br\\\/#\\\/schema\\\/person\\\/6f09597f025829745ba414a569f63758\",\"name\":\"Pe. Andr\u00e9\",\"image\":{\"@type\":\"ImageObject\",\"inLanguage\":\"pt-BR\",\"@id\":\"https:\\\/\\\/secure.gravatar.com\\\/avatar\\\/b4327cfa27e9799da239a26adcd534fc29cdc0c4a4a148eecbcfeb9b42c617ac?s=96&d=mm&r=g\",\"url\":\"https:\\\/\\\/secure.gravatar.com\\\/avatar\\\/b4327cfa27e9799da239a26adcd534fc29cdc0c4a4a148eecbcfeb9b42c617ac?s=96&d=mm&r=g\",\"contentUrl\":\"https:\\\/\\\/secure.gravatar.com\\\/avatar\\\/b4327cfa27e9799da239a26adcd534fc29cdc0c4a4a148eecbcfeb9b42c617ac?s=96&d=mm&r=g\",\"caption\":\"Pe. Andr\u00e9\"},\"sameAs\":[\"https:\\\/\\\/www.ecclesia.org.br\"]}]}<\/script>\n<!-- \/ Yoast SEO plugin. -->","yoast_head_json":{"title":"PAPA FRANCISCO E O PATRIARCADO ECUM\u00caNICO DE CONSTANTINOPLA | ECCLESIA NEWS","robots":{"index":"index","follow":"follow","max-snippet":"max-snippet:-1","max-image-preview":"max-image-preview:large","max-video-preview":"max-video-preview:-1"},"canonical":"https:\/\/news.ecclesia.org.br\/?p=7590","og_locale":"pt_BR","og_type":"article","og_title":"PAPA FRANCISCO E O PATRIARCADO ECUM\u00caNICO DE CONSTANTINOPLA | ECCLESIA NEWS","og_description":"RV | \u00a0Papa Francisco iniciou suas atividades, na manh\u00e3 deste s\u00e1bado (27\/6), recebendo, na Biblioteca Apost\u00f3lica Vaticana, uma Delega\u00e7\u00e3o do Patriarcado Ortodoxo Ecum\u00eanico de Constantinopla, vinda a Roma para participar da celebra\u00e7\u00e3o de S\u00e3o Pedro e S\u00e3o Paulo. Esta visita&#8230;","og_url":"https:\/\/news.ecclesia.org.br\/?p=7590","og_site_name":"ECCLESIA NEWS","article_publisher":"https:\/\/www.facebook.com\/Ecclesia2025","article_published_time":"2015-06-28T00:24:06+00:00","article_modified_time":"2016-03-22T14:00:46+00:00","og_image":[{"width":640,"height":422,"url":"https:\/\/news.ecclesia.org.br\/wp-content\/uploads\/2015\/06\/27062015-1.jpg","type":"image\/jpeg"}],"author":"Pe. Andr\u00e9","twitter_card":"summary_large_image","twitter_creator":"@EcclesiaNews","twitter_site":"@EcclesiaNews","twitter_misc":{"Escrito por":"Pe. Andr\u00e9","Est. tempo de leitura":"2 minutos"},"schema":{"@context":"https:\/\/schema.org","@graph":[{"@type":"Article","@id":"https:\/\/news.ecclesia.org.br\/?p=7590#article","isPartOf":{"@id":"https:\/\/news.ecclesia.org.br\/?p=7590"},"author":{"name":"Pe. Andr\u00e9","@id":"https:\/\/news.ecclesia.org.br\/#\/schema\/person\/6f09597f025829745ba414a569f63758"},"headline":"PAPA FRANCISCO E O PATRIARCADO ECUM\u00caNICO DE CONSTANTINOPLA","datePublished":"2015-06-28T00:24:06+00:00","dateModified":"2016-03-22T14:00:46+00:00","mainEntityOfPage":{"@id":"https:\/\/news.ecclesia.org.br\/?p=7590"},"wordCount":411,"commentCount":0,"publisher":{"@id":"https:\/\/news.ecclesia.org.br\/#organization"},"image":{"@id":"https:\/\/news.ecclesia.org.br\/?p=7590#primaryimage"},"thumbnailUrl":"https:\/\/news.ecclesia.org.br\/wp-content\/uploads\/2015\/06\/27062015-1.jpg","articleSection":["Mundo Ortodoxo","Patriarcado Ecum\u00eanico"],"inLanguage":"pt-BR","potentialAction":[{"@type":"CommentAction","name":"Comment","target":["https:\/\/news.ecclesia.org.br\/?p=7590#respond"]}]},{"@type":"WebPage","@id":"https:\/\/news.ecclesia.org.br\/?p=7590","url":"https:\/\/news.ecclesia.org.br\/?p=7590","name":"PAPA FRANCISCO E O PATRIARCADO ECUM\u00caNICO DE CONSTANTINOPLA | ECCLESIA NEWS","isPartOf":{"@id":"https:\/\/news.ecclesia.org.br\/#website"},"primaryImageOfPage":{"@id":"https:\/\/news.ecclesia.org.br\/?p=7590#primaryimage"},"image":{"@id":"https:\/\/news.ecclesia.org.br\/?p=7590#primaryimage"},"thumbnailUrl":"https:\/\/news.ecclesia.org.br\/wp-content\/uploads\/2015\/06\/27062015-1.jpg","datePublished":"2015-06-28T00:24:06+00:00","dateModified":"2016-03-22T14:00:46+00:00","breadcrumb":{"@id":"https:\/\/news.ecclesia.org.br\/?p=7590#breadcrumb"},"inLanguage":"pt-BR","potentialAction":[{"@type":"ReadAction","target":["https:\/\/news.ecclesia.org.br\/?p=7590"]}]},{"@type":"ImageObject","inLanguage":"pt-BR","@id":"https:\/\/news.ecclesia.org.br\/?p=7590#primaryimage","url":"https:\/\/news.ecclesia.org.br\/wp-content\/uploads\/2015\/06\/27062015-1.jpg","contentUrl":"https:\/\/news.ecclesia.org.br\/wp-content\/uploads\/2015\/06\/27062015-1.jpg","width":640,"height":422},{"@type":"BreadcrumbList","@id":"https:\/\/news.ecclesia.org.br\/?p=7590#breadcrumb","itemListElement":[{"@type":"ListItem","position":1,"name":"In\u00edcio","item":"https:\/\/news.ecclesia.org.br\/"},{"@type":"ListItem","position":2,"name":"PAPA FRANCISCO E O PATRIARCADO ECUM\u00caNICO DE CONSTANTINOPLA"}]},{"@type":"WebSite","@id":"https:\/\/news.ecclesia.org.br\/#website","url":"https:\/\/news.ecclesia.org.br\/","name":"Ecclesia Brasil","description":"Desde 2003 onectando o Brasil ao mundo ortodoxo!","publisher":{"@id":"https:\/\/news.ecclesia.org.br\/#organization"},"alternateName":"Ecclesia","potentialAction":[{"@type":"SearchAction","target":{"@type":"EntryPoint","urlTemplate":"https:\/\/news.ecclesia.org.br\/?s={search_term_string}"},"query-input":{"@type":"PropertyValueSpecification","valueRequired":true,"valueName":"search_term_string"}}],"inLanguage":"pt-BR"},{"@type":"Organization","@id":"https:\/\/news.ecclesia.org.br\/#organization","name":"Sacra Arquidiocese de Buenos Aires e Am\u00e9rica do Sul | Patriarcado Ecum\u00eanico","alternateName":"News Ecclesia Brasil","url":"https:\/\/news.ecclesia.org.br\/","logo":{"@type":"ImageObject","inLanguage":"pt-BR","@id":"https:\/\/news.ecclesia.org.br\/#\/schema\/logo\/image\/","url":"https:\/\/news.ecclesia.org.br\/wp-content\/uploads\/2025\/05\/ecclesia2.png","contentUrl":"https:\/\/news.ecclesia.org.br\/wp-content\/uploads\/2025\/05\/ecclesia2.png","width":480,"height":120,"caption":"Sacra Arquidiocese de Buenos Aires e Am\u00e9rica do Sul | Patriarcado Ecum\u00eanico"},"image":{"@id":"https:\/\/news.ecclesia.org.br\/#\/schema\/logo\/image\/"},"sameAs":["https:\/\/www.facebook.com\/Ecclesia2025","https:\/\/x.com\/EcclesiaNews","https:\/\/br.pinterest.com\/ekklisia\/","https:\/\/www.youtube.com\/@EcclesiaBrasil"]},{"@type":"Person","@id":"https:\/\/news.ecclesia.org.br\/#\/schema\/person\/6f09597f025829745ba414a569f63758","name":"Pe. Andr\u00e9","image":{"@type":"ImageObject","inLanguage":"pt-BR","@id":"https:\/\/secure.gravatar.com\/avatar\/b4327cfa27e9799da239a26adcd534fc29cdc0c4a4a148eecbcfeb9b42c617ac?s=96&d=mm&r=g","url":"https:\/\/secure.gravatar.com\/avatar\/b4327cfa27e9799da239a26adcd534fc29cdc0c4a4a148eecbcfeb9b42c617ac?s=96&d=mm&r=g","contentUrl":"https:\/\/secure.gravatar.com\/avatar\/b4327cfa27e9799da239a26adcd534fc29cdc0c4a4a148eecbcfeb9b42c617ac?s=96&d=mm&r=g","caption":"Pe. Andr\u00e9"},"sameAs":["https:\/\/www.ecclesia.org.br"]}]}},"_links":{"self":[{"href":"https:\/\/news.ecclesia.org.br\/index.php?rest_route=\/wp\/v2\/posts\/7590","targetHints":{"allow":["GET"]}}],"collection":[{"href":"https:\/\/news.ecclesia.org.br\/index.php?rest_route=\/wp\/v2\/posts"}],"about":[{"href":"https:\/\/news.ecclesia.org.br\/index.php?rest_route=\/wp\/v2\/types\/post"}],"author":[{"embeddable":true,"href":"https:\/\/news.ecclesia.org.br\/index.php?rest_route=\/wp\/v2\/users\/1"}],"replies":[{"embeddable":true,"href":"https:\/\/news.ecclesia.org.br\/index.php?rest_route=%2Fwp%2Fv2%2Fcomments&post=7590"}],"version-history":[{"count":0,"href":"https:\/\/news.ecclesia.org.br\/index.php?rest_route=\/wp\/v2\/posts\/7590\/revisions"}],"wp:featuredmedia":[{"embeddable":true,"href":"https:\/\/news.ecclesia.org.br\/index.php?rest_route=\/wp\/v2\/media\/7591"}],"wp:attachment":[{"href":"https:\/\/news.ecclesia.org.br\/index.php?rest_route=%2Fwp%2Fv2%2Fmedia&parent=7590"}],"wp:term":[{"taxonomy":"category","embeddable":true,"href":"https:\/\/news.ecclesia.org.br\/index.php?rest_route=%2Fwp%2Fv2%2Fcategories&post=7590"},{"taxonomy":"post_tag","embeddable":true,"href":"https:\/\/news.ecclesia.org.br\/index.php?rest_route=%2Fwp%2Fv2%2Ftags&post=7590"}],"curies":[{"name":"wp","href":"https:\/\/api.w.org\/{rel}","templated":true}]}}