{"id":7556,"date":"2015-06-20T01:54:02","date_gmt":"2015-06-20T01:54:02","guid":{"rendered":"http:\/\/www.ecclesia.com.br\/news\/2013\/?p=7556"},"modified":"2016-03-22T14:10:53","modified_gmt":"2016-03-22T14:10:53","slug":"ioannis-zizioulas-em-oracao-pelo-ambiente","status":"publish","type":"post","link":"https:\/\/news.ecclesia.org.br\/?p=7556","title":{"rendered":"IOANNIS ZIZIOULAS: Em ora\u00e7\u00e3o pelo ambiente"},"content":{"rendered":"<p style=\"text-align: justify;\"><a href=\"https:\/\/news.ecclesia.org.br\/2013\/wp-content\/uploads\/2015\/06\/ioannis-zizioulas1-1.jpg\" rel=\"attachment wp-att-7602\"><img fetchpriority=\"high\" decoding=\"async\" class=\"alignleft size-medium wp-image-7602\" src=\"https:\/\/news.ecclesia.org.br\/2013\/wp-content\/uploads\/2015\/06\/ioannis-zizioulas1-1-300x200.jpg\" alt=\"ioannis-zizioulas\" width=\"300\" height=\"200\" srcset=\"https:\/\/news.ecclesia.org.br\/wp-content\/uploads\/2015\/06\/ioannis-zizioulas1-1-300x200.jpg 300w, https:\/\/news.ecclesia.org.br\/wp-content\/uploads\/2015\/06\/ioannis-zizioulas1-1-768x512.jpg 768w, https:\/\/news.ecclesia.org.br\/wp-content\/uploads\/2015\/06\/ioannis-zizioulas1-1-83x55.jpg 83w, https:\/\/news.ecclesia.org.br\/wp-content\/uploads\/2015\/06\/ioannis-zizioulas1-1-60x40.jpg 60w, https:\/\/news.ecclesia.org.br\/wp-content\/uploads\/2015\/06\/ioannis-zizioulas1-1-120x80.jpg 120w, https:\/\/news.ecclesia.org.br\/wp-content\/uploads\/2015\/06\/ioannis-zizioulas1-1.jpg 800w\" sizes=\"(max-width: 300px) 100vw, 300px\" \/><\/a>A amea\u00e7a que a crise ecol\u00f3gica nos apresenta gira em torno ou transcende as nossas divis\u00f5es tradicionais entre crist\u00e3os. A\u00a0<strong>enc\u00edclica do Papa<\/strong> <strong>Francisco<\/strong>\u00a0\u00e9 um convite \u00e0 unidade: a unidade na ora\u00e7\u00e3o pelo ambiente, no mesmo Evangelho da cria\u00e7\u00e3o e na convers\u00e3o dos cora\u00e7\u00f5es e dos estilos de vida para respeitar e amar cada pessoa e cada gr\u00e3o daquilo que existe.<\/p>\n<p style=\"text-align: justify;\">A opini\u00e3o \u00e9 de\u00a0<strong>Ioannis Zizioulas<\/strong>, metropolita ortodoxo de\u00a0<strong>P\u00e9rgamo<\/strong>, em artigo publicado no jornal\u00a0<strong>L&#8217;Osservatore Romano<\/strong>, 19-06-2015. A tradu\u00e7\u00e3o \u00e9 de\u00a0<strong>Mois\u00e9s Sbardelotto<\/strong>. O texto foi apresentado, no dia de ontem, por ocasi\u00e3o da apresenta\u00e7\u00e3o da Enc\u00edclica no Vaticano. O Papa Francisco convidara o Patriarca\u00a0<strong>Bartolomeu I<\/strong>, de Constantinopla, para apresentar a Laudato si&#8217; que indicou\u00a0<strong>Zizioulas<\/strong>.<\/p>\n<hr \/>\n<p style=\"text-align: justify;\">A enc\u00edclica\u00a0<strong><em>Laudato si&#8217;<\/em><\/strong>\u00a0dedica um cap\u00edtulo inteiro para demonstrar as implica\u00e7\u00f5es ecol\u00f3gicas profundas da doutrina crist\u00e3 da cria\u00e7\u00e3o. Ela salienta que, segundo a B\u00edblia, &#8220;a exist\u00eancia humana se baseia em tr\u00eas rela\u00e7\u00f5es fundamentais intimamente ligadas: as rela\u00e7\u00f5es com Deus, com o pr\u00f3ximo e com a terra&#8221; (n. 66).<\/p>\n<p style=\"text-align: justify;\">Essa terceira rela\u00e7\u00e3o, ou seja, com a terra, foi muitas vezes ignorada pela teologia crist\u00e3, a tal ponto que o historiador norte-americano\u00a0<strong>Lynn White<\/strong>, em um artigo j\u00e1 famoso que apareceu na revista\u00a0<strong>Scientist<\/strong>\u00a0(1967), acusava a teologia crist\u00e3 de ser respons\u00e1vel pela crise ecol\u00f3gica moderna.<\/p>\n<p style=\"text-align: justify;\">Como surge claramente na enc\u00edclica, a crise ecol\u00f3gica \u00e9, essencialmente, um problema espiritual. A justa rela\u00e7\u00e3o entre o homem e a terra, ou o seu ambiente natural, com o pecado original, se rompeu tanto externamente quanto dentro de n\u00f3s, e essa ruptura \u00e9 pecado.<\/p>\n<p style=\"text-align: justify;\">A Igreja deve agora introduzir no seu ensinamento sobre o pecado tamb\u00e9m o pecado contra o ambiente, o pecado ecol\u00f3gico. O arrependimento deve ser estendido para cobrir o dano que infligimos contra a natureza, seja como indiv\u00edduos, seja como sociedade. Isso deve ser levado \u00e0 consci\u00eancia de cada crist\u00e3o que se preocupa com a pr\u00f3pria seguran\u00e7a.<\/p>\n<p style=\"text-align: justify;\">O pecado ecol\u00f3gico se deve \u00e0 avidez humana, que cega os homens e as mulheres, a ponto de fazer com que ignorem e desprezam a verdade fundamental de que a felicidade da pessoa depende da sua rela\u00e7\u00e3o com todos os outros seres humanos. A ecologia cont\u00e9m uma dimens\u00e3o social que a enc\u00edclica faz vir \u00e0 tona com clareza. A crise ecol\u00f3gica vai de m\u00e3os dadas com a dissemina\u00e7\u00e3o da injusti\u00e7a social.<\/p>\n<p style=\"text-align: justify;\">N\u00e3o podemos enfrentar com sucesso uma sem abordar tamb\u00e9m a outra. O pecado ecol\u00f3gico n\u00e3o \u00e9 apenas um pecado contra Deus, mas tamb\u00e9m contra o pr\u00f3ximo. E n\u00e3o \u00e9 s\u00f3 um pecado contra o outro do tempo presente, mas tamb\u00e9m \u2013 e este \u00e9 o aspecto grave \u2013 contra as gera\u00e7\u00f5es futuras.<\/p>\n<p style=\"text-align: justify;\">Tudo isso exige aquilo que poder\u00edamos definir como ascetismo ecol\u00f3gico. Vale a pena notar que todas as grandes figuras da tradi\u00e7\u00e3o asc\u00e9tica crist\u00e3 eram sens\u00edveis ao sofrimento de todas as criaturas. N\u00e3o se trata de romantismo. Ao contr\u00e1rio, brota de um cora\u00e7\u00e3o amoroso e da convic\u00e7\u00e3o de que <strong>entre n\u00f3s e o mundo natural h\u00e1 unidade org\u00e2nica e interdepend\u00eancia<\/strong>.<\/p>\n<p style=\"text-align: justify;\">O esp\u00edrito e o ethos do ascetismo podem e devem ser adotados se quisermos que o nosso planeta sobreviva. A redu\u00e7\u00e3o do consumo dos recursos naturais \u00e9 uma atitude realista e \u00e9 preciso encontrar modos para p\u00f4r um limite ao imenso desperd\u00edcio de bens naturais. A tecnologia e a ci\u00eancia devem dedicar os pr\u00f3prios esfor\u00e7os a essa tarefa.<\/p>\n<p style=\"text-align: justify;\">Por fim, a espiritualidade deve permear o nosso ethos ecol\u00f3gico atrav\u00e9s da ora\u00e7\u00e3o. A enc\u00edclica nos prop\u00f5e alguns exemplos extraordin\u00e1rios de como rezar pela prote\u00e7\u00e3o da cria\u00e7\u00e3o de Deus. O\u00a0<strong>Patriarcado Ecum\u00eanico<\/strong>, ainda em 1989, decidiu dedicar o dia 1\u00ba de setembro de cada ano para a ora\u00e7\u00e3o pelo ambiente. Essa data, segundo o calend\u00e1rio lit\u00fargico ortodoxo que remonta aos tempos bizantinos, \u00e9 o in\u00edcio do ano eclesi\u00e1stico. O dia 1\u00ba de setembro \u00e9 agora dedicado pelos ortodoxos ao ambiente. N\u00e3o poderia se tornar, para todos os crist\u00e3os, um compromisso para esse tipo de ora\u00e7\u00e3o? Seria um passo no sentido de uma maior proximidade entre eles.<\/p>\n<p style=\"text-align: justify;\">E isso me leva ao meu \u00faltimo coment\u00e1rio sobre a enc\u00edclica do papa, isto \u00e9, \u00e0 sua import\u00e2ncia ecum\u00eanica. Creio que existem tr\u00eas dimens\u00f5es do ecumenismo. Poder\u00edamos definir o primeiro como o\u00a0<strong>ecumenismo no tempo<\/strong>. Com isso, entendemos o esfor\u00e7o de crist\u00e3os divididos de se unirem com base na sua tradi\u00e7\u00e3o comum, no ensinamento da B\u00edblia e dos Padres da Igreja.<\/p>\n<p style=\"text-align: justify;\">Ao mesmo tempo, tamb\u00e9m \u00e9 praticado um\u00a0<strong>ecumenismo no espa\u00e7o<\/strong>, atrav\u00e9s de diversas institui\u00e7\u00f5es internacionais.<\/p>\n<p style=\"text-align: justify;\">A essas duas dimens\u00f5es, que dominaram a cena ecum\u00eanica nos \u00faltimos 100 anos, a meu ver, devemos acrescentar uma terceira que normalmente \u00e9 ignorada, e \u00e9 mais especificamente aquela que eu chamaria de\u00a0<strong>ecumenismo existencial<\/strong>. Entendo com isso o esfor\u00e7o para enfrentar juntos os problemas existenciais mais profundos que preocupam a humanidade inteira, e n\u00e3o apenas lugares ou grupos de pessoas particulares. A ecologia, al\u00e9m disso, certamente \u00e9 o candidato mais \u00f3bvio a esse respeito.<\/p>\n<p style=\"text-align: justify;\">Considero que a relev\u00e2ncia da enc\u00edclica\u00a0<strong><em>Laudato si&#8217;<\/em><\/strong><em>\u00a0<\/em>n\u00e3o est\u00e1 limitada ao tema da ecologia como tal. Nela, eu vejo uma importante dimens\u00e3o ecum\u00eanica, pois coloca os crist\u00e3os divididos diante de um compromisso comum que eles devem enfrentar juntos.<\/p>\n<p style=\"text-align: justify;\">Vivemos em um tempo em que os problemas existenciais fundamentais esmagam as nossas divis\u00f5es tradicionais e as relativizam quase at\u00e9 extingui-las. Por exemplo, basta olhar para o que est\u00e1 acontecendo hoje no\u00a0<strong>Oriente M\u00e9dio<\/strong>: quem persegue os crist\u00e3os lhes pergunta a qual Igreja ou confiss\u00e3o pertencem? A unidade dos crist\u00e3os nesses casos se realiza, de fato, com a persegui\u00e7\u00e3o e o sangue, ou seja, um\u00a0<strong>ecumenismo do mart\u00edrio<\/strong>.<\/p>\n<p style=\"text-align: justify;\">A amea\u00e7a que a crise ecol\u00f3gica nos apresenta gira em torno ou transcende de modo semelhante as nossas divis\u00f5es tradicionais. A enc\u00edclica do\u00a0<strong>Papa Francisco<\/strong>\u00a0\u00e9 um convite \u00e0 unidade: a unidade na ora\u00e7\u00e3o pelo ambiente, no mesmo Evangelho da cria\u00e7\u00e3o e na convers\u00e3o dos cora\u00e7\u00f5es e dos estilos de vida para respeitar e amar cada pessoa e cada gr\u00e3o daquilo que existe.<\/p>\n","protected":false},"excerpt":{"rendered":"<p>A amea\u00e7a que a crise ecol\u00f3gica nos apresenta gira em torno ou transcende as nossas divis\u00f5es tradicionais entre crist\u00e3os. A\u00a0enc\u00edclica do Papa Francisco\u00a0\u00e9 um convite \u00e0 unidade: a unidade na ora\u00e7\u00e3o pelo ambiente, no mesmo Evangelho da cria\u00e7\u00e3o e na&#8230;<\/p>\n","protected":false},"author":1,"featured_media":7602,"comment_status":"open","ping_status":"open","sticky":false,"template":"","format":"standard","meta":{"_acf_changed":false,"footnotes":""},"categories":[3,72],"tags":[],"class_list":["post-7556","post","type-post","status-publish","format-standard","has-post-thumbnail","hentry","category-mundo","category-patriarcado-ecumenico","entry","rows-excerpt"],"acf":[],"yoast_head":"<!-- This site is optimized with the Yoast SEO plugin v27.4 - https:\/\/yoast.com\/product\/yoast-seo-wordpress\/ -->\n<title>IOANNIS ZIZIOULAS: Em ora\u00e7\u00e3o pelo ambiente | ECCLESIA NEWS<\/title>\n<meta name=\"robots\" content=\"index, follow, max-snippet:-1, max-image-preview:large, max-video-preview:-1\" \/>\n<link rel=\"canonical\" href=\"https:\/\/news.ecclesia.org.br\/?p=7556\" \/>\n<meta property=\"og:locale\" content=\"pt_BR\" \/>\n<meta property=\"og:type\" content=\"article\" \/>\n<meta property=\"og:title\" content=\"IOANNIS ZIZIOULAS: Em ora\u00e7\u00e3o pelo ambiente | ECCLESIA NEWS\" \/>\n<meta property=\"og:description\" content=\"A amea\u00e7a que a crise ecol\u00f3gica nos apresenta gira em torno ou transcende as nossas divis\u00f5es tradicionais entre crist\u00e3os. A\u00a0enc\u00edclica do Papa Francisco\u00a0\u00e9 um convite \u00e0 unidade: a unidade na ora\u00e7\u00e3o pelo ambiente, no mesmo Evangelho da cria\u00e7\u00e3o e na&#8230;\" \/>\n<meta property=\"og:url\" content=\"https:\/\/news.ecclesia.org.br\/?p=7556\" \/>\n<meta property=\"og:site_name\" content=\"ECCLESIA NEWS\" \/>\n<meta property=\"article:publisher\" content=\"https:\/\/www.facebook.com\/Ecclesia2025\" \/>\n<meta property=\"article:published_time\" content=\"2015-06-20T01:54:02+00:00\" \/>\n<meta property=\"article:modified_time\" content=\"2016-03-22T14:10:53+00:00\" \/>\n<meta property=\"og:image\" content=\"https:\/\/news.ecclesia.org.br\/wp-content\/uploads\/2015\/06\/ioannis-zizioulas1-1.jpg\" \/>\n\t<meta property=\"og:image:width\" content=\"800\" \/>\n\t<meta property=\"og:image:height\" content=\"533\" \/>\n\t<meta property=\"og:image:type\" content=\"image\/jpeg\" \/>\n<meta name=\"author\" content=\"Pe. Andr\u00e9\" \/>\n<meta name=\"twitter:card\" content=\"summary_large_image\" \/>\n<meta name=\"twitter:creator\" content=\"@EcclesiaNews\" \/>\n<meta name=\"twitter:site\" content=\"@EcclesiaNews\" \/>\n<meta name=\"twitter:label1\" content=\"Escrito por\" \/>\n\t<meta name=\"twitter:data1\" content=\"Pe. Andr\u00e9\" \/>\n\t<meta name=\"twitter:label2\" content=\"Est. tempo de leitura\" \/>\n\t<meta name=\"twitter:data2\" content=\"5 minutos\" \/>\n<script type=\"application\/ld+json\" class=\"yoast-schema-graph\">{\"@context\":\"https:\\\/\\\/schema.org\",\"@graph\":[{\"@type\":\"Article\",\"@id\":\"https:\\\/\\\/news.ecclesia.org.br\\\/?p=7556#article\",\"isPartOf\":{\"@id\":\"https:\\\/\\\/news.ecclesia.org.br\\\/?p=7556\"},\"author\":{\"name\":\"Pe. Andr\u00e9\",\"@id\":\"https:\\\/\\\/news.ecclesia.org.br\\\/#\\\/schema\\\/person\\\/6f09597f025829745ba414a569f63758\"},\"headline\":\"IOANNIS ZIZIOULAS: Em ora\u00e7\u00e3o pelo ambiente\",\"datePublished\":\"2015-06-20T01:54:02+00:00\",\"dateModified\":\"2016-03-22T14:10:53+00:00\",\"mainEntityOfPage\":{\"@id\":\"https:\\\/\\\/news.ecclesia.org.br\\\/?p=7556\"},\"wordCount\":1097,\"commentCount\":0,\"publisher\":{\"@id\":\"https:\\\/\\\/news.ecclesia.org.br\\\/#organization\"},\"image\":{\"@id\":\"https:\\\/\\\/news.ecclesia.org.br\\\/?p=7556#primaryimage\"},\"thumbnailUrl\":\"https:\\\/\\\/news.ecclesia.org.br\\\/wp-content\\\/uploads\\\/2015\\\/06\\\/ioannis-zizioulas1-1.jpg\",\"articleSection\":[\"Mundo Ortodoxo\",\"Patriarcado Ecum\u00eanico\"],\"inLanguage\":\"pt-BR\",\"potentialAction\":[{\"@type\":\"CommentAction\",\"name\":\"Comment\",\"target\":[\"https:\\\/\\\/news.ecclesia.org.br\\\/?p=7556#respond\"]}]},{\"@type\":\"WebPage\",\"@id\":\"https:\\\/\\\/news.ecclesia.org.br\\\/?p=7556\",\"url\":\"https:\\\/\\\/news.ecclesia.org.br\\\/?p=7556\",\"name\":\"IOANNIS ZIZIOULAS: Em ora\u00e7\u00e3o pelo ambiente | ECCLESIA NEWS\",\"isPartOf\":{\"@id\":\"https:\\\/\\\/news.ecclesia.org.br\\\/#website\"},\"primaryImageOfPage\":{\"@id\":\"https:\\\/\\\/news.ecclesia.org.br\\\/?p=7556#primaryimage\"},\"image\":{\"@id\":\"https:\\\/\\\/news.ecclesia.org.br\\\/?p=7556#primaryimage\"},\"thumbnailUrl\":\"https:\\\/\\\/news.ecclesia.org.br\\\/wp-content\\\/uploads\\\/2015\\\/06\\\/ioannis-zizioulas1-1.jpg\",\"datePublished\":\"2015-06-20T01:54:02+00:00\",\"dateModified\":\"2016-03-22T14:10:53+00:00\",\"breadcrumb\":{\"@id\":\"https:\\\/\\\/news.ecclesia.org.br\\\/?p=7556#breadcrumb\"},\"inLanguage\":\"pt-BR\",\"potentialAction\":[{\"@type\":\"ReadAction\",\"target\":[\"https:\\\/\\\/news.ecclesia.org.br\\\/?p=7556\"]}]},{\"@type\":\"ImageObject\",\"inLanguage\":\"pt-BR\",\"@id\":\"https:\\\/\\\/news.ecclesia.org.br\\\/?p=7556#primaryimage\",\"url\":\"https:\\\/\\\/news.ecclesia.org.br\\\/wp-content\\\/uploads\\\/2015\\\/06\\\/ioannis-zizioulas1-1.jpg\",\"contentUrl\":\"https:\\\/\\\/news.ecclesia.org.br\\\/wp-content\\\/uploads\\\/2015\\\/06\\\/ioannis-zizioulas1-1.jpg\",\"width\":800,\"height\":533},{\"@type\":\"BreadcrumbList\",\"@id\":\"https:\\\/\\\/news.ecclesia.org.br\\\/?p=7556#breadcrumb\",\"itemListElement\":[{\"@type\":\"ListItem\",\"position\":1,\"name\":\"In\u00edcio\",\"item\":\"https:\\\/\\\/news.ecclesia.org.br\\\/\"},{\"@type\":\"ListItem\",\"position\":2,\"name\":\"IOANNIS ZIZIOULAS: Em ora\u00e7\u00e3o pelo ambiente\"}]},{\"@type\":\"WebSite\",\"@id\":\"https:\\\/\\\/news.ecclesia.org.br\\\/#website\",\"url\":\"https:\\\/\\\/news.ecclesia.org.br\\\/\",\"name\":\"Ecclesia Brasil\",\"description\":\"Desde 2003 onectando o Brasil ao mundo ortodoxo!\",\"publisher\":{\"@id\":\"https:\\\/\\\/news.ecclesia.org.br\\\/#organization\"},\"alternateName\":\"Ecclesia\",\"potentialAction\":[{\"@type\":\"SearchAction\",\"target\":{\"@type\":\"EntryPoint\",\"urlTemplate\":\"https:\\\/\\\/news.ecclesia.org.br\\\/?s={search_term_string}\"},\"query-input\":{\"@type\":\"PropertyValueSpecification\",\"valueRequired\":true,\"valueName\":\"search_term_string\"}}],\"inLanguage\":\"pt-BR\"},{\"@type\":\"Organization\",\"@id\":\"https:\\\/\\\/news.ecclesia.org.br\\\/#organization\",\"name\":\"Sacra Arquidiocese de Buenos Aires e Am\u00e9rica do Sul | Patriarcado Ecum\u00eanico\",\"alternateName\":\"News Ecclesia Brasil\",\"url\":\"https:\\\/\\\/news.ecclesia.org.br\\\/\",\"logo\":{\"@type\":\"ImageObject\",\"inLanguage\":\"pt-BR\",\"@id\":\"https:\\\/\\\/news.ecclesia.org.br\\\/#\\\/schema\\\/logo\\\/image\\\/\",\"url\":\"https:\\\/\\\/news.ecclesia.org.br\\\/wp-content\\\/uploads\\\/2025\\\/05\\\/ecclesia2.png\",\"contentUrl\":\"https:\\\/\\\/news.ecclesia.org.br\\\/wp-content\\\/uploads\\\/2025\\\/05\\\/ecclesia2.png\",\"width\":480,\"height\":120,\"caption\":\"Sacra Arquidiocese de Buenos Aires e Am\u00e9rica do Sul | Patriarcado Ecum\u00eanico\"},\"image\":{\"@id\":\"https:\\\/\\\/news.ecclesia.org.br\\\/#\\\/schema\\\/logo\\\/image\\\/\"},\"sameAs\":[\"https:\\\/\\\/www.facebook.com\\\/Ecclesia2025\",\"https:\\\/\\\/x.com\\\/EcclesiaNews\",\"https:\\\/\\\/br.pinterest.com\\\/ekklisia\\\/\",\"https:\\\/\\\/www.youtube.com\\\/@EcclesiaBrasil\"]},{\"@type\":\"Person\",\"@id\":\"https:\\\/\\\/news.ecclesia.org.br\\\/#\\\/schema\\\/person\\\/6f09597f025829745ba414a569f63758\",\"name\":\"Pe. Andr\u00e9\",\"image\":{\"@type\":\"ImageObject\",\"inLanguage\":\"pt-BR\",\"@id\":\"https:\\\/\\\/secure.gravatar.com\\\/avatar\\\/b4327cfa27e9799da239a26adcd534fc29cdc0c4a4a148eecbcfeb9b42c617ac?s=96&d=mm&r=g\",\"url\":\"https:\\\/\\\/secure.gravatar.com\\\/avatar\\\/b4327cfa27e9799da239a26adcd534fc29cdc0c4a4a148eecbcfeb9b42c617ac?s=96&d=mm&r=g\",\"contentUrl\":\"https:\\\/\\\/secure.gravatar.com\\\/avatar\\\/b4327cfa27e9799da239a26adcd534fc29cdc0c4a4a148eecbcfeb9b42c617ac?s=96&d=mm&r=g\",\"caption\":\"Pe. Andr\u00e9\"},\"sameAs\":[\"https:\\\/\\\/www.ecclesia.org.br\"]}]}<\/script>\n<!-- \/ Yoast SEO plugin. -->","yoast_head_json":{"title":"IOANNIS ZIZIOULAS: Em ora\u00e7\u00e3o pelo ambiente | ECCLESIA NEWS","robots":{"index":"index","follow":"follow","max-snippet":"max-snippet:-1","max-image-preview":"max-image-preview:large","max-video-preview":"max-video-preview:-1"},"canonical":"https:\/\/news.ecclesia.org.br\/?p=7556","og_locale":"pt_BR","og_type":"article","og_title":"IOANNIS ZIZIOULAS: Em ora\u00e7\u00e3o pelo ambiente | ECCLESIA NEWS","og_description":"A amea\u00e7a que a crise ecol\u00f3gica nos apresenta gira em torno ou transcende as nossas divis\u00f5es tradicionais entre crist\u00e3os. A\u00a0enc\u00edclica do Papa Francisco\u00a0\u00e9 um convite \u00e0 unidade: a unidade na ora\u00e7\u00e3o pelo ambiente, no mesmo Evangelho da cria\u00e7\u00e3o e na&#8230;","og_url":"https:\/\/news.ecclesia.org.br\/?p=7556","og_site_name":"ECCLESIA NEWS","article_publisher":"https:\/\/www.facebook.com\/Ecclesia2025","article_published_time":"2015-06-20T01:54:02+00:00","article_modified_time":"2016-03-22T14:10:53+00:00","og_image":[{"width":800,"height":533,"url":"https:\/\/news.ecclesia.org.br\/wp-content\/uploads\/2015\/06\/ioannis-zizioulas1-1.jpg","type":"image\/jpeg"}],"author":"Pe. Andr\u00e9","twitter_card":"summary_large_image","twitter_creator":"@EcclesiaNews","twitter_site":"@EcclesiaNews","twitter_misc":{"Escrito por":"Pe. Andr\u00e9","Est. tempo de leitura":"5 minutos"},"schema":{"@context":"https:\/\/schema.org","@graph":[{"@type":"Article","@id":"https:\/\/news.ecclesia.org.br\/?p=7556#article","isPartOf":{"@id":"https:\/\/news.ecclesia.org.br\/?p=7556"},"author":{"name":"Pe. Andr\u00e9","@id":"https:\/\/news.ecclesia.org.br\/#\/schema\/person\/6f09597f025829745ba414a569f63758"},"headline":"IOANNIS ZIZIOULAS: Em ora\u00e7\u00e3o pelo ambiente","datePublished":"2015-06-20T01:54:02+00:00","dateModified":"2016-03-22T14:10:53+00:00","mainEntityOfPage":{"@id":"https:\/\/news.ecclesia.org.br\/?p=7556"},"wordCount":1097,"commentCount":0,"publisher":{"@id":"https:\/\/news.ecclesia.org.br\/#organization"},"image":{"@id":"https:\/\/news.ecclesia.org.br\/?p=7556#primaryimage"},"thumbnailUrl":"https:\/\/news.ecclesia.org.br\/wp-content\/uploads\/2015\/06\/ioannis-zizioulas1-1.jpg","articleSection":["Mundo Ortodoxo","Patriarcado Ecum\u00eanico"],"inLanguage":"pt-BR","potentialAction":[{"@type":"CommentAction","name":"Comment","target":["https:\/\/news.ecclesia.org.br\/?p=7556#respond"]}]},{"@type":"WebPage","@id":"https:\/\/news.ecclesia.org.br\/?p=7556","url":"https:\/\/news.ecclesia.org.br\/?p=7556","name":"IOANNIS ZIZIOULAS: Em ora\u00e7\u00e3o pelo ambiente | ECCLESIA NEWS","isPartOf":{"@id":"https:\/\/news.ecclesia.org.br\/#website"},"primaryImageOfPage":{"@id":"https:\/\/news.ecclesia.org.br\/?p=7556#primaryimage"},"image":{"@id":"https:\/\/news.ecclesia.org.br\/?p=7556#primaryimage"},"thumbnailUrl":"https:\/\/news.ecclesia.org.br\/wp-content\/uploads\/2015\/06\/ioannis-zizioulas1-1.jpg","datePublished":"2015-06-20T01:54:02+00:00","dateModified":"2016-03-22T14:10:53+00:00","breadcrumb":{"@id":"https:\/\/news.ecclesia.org.br\/?p=7556#breadcrumb"},"inLanguage":"pt-BR","potentialAction":[{"@type":"ReadAction","target":["https:\/\/news.ecclesia.org.br\/?p=7556"]}]},{"@type":"ImageObject","inLanguage":"pt-BR","@id":"https:\/\/news.ecclesia.org.br\/?p=7556#primaryimage","url":"https:\/\/news.ecclesia.org.br\/wp-content\/uploads\/2015\/06\/ioannis-zizioulas1-1.jpg","contentUrl":"https:\/\/news.ecclesia.org.br\/wp-content\/uploads\/2015\/06\/ioannis-zizioulas1-1.jpg","width":800,"height":533},{"@type":"BreadcrumbList","@id":"https:\/\/news.ecclesia.org.br\/?p=7556#breadcrumb","itemListElement":[{"@type":"ListItem","position":1,"name":"In\u00edcio","item":"https:\/\/news.ecclesia.org.br\/"},{"@type":"ListItem","position":2,"name":"IOANNIS ZIZIOULAS: Em ora\u00e7\u00e3o pelo ambiente"}]},{"@type":"WebSite","@id":"https:\/\/news.ecclesia.org.br\/#website","url":"https:\/\/news.ecclesia.org.br\/","name":"Ecclesia Brasil","description":"Desde 2003 onectando o Brasil ao mundo ortodoxo!","publisher":{"@id":"https:\/\/news.ecclesia.org.br\/#organization"},"alternateName":"Ecclesia","potentialAction":[{"@type":"SearchAction","target":{"@type":"EntryPoint","urlTemplate":"https:\/\/news.ecclesia.org.br\/?s={search_term_string}"},"query-input":{"@type":"PropertyValueSpecification","valueRequired":true,"valueName":"search_term_string"}}],"inLanguage":"pt-BR"},{"@type":"Organization","@id":"https:\/\/news.ecclesia.org.br\/#organization","name":"Sacra Arquidiocese de Buenos Aires e Am\u00e9rica do Sul | Patriarcado Ecum\u00eanico","alternateName":"News Ecclesia Brasil","url":"https:\/\/news.ecclesia.org.br\/","logo":{"@type":"ImageObject","inLanguage":"pt-BR","@id":"https:\/\/news.ecclesia.org.br\/#\/schema\/logo\/image\/","url":"https:\/\/news.ecclesia.org.br\/wp-content\/uploads\/2025\/05\/ecclesia2.png","contentUrl":"https:\/\/news.ecclesia.org.br\/wp-content\/uploads\/2025\/05\/ecclesia2.png","width":480,"height":120,"caption":"Sacra Arquidiocese de Buenos Aires e Am\u00e9rica do Sul | Patriarcado Ecum\u00eanico"},"image":{"@id":"https:\/\/news.ecclesia.org.br\/#\/schema\/logo\/image\/"},"sameAs":["https:\/\/www.facebook.com\/Ecclesia2025","https:\/\/x.com\/EcclesiaNews","https:\/\/br.pinterest.com\/ekklisia\/","https:\/\/www.youtube.com\/@EcclesiaBrasil"]},{"@type":"Person","@id":"https:\/\/news.ecclesia.org.br\/#\/schema\/person\/6f09597f025829745ba414a569f63758","name":"Pe. Andr\u00e9","image":{"@type":"ImageObject","inLanguage":"pt-BR","@id":"https:\/\/secure.gravatar.com\/avatar\/b4327cfa27e9799da239a26adcd534fc29cdc0c4a4a148eecbcfeb9b42c617ac?s=96&d=mm&r=g","url":"https:\/\/secure.gravatar.com\/avatar\/b4327cfa27e9799da239a26adcd534fc29cdc0c4a4a148eecbcfeb9b42c617ac?s=96&d=mm&r=g","contentUrl":"https:\/\/secure.gravatar.com\/avatar\/b4327cfa27e9799da239a26adcd534fc29cdc0c4a4a148eecbcfeb9b42c617ac?s=96&d=mm&r=g","caption":"Pe. Andr\u00e9"},"sameAs":["https:\/\/www.ecclesia.org.br"]}]}},"_links":{"self":[{"href":"https:\/\/news.ecclesia.org.br\/index.php?rest_route=\/wp\/v2\/posts\/7556","targetHints":{"allow":["GET"]}}],"collection":[{"href":"https:\/\/news.ecclesia.org.br\/index.php?rest_route=\/wp\/v2\/posts"}],"about":[{"href":"https:\/\/news.ecclesia.org.br\/index.php?rest_route=\/wp\/v2\/types\/post"}],"author":[{"embeddable":true,"href":"https:\/\/news.ecclesia.org.br\/index.php?rest_route=\/wp\/v2\/users\/1"}],"replies":[{"embeddable":true,"href":"https:\/\/news.ecclesia.org.br\/index.php?rest_route=%2Fwp%2Fv2%2Fcomments&post=7556"}],"version-history":[{"count":0,"href":"https:\/\/news.ecclesia.org.br\/index.php?rest_route=\/wp\/v2\/posts\/7556\/revisions"}],"wp:featuredmedia":[{"embeddable":true,"href":"https:\/\/news.ecclesia.org.br\/index.php?rest_route=\/wp\/v2\/media\/7602"}],"wp:attachment":[{"href":"https:\/\/news.ecclesia.org.br\/index.php?rest_route=%2Fwp%2Fv2%2Fmedia&parent=7556"}],"wp:term":[{"taxonomy":"category","embeddable":true,"href":"https:\/\/news.ecclesia.org.br\/index.php?rest_route=%2Fwp%2Fv2%2Fcategories&post=7556"},{"taxonomy":"post_tag","embeddable":true,"href":"https:\/\/news.ecclesia.org.br\/index.php?rest_route=%2Fwp%2Fv2%2Ftags&post=7556"}],"curies":[{"name":"wp","href":"https:\/\/api.w.org\/{rel}","templated":true}]}}