{"id":7548,"date":"2015-06-16T12:40:02","date_gmt":"2015-06-16T12:40:02","guid":{"rendered":"http:\/\/www.ecclesia.com.br\/news\/2013\/?p=7548"},"modified":"2016-03-22T14:12:21","modified_gmt":"2016-03-22T14:12:21","slug":"pascoa-crista-em-data-unica-catolicos-e-ortodoxos-procuram-ultrapassar-divergencias-de-calendario-liturgico","status":"publish","type":"post","link":"https:\/\/news.ecclesia.org.br\/?p=7548","title":{"rendered":"P\u00c1SCOA CRIST\u00c3 EM DATA \u00daNICA: Cat\u00f3licos e ortodoxos procuram ultrapassar diverg\u00eancias de calend\u00e1rio lit\u00fargico."},"content":{"rendered":"<p style=\"text-align: justify;\"><a href=\"https:\/\/news.ecclesia.org.br\/2013\/wp-content\/uploads\/2015\/04\/francisco-e-bartolomeu-5-1.jpg\" rel=\"attachment wp-att-7530\"><img decoding=\"async\" class=\"alignleft size-medium wp-image-7530\" src=\"https:\/\/news.ecclesia.org.br\/2013\/wp-content\/uploads\/2015\/04\/francisco-e-bartolomeu-5-1-300x165.jpg\" alt=\"francisco-e-bartolomeu (5)\" width=\"300\" height=\"165\" srcset=\"https:\/\/news.ecclesia.org.br\/wp-content\/uploads\/2015\/04\/francisco-e-bartolomeu-5-1-300x165.jpg 300w, https:\/\/news.ecclesia.org.br\/wp-content\/uploads\/2015\/04\/francisco-e-bartolomeu-5-1-100x55.jpg 100w, https:\/\/news.ecclesia.org.br\/wp-content\/uploads\/2015\/04\/francisco-e-bartolomeu-5-1.jpg 744w\" sizes=\"(max-width: 300px) 100vw, 300px\" \/><\/a>Roma, 12 jun 2015 (<a href=\"http:\/\/www.agencia.ecclesia.pt\/noticias\/vaticano\/ecumenismo-papa-admite-data-fixa-para-celebracao-da-pascoa\/\" target=\"_blank\">ECCLESIA<\/a>) \u2013 O Papa disse hoje em Roma que a solu\u00e7\u00e3o para a celebra\u00e7\u00e3o conjunta da P\u00e1scoa entre cat\u00f3licos e ortodoxos deve passar pela proposta de uma data fixa, deixando de lado a atual tradi\u00e7\u00e3o. \u201cTemos de p\u00f4r-nos de acordo e a Igreja Cat\u00f3lica est\u00e1 disposta, desde o Beato Paulo VI (Papa entre 1963 e 1978) a fixar uma data e renunciar ao primeiro solst\u00edcio ap\u00f3s a lua cheia de mar\u00e7o\u201d, explicou, num encontro com mais de mil padres que decorreu na Bas\u00edlica de S\u00e3o Jo\u00e3o de Latr\u00e3o.\u00a0A P\u00e1scoa \u00e9 a primeira festa crist\u00e3 em import\u00e2ncia e antiguidade, dado que j\u00e1 no Conc\u00edlio de Niceia, no ano 325, h\u00e1 prescri\u00e7\u00f5es sobre a data da celebra\u00e7\u00e3o: primeiro domingo depois da lua cheia que se segue ao equin\u00f3cio da primavera (de 22 de mar\u00e7o a 25 de abril). Estas datas t\u00eam como refer\u00eancia, na maior parte dos pa\u00edses, o chamado \u2018calend\u00e1rio gregoriano\u2019, introduzido em 1582 pelo Papa Greg\u00f3rio XIII. As Igrejas de rito Bizantino, contudo, seguem at\u00e9 hoje o \u2018calend\u00e1rio juliano\u2019, calend\u00e1rio solar criado em 45 a.C. pelo imperador romano J\u00falio C\u00e9sar. Segundo Francisco, este \u00e9 um problema que \u201ctodos queremos resolver\u201d, deixando de lado a hip\u00f3tese de usar como refer\u00eancia a data da p\u00e1scoa judaica, o 14 de nissan. O Papa elogiou o papel do Patriarca Ecum\u00eanico de Constantinopla (Igreja Ortodoxa), Bartolomeu I, na busca de uma P\u00e1scoa comum no seio da ortodoxia, e considerou um \u201cesc\u00e2ndalo\u201d que a ressurrei\u00e7\u00e3o de Jesus se celebre em datas diferentes nas v\u00e1rias comunidades crist\u00e3s. \u201cA solu\u00e7\u00e3o mais definitiva vai ter de ser uma data fixa, imaginemos o segundo domingo de abril\u201d, acrescentou. Francisco sublinhou o empenho comum na defesa dos \u201cvalores crist\u00e3os fundamentais\u201d e sugeriu aos padres a leitura de alguns te\u00f3logos ortodoxos para entender a \u201criqueza\u201d desta tradi\u00e7\u00e3o. (&#8230;) Francisco disse tamb\u00e9m que pediu ao Patriarca Ecum\u00eanico Bartolomeu I para apresentar a sua pr\u00f3xima enc\u00edclica \u201cLaudato sii&#8221;(Louvado sejas), que trata da defesa da cria\u00e7\u00e3o. O texto inclui dois n\u00fameros dedicados a Bartolomeu I, como \u201cgrande defensor da cria\u00e7\u00e3o\u201d.<\/p>\n","protected":false},"excerpt":{"rendered":"<p>Roma, 12 jun 2015 (ECCLESIA) \u2013 O Papa disse hoje em Roma que a solu\u00e7\u00e3o para a celebra\u00e7\u00e3o conjunta da P\u00e1scoa entre cat\u00f3licos e ortodoxos deve passar pela proposta de uma data fixa, deixando de lado a atual tradi\u00e7\u00e3o. \u201cTemos&#8230;<\/p>\n","protected":false},"author":1,"featured_media":7530,"comment_status":"open","ping_status":"open","sticky":false,"template":"","format":"standard","meta":{"_acf_changed":false,"footnotes":""},"categories":[3,72],"tags":[],"class_list":["post-7548","post","type-post","status-publish","format-standard","has-post-thumbnail","hentry","category-mundo","category-patriarcado-ecumenico","entry","rows-excerpt"],"acf":[],"yoast_head":"<!-- This site is optimized with the Yoast SEO plugin v27.4 - https:\/\/yoast.com\/product\/yoast-seo-wordpress\/ -->\n<title>P\u00c1SCOA CRIST\u00c3 EM DATA \u00daNICA: Cat\u00f3licos e ortodoxos procuram ultrapassar diverg\u00eancias de calend\u00e1rio lit\u00fargico. | ECCLESIA NEWS<\/title>\n<meta name=\"robots\" content=\"index, follow, max-snippet:-1, max-image-preview:large, max-video-preview:-1\" \/>\n<link rel=\"canonical\" href=\"https:\/\/news.ecclesia.org.br\/?p=7548\" \/>\n<meta property=\"og:locale\" content=\"pt_BR\" \/>\n<meta property=\"og:type\" content=\"article\" \/>\n<meta property=\"og:title\" content=\"P\u00c1SCOA CRIST\u00c3 EM DATA \u00daNICA: Cat\u00f3licos e ortodoxos procuram ultrapassar diverg\u00eancias de calend\u00e1rio lit\u00fargico. | ECCLESIA NEWS\" \/>\n<meta property=\"og:description\" content=\"Roma, 12 jun 2015 (ECCLESIA) \u2013 O Papa disse hoje em Roma que a solu\u00e7\u00e3o para a celebra\u00e7\u00e3o conjunta da P\u00e1scoa entre cat\u00f3licos e ortodoxos deve passar pela proposta de uma data fixa, deixando de lado a atual tradi\u00e7\u00e3o. \u201cTemos&#8230;\" \/>\n<meta property=\"og:url\" content=\"https:\/\/news.ecclesia.org.br\/?p=7548\" \/>\n<meta property=\"og:site_name\" content=\"ECCLESIA NEWS\" \/>\n<meta property=\"article:publisher\" content=\"https:\/\/www.facebook.com\/Ecclesia2025\" \/>\n<meta property=\"article:published_time\" content=\"2015-06-16T12:40:02+00:00\" \/>\n<meta property=\"article:modified_time\" content=\"2016-03-22T14:12:21+00:00\" \/>\n<meta property=\"og:image\" content=\"https:\/\/news.ecclesia.org.br\/wp-content\/uploads\/2015\/04\/francisco-e-bartolomeu-5-1.jpg\" \/>\n\t<meta property=\"og:image:width\" content=\"744\" \/>\n\t<meta property=\"og:image:height\" content=\"408\" \/>\n\t<meta property=\"og:image:type\" content=\"image\/jpeg\" \/>\n<meta name=\"author\" content=\"Pe. Andr\u00e9\" \/>\n<meta name=\"twitter:card\" content=\"summary_large_image\" \/>\n<meta name=\"twitter:creator\" content=\"@EcclesiaNews\" \/>\n<meta name=\"twitter:site\" content=\"@EcclesiaNews\" \/>\n<meta name=\"twitter:label1\" content=\"Escrito por\" \/>\n\t<meta name=\"twitter:data1\" content=\"Pe. Andr\u00e9\" \/>\n\t<meta name=\"twitter:label2\" content=\"Est. tempo de leitura\" \/>\n\t<meta name=\"twitter:data2\" content=\"2 minutos\" \/>\n<script type=\"application\/ld+json\" class=\"yoast-schema-graph\">{\"@context\":\"https:\\\/\\\/schema.org\",\"@graph\":[{\"@type\":\"Article\",\"@id\":\"https:\\\/\\\/news.ecclesia.org.br\\\/?p=7548#article\",\"isPartOf\":{\"@id\":\"https:\\\/\\\/news.ecclesia.org.br\\\/?p=7548\"},\"author\":{\"name\":\"Pe. Andr\u00e9\",\"@id\":\"https:\\\/\\\/news.ecclesia.org.br\\\/#\\\/schema\\\/person\\\/6f09597f025829745ba414a569f63758\"},\"headline\":\"P\u00c1SCOA CRIST\u00c3 EM DATA \u00daNICA: Cat\u00f3licos e ortodoxos procuram ultrapassar diverg\u00eancias de calend\u00e1rio lit\u00fargico.\",\"datePublished\":\"2015-06-16T12:40:02+00:00\",\"dateModified\":\"2016-03-22T14:12:21+00:00\",\"mainEntityOfPage\":{\"@id\":\"https:\\\/\\\/news.ecclesia.org.br\\\/?p=7548\"},\"wordCount\":397,\"commentCount\":0,\"publisher\":{\"@id\":\"https:\\\/\\\/news.ecclesia.org.br\\\/#organization\"},\"image\":{\"@id\":\"https:\\\/\\\/news.ecclesia.org.br\\\/?p=7548#primaryimage\"},\"thumbnailUrl\":\"https:\\\/\\\/news.ecclesia.org.br\\\/wp-content\\\/uploads\\\/2015\\\/04\\\/francisco-e-bartolomeu-5-1.jpg\",\"articleSection\":[\"Mundo Ortodoxo\",\"Patriarcado Ecum\u00eanico\"],\"inLanguage\":\"pt-BR\",\"potentialAction\":[{\"@type\":\"CommentAction\",\"name\":\"Comment\",\"target\":[\"https:\\\/\\\/news.ecclesia.org.br\\\/?p=7548#respond\"]}]},{\"@type\":\"WebPage\",\"@id\":\"https:\\\/\\\/news.ecclesia.org.br\\\/?p=7548\",\"url\":\"https:\\\/\\\/news.ecclesia.org.br\\\/?p=7548\",\"name\":\"P\u00c1SCOA CRIST\u00c3 EM DATA \u00daNICA: Cat\u00f3licos e ortodoxos procuram ultrapassar diverg\u00eancias de calend\u00e1rio lit\u00fargico. | ECCLESIA NEWS\",\"isPartOf\":{\"@id\":\"https:\\\/\\\/news.ecclesia.org.br\\\/#website\"},\"primaryImageOfPage\":{\"@id\":\"https:\\\/\\\/news.ecclesia.org.br\\\/?p=7548#primaryimage\"},\"image\":{\"@id\":\"https:\\\/\\\/news.ecclesia.org.br\\\/?p=7548#primaryimage\"},\"thumbnailUrl\":\"https:\\\/\\\/news.ecclesia.org.br\\\/wp-content\\\/uploads\\\/2015\\\/04\\\/francisco-e-bartolomeu-5-1.jpg\",\"datePublished\":\"2015-06-16T12:40:02+00:00\",\"dateModified\":\"2016-03-22T14:12:21+00:00\",\"breadcrumb\":{\"@id\":\"https:\\\/\\\/news.ecclesia.org.br\\\/?p=7548#breadcrumb\"},\"inLanguage\":\"pt-BR\",\"potentialAction\":[{\"@type\":\"ReadAction\",\"target\":[\"https:\\\/\\\/news.ecclesia.org.br\\\/?p=7548\"]}]},{\"@type\":\"ImageObject\",\"inLanguage\":\"pt-BR\",\"@id\":\"https:\\\/\\\/news.ecclesia.org.br\\\/?p=7548#primaryimage\",\"url\":\"https:\\\/\\\/news.ecclesia.org.br\\\/wp-content\\\/uploads\\\/2015\\\/04\\\/francisco-e-bartolomeu-5-1.jpg\",\"contentUrl\":\"https:\\\/\\\/news.ecclesia.org.br\\\/wp-content\\\/uploads\\\/2015\\\/04\\\/francisco-e-bartolomeu-5-1.jpg\",\"width\":744,\"height\":408},{\"@type\":\"BreadcrumbList\",\"@id\":\"https:\\\/\\\/news.ecclesia.org.br\\\/?p=7548#breadcrumb\",\"itemListElement\":[{\"@type\":\"ListItem\",\"position\":1,\"name\":\"In\u00edcio\",\"item\":\"https:\\\/\\\/news.ecclesia.org.br\\\/\"},{\"@type\":\"ListItem\",\"position\":2,\"name\":\"P\u00c1SCOA CRIST\u00c3 EM DATA \u00daNICA: Cat\u00f3licos e ortodoxos procuram ultrapassar diverg\u00eancias de calend\u00e1rio lit\u00fargico.\"}]},{\"@type\":\"WebSite\",\"@id\":\"https:\\\/\\\/news.ecclesia.org.br\\\/#website\",\"url\":\"https:\\\/\\\/news.ecclesia.org.br\\\/\",\"name\":\"Ecclesia Brasil\",\"description\":\"Desde 2003 onectando o Brasil ao mundo ortodoxo!\",\"publisher\":{\"@id\":\"https:\\\/\\\/news.ecclesia.org.br\\\/#organization\"},\"alternateName\":\"Ecclesia\",\"potentialAction\":[{\"@type\":\"SearchAction\",\"target\":{\"@type\":\"EntryPoint\",\"urlTemplate\":\"https:\\\/\\\/news.ecclesia.org.br\\\/?s={search_term_string}\"},\"query-input\":{\"@type\":\"PropertyValueSpecification\",\"valueRequired\":true,\"valueName\":\"search_term_string\"}}],\"inLanguage\":\"pt-BR\"},{\"@type\":\"Organization\",\"@id\":\"https:\\\/\\\/news.ecclesia.org.br\\\/#organization\",\"name\":\"Sacra Arquidiocese de Buenos Aires e Am\u00e9rica do Sul | Patriarcado Ecum\u00eanico\",\"alternateName\":\"News Ecclesia Brasil\",\"url\":\"https:\\\/\\\/news.ecclesia.org.br\\\/\",\"logo\":{\"@type\":\"ImageObject\",\"inLanguage\":\"pt-BR\",\"@id\":\"https:\\\/\\\/news.ecclesia.org.br\\\/#\\\/schema\\\/logo\\\/image\\\/\",\"url\":\"https:\\\/\\\/news.ecclesia.org.br\\\/wp-content\\\/uploads\\\/2025\\\/05\\\/ecclesia2.png\",\"contentUrl\":\"https:\\\/\\\/news.ecclesia.org.br\\\/wp-content\\\/uploads\\\/2025\\\/05\\\/ecclesia2.png\",\"width\":480,\"height\":120,\"caption\":\"Sacra Arquidiocese de Buenos Aires e Am\u00e9rica do Sul | Patriarcado Ecum\u00eanico\"},\"image\":{\"@id\":\"https:\\\/\\\/news.ecclesia.org.br\\\/#\\\/schema\\\/logo\\\/image\\\/\"},\"sameAs\":[\"https:\\\/\\\/www.facebook.com\\\/Ecclesia2025\",\"https:\\\/\\\/x.com\\\/EcclesiaNews\",\"https:\\\/\\\/br.pinterest.com\\\/ekklisia\\\/\",\"https:\\\/\\\/www.youtube.com\\\/@EcclesiaBrasil\"]},{\"@type\":\"Person\",\"@id\":\"https:\\\/\\\/news.ecclesia.org.br\\\/#\\\/schema\\\/person\\\/6f09597f025829745ba414a569f63758\",\"name\":\"Pe. Andr\u00e9\",\"image\":{\"@type\":\"ImageObject\",\"inLanguage\":\"pt-BR\",\"@id\":\"https:\\\/\\\/secure.gravatar.com\\\/avatar\\\/b4327cfa27e9799da239a26adcd534fc29cdc0c4a4a148eecbcfeb9b42c617ac?s=96&d=mm&r=g\",\"url\":\"https:\\\/\\\/secure.gravatar.com\\\/avatar\\\/b4327cfa27e9799da239a26adcd534fc29cdc0c4a4a148eecbcfeb9b42c617ac?s=96&d=mm&r=g\",\"contentUrl\":\"https:\\\/\\\/secure.gravatar.com\\\/avatar\\\/b4327cfa27e9799da239a26adcd534fc29cdc0c4a4a148eecbcfeb9b42c617ac?s=96&d=mm&r=g\",\"caption\":\"Pe. Andr\u00e9\"},\"sameAs\":[\"https:\\\/\\\/www.ecclesia.org.br\"]}]}<\/script>\n<!-- \/ Yoast SEO plugin. -->","yoast_head_json":{"title":"P\u00c1SCOA CRIST\u00c3 EM DATA \u00daNICA: Cat\u00f3licos e ortodoxos procuram ultrapassar diverg\u00eancias de calend\u00e1rio lit\u00fargico. | ECCLESIA NEWS","robots":{"index":"index","follow":"follow","max-snippet":"max-snippet:-1","max-image-preview":"max-image-preview:large","max-video-preview":"max-video-preview:-1"},"canonical":"https:\/\/news.ecclesia.org.br\/?p=7548","og_locale":"pt_BR","og_type":"article","og_title":"P\u00c1SCOA CRIST\u00c3 EM DATA \u00daNICA: Cat\u00f3licos e ortodoxos procuram ultrapassar diverg\u00eancias de calend\u00e1rio lit\u00fargico. | ECCLESIA NEWS","og_description":"Roma, 12 jun 2015 (ECCLESIA) \u2013 O Papa disse hoje em Roma que a solu\u00e7\u00e3o para a celebra\u00e7\u00e3o conjunta da P\u00e1scoa entre cat\u00f3licos e ortodoxos deve passar pela proposta de uma data fixa, deixando de lado a atual tradi\u00e7\u00e3o. \u201cTemos&#8230;","og_url":"https:\/\/news.ecclesia.org.br\/?p=7548","og_site_name":"ECCLESIA NEWS","article_publisher":"https:\/\/www.facebook.com\/Ecclesia2025","article_published_time":"2015-06-16T12:40:02+00:00","article_modified_time":"2016-03-22T14:12:21+00:00","og_image":[{"width":744,"height":408,"url":"https:\/\/news.ecclesia.org.br\/wp-content\/uploads\/2015\/04\/francisco-e-bartolomeu-5-1.jpg","type":"image\/jpeg"}],"author":"Pe. Andr\u00e9","twitter_card":"summary_large_image","twitter_creator":"@EcclesiaNews","twitter_site":"@EcclesiaNews","twitter_misc":{"Escrito por":"Pe. Andr\u00e9","Est. tempo de leitura":"2 minutos"},"schema":{"@context":"https:\/\/schema.org","@graph":[{"@type":"Article","@id":"https:\/\/news.ecclesia.org.br\/?p=7548#article","isPartOf":{"@id":"https:\/\/news.ecclesia.org.br\/?p=7548"},"author":{"name":"Pe. Andr\u00e9","@id":"https:\/\/news.ecclesia.org.br\/#\/schema\/person\/6f09597f025829745ba414a569f63758"},"headline":"P\u00c1SCOA CRIST\u00c3 EM DATA \u00daNICA: Cat\u00f3licos e ortodoxos procuram ultrapassar diverg\u00eancias de calend\u00e1rio lit\u00fargico.","datePublished":"2015-06-16T12:40:02+00:00","dateModified":"2016-03-22T14:12:21+00:00","mainEntityOfPage":{"@id":"https:\/\/news.ecclesia.org.br\/?p=7548"},"wordCount":397,"commentCount":0,"publisher":{"@id":"https:\/\/news.ecclesia.org.br\/#organization"},"image":{"@id":"https:\/\/news.ecclesia.org.br\/?p=7548#primaryimage"},"thumbnailUrl":"https:\/\/news.ecclesia.org.br\/wp-content\/uploads\/2015\/04\/francisco-e-bartolomeu-5-1.jpg","articleSection":["Mundo Ortodoxo","Patriarcado Ecum\u00eanico"],"inLanguage":"pt-BR","potentialAction":[{"@type":"CommentAction","name":"Comment","target":["https:\/\/news.ecclesia.org.br\/?p=7548#respond"]}]},{"@type":"WebPage","@id":"https:\/\/news.ecclesia.org.br\/?p=7548","url":"https:\/\/news.ecclesia.org.br\/?p=7548","name":"P\u00c1SCOA CRIST\u00c3 EM DATA \u00daNICA: Cat\u00f3licos e ortodoxos procuram ultrapassar diverg\u00eancias de calend\u00e1rio lit\u00fargico. | ECCLESIA NEWS","isPartOf":{"@id":"https:\/\/news.ecclesia.org.br\/#website"},"primaryImageOfPage":{"@id":"https:\/\/news.ecclesia.org.br\/?p=7548#primaryimage"},"image":{"@id":"https:\/\/news.ecclesia.org.br\/?p=7548#primaryimage"},"thumbnailUrl":"https:\/\/news.ecclesia.org.br\/wp-content\/uploads\/2015\/04\/francisco-e-bartolomeu-5-1.jpg","datePublished":"2015-06-16T12:40:02+00:00","dateModified":"2016-03-22T14:12:21+00:00","breadcrumb":{"@id":"https:\/\/news.ecclesia.org.br\/?p=7548#breadcrumb"},"inLanguage":"pt-BR","potentialAction":[{"@type":"ReadAction","target":["https:\/\/news.ecclesia.org.br\/?p=7548"]}]},{"@type":"ImageObject","inLanguage":"pt-BR","@id":"https:\/\/news.ecclesia.org.br\/?p=7548#primaryimage","url":"https:\/\/news.ecclesia.org.br\/wp-content\/uploads\/2015\/04\/francisco-e-bartolomeu-5-1.jpg","contentUrl":"https:\/\/news.ecclesia.org.br\/wp-content\/uploads\/2015\/04\/francisco-e-bartolomeu-5-1.jpg","width":744,"height":408},{"@type":"BreadcrumbList","@id":"https:\/\/news.ecclesia.org.br\/?p=7548#breadcrumb","itemListElement":[{"@type":"ListItem","position":1,"name":"In\u00edcio","item":"https:\/\/news.ecclesia.org.br\/"},{"@type":"ListItem","position":2,"name":"P\u00c1SCOA CRIST\u00c3 EM DATA \u00daNICA: Cat\u00f3licos e ortodoxos procuram ultrapassar diverg\u00eancias de calend\u00e1rio lit\u00fargico."}]},{"@type":"WebSite","@id":"https:\/\/news.ecclesia.org.br\/#website","url":"https:\/\/news.ecclesia.org.br\/","name":"Ecclesia Brasil","description":"Desde 2003 onectando o Brasil ao mundo ortodoxo!","publisher":{"@id":"https:\/\/news.ecclesia.org.br\/#organization"},"alternateName":"Ecclesia","potentialAction":[{"@type":"SearchAction","target":{"@type":"EntryPoint","urlTemplate":"https:\/\/news.ecclesia.org.br\/?s={search_term_string}"},"query-input":{"@type":"PropertyValueSpecification","valueRequired":true,"valueName":"search_term_string"}}],"inLanguage":"pt-BR"},{"@type":"Organization","@id":"https:\/\/news.ecclesia.org.br\/#organization","name":"Sacra Arquidiocese de Buenos Aires e Am\u00e9rica do Sul | Patriarcado Ecum\u00eanico","alternateName":"News Ecclesia Brasil","url":"https:\/\/news.ecclesia.org.br\/","logo":{"@type":"ImageObject","inLanguage":"pt-BR","@id":"https:\/\/news.ecclesia.org.br\/#\/schema\/logo\/image\/","url":"https:\/\/news.ecclesia.org.br\/wp-content\/uploads\/2025\/05\/ecclesia2.png","contentUrl":"https:\/\/news.ecclesia.org.br\/wp-content\/uploads\/2025\/05\/ecclesia2.png","width":480,"height":120,"caption":"Sacra Arquidiocese de Buenos Aires e Am\u00e9rica do Sul | Patriarcado Ecum\u00eanico"},"image":{"@id":"https:\/\/news.ecclesia.org.br\/#\/schema\/logo\/image\/"},"sameAs":["https:\/\/www.facebook.com\/Ecclesia2025","https:\/\/x.com\/EcclesiaNews","https:\/\/br.pinterest.com\/ekklisia\/","https:\/\/www.youtube.com\/@EcclesiaBrasil"]},{"@type":"Person","@id":"https:\/\/news.ecclesia.org.br\/#\/schema\/person\/6f09597f025829745ba414a569f63758","name":"Pe. Andr\u00e9","image":{"@type":"ImageObject","inLanguage":"pt-BR","@id":"https:\/\/secure.gravatar.com\/avatar\/b4327cfa27e9799da239a26adcd534fc29cdc0c4a4a148eecbcfeb9b42c617ac?s=96&d=mm&r=g","url":"https:\/\/secure.gravatar.com\/avatar\/b4327cfa27e9799da239a26adcd534fc29cdc0c4a4a148eecbcfeb9b42c617ac?s=96&d=mm&r=g","contentUrl":"https:\/\/secure.gravatar.com\/avatar\/b4327cfa27e9799da239a26adcd534fc29cdc0c4a4a148eecbcfeb9b42c617ac?s=96&d=mm&r=g","caption":"Pe. Andr\u00e9"},"sameAs":["https:\/\/www.ecclesia.org.br"]}]}},"_links":{"self":[{"href":"https:\/\/news.ecclesia.org.br\/index.php?rest_route=\/wp\/v2\/posts\/7548","targetHints":{"allow":["GET"]}}],"collection":[{"href":"https:\/\/news.ecclesia.org.br\/index.php?rest_route=\/wp\/v2\/posts"}],"about":[{"href":"https:\/\/news.ecclesia.org.br\/index.php?rest_route=\/wp\/v2\/types\/post"}],"author":[{"embeddable":true,"href":"https:\/\/news.ecclesia.org.br\/index.php?rest_route=\/wp\/v2\/users\/1"}],"replies":[{"embeddable":true,"href":"https:\/\/news.ecclesia.org.br\/index.php?rest_route=%2Fwp%2Fv2%2Fcomments&post=7548"}],"version-history":[{"count":0,"href":"https:\/\/news.ecclesia.org.br\/index.php?rest_route=\/wp\/v2\/posts\/7548\/revisions"}],"wp:featuredmedia":[{"embeddable":true,"href":"https:\/\/news.ecclesia.org.br\/index.php?rest_route=\/wp\/v2\/media\/7530"}],"wp:attachment":[{"href":"https:\/\/news.ecclesia.org.br\/index.php?rest_route=%2Fwp%2Fv2%2Fmedia&parent=7548"}],"wp:term":[{"taxonomy":"category","embeddable":true,"href":"https:\/\/news.ecclesia.org.br\/index.php?rest_route=%2Fwp%2Fv2%2Fcategories&post=7548"},{"taxonomy":"post_tag","embeddable":true,"href":"https:\/\/news.ecclesia.org.br\/index.php?rest_route=%2Fwp%2Fv2%2Ftags&post=7548"}],"curies":[{"name":"wp","href":"https:\/\/api.w.org\/{rel}","templated":true}]}}