{"id":7411,"date":"2014-11-29T17:36:07","date_gmt":"2014-11-29T17:36:07","guid":{"rendered":"http:\/\/www.ecclesia.com.br\/news\/2013\/?p=7411"},"modified":"2016-03-08T19:03:36","modified_gmt":"2016-03-08T19:03:36","slug":"irmaos-na-esperanca-para-caminhar-juntos-papa-na-oracao-ecumenica","status":"publish","type":"post","link":"https:\/\/news.ecclesia.org.br\/?p=7411","title":{"rendered":"IRM\u00c3OS NA ESPERAN\u00c7A"},"content":{"rendered":"<p style=\"text-align: justify;\">Ap\u00f3s a Missa, o Papa se dirigiu \u00e0 sede do Patriarcado de Constantinopla, para participar na Ora\u00e7\u00e3o de v\u00e9speras da festa de Santo Andr\u00e9 com o patriarca Bartolomeu. Atrav\u00e9s das palavras do profeta Zacarias \u2013 comentou o Papa numa breve interven\u00e7\u00e3o &#8211; o Senhor mostra-nos \u201co fundamento que est\u00e1 na base da nossa tens\u00e3o entre um hoje e um amanh\u00e3, a rocha firme sobre a qual podemos mover juntos os nossos passos com alegria e esperan\u00e7a; este alicerce rochoso \u00e9 a promessa do Senhor: \u00abEis que eu salvo o meu povo do Oriente e do Ocidente (&#8230;) na fidelidade e justi\u00e7a\u00bb.<\/p>\n<p style=\"text-align: justify;\">Dirigindo-se ao \u201cvenerado e querido Irm\u00e3o Bartolomeu\u201d, Papa Francisco agradeceu-o pelo seu acolhimento fraterno, observando:<\/p>\n<blockquote>\n<p style=\"text-align: justify;\">Sinto que a nossa alegria \u00e9 maior porque a fonte est\u00e1 mais al\u00e9m, n\u00e3o est\u00e1 em n\u00f3s, n\u00e3o est\u00e1 no nosso compromisso e nos nossos esfor\u00e7os \u2013 que tamb\u00e9m existem, como de dever \u2013, mas est\u00e1 na comum entrega \u00e0 fidelidade de Deus, que lan\u00e7a as bases para a reconstru\u00e7\u00e3o do seu templo que \u00e9 a Igreja (cf. Zc 8, 9).<\/p>\n<p style=\"text-align: justify;\">\u00abEst\u00e1 aqui a semente da paz\u00bb (Zc 8, 12); est\u00e1 aqui a semente da alegria. Aquela paz e aquela alegria que o mundo n\u00e3o pode dar, mas que o Senhor Jesus prometeu aos seus disc\u00edpulos e lha deu como Ressuscitado, no poder do Esp\u00edrito Santo.<\/p>\n<p style=\"text-align: justify;\">\u00abAndr\u00e9 e Pedro \u2013 prosseguiu ainda o Papa &#8211; ouviram esta promessa, receberam este dom.\u00bb<\/p>\n<p style=\"text-align: justify;\">(Andr\u00e9 e Pedro) eram irm\u00e3os de sangue, mas o encontro com Cristo transformou-os em irm\u00e3os na f\u00e9 e na caridade. E nesta noite jubilosa, nesta ora\u00e7\u00e3o de vig\u00edlia, quero sobretudo dizer: irm\u00e3os na esperan\u00e7a.<\/p>\n<p style=\"text-align: justify;\">Que grande gra\u00e7a, Santidade, poder ser irm\u00e3os na esperan\u00e7a do Senhor Ressuscitado! Que grande gra\u00e7a \u2013 e que grande responsabilidade \u2013 poder caminhar juntos nesta esperan\u00e7a, sustentados pela intercess\u00e3o dos Santos irm\u00e3os Ap\u00f3stolos Andr\u00e9 e Pedro!\u00a0 E o Papa terminou pedindo ao Patriarca uma b\u00ean\u00e7\u00e3o para si e para a Igreja de Roma.<\/p>\n<\/blockquote>\n<p style=\"text-align: justify;\">No final da celebra\u00e7\u00e3o, o Patriarca Bartolomeu convidou o Papa a subir consigo ao segundo andar da resid\u00eancia patriarcal, para um col\u00f3quio privado.<\/p>\n<p style=\"text-align: justify;\">Assim se concluiu esta segunda jornada da viagem do Papa na Turquia. Amanh\u00e3, domingo, 30 de novembro, festa de Santo Andr\u00e9, Papa Francisco celebra privadamente, de manh\u00e3 cedo, na representa\u00e7\u00e3o pontif\u00edcia de Istambul, onde recebe o Grande rabino da Turquia, Isak Haleva.<\/p>\n<p style=\"text-align: justify;\">Partir\u00e1 ent\u00e3o para a Igreja patriarcal de S\u00e3o Jorge, onde participa na Divina Liturgia celebrada pelo Patriarca Bartolomeu, no final da qual dar\u00e3o conjuntamente, da varanda da resid\u00eancia, a b\u00ean\u00e7\u00e3o ecum\u00e9nica e assinar\u00e3o uma Declara\u00e7\u00e3o conjunta, almo\u00e7ando juntos.<\/p>\n<p style=\"text-align: justify;\">Por volta das 4 da tarde, j\u00e1 na resid\u00eancia pontif\u00edcia de Istambul, o Papa acolher\u00e1 uns 50 jovens do Orat\u00f3rio da Comunidade salesiana de Istambul, junto da catedral latina. Trata-se de jovens provenientes n\u00e3o s\u00f3 de v\u00e1rias partes da Turquia, mas tamb\u00e9m de refugiados vindos de diversos pa\u00edses do M\u00e9dio Oriente e da \u00c1frica.<\/p>\n<p style=\"text-align: justify;\">Imediatamente depois o Papa desloca-se para o aeroporto, estando a partida marcada para as 17 horas locais. A chegada a Roma est\u00e1 prevista para as 18.40.<\/p>\n<p style=\"text-align: justify;\"><img decoding=\"async\" class=\"ngg_displayed_gallery mceItem\" src=\"http:\/\/www.ecclesia.com.br\/news\/2013\/index.php\/nextgen-attach_to_post\/preview\/id--7472\" alt=\"\" \/><\/p>\n","protected":false},"excerpt":{"rendered":"<p>Ap\u00f3s a Missa, o Papa se dirigiu \u00e0 sede do Patriarcado de Constantinopla, para participar na Ora\u00e7\u00e3o de v\u00e9speras da festa de Santo Andr\u00e9 com o patriarca Bartolomeu. Atrav\u00e9s das palavras do profeta Zacarias \u2013 comentou o Papa numa breve&#8230;<\/p>\n","protected":false},"author":1,"featured_media":7412,"comment_status":"open","ping_status":"open","sticky":false,"template":"","format":"standard","meta":{"_acf_changed":false,"footnotes":""},"categories":[3,72],"tags":[],"class_list":["post-7411","post","type-post","status-publish","format-standard","has-post-thumbnail","hentry","category-mundo","category-patriarcado-ecumenico","entry","rows-excerpt"],"acf":[],"yoast_head":"<!-- This site is optimized with the Yoast SEO plugin v27.4 - https:\/\/yoast.com\/product\/yoast-seo-wordpress\/ -->\n<title>IRM\u00c3OS NA ESPERAN\u00c7A | ECCLESIA NEWS<\/title>\n<meta name=\"robots\" content=\"index, follow, max-snippet:-1, max-image-preview:large, max-video-preview:-1\" \/>\n<link rel=\"canonical\" href=\"https:\/\/news.ecclesia.org.br\/?p=7411\" \/>\n<meta property=\"og:locale\" content=\"pt_BR\" \/>\n<meta property=\"og:type\" content=\"article\" \/>\n<meta property=\"og:title\" content=\"IRM\u00c3OS NA ESPERAN\u00c7A | ECCLESIA NEWS\" \/>\n<meta property=\"og:description\" content=\"Ap\u00f3s a Missa, o Papa se dirigiu \u00e0 sede do Patriarcado de Constantinopla, para participar na Ora\u00e7\u00e3o de v\u00e9speras da festa de Santo Andr\u00e9 com o patriarca Bartolomeu. Atrav\u00e9s das palavras do profeta Zacarias \u2013 comentou o Papa numa breve&#8230;\" \/>\n<meta property=\"og:url\" content=\"https:\/\/news.ecclesia.org.br\/?p=7411\" \/>\n<meta property=\"og:site_name\" content=\"ECCLESIA NEWS\" \/>\n<meta property=\"article:publisher\" content=\"https:\/\/www.facebook.com\/Ecclesia2025\" \/>\n<meta property=\"article:published_time\" content=\"2014-11-29T17:36:07+00:00\" \/>\n<meta property=\"article:modified_time\" content=\"2016-03-08T19:03:36+00:00\" \/>\n<meta property=\"og:image\" content=\"https:\/\/news.ecclesia.org.br\/wp-content\/uploads\/2014\/11\/papa-francisco-com-patriarca-bartolomeu-1.jpg\" \/>\n\t<meta property=\"og:image:width\" content=\"640\" \/>\n\t<meta property=\"og:image:height\" content=\"453\" \/>\n\t<meta property=\"og:image:type\" content=\"image\/jpeg\" \/>\n<meta name=\"author\" content=\"Pe. Andr\u00e9\" \/>\n<meta name=\"twitter:card\" content=\"summary_large_image\" \/>\n<meta name=\"twitter:creator\" content=\"@EcclesiaNews\" \/>\n<meta name=\"twitter:site\" content=\"@EcclesiaNews\" \/>\n<meta name=\"twitter:label1\" content=\"Escrito por\" \/>\n\t<meta name=\"twitter:data1\" content=\"Pe. Andr\u00e9\" \/>\n\t<meta name=\"twitter:label2\" content=\"Est. tempo de leitura\" \/>\n\t<meta name=\"twitter:data2\" content=\"3 minutos\" \/>\n<script type=\"application\/ld+json\" class=\"yoast-schema-graph\">{\"@context\":\"https:\\\/\\\/schema.org\",\"@graph\":[{\"@type\":\"Article\",\"@id\":\"https:\\\/\\\/news.ecclesia.org.br\\\/?p=7411#article\",\"isPartOf\":{\"@id\":\"https:\\\/\\\/news.ecclesia.org.br\\\/?p=7411\"},\"author\":{\"name\":\"Pe. Andr\u00e9\",\"@id\":\"https:\\\/\\\/news.ecclesia.org.br\\\/#\\\/schema\\\/person\\\/6f09597f025829745ba414a569f63758\"},\"headline\":\"IRM\u00c3OS NA ESPERAN\u00c7A\",\"datePublished\":\"2014-11-29T17:36:07+00:00\",\"dateModified\":\"2016-03-08T19:03:36+00:00\",\"mainEntityOfPage\":{\"@id\":\"https:\\\/\\\/news.ecclesia.org.br\\\/?p=7411\"},\"wordCount\":550,\"commentCount\":0,\"publisher\":{\"@id\":\"https:\\\/\\\/news.ecclesia.org.br\\\/#organization\"},\"image\":{\"@id\":\"https:\\\/\\\/news.ecclesia.org.br\\\/?p=7411#primaryimage\"},\"thumbnailUrl\":\"https:\\\/\\\/news.ecclesia.org.br\\\/wp-content\\\/uploads\\\/2014\\\/11\\\/papa-francisco-com-patriarca-bartolomeu-1.jpg\",\"articleSection\":[\"Mundo Ortodoxo\",\"Patriarcado Ecum\u00eanico\"],\"inLanguage\":\"pt-BR\",\"potentialAction\":[{\"@type\":\"CommentAction\",\"name\":\"Comment\",\"target\":[\"https:\\\/\\\/news.ecclesia.org.br\\\/?p=7411#respond\"]}]},{\"@type\":\"WebPage\",\"@id\":\"https:\\\/\\\/news.ecclesia.org.br\\\/?p=7411\",\"url\":\"https:\\\/\\\/news.ecclesia.org.br\\\/?p=7411\",\"name\":\"IRM\u00c3OS NA ESPERAN\u00c7A | ECCLESIA NEWS\",\"isPartOf\":{\"@id\":\"https:\\\/\\\/news.ecclesia.org.br\\\/#website\"},\"primaryImageOfPage\":{\"@id\":\"https:\\\/\\\/news.ecclesia.org.br\\\/?p=7411#primaryimage\"},\"image\":{\"@id\":\"https:\\\/\\\/news.ecclesia.org.br\\\/?p=7411#primaryimage\"},\"thumbnailUrl\":\"https:\\\/\\\/news.ecclesia.org.br\\\/wp-content\\\/uploads\\\/2014\\\/11\\\/papa-francisco-com-patriarca-bartolomeu-1.jpg\",\"datePublished\":\"2014-11-29T17:36:07+00:00\",\"dateModified\":\"2016-03-08T19:03:36+00:00\",\"breadcrumb\":{\"@id\":\"https:\\\/\\\/news.ecclesia.org.br\\\/?p=7411#breadcrumb\"},\"inLanguage\":\"pt-BR\",\"potentialAction\":[{\"@type\":\"ReadAction\",\"target\":[\"https:\\\/\\\/news.ecclesia.org.br\\\/?p=7411\"]}]},{\"@type\":\"ImageObject\",\"inLanguage\":\"pt-BR\",\"@id\":\"https:\\\/\\\/news.ecclesia.org.br\\\/?p=7411#primaryimage\",\"url\":\"https:\\\/\\\/news.ecclesia.org.br\\\/wp-content\\\/uploads\\\/2014\\\/11\\\/papa-francisco-com-patriarca-bartolomeu-1.jpg\",\"contentUrl\":\"https:\\\/\\\/news.ecclesia.org.br\\\/wp-content\\\/uploads\\\/2014\\\/11\\\/papa-francisco-com-patriarca-bartolomeu-1.jpg\",\"width\":640,\"height\":453},{\"@type\":\"BreadcrumbList\",\"@id\":\"https:\\\/\\\/news.ecclesia.org.br\\\/?p=7411#breadcrumb\",\"itemListElement\":[{\"@type\":\"ListItem\",\"position\":1,\"name\":\"In\u00edcio\",\"item\":\"https:\\\/\\\/news.ecclesia.org.br\\\/\"},{\"@type\":\"ListItem\",\"position\":2,\"name\":\"IRM\u00c3OS NA ESPERAN\u00c7A\"}]},{\"@type\":\"WebSite\",\"@id\":\"https:\\\/\\\/news.ecclesia.org.br\\\/#website\",\"url\":\"https:\\\/\\\/news.ecclesia.org.br\\\/\",\"name\":\"Ecclesia Brasil\",\"description\":\"Desde 2003 onectando o Brasil ao mundo ortodoxo!\",\"publisher\":{\"@id\":\"https:\\\/\\\/news.ecclesia.org.br\\\/#organization\"},\"alternateName\":\"Ecclesia\",\"potentialAction\":[{\"@type\":\"SearchAction\",\"target\":{\"@type\":\"EntryPoint\",\"urlTemplate\":\"https:\\\/\\\/news.ecclesia.org.br\\\/?s={search_term_string}\"},\"query-input\":{\"@type\":\"PropertyValueSpecification\",\"valueRequired\":true,\"valueName\":\"search_term_string\"}}],\"inLanguage\":\"pt-BR\"},{\"@type\":\"Organization\",\"@id\":\"https:\\\/\\\/news.ecclesia.org.br\\\/#organization\",\"name\":\"Sacra Arquidiocese de Buenos Aires e Am\u00e9rica do Sul | Patriarcado Ecum\u00eanico\",\"alternateName\":\"News Ecclesia Brasil\",\"url\":\"https:\\\/\\\/news.ecclesia.org.br\\\/\",\"logo\":{\"@type\":\"ImageObject\",\"inLanguage\":\"pt-BR\",\"@id\":\"https:\\\/\\\/news.ecclesia.org.br\\\/#\\\/schema\\\/logo\\\/image\\\/\",\"url\":\"https:\\\/\\\/news.ecclesia.org.br\\\/wp-content\\\/uploads\\\/2025\\\/05\\\/ecclesia2.png\",\"contentUrl\":\"https:\\\/\\\/news.ecclesia.org.br\\\/wp-content\\\/uploads\\\/2025\\\/05\\\/ecclesia2.png\",\"width\":480,\"height\":120,\"caption\":\"Sacra Arquidiocese de Buenos Aires e Am\u00e9rica do Sul | Patriarcado Ecum\u00eanico\"},\"image\":{\"@id\":\"https:\\\/\\\/news.ecclesia.org.br\\\/#\\\/schema\\\/logo\\\/image\\\/\"},\"sameAs\":[\"https:\\\/\\\/www.facebook.com\\\/Ecclesia2025\",\"https:\\\/\\\/x.com\\\/EcclesiaNews\",\"https:\\\/\\\/br.pinterest.com\\\/ekklisia\\\/\",\"https:\\\/\\\/www.youtube.com\\\/@EcclesiaBrasil\"]},{\"@type\":\"Person\",\"@id\":\"https:\\\/\\\/news.ecclesia.org.br\\\/#\\\/schema\\\/person\\\/6f09597f025829745ba414a569f63758\",\"name\":\"Pe. Andr\u00e9\",\"image\":{\"@type\":\"ImageObject\",\"inLanguage\":\"pt-BR\",\"@id\":\"https:\\\/\\\/secure.gravatar.com\\\/avatar\\\/b4327cfa27e9799da239a26adcd534fc29cdc0c4a4a148eecbcfeb9b42c617ac?s=96&d=mm&r=g\",\"url\":\"https:\\\/\\\/secure.gravatar.com\\\/avatar\\\/b4327cfa27e9799da239a26adcd534fc29cdc0c4a4a148eecbcfeb9b42c617ac?s=96&d=mm&r=g\",\"contentUrl\":\"https:\\\/\\\/secure.gravatar.com\\\/avatar\\\/b4327cfa27e9799da239a26adcd534fc29cdc0c4a4a148eecbcfeb9b42c617ac?s=96&d=mm&r=g\",\"caption\":\"Pe. Andr\u00e9\"},\"sameAs\":[\"https:\\\/\\\/www.ecclesia.org.br\"]}]}<\/script>\n<!-- \/ Yoast SEO plugin. -->","yoast_head_json":{"title":"IRM\u00c3OS NA ESPERAN\u00c7A | ECCLESIA NEWS","robots":{"index":"index","follow":"follow","max-snippet":"max-snippet:-1","max-image-preview":"max-image-preview:large","max-video-preview":"max-video-preview:-1"},"canonical":"https:\/\/news.ecclesia.org.br\/?p=7411","og_locale":"pt_BR","og_type":"article","og_title":"IRM\u00c3OS NA ESPERAN\u00c7A | ECCLESIA NEWS","og_description":"Ap\u00f3s a Missa, o Papa se dirigiu \u00e0 sede do Patriarcado de Constantinopla, para participar na Ora\u00e7\u00e3o de v\u00e9speras da festa de Santo Andr\u00e9 com o patriarca Bartolomeu. Atrav\u00e9s das palavras do profeta Zacarias \u2013 comentou o Papa numa breve&#8230;","og_url":"https:\/\/news.ecclesia.org.br\/?p=7411","og_site_name":"ECCLESIA NEWS","article_publisher":"https:\/\/www.facebook.com\/Ecclesia2025","article_published_time":"2014-11-29T17:36:07+00:00","article_modified_time":"2016-03-08T19:03:36+00:00","og_image":[{"width":640,"height":453,"url":"https:\/\/news.ecclesia.org.br\/wp-content\/uploads\/2014\/11\/papa-francisco-com-patriarca-bartolomeu-1.jpg","type":"image\/jpeg"}],"author":"Pe. Andr\u00e9","twitter_card":"summary_large_image","twitter_creator":"@EcclesiaNews","twitter_site":"@EcclesiaNews","twitter_misc":{"Escrito por":"Pe. Andr\u00e9","Est. tempo de leitura":"3 minutos"},"schema":{"@context":"https:\/\/schema.org","@graph":[{"@type":"Article","@id":"https:\/\/news.ecclesia.org.br\/?p=7411#article","isPartOf":{"@id":"https:\/\/news.ecclesia.org.br\/?p=7411"},"author":{"name":"Pe. Andr\u00e9","@id":"https:\/\/news.ecclesia.org.br\/#\/schema\/person\/6f09597f025829745ba414a569f63758"},"headline":"IRM\u00c3OS NA ESPERAN\u00c7A","datePublished":"2014-11-29T17:36:07+00:00","dateModified":"2016-03-08T19:03:36+00:00","mainEntityOfPage":{"@id":"https:\/\/news.ecclesia.org.br\/?p=7411"},"wordCount":550,"commentCount":0,"publisher":{"@id":"https:\/\/news.ecclesia.org.br\/#organization"},"image":{"@id":"https:\/\/news.ecclesia.org.br\/?p=7411#primaryimage"},"thumbnailUrl":"https:\/\/news.ecclesia.org.br\/wp-content\/uploads\/2014\/11\/papa-francisco-com-patriarca-bartolomeu-1.jpg","articleSection":["Mundo Ortodoxo","Patriarcado Ecum\u00eanico"],"inLanguage":"pt-BR","potentialAction":[{"@type":"CommentAction","name":"Comment","target":["https:\/\/news.ecclesia.org.br\/?p=7411#respond"]}]},{"@type":"WebPage","@id":"https:\/\/news.ecclesia.org.br\/?p=7411","url":"https:\/\/news.ecclesia.org.br\/?p=7411","name":"IRM\u00c3OS NA ESPERAN\u00c7A | ECCLESIA NEWS","isPartOf":{"@id":"https:\/\/news.ecclesia.org.br\/#website"},"primaryImageOfPage":{"@id":"https:\/\/news.ecclesia.org.br\/?p=7411#primaryimage"},"image":{"@id":"https:\/\/news.ecclesia.org.br\/?p=7411#primaryimage"},"thumbnailUrl":"https:\/\/news.ecclesia.org.br\/wp-content\/uploads\/2014\/11\/papa-francisco-com-patriarca-bartolomeu-1.jpg","datePublished":"2014-11-29T17:36:07+00:00","dateModified":"2016-03-08T19:03:36+00:00","breadcrumb":{"@id":"https:\/\/news.ecclesia.org.br\/?p=7411#breadcrumb"},"inLanguage":"pt-BR","potentialAction":[{"@type":"ReadAction","target":["https:\/\/news.ecclesia.org.br\/?p=7411"]}]},{"@type":"ImageObject","inLanguage":"pt-BR","@id":"https:\/\/news.ecclesia.org.br\/?p=7411#primaryimage","url":"https:\/\/news.ecclesia.org.br\/wp-content\/uploads\/2014\/11\/papa-francisco-com-patriarca-bartolomeu-1.jpg","contentUrl":"https:\/\/news.ecclesia.org.br\/wp-content\/uploads\/2014\/11\/papa-francisco-com-patriarca-bartolomeu-1.jpg","width":640,"height":453},{"@type":"BreadcrumbList","@id":"https:\/\/news.ecclesia.org.br\/?p=7411#breadcrumb","itemListElement":[{"@type":"ListItem","position":1,"name":"In\u00edcio","item":"https:\/\/news.ecclesia.org.br\/"},{"@type":"ListItem","position":2,"name":"IRM\u00c3OS NA ESPERAN\u00c7A"}]},{"@type":"WebSite","@id":"https:\/\/news.ecclesia.org.br\/#website","url":"https:\/\/news.ecclesia.org.br\/","name":"Ecclesia Brasil","description":"Desde 2003 onectando o Brasil ao mundo ortodoxo!","publisher":{"@id":"https:\/\/news.ecclesia.org.br\/#organization"},"alternateName":"Ecclesia","potentialAction":[{"@type":"SearchAction","target":{"@type":"EntryPoint","urlTemplate":"https:\/\/news.ecclesia.org.br\/?s={search_term_string}"},"query-input":{"@type":"PropertyValueSpecification","valueRequired":true,"valueName":"search_term_string"}}],"inLanguage":"pt-BR"},{"@type":"Organization","@id":"https:\/\/news.ecclesia.org.br\/#organization","name":"Sacra Arquidiocese de Buenos Aires e Am\u00e9rica do Sul | Patriarcado Ecum\u00eanico","alternateName":"News Ecclesia Brasil","url":"https:\/\/news.ecclesia.org.br\/","logo":{"@type":"ImageObject","inLanguage":"pt-BR","@id":"https:\/\/news.ecclesia.org.br\/#\/schema\/logo\/image\/","url":"https:\/\/news.ecclesia.org.br\/wp-content\/uploads\/2025\/05\/ecclesia2.png","contentUrl":"https:\/\/news.ecclesia.org.br\/wp-content\/uploads\/2025\/05\/ecclesia2.png","width":480,"height":120,"caption":"Sacra Arquidiocese de Buenos Aires e Am\u00e9rica do Sul | Patriarcado Ecum\u00eanico"},"image":{"@id":"https:\/\/news.ecclesia.org.br\/#\/schema\/logo\/image\/"},"sameAs":["https:\/\/www.facebook.com\/Ecclesia2025","https:\/\/x.com\/EcclesiaNews","https:\/\/br.pinterest.com\/ekklisia\/","https:\/\/www.youtube.com\/@EcclesiaBrasil"]},{"@type":"Person","@id":"https:\/\/news.ecclesia.org.br\/#\/schema\/person\/6f09597f025829745ba414a569f63758","name":"Pe. Andr\u00e9","image":{"@type":"ImageObject","inLanguage":"pt-BR","@id":"https:\/\/secure.gravatar.com\/avatar\/b4327cfa27e9799da239a26adcd534fc29cdc0c4a4a148eecbcfeb9b42c617ac?s=96&d=mm&r=g","url":"https:\/\/secure.gravatar.com\/avatar\/b4327cfa27e9799da239a26adcd534fc29cdc0c4a4a148eecbcfeb9b42c617ac?s=96&d=mm&r=g","contentUrl":"https:\/\/secure.gravatar.com\/avatar\/b4327cfa27e9799da239a26adcd534fc29cdc0c4a4a148eecbcfeb9b42c617ac?s=96&d=mm&r=g","caption":"Pe. Andr\u00e9"},"sameAs":["https:\/\/www.ecclesia.org.br"]}]}},"_links":{"self":[{"href":"https:\/\/news.ecclesia.org.br\/index.php?rest_route=\/wp\/v2\/posts\/7411","targetHints":{"allow":["GET"]}}],"collection":[{"href":"https:\/\/news.ecclesia.org.br\/index.php?rest_route=\/wp\/v2\/posts"}],"about":[{"href":"https:\/\/news.ecclesia.org.br\/index.php?rest_route=\/wp\/v2\/types\/post"}],"author":[{"embeddable":true,"href":"https:\/\/news.ecclesia.org.br\/index.php?rest_route=\/wp\/v2\/users\/1"}],"replies":[{"embeddable":true,"href":"https:\/\/news.ecclesia.org.br\/index.php?rest_route=%2Fwp%2Fv2%2Fcomments&post=7411"}],"version-history":[{"count":0,"href":"https:\/\/news.ecclesia.org.br\/index.php?rest_route=\/wp\/v2\/posts\/7411\/revisions"}],"wp:featuredmedia":[{"embeddable":true,"href":"https:\/\/news.ecclesia.org.br\/index.php?rest_route=\/wp\/v2\/media\/7412"}],"wp:attachment":[{"href":"https:\/\/news.ecclesia.org.br\/index.php?rest_route=%2Fwp%2Fv2%2Fmedia&parent=7411"}],"wp:term":[{"taxonomy":"category","embeddable":true,"href":"https:\/\/news.ecclesia.org.br\/index.php?rest_route=%2Fwp%2Fv2%2Fcategories&post=7411"},{"taxonomy":"post_tag","embeddable":true,"href":"https:\/\/news.ecclesia.org.br\/index.php?rest_route=%2Fwp%2Fv2%2Ftags&post=7411"}],"curies":[{"name":"wp","href":"https:\/\/api.w.org\/{rel}","templated":true}]}}