{"id":7403,"date":"2014-11-16T18:25:04","date_gmt":"2014-11-16T20:25:04","guid":{"rendered":"http:\/\/www.ecclesia.com.br\/news\/2013\/?p=7403"},"modified":"2016-03-22T15:22:06","modified_gmt":"2016-03-22T15:22:06","slug":"v-assembleia-dos-bispos-ortodoxos-da-america-latina","status":"publish","type":"post","link":"https:\/\/news.ecclesia.org.br\/?p=7403","title":{"rendered":"V ASSEMBLEIA DOS BISPOS ORTODOXOS DA AM\u00c9RICA LATINA"},"content":{"rendered":"<p style=\"text-align: justify;\"><a href=\"https:\/\/news.ecclesia.org.br\/2013\/wp-content\/uploads\/2014\/11\/V-assembleia-1.jpg\" rel=\"attachment wp-att-7404\"><img fetchpriority=\"high\" decoding=\"async\" class=\"alignleft wp-image-7404 size-medium\" src=\"https:\/\/news.ecclesia.org.br\/2013\/wp-content\/uploads\/2014\/11\/V-assembleia-1-300x203.jpg\" alt=\"V-assembleia\" width=\"300\" height=\"203\" srcset=\"https:\/\/news.ecclesia.org.br\/wp-content\/uploads\/2014\/11\/V-assembleia-1-300x203.jpg 300w, https:\/\/news.ecclesia.org.br\/wp-content\/uploads\/2014\/11\/V-assembleia-1-768x519.jpg 768w, https:\/\/news.ecclesia.org.br\/wp-content\/uploads\/2014\/11\/V-assembleia-1-81x55.jpg 81w, https:\/\/news.ecclesia.org.br\/wp-content\/uploads\/2014\/11\/V-assembleia-1-445x300.jpg 445w, https:\/\/news.ecclesia.org.br\/wp-content\/uploads\/2014\/11\/V-assembleia-1-60x40.jpg 60w, https:\/\/news.ecclesia.org.br\/wp-content\/uploads\/2014\/11\/V-assembleia-1-120x80.jpg 120w, https:\/\/news.ecclesia.org.br\/wp-content\/uploads\/2014\/11\/V-assembleia-1.jpg 800w\" sizes=\"(max-width: 300px) 100vw, 300px\" \/><\/a>De 13 a 14 de novembro de 2014, na cidade de Lima, capital do Per\u00fa, realizou-se a V Assembleia dos Bispos Ortodoxos da Am\u00e9rica Latina , sob a convoca\u00e7\u00e3o e presid\u00eancia de S. Em.ncia Dom Athen\u00e1goras, Arcebispo Metropolitano do M\u00e9xico. O evento contou com as presen\u00e7as de S. Em.ncia Dom Tarasios, Arcebispo Metropolitano de Buenos Aires; de S. Ex.cia. Dom Iosif, Bispo de Patara (Patriarcado Ecum\u00eanico de Constantinopla); S. Em.ncia Dom Kirill Arcebispo de Buenos Aires, Patriarcado de Moscou &#8211; ROCOR; de S. Em.ncia Dom Cris\u00f3stomo e S de Ex.cia Dom Ambr\u00f3sio, da Eparquia do Brasil da Igreja Ortodoxa da Pol\u00f4nia . A convite do presidente, Dom Athenagoras, Dom Iosif abriu a agenda de trabalhos proferindo uma confer\u00eancia sobre \u00abA din\u00e2mica \u2018justi\u00e7a -injusti\u00e7a&#8217; na Am\u00e9rica Latina como o desafio pastoral e intelectual para a Igreja Ortodoxa\u00bb. Ap\u00f3s a apresenta\u00e7\u00e3o dos bispos presentes, explanou-se acerca da situa\u00e7\u00e3o social na Am\u00e9rica Latina e, em particular, sobre como \u00e9 poss\u00edvel aos ortodoxos oferecerem testemunhos de sua f\u00e9 nestas localidades. Em seguida, cada bispo compartilhou com os demais membros da Assembleia as suas experi\u00eancias pastorais, administrativas e espirituais, bem como, sobre os desafios que enfrentam em suas respectivas prov\u00edncias eclesi\u00e1sticas. Depois, os coordenadores das diversas comiss\u00f5es de trabalho apresentaram os respectivos relat\u00f3rios sobre suas atividades, abordando aspectos da experi\u00eancia de cada Igreja nas diversas \u00e1reas de pastoral. Por fim, os Bispos da Assembleia manifestaram esperan\u00e7a de que todos os fi\u00e9is ortodoxos latino-americanos, onde quer que se encontrem, tornem-se exemplos vivos de paz, reconcilia\u00e7\u00e3o e amor, como prova tang\u00edvel de sua f\u00e9 crist\u00e3 ortodoxa. Neste contexto, expressaram sua tristeza, mas tamb\u00e9m a profunda esperan\u00e7a, rezando juntos pelos crist\u00e3os do Oriente M\u00e9dio, por seus filhos espirituais dos Patriarcados de Antioquia e Jerusal\u00e9m, desejando paz e o fim de todas as persegui\u00e7\u00f5es. Decidiu-se que a VI reuni\u00e3o da Assembleia dos Bispos Ortodoxos da Am\u00e9rica Latina, que dever\u00e1 acontecer no pr\u00f3ximo ano de 2015, ter\u00e1 lugar na cidade do M\u00e9xico, a convite de S. Emn.cia Dom Athen\u00e1goras.<\/p>\n","protected":false},"excerpt":{"rendered":"<p>De 13 a 14 de novembro de 2014, na cidade de Lima, capital do Per\u00fa, realizou-se a V Assembleia dos Bispos Ortodoxos da Am\u00e9rica Latina , sob a convoca\u00e7\u00e3o e presid\u00eancia de S. Em.ncia Dom Athen\u00e1goras, Arcebispo Metropolitano do M\u00e9xico.&#8230;<\/p>\n","protected":false},"author":1,"featured_media":7404,"comment_status":"open","ping_status":"open","sticky":false,"template":"","format":"standard","meta":{"_acf_changed":false,"footnotes":""},"categories":[40],"tags":[],"class_list":["post-7403","post","type-post","status-publish","format-standard","has-post-thumbnail","hentry","category-arquidiocese-de-buenos-aires-e-america-do-sul","entry","rows-excerpt"],"acf":[],"yoast_head":"<!-- This site is optimized with the Yoast SEO plugin v27.5 - https:\/\/yoast.com\/product\/yoast-seo-wordpress\/ -->\n<title>V ASSEMBLEIA DOS BISPOS ORTODOXOS DA AM\u00c9RICA LATINA | ECCLESIA NEWS<\/title>\n<meta name=\"robots\" content=\"index, follow, max-snippet:-1, max-image-preview:large, max-video-preview:-1\" \/>\n<link rel=\"canonical\" href=\"https:\/\/news.ecclesia.org.br\/?p=7403\" \/>\n<meta property=\"og:locale\" content=\"pt_BR\" \/>\n<meta property=\"og:type\" content=\"article\" \/>\n<meta property=\"og:title\" content=\"V ASSEMBLEIA DOS BISPOS ORTODOXOS DA AM\u00c9RICA LATINA | ECCLESIA NEWS\" \/>\n<meta property=\"og:description\" content=\"De 13 a 14 de novembro de 2014, na cidade de Lima, capital do Per\u00fa, realizou-se a V Assembleia dos Bispos Ortodoxos da Am\u00e9rica Latina , sob a convoca\u00e7\u00e3o e presid\u00eancia de S. Em.ncia Dom Athen\u00e1goras, Arcebispo Metropolitano do M\u00e9xico.&#8230;\" \/>\n<meta property=\"og:url\" content=\"https:\/\/news.ecclesia.org.br\/?p=7403\" \/>\n<meta property=\"og:site_name\" content=\"ECCLESIA NEWS\" \/>\n<meta property=\"article:publisher\" content=\"https:\/\/www.facebook.com\/Ecclesia2025\" \/>\n<meta property=\"article:published_time\" content=\"2014-11-16T20:25:04+00:00\" \/>\n<meta property=\"article:modified_time\" content=\"2016-03-22T15:22:06+00:00\" \/>\n<meta property=\"og:image\" content=\"https:\/\/news.ecclesia.org.br\/wp-content\/uploads\/2014\/11\/V-assembleia-1.jpg\" \/>\n\t<meta property=\"og:image:width\" content=\"800\" \/>\n\t<meta property=\"og:image:height\" content=\"541\" \/>\n\t<meta property=\"og:image:type\" content=\"image\/jpeg\" \/>\n<meta name=\"author\" content=\"Pe. Andr\u00e9\" \/>\n<meta name=\"twitter:card\" content=\"summary_large_image\" \/>\n<meta name=\"twitter:creator\" content=\"@EcclesiaNews\" \/>\n<meta name=\"twitter:site\" content=\"@EcclesiaNews\" \/>\n<meta name=\"twitter:label1\" content=\"Escrito por\" \/>\n\t<meta name=\"twitter:data1\" content=\"Pe. Andr\u00e9\" \/>\n\t<meta name=\"twitter:label2\" content=\"Est. tempo de leitura\" \/>\n\t<meta name=\"twitter:data2\" content=\"2 minutos\" \/>\n<script type=\"application\/ld+json\" class=\"yoast-schema-graph\">{\"@context\":\"https:\\\/\\\/schema.org\",\"@graph\":[{\"@type\":\"Article\",\"@id\":\"https:\\\/\\\/news.ecclesia.org.br\\\/?p=7403#article\",\"isPartOf\":{\"@id\":\"https:\\\/\\\/news.ecclesia.org.br\\\/?p=7403\"},\"author\":{\"name\":\"Pe. Andr\u00e9\",\"@id\":\"https:\\\/\\\/news.ecclesia.org.br\\\/#\\\/schema\\\/person\\\/6f09597f025829745ba414a569f63758\"},\"headline\":\"V ASSEMBLEIA DOS BISPOS ORTODOXOS DA AM\u00c9RICA LATINA\",\"datePublished\":\"2014-11-16T20:25:04+00:00\",\"dateModified\":\"2016-03-22T15:22:06+00:00\",\"mainEntityOfPage\":{\"@id\":\"https:\\\/\\\/news.ecclesia.org.br\\\/?p=7403\"},\"wordCount\":379,\"commentCount\":0,\"publisher\":{\"@id\":\"https:\\\/\\\/news.ecclesia.org.br\\\/#organization\"},\"image\":{\"@id\":\"https:\\\/\\\/news.ecclesia.org.br\\\/?p=7403#primaryimage\"},\"thumbnailUrl\":\"https:\\\/\\\/news.ecclesia.org.br\\\/wp-content\\\/uploads\\\/2014\\\/11\\\/V-assembleia-1.jpg\",\"articleSection\":[\"Arquidiocese de Buenos Aires e Am\u00e9rica do Sul\"],\"inLanguage\":\"pt-BR\",\"potentialAction\":[{\"@type\":\"CommentAction\",\"name\":\"Comment\",\"target\":[\"https:\\\/\\\/news.ecclesia.org.br\\\/?p=7403#respond\"]}]},{\"@type\":\"WebPage\",\"@id\":\"https:\\\/\\\/news.ecclesia.org.br\\\/?p=7403\",\"url\":\"https:\\\/\\\/news.ecclesia.org.br\\\/?p=7403\",\"name\":\"V ASSEMBLEIA DOS BISPOS ORTODOXOS DA AM\u00c9RICA LATINA | ECCLESIA NEWS\",\"isPartOf\":{\"@id\":\"https:\\\/\\\/news.ecclesia.org.br\\\/#website\"},\"primaryImageOfPage\":{\"@id\":\"https:\\\/\\\/news.ecclesia.org.br\\\/?p=7403#primaryimage\"},\"image\":{\"@id\":\"https:\\\/\\\/news.ecclesia.org.br\\\/?p=7403#primaryimage\"},\"thumbnailUrl\":\"https:\\\/\\\/news.ecclesia.org.br\\\/wp-content\\\/uploads\\\/2014\\\/11\\\/V-assembleia-1.jpg\",\"datePublished\":\"2014-11-16T20:25:04+00:00\",\"dateModified\":\"2016-03-22T15:22:06+00:00\",\"breadcrumb\":{\"@id\":\"https:\\\/\\\/news.ecclesia.org.br\\\/?p=7403#breadcrumb\"},\"inLanguage\":\"pt-BR\",\"potentialAction\":[{\"@type\":\"ReadAction\",\"target\":[\"https:\\\/\\\/news.ecclesia.org.br\\\/?p=7403\"]}]},{\"@type\":\"ImageObject\",\"inLanguage\":\"pt-BR\",\"@id\":\"https:\\\/\\\/news.ecclesia.org.br\\\/?p=7403#primaryimage\",\"url\":\"https:\\\/\\\/news.ecclesia.org.br\\\/wp-content\\\/uploads\\\/2014\\\/11\\\/V-assembleia-1.jpg\",\"contentUrl\":\"https:\\\/\\\/news.ecclesia.org.br\\\/wp-content\\\/uploads\\\/2014\\\/11\\\/V-assembleia-1.jpg\",\"width\":800,\"height\":541},{\"@type\":\"BreadcrumbList\",\"@id\":\"https:\\\/\\\/news.ecclesia.org.br\\\/?p=7403#breadcrumb\",\"itemListElement\":[{\"@type\":\"ListItem\",\"position\":1,\"name\":\"In\u00edcio\",\"item\":\"https:\\\/\\\/news.ecclesia.org.br\\\/\"},{\"@type\":\"ListItem\",\"position\":2,\"name\":\"V ASSEMBLEIA DOS BISPOS ORTODOXOS DA AM\u00c9RICA LATINA\"}]},{\"@type\":\"WebSite\",\"@id\":\"https:\\\/\\\/news.ecclesia.org.br\\\/#website\",\"url\":\"https:\\\/\\\/news.ecclesia.org.br\\\/\",\"name\":\"Ecclesia Brasil\",\"description\":\"Desde 2003 onectando o Brasil ao mundo ortodoxo!\",\"publisher\":{\"@id\":\"https:\\\/\\\/news.ecclesia.org.br\\\/#organization\"},\"alternateName\":\"Ecclesia\",\"potentialAction\":[{\"@type\":\"SearchAction\",\"target\":{\"@type\":\"EntryPoint\",\"urlTemplate\":\"https:\\\/\\\/news.ecclesia.org.br\\\/?s={search_term_string}\"},\"query-input\":{\"@type\":\"PropertyValueSpecification\",\"valueRequired\":true,\"valueName\":\"search_term_string\"}}],\"inLanguage\":\"pt-BR\"},{\"@type\":\"Organization\",\"@id\":\"https:\\\/\\\/news.ecclesia.org.br\\\/#organization\",\"name\":\"Sacra Arquidiocese de Buenos Aires e Am\u00e9rica do Sul | Patriarcado Ecum\u00eanico\",\"alternateName\":\"News Ecclesia Brasil\",\"url\":\"https:\\\/\\\/news.ecclesia.org.br\\\/\",\"logo\":{\"@type\":\"ImageObject\",\"inLanguage\":\"pt-BR\",\"@id\":\"https:\\\/\\\/news.ecclesia.org.br\\\/#\\\/schema\\\/logo\\\/image\\\/\",\"url\":\"https:\\\/\\\/news.ecclesia.org.br\\\/wp-content\\\/uploads\\\/2025\\\/05\\\/ecclesia2.png\",\"contentUrl\":\"https:\\\/\\\/news.ecclesia.org.br\\\/wp-content\\\/uploads\\\/2025\\\/05\\\/ecclesia2.png\",\"width\":480,\"height\":120,\"caption\":\"Sacra Arquidiocese de Buenos Aires e Am\u00e9rica do Sul | Patriarcado Ecum\u00eanico\"},\"image\":{\"@id\":\"https:\\\/\\\/news.ecclesia.org.br\\\/#\\\/schema\\\/logo\\\/image\\\/\"},\"sameAs\":[\"https:\\\/\\\/www.facebook.com\\\/Ecclesia2025\",\"https:\\\/\\\/x.com\\\/EcclesiaNews\",\"https:\\\/\\\/br.pinterest.com\\\/ekklisia\\\/\",\"https:\\\/\\\/www.youtube.com\\\/@EcclesiaBrasil\"]},{\"@type\":\"Person\",\"@id\":\"https:\\\/\\\/news.ecclesia.org.br\\\/#\\\/schema\\\/person\\\/6f09597f025829745ba414a569f63758\",\"name\":\"Pe. Andr\u00e9\",\"image\":{\"@type\":\"ImageObject\",\"inLanguage\":\"pt-BR\",\"@id\":\"https:\\\/\\\/secure.gravatar.com\\\/avatar\\\/b4327cfa27e9799da239a26adcd534fc29cdc0c4a4a148eecbcfeb9b42c617ac?s=96&d=mm&r=g\",\"url\":\"https:\\\/\\\/secure.gravatar.com\\\/avatar\\\/b4327cfa27e9799da239a26adcd534fc29cdc0c4a4a148eecbcfeb9b42c617ac?s=96&d=mm&r=g\",\"contentUrl\":\"https:\\\/\\\/secure.gravatar.com\\\/avatar\\\/b4327cfa27e9799da239a26adcd534fc29cdc0c4a4a148eecbcfeb9b42c617ac?s=96&d=mm&r=g\",\"caption\":\"Pe. Andr\u00e9\"},\"sameAs\":[\"https:\\\/\\\/www.ecclesia.org.br\"]}]}<\/script>\n<!-- \/ Yoast SEO plugin. -->","yoast_head_json":{"title":"V ASSEMBLEIA DOS BISPOS ORTODOXOS DA AM\u00c9RICA LATINA | ECCLESIA NEWS","robots":{"index":"index","follow":"follow","max-snippet":"max-snippet:-1","max-image-preview":"max-image-preview:large","max-video-preview":"max-video-preview:-1"},"canonical":"https:\/\/news.ecclesia.org.br\/?p=7403","og_locale":"pt_BR","og_type":"article","og_title":"V ASSEMBLEIA DOS BISPOS ORTODOXOS DA AM\u00c9RICA LATINA | ECCLESIA NEWS","og_description":"De 13 a 14 de novembro de 2014, na cidade de Lima, capital do Per\u00fa, realizou-se a V Assembleia dos Bispos Ortodoxos da Am\u00e9rica Latina , sob a convoca\u00e7\u00e3o e presid\u00eancia de S. Em.ncia Dom Athen\u00e1goras, Arcebispo Metropolitano do M\u00e9xico.&#8230;","og_url":"https:\/\/news.ecclesia.org.br\/?p=7403","og_site_name":"ECCLESIA NEWS","article_publisher":"https:\/\/www.facebook.com\/Ecclesia2025","article_published_time":"2014-11-16T20:25:04+00:00","article_modified_time":"2016-03-22T15:22:06+00:00","og_image":[{"width":800,"height":541,"url":"https:\/\/news.ecclesia.org.br\/wp-content\/uploads\/2014\/11\/V-assembleia-1.jpg","type":"image\/jpeg"}],"author":"Pe. Andr\u00e9","twitter_card":"summary_large_image","twitter_creator":"@EcclesiaNews","twitter_site":"@EcclesiaNews","twitter_misc":{"Escrito por":"Pe. Andr\u00e9","Est. tempo de leitura":"2 minutos"},"schema":{"@context":"https:\/\/schema.org","@graph":[{"@type":"Article","@id":"https:\/\/news.ecclesia.org.br\/?p=7403#article","isPartOf":{"@id":"https:\/\/news.ecclesia.org.br\/?p=7403"},"author":{"name":"Pe. Andr\u00e9","@id":"https:\/\/news.ecclesia.org.br\/#\/schema\/person\/6f09597f025829745ba414a569f63758"},"headline":"V ASSEMBLEIA DOS BISPOS ORTODOXOS DA AM\u00c9RICA LATINA","datePublished":"2014-11-16T20:25:04+00:00","dateModified":"2016-03-22T15:22:06+00:00","mainEntityOfPage":{"@id":"https:\/\/news.ecclesia.org.br\/?p=7403"},"wordCount":379,"commentCount":0,"publisher":{"@id":"https:\/\/news.ecclesia.org.br\/#organization"},"image":{"@id":"https:\/\/news.ecclesia.org.br\/?p=7403#primaryimage"},"thumbnailUrl":"https:\/\/news.ecclesia.org.br\/wp-content\/uploads\/2014\/11\/V-assembleia-1.jpg","articleSection":["Arquidiocese de Buenos Aires e Am\u00e9rica do Sul"],"inLanguage":"pt-BR","potentialAction":[{"@type":"CommentAction","name":"Comment","target":["https:\/\/news.ecclesia.org.br\/?p=7403#respond"]}]},{"@type":"WebPage","@id":"https:\/\/news.ecclesia.org.br\/?p=7403","url":"https:\/\/news.ecclesia.org.br\/?p=7403","name":"V ASSEMBLEIA DOS BISPOS ORTODOXOS DA AM\u00c9RICA LATINA | ECCLESIA NEWS","isPartOf":{"@id":"https:\/\/news.ecclesia.org.br\/#website"},"primaryImageOfPage":{"@id":"https:\/\/news.ecclesia.org.br\/?p=7403#primaryimage"},"image":{"@id":"https:\/\/news.ecclesia.org.br\/?p=7403#primaryimage"},"thumbnailUrl":"https:\/\/news.ecclesia.org.br\/wp-content\/uploads\/2014\/11\/V-assembleia-1.jpg","datePublished":"2014-11-16T20:25:04+00:00","dateModified":"2016-03-22T15:22:06+00:00","breadcrumb":{"@id":"https:\/\/news.ecclesia.org.br\/?p=7403#breadcrumb"},"inLanguage":"pt-BR","potentialAction":[{"@type":"ReadAction","target":["https:\/\/news.ecclesia.org.br\/?p=7403"]}]},{"@type":"ImageObject","inLanguage":"pt-BR","@id":"https:\/\/news.ecclesia.org.br\/?p=7403#primaryimage","url":"https:\/\/news.ecclesia.org.br\/wp-content\/uploads\/2014\/11\/V-assembleia-1.jpg","contentUrl":"https:\/\/news.ecclesia.org.br\/wp-content\/uploads\/2014\/11\/V-assembleia-1.jpg","width":800,"height":541},{"@type":"BreadcrumbList","@id":"https:\/\/news.ecclesia.org.br\/?p=7403#breadcrumb","itemListElement":[{"@type":"ListItem","position":1,"name":"In\u00edcio","item":"https:\/\/news.ecclesia.org.br\/"},{"@type":"ListItem","position":2,"name":"V ASSEMBLEIA DOS BISPOS ORTODOXOS DA AM\u00c9RICA LATINA"}]},{"@type":"WebSite","@id":"https:\/\/news.ecclesia.org.br\/#website","url":"https:\/\/news.ecclesia.org.br\/","name":"Ecclesia Brasil","description":"Desde 2003 onectando o Brasil ao mundo ortodoxo!","publisher":{"@id":"https:\/\/news.ecclesia.org.br\/#organization"},"alternateName":"Ecclesia","potentialAction":[{"@type":"SearchAction","target":{"@type":"EntryPoint","urlTemplate":"https:\/\/news.ecclesia.org.br\/?s={search_term_string}"},"query-input":{"@type":"PropertyValueSpecification","valueRequired":true,"valueName":"search_term_string"}}],"inLanguage":"pt-BR"},{"@type":"Organization","@id":"https:\/\/news.ecclesia.org.br\/#organization","name":"Sacra Arquidiocese de Buenos Aires e Am\u00e9rica do Sul | Patriarcado Ecum\u00eanico","alternateName":"News Ecclesia Brasil","url":"https:\/\/news.ecclesia.org.br\/","logo":{"@type":"ImageObject","inLanguage":"pt-BR","@id":"https:\/\/news.ecclesia.org.br\/#\/schema\/logo\/image\/","url":"https:\/\/news.ecclesia.org.br\/wp-content\/uploads\/2025\/05\/ecclesia2.png","contentUrl":"https:\/\/news.ecclesia.org.br\/wp-content\/uploads\/2025\/05\/ecclesia2.png","width":480,"height":120,"caption":"Sacra Arquidiocese de Buenos Aires e Am\u00e9rica do Sul | Patriarcado Ecum\u00eanico"},"image":{"@id":"https:\/\/news.ecclesia.org.br\/#\/schema\/logo\/image\/"},"sameAs":["https:\/\/www.facebook.com\/Ecclesia2025","https:\/\/x.com\/EcclesiaNews","https:\/\/br.pinterest.com\/ekklisia\/","https:\/\/www.youtube.com\/@EcclesiaBrasil"]},{"@type":"Person","@id":"https:\/\/news.ecclesia.org.br\/#\/schema\/person\/6f09597f025829745ba414a569f63758","name":"Pe. Andr\u00e9","image":{"@type":"ImageObject","inLanguage":"pt-BR","@id":"https:\/\/secure.gravatar.com\/avatar\/b4327cfa27e9799da239a26adcd534fc29cdc0c4a4a148eecbcfeb9b42c617ac?s=96&d=mm&r=g","url":"https:\/\/secure.gravatar.com\/avatar\/b4327cfa27e9799da239a26adcd534fc29cdc0c4a4a148eecbcfeb9b42c617ac?s=96&d=mm&r=g","contentUrl":"https:\/\/secure.gravatar.com\/avatar\/b4327cfa27e9799da239a26adcd534fc29cdc0c4a4a148eecbcfeb9b42c617ac?s=96&d=mm&r=g","caption":"Pe. Andr\u00e9"},"sameAs":["https:\/\/www.ecclesia.org.br"]}]}},"_links":{"self":[{"href":"https:\/\/news.ecclesia.org.br\/index.php?rest_route=\/wp\/v2\/posts\/7403","targetHints":{"allow":["GET"]}}],"collection":[{"href":"https:\/\/news.ecclesia.org.br\/index.php?rest_route=\/wp\/v2\/posts"}],"about":[{"href":"https:\/\/news.ecclesia.org.br\/index.php?rest_route=\/wp\/v2\/types\/post"}],"author":[{"embeddable":true,"href":"https:\/\/news.ecclesia.org.br\/index.php?rest_route=\/wp\/v2\/users\/1"}],"replies":[{"embeddable":true,"href":"https:\/\/news.ecclesia.org.br\/index.php?rest_route=%2Fwp%2Fv2%2Fcomments&post=7403"}],"version-history":[{"count":0,"href":"https:\/\/news.ecclesia.org.br\/index.php?rest_route=\/wp\/v2\/posts\/7403\/revisions"}],"wp:featuredmedia":[{"embeddable":true,"href":"https:\/\/news.ecclesia.org.br\/index.php?rest_route=\/wp\/v2\/media\/7404"}],"wp:attachment":[{"href":"https:\/\/news.ecclesia.org.br\/index.php?rest_route=%2Fwp%2Fv2%2Fmedia&parent=7403"}],"wp:term":[{"taxonomy":"category","embeddable":true,"href":"https:\/\/news.ecclesia.org.br\/index.php?rest_route=%2Fwp%2Fv2%2Fcategories&post=7403"},{"taxonomy":"post_tag","embeddable":true,"href":"https:\/\/news.ecclesia.org.br\/index.php?rest_route=%2Fwp%2Fv2%2Ftags&post=7403"}],"curies":[{"name":"wp","href":"https:\/\/api.w.org\/{rel}","templated":true}]}}