{"id":7343,"date":"2014-10-22T02:27:06","date_gmt":"2014-10-22T02:27:06","guid":{"rendered":"http:\/\/www.ecclesia.com.br\/news\/2013\/?p=7343"},"modified":"2016-03-22T17:01:55","modified_gmt":"2016-03-22T17:01:55","slug":"publicado-programa-oficial-da-viagem-do-papa-a-turquia","status":"publish","type":"post","link":"https:\/\/news.ecclesia.org.br\/?p=7343","title":{"rendered":"PUBLICADO PROGRAMA OFICIAL DA VIAGEM DO PAPA \u00c0 TURQUIA"},"content":{"rendered":"<p style=\"text-align: justify;\"><b><a href=\"https:\/\/news.ecclesia.org.br\/2013\/wp-content\/uploads\/2014\/10\/francisco-bartolomeu-1.jpg\" rel=\"attachment wp-att-7344\"><img fetchpriority=\"high\" decoding=\"async\" class=\"alignleft size-medium wp-image-7344\" src=\"https:\/\/news.ecclesia.org.br\/2013\/wp-content\/uploads\/2014\/10\/francisco-bartolomeu-1-300x200.jpg\" alt=\"francisco-bartolomeu\" width=\"300\" height=\"200\" srcset=\"https:\/\/news.ecclesia.org.br\/wp-content\/uploads\/2014\/10\/francisco-bartolomeu-1-300x200.jpg 300w, https:\/\/news.ecclesia.org.br\/wp-content\/uploads\/2014\/10\/francisco-bartolomeu-1-768x512.jpg 768w, https:\/\/news.ecclesia.org.br\/wp-content\/uploads\/2014\/10\/francisco-bartolomeu-1-83x55.jpg 83w, https:\/\/news.ecclesia.org.br\/wp-content\/uploads\/2014\/10\/francisco-bartolomeu-1-60x40.jpg 60w, https:\/\/news.ecclesia.org.br\/wp-content\/uploads\/2014\/10\/francisco-bartolomeu-1-120x80.jpg 120w, https:\/\/news.ecclesia.org.br\/wp-content\/uploads\/2014\/10\/francisco-bartolomeu-1.jpg 885w\" sizes=\"(max-width: 300px) 100vw, 300px\" \/><\/a>Ancara e Istambul, duas etapas da visita do Papa de 28 a 30 de novembro, a convite do presidente Erdo\u011fan e do Patriarca Bartolomeu<\/b><\/p>\n<p style=\"text-align: justify;\">ROMA, 21 de Outubro de 2014 (<a href=\"www.zenit.org\">Zenit.org<\/a>) &#8211; Publicado hoje pela Sala de Imprensa da Santa S\u00e9 de Roma o programa oficial da viagem que o Papa Francisco far\u00e1 \u00e0 Turquia de 28 a 30 novembro, a convite do Presidente da Rep\u00fablica, de Sua Santidade Bartolomeu I e do Presidente da Confer\u00eancia Episcopal da Turquia.<\/p>\n<p style=\"text-align: justify;\">Durante a viagem, o Pont\u00edfice viajar\u00e1 para Ancara e Istambul. A partida est\u00e1 prevista para sexta-feira (28), \u00e0s 9 horas (hora local), do Aeroporto Fiumicino de Roma, e o desembarque \u00e0s 13:00 no aeroporto Esembo\u011fa de Ancara. Ali acontecer\u00e1 a cerim\u00f4nia oficial de boas-vindas.<\/p>\n<p style=\"text-align: justify;\">O Papa visitar\u00e1 o Mausol\u00e9u de Atat\u00fcrk e depois vai para o Pal\u00e1cio Presidencial, onde, ap\u00f3s a cerim\u00f4nia de boas-vindas, ter\u00e1 um encontro com o Presidente da Rep\u00fablica, Recep Tayyip Erdogan, e outras autoridades. O primeiro dia encerrar\u00e1 com uma audi\u00eancia com o primeiro-ministro, Ahmet Davutoglu, e visita ao Presidente para Assuntos Religiosos, Mehmet G\u00f6rmez.<\/p>\n<p style=\"text-align: justify;\"><b>S\u00e1bado, 29 de novembro, \u00e0s 9:30<\/b>, o Papa Bergoglio partir\u00e1 de avi\u00e3o do aeroporto de Esembo\u011fa de Ancara para Istambul. A chegada est\u00e1 prevista para as 10:30h., com desembarque no Aeroporto Internacional de Atat\u00fcrk. Em seguida, visitar\u00e1 o Museu de (antiga Igreja) Santa Sofia e, depois, a Mesquita do Sult\u00e3o Ahmet.<\/p>\n<p style=\"text-align: justify;\">Na catedral cat\u00f3lica do Esp\u00edrito Santo, o Papa celebrar\u00e1 a Santa Missa, enquanto na Igreja Patriarcal de S\u00e3o Jorge haver\u00e1 uma ora\u00e7\u00e3o ecum\u00eanica. Francisco encontrar\u00e1 Bartolomeu em privado no Pal\u00e1cio Patriarcal.<\/p>\n<p style=\"text-align: justify;\"><b>O \u00faltimo dia da viagem, domingo (30),<\/b> come\u00e7a com missa celebrada pelo Santo Padre na Delega\u00e7\u00e3o Apost\u00f3lica. O pr\u00f3ximo compromisso ser\u00e1 uma <b>Divina Liturgia na Igreja Patriarcal de S\u00e3o Jorge, seguido pela ben\u00e7\u00e3o ecum\u00eanica e a assinatura da Declara\u00e7\u00e3o Conjunta. O Papa, ent\u00e3o, retornar\u00e1 ao Patriarcado Ecum\u00eanico para almo\u00e7ar com Bartolomeu<\/b>.<\/p>\n<p style=\"text-align: justify;\">\u00c0s 16:45 acontecer\u00e1 a despedida no aeroporto de Atat\u00fcrk e, \u00e0s 17:00, a partida. A chegada ao aeroporto de Roma Ciampino est\u00e1 prevista para as 18:40.<\/p>\n","protected":false},"excerpt":{"rendered":"<p>Ancara e Istambul, duas etapas da visita do Papa de 28 a 30 de novembro, a convite do presidente Erdo\u011fan e do Patriarca Bartolomeu ROMA, 21 de Outubro de 2014 (Zenit.org) &#8211; Publicado hoje pela Sala de Imprensa da Santa&#8230;<\/p>\n","protected":false},"author":1,"featured_media":7344,"comment_status":"open","ping_status":"open","sticky":false,"template":"","format":"standard","meta":{"_acf_changed":false,"footnotes":""},"categories":[3,72],"tags":[],"class_list":["post-7343","post","type-post","status-publish","format-standard","has-post-thumbnail","hentry","category-mundo","category-patriarcado-ecumenico","entry","rows-excerpt"],"acf":[],"yoast_head":"<!-- This site is optimized with the Yoast SEO plugin v27.4 - https:\/\/yoast.com\/product\/yoast-seo-wordpress\/ -->\n<title>PUBLICADO PROGRAMA OFICIAL DA VIAGEM DO PAPA \u00c0 TURQUIA | ECCLESIA NEWS<\/title>\n<meta name=\"robots\" content=\"index, follow, max-snippet:-1, max-image-preview:large, max-video-preview:-1\" \/>\n<link rel=\"canonical\" href=\"https:\/\/news.ecclesia.org.br\/?p=7343\" \/>\n<meta property=\"og:locale\" content=\"pt_BR\" \/>\n<meta property=\"og:type\" content=\"article\" \/>\n<meta property=\"og:title\" content=\"PUBLICADO PROGRAMA OFICIAL DA VIAGEM DO PAPA \u00c0 TURQUIA | ECCLESIA NEWS\" \/>\n<meta property=\"og:description\" content=\"Ancara e Istambul, duas etapas da visita do Papa de 28 a 30 de novembro, a convite do presidente Erdo\u011fan e do Patriarca Bartolomeu ROMA, 21 de Outubro de 2014 (Zenit.org) &#8211; Publicado hoje pela Sala de Imprensa da Santa&#8230;\" \/>\n<meta property=\"og:url\" content=\"https:\/\/news.ecclesia.org.br\/?p=7343\" \/>\n<meta property=\"og:site_name\" content=\"ECCLESIA NEWS\" \/>\n<meta property=\"article:publisher\" content=\"https:\/\/www.facebook.com\/Ecclesia2025\" \/>\n<meta property=\"article:published_time\" content=\"2014-10-22T02:27:06+00:00\" \/>\n<meta property=\"article:modified_time\" content=\"2016-03-22T17:01:55+00:00\" \/>\n<meta property=\"og:image\" content=\"https:\/\/news.ecclesia.org.br\/wp-content\/uploads\/2014\/10\/francisco-bartolomeu-1.jpg\" \/>\n\t<meta property=\"og:image:width\" content=\"885\" \/>\n\t<meta property=\"og:image:height\" content=\"590\" \/>\n\t<meta property=\"og:image:type\" content=\"image\/jpeg\" \/>\n<meta name=\"author\" content=\"Pe. Andr\u00e9\" \/>\n<meta name=\"twitter:card\" content=\"summary_large_image\" \/>\n<meta name=\"twitter:creator\" content=\"@EcclesiaNews\" \/>\n<meta name=\"twitter:site\" content=\"@EcclesiaNews\" \/>\n<meta name=\"twitter:label1\" content=\"Escrito por\" \/>\n\t<meta name=\"twitter:data1\" content=\"Pe. Andr\u00e9\" \/>\n\t<meta name=\"twitter:label2\" content=\"Est. tempo de leitura\" \/>\n\t<meta name=\"twitter:data2\" content=\"2 minutos\" \/>\n<script type=\"application\/ld+json\" class=\"yoast-schema-graph\">{\"@context\":\"https:\\\/\\\/schema.org\",\"@graph\":[{\"@type\":\"Article\",\"@id\":\"https:\\\/\\\/news.ecclesia.org.br\\\/?p=7343#article\",\"isPartOf\":{\"@id\":\"https:\\\/\\\/news.ecclesia.org.br\\\/?p=7343\"},\"author\":{\"name\":\"Pe. Andr\u00e9\",\"@id\":\"https:\\\/\\\/news.ecclesia.org.br\\\/#\\\/schema\\\/person\\\/6f09597f025829745ba414a569f63758\"},\"headline\":\"PUBLICADO PROGRAMA OFICIAL DA VIAGEM DO PAPA \u00c0 TURQUIA\",\"datePublished\":\"2014-10-22T02:27:06+00:00\",\"dateModified\":\"2016-03-22T17:01:55+00:00\",\"mainEntityOfPage\":{\"@id\":\"https:\\\/\\\/news.ecclesia.org.br\\\/?p=7343\"},\"wordCount\":367,\"commentCount\":0,\"publisher\":{\"@id\":\"https:\\\/\\\/news.ecclesia.org.br\\\/#organization\"},\"image\":{\"@id\":\"https:\\\/\\\/news.ecclesia.org.br\\\/?p=7343#primaryimage\"},\"thumbnailUrl\":\"https:\\\/\\\/news.ecclesia.org.br\\\/wp-content\\\/uploads\\\/2014\\\/10\\\/francisco-bartolomeu-1.jpg\",\"articleSection\":[\"Mundo Ortodoxo\",\"Patriarcado Ecum\u00eanico\"],\"inLanguage\":\"pt-BR\",\"potentialAction\":[{\"@type\":\"CommentAction\",\"name\":\"Comment\",\"target\":[\"https:\\\/\\\/news.ecclesia.org.br\\\/?p=7343#respond\"]}]},{\"@type\":\"WebPage\",\"@id\":\"https:\\\/\\\/news.ecclesia.org.br\\\/?p=7343\",\"url\":\"https:\\\/\\\/news.ecclesia.org.br\\\/?p=7343\",\"name\":\"PUBLICADO PROGRAMA OFICIAL DA VIAGEM DO PAPA \u00c0 TURQUIA | ECCLESIA NEWS\",\"isPartOf\":{\"@id\":\"https:\\\/\\\/news.ecclesia.org.br\\\/#website\"},\"primaryImageOfPage\":{\"@id\":\"https:\\\/\\\/news.ecclesia.org.br\\\/?p=7343#primaryimage\"},\"image\":{\"@id\":\"https:\\\/\\\/news.ecclesia.org.br\\\/?p=7343#primaryimage\"},\"thumbnailUrl\":\"https:\\\/\\\/news.ecclesia.org.br\\\/wp-content\\\/uploads\\\/2014\\\/10\\\/francisco-bartolomeu-1.jpg\",\"datePublished\":\"2014-10-22T02:27:06+00:00\",\"dateModified\":\"2016-03-22T17:01:55+00:00\",\"breadcrumb\":{\"@id\":\"https:\\\/\\\/news.ecclesia.org.br\\\/?p=7343#breadcrumb\"},\"inLanguage\":\"pt-BR\",\"potentialAction\":[{\"@type\":\"ReadAction\",\"target\":[\"https:\\\/\\\/news.ecclesia.org.br\\\/?p=7343\"]}]},{\"@type\":\"ImageObject\",\"inLanguage\":\"pt-BR\",\"@id\":\"https:\\\/\\\/news.ecclesia.org.br\\\/?p=7343#primaryimage\",\"url\":\"https:\\\/\\\/news.ecclesia.org.br\\\/wp-content\\\/uploads\\\/2014\\\/10\\\/francisco-bartolomeu-1.jpg\",\"contentUrl\":\"https:\\\/\\\/news.ecclesia.org.br\\\/wp-content\\\/uploads\\\/2014\\\/10\\\/francisco-bartolomeu-1.jpg\",\"width\":885,\"height\":590},{\"@type\":\"BreadcrumbList\",\"@id\":\"https:\\\/\\\/news.ecclesia.org.br\\\/?p=7343#breadcrumb\",\"itemListElement\":[{\"@type\":\"ListItem\",\"position\":1,\"name\":\"In\u00edcio\",\"item\":\"https:\\\/\\\/news.ecclesia.org.br\\\/\"},{\"@type\":\"ListItem\",\"position\":2,\"name\":\"PUBLICADO PROGRAMA OFICIAL DA VIAGEM DO PAPA \u00c0 TURQUIA\"}]},{\"@type\":\"WebSite\",\"@id\":\"https:\\\/\\\/news.ecclesia.org.br\\\/#website\",\"url\":\"https:\\\/\\\/news.ecclesia.org.br\\\/\",\"name\":\"Ecclesia Brasil\",\"description\":\"Desde 2003 onectando o Brasil ao mundo ortodoxo!\",\"publisher\":{\"@id\":\"https:\\\/\\\/news.ecclesia.org.br\\\/#organization\"},\"alternateName\":\"Ecclesia\",\"potentialAction\":[{\"@type\":\"SearchAction\",\"target\":{\"@type\":\"EntryPoint\",\"urlTemplate\":\"https:\\\/\\\/news.ecclesia.org.br\\\/?s={search_term_string}\"},\"query-input\":{\"@type\":\"PropertyValueSpecification\",\"valueRequired\":true,\"valueName\":\"search_term_string\"}}],\"inLanguage\":\"pt-BR\"},{\"@type\":\"Organization\",\"@id\":\"https:\\\/\\\/news.ecclesia.org.br\\\/#organization\",\"name\":\"Sacra Arquidiocese de Buenos Aires e Am\u00e9rica do Sul | Patriarcado Ecum\u00eanico\",\"alternateName\":\"News Ecclesia Brasil\",\"url\":\"https:\\\/\\\/news.ecclesia.org.br\\\/\",\"logo\":{\"@type\":\"ImageObject\",\"inLanguage\":\"pt-BR\",\"@id\":\"https:\\\/\\\/news.ecclesia.org.br\\\/#\\\/schema\\\/logo\\\/image\\\/\",\"url\":\"https:\\\/\\\/news.ecclesia.org.br\\\/wp-content\\\/uploads\\\/2025\\\/05\\\/ecclesia2.png\",\"contentUrl\":\"https:\\\/\\\/news.ecclesia.org.br\\\/wp-content\\\/uploads\\\/2025\\\/05\\\/ecclesia2.png\",\"width\":480,\"height\":120,\"caption\":\"Sacra Arquidiocese de Buenos Aires e Am\u00e9rica do Sul | Patriarcado Ecum\u00eanico\"},\"image\":{\"@id\":\"https:\\\/\\\/news.ecclesia.org.br\\\/#\\\/schema\\\/logo\\\/image\\\/\"},\"sameAs\":[\"https:\\\/\\\/www.facebook.com\\\/Ecclesia2025\",\"https:\\\/\\\/x.com\\\/EcclesiaNews\",\"https:\\\/\\\/br.pinterest.com\\\/ekklisia\\\/\",\"https:\\\/\\\/www.youtube.com\\\/@EcclesiaBrasil\"]},{\"@type\":\"Person\",\"@id\":\"https:\\\/\\\/news.ecclesia.org.br\\\/#\\\/schema\\\/person\\\/6f09597f025829745ba414a569f63758\",\"name\":\"Pe. Andr\u00e9\",\"image\":{\"@type\":\"ImageObject\",\"inLanguage\":\"pt-BR\",\"@id\":\"https:\\\/\\\/secure.gravatar.com\\\/avatar\\\/b4327cfa27e9799da239a26adcd534fc29cdc0c4a4a148eecbcfeb9b42c617ac?s=96&d=mm&r=g\",\"url\":\"https:\\\/\\\/secure.gravatar.com\\\/avatar\\\/b4327cfa27e9799da239a26adcd534fc29cdc0c4a4a148eecbcfeb9b42c617ac?s=96&d=mm&r=g\",\"contentUrl\":\"https:\\\/\\\/secure.gravatar.com\\\/avatar\\\/b4327cfa27e9799da239a26adcd534fc29cdc0c4a4a148eecbcfeb9b42c617ac?s=96&d=mm&r=g\",\"caption\":\"Pe. Andr\u00e9\"},\"sameAs\":[\"https:\\\/\\\/www.ecclesia.org.br\"]}]}<\/script>\n<!-- \/ Yoast SEO plugin. -->","yoast_head_json":{"title":"PUBLICADO PROGRAMA OFICIAL DA VIAGEM DO PAPA \u00c0 TURQUIA | ECCLESIA NEWS","robots":{"index":"index","follow":"follow","max-snippet":"max-snippet:-1","max-image-preview":"max-image-preview:large","max-video-preview":"max-video-preview:-1"},"canonical":"https:\/\/news.ecclesia.org.br\/?p=7343","og_locale":"pt_BR","og_type":"article","og_title":"PUBLICADO PROGRAMA OFICIAL DA VIAGEM DO PAPA \u00c0 TURQUIA | ECCLESIA NEWS","og_description":"Ancara e Istambul, duas etapas da visita do Papa de 28 a 30 de novembro, a convite do presidente Erdo\u011fan e do Patriarca Bartolomeu ROMA, 21 de Outubro de 2014 (Zenit.org) &#8211; Publicado hoje pela Sala de Imprensa da Santa&#8230;","og_url":"https:\/\/news.ecclesia.org.br\/?p=7343","og_site_name":"ECCLESIA NEWS","article_publisher":"https:\/\/www.facebook.com\/Ecclesia2025","article_published_time":"2014-10-22T02:27:06+00:00","article_modified_time":"2016-03-22T17:01:55+00:00","og_image":[{"width":885,"height":590,"url":"https:\/\/news.ecclesia.org.br\/wp-content\/uploads\/2014\/10\/francisco-bartolomeu-1.jpg","type":"image\/jpeg"}],"author":"Pe. Andr\u00e9","twitter_card":"summary_large_image","twitter_creator":"@EcclesiaNews","twitter_site":"@EcclesiaNews","twitter_misc":{"Escrito por":"Pe. Andr\u00e9","Est. tempo de leitura":"2 minutos"},"schema":{"@context":"https:\/\/schema.org","@graph":[{"@type":"Article","@id":"https:\/\/news.ecclesia.org.br\/?p=7343#article","isPartOf":{"@id":"https:\/\/news.ecclesia.org.br\/?p=7343"},"author":{"name":"Pe. Andr\u00e9","@id":"https:\/\/news.ecclesia.org.br\/#\/schema\/person\/6f09597f025829745ba414a569f63758"},"headline":"PUBLICADO PROGRAMA OFICIAL DA VIAGEM DO PAPA \u00c0 TURQUIA","datePublished":"2014-10-22T02:27:06+00:00","dateModified":"2016-03-22T17:01:55+00:00","mainEntityOfPage":{"@id":"https:\/\/news.ecclesia.org.br\/?p=7343"},"wordCount":367,"commentCount":0,"publisher":{"@id":"https:\/\/news.ecclesia.org.br\/#organization"},"image":{"@id":"https:\/\/news.ecclesia.org.br\/?p=7343#primaryimage"},"thumbnailUrl":"https:\/\/news.ecclesia.org.br\/wp-content\/uploads\/2014\/10\/francisco-bartolomeu-1.jpg","articleSection":["Mundo Ortodoxo","Patriarcado Ecum\u00eanico"],"inLanguage":"pt-BR","potentialAction":[{"@type":"CommentAction","name":"Comment","target":["https:\/\/news.ecclesia.org.br\/?p=7343#respond"]}]},{"@type":"WebPage","@id":"https:\/\/news.ecclesia.org.br\/?p=7343","url":"https:\/\/news.ecclesia.org.br\/?p=7343","name":"PUBLICADO PROGRAMA OFICIAL DA VIAGEM DO PAPA \u00c0 TURQUIA | ECCLESIA NEWS","isPartOf":{"@id":"https:\/\/news.ecclesia.org.br\/#website"},"primaryImageOfPage":{"@id":"https:\/\/news.ecclesia.org.br\/?p=7343#primaryimage"},"image":{"@id":"https:\/\/news.ecclesia.org.br\/?p=7343#primaryimage"},"thumbnailUrl":"https:\/\/news.ecclesia.org.br\/wp-content\/uploads\/2014\/10\/francisco-bartolomeu-1.jpg","datePublished":"2014-10-22T02:27:06+00:00","dateModified":"2016-03-22T17:01:55+00:00","breadcrumb":{"@id":"https:\/\/news.ecclesia.org.br\/?p=7343#breadcrumb"},"inLanguage":"pt-BR","potentialAction":[{"@type":"ReadAction","target":["https:\/\/news.ecclesia.org.br\/?p=7343"]}]},{"@type":"ImageObject","inLanguage":"pt-BR","@id":"https:\/\/news.ecclesia.org.br\/?p=7343#primaryimage","url":"https:\/\/news.ecclesia.org.br\/wp-content\/uploads\/2014\/10\/francisco-bartolomeu-1.jpg","contentUrl":"https:\/\/news.ecclesia.org.br\/wp-content\/uploads\/2014\/10\/francisco-bartolomeu-1.jpg","width":885,"height":590},{"@type":"BreadcrumbList","@id":"https:\/\/news.ecclesia.org.br\/?p=7343#breadcrumb","itemListElement":[{"@type":"ListItem","position":1,"name":"In\u00edcio","item":"https:\/\/news.ecclesia.org.br\/"},{"@type":"ListItem","position":2,"name":"PUBLICADO PROGRAMA OFICIAL DA VIAGEM DO PAPA \u00c0 TURQUIA"}]},{"@type":"WebSite","@id":"https:\/\/news.ecclesia.org.br\/#website","url":"https:\/\/news.ecclesia.org.br\/","name":"Ecclesia Brasil","description":"Desde 2003 onectando o Brasil ao mundo ortodoxo!","publisher":{"@id":"https:\/\/news.ecclesia.org.br\/#organization"},"alternateName":"Ecclesia","potentialAction":[{"@type":"SearchAction","target":{"@type":"EntryPoint","urlTemplate":"https:\/\/news.ecclesia.org.br\/?s={search_term_string}"},"query-input":{"@type":"PropertyValueSpecification","valueRequired":true,"valueName":"search_term_string"}}],"inLanguage":"pt-BR"},{"@type":"Organization","@id":"https:\/\/news.ecclesia.org.br\/#organization","name":"Sacra Arquidiocese de Buenos Aires e Am\u00e9rica do Sul | Patriarcado Ecum\u00eanico","alternateName":"News Ecclesia Brasil","url":"https:\/\/news.ecclesia.org.br\/","logo":{"@type":"ImageObject","inLanguage":"pt-BR","@id":"https:\/\/news.ecclesia.org.br\/#\/schema\/logo\/image\/","url":"https:\/\/news.ecclesia.org.br\/wp-content\/uploads\/2025\/05\/ecclesia2.png","contentUrl":"https:\/\/news.ecclesia.org.br\/wp-content\/uploads\/2025\/05\/ecclesia2.png","width":480,"height":120,"caption":"Sacra Arquidiocese de Buenos Aires e Am\u00e9rica do Sul | Patriarcado Ecum\u00eanico"},"image":{"@id":"https:\/\/news.ecclesia.org.br\/#\/schema\/logo\/image\/"},"sameAs":["https:\/\/www.facebook.com\/Ecclesia2025","https:\/\/x.com\/EcclesiaNews","https:\/\/br.pinterest.com\/ekklisia\/","https:\/\/www.youtube.com\/@EcclesiaBrasil"]},{"@type":"Person","@id":"https:\/\/news.ecclesia.org.br\/#\/schema\/person\/6f09597f025829745ba414a569f63758","name":"Pe. Andr\u00e9","image":{"@type":"ImageObject","inLanguage":"pt-BR","@id":"https:\/\/secure.gravatar.com\/avatar\/b4327cfa27e9799da239a26adcd534fc29cdc0c4a4a148eecbcfeb9b42c617ac?s=96&d=mm&r=g","url":"https:\/\/secure.gravatar.com\/avatar\/b4327cfa27e9799da239a26adcd534fc29cdc0c4a4a148eecbcfeb9b42c617ac?s=96&d=mm&r=g","contentUrl":"https:\/\/secure.gravatar.com\/avatar\/b4327cfa27e9799da239a26adcd534fc29cdc0c4a4a148eecbcfeb9b42c617ac?s=96&d=mm&r=g","caption":"Pe. Andr\u00e9"},"sameAs":["https:\/\/www.ecclesia.org.br"]}]}},"_links":{"self":[{"href":"https:\/\/news.ecclesia.org.br\/index.php?rest_route=\/wp\/v2\/posts\/7343","targetHints":{"allow":["GET"]}}],"collection":[{"href":"https:\/\/news.ecclesia.org.br\/index.php?rest_route=\/wp\/v2\/posts"}],"about":[{"href":"https:\/\/news.ecclesia.org.br\/index.php?rest_route=\/wp\/v2\/types\/post"}],"author":[{"embeddable":true,"href":"https:\/\/news.ecclesia.org.br\/index.php?rest_route=\/wp\/v2\/users\/1"}],"replies":[{"embeddable":true,"href":"https:\/\/news.ecclesia.org.br\/index.php?rest_route=%2Fwp%2Fv2%2Fcomments&post=7343"}],"version-history":[{"count":0,"href":"https:\/\/news.ecclesia.org.br\/index.php?rest_route=\/wp\/v2\/posts\/7343\/revisions"}],"wp:featuredmedia":[{"embeddable":true,"href":"https:\/\/news.ecclesia.org.br\/index.php?rest_route=\/wp\/v2\/media\/7344"}],"wp:attachment":[{"href":"https:\/\/news.ecclesia.org.br\/index.php?rest_route=%2Fwp%2Fv2%2Fmedia&parent=7343"}],"wp:term":[{"taxonomy":"category","embeddable":true,"href":"https:\/\/news.ecclesia.org.br\/index.php?rest_route=%2Fwp%2Fv2%2Fcategories&post=7343"},{"taxonomy":"post_tag","embeddable":true,"href":"https:\/\/news.ecclesia.org.br\/index.php?rest_route=%2Fwp%2Fv2%2Ftags&post=7343"}],"curies":[{"name":"wp","href":"https:\/\/api.w.org\/{rel}","templated":true}]}}