{"id":7274,"date":"2014-10-13T20:37:12","date_gmt":"2014-10-13T20:37:12","guid":{"rendered":"http:\/\/www.ecclesia.com.br\/news\/2013\/?p=7274"},"modified":"2016-03-22T17:07:00","modified_gmt":"2016-03-22T17:07:00","slug":"metropolita-ortodoxo-intervem-no-sinodo-dos-bispos-sobre-a-familia","status":"publish","type":"post","link":"https:\/\/news.ecclesia.org.br\/?p=7274","title":{"rendered":"METROPOLITA ORTODOXO INTERV\u00c9M NO S\u00cdNODO DOS BISPOS SOBRE A FAM\u00cdLIA."},"content":{"rendered":"<p style=\"text-align: justify;\"><a href=\"https:\/\/news.ecclesia.org.br\/2013\/wp-content\/uploads\/2014\/10\/mertropolita-athenagoras-belgica-1.jpg\" rel=\"attachment wp-att-7275\"><img fetchpriority=\"high\" decoding=\"async\" class=\"alignleft size-medium wp-image-7275\" src=\"https:\/\/news.ecclesia.org.br\/2013\/wp-content\/uploads\/2014\/10\/mertropolita-athenagoras-belgica-1-300x200.jpg\" alt=\"mertropolita-athenagoras-belgica\" width=\"300\" height=\"200\" srcset=\"https:\/\/news.ecclesia.org.br\/wp-content\/uploads\/2014\/10\/mertropolita-athenagoras-belgica-1-300x200.jpg 300w, https:\/\/news.ecclesia.org.br\/wp-content\/uploads\/2014\/10\/mertropolita-athenagoras-belgica-1-768x513.jpg 768w, https:\/\/news.ecclesia.org.br\/wp-content\/uploads\/2014\/10\/mertropolita-athenagoras-belgica-1-82x55.jpg 82w, https:\/\/news.ecclesia.org.br\/wp-content\/uploads\/2014\/10\/mertropolita-athenagoras-belgica-1-60x40.jpg 60w, https:\/\/news.ecclesia.org.br\/wp-content\/uploads\/2014\/10\/mertropolita-athenagoras-belgica-1-120x80.jpg 120w, https:\/\/news.ecclesia.org.br\/wp-content\/uploads\/2014\/10\/mertropolita-athenagoras-belgica-1.jpg 800w\" sizes=\"(max-width: 300px) 100vw, 300px\" \/><\/a>Sua Emin\u00eancia Athen\u00e1goras, Arcebispo Metropolitano da B\u00e9lgica, representando o Patriarcado Ecum\u00eanico no S\u00ednodo dos bispos cat\u00f3licos romanos, fez sua primeira interven\u00e7\u00e3o acerca do tema em discuss\u00e3o. Como representante fraterno lhe foi concedido quatro minutos para que expressasse a posi\u00e7\u00e3o da Igreja Ortodoxa acerca dos procedimentos pastorais adotados na atual e complexa situa\u00e7\u00e3o da Fam\u00edlia na sociedade contempor\u00e2nea. O Metropolita iniciou sua alocu\u00e7\u00e3o dizendo, entre outras coisas, que era\u00a0\u00abuma honra representar sua Santidade, o Patriarca Ecum\u00eanico Bartolomeu I\u00a0neste S\u00ednodo\u00bb, e que trazia ao Papa Francisco os seus melhores cumprimentos e a gratid\u00e3o pelo oportunidade concedida para que os bispos cat\u00f3licos conhecessem a pr\u00e1tica pastoral da Igreja Ortodoxa sobre alguns temas tratados naquele S\u00ednodo. Prosseguindo, afirmou que \u00aba Igreja quer que sejamos sempre um apoio \u00e0queles que sofrem. Para tanto, em rela\u00e7\u00e3o ao casamento, em muitos casos \u00e9 necess\u00e1rio que se aplique o princ\u00edpio da <i>Oikonomia<\/i>, isto \u00e9, resguardando seu car\u00e1ter sacramental de indissolubilidade, examine-se atentamente os casos espec\u00edficos e, quando poss\u00edvel, aplique-se com maior flexibilidade as regras, leis e costumes pastorais da Igreja\u00bb. O Metropolita recordou ainda que \u00abcada bispo, na Igreja Ortodoxa, tem autoridade para administrar legitimamente a <i>oikonomia<\/i>, sempre ap\u00f3s um prudente exame pastoral. Por isso,\u00a0cada caso deve ser tratado individualmente, merecendo um acompanhamento pastoral e buscando, antes de tudo, a reconcilia\u00e7\u00e3o do casal.\u00a0Se isso n\u00e3o for poss\u00edvel, aplique-se ent\u00e3o a <i>oikonomia<\/i>.\u00a0Quanto \u00e0 Eucaristia aos que contra\u00edram um segundo matrim\u00f4nio civil, gostaria de compartilhar com todos um texto de S\u00e3o Serafim de Sarov &#8211; um santo muito estimado, tanto do Oriente quanto no Ocidente: \u2018<i>Aos que pedem a Eucaristia<\/i>,<i> que se deem de bom grado, pois aqueles que se aproximam de Cristo com um cora\u00e7\u00e3o humilde e contrito, mesmo tendo sido o maior dos pecadores, est\u00e1 completamente purificado\u2019\u00bb. <\/i>O Arcebispo defendeu ainda a volta do antigo costume de ordenar homens casados tamb\u00e9m na Igreja do Ocidente,\u00a0uma pr\u00e1tica mantida at\u00e9 hoje nas Igrejas do Oriente onde o celibato \u00e9 opcional. A esse respeito testemunhou: \u00abEu mesmo sou filho de um sacerdote casado, mas optei livremente pelo celibato. As duas formas coexistem, sem problemas\u00bb.<\/p>\n<p style=\"text-align: right;\">Fonte: <a href=\"http:\/\/www.fanarion.blogspot.com\" target=\"_blank\">FANARION<\/a><\/p>\n","protected":false},"excerpt":{"rendered":"<p>Sua Emin\u00eancia Athen\u00e1goras, Arcebispo Metropolitano da B\u00e9lgica, representando o Patriarcado Ecum\u00eanico no S\u00ednodo dos bispos cat\u00f3licos romanos, fez sua primeira interven\u00e7\u00e3o acerca do tema em discuss\u00e3o. Como representante fraterno lhe foi concedido quatro minutos para que expressasse a posi\u00e7\u00e3o da&#8230;<\/p>\n","protected":false},"author":1,"featured_media":7275,"comment_status":"open","ping_status":"open","sticky":false,"template":"","format":"standard","meta":{"_acf_changed":false,"footnotes":""},"categories":[3,72],"tags":[],"class_list":["post-7274","post","type-post","status-publish","format-standard","has-post-thumbnail","hentry","category-mundo","category-patriarcado-ecumenico","entry","rows-excerpt"],"acf":[],"yoast_head":"<!-- This site is optimized with the Yoast SEO plugin v27.4 - https:\/\/yoast.com\/product\/yoast-seo-wordpress\/ -->\n<title>METROPOLITA ORTODOXO INTERV\u00c9M NO S\u00cdNODO DOS BISPOS SOBRE A FAM\u00cdLIA. | ECCLESIA NEWS<\/title>\n<meta name=\"robots\" content=\"index, follow, max-snippet:-1, max-image-preview:large, max-video-preview:-1\" \/>\n<link rel=\"canonical\" href=\"https:\/\/news.ecclesia.org.br\/?p=7274\" \/>\n<meta property=\"og:locale\" content=\"pt_BR\" \/>\n<meta property=\"og:type\" content=\"article\" \/>\n<meta property=\"og:title\" content=\"METROPOLITA ORTODOXO INTERV\u00c9M NO S\u00cdNODO DOS BISPOS SOBRE A FAM\u00cdLIA. | ECCLESIA NEWS\" \/>\n<meta property=\"og:description\" content=\"Sua Emin\u00eancia Athen\u00e1goras, Arcebispo Metropolitano da B\u00e9lgica, representando o Patriarcado Ecum\u00eanico no S\u00ednodo dos bispos cat\u00f3licos romanos, fez sua primeira interven\u00e7\u00e3o acerca do tema em discuss\u00e3o. Como representante fraterno lhe foi concedido quatro minutos para que expressasse a posi\u00e7\u00e3o da&#8230;\" \/>\n<meta property=\"og:url\" content=\"https:\/\/news.ecclesia.org.br\/?p=7274\" \/>\n<meta property=\"og:site_name\" content=\"ECCLESIA NEWS\" \/>\n<meta property=\"article:publisher\" content=\"https:\/\/www.facebook.com\/Ecclesia2025\" \/>\n<meta property=\"article:published_time\" content=\"2014-10-13T20:37:12+00:00\" \/>\n<meta property=\"article:modified_time\" content=\"2016-03-22T17:07:00+00:00\" \/>\n<meta property=\"og:image\" content=\"https:\/\/news.ecclesia.org.br\/wp-content\/uploads\/2014\/10\/mertropolita-athenagoras-belgica-1.jpg\" \/>\n\t<meta property=\"og:image:width\" content=\"800\" \/>\n\t<meta property=\"og:image:height\" content=\"534\" \/>\n\t<meta property=\"og:image:type\" content=\"image\/jpeg\" \/>\n<meta name=\"author\" content=\"Pe. Andr\u00e9\" \/>\n<meta name=\"twitter:card\" content=\"summary_large_image\" \/>\n<meta name=\"twitter:creator\" content=\"@EcclesiaNews\" \/>\n<meta name=\"twitter:site\" content=\"@EcclesiaNews\" \/>\n<meta name=\"twitter:label1\" content=\"Escrito por\" \/>\n\t<meta name=\"twitter:data1\" content=\"Pe. Andr\u00e9\" \/>\n\t<meta name=\"twitter:label2\" content=\"Est. tempo de leitura\" \/>\n\t<meta name=\"twitter:data2\" content=\"2 minutos\" \/>\n<script type=\"application\/ld+json\" class=\"yoast-schema-graph\">{\"@context\":\"https:\\\/\\\/schema.org\",\"@graph\":[{\"@type\":\"Article\",\"@id\":\"https:\\\/\\\/news.ecclesia.org.br\\\/?p=7274#article\",\"isPartOf\":{\"@id\":\"https:\\\/\\\/news.ecclesia.org.br\\\/?p=7274\"},\"author\":{\"name\":\"Pe. Andr\u00e9\",\"@id\":\"https:\\\/\\\/news.ecclesia.org.br\\\/#\\\/schema\\\/person\\\/6f09597f025829745ba414a569f63758\"},\"headline\":\"METROPOLITA ORTODOXO INTERV\u00c9M NO S\u00cdNODO DOS BISPOS SOBRE A FAM\u00cdLIA.\",\"datePublished\":\"2014-10-13T20:37:12+00:00\",\"dateModified\":\"2016-03-22T17:07:00+00:00\",\"mainEntityOfPage\":{\"@id\":\"https:\\\/\\\/news.ecclesia.org.br\\\/?p=7274\"},\"wordCount\":396,\"commentCount\":0,\"publisher\":{\"@id\":\"https:\\\/\\\/news.ecclesia.org.br\\\/#organization\"},\"image\":{\"@id\":\"https:\\\/\\\/news.ecclesia.org.br\\\/?p=7274#primaryimage\"},\"thumbnailUrl\":\"https:\\\/\\\/news.ecclesia.org.br\\\/wp-content\\\/uploads\\\/2014\\\/10\\\/mertropolita-athenagoras-belgica-1.jpg\",\"articleSection\":[\"Mundo Ortodoxo\",\"Patriarcado Ecum\u00eanico\"],\"inLanguage\":\"pt-BR\",\"potentialAction\":[{\"@type\":\"CommentAction\",\"name\":\"Comment\",\"target\":[\"https:\\\/\\\/news.ecclesia.org.br\\\/?p=7274#respond\"]}]},{\"@type\":\"WebPage\",\"@id\":\"https:\\\/\\\/news.ecclesia.org.br\\\/?p=7274\",\"url\":\"https:\\\/\\\/news.ecclesia.org.br\\\/?p=7274\",\"name\":\"METROPOLITA ORTODOXO INTERV\u00c9M NO S\u00cdNODO DOS BISPOS SOBRE A FAM\u00cdLIA. | ECCLESIA NEWS\",\"isPartOf\":{\"@id\":\"https:\\\/\\\/news.ecclesia.org.br\\\/#website\"},\"primaryImageOfPage\":{\"@id\":\"https:\\\/\\\/news.ecclesia.org.br\\\/?p=7274#primaryimage\"},\"image\":{\"@id\":\"https:\\\/\\\/news.ecclesia.org.br\\\/?p=7274#primaryimage\"},\"thumbnailUrl\":\"https:\\\/\\\/news.ecclesia.org.br\\\/wp-content\\\/uploads\\\/2014\\\/10\\\/mertropolita-athenagoras-belgica-1.jpg\",\"datePublished\":\"2014-10-13T20:37:12+00:00\",\"dateModified\":\"2016-03-22T17:07:00+00:00\",\"breadcrumb\":{\"@id\":\"https:\\\/\\\/news.ecclesia.org.br\\\/?p=7274#breadcrumb\"},\"inLanguage\":\"pt-BR\",\"potentialAction\":[{\"@type\":\"ReadAction\",\"target\":[\"https:\\\/\\\/news.ecclesia.org.br\\\/?p=7274\"]}]},{\"@type\":\"ImageObject\",\"inLanguage\":\"pt-BR\",\"@id\":\"https:\\\/\\\/news.ecclesia.org.br\\\/?p=7274#primaryimage\",\"url\":\"https:\\\/\\\/news.ecclesia.org.br\\\/wp-content\\\/uploads\\\/2014\\\/10\\\/mertropolita-athenagoras-belgica-1.jpg\",\"contentUrl\":\"https:\\\/\\\/news.ecclesia.org.br\\\/wp-content\\\/uploads\\\/2014\\\/10\\\/mertropolita-athenagoras-belgica-1.jpg\",\"width\":800,\"height\":534},{\"@type\":\"BreadcrumbList\",\"@id\":\"https:\\\/\\\/news.ecclesia.org.br\\\/?p=7274#breadcrumb\",\"itemListElement\":[{\"@type\":\"ListItem\",\"position\":1,\"name\":\"In\u00edcio\",\"item\":\"https:\\\/\\\/news.ecclesia.org.br\\\/\"},{\"@type\":\"ListItem\",\"position\":2,\"name\":\"METROPOLITA ORTODOXO INTERV\u00c9M NO S\u00cdNODO DOS BISPOS SOBRE A FAM\u00cdLIA.\"}]},{\"@type\":\"WebSite\",\"@id\":\"https:\\\/\\\/news.ecclesia.org.br\\\/#website\",\"url\":\"https:\\\/\\\/news.ecclesia.org.br\\\/\",\"name\":\"Ecclesia Brasil\",\"description\":\"Desde 2003 onectando o Brasil ao mundo ortodoxo!\",\"publisher\":{\"@id\":\"https:\\\/\\\/news.ecclesia.org.br\\\/#organization\"},\"alternateName\":\"Ecclesia\",\"potentialAction\":[{\"@type\":\"SearchAction\",\"target\":{\"@type\":\"EntryPoint\",\"urlTemplate\":\"https:\\\/\\\/news.ecclesia.org.br\\\/?s={search_term_string}\"},\"query-input\":{\"@type\":\"PropertyValueSpecification\",\"valueRequired\":true,\"valueName\":\"search_term_string\"}}],\"inLanguage\":\"pt-BR\"},{\"@type\":\"Organization\",\"@id\":\"https:\\\/\\\/news.ecclesia.org.br\\\/#organization\",\"name\":\"Sacra Arquidiocese de Buenos Aires e Am\u00e9rica do Sul | Patriarcado Ecum\u00eanico\",\"alternateName\":\"News Ecclesia Brasil\",\"url\":\"https:\\\/\\\/news.ecclesia.org.br\\\/\",\"logo\":{\"@type\":\"ImageObject\",\"inLanguage\":\"pt-BR\",\"@id\":\"https:\\\/\\\/news.ecclesia.org.br\\\/#\\\/schema\\\/logo\\\/image\\\/\",\"url\":\"https:\\\/\\\/news.ecclesia.org.br\\\/wp-content\\\/uploads\\\/2025\\\/05\\\/ecclesia2.png\",\"contentUrl\":\"https:\\\/\\\/news.ecclesia.org.br\\\/wp-content\\\/uploads\\\/2025\\\/05\\\/ecclesia2.png\",\"width\":480,\"height\":120,\"caption\":\"Sacra Arquidiocese de Buenos Aires e Am\u00e9rica do Sul | Patriarcado Ecum\u00eanico\"},\"image\":{\"@id\":\"https:\\\/\\\/news.ecclesia.org.br\\\/#\\\/schema\\\/logo\\\/image\\\/\"},\"sameAs\":[\"https:\\\/\\\/www.facebook.com\\\/Ecclesia2025\",\"https:\\\/\\\/x.com\\\/EcclesiaNews\",\"https:\\\/\\\/br.pinterest.com\\\/ekklisia\\\/\",\"https:\\\/\\\/www.youtube.com\\\/@EcclesiaBrasil\"]},{\"@type\":\"Person\",\"@id\":\"https:\\\/\\\/news.ecclesia.org.br\\\/#\\\/schema\\\/person\\\/6f09597f025829745ba414a569f63758\",\"name\":\"Pe. Andr\u00e9\",\"image\":{\"@type\":\"ImageObject\",\"inLanguage\":\"pt-BR\",\"@id\":\"https:\\\/\\\/secure.gravatar.com\\\/avatar\\\/b4327cfa27e9799da239a26adcd534fc29cdc0c4a4a148eecbcfeb9b42c617ac?s=96&d=mm&r=g\",\"url\":\"https:\\\/\\\/secure.gravatar.com\\\/avatar\\\/b4327cfa27e9799da239a26adcd534fc29cdc0c4a4a148eecbcfeb9b42c617ac?s=96&d=mm&r=g\",\"contentUrl\":\"https:\\\/\\\/secure.gravatar.com\\\/avatar\\\/b4327cfa27e9799da239a26adcd534fc29cdc0c4a4a148eecbcfeb9b42c617ac?s=96&d=mm&r=g\",\"caption\":\"Pe. Andr\u00e9\"},\"sameAs\":[\"https:\\\/\\\/www.ecclesia.org.br\"]}]}<\/script>\n<!-- \/ Yoast SEO plugin. -->","yoast_head_json":{"title":"METROPOLITA ORTODOXO INTERV\u00c9M NO S\u00cdNODO DOS BISPOS SOBRE A FAM\u00cdLIA. | ECCLESIA NEWS","robots":{"index":"index","follow":"follow","max-snippet":"max-snippet:-1","max-image-preview":"max-image-preview:large","max-video-preview":"max-video-preview:-1"},"canonical":"https:\/\/news.ecclesia.org.br\/?p=7274","og_locale":"pt_BR","og_type":"article","og_title":"METROPOLITA ORTODOXO INTERV\u00c9M NO S\u00cdNODO DOS BISPOS SOBRE A FAM\u00cdLIA. | ECCLESIA NEWS","og_description":"Sua Emin\u00eancia Athen\u00e1goras, Arcebispo Metropolitano da B\u00e9lgica, representando o Patriarcado Ecum\u00eanico no S\u00ednodo dos bispos cat\u00f3licos romanos, fez sua primeira interven\u00e7\u00e3o acerca do tema em discuss\u00e3o. Como representante fraterno lhe foi concedido quatro minutos para que expressasse a posi\u00e7\u00e3o da&#8230;","og_url":"https:\/\/news.ecclesia.org.br\/?p=7274","og_site_name":"ECCLESIA NEWS","article_publisher":"https:\/\/www.facebook.com\/Ecclesia2025","article_published_time":"2014-10-13T20:37:12+00:00","article_modified_time":"2016-03-22T17:07:00+00:00","og_image":[{"width":800,"height":534,"url":"https:\/\/news.ecclesia.org.br\/wp-content\/uploads\/2014\/10\/mertropolita-athenagoras-belgica-1.jpg","type":"image\/jpeg"}],"author":"Pe. Andr\u00e9","twitter_card":"summary_large_image","twitter_creator":"@EcclesiaNews","twitter_site":"@EcclesiaNews","twitter_misc":{"Escrito por":"Pe. Andr\u00e9","Est. tempo de leitura":"2 minutos"},"schema":{"@context":"https:\/\/schema.org","@graph":[{"@type":"Article","@id":"https:\/\/news.ecclesia.org.br\/?p=7274#article","isPartOf":{"@id":"https:\/\/news.ecclesia.org.br\/?p=7274"},"author":{"name":"Pe. Andr\u00e9","@id":"https:\/\/news.ecclesia.org.br\/#\/schema\/person\/6f09597f025829745ba414a569f63758"},"headline":"METROPOLITA ORTODOXO INTERV\u00c9M NO S\u00cdNODO DOS BISPOS SOBRE A FAM\u00cdLIA.","datePublished":"2014-10-13T20:37:12+00:00","dateModified":"2016-03-22T17:07:00+00:00","mainEntityOfPage":{"@id":"https:\/\/news.ecclesia.org.br\/?p=7274"},"wordCount":396,"commentCount":0,"publisher":{"@id":"https:\/\/news.ecclesia.org.br\/#organization"},"image":{"@id":"https:\/\/news.ecclesia.org.br\/?p=7274#primaryimage"},"thumbnailUrl":"https:\/\/news.ecclesia.org.br\/wp-content\/uploads\/2014\/10\/mertropolita-athenagoras-belgica-1.jpg","articleSection":["Mundo Ortodoxo","Patriarcado Ecum\u00eanico"],"inLanguage":"pt-BR","potentialAction":[{"@type":"CommentAction","name":"Comment","target":["https:\/\/news.ecclesia.org.br\/?p=7274#respond"]}]},{"@type":"WebPage","@id":"https:\/\/news.ecclesia.org.br\/?p=7274","url":"https:\/\/news.ecclesia.org.br\/?p=7274","name":"METROPOLITA ORTODOXO INTERV\u00c9M NO S\u00cdNODO DOS BISPOS SOBRE A FAM\u00cdLIA. | ECCLESIA NEWS","isPartOf":{"@id":"https:\/\/news.ecclesia.org.br\/#website"},"primaryImageOfPage":{"@id":"https:\/\/news.ecclesia.org.br\/?p=7274#primaryimage"},"image":{"@id":"https:\/\/news.ecclesia.org.br\/?p=7274#primaryimage"},"thumbnailUrl":"https:\/\/news.ecclesia.org.br\/wp-content\/uploads\/2014\/10\/mertropolita-athenagoras-belgica-1.jpg","datePublished":"2014-10-13T20:37:12+00:00","dateModified":"2016-03-22T17:07:00+00:00","breadcrumb":{"@id":"https:\/\/news.ecclesia.org.br\/?p=7274#breadcrumb"},"inLanguage":"pt-BR","potentialAction":[{"@type":"ReadAction","target":["https:\/\/news.ecclesia.org.br\/?p=7274"]}]},{"@type":"ImageObject","inLanguage":"pt-BR","@id":"https:\/\/news.ecclesia.org.br\/?p=7274#primaryimage","url":"https:\/\/news.ecclesia.org.br\/wp-content\/uploads\/2014\/10\/mertropolita-athenagoras-belgica-1.jpg","contentUrl":"https:\/\/news.ecclesia.org.br\/wp-content\/uploads\/2014\/10\/mertropolita-athenagoras-belgica-1.jpg","width":800,"height":534},{"@type":"BreadcrumbList","@id":"https:\/\/news.ecclesia.org.br\/?p=7274#breadcrumb","itemListElement":[{"@type":"ListItem","position":1,"name":"In\u00edcio","item":"https:\/\/news.ecclesia.org.br\/"},{"@type":"ListItem","position":2,"name":"METROPOLITA ORTODOXO INTERV\u00c9M NO S\u00cdNODO DOS BISPOS SOBRE A FAM\u00cdLIA."}]},{"@type":"WebSite","@id":"https:\/\/news.ecclesia.org.br\/#website","url":"https:\/\/news.ecclesia.org.br\/","name":"Ecclesia Brasil","description":"Desde 2003 onectando o Brasil ao mundo ortodoxo!","publisher":{"@id":"https:\/\/news.ecclesia.org.br\/#organization"},"alternateName":"Ecclesia","potentialAction":[{"@type":"SearchAction","target":{"@type":"EntryPoint","urlTemplate":"https:\/\/news.ecclesia.org.br\/?s={search_term_string}"},"query-input":{"@type":"PropertyValueSpecification","valueRequired":true,"valueName":"search_term_string"}}],"inLanguage":"pt-BR"},{"@type":"Organization","@id":"https:\/\/news.ecclesia.org.br\/#organization","name":"Sacra Arquidiocese de Buenos Aires e Am\u00e9rica do Sul | Patriarcado Ecum\u00eanico","alternateName":"News Ecclesia Brasil","url":"https:\/\/news.ecclesia.org.br\/","logo":{"@type":"ImageObject","inLanguage":"pt-BR","@id":"https:\/\/news.ecclesia.org.br\/#\/schema\/logo\/image\/","url":"https:\/\/news.ecclesia.org.br\/wp-content\/uploads\/2025\/05\/ecclesia2.png","contentUrl":"https:\/\/news.ecclesia.org.br\/wp-content\/uploads\/2025\/05\/ecclesia2.png","width":480,"height":120,"caption":"Sacra Arquidiocese de Buenos Aires e Am\u00e9rica do Sul | Patriarcado Ecum\u00eanico"},"image":{"@id":"https:\/\/news.ecclesia.org.br\/#\/schema\/logo\/image\/"},"sameAs":["https:\/\/www.facebook.com\/Ecclesia2025","https:\/\/x.com\/EcclesiaNews","https:\/\/br.pinterest.com\/ekklisia\/","https:\/\/www.youtube.com\/@EcclesiaBrasil"]},{"@type":"Person","@id":"https:\/\/news.ecclesia.org.br\/#\/schema\/person\/6f09597f025829745ba414a569f63758","name":"Pe. Andr\u00e9","image":{"@type":"ImageObject","inLanguage":"pt-BR","@id":"https:\/\/secure.gravatar.com\/avatar\/b4327cfa27e9799da239a26adcd534fc29cdc0c4a4a148eecbcfeb9b42c617ac?s=96&d=mm&r=g","url":"https:\/\/secure.gravatar.com\/avatar\/b4327cfa27e9799da239a26adcd534fc29cdc0c4a4a148eecbcfeb9b42c617ac?s=96&d=mm&r=g","contentUrl":"https:\/\/secure.gravatar.com\/avatar\/b4327cfa27e9799da239a26adcd534fc29cdc0c4a4a148eecbcfeb9b42c617ac?s=96&d=mm&r=g","caption":"Pe. Andr\u00e9"},"sameAs":["https:\/\/www.ecclesia.org.br"]}]}},"_links":{"self":[{"href":"https:\/\/news.ecclesia.org.br\/index.php?rest_route=\/wp\/v2\/posts\/7274","targetHints":{"allow":["GET"]}}],"collection":[{"href":"https:\/\/news.ecclesia.org.br\/index.php?rest_route=\/wp\/v2\/posts"}],"about":[{"href":"https:\/\/news.ecclesia.org.br\/index.php?rest_route=\/wp\/v2\/types\/post"}],"author":[{"embeddable":true,"href":"https:\/\/news.ecclesia.org.br\/index.php?rest_route=\/wp\/v2\/users\/1"}],"replies":[{"embeddable":true,"href":"https:\/\/news.ecclesia.org.br\/index.php?rest_route=%2Fwp%2Fv2%2Fcomments&post=7274"}],"version-history":[{"count":0,"href":"https:\/\/news.ecclesia.org.br\/index.php?rest_route=\/wp\/v2\/posts\/7274\/revisions"}],"wp:featuredmedia":[{"embeddable":true,"href":"https:\/\/news.ecclesia.org.br\/index.php?rest_route=\/wp\/v2\/media\/7275"}],"wp:attachment":[{"href":"https:\/\/news.ecclesia.org.br\/index.php?rest_route=%2Fwp%2Fv2%2Fmedia&parent=7274"}],"wp:term":[{"taxonomy":"category","embeddable":true,"href":"https:\/\/news.ecclesia.org.br\/index.php?rest_route=%2Fwp%2Fv2%2Fcategories&post=7274"},{"taxonomy":"post_tag","embeddable":true,"href":"https:\/\/news.ecclesia.org.br\/index.php?rest_route=%2Fwp%2Fv2%2Ftags&post=7274"}],"curies":[{"name":"wp","href":"https:\/\/api.w.org\/{rel}","templated":true}]}}