{"id":7236,"date":"2014-10-06T22:28:10","date_gmt":"2014-10-06T22:28:10","guid":{"rendered":"http:\/\/www.ecclesia.com.br\/news\/2013\/?p=7236"},"modified":"2016-03-22T19:48:58","modified_gmt":"2016-03-22T19:48:58","slug":"metropolita-athenagoras-da-belgica-representa-o-patriarcado-ecumenico-no-sinodo-dos-bispos-em-roma","status":"publish","type":"post","link":"https:\/\/news.ecclesia.org.br\/?p=7236","title":{"rendered":"METROPOLITA ATHEN\u00c1GORAS DA B\u00c9LGICA REPRESENTA O PATRIARCA ECUM\u00caNICO NO S\u00cdNODO DOS BISPOS EM ROMA"},"content":{"rendered":"<p style=\"text-align: justify;\"><a href=\"https:\/\/news.ecclesia.org.br\/2013\/wp-content\/uploads\/2014\/10\/004-1.jpg\" rel=\"attachment wp-att-7237\"><img fetchpriority=\"high\" decoding=\"async\" class=\"alignleft size-medium wp-image-7237\" src=\"https:\/\/news.ecclesia.org.br\/2013\/wp-content\/uploads\/2014\/10\/004-1-300x196.jpg\" alt=\"004\" width=\"300\" height=\"196\" srcset=\"https:\/\/news.ecclesia.org.br\/wp-content\/uploads\/2014\/10\/004-1-300x196.jpg 300w, https:\/\/news.ecclesia.org.br\/wp-content\/uploads\/2014\/10\/004-1-84x55.jpg 84w, https:\/\/news.ecclesia.org.br\/wp-content\/uploads\/2014\/10\/004-1-60x40.jpg 60w, https:\/\/news.ecclesia.org.br\/wp-content\/uploads\/2014\/10\/004-1.jpg 577w\" sizes=\"(max-width: 300px) 100vw, 300px\" \/><\/a>Teve in\u00edcio nesta manh\u00e3, no Vaticano, os trabalhos do S\u00ednodo dos Bispos, que trata do tema \u00abOs Desafios Pastorais da Fam\u00edlia no Contexto da Evangeliza\u00e7\u00e3o\u00bb. Desta sess\u00e3o, cuja dura\u00e7\u00e3o ser\u00e1 de 5 a 19 outubro 2014, participam 191 padres sinodais, incluindo 60 cardeais vindos dos cinco continentes, e realiza-se sob a lideran\u00e7a de Sua Santidade o Papa e Francisco. Foram especialmente convidados para o evento oito representantes de outras Igrejas crist\u00e3s, al\u00e9m de diversos peritos e consultores. Representando S. Santidade Bartolomeu I, o \u00a0\u00a0Metropolita Aten\u00e1goras da B\u00e9lgica, Exarca do Patriarcado Ecum\u00eanico nos Pa\u00edses Baixos e Luxemburgo; o Metropolita Hilarion de Volokolamsk, presidente do Departamento de Rela\u00e7\u00f5es Eclesi\u00e1sticas Externas do Patriarcado de Moscou, cuja presen\u00e7a \u00e9 aguardada para a segunda semana do S\u00ednodo, representar\u00e1 o Patriarca Cirilo de Moscou e Toda a R\u00fassia. Registra-se ainda a presen\u00e7a de altos representantes da Igreja copta, da Associa\u00e7\u00e3o Mundial de luteranos, da Comunh\u00e3o Mundial das Igrejas Reformadas e da Associa\u00e7\u00e3o Mundial de Batistas.<\/p>\n<p style=\"text-align: justify;\"><a href=\"https:\/\/news.ecclesia.org.br\/2013\/wp-content\/uploads\/2014\/10\/mertropolita-athenagoras-belgica-1.jpg\" rel=\"attachment wp-att-7275\"><img decoding=\"async\" class=\"size-medium wp-image-7275 alignright\" src=\"https:\/\/news.ecclesia.org.br\/2013\/wp-content\/uploads\/2014\/10\/mertropolita-athenagoras-belgica-1-300x200.jpg\" alt=\"mertropolita-athenagoras-belgica\" width=\"300\" height=\"200\" srcset=\"https:\/\/news.ecclesia.org.br\/wp-content\/uploads\/2014\/10\/mertropolita-athenagoras-belgica-1-300x200.jpg 300w, https:\/\/news.ecclesia.org.br\/wp-content\/uploads\/2014\/10\/mertropolita-athenagoras-belgica-1-768x513.jpg 768w, https:\/\/news.ecclesia.org.br\/wp-content\/uploads\/2014\/10\/mertropolita-athenagoras-belgica-1-82x55.jpg 82w, https:\/\/news.ecclesia.org.br\/wp-content\/uploads\/2014\/10\/mertropolita-athenagoras-belgica-1-60x40.jpg 60w, https:\/\/news.ecclesia.org.br\/wp-content\/uploads\/2014\/10\/mertropolita-athenagoras-belgica-1-120x80.jpg 120w, https:\/\/news.ecclesia.org.br\/wp-content\/uploads\/2014\/10\/mertropolita-athenagoras-belgica-1.jpg 800w\" sizes=\"(max-width: 300px) 100vw, 300px\" \/><\/a>Os padres sinodais, reunidos nesta primeira sess\u00e3o, deram especial aten\u00e7\u00e3o \u00e0 pr\u00e1tica da Igreja Ortodoxa, que &#8211; em alguns casos \u2013 aplicam o princ\u00edpio da <i>oikonomia<\/i>, ou seja, examinam a possibilidade, num caso concreto, de um segundo ou at\u00e9 mesmo terceiro casamento.<\/p>\n<p style=\"text-align: justify;\">No in\u00edcio dos trabalhos, o representante do Patriarcado Ecum\u00eanico de Constantinopla teve a oportunidade de conversar pessoalmente com Sua Santidade o Papa Francisco, que expressou sua alegria de poder visitar em breve o Centro da Ortodoxia, o Fanar, na festa de seu patrono, o Santo Ap\u00f3stolo Andr\u00e9, comemorada no pr\u00f3ximo dia 30 de novembro.<\/p>\n<p align=\"right\">Fonte: <a href=\"http:\/\/fanarion.blogspot.com.br\/\" target=\"_blank\">Fanarion<\/a><\/p>\n","protected":false},"excerpt":{"rendered":"<p>Teve in\u00edcio nesta manh\u00e3, no Vaticano, os trabalhos do S\u00ednodo dos Bispos, que trata do tema \u00abOs Desafios Pastorais da Fam\u00edlia no Contexto da Evangeliza\u00e7\u00e3o\u00bb. Desta sess\u00e3o, cuja dura\u00e7\u00e3o ser\u00e1 de 5 a 19 outubro 2014, participam 191 padres sinodais,&#8230;<\/p>\n","protected":false},"author":1,"featured_media":7237,"comment_status":"open","ping_status":"open","sticky":false,"template":"","format":"standard","meta":{"_acf_changed":false,"footnotes":""},"categories":[3,72],"tags":[],"class_list":["post-7236","post","type-post","status-publish","format-standard","has-post-thumbnail","hentry","category-mundo","category-patriarcado-ecumenico","entry","rows-excerpt"],"acf":[],"yoast_head":"<!-- This site is optimized with the Yoast SEO plugin v27.4 - https:\/\/yoast.com\/product\/yoast-seo-wordpress\/ -->\n<title>METROPOLITA ATHEN\u00c1GORAS DA B\u00c9LGICA REPRESENTA O PATRIARCA ECUM\u00caNICO NO S\u00cdNODO DOS BISPOS EM ROMA | ECCLESIA NEWS<\/title>\n<meta name=\"robots\" content=\"index, follow, max-snippet:-1, max-image-preview:large, max-video-preview:-1\" \/>\n<link rel=\"canonical\" href=\"https:\/\/news.ecclesia.org.br\/?p=7236\" \/>\n<meta property=\"og:locale\" content=\"pt_BR\" \/>\n<meta property=\"og:type\" content=\"article\" \/>\n<meta property=\"og:title\" content=\"METROPOLITA ATHEN\u00c1GORAS DA B\u00c9LGICA REPRESENTA O PATRIARCA ECUM\u00caNICO NO S\u00cdNODO DOS BISPOS EM ROMA | ECCLESIA NEWS\" \/>\n<meta property=\"og:description\" content=\"Teve in\u00edcio nesta manh\u00e3, no Vaticano, os trabalhos do S\u00ednodo dos Bispos, que trata do tema \u00abOs Desafios Pastorais da Fam\u00edlia no Contexto da Evangeliza\u00e7\u00e3o\u00bb. Desta sess\u00e3o, cuja dura\u00e7\u00e3o ser\u00e1 de 5 a 19 outubro 2014, participam 191 padres sinodais,&#8230;\" \/>\n<meta property=\"og:url\" content=\"https:\/\/news.ecclesia.org.br\/?p=7236\" \/>\n<meta property=\"og:site_name\" content=\"ECCLESIA NEWS\" \/>\n<meta property=\"article:publisher\" content=\"https:\/\/www.facebook.com\/Ecclesia2025\" \/>\n<meta property=\"article:published_time\" content=\"2014-10-06T22:28:10+00:00\" \/>\n<meta property=\"article:modified_time\" content=\"2016-03-22T19:48:58+00:00\" \/>\n<meta property=\"og:image\" content=\"https:\/\/news.ecclesia.org.br\/wp-content\/uploads\/2014\/10\/004-1.jpg\" \/>\n\t<meta property=\"og:image:width\" content=\"577\" \/>\n\t<meta property=\"og:image:height\" content=\"377\" \/>\n\t<meta property=\"og:image:type\" content=\"image\/jpeg\" \/>\n<meta name=\"author\" content=\"Pe. Andr\u00e9\" \/>\n<meta name=\"twitter:card\" content=\"summary_large_image\" \/>\n<meta name=\"twitter:creator\" content=\"@EcclesiaNews\" \/>\n<meta name=\"twitter:site\" content=\"@EcclesiaNews\" \/>\n<meta name=\"twitter:label1\" content=\"Escrito por\" \/>\n\t<meta name=\"twitter:data1\" content=\"Pe. Andr\u00e9\" \/>\n\t<meta name=\"twitter:label2\" content=\"Est. tempo de leitura\" \/>\n\t<meta name=\"twitter:data2\" content=\"1 minuto\" \/>\n<script type=\"application\/ld+json\" class=\"yoast-schema-graph\">{\"@context\":\"https:\\\/\\\/schema.org\",\"@graph\":[{\"@type\":\"Article\",\"@id\":\"https:\\\/\\\/news.ecclesia.org.br\\\/?p=7236#article\",\"isPartOf\":{\"@id\":\"https:\\\/\\\/news.ecclesia.org.br\\\/?p=7236\"},\"author\":{\"name\":\"Pe. Andr\u00e9\",\"@id\":\"https:\\\/\\\/news.ecclesia.org.br\\\/#\\\/schema\\\/person\\\/6f09597f025829745ba414a569f63758\"},\"headline\":\"METROPOLITA ATHEN\u00c1GORAS DA B\u00c9LGICA REPRESENTA O PATRIARCA ECUM\u00caNICO NO S\u00cdNODO DOS BISPOS EM ROMA\",\"datePublished\":\"2014-10-06T22:28:10+00:00\",\"dateModified\":\"2016-03-22T19:48:58+00:00\",\"mainEntityOfPage\":{\"@id\":\"https:\\\/\\\/news.ecclesia.org.br\\\/?p=7236\"},\"wordCount\":296,\"commentCount\":0,\"publisher\":{\"@id\":\"https:\\\/\\\/news.ecclesia.org.br\\\/#organization\"},\"image\":{\"@id\":\"https:\\\/\\\/news.ecclesia.org.br\\\/?p=7236#primaryimage\"},\"thumbnailUrl\":\"https:\\\/\\\/news.ecclesia.org.br\\\/wp-content\\\/uploads\\\/2014\\\/10\\\/004-1.jpg\",\"articleSection\":[\"Mundo Ortodoxo\",\"Patriarcado Ecum\u00eanico\"],\"inLanguage\":\"pt-BR\",\"potentialAction\":[{\"@type\":\"CommentAction\",\"name\":\"Comment\",\"target\":[\"https:\\\/\\\/news.ecclesia.org.br\\\/?p=7236#respond\"]}]},{\"@type\":\"WebPage\",\"@id\":\"https:\\\/\\\/news.ecclesia.org.br\\\/?p=7236\",\"url\":\"https:\\\/\\\/news.ecclesia.org.br\\\/?p=7236\",\"name\":\"METROPOLITA ATHEN\u00c1GORAS DA B\u00c9LGICA REPRESENTA O PATRIARCA ECUM\u00caNICO NO S\u00cdNODO DOS BISPOS EM ROMA | ECCLESIA NEWS\",\"isPartOf\":{\"@id\":\"https:\\\/\\\/news.ecclesia.org.br\\\/#website\"},\"primaryImageOfPage\":{\"@id\":\"https:\\\/\\\/news.ecclesia.org.br\\\/?p=7236#primaryimage\"},\"image\":{\"@id\":\"https:\\\/\\\/news.ecclesia.org.br\\\/?p=7236#primaryimage\"},\"thumbnailUrl\":\"https:\\\/\\\/news.ecclesia.org.br\\\/wp-content\\\/uploads\\\/2014\\\/10\\\/004-1.jpg\",\"datePublished\":\"2014-10-06T22:28:10+00:00\",\"dateModified\":\"2016-03-22T19:48:58+00:00\",\"breadcrumb\":{\"@id\":\"https:\\\/\\\/news.ecclesia.org.br\\\/?p=7236#breadcrumb\"},\"inLanguage\":\"pt-BR\",\"potentialAction\":[{\"@type\":\"ReadAction\",\"target\":[\"https:\\\/\\\/news.ecclesia.org.br\\\/?p=7236\"]}]},{\"@type\":\"ImageObject\",\"inLanguage\":\"pt-BR\",\"@id\":\"https:\\\/\\\/news.ecclesia.org.br\\\/?p=7236#primaryimage\",\"url\":\"https:\\\/\\\/news.ecclesia.org.br\\\/wp-content\\\/uploads\\\/2014\\\/10\\\/004-1.jpg\",\"contentUrl\":\"https:\\\/\\\/news.ecclesia.org.br\\\/wp-content\\\/uploads\\\/2014\\\/10\\\/004-1.jpg\",\"width\":577,\"height\":377},{\"@type\":\"BreadcrumbList\",\"@id\":\"https:\\\/\\\/news.ecclesia.org.br\\\/?p=7236#breadcrumb\",\"itemListElement\":[{\"@type\":\"ListItem\",\"position\":1,\"name\":\"In\u00edcio\",\"item\":\"https:\\\/\\\/news.ecclesia.org.br\\\/\"},{\"@type\":\"ListItem\",\"position\":2,\"name\":\"METROPOLITA ATHEN\u00c1GORAS DA B\u00c9LGICA REPRESENTA O PATRIARCA ECUM\u00caNICO NO S\u00cdNODO DOS BISPOS EM ROMA\"}]},{\"@type\":\"WebSite\",\"@id\":\"https:\\\/\\\/news.ecclesia.org.br\\\/#website\",\"url\":\"https:\\\/\\\/news.ecclesia.org.br\\\/\",\"name\":\"Ecclesia Brasil\",\"description\":\"Desde 2003 onectando o Brasil ao mundo ortodoxo!\",\"publisher\":{\"@id\":\"https:\\\/\\\/news.ecclesia.org.br\\\/#organization\"},\"alternateName\":\"Ecclesia\",\"potentialAction\":[{\"@type\":\"SearchAction\",\"target\":{\"@type\":\"EntryPoint\",\"urlTemplate\":\"https:\\\/\\\/news.ecclesia.org.br\\\/?s={search_term_string}\"},\"query-input\":{\"@type\":\"PropertyValueSpecification\",\"valueRequired\":true,\"valueName\":\"search_term_string\"}}],\"inLanguage\":\"pt-BR\"},{\"@type\":\"Organization\",\"@id\":\"https:\\\/\\\/news.ecclesia.org.br\\\/#organization\",\"name\":\"Sacra Arquidiocese de Buenos Aires e Am\u00e9rica do Sul | Patriarcado Ecum\u00eanico\",\"alternateName\":\"News Ecclesia Brasil\",\"url\":\"https:\\\/\\\/news.ecclesia.org.br\\\/\",\"logo\":{\"@type\":\"ImageObject\",\"inLanguage\":\"pt-BR\",\"@id\":\"https:\\\/\\\/news.ecclesia.org.br\\\/#\\\/schema\\\/logo\\\/image\\\/\",\"url\":\"https:\\\/\\\/news.ecclesia.org.br\\\/wp-content\\\/uploads\\\/2025\\\/05\\\/ecclesia2.png\",\"contentUrl\":\"https:\\\/\\\/news.ecclesia.org.br\\\/wp-content\\\/uploads\\\/2025\\\/05\\\/ecclesia2.png\",\"width\":480,\"height\":120,\"caption\":\"Sacra Arquidiocese de Buenos Aires e Am\u00e9rica do Sul | Patriarcado Ecum\u00eanico\"},\"image\":{\"@id\":\"https:\\\/\\\/news.ecclesia.org.br\\\/#\\\/schema\\\/logo\\\/image\\\/\"},\"sameAs\":[\"https:\\\/\\\/www.facebook.com\\\/Ecclesia2025\",\"https:\\\/\\\/x.com\\\/EcclesiaNews\",\"https:\\\/\\\/br.pinterest.com\\\/ekklisia\\\/\",\"https:\\\/\\\/www.youtube.com\\\/@EcclesiaBrasil\"]},{\"@type\":\"Person\",\"@id\":\"https:\\\/\\\/news.ecclesia.org.br\\\/#\\\/schema\\\/person\\\/6f09597f025829745ba414a569f63758\",\"name\":\"Pe. Andr\u00e9\",\"image\":{\"@type\":\"ImageObject\",\"inLanguage\":\"pt-BR\",\"@id\":\"https:\\\/\\\/secure.gravatar.com\\\/avatar\\\/b4327cfa27e9799da239a26adcd534fc29cdc0c4a4a148eecbcfeb9b42c617ac?s=96&d=mm&r=g\",\"url\":\"https:\\\/\\\/secure.gravatar.com\\\/avatar\\\/b4327cfa27e9799da239a26adcd534fc29cdc0c4a4a148eecbcfeb9b42c617ac?s=96&d=mm&r=g\",\"contentUrl\":\"https:\\\/\\\/secure.gravatar.com\\\/avatar\\\/b4327cfa27e9799da239a26adcd534fc29cdc0c4a4a148eecbcfeb9b42c617ac?s=96&d=mm&r=g\",\"caption\":\"Pe. Andr\u00e9\"},\"sameAs\":[\"https:\\\/\\\/www.ecclesia.org.br\"]}]}<\/script>\n<!-- \/ Yoast SEO plugin. -->","yoast_head_json":{"title":"METROPOLITA ATHEN\u00c1GORAS DA B\u00c9LGICA REPRESENTA O PATRIARCA ECUM\u00caNICO NO S\u00cdNODO DOS BISPOS EM ROMA | ECCLESIA NEWS","robots":{"index":"index","follow":"follow","max-snippet":"max-snippet:-1","max-image-preview":"max-image-preview:large","max-video-preview":"max-video-preview:-1"},"canonical":"https:\/\/news.ecclesia.org.br\/?p=7236","og_locale":"pt_BR","og_type":"article","og_title":"METROPOLITA ATHEN\u00c1GORAS DA B\u00c9LGICA REPRESENTA O PATRIARCA ECUM\u00caNICO NO S\u00cdNODO DOS BISPOS EM ROMA | ECCLESIA NEWS","og_description":"Teve in\u00edcio nesta manh\u00e3, no Vaticano, os trabalhos do S\u00ednodo dos Bispos, que trata do tema \u00abOs Desafios Pastorais da Fam\u00edlia no Contexto da Evangeliza\u00e7\u00e3o\u00bb. Desta sess\u00e3o, cuja dura\u00e7\u00e3o ser\u00e1 de 5 a 19 outubro 2014, participam 191 padres sinodais,&#8230;","og_url":"https:\/\/news.ecclesia.org.br\/?p=7236","og_site_name":"ECCLESIA NEWS","article_publisher":"https:\/\/www.facebook.com\/Ecclesia2025","article_published_time":"2014-10-06T22:28:10+00:00","article_modified_time":"2016-03-22T19:48:58+00:00","og_image":[{"width":577,"height":377,"url":"https:\/\/news.ecclesia.org.br\/wp-content\/uploads\/2014\/10\/004-1.jpg","type":"image\/jpeg"}],"author":"Pe. Andr\u00e9","twitter_card":"summary_large_image","twitter_creator":"@EcclesiaNews","twitter_site":"@EcclesiaNews","twitter_misc":{"Escrito por":"Pe. Andr\u00e9","Est. tempo de leitura":"1 minuto"},"schema":{"@context":"https:\/\/schema.org","@graph":[{"@type":"Article","@id":"https:\/\/news.ecclesia.org.br\/?p=7236#article","isPartOf":{"@id":"https:\/\/news.ecclesia.org.br\/?p=7236"},"author":{"name":"Pe. Andr\u00e9","@id":"https:\/\/news.ecclesia.org.br\/#\/schema\/person\/6f09597f025829745ba414a569f63758"},"headline":"METROPOLITA ATHEN\u00c1GORAS DA B\u00c9LGICA REPRESENTA O PATRIARCA ECUM\u00caNICO NO S\u00cdNODO DOS BISPOS EM ROMA","datePublished":"2014-10-06T22:28:10+00:00","dateModified":"2016-03-22T19:48:58+00:00","mainEntityOfPage":{"@id":"https:\/\/news.ecclesia.org.br\/?p=7236"},"wordCount":296,"commentCount":0,"publisher":{"@id":"https:\/\/news.ecclesia.org.br\/#organization"},"image":{"@id":"https:\/\/news.ecclesia.org.br\/?p=7236#primaryimage"},"thumbnailUrl":"https:\/\/news.ecclesia.org.br\/wp-content\/uploads\/2014\/10\/004-1.jpg","articleSection":["Mundo Ortodoxo","Patriarcado Ecum\u00eanico"],"inLanguage":"pt-BR","potentialAction":[{"@type":"CommentAction","name":"Comment","target":["https:\/\/news.ecclesia.org.br\/?p=7236#respond"]}]},{"@type":"WebPage","@id":"https:\/\/news.ecclesia.org.br\/?p=7236","url":"https:\/\/news.ecclesia.org.br\/?p=7236","name":"METROPOLITA ATHEN\u00c1GORAS DA B\u00c9LGICA REPRESENTA O PATRIARCA ECUM\u00caNICO NO S\u00cdNODO DOS BISPOS EM ROMA | ECCLESIA NEWS","isPartOf":{"@id":"https:\/\/news.ecclesia.org.br\/#website"},"primaryImageOfPage":{"@id":"https:\/\/news.ecclesia.org.br\/?p=7236#primaryimage"},"image":{"@id":"https:\/\/news.ecclesia.org.br\/?p=7236#primaryimage"},"thumbnailUrl":"https:\/\/news.ecclesia.org.br\/wp-content\/uploads\/2014\/10\/004-1.jpg","datePublished":"2014-10-06T22:28:10+00:00","dateModified":"2016-03-22T19:48:58+00:00","breadcrumb":{"@id":"https:\/\/news.ecclesia.org.br\/?p=7236#breadcrumb"},"inLanguage":"pt-BR","potentialAction":[{"@type":"ReadAction","target":["https:\/\/news.ecclesia.org.br\/?p=7236"]}]},{"@type":"ImageObject","inLanguage":"pt-BR","@id":"https:\/\/news.ecclesia.org.br\/?p=7236#primaryimage","url":"https:\/\/news.ecclesia.org.br\/wp-content\/uploads\/2014\/10\/004-1.jpg","contentUrl":"https:\/\/news.ecclesia.org.br\/wp-content\/uploads\/2014\/10\/004-1.jpg","width":577,"height":377},{"@type":"BreadcrumbList","@id":"https:\/\/news.ecclesia.org.br\/?p=7236#breadcrumb","itemListElement":[{"@type":"ListItem","position":1,"name":"In\u00edcio","item":"https:\/\/news.ecclesia.org.br\/"},{"@type":"ListItem","position":2,"name":"METROPOLITA ATHEN\u00c1GORAS DA B\u00c9LGICA REPRESENTA O PATRIARCA ECUM\u00caNICO NO S\u00cdNODO DOS BISPOS EM ROMA"}]},{"@type":"WebSite","@id":"https:\/\/news.ecclesia.org.br\/#website","url":"https:\/\/news.ecclesia.org.br\/","name":"Ecclesia Brasil","description":"Desde 2003 onectando o Brasil ao mundo ortodoxo!","publisher":{"@id":"https:\/\/news.ecclesia.org.br\/#organization"},"alternateName":"Ecclesia","potentialAction":[{"@type":"SearchAction","target":{"@type":"EntryPoint","urlTemplate":"https:\/\/news.ecclesia.org.br\/?s={search_term_string}"},"query-input":{"@type":"PropertyValueSpecification","valueRequired":true,"valueName":"search_term_string"}}],"inLanguage":"pt-BR"},{"@type":"Organization","@id":"https:\/\/news.ecclesia.org.br\/#organization","name":"Sacra Arquidiocese de Buenos Aires e Am\u00e9rica do Sul | Patriarcado Ecum\u00eanico","alternateName":"News Ecclesia Brasil","url":"https:\/\/news.ecclesia.org.br\/","logo":{"@type":"ImageObject","inLanguage":"pt-BR","@id":"https:\/\/news.ecclesia.org.br\/#\/schema\/logo\/image\/","url":"https:\/\/news.ecclesia.org.br\/wp-content\/uploads\/2025\/05\/ecclesia2.png","contentUrl":"https:\/\/news.ecclesia.org.br\/wp-content\/uploads\/2025\/05\/ecclesia2.png","width":480,"height":120,"caption":"Sacra Arquidiocese de Buenos Aires e Am\u00e9rica do Sul | Patriarcado Ecum\u00eanico"},"image":{"@id":"https:\/\/news.ecclesia.org.br\/#\/schema\/logo\/image\/"},"sameAs":["https:\/\/www.facebook.com\/Ecclesia2025","https:\/\/x.com\/EcclesiaNews","https:\/\/br.pinterest.com\/ekklisia\/","https:\/\/www.youtube.com\/@EcclesiaBrasil"]},{"@type":"Person","@id":"https:\/\/news.ecclesia.org.br\/#\/schema\/person\/6f09597f025829745ba414a569f63758","name":"Pe. Andr\u00e9","image":{"@type":"ImageObject","inLanguage":"pt-BR","@id":"https:\/\/secure.gravatar.com\/avatar\/b4327cfa27e9799da239a26adcd534fc29cdc0c4a4a148eecbcfeb9b42c617ac?s=96&d=mm&r=g","url":"https:\/\/secure.gravatar.com\/avatar\/b4327cfa27e9799da239a26adcd534fc29cdc0c4a4a148eecbcfeb9b42c617ac?s=96&d=mm&r=g","contentUrl":"https:\/\/secure.gravatar.com\/avatar\/b4327cfa27e9799da239a26adcd534fc29cdc0c4a4a148eecbcfeb9b42c617ac?s=96&d=mm&r=g","caption":"Pe. Andr\u00e9"},"sameAs":["https:\/\/www.ecclesia.org.br"]}]}},"_links":{"self":[{"href":"https:\/\/news.ecclesia.org.br\/index.php?rest_route=\/wp\/v2\/posts\/7236","targetHints":{"allow":["GET"]}}],"collection":[{"href":"https:\/\/news.ecclesia.org.br\/index.php?rest_route=\/wp\/v2\/posts"}],"about":[{"href":"https:\/\/news.ecclesia.org.br\/index.php?rest_route=\/wp\/v2\/types\/post"}],"author":[{"embeddable":true,"href":"https:\/\/news.ecclesia.org.br\/index.php?rest_route=\/wp\/v2\/users\/1"}],"replies":[{"embeddable":true,"href":"https:\/\/news.ecclesia.org.br\/index.php?rest_route=%2Fwp%2Fv2%2Fcomments&post=7236"}],"version-history":[{"count":0,"href":"https:\/\/news.ecclesia.org.br\/index.php?rest_route=\/wp\/v2\/posts\/7236\/revisions"}],"wp:featuredmedia":[{"embeddable":true,"href":"https:\/\/news.ecclesia.org.br\/index.php?rest_route=\/wp\/v2\/media\/7237"}],"wp:attachment":[{"href":"https:\/\/news.ecclesia.org.br\/index.php?rest_route=%2Fwp%2Fv2%2Fmedia&parent=7236"}],"wp:term":[{"taxonomy":"category","embeddable":true,"href":"https:\/\/news.ecclesia.org.br\/index.php?rest_route=%2Fwp%2Fv2%2Fcategories&post=7236"},{"taxonomy":"post_tag","embeddable":true,"href":"https:\/\/news.ecclesia.org.br\/index.php?rest_route=%2Fwp%2Fv2%2Ftags&post=7236"}],"curies":[{"name":"wp","href":"https:\/\/api.w.org\/{rel}","templated":true}]}}