{"id":7207,"date":"2014-09-14T01:40:03","date_gmt":"2014-09-14T04:40:03","guid":{"rendered":"http:\/\/www.ecclesia.com.br\/news\/2013\/?p=7207"},"modified":"2016-03-22T19:58:49","modified_gmt":"2016-03-22T19:58:49","slug":"dom-iosif-visita-florianopolis","status":"publish","type":"post","link":"https:\/\/news.ecclesia.org.br\/?p=7207","title":{"rendered":"DOM IOSIF VISITA FLORIAN\u00d3POLIS"},"content":{"rendered":"<p style=\"text-align: center;\"><div id=\"galleria-7207\"><a href=\"https:\/\/news.ecclesia.org.br\/wp-content\/uploads\/2014\/09\/001.jpg\"><img decoding=\"async\" title=\"001\" alt=\"\" src=\"https:\/\/news.ecclesia.org.br\/wp-content\/uploads\/2014\/09\/001-41x55.jpg\" data-big=\"https:\/\/news.ecclesia.org.br\/wp-content\/uploads\/2014\/09\/001.jpg\"><\/a><a href=\"https:\/\/news.ecclesia.org.br\/wp-content\/uploads\/2014\/09\/002.jpg\"><img decoding=\"async\" title=\"002\" alt=\"\" src=\"https:\/\/news.ecclesia.org.br\/wp-content\/uploads\/2014\/09\/002-41x55.jpg\" data-big=\"https:\/\/news.ecclesia.org.br\/wp-content\/uploads\/2014\/09\/002.jpg\"><\/a><a href=\"https:\/\/news.ecclesia.org.br\/wp-content\/uploads\/2014\/09\/003.jpg\"><img decoding=\"async\" title=\"003\" alt=\"\" src=\"https:\/\/news.ecclesia.org.br\/wp-content\/uploads\/2014\/09\/003-41x55.jpg\" data-big=\"https:\/\/news.ecclesia.org.br\/wp-content\/uploads\/2014\/09\/003.jpg\"><\/a><a href=\"https:\/\/news.ecclesia.org.br\/wp-content\/uploads\/2014\/09\/004.jpg\"><img decoding=\"async\" title=\"004\" alt=\"\" src=\"https:\/\/news.ecclesia.org.br\/wp-content\/uploads\/2014\/09\/004-41x55.jpg\" data-big=\"https:\/\/news.ecclesia.org.br\/wp-content\/uploads\/2014\/09\/004.jpg\"><\/a><a href=\"https:\/\/news.ecclesia.org.br\/wp-content\/uploads\/2014\/09\/005-2.jpg\"><img decoding=\"async\" title=\"005\" alt=\"\" src=\"https:\/\/news.ecclesia.org.br\/wp-content\/uploads\/2014\/09\/005-2-41x55.jpg\" data-big=\"https:\/\/news.ecclesia.org.br\/wp-content\/uploads\/2014\/09\/005-2.jpg\"><\/a><a href=\"https:\/\/news.ecclesia.org.br\/wp-content\/uploads\/2014\/09\/006.jpg\"><img decoding=\"async\" title=\"006\" alt=\"\" src=\"https:\/\/news.ecclesia.org.br\/wp-content\/uploads\/2014\/09\/006-41x55.jpg\" data-big=\"https:\/\/news.ecclesia.org.br\/wp-content\/uploads\/2014\/09\/006.jpg\"><\/a><a href=\"https:\/\/news.ecclesia.org.br\/wp-content\/uploads\/2014\/09\/007.jpg\"><img decoding=\"async\" title=\"007\" alt=\"\" src=\"https:\/\/news.ecclesia.org.br\/wp-content\/uploads\/2014\/09\/007-73x55.jpg\" data-big=\"https:\/\/news.ecclesia.org.br\/wp-content\/uploads\/2014\/09\/007.jpg\"><\/a><a href=\"https:\/\/news.ecclesia.org.br\/wp-content\/uploads\/2014\/09\/008.jpg\"><img decoding=\"async\" title=\"008\" alt=\"\" src=\"https:\/\/news.ecclesia.org.br\/wp-content\/uploads\/2014\/09\/008-41x55.jpg\" data-big=\"https:\/\/news.ecclesia.org.br\/wp-content\/uploads\/2014\/09\/008.jpg\"><\/a><a href=\"https:\/\/news.ecclesia.org.br\/wp-content\/uploads\/2014\/09\/009-2.jpg\"><img decoding=\"async\" title=\"009\" alt=\"\" src=\"https:\/\/news.ecclesia.org.br\/wp-content\/uploads\/2014\/09\/009-2-73x55.jpg\" data-big=\"https:\/\/news.ecclesia.org.br\/wp-content\/uploads\/2014\/09\/009-2.jpg\"><\/a><a href=\"https:\/\/news.ecclesia.org.br\/wp-content\/uploads\/2014\/09\/10.jpg\"><img decoding=\"async\" title=\"10\" alt=\"\" src=\"https:\/\/news.ecclesia.org.br\/wp-content\/uploads\/2014\/09\/10-73x55.jpg\" data-big=\"https:\/\/news.ecclesia.org.br\/wp-content\/uploads\/2014\/09\/10.jpg\"><\/a><a href=\"https:\/\/news.ecclesia.org.br\/wp-content\/uploads\/2014\/09\/11.jpg\"><img decoding=\"async\" title=\"11\" alt=\"\" src=\"https:\/\/news.ecclesia.org.br\/wp-content\/uploads\/2014\/09\/11-73x55.jpg\" data-big=\"https:\/\/news.ecclesia.org.br\/wp-content\/uploads\/2014\/09\/11.jpg\"><\/a><a href=\"https:\/\/news.ecclesia.org.br\/wp-content\/uploads\/2014\/09\/12.jpg\"><img decoding=\"async\" title=\"12\" alt=\"\" src=\"https:\/\/news.ecclesia.org.br\/wp-content\/uploads\/2014\/09\/12-41x55.jpg\" data-big=\"https:\/\/news.ecclesia.org.br\/wp-content\/uploads\/2014\/09\/12.jpg\"><\/a><\/div><\/p>\n<p style=\"text-align: justify;\">No \u00faltimo dia 14 de Setembro, na celebra\u00e7\u00e3o da Festa da Exalta\u00e7\u00e3o da Santa Cruz, a Comunidade Ortodoxa Grega de Florian\u00f3polis recebeu a visita de Dom IOSIF Bosch, Bispo de P\u00e1tara, Auxiliar da Arquidiocese de Buenos Aires e Am\u00e9rica do Sul \u2013 Patriarcado Ecum\u00eanico de Constantinopla. Dom IOSIF desembarcou em Florian\u00f3polis no dia 13 de setembro, sendo recebido no aeroporto Herc\u00edlio Luz pela Diretoria da Associa\u00e7\u00e3o Hel\u00eanica de Santa Catarina. No Domingo, 14, celebrou a Divina Liturgia com\u00a0o Rito de venera\u00e7\u00e3o da Santa Cruz, na Igreja Ortodoxa Grega S\u00e3o Nicolau, \u00e0s 10h00. Por volta das 13h00, o Bispo almo\u00e7ou com a comunidade e, depois de haver cumprido uma agenda de contatos com as lideran\u00e7as da Coletividade de Santa Catarina, retornou no dia seguinte \u00e0 Buenos Aires.<\/p>\n","protected":false},"excerpt":{"rendered":"<p>No \u00faltimo dia 14 de Setembro, na celebra\u00e7\u00e3o da Festa da Exalta\u00e7\u00e3o da Santa Cruz, a Comunidade Ortodoxa Grega de Florian\u00f3polis recebeu a visita de Dom IOSIF Bosch, Bispo de P\u00e1tara, Auxiliar da Arquidiocese de Buenos Aires e Am\u00e9rica do&#8230;<\/p>\n","protected":false},"author":1,"featured_media":18554,"comment_status":"open","ping_status":"open","sticky":false,"template":"","format":"standard","meta":{"_acf_changed":false,"footnotes":""},"categories":[40,42],"tags":[],"class_list":["post-7207","post","type-post","status-publish","format-standard","has-post-thumbnail","hentry","category-arquidiocese-de-buenos-aires-e-america-do-sul","category-brasil","entry","rows-excerpt"],"acf":[],"yoast_head":"<!-- This site is optimized with the Yoast SEO plugin v27.5 - https:\/\/yoast.com\/product\/yoast-seo-wordpress\/ -->\n<title>DOM IOSIF VISITA FLORIAN\u00d3POLIS | ECCLESIA NEWS<\/title>\n<meta name=\"robots\" content=\"index, follow, max-snippet:-1, max-image-preview:large, max-video-preview:-1\" \/>\n<link rel=\"canonical\" href=\"https:\/\/news.ecclesia.org.br\/?p=7207\" \/>\n<meta property=\"og:locale\" content=\"pt_BR\" \/>\n<meta property=\"og:type\" content=\"article\" \/>\n<meta property=\"og:title\" content=\"DOM IOSIF VISITA FLORIAN\u00d3POLIS | ECCLESIA NEWS\" \/>\n<meta property=\"og:description\" content=\"No \u00faltimo dia 14 de Setembro, na celebra\u00e7\u00e3o da Festa da Exalta\u00e7\u00e3o da Santa Cruz, a Comunidade Ortodoxa Grega de Florian\u00f3polis recebeu a visita de Dom IOSIF Bosch, Bispo de P\u00e1tara, Auxiliar da Arquidiocese de Buenos Aires e Am\u00e9rica do&#8230;\" \/>\n<meta property=\"og:url\" content=\"https:\/\/news.ecclesia.org.br\/?p=7207\" \/>\n<meta property=\"og:site_name\" content=\"ECCLESIA NEWS\" \/>\n<meta property=\"article:publisher\" content=\"https:\/\/www.facebook.com\/Ecclesia2025\" \/>\n<meta property=\"article:published_time\" content=\"2014-09-14T04:40:03+00:00\" \/>\n<meta property=\"article:modified_time\" content=\"2016-03-22T19:58:49+00:00\" \/>\n<meta property=\"og:image\" content=\"https:\/\/news.ecclesia.org.br\/wp-content\/uploads\/2014\/09\/005-2.jpg\" \/>\n\t<meta property=\"og:image:width\" content=\"600\" \/>\n\t<meta property=\"og:image:height\" content=\"800\" \/>\n\t<meta property=\"og:image:type\" content=\"image\/jpeg\" \/>\n<meta name=\"author\" content=\"Pe. Andr\u00e9\" \/>\n<meta name=\"twitter:card\" content=\"summary_large_image\" \/>\n<meta name=\"twitter:creator\" content=\"@EcclesiaNews\" \/>\n<meta name=\"twitter:site\" content=\"@EcclesiaNews\" \/>\n<meta name=\"twitter:label1\" content=\"Escrito por\" \/>\n\t<meta name=\"twitter:data1\" content=\"Pe. Andr\u00e9\" \/>\n\t<meta name=\"twitter:label2\" content=\"Est. tempo de leitura\" \/>\n\t<meta name=\"twitter:data2\" content=\"1 minuto\" \/>\n<script type=\"application\/ld+json\" class=\"yoast-schema-graph\">{\"@context\":\"https:\\\/\\\/schema.org\",\"@graph\":[{\"@type\":\"Article\",\"@id\":\"https:\\\/\\\/news.ecclesia.org.br\\\/?p=7207#article\",\"isPartOf\":{\"@id\":\"https:\\\/\\\/news.ecclesia.org.br\\\/?p=7207\"},\"author\":{\"name\":\"Pe. Andr\u00e9\",\"@id\":\"https:\\\/\\\/news.ecclesia.org.br\\\/#\\\/schema\\\/person\\\/6f09597f025829745ba414a569f63758\"},\"headline\":\"DOM IOSIF VISITA FLORIAN\u00d3POLIS\",\"datePublished\":\"2014-09-14T04:40:03+00:00\",\"dateModified\":\"2016-03-22T19:58:49+00:00\",\"mainEntityOfPage\":{\"@id\":\"https:\\\/\\\/news.ecclesia.org.br\\\/?p=7207\"},\"wordCount\":144,\"commentCount\":0,\"publisher\":{\"@id\":\"https:\\\/\\\/news.ecclesia.org.br\\\/#organization\"},\"image\":{\"@id\":\"https:\\\/\\\/news.ecclesia.org.br\\\/?p=7207#primaryimage\"},\"thumbnailUrl\":\"https:\\\/\\\/news.ecclesia.org.br\\\/wp-content\\\/uploads\\\/2014\\\/09\\\/005-2.jpg\",\"articleSection\":[\"Arquidiocese de Buenos Aires e Am\u00e9rica do Sul\",\"BRASIL\"],\"inLanguage\":\"pt-BR\",\"potentialAction\":[{\"@type\":\"CommentAction\",\"name\":\"Comment\",\"target\":[\"https:\\\/\\\/news.ecclesia.org.br\\\/?p=7207#respond\"]}]},{\"@type\":\"WebPage\",\"@id\":\"https:\\\/\\\/news.ecclesia.org.br\\\/?p=7207\",\"url\":\"https:\\\/\\\/news.ecclesia.org.br\\\/?p=7207\",\"name\":\"DOM IOSIF VISITA FLORIAN\u00d3POLIS | ECCLESIA NEWS\",\"isPartOf\":{\"@id\":\"https:\\\/\\\/news.ecclesia.org.br\\\/#website\"},\"primaryImageOfPage\":{\"@id\":\"https:\\\/\\\/news.ecclesia.org.br\\\/?p=7207#primaryimage\"},\"image\":{\"@id\":\"https:\\\/\\\/news.ecclesia.org.br\\\/?p=7207#primaryimage\"},\"thumbnailUrl\":\"https:\\\/\\\/news.ecclesia.org.br\\\/wp-content\\\/uploads\\\/2014\\\/09\\\/005-2.jpg\",\"datePublished\":\"2014-09-14T04:40:03+00:00\",\"dateModified\":\"2016-03-22T19:58:49+00:00\",\"breadcrumb\":{\"@id\":\"https:\\\/\\\/news.ecclesia.org.br\\\/?p=7207#breadcrumb\"},\"inLanguage\":\"pt-BR\",\"potentialAction\":[{\"@type\":\"ReadAction\",\"target\":[\"https:\\\/\\\/news.ecclesia.org.br\\\/?p=7207\"]}]},{\"@type\":\"ImageObject\",\"inLanguage\":\"pt-BR\",\"@id\":\"https:\\\/\\\/news.ecclesia.org.br\\\/?p=7207#primaryimage\",\"url\":\"https:\\\/\\\/news.ecclesia.org.br\\\/wp-content\\\/uploads\\\/2014\\\/09\\\/005-2.jpg\",\"contentUrl\":\"https:\\\/\\\/news.ecclesia.org.br\\\/wp-content\\\/uploads\\\/2014\\\/09\\\/005-2.jpg\",\"width\":600,\"height\":800},{\"@type\":\"BreadcrumbList\",\"@id\":\"https:\\\/\\\/news.ecclesia.org.br\\\/?p=7207#breadcrumb\",\"itemListElement\":[{\"@type\":\"ListItem\",\"position\":1,\"name\":\"In\u00edcio\",\"item\":\"https:\\\/\\\/news.ecclesia.org.br\\\/\"},{\"@type\":\"ListItem\",\"position\":2,\"name\":\"DOM IOSIF VISITA FLORIAN\u00d3POLIS\"}]},{\"@type\":\"WebSite\",\"@id\":\"https:\\\/\\\/news.ecclesia.org.br\\\/#website\",\"url\":\"https:\\\/\\\/news.ecclesia.org.br\\\/\",\"name\":\"Ecclesia Brasil\",\"description\":\"Desde 2003 onectando o Brasil ao mundo ortodoxo!\",\"publisher\":{\"@id\":\"https:\\\/\\\/news.ecclesia.org.br\\\/#organization\"},\"alternateName\":\"Ecclesia\",\"potentialAction\":[{\"@type\":\"SearchAction\",\"target\":{\"@type\":\"EntryPoint\",\"urlTemplate\":\"https:\\\/\\\/news.ecclesia.org.br\\\/?s={search_term_string}\"},\"query-input\":{\"@type\":\"PropertyValueSpecification\",\"valueRequired\":true,\"valueName\":\"search_term_string\"}}],\"inLanguage\":\"pt-BR\"},{\"@type\":\"Organization\",\"@id\":\"https:\\\/\\\/news.ecclesia.org.br\\\/#organization\",\"name\":\"Sacra Arquidiocese de Buenos Aires e Am\u00e9rica do Sul | Patriarcado Ecum\u00eanico\",\"alternateName\":\"News Ecclesia Brasil\",\"url\":\"https:\\\/\\\/news.ecclesia.org.br\\\/\",\"logo\":{\"@type\":\"ImageObject\",\"inLanguage\":\"pt-BR\",\"@id\":\"https:\\\/\\\/news.ecclesia.org.br\\\/#\\\/schema\\\/logo\\\/image\\\/\",\"url\":\"https:\\\/\\\/news.ecclesia.org.br\\\/wp-content\\\/uploads\\\/2025\\\/05\\\/ecclesia2.png\",\"contentUrl\":\"https:\\\/\\\/news.ecclesia.org.br\\\/wp-content\\\/uploads\\\/2025\\\/05\\\/ecclesia2.png\",\"width\":480,\"height\":120,\"caption\":\"Sacra Arquidiocese de Buenos Aires e Am\u00e9rica do Sul | Patriarcado Ecum\u00eanico\"},\"image\":{\"@id\":\"https:\\\/\\\/news.ecclesia.org.br\\\/#\\\/schema\\\/logo\\\/image\\\/\"},\"sameAs\":[\"https:\\\/\\\/www.facebook.com\\\/Ecclesia2025\",\"https:\\\/\\\/x.com\\\/EcclesiaNews\",\"https:\\\/\\\/br.pinterest.com\\\/ekklisia\\\/\",\"https:\\\/\\\/www.youtube.com\\\/@EcclesiaBrasil\"]},{\"@type\":\"Person\",\"@id\":\"https:\\\/\\\/news.ecclesia.org.br\\\/#\\\/schema\\\/person\\\/6f09597f025829745ba414a569f63758\",\"name\":\"Pe. Andr\u00e9\",\"image\":{\"@type\":\"ImageObject\",\"inLanguage\":\"pt-BR\",\"@id\":\"https:\\\/\\\/secure.gravatar.com\\\/avatar\\\/b4327cfa27e9799da239a26adcd534fc29cdc0c4a4a148eecbcfeb9b42c617ac?s=96&d=mm&r=g\",\"url\":\"https:\\\/\\\/secure.gravatar.com\\\/avatar\\\/b4327cfa27e9799da239a26adcd534fc29cdc0c4a4a148eecbcfeb9b42c617ac?s=96&d=mm&r=g\",\"contentUrl\":\"https:\\\/\\\/secure.gravatar.com\\\/avatar\\\/b4327cfa27e9799da239a26adcd534fc29cdc0c4a4a148eecbcfeb9b42c617ac?s=96&d=mm&r=g\",\"caption\":\"Pe. Andr\u00e9\"},\"sameAs\":[\"https:\\\/\\\/www.ecclesia.org.br\"]}]}<\/script>\n<!-- \/ Yoast SEO plugin. -->","yoast_head_json":{"title":"DOM IOSIF VISITA FLORIAN\u00d3POLIS | ECCLESIA NEWS","robots":{"index":"index","follow":"follow","max-snippet":"max-snippet:-1","max-image-preview":"max-image-preview:large","max-video-preview":"max-video-preview:-1"},"canonical":"https:\/\/news.ecclesia.org.br\/?p=7207","og_locale":"pt_BR","og_type":"article","og_title":"DOM IOSIF VISITA FLORIAN\u00d3POLIS | ECCLESIA NEWS","og_description":"No \u00faltimo dia 14 de Setembro, na celebra\u00e7\u00e3o da Festa da Exalta\u00e7\u00e3o da Santa Cruz, a Comunidade Ortodoxa Grega de Florian\u00f3polis recebeu a visita de Dom IOSIF Bosch, Bispo de P\u00e1tara, Auxiliar da Arquidiocese de Buenos Aires e Am\u00e9rica do&#8230;","og_url":"https:\/\/news.ecclesia.org.br\/?p=7207","og_site_name":"ECCLESIA NEWS","article_publisher":"https:\/\/www.facebook.com\/Ecclesia2025","article_published_time":"2014-09-14T04:40:03+00:00","article_modified_time":"2016-03-22T19:58:49+00:00","og_image":[{"width":600,"height":800,"url":"https:\/\/news.ecclesia.org.br\/wp-content\/uploads\/2014\/09\/005-2.jpg","type":"image\/jpeg"}],"author":"Pe. Andr\u00e9","twitter_card":"summary_large_image","twitter_creator":"@EcclesiaNews","twitter_site":"@EcclesiaNews","twitter_misc":{"Escrito por":"Pe. Andr\u00e9","Est. tempo de leitura":"1 minuto"},"schema":{"@context":"https:\/\/schema.org","@graph":[{"@type":"Article","@id":"https:\/\/news.ecclesia.org.br\/?p=7207#article","isPartOf":{"@id":"https:\/\/news.ecclesia.org.br\/?p=7207"},"author":{"name":"Pe. Andr\u00e9","@id":"https:\/\/news.ecclesia.org.br\/#\/schema\/person\/6f09597f025829745ba414a569f63758"},"headline":"DOM IOSIF VISITA FLORIAN\u00d3POLIS","datePublished":"2014-09-14T04:40:03+00:00","dateModified":"2016-03-22T19:58:49+00:00","mainEntityOfPage":{"@id":"https:\/\/news.ecclesia.org.br\/?p=7207"},"wordCount":144,"commentCount":0,"publisher":{"@id":"https:\/\/news.ecclesia.org.br\/#organization"},"image":{"@id":"https:\/\/news.ecclesia.org.br\/?p=7207#primaryimage"},"thumbnailUrl":"https:\/\/news.ecclesia.org.br\/wp-content\/uploads\/2014\/09\/005-2.jpg","articleSection":["Arquidiocese de Buenos Aires e Am\u00e9rica do Sul","BRASIL"],"inLanguage":"pt-BR","potentialAction":[{"@type":"CommentAction","name":"Comment","target":["https:\/\/news.ecclesia.org.br\/?p=7207#respond"]}]},{"@type":"WebPage","@id":"https:\/\/news.ecclesia.org.br\/?p=7207","url":"https:\/\/news.ecclesia.org.br\/?p=7207","name":"DOM IOSIF VISITA FLORIAN\u00d3POLIS | ECCLESIA NEWS","isPartOf":{"@id":"https:\/\/news.ecclesia.org.br\/#website"},"primaryImageOfPage":{"@id":"https:\/\/news.ecclesia.org.br\/?p=7207#primaryimage"},"image":{"@id":"https:\/\/news.ecclesia.org.br\/?p=7207#primaryimage"},"thumbnailUrl":"https:\/\/news.ecclesia.org.br\/wp-content\/uploads\/2014\/09\/005-2.jpg","datePublished":"2014-09-14T04:40:03+00:00","dateModified":"2016-03-22T19:58:49+00:00","breadcrumb":{"@id":"https:\/\/news.ecclesia.org.br\/?p=7207#breadcrumb"},"inLanguage":"pt-BR","potentialAction":[{"@type":"ReadAction","target":["https:\/\/news.ecclesia.org.br\/?p=7207"]}]},{"@type":"ImageObject","inLanguage":"pt-BR","@id":"https:\/\/news.ecclesia.org.br\/?p=7207#primaryimage","url":"https:\/\/news.ecclesia.org.br\/wp-content\/uploads\/2014\/09\/005-2.jpg","contentUrl":"https:\/\/news.ecclesia.org.br\/wp-content\/uploads\/2014\/09\/005-2.jpg","width":600,"height":800},{"@type":"BreadcrumbList","@id":"https:\/\/news.ecclesia.org.br\/?p=7207#breadcrumb","itemListElement":[{"@type":"ListItem","position":1,"name":"In\u00edcio","item":"https:\/\/news.ecclesia.org.br\/"},{"@type":"ListItem","position":2,"name":"DOM IOSIF VISITA FLORIAN\u00d3POLIS"}]},{"@type":"WebSite","@id":"https:\/\/news.ecclesia.org.br\/#website","url":"https:\/\/news.ecclesia.org.br\/","name":"Ecclesia Brasil","description":"Desde 2003 onectando o Brasil ao mundo ortodoxo!","publisher":{"@id":"https:\/\/news.ecclesia.org.br\/#organization"},"alternateName":"Ecclesia","potentialAction":[{"@type":"SearchAction","target":{"@type":"EntryPoint","urlTemplate":"https:\/\/news.ecclesia.org.br\/?s={search_term_string}"},"query-input":{"@type":"PropertyValueSpecification","valueRequired":true,"valueName":"search_term_string"}}],"inLanguage":"pt-BR"},{"@type":"Organization","@id":"https:\/\/news.ecclesia.org.br\/#organization","name":"Sacra Arquidiocese de Buenos Aires e Am\u00e9rica do Sul | Patriarcado Ecum\u00eanico","alternateName":"News Ecclesia Brasil","url":"https:\/\/news.ecclesia.org.br\/","logo":{"@type":"ImageObject","inLanguage":"pt-BR","@id":"https:\/\/news.ecclesia.org.br\/#\/schema\/logo\/image\/","url":"https:\/\/news.ecclesia.org.br\/wp-content\/uploads\/2025\/05\/ecclesia2.png","contentUrl":"https:\/\/news.ecclesia.org.br\/wp-content\/uploads\/2025\/05\/ecclesia2.png","width":480,"height":120,"caption":"Sacra Arquidiocese de Buenos Aires e Am\u00e9rica do Sul | Patriarcado Ecum\u00eanico"},"image":{"@id":"https:\/\/news.ecclesia.org.br\/#\/schema\/logo\/image\/"},"sameAs":["https:\/\/www.facebook.com\/Ecclesia2025","https:\/\/x.com\/EcclesiaNews","https:\/\/br.pinterest.com\/ekklisia\/","https:\/\/www.youtube.com\/@EcclesiaBrasil"]},{"@type":"Person","@id":"https:\/\/news.ecclesia.org.br\/#\/schema\/person\/6f09597f025829745ba414a569f63758","name":"Pe. Andr\u00e9","image":{"@type":"ImageObject","inLanguage":"pt-BR","@id":"https:\/\/secure.gravatar.com\/avatar\/b4327cfa27e9799da239a26adcd534fc29cdc0c4a4a148eecbcfeb9b42c617ac?s=96&d=mm&r=g","url":"https:\/\/secure.gravatar.com\/avatar\/b4327cfa27e9799da239a26adcd534fc29cdc0c4a4a148eecbcfeb9b42c617ac?s=96&d=mm&r=g","contentUrl":"https:\/\/secure.gravatar.com\/avatar\/b4327cfa27e9799da239a26adcd534fc29cdc0c4a4a148eecbcfeb9b42c617ac?s=96&d=mm&r=g","caption":"Pe. Andr\u00e9"},"sameAs":["https:\/\/www.ecclesia.org.br"]}]}},"_links":{"self":[{"href":"https:\/\/news.ecclesia.org.br\/index.php?rest_route=\/wp\/v2\/posts\/7207","targetHints":{"allow":["GET"]}}],"collection":[{"href":"https:\/\/news.ecclesia.org.br\/index.php?rest_route=\/wp\/v2\/posts"}],"about":[{"href":"https:\/\/news.ecclesia.org.br\/index.php?rest_route=\/wp\/v2\/types\/post"}],"author":[{"embeddable":true,"href":"https:\/\/news.ecclesia.org.br\/index.php?rest_route=\/wp\/v2\/users\/1"}],"replies":[{"embeddable":true,"href":"https:\/\/news.ecclesia.org.br\/index.php?rest_route=%2Fwp%2Fv2%2Fcomments&post=7207"}],"version-history":[{"count":0,"href":"https:\/\/news.ecclesia.org.br\/index.php?rest_route=\/wp\/v2\/posts\/7207\/revisions"}],"wp:featuredmedia":[{"embeddable":true,"href":"https:\/\/news.ecclesia.org.br\/index.php?rest_route=\/wp\/v2\/media\/18554"}],"wp:attachment":[{"href":"https:\/\/news.ecclesia.org.br\/index.php?rest_route=%2Fwp%2Fv2%2Fmedia&parent=7207"}],"wp:term":[{"taxonomy":"category","embeddable":true,"href":"https:\/\/news.ecclesia.org.br\/index.php?rest_route=%2Fwp%2Fv2%2Fcategories&post=7207"},{"taxonomy":"post_tag","embeddable":true,"href":"https:\/\/news.ecclesia.org.br\/index.php?rest_route=%2Fwp%2Fv2%2Ftags&post=7207"}],"curies":[{"name":"wp","href":"https:\/\/api.w.org\/{rel}","templated":true}]}}