{"id":7138,"date":"2013-05-07T01:23:34","date_gmt":"2013-05-07T01:23:34","guid":{"rendered":"http:\/\/www.ecclesia.com.br\/news\/2013\/?p=7138"},"modified":"2016-03-23T20:39:52","modified_gmt":"2016-03-23T20:39:52","slug":"patriarca-bartolomeu-i-visitara-milao-2","status":"publish","type":"post","link":"https:\/\/news.ecclesia.org.br\/?p=7138","title":{"rendered":"PATRIARCA BARTOLOMEU I VISITAR\u00c1 MIL\u00c3O"},"content":{"rendered":"<p style=\"text-align: justify;\"><strong style=\"text-align: justify; line-height: 1.5em;\">Patriarca Ecum\u00eanico Bartolomeu I visitar\u00e1 Mil\u00e3o em maio por ocasi\u00e3o dos 1.700 anos do Edito de Mil\u00e3o<\/strong><\/p>\n<p style=\"text-align: justify;\"><a href=\"https:\/\/news.ecclesia.org.br\/2013\/wp-content\/uploads\/2013\/03\/patriarca-bartolomeu-1.jpg\" rel=\"attachment wp-att-6213\"><img fetchpriority=\"high\" decoding=\"async\" class=\"alignleft size-medium wp-image-6213\" src=\"https:\/\/news.ecclesia.org.br\/2013\/wp-content\/uploads\/2013\/03\/patriarca-bartolomeu-1-300x217.jpg\" alt=\"patriarca-bartolomeu\" width=\"300\" height=\"217\" srcset=\"https:\/\/news.ecclesia.org.br\/wp-content\/uploads\/2013\/03\/patriarca-bartolomeu-1-300x217.jpg 300w, https:\/\/news.ecclesia.org.br\/wp-content\/uploads\/2013\/03\/patriarca-bartolomeu-1-76x55.jpg 76w, https:\/\/news.ecclesia.org.br\/wp-content\/uploads\/2013\/03\/patriarca-bartolomeu-1.jpg 600w\" sizes=\"(max-width: 300px) 100vw, 300px\" \/><\/a>Mil\u00e3o (RV)\u00a0\u2013 O Patriarca Ecum\u00eanico de Constantinopla Bartolomeu I visitar\u00e1 Mil\u00e3o nos dias 15 e 16 de maio, por ocasi\u00e3o dos 1.700 anos do Edito de Mil\u00e3o. No centro da visita a\u00a0<i>lectio magistralis<\/i>\u00a0com o Cardeal Scola sobre liberdade religiosa e a ora\u00e7\u00e3o ecum\u00eanica na Bas\u00edlica de Santo Ambr\u00f3sio.<\/p>\n<p style=\"text-align: justify;\">Esta hist\u00f3rica e excepcional visita do l\u00edder religioso, ponto de refer\u00eancia da comunh\u00e3o da Igreja Ortodoxa, constitui o momento central das celebra\u00e7\u00f5es desejadas pela Diocese Ambrosina pelo 17\u00ba centen\u00e1rio da assinatura do Edito de Mil\u00e3o que permitiu a liberdade religiosa no Imp\u00e9rio Romano.<\/p>\n<p style=\"text-align: justify;\">Na quarta-feira, 15, \u00e0s 11 horas, Bartolomeu I presidir\u00e1 a ora\u00e7\u00e3o ortodoxa em Santa Maria Podone, uma das igrejas cat\u00f3licas mais antigas da cidade de Mil\u00e3o, cedida em outubro de 2012 pela Diocese milanesa para uso da Comunidade greco-ortodoxa. Ao final da celebra\u00e7\u00e3o lit\u00fargica, \u00e0 qual participar\u00e1 o Cardeal Scola, o Patriarca far\u00e1 um discurso \u00e0 Comunidade Ortodoxa e aos presentes.<\/p>\n<p style=\"text-align: justify;\">A quarta-feira prosseguir\u00e1 com um encontro de grande valor religioso e tamb\u00e9m civil. \u00c0s 17hs30min, na Sala das <i>Cari\u00e1tides<\/i>, no Pal\u00e1cio Real, se ter\u00e1 a\u00a0<i>lectio magistralis<\/i>\u00a0a duas vozes: o Patriarca Bartolomeu e o Cardeal-arcebispo Scola v\u00e3o dialogar a partir do texto de Jo\u00e3o \u201cConhecereis a Verdade e a Verdade vos libertar\u00e1\u201d (Jo\u00e3o 8,32). A reflex\u00e3o tratar\u00e1 do significado \u2013 na sociedade contempor\u00e2nea plural &#8211; do tema da liberdade religiosa que justo no Edito assinado em Mil\u00e3o pelo Imperador Constantino e Licinio em 313 d.C. teve a primeira tentativa de reconhecimento.<\/p>\n<p style=\"text-align: justify;\">Na quinta-feira, 16, \u00e0s 11 horas, na Bas\u00edlica de Santo Ambr\u00f3sio, Bartolomeu I e o Cardeal Scola presidir\u00e3o uma celebra\u00e7\u00e3o ecum\u00eanica animada pelo Coro bizantino do Conservat\u00f3rio de Acharnes e pelo coral do Domo de Mil\u00e3o. Ao final da celebra\u00e7\u00e3o, o Cardeal Scola e o Patriarca Bartolomeu descer\u00e3o \u00e0 Cripta para venera\u00e7\u00e3o dos restos mortais de Santo Ambr\u00f3sio e dos Santos Gerv\u00e1sio e Pror\u00e1sio, venera\u00e7\u00e3o comum \u00e0 cat\u00f3licos e ortodoxos.<\/p>\n<p style=\"text-align: justify;\">A vista do Patriarca Bartolomeu ser\u00e1 acompanhada pelo Secret\u00e1rio do Pontif\u00edcio Conselho para a Promo\u00e7\u00e3o da Unidade dos crist\u00e3os, Brian Farrell.<\/p>\n","protected":false},"excerpt":{"rendered":"<p>Patriarca Ecum\u00eanico Bartolomeu I visitar\u00e1 Mil\u00e3o em maio por ocasi\u00e3o dos 1.700 anos do Edito de Mil\u00e3o Mil\u00e3o (RV)\u00a0\u2013 O Patriarca Ecum\u00eanico de Constantinopla Bartolomeu I visitar\u00e1 Mil\u00e3o nos dias 15 e 16 de maio, por ocasi\u00e3o dos 1.700 anos&#8230;<\/p>\n","protected":false},"author":1,"featured_media":6213,"comment_status":"open","ping_status":"open","sticky":false,"template":"","format":"standard","meta":{"_acf_changed":false,"footnotes":""},"categories":[3,72],"tags":[],"class_list":["post-7138","post","type-post","status-publish","format-standard","has-post-thumbnail","hentry","category-mundo","category-patriarcado-ecumenico","entry","rows-excerpt"],"acf":[],"yoast_head":"<!-- This site is optimized with the Yoast SEO plugin v27.4 - https:\/\/yoast.com\/product\/yoast-seo-wordpress\/ -->\n<title>PATRIARCA BARTOLOMEU I VISITAR\u00c1 MIL\u00c3O | ECCLESIA NEWS<\/title>\n<meta name=\"robots\" content=\"index, follow, max-snippet:-1, max-image-preview:large, max-video-preview:-1\" \/>\n<link rel=\"canonical\" href=\"https:\/\/news.ecclesia.org.br\/?p=7138\" \/>\n<meta property=\"og:locale\" content=\"pt_BR\" \/>\n<meta property=\"og:type\" content=\"article\" \/>\n<meta property=\"og:title\" content=\"PATRIARCA BARTOLOMEU I VISITAR\u00c1 MIL\u00c3O | ECCLESIA NEWS\" \/>\n<meta property=\"og:description\" content=\"Patriarca Ecum\u00eanico Bartolomeu I visitar\u00e1 Mil\u00e3o em maio por ocasi\u00e3o dos 1.700 anos do Edito de Mil\u00e3o Mil\u00e3o (RV)\u00a0\u2013 O Patriarca Ecum\u00eanico de Constantinopla Bartolomeu I visitar\u00e1 Mil\u00e3o nos dias 15 e 16 de maio, por ocasi\u00e3o dos 1.700 anos&#8230;\" \/>\n<meta property=\"og:url\" content=\"https:\/\/news.ecclesia.org.br\/?p=7138\" \/>\n<meta property=\"og:site_name\" content=\"ECCLESIA NEWS\" \/>\n<meta property=\"article:publisher\" content=\"https:\/\/www.facebook.com\/Ecclesia2025\" \/>\n<meta property=\"article:published_time\" content=\"2013-05-07T01:23:34+00:00\" \/>\n<meta property=\"article:modified_time\" content=\"2016-03-23T20:39:52+00:00\" \/>\n<meta property=\"og:image\" content=\"https:\/\/news.ecclesia.org.br\/wp-content\/uploads\/2013\/03\/patriarca-bartolomeu-1.jpg\" \/>\n\t<meta property=\"og:image:width\" content=\"600\" \/>\n\t<meta property=\"og:image:height\" content=\"434\" \/>\n\t<meta property=\"og:image:type\" content=\"image\/jpeg\" \/>\n<meta name=\"author\" content=\"Pe. Andr\u00e9\" \/>\n<meta name=\"twitter:card\" content=\"summary_large_image\" \/>\n<meta name=\"twitter:creator\" content=\"@EcclesiaNews\" \/>\n<meta name=\"twitter:site\" content=\"@EcclesiaNews\" \/>\n<meta name=\"twitter:label1\" content=\"Escrito por\" \/>\n\t<meta name=\"twitter:data1\" content=\"Pe. Andr\u00e9\" \/>\n\t<meta name=\"twitter:label2\" content=\"Est. tempo de leitura\" \/>\n\t<meta name=\"twitter:data2\" content=\"2 minutos\" \/>\n<script type=\"application\/ld+json\" class=\"yoast-schema-graph\">{\"@context\":\"https:\\\/\\\/schema.org\",\"@graph\":[{\"@type\":\"Article\",\"@id\":\"https:\\\/\\\/news.ecclesia.org.br\\\/?p=7138#article\",\"isPartOf\":{\"@id\":\"https:\\\/\\\/news.ecclesia.org.br\\\/?p=7138\"},\"author\":{\"name\":\"Pe. Andr\u00e9\",\"@id\":\"https:\\\/\\\/news.ecclesia.org.br\\\/#\\\/schema\\\/person\\\/6f09597f025829745ba414a569f63758\"},\"headline\":\"PATRIARCA BARTOLOMEU I VISITAR\u00c1 MIL\u00c3O\",\"datePublished\":\"2013-05-07T01:23:34+00:00\",\"dateModified\":\"2016-03-23T20:39:52+00:00\",\"mainEntityOfPage\":{\"@id\":\"https:\\\/\\\/news.ecclesia.org.br\\\/?p=7138\"},\"wordCount\":399,\"commentCount\":0,\"publisher\":{\"@id\":\"https:\\\/\\\/news.ecclesia.org.br\\\/#organization\"},\"image\":{\"@id\":\"https:\\\/\\\/news.ecclesia.org.br\\\/?p=7138#primaryimage\"},\"thumbnailUrl\":\"https:\\\/\\\/news.ecclesia.org.br\\\/wp-content\\\/uploads\\\/2013\\\/03\\\/patriarca-bartolomeu-1.jpg\",\"articleSection\":[\"Mundo Ortodoxo\",\"Patriarcado Ecum\u00eanico\"],\"inLanguage\":\"pt-BR\",\"potentialAction\":[{\"@type\":\"CommentAction\",\"name\":\"Comment\",\"target\":[\"https:\\\/\\\/news.ecclesia.org.br\\\/?p=7138#respond\"]}]},{\"@type\":\"WebPage\",\"@id\":\"https:\\\/\\\/news.ecclesia.org.br\\\/?p=7138\",\"url\":\"https:\\\/\\\/news.ecclesia.org.br\\\/?p=7138\",\"name\":\"PATRIARCA BARTOLOMEU I VISITAR\u00c1 MIL\u00c3O | ECCLESIA NEWS\",\"isPartOf\":{\"@id\":\"https:\\\/\\\/news.ecclesia.org.br\\\/#website\"},\"primaryImageOfPage\":{\"@id\":\"https:\\\/\\\/news.ecclesia.org.br\\\/?p=7138#primaryimage\"},\"image\":{\"@id\":\"https:\\\/\\\/news.ecclesia.org.br\\\/?p=7138#primaryimage\"},\"thumbnailUrl\":\"https:\\\/\\\/news.ecclesia.org.br\\\/wp-content\\\/uploads\\\/2013\\\/03\\\/patriarca-bartolomeu-1.jpg\",\"datePublished\":\"2013-05-07T01:23:34+00:00\",\"dateModified\":\"2016-03-23T20:39:52+00:00\",\"breadcrumb\":{\"@id\":\"https:\\\/\\\/news.ecclesia.org.br\\\/?p=7138#breadcrumb\"},\"inLanguage\":\"pt-BR\",\"potentialAction\":[{\"@type\":\"ReadAction\",\"target\":[\"https:\\\/\\\/news.ecclesia.org.br\\\/?p=7138\"]}]},{\"@type\":\"ImageObject\",\"inLanguage\":\"pt-BR\",\"@id\":\"https:\\\/\\\/news.ecclesia.org.br\\\/?p=7138#primaryimage\",\"url\":\"https:\\\/\\\/news.ecclesia.org.br\\\/wp-content\\\/uploads\\\/2013\\\/03\\\/patriarca-bartolomeu-1.jpg\",\"contentUrl\":\"https:\\\/\\\/news.ecclesia.org.br\\\/wp-content\\\/uploads\\\/2013\\\/03\\\/patriarca-bartolomeu-1.jpg\",\"width\":600,\"height\":434},{\"@type\":\"BreadcrumbList\",\"@id\":\"https:\\\/\\\/news.ecclesia.org.br\\\/?p=7138#breadcrumb\",\"itemListElement\":[{\"@type\":\"ListItem\",\"position\":1,\"name\":\"In\u00edcio\",\"item\":\"https:\\\/\\\/news.ecclesia.org.br\\\/\"},{\"@type\":\"ListItem\",\"position\":2,\"name\":\"PATRIARCA BARTOLOMEU I VISITAR\u00c1 MIL\u00c3O\"}]},{\"@type\":\"WebSite\",\"@id\":\"https:\\\/\\\/news.ecclesia.org.br\\\/#website\",\"url\":\"https:\\\/\\\/news.ecclesia.org.br\\\/\",\"name\":\"Ecclesia Brasil\",\"description\":\"Desde 2003 onectando o Brasil ao mundo ortodoxo!\",\"publisher\":{\"@id\":\"https:\\\/\\\/news.ecclesia.org.br\\\/#organization\"},\"alternateName\":\"Ecclesia\",\"potentialAction\":[{\"@type\":\"SearchAction\",\"target\":{\"@type\":\"EntryPoint\",\"urlTemplate\":\"https:\\\/\\\/news.ecclesia.org.br\\\/?s={search_term_string}\"},\"query-input\":{\"@type\":\"PropertyValueSpecification\",\"valueRequired\":true,\"valueName\":\"search_term_string\"}}],\"inLanguage\":\"pt-BR\"},{\"@type\":\"Organization\",\"@id\":\"https:\\\/\\\/news.ecclesia.org.br\\\/#organization\",\"name\":\"Sacra Arquidiocese de Buenos Aires e Am\u00e9rica do Sul | Patriarcado Ecum\u00eanico\",\"alternateName\":\"News Ecclesia Brasil\",\"url\":\"https:\\\/\\\/news.ecclesia.org.br\\\/\",\"logo\":{\"@type\":\"ImageObject\",\"inLanguage\":\"pt-BR\",\"@id\":\"https:\\\/\\\/news.ecclesia.org.br\\\/#\\\/schema\\\/logo\\\/image\\\/\",\"url\":\"https:\\\/\\\/news.ecclesia.org.br\\\/wp-content\\\/uploads\\\/2025\\\/05\\\/ecclesia2.png\",\"contentUrl\":\"https:\\\/\\\/news.ecclesia.org.br\\\/wp-content\\\/uploads\\\/2025\\\/05\\\/ecclesia2.png\",\"width\":480,\"height\":120,\"caption\":\"Sacra Arquidiocese de Buenos Aires e Am\u00e9rica do Sul | Patriarcado Ecum\u00eanico\"},\"image\":{\"@id\":\"https:\\\/\\\/news.ecclesia.org.br\\\/#\\\/schema\\\/logo\\\/image\\\/\"},\"sameAs\":[\"https:\\\/\\\/www.facebook.com\\\/Ecclesia2025\",\"https:\\\/\\\/x.com\\\/EcclesiaNews\",\"https:\\\/\\\/br.pinterest.com\\\/ekklisia\\\/\",\"https:\\\/\\\/www.youtube.com\\\/@EcclesiaBrasil\"]},{\"@type\":\"Person\",\"@id\":\"https:\\\/\\\/news.ecclesia.org.br\\\/#\\\/schema\\\/person\\\/6f09597f025829745ba414a569f63758\",\"name\":\"Pe. Andr\u00e9\",\"image\":{\"@type\":\"ImageObject\",\"inLanguage\":\"pt-BR\",\"@id\":\"https:\\\/\\\/secure.gravatar.com\\\/avatar\\\/b4327cfa27e9799da239a26adcd534fc29cdc0c4a4a148eecbcfeb9b42c617ac?s=96&d=mm&r=g\",\"url\":\"https:\\\/\\\/secure.gravatar.com\\\/avatar\\\/b4327cfa27e9799da239a26adcd534fc29cdc0c4a4a148eecbcfeb9b42c617ac?s=96&d=mm&r=g\",\"contentUrl\":\"https:\\\/\\\/secure.gravatar.com\\\/avatar\\\/b4327cfa27e9799da239a26adcd534fc29cdc0c4a4a148eecbcfeb9b42c617ac?s=96&d=mm&r=g\",\"caption\":\"Pe. Andr\u00e9\"},\"sameAs\":[\"https:\\\/\\\/www.ecclesia.org.br\"]}]}<\/script>\n<!-- \/ Yoast SEO plugin. -->","yoast_head_json":{"title":"PATRIARCA BARTOLOMEU I VISITAR\u00c1 MIL\u00c3O | ECCLESIA NEWS","robots":{"index":"index","follow":"follow","max-snippet":"max-snippet:-1","max-image-preview":"max-image-preview:large","max-video-preview":"max-video-preview:-1"},"canonical":"https:\/\/news.ecclesia.org.br\/?p=7138","og_locale":"pt_BR","og_type":"article","og_title":"PATRIARCA BARTOLOMEU I VISITAR\u00c1 MIL\u00c3O | ECCLESIA NEWS","og_description":"Patriarca Ecum\u00eanico Bartolomeu I visitar\u00e1 Mil\u00e3o em maio por ocasi\u00e3o dos 1.700 anos do Edito de Mil\u00e3o Mil\u00e3o (RV)\u00a0\u2013 O Patriarca Ecum\u00eanico de Constantinopla Bartolomeu I visitar\u00e1 Mil\u00e3o nos dias 15 e 16 de maio, por ocasi\u00e3o dos 1.700 anos&#8230;","og_url":"https:\/\/news.ecclesia.org.br\/?p=7138","og_site_name":"ECCLESIA NEWS","article_publisher":"https:\/\/www.facebook.com\/Ecclesia2025","article_published_time":"2013-05-07T01:23:34+00:00","article_modified_time":"2016-03-23T20:39:52+00:00","og_image":[{"width":600,"height":434,"url":"https:\/\/news.ecclesia.org.br\/wp-content\/uploads\/2013\/03\/patriarca-bartolomeu-1.jpg","type":"image\/jpeg"}],"author":"Pe. Andr\u00e9","twitter_card":"summary_large_image","twitter_creator":"@EcclesiaNews","twitter_site":"@EcclesiaNews","twitter_misc":{"Escrito por":"Pe. Andr\u00e9","Est. tempo de leitura":"2 minutos"},"schema":{"@context":"https:\/\/schema.org","@graph":[{"@type":"Article","@id":"https:\/\/news.ecclesia.org.br\/?p=7138#article","isPartOf":{"@id":"https:\/\/news.ecclesia.org.br\/?p=7138"},"author":{"name":"Pe. Andr\u00e9","@id":"https:\/\/news.ecclesia.org.br\/#\/schema\/person\/6f09597f025829745ba414a569f63758"},"headline":"PATRIARCA BARTOLOMEU I VISITAR\u00c1 MIL\u00c3O","datePublished":"2013-05-07T01:23:34+00:00","dateModified":"2016-03-23T20:39:52+00:00","mainEntityOfPage":{"@id":"https:\/\/news.ecclesia.org.br\/?p=7138"},"wordCount":399,"commentCount":0,"publisher":{"@id":"https:\/\/news.ecclesia.org.br\/#organization"},"image":{"@id":"https:\/\/news.ecclesia.org.br\/?p=7138#primaryimage"},"thumbnailUrl":"https:\/\/news.ecclesia.org.br\/wp-content\/uploads\/2013\/03\/patriarca-bartolomeu-1.jpg","articleSection":["Mundo Ortodoxo","Patriarcado Ecum\u00eanico"],"inLanguage":"pt-BR","potentialAction":[{"@type":"CommentAction","name":"Comment","target":["https:\/\/news.ecclesia.org.br\/?p=7138#respond"]}]},{"@type":"WebPage","@id":"https:\/\/news.ecclesia.org.br\/?p=7138","url":"https:\/\/news.ecclesia.org.br\/?p=7138","name":"PATRIARCA BARTOLOMEU I VISITAR\u00c1 MIL\u00c3O | ECCLESIA NEWS","isPartOf":{"@id":"https:\/\/news.ecclesia.org.br\/#website"},"primaryImageOfPage":{"@id":"https:\/\/news.ecclesia.org.br\/?p=7138#primaryimage"},"image":{"@id":"https:\/\/news.ecclesia.org.br\/?p=7138#primaryimage"},"thumbnailUrl":"https:\/\/news.ecclesia.org.br\/wp-content\/uploads\/2013\/03\/patriarca-bartolomeu-1.jpg","datePublished":"2013-05-07T01:23:34+00:00","dateModified":"2016-03-23T20:39:52+00:00","breadcrumb":{"@id":"https:\/\/news.ecclesia.org.br\/?p=7138#breadcrumb"},"inLanguage":"pt-BR","potentialAction":[{"@type":"ReadAction","target":["https:\/\/news.ecclesia.org.br\/?p=7138"]}]},{"@type":"ImageObject","inLanguage":"pt-BR","@id":"https:\/\/news.ecclesia.org.br\/?p=7138#primaryimage","url":"https:\/\/news.ecclesia.org.br\/wp-content\/uploads\/2013\/03\/patriarca-bartolomeu-1.jpg","contentUrl":"https:\/\/news.ecclesia.org.br\/wp-content\/uploads\/2013\/03\/patriarca-bartolomeu-1.jpg","width":600,"height":434},{"@type":"BreadcrumbList","@id":"https:\/\/news.ecclesia.org.br\/?p=7138#breadcrumb","itemListElement":[{"@type":"ListItem","position":1,"name":"In\u00edcio","item":"https:\/\/news.ecclesia.org.br\/"},{"@type":"ListItem","position":2,"name":"PATRIARCA BARTOLOMEU I VISITAR\u00c1 MIL\u00c3O"}]},{"@type":"WebSite","@id":"https:\/\/news.ecclesia.org.br\/#website","url":"https:\/\/news.ecclesia.org.br\/","name":"Ecclesia Brasil","description":"Desde 2003 onectando o Brasil ao mundo ortodoxo!","publisher":{"@id":"https:\/\/news.ecclesia.org.br\/#organization"},"alternateName":"Ecclesia","potentialAction":[{"@type":"SearchAction","target":{"@type":"EntryPoint","urlTemplate":"https:\/\/news.ecclesia.org.br\/?s={search_term_string}"},"query-input":{"@type":"PropertyValueSpecification","valueRequired":true,"valueName":"search_term_string"}}],"inLanguage":"pt-BR"},{"@type":"Organization","@id":"https:\/\/news.ecclesia.org.br\/#organization","name":"Sacra Arquidiocese de Buenos Aires e Am\u00e9rica do Sul | Patriarcado Ecum\u00eanico","alternateName":"News Ecclesia Brasil","url":"https:\/\/news.ecclesia.org.br\/","logo":{"@type":"ImageObject","inLanguage":"pt-BR","@id":"https:\/\/news.ecclesia.org.br\/#\/schema\/logo\/image\/","url":"https:\/\/news.ecclesia.org.br\/wp-content\/uploads\/2025\/05\/ecclesia2.png","contentUrl":"https:\/\/news.ecclesia.org.br\/wp-content\/uploads\/2025\/05\/ecclesia2.png","width":480,"height":120,"caption":"Sacra Arquidiocese de Buenos Aires e Am\u00e9rica do Sul | Patriarcado Ecum\u00eanico"},"image":{"@id":"https:\/\/news.ecclesia.org.br\/#\/schema\/logo\/image\/"},"sameAs":["https:\/\/www.facebook.com\/Ecclesia2025","https:\/\/x.com\/EcclesiaNews","https:\/\/br.pinterest.com\/ekklisia\/","https:\/\/www.youtube.com\/@EcclesiaBrasil"]},{"@type":"Person","@id":"https:\/\/news.ecclesia.org.br\/#\/schema\/person\/6f09597f025829745ba414a569f63758","name":"Pe. Andr\u00e9","image":{"@type":"ImageObject","inLanguage":"pt-BR","@id":"https:\/\/secure.gravatar.com\/avatar\/b4327cfa27e9799da239a26adcd534fc29cdc0c4a4a148eecbcfeb9b42c617ac?s=96&d=mm&r=g","url":"https:\/\/secure.gravatar.com\/avatar\/b4327cfa27e9799da239a26adcd534fc29cdc0c4a4a148eecbcfeb9b42c617ac?s=96&d=mm&r=g","contentUrl":"https:\/\/secure.gravatar.com\/avatar\/b4327cfa27e9799da239a26adcd534fc29cdc0c4a4a148eecbcfeb9b42c617ac?s=96&d=mm&r=g","caption":"Pe. Andr\u00e9"},"sameAs":["https:\/\/www.ecclesia.org.br"]}]}},"_links":{"self":[{"href":"https:\/\/news.ecclesia.org.br\/index.php?rest_route=\/wp\/v2\/posts\/7138","targetHints":{"allow":["GET"]}}],"collection":[{"href":"https:\/\/news.ecclesia.org.br\/index.php?rest_route=\/wp\/v2\/posts"}],"about":[{"href":"https:\/\/news.ecclesia.org.br\/index.php?rest_route=\/wp\/v2\/types\/post"}],"author":[{"embeddable":true,"href":"https:\/\/news.ecclesia.org.br\/index.php?rest_route=\/wp\/v2\/users\/1"}],"replies":[{"embeddable":true,"href":"https:\/\/news.ecclesia.org.br\/index.php?rest_route=%2Fwp%2Fv2%2Fcomments&post=7138"}],"version-history":[{"count":0,"href":"https:\/\/news.ecclesia.org.br\/index.php?rest_route=\/wp\/v2\/posts\/7138\/revisions"}],"wp:featuredmedia":[{"embeddable":true,"href":"https:\/\/news.ecclesia.org.br\/index.php?rest_route=\/wp\/v2\/media\/6213"}],"wp:attachment":[{"href":"https:\/\/news.ecclesia.org.br\/index.php?rest_route=%2Fwp%2Fv2%2Fmedia&parent=7138"}],"wp:term":[{"taxonomy":"category","embeddable":true,"href":"https:\/\/news.ecclesia.org.br\/index.php?rest_route=%2Fwp%2Fv2%2Fcategories&post=7138"},{"taxonomy":"post_tag","embeddable":true,"href":"https:\/\/news.ecclesia.org.br\/index.php?rest_route=%2Fwp%2Fv2%2Ftags&post=7138"}],"curies":[{"name":"wp","href":"https:\/\/api.w.org\/{rel}","templated":true}]}}