{"id":7134,"date":"2014-03-02T01:16:50","date_gmt":"2014-03-02T04:16:50","guid":{"rendered":"http:\/\/www.ecclesia.com.br\/news\/2013\/?p=7134"},"modified":"2020-05-31T18:04:01","modified_gmt":"2020-05-31T18:04:01","slug":"encontro-anual-do-clero-da-arquidiocese-de-buenos-aires-e-america-do-sul-2","status":"publish","type":"post","link":"https:\/\/news.ecclesia.org.br\/?p=7134","title":{"rendered":"ENCONTRO ANUAL DO CLERO DA ARQUIDIOCESE DE BUENOS AIRES E AMERICA DO SUL"},"content":{"rendered":"<p style=\"text-align: right;\" align=\"center\">Da Chanceria<\/p>\n<p style=\"text-align: justify;\"><a href=\"https:\/\/news.ecclesia.org.br\/2013\/wp-content\/uploads\/2014\/03\/encontro1-1.jpg\" rel=\"attachment wp-att-7037\"><img fetchpriority=\"high\" decoding=\"async\" class=\"alignleft size-medium wp-image-7037\" src=\"https:\/\/news.ecclesia.org.br\/2013\/wp-content\/uploads\/2014\/03\/encontro1-1-300x200.jpg\" alt=\"encontro\" width=\"300\" height=\"200\" srcset=\"https:\/\/news.ecclesia.org.br\/wp-content\/uploads\/2014\/03\/encontro1-1-300x200.jpg 300w, https:\/\/news.ecclesia.org.br\/wp-content\/uploads\/2014\/03\/encontro1-1-768x512.jpg 768w, https:\/\/news.ecclesia.org.br\/wp-content\/uploads\/2014\/03\/encontro1-1-82x55.jpg 82w, https:\/\/news.ecclesia.org.br\/wp-content\/uploads\/2014\/03\/encontro1-1-60x40.jpg 60w, https:\/\/news.ecclesia.org.br\/wp-content\/uploads\/2014\/03\/encontro1-1-120x80.jpg 120w, https:\/\/news.ecclesia.org.br\/wp-content\/uploads\/2014\/03\/encontro1-1.jpg 796w\" sizes=\"(max-width: 300px) 100vw, 300px\" \/><\/a>Entre 24 e 28 de fevereiro de 2014, realizou-se em Buenos Aires, Argentina , a reuni\u00e3o anual do clero da Arquidiocese de Buenos Aires e Exarcado da Am\u00e9rica do Sul do Patriarcado Ecum\u00eanico.<\/p>\n<p style=\"text-align: justify;\">A liturgia da noite vespertina em honra de S\u00e3o Tarasios, patriarca de Constantinopla , presidida por S.E.R. o Arcebispo Metropolitano de Buenos Aires, Dom Tarasios, marcou o in\u00edcio da reuni\u00e3o determinando a linha do mesmo e a sua atmosfera.<\/p>\n<p style=\"text-align: justify;\">Ao final da divina mistagogia, S E. Mons. Prof. Dr. Iosif, Bispo de Patara, Vig\u00e1rio Geral da Metr\u00f3polis, dirigiu-se ao Arcebispo com uma homilia na qual refletia sobre o arqui-sacerd\u00f3cio de Cristo como carisma e dom para todos. \u00c0 alocu\u00e7\u00e3o do Bispo de P\u00e1tara o Arcebispo respondeu com uma homilia de amplo espectro pastoral, na presen\u00e7a de Autoridades diplom\u00e1ticas, Arcontes dignit\u00e1rios, l\u00edderes comunit\u00e1rios e o povo eleito de Deus.<\/p>\n<p style=\"text-align: justify;\">O tema do encontro foi \u00abCristo como crit\u00e9rio \u00faltimo da vida e da fun\u00e7\u00e3o sacerdotal\u00bb. A reflex\u00e3o tratou sobre a vida sacerdotal , em todos os seus aspectos, mas centrada na pessoa de Jesus Cristo e no mist\u00e9rio de sua economia.<\/p>\n<p style=\"text-align: justify;\">Na primeira parte da reuni\u00e3o \u2013a mais teol\u00f3gica- e ap\u00f3s o discurso de abertura oficial \u00a0de S.E.R o Arcebispo Metropolitano, o Bispo de Patara apresentou uma explica\u00e7\u00e3o breve, mas detalhada, sobre o mist\u00e9rio da pessoa de Jesus Cristo, de acordo com a tradi\u00e7\u00e3o teol\u00f3gica e doutrinal dos Padres da Igreja . Em seguida, o Rev. Hieromonge Dr. Paulo Tamanini e o Rev. Presb\u00edtero Prof. Henrique Cairus apresentaram diferentes aspectos (hist\u00f3ricos e filos\u00f3ficos) de reflex\u00e3o e pesquisa sobre a pessoa de Jesus Cristo.<\/p>\n<p style=\"text-align: justify;\">Passando \u00e0 sec\u00e7\u00e3o pastoral e administrativa do encontro, o Arcebispo Metropolitano anunciou oficialmente a proclama\u00e7\u00e3o de 2014 como \u00abAno da Juventude em Cristo\u00bb informando ao clero sobre as atividades planejadas e que visam fomentar a presen\u00e7a de jovens na Igreja, por um lado, e por outro, a adapta\u00e7\u00e3o de pol\u00edticas e a\u00e7\u00f5es pastorais que visar\u00e3o alcan\u00e7ar tal objetivo.<\/p>\n<p style=\"text-align: justify;\">Uma das principais atividades deste ano ser\u00e1 um encontro de jovens da arquidiocese, a ser realizado em outubro pr\u00f3ximo na cidade de C\u00f3rdoba, Argentina. A Comiss\u00e3o Organizadora foi formada pelos Revdos Padres Gabriel Diaz, Ignatios Cavieres e Henrique Cairus, sob a coordena\u00e7\u00e3o do Arcebispo e do Vig\u00e1rio Geral .<\/p>\n<p style=\"text-align: justify;\">Foram discutidas ainda algumas quest\u00f5es importantes relacionadas \u00e0 atual administra\u00e7\u00e3o e a vida pastoral desta arquidiocese do Primeiro Trono da Ortodoxia na Am\u00e9rica do Sul.<\/p>\n<p style=\"text-align: justify;\">___________________<\/p>\n<h2 style=\"text-align: justify;\" align=\"center\"><b><i>\u0395\u03c4\u03ae\u03c3\u03b9\u03b1 \u0399\u03b5\u03c1\u03b1\u03c4\u03b9\u03ba\u03ae \u03a3\u03c5\u03bd\u03ad\u03bb\u03b5\u03c5\u03c3\u03b7 \u03c4\u03b7\u03c2 \u0399\u03b5\u03c1\u03ac\u03c2 \u039c\u03b7\u03c4\u03c1\u03bf\u03c0\u03cc\u03bb\u03b5\u03c9\u03c2 \u039c\u03c0\u03bf\u03c5\u03ad\u03bd\u03bf\u03c2 \u0391\u0390\u03c1\u03b5\u03c2 \u03ba\u03b1\u03b9 \u039d\u03bf\u03c4\u03af\u03bf\u03c5 \u0391\u03bc\u03b5\u03c1\u03b9\u03ba\u03ae<\/i><\/b><b><i>\u00a0<\/i><\/b><\/h2>\n<p style=\"text-align: right;\" align=\"center\"><i>\u03b5\u03ba \u03c4\u03b7\u03c2 \u03c0\u03c1\u03c9\u03c4\u03bf\u03c3\u03c5\u03b3\u03ba\u03b5\u03bb\u03bb\u03af\u03b1\u03c2<\/i><\/p>\n<p style=\"text-align: justify;\">\u0391\u03c0\u03cc 24 \u03ad\u03c9\u03c2 28 \u03a6\u03b5\u03b2\u03c1\u03bf\u03c5\u03b1\u03c1\u03af\u03bf\u03c5 2014 \u03ad\u03bb\u03b1\u03b2\u03b5 \u03c7\u03ce\u03c1\u03b1 \u03c3\u03c4\u03bf \u039c\u03c0\u03bf\u03c5\u03ad\u03bd\u03bf\u03c2 \u0391\u0390\u03c1\u03b5\u03c2 \u03c4\u03b7\u03c2 \u0391\u03c1\u03b3\u03b5\u03bd\u03c4\u03b9\u03bd\u03ae\u03c2 \u03b7 \u03b5\u03c4\u03ae\u03c3\u03b9\u03b1 \u03c3\u03c5\u03bd\u03ad\u03bb\u03b5\u03c5\u03c3\u03b7 \u03ba\u03bb\u03b7\u03c1\u03b9\u03ba\u03ce\u03bd \u03c4\u03b7\u03c2 \u0399\u03b5\u03c1\u03ac\u03c2 \u039c\u03b7\u03c4\u03c1\u03bf\u03c0\u03cc\u03bb\u03b5\u03c9\u03c2 \u039c\u03c0\u03bf\u03c5\u03ad\u03bd\u03bf\u03c2 \u0391\u0390\u03c1\u03b5\u03c2 \u03ba\u03b1\u03b9 \u0395\u03be\u03b1\u03c1\u03c7\u03af\u03b1 \u039d\u03bf\u03c4\u03af\u03bf\u03c5 \u0391\u03bc\u03b5\u03c1\u03b9\u03ba\u03ae\u03c2 \u03c4\u03bf\u03c5 \u039f\u03b9\u03ba\u03bf\u03c5\u03bc\u03b5\u03bd\u03b9\u03ba\u03bf\u03cd \u03a0\u03b1\u03c4\u03c1\u03b9\u03b1\u03c1\u03c7\u03b5\u03af\u03bf\u03c5.<\/p>\n<p style=\"text-align: justify;\">\u0397 \u03b8\u03b5\u03af\u03b1 \u03b5\u03c3\u03c0\u03b5\u03c1\u03b9\u03bd\u03ae \u03bb\u03b5\u03b9\u03c4\u03bf\u03c5\u03c1\u03b3\u03af\u03b1 \u03c0\u03c1\u03bf\u03c2 \u03c4\u03b9\u03bc\u03ae \u03c4\u03bf\u03c5 \u0391\u03b3\u03af\u03bf\u03c5 \u03a4\u03b1\u03c1\u03b1\u03c3\u03af\u03bf\u03c5, \u03a0\u03b1\u03c4\u03c1\u03b9\u03ac\u03c1\u03c7\u03b7 \u039a\u03c9\u03bd\u03c3\u03c4\u03b1\u03bd\u03c4\u03b9\u03bd\u03bf\u03c5\u03c0\u03cc\u03bb\u03b5\u03c9\u03c2, \u03c4\u03b7\u03c2 \u03bf\u03c0\u03bf\u03af\u03b1\u03c2 \u03c0\u03c1\u03bf\u03b5\u03be\u03ae\u03c1\u03c7\u03b5 \u03bf \u03a3\u03b5\u03b2. \u039c\u03b7\u03c4\u03c1\u03bf\u03c0\u03bf\u03bb\u03af\u03c4\u03b7\u03c2 \u039c\u03c0\u03bf\u03c5\u03ad\u03bd\u03bf\u03c2 \u0391\u0390\u03c1\u03b5\u03c2 \u03ba. \u03a4\u03b1\u03c1\u03ac\u03c3\u03b9\u03bf\u03c2,\u00a0 \u03b1\u03c0\u03bf\u03c4\u03ad\u03bb\u03b5\u03c3\u03b5 \u03c4\u03b7\u03bd \u03ba\u03b1\u03c4\u03ac\u03bb\u03bb\u03b7\u03bb\u03b7 \u03ad\u03bd\u03b1\u03c1\u03be\u03b7 \u03c4\u03b7\u03c2 \u03c3\u03c5\u03bd\u03ad\u03bb\u03b5\u03c5\u03c3\u03b7\u03c2 \u03ba\u03b1\u03b9 \u03c7\u03ac\u03c1\u03b1\u03be\u03b5 \u03c4\u03b7\u03bd \u03b3\u03c1\u03b1\u03bc\u03bc\u03ae \u03ba\u03b1\u03b9 \u03c4\u03b7\u03bd \u03b1\u03c4\u03bc\u03cc\u03c3\u03c6\u03b1\u03b9\u03c1\u03ac \u03c4\u03b7\u03c2. \u03a3\u03c4\u03bf \u03c4\u03ad\u03bb\u03bf\u03c2 \u03c4\u03b7\u03c2 \u03b8\u03b5\u03af\u03b1\u03c2 \u03bc\u03c5\u03c3\u03c4\u03b1\u03b3\u03c9\u03b3\u03af\u03b1\u03c2 \u03bf \u0398\u03b5\u03bf\u03c6. \u0395\u03c0\u03af\u03c3\u03ba\u03bf\u03c0\u03bf\u03c2 \u03a0\u03b1\u03c4\u03ac\u03c1\u03c9\u03bd. \u03ba. \u0399\u03c9\u03c3\u03ae\u03c6, \u03c0\u03c1\u03c9\u03c4\u03bf\u03c3\u03c5\u03b3\u03ba\u03b5\u03bb\u03bb\u03b5\u03cd\u03c9\u03bd \u03c4\u03b7\u03c2 \u0399\u03b5\u03c1\u03ac\u03c2 \u039c\u03b7\u03c4\u03c1\u03bf\u03c0\u03cc\u03bb\u03b5\u03c9\u03c2 \u03c0\u03c1\u03bf\u03c3\u03c6\u03ce\u03bd\u03b7\u03c3\u03b5 \u03c4\u03bf\u03bd \u03a3\u03b5\u03b2. \u039c\u03b7\u03c4\u03c1\u03bf\u03c0\u03bf\u03bb\u03af\u03c4\u03b7 \u03c0\u03b1\u03c1\u03bf\u03c5\u03c3\u03af\u1fb3 \u0394\u03b9\u03c0\u03bb\u03c9\u03bc\u03b1\u03c4\u03b9\u03ba\u03ce\u03bd \u0391\u03c1\u03c7\u03ce\u03bd, \u0391\u03c1\u03c7\u03cc\u03bd\u03c4\u03c9\u03bd \u039f\u03c6\u03c6\u03b9\u03ba\u03b9\u03ac\u03bb\u03c9\u03bd \u03c4\u03b7\u03c2 \u039c.\u03a7.\u0395, \u0391\u03c1\u03c7\u03b7\u03b3\u03ce\u03bd \u039a\u03bf\u03b9\u03bd\u03bf\u03c4\u03ae\u03c4\u03c9\u03bd, \u03ba\u03b1\u03b9 \u03c4\u03bf\u03c5 \u03b5\u03ba\u03bb\u03b5\u03ba\u03c4\u03bf\u03cd \u03bb\u03b1\u03bf\u03cd \u03c4\u03bf\u03c5 \u0398\u03b5\u03bf\u03cd.<\/p>\n<p style=\"text-align: justify;\">\u0398\u03ad\u03bc\u03b1 \u03c4\u03b7\u03c2 \u03a3\u03c5\u03bd\u03ad\u03bb\u03b5\u03c5\u03c3\u03b7\u03c2 \u03bf\u03c1\u03af\u03c3\u03b8\u03b7\u03ba\u03b5 \u00ab<i>\u039f \u03a7\u03c1\u03b9\u03c3\u03c4\u03cc\u03c2 \u03c9\u03c2 \u03cd\u03c3\u03c4\u03b1\u03c4\u03bf \u03ba\u03c1\u03b9\u03c4\u03ae\u03c1\u03b9\u03bf \u03b9\u03b5\u03c1\u03b1\u03c4\u03b9\u03ba\u03ae\u03c2 \u03b6\u03c9\u03ae\u03c2 \u03ba\u03b1\u03b9 \u03bb\u03b5\u03b9\u03c4\u03bf\u03c5\u03c1\u03b3\u03af\u03b1\u03c2<\/i>\u00bb. \u039f\u03cd\u03c4\u03c9\u03c2 \u03b7 \u03c0\u03b5\u03c1\u03b9\u03c3\u03c5\u03bb\u03bb\u03bf\u03b3\u03ae \u03c0\u03ad\u03c1\u03b9\u03be \u03c4\u03b7\u03c2 \u03b9\u03b5\u03c1\u03b1\u03c4\u03b9\u03ba\u03ae\u03c2 \u03b6\u03c9\u03ae\u03c2 \u03c3\u03c5\u03b3\u03ba\u03b5\u03bd\u03c4\u03c1\u03ce\u03b8\u03b7\u03ba\u03b5 \u03c3\u03c4\u03bf \u03c0\u03c1\u03cc\u03c3\u03c9\u03c0\u03bf \u03c4\u03bf\u03c5 \u0398\u03b5\u03b1\u03bd\u03b8\u03c1\u03ce\u03c0\u03bf\u03c5 \u03a7\u03c1\u03b9\u03c3\u03c4\u03bf\u03cd \u03ba\u03b1\u03b9 \u03c4\u03bf \u03bc\u03c5\u03c3\u03c4\u03ae\u03c1\u03b9\u03bf \u03c4\u03b7\u03c2 \u039f\u03b9\u03ba\u03bf\u03bd\u03bf\u03bc\u03af\u03b1\u03c2 \u03c4\u03bf\u03c5.<\/p>\n<p style=\"text-align: justify;\">\u03a3\u03c4\u03bf \u03c0\u03c1\u03ce\u03c4\u03bf \u03ba\u03b1\u03b9 \u03b8\u03b5\u03bf\u03bb\u03bf\u03b3\u03b9\u03ba\u03cc \u03bc\u03ad\u03c1\u03bf\u03c2 \u03c4\u03b7\u03c2 \u03c3\u03c5\u03bd\u03ad\u03bb\u03b5\u03c5\u03c3\u03b7\u03c2, \u03ba\u03b1\u03b9 \u03bc\u03b5\u03c4\u03ac \u03b1\u03c0\u03cc \u03c4\u03b7\u03bd \u03bf\u03bc\u03b9\u03bb\u03af\u03b1 \u03b5\u03c0\u03af\u03c3\u03b7\u03bc\u03b7\u03c2 \u03ad\u03bd\u03b1\u03c1\u03be\u03b7\u03c2 \u03c4\u03bf\u03c5 \u03a3\u03b5\u03b2. \u039c\u03b7\u03c4\u03c1\u03bf\u03c0\u03bf\u03bb\u03af\u03c4\u03b7, \u03bf \u0398\u03b5\u03bf\u03c6. \u0395\u03c0\u03af\u03c3\u03ba\u03bf\u03c0\u03bf\u03c2 \u03a0\u03b1\u03c4\u03ac\u03c1\u03c9\u03bd \u03ba. \u0399\u03c9\u03c3\u03ae\u03c6 \u03c0\u03b1\u03c1\u03bf\u03c5\u03c3\u03af\u03b1\u03c3\u03b5 \u03bc\u03b9\u03b1 \u03bb\u03b5\u03c0\u03c4\u03bf\u03bc\u03b5\u03c1\u03ae \u03ad\u03ba\u03b8\u03b5\u03c3\u03b7 \u03b3\u03b9\u03b1 \u03c4\u03bf \u03bc\u03c5\u03c3\u03c4\u03ae\u03c1\u03b9\u03bf \u03c4\u03bf\u03c5 \u03c0\u03c1\u03bf\u03c3\u03ce\u03c0\u03bf\u03c5 \u03c4\u03bf\u03c5 \u03a7\u03c1\u03b9\u03c3\u03c4\u03bf\u03cd, \u03c3\u03cd\u03bc\u03c6\u03c9\u03bd\u03b1 \u03bc\u03b5 \u03c4\u03b7\u03bd \u03b8\u03b5\u03bf\u03bb\u03bf\u03b3\u03b9\u03ba\u03ae \u03ba\u03b1\u03b9 \u03b4\u03bf\u03b3\u03bc\u03b1\u03c4\u03b9\u03ba\u03ae \u03c0\u03b1\u03c1\u03ac\u03b4\u03bf\u03c3\u03b7 \u03c4\u03c9\u03bd \u03a0\u03b1\u03c4\u03ad\u03c1\u03c9\u03bd \u03c4\u03b7\u03c2 \u0395\u03ba\u03ba\u03bb\u03b7\u03c3\u03af\u03b1\u03c2. \u03a3\u03c4\u03b7 \u03c3\u03c5\u03bd\u03ad\u03c7\u03b5\u03b9\u03b1, \u03bf \u039f\u03c3\u03b9\u03bf\u03c4. \u0399\u03b5\u03c1\u03bf\u03bc\u03cc\u03bd\u03b1\u03c7\u03bf\u03c2 \u0394\u03c1. \u03a0\u03b1\u03cd\u03bb\u03bf\u03c2 \u03a4\u03b1\u03bc\u03b1\u03bd\u03af\u03bd\u03b7\u03c2 \u03ba\u03b1\u03b9 \u03bf \u0391\u03b9\u03b4. \u03a0\u03c1\u03b5\u03c3\u03b2\u03cd\u03c4\u03b5\u03c1\u03bf\u03c2 \u0394\u03c1. \u0395\u03c1\u03c1\u03af\u03ba\u03bf\u03c2 \u039a\u03b1\u0390\u03c1\u03bf\u03c2 \u03c0\u03b1\u03c1\u03bf\u03c5\u03c3\u03af\u03b1\u03c3\u03b1\u03bd \u03b4\u03b9\u03b1\u03c6\u03bf\u03c1\u03b5\u03c4\u03b9\u03ba\u03ad\u03c2 \u03b1\u03bd\u03ac \u03c4\u03bf\u03bd \u03c7\u03c1\u03cc\u03bd\u03bf \u03c4\u03cd\u03c7\u03b5\u03c2 (\u03b9\u03c3\u03c4\u03bf\u03c1\u03b9\u03ba\u03ae \u03ba\u03b1\u03b9 \u03c6\u03b9\u03bb\u03bf\u03c3\u03bf\u03c6\u03b9\u03ba\u03ae) \u03c4\u03b7\u03c2 \u03c0\u03b5\u03c1\u03b9\u03c3\u03c5\u03bb\u03bb\u03bf\u03b3\u03ae\u03c2 \u03ba\u03b1\u03b9 \u03ad\u03c1\u03b5\u03c5\u03bd\u03b1\u03c2 \u03b3\u03b9\u03b1 \u03c4\u03bf \u03c0\u03c1\u03cc\u03c3\u03c9\u03c0\u03bf \u03c4\u03bf\u03c5 \u03a7\u03c1\u03b9\u03c3\u03c4\u03bf\u03cd.<\/p>\n<p style=\"text-align: justify;\">\u03a0\u03b5\u03c1\u03bd\u03ce\u03bd\u03c4\u03b1\u03c2 \u03c3\u03c4\u03bf \u03c0\u03bf\u03b9\u03bc\u03b1\u03bd\u03c4\u03b9\u03ba\u03cc \u03ba\u03b1\u03b9 \u03b4\u03b9\u03bf\u03b9\u03ba\u03b7\u03c4\u03b9\u03ba\u03cc \u03bc\u03ad\u03c1\u03bf\u03c2 \u03c4\u03c9\u03bd \u03b5\u03c1\u03b3\u03b1\u03c3\u03b9\u03ce\u03bd, \u03bf \u03a3\u03b5\u03b2. \u039c\u03b7\u03c4\u03c1\u03bf\u03c0\u03bf\u03bb\u03af\u03c4\u03b7\u03c2 \u03b1\u03bd\u03b1\u03ba\u03bf\u03af\u03bd\u03c9\u03c3\u03b5 \u03c4\u03b7\u03bd \u03b4\u03b9\u03b1\u03ba\u03ae\u03c1\u03c5\u03be\u03b7 \u03c4\u03bf\u03c5 \u03ad\u03c4\u03bf\u03c5\u03c2 2014 \u03c9\u03c2 \u00ab\u03ad\u03c4\u03bf\u03c5\u03c2 \u03c4\u03b7\u03c2 \u1f10\u03bd \u03a7\u03c1\u03b9\u03c3\u03c4\u1ff7 \u039d\u03b5\u03bf\u03bb\u03b1\u03af\u03b1\u03c2\u00bb \u03ba\u03b1\u03b9 \u03c0\u03bb\u03b7\u03c1\u03bf\u03c6\u03cc\u03c1\u03b9\u03c3\u03b5 \u03c4\u03bf\u03bd \u03ba\u03bb\u03ae\u03c1\u03bf \u03b3\u03b9\u03b1 \u03c4\u03b9\u03c2 \u03c0\u03c1\u03bf\u03b3\u03c1\u03b1\u03bc\u03bc\u03b1\u03c4\u03b9\u03c3\u03bc\u03ad\u03bd\u03b5\u03c2 \u03b4\u03c1\u03b1\u03c3\u03c4\u03b7\u03c1\u03b9\u03cc\u03c4\u03b7\u03c4\u03b5\u03c2 \u03c0\u03bf\u03c5 \u03c3\u03ba\u03bf\u03c0\u03b5\u03cd\u03bf\u03c5\u03bd \u03bd\u03b1 \u03b5\u03bd\u03b8\u03b1\u03c1\u03c1\u03cd\u03bd\u03bf\u03c5\u03bd \u03c4\u03b7\u03bd \u03c0\u03b1\u03c1\u03bf\u03c5\u03c3\u03af\u03b1 \u03c4\u03b7\u03c2 \u03bd\u03b5\u03bf\u03bb\u03b1\u03af\u03b1\u03c2 \u03c3\u03c4\u03b7\u03bd \u0395\u03ba\u03ba\u03bb\u03b7\u03c3\u03af\u03b1 \u03b1\u03c6\u03b5\u03bd\u03cc\u03c2 \u03ba\u03b1\u03b9, \u03b1\u03c6\u03b5\u03c4\u03ad\u03c1\u03bf\u03c5, \u03c4\u03b7\u03bd \u03c0\u03c1\u03bf\u03c3\u03b1\u03c1\u03bc\u03bf\u03b3\u03ae \u03c0\u03bf\u03b9\u03bc\u03b1\u03bd\u03c4\u03b9\u03ba\u03ce\u03bd \u03c0\u03bf\u03bb\u03b9\u03c4\u03b9\u03ba\u03ce\u03bd \u03ba\u03b1\u03b9 \u03b4\u03c1\u03b1\u03c3\u03c4\u03b7\u03c1\u03b9\u03bf\u03c4\u03ae\u03c4\u03c9\u03bd \u03c0\u03c1\u03bf\u03c2 \u03b5\u03c0\u03af\u03c4\u03b5\u03c5\u03be\u03b7 \u03c4\u03bf\u03c5 \u03c0\u03c1\u03bf\u03b1\u03bd\u03b1\u03c6\u03b5\u03c1\u03bf\u03bc\u03ad\u03bd\u03bf\u03c5 \u03c3\u03ba\u03bf\u03c0\u03bf\u03cd. \u03a3\u03c4\u03b7 \u03c3\u03c5\u03bd\u03ad\u03c7\u03b5\u03b9\u03b1 \u03c3\u03c5\u03b6\u03b7\u03c4\u03ae\u03b8\u03b7\u03ba\u03b1\u03bd \u03c4\u03c1\u03ad\u03c7\u03bf\u03bd\u03c4\u03b1 \u03c3\u03b7\u03bc\u03b1\u03bd\u03c4\u03b9\u03ba\u03ac \u03b8\u03ad\u03bc\u03b1\u03c4\u03b1 \u03b1\u03c6\u03bf\u03c1\u03bf\u03cd\u03bd\u03c4\u03b1 \u03c4\u03b7\u03bd \u03b4\u03b9\u03bf\u03af\u03ba\u03b7\u03c3\u03b7 \u03ba\u03b1\u03b9 \u03c4\u03b7\u03bd \u03c0\u03bf\u03b9\u03bc\u03b1\u03bd\u03c4\u03b9\u03ba\u03ae \u03b6\u03c9\u03ae \u03c4\u03b7\u03c2 \u03b1\u03ba\u03c1\u03b9\u03c4\u03b9\u03ba\u03ae\u03c2 \u03b1\u03c5\u03c4\u03ae\u03c2 \u03b5\u03c0\u03b1\u03c1\u03c7\u03af\u03b1\u03c2 \u03c4\u03bf\u03c5 \u03c0\u03c1\u03c9\u03c4\u03cc\u03b8\u03c1\u03c9\u03bd\u03bf\u03c5 \u03c4\u03b7\u03c2 \u039f\u03c1\u03b8\u03bf\u03b4\u03bf\u03be\u03af\u03b1\u03c2 \u03c3\u03c4\u03b7\u03bd \u039d\u03bf\u03c4\u03af\u03bf \u0391\u03bc\u03b5\u03c1\u03b9\u03ba\u03ae.<\/p>\n","protected":false},"excerpt":{"rendered":"<p>Da Chanceria Entre 24 e 28 de fevereiro de 2014, realizou-se em Buenos Aires, Argentina , a reuni\u00e3o anual do clero da Arquidiocese de Buenos Aires e Exarcado da Am\u00e9rica do Sul do Patriarcado Ecum\u00eanico. A liturgia da noite vespertina&#8230;<\/p>\n","protected":false},"author":1,"featured_media":7037,"comment_status":"open","ping_status":"open","sticky":false,"template":"","format":"standard","meta":{"_acf_changed":false,"footnotes":""},"categories":[40],"tags":[],"class_list":["post-7134","post","type-post","status-publish","format-standard","has-post-thumbnail","hentry","category-arquidiocese-de-buenos-aires-e-america-do-sul","entry","rows-excerpt"],"acf":[],"yoast_head":"<!-- This site is optimized with the Yoast SEO plugin v27.5 - https:\/\/yoast.com\/product\/yoast-seo-wordpress\/ -->\n<title>ENCONTRO ANUAL DO CLERO DA ARQUIDIOCESE DE BUENOS AIRES E AMERICA DO SUL | ECCLESIA NEWS<\/title>\n<meta name=\"robots\" content=\"index, follow, max-snippet:-1, max-image-preview:large, max-video-preview:-1\" \/>\n<link rel=\"canonical\" href=\"https:\/\/news.ecclesia.org.br\/?p=7134\" \/>\n<meta property=\"og:locale\" content=\"pt_BR\" \/>\n<meta property=\"og:type\" content=\"article\" \/>\n<meta property=\"og:title\" content=\"ENCONTRO ANUAL DO CLERO DA ARQUIDIOCESE DE BUENOS AIRES E AMERICA DO SUL | ECCLESIA NEWS\" \/>\n<meta property=\"og:description\" content=\"Da Chanceria Entre 24 e 28 de fevereiro de 2014, realizou-se em Buenos Aires, Argentina , a reuni\u00e3o anual do clero da Arquidiocese de Buenos Aires e Exarcado da Am\u00e9rica do Sul do Patriarcado Ecum\u00eanico. A liturgia da noite vespertina&#8230;\" \/>\n<meta property=\"og:url\" content=\"https:\/\/news.ecclesia.org.br\/?p=7134\" \/>\n<meta property=\"og:site_name\" content=\"ECCLESIA NEWS\" \/>\n<meta property=\"article:publisher\" content=\"https:\/\/www.facebook.com\/Ecclesia2025\" \/>\n<meta property=\"article:published_time\" content=\"2014-03-02T04:16:50+00:00\" \/>\n<meta property=\"article:modified_time\" content=\"2020-05-31T18:04:01+00:00\" \/>\n<meta property=\"og:image\" content=\"https:\/\/news.ecclesia.org.br\/wp-content\/uploads\/2014\/03\/encontro1-1.jpg\" \/>\n\t<meta property=\"og:image:width\" content=\"796\" \/>\n\t<meta property=\"og:image:height\" content=\"531\" \/>\n\t<meta property=\"og:image:type\" content=\"image\/jpeg\" \/>\n<meta name=\"author\" content=\"Pe. Andr\u00e9\" \/>\n<meta name=\"twitter:card\" content=\"summary_large_image\" \/>\n<meta name=\"twitter:creator\" content=\"@EcclesiaNews\" \/>\n<meta name=\"twitter:site\" content=\"@EcclesiaNews\" \/>\n<meta name=\"twitter:label1\" content=\"Escrito por\" \/>\n\t<meta name=\"twitter:data1\" content=\"Pe. Andr\u00e9\" \/>\n\t<meta name=\"twitter:label2\" content=\"Est. tempo de leitura\" \/>\n\t<meta name=\"twitter:data2\" content=\"2 minutos\" \/>\n<script type=\"application\/ld+json\" class=\"yoast-schema-graph\">{\"@context\":\"https:\\\/\\\/schema.org\",\"@graph\":[{\"@type\":\"Article\",\"@id\":\"https:\\\/\\\/news.ecclesia.org.br\\\/?p=7134#article\",\"isPartOf\":{\"@id\":\"https:\\\/\\\/news.ecclesia.org.br\\\/?p=7134\"},\"author\":{\"name\":\"Pe. Andr\u00e9\",\"@id\":\"https:\\\/\\\/news.ecclesia.org.br\\\/#\\\/schema\\\/person\\\/6f09597f025829745ba414a569f63758\"},\"headline\":\"ENCONTRO ANUAL DO CLERO DA ARQUIDIOCESE DE BUENOS AIRES E AMERICA DO SUL\",\"datePublished\":\"2014-03-02T04:16:50+00:00\",\"dateModified\":\"2020-05-31T18:04:01+00:00\",\"mainEntityOfPage\":{\"@id\":\"https:\\\/\\\/news.ecclesia.org.br\\\/?p=7134\"},\"wordCount\":450,\"commentCount\":0,\"publisher\":{\"@id\":\"https:\\\/\\\/news.ecclesia.org.br\\\/#organization\"},\"image\":{\"@id\":\"https:\\\/\\\/news.ecclesia.org.br\\\/?p=7134#primaryimage\"},\"thumbnailUrl\":\"https:\\\/\\\/news.ecclesia.org.br\\\/wp-content\\\/uploads\\\/2014\\\/03\\\/encontro1-1.jpg\",\"articleSection\":[\"Arquidiocese de Buenos Aires e Am\u00e9rica do Sul\"],\"inLanguage\":\"pt-BR\",\"potentialAction\":[{\"@type\":\"CommentAction\",\"name\":\"Comment\",\"target\":[\"https:\\\/\\\/news.ecclesia.org.br\\\/?p=7134#respond\"]}]},{\"@type\":\"WebPage\",\"@id\":\"https:\\\/\\\/news.ecclesia.org.br\\\/?p=7134\",\"url\":\"https:\\\/\\\/news.ecclesia.org.br\\\/?p=7134\",\"name\":\"ENCONTRO ANUAL DO CLERO DA ARQUIDIOCESE DE BUENOS AIRES E AMERICA DO SUL | ECCLESIA NEWS\",\"isPartOf\":{\"@id\":\"https:\\\/\\\/news.ecclesia.org.br\\\/#website\"},\"primaryImageOfPage\":{\"@id\":\"https:\\\/\\\/news.ecclesia.org.br\\\/?p=7134#primaryimage\"},\"image\":{\"@id\":\"https:\\\/\\\/news.ecclesia.org.br\\\/?p=7134#primaryimage\"},\"thumbnailUrl\":\"https:\\\/\\\/news.ecclesia.org.br\\\/wp-content\\\/uploads\\\/2014\\\/03\\\/encontro1-1.jpg\",\"datePublished\":\"2014-03-02T04:16:50+00:00\",\"dateModified\":\"2020-05-31T18:04:01+00:00\",\"breadcrumb\":{\"@id\":\"https:\\\/\\\/news.ecclesia.org.br\\\/?p=7134#breadcrumb\"},\"inLanguage\":\"pt-BR\",\"potentialAction\":[{\"@type\":\"ReadAction\",\"target\":[\"https:\\\/\\\/news.ecclesia.org.br\\\/?p=7134\"]}]},{\"@type\":\"ImageObject\",\"inLanguage\":\"pt-BR\",\"@id\":\"https:\\\/\\\/news.ecclesia.org.br\\\/?p=7134#primaryimage\",\"url\":\"https:\\\/\\\/news.ecclesia.org.br\\\/wp-content\\\/uploads\\\/2014\\\/03\\\/encontro1-1.jpg\",\"contentUrl\":\"https:\\\/\\\/news.ecclesia.org.br\\\/wp-content\\\/uploads\\\/2014\\\/03\\\/encontro1-1.jpg\",\"width\":796,\"height\":531},{\"@type\":\"BreadcrumbList\",\"@id\":\"https:\\\/\\\/news.ecclesia.org.br\\\/?p=7134#breadcrumb\",\"itemListElement\":[{\"@type\":\"ListItem\",\"position\":1,\"name\":\"In\u00edcio\",\"item\":\"https:\\\/\\\/news.ecclesia.org.br\\\/\"},{\"@type\":\"ListItem\",\"position\":2,\"name\":\"ENCONTRO ANUAL DO CLERO DA ARQUIDIOCESE DE BUENOS AIRES E AMERICA DO SUL\"}]},{\"@type\":\"WebSite\",\"@id\":\"https:\\\/\\\/news.ecclesia.org.br\\\/#website\",\"url\":\"https:\\\/\\\/news.ecclesia.org.br\\\/\",\"name\":\"Ecclesia Brasil\",\"description\":\"Desde 2003 onectando o Brasil ao mundo ortodoxo!\",\"publisher\":{\"@id\":\"https:\\\/\\\/news.ecclesia.org.br\\\/#organization\"},\"alternateName\":\"Ecclesia\",\"potentialAction\":[{\"@type\":\"SearchAction\",\"target\":{\"@type\":\"EntryPoint\",\"urlTemplate\":\"https:\\\/\\\/news.ecclesia.org.br\\\/?s={search_term_string}\"},\"query-input\":{\"@type\":\"PropertyValueSpecification\",\"valueRequired\":true,\"valueName\":\"search_term_string\"}}],\"inLanguage\":\"pt-BR\"},{\"@type\":\"Organization\",\"@id\":\"https:\\\/\\\/news.ecclesia.org.br\\\/#organization\",\"name\":\"Sacra Arquidiocese de Buenos Aires e Am\u00e9rica do Sul | Patriarcado Ecum\u00eanico\",\"alternateName\":\"News Ecclesia Brasil\",\"url\":\"https:\\\/\\\/news.ecclesia.org.br\\\/\",\"logo\":{\"@type\":\"ImageObject\",\"inLanguage\":\"pt-BR\",\"@id\":\"https:\\\/\\\/news.ecclesia.org.br\\\/#\\\/schema\\\/logo\\\/image\\\/\",\"url\":\"https:\\\/\\\/news.ecclesia.org.br\\\/wp-content\\\/uploads\\\/2025\\\/05\\\/ecclesia2.png\",\"contentUrl\":\"https:\\\/\\\/news.ecclesia.org.br\\\/wp-content\\\/uploads\\\/2025\\\/05\\\/ecclesia2.png\",\"width\":480,\"height\":120,\"caption\":\"Sacra Arquidiocese de Buenos Aires e Am\u00e9rica do Sul | Patriarcado Ecum\u00eanico\"},\"image\":{\"@id\":\"https:\\\/\\\/news.ecclesia.org.br\\\/#\\\/schema\\\/logo\\\/image\\\/\"},\"sameAs\":[\"https:\\\/\\\/www.facebook.com\\\/Ecclesia2025\",\"https:\\\/\\\/x.com\\\/EcclesiaNews\",\"https:\\\/\\\/br.pinterest.com\\\/ekklisia\\\/\",\"https:\\\/\\\/www.youtube.com\\\/@EcclesiaBrasil\"]},{\"@type\":\"Person\",\"@id\":\"https:\\\/\\\/news.ecclesia.org.br\\\/#\\\/schema\\\/person\\\/6f09597f025829745ba414a569f63758\",\"name\":\"Pe. Andr\u00e9\",\"image\":{\"@type\":\"ImageObject\",\"inLanguage\":\"pt-BR\",\"@id\":\"https:\\\/\\\/secure.gravatar.com\\\/avatar\\\/b4327cfa27e9799da239a26adcd534fc29cdc0c4a4a148eecbcfeb9b42c617ac?s=96&d=mm&r=g\",\"url\":\"https:\\\/\\\/secure.gravatar.com\\\/avatar\\\/b4327cfa27e9799da239a26adcd534fc29cdc0c4a4a148eecbcfeb9b42c617ac?s=96&d=mm&r=g\",\"contentUrl\":\"https:\\\/\\\/secure.gravatar.com\\\/avatar\\\/b4327cfa27e9799da239a26adcd534fc29cdc0c4a4a148eecbcfeb9b42c617ac?s=96&d=mm&r=g\",\"caption\":\"Pe. Andr\u00e9\"},\"sameAs\":[\"https:\\\/\\\/www.ecclesia.org.br\"]}]}<\/script>\n<!-- \/ Yoast SEO plugin. -->","yoast_head_json":{"title":"ENCONTRO ANUAL DO CLERO DA ARQUIDIOCESE DE BUENOS AIRES E AMERICA DO SUL | ECCLESIA NEWS","robots":{"index":"index","follow":"follow","max-snippet":"max-snippet:-1","max-image-preview":"max-image-preview:large","max-video-preview":"max-video-preview:-1"},"canonical":"https:\/\/news.ecclesia.org.br\/?p=7134","og_locale":"pt_BR","og_type":"article","og_title":"ENCONTRO ANUAL DO CLERO DA ARQUIDIOCESE DE BUENOS AIRES E AMERICA DO SUL | ECCLESIA NEWS","og_description":"Da Chanceria Entre 24 e 28 de fevereiro de 2014, realizou-se em Buenos Aires, Argentina , a reuni\u00e3o anual do clero da Arquidiocese de Buenos Aires e Exarcado da Am\u00e9rica do Sul do Patriarcado Ecum\u00eanico. A liturgia da noite vespertina&#8230;","og_url":"https:\/\/news.ecclesia.org.br\/?p=7134","og_site_name":"ECCLESIA NEWS","article_publisher":"https:\/\/www.facebook.com\/Ecclesia2025","article_published_time":"2014-03-02T04:16:50+00:00","article_modified_time":"2020-05-31T18:04:01+00:00","og_image":[{"width":796,"height":531,"url":"https:\/\/news.ecclesia.org.br\/wp-content\/uploads\/2014\/03\/encontro1-1.jpg","type":"image\/jpeg"}],"author":"Pe. Andr\u00e9","twitter_card":"summary_large_image","twitter_creator":"@EcclesiaNews","twitter_site":"@EcclesiaNews","twitter_misc":{"Escrito por":"Pe. Andr\u00e9","Est. tempo de leitura":"2 minutos"},"schema":{"@context":"https:\/\/schema.org","@graph":[{"@type":"Article","@id":"https:\/\/news.ecclesia.org.br\/?p=7134#article","isPartOf":{"@id":"https:\/\/news.ecclesia.org.br\/?p=7134"},"author":{"name":"Pe. Andr\u00e9","@id":"https:\/\/news.ecclesia.org.br\/#\/schema\/person\/6f09597f025829745ba414a569f63758"},"headline":"ENCONTRO ANUAL DO CLERO DA ARQUIDIOCESE DE BUENOS AIRES E AMERICA DO SUL","datePublished":"2014-03-02T04:16:50+00:00","dateModified":"2020-05-31T18:04:01+00:00","mainEntityOfPage":{"@id":"https:\/\/news.ecclesia.org.br\/?p=7134"},"wordCount":450,"commentCount":0,"publisher":{"@id":"https:\/\/news.ecclesia.org.br\/#organization"},"image":{"@id":"https:\/\/news.ecclesia.org.br\/?p=7134#primaryimage"},"thumbnailUrl":"https:\/\/news.ecclesia.org.br\/wp-content\/uploads\/2014\/03\/encontro1-1.jpg","articleSection":["Arquidiocese de Buenos Aires e Am\u00e9rica do Sul"],"inLanguage":"pt-BR","potentialAction":[{"@type":"CommentAction","name":"Comment","target":["https:\/\/news.ecclesia.org.br\/?p=7134#respond"]}]},{"@type":"WebPage","@id":"https:\/\/news.ecclesia.org.br\/?p=7134","url":"https:\/\/news.ecclesia.org.br\/?p=7134","name":"ENCONTRO ANUAL DO CLERO DA ARQUIDIOCESE DE BUENOS AIRES E AMERICA DO SUL | ECCLESIA NEWS","isPartOf":{"@id":"https:\/\/news.ecclesia.org.br\/#website"},"primaryImageOfPage":{"@id":"https:\/\/news.ecclesia.org.br\/?p=7134#primaryimage"},"image":{"@id":"https:\/\/news.ecclesia.org.br\/?p=7134#primaryimage"},"thumbnailUrl":"https:\/\/news.ecclesia.org.br\/wp-content\/uploads\/2014\/03\/encontro1-1.jpg","datePublished":"2014-03-02T04:16:50+00:00","dateModified":"2020-05-31T18:04:01+00:00","breadcrumb":{"@id":"https:\/\/news.ecclesia.org.br\/?p=7134#breadcrumb"},"inLanguage":"pt-BR","potentialAction":[{"@type":"ReadAction","target":["https:\/\/news.ecclesia.org.br\/?p=7134"]}]},{"@type":"ImageObject","inLanguage":"pt-BR","@id":"https:\/\/news.ecclesia.org.br\/?p=7134#primaryimage","url":"https:\/\/news.ecclesia.org.br\/wp-content\/uploads\/2014\/03\/encontro1-1.jpg","contentUrl":"https:\/\/news.ecclesia.org.br\/wp-content\/uploads\/2014\/03\/encontro1-1.jpg","width":796,"height":531},{"@type":"BreadcrumbList","@id":"https:\/\/news.ecclesia.org.br\/?p=7134#breadcrumb","itemListElement":[{"@type":"ListItem","position":1,"name":"In\u00edcio","item":"https:\/\/news.ecclesia.org.br\/"},{"@type":"ListItem","position":2,"name":"ENCONTRO ANUAL DO CLERO DA ARQUIDIOCESE DE BUENOS AIRES E AMERICA DO SUL"}]},{"@type":"WebSite","@id":"https:\/\/news.ecclesia.org.br\/#website","url":"https:\/\/news.ecclesia.org.br\/","name":"Ecclesia Brasil","description":"Desde 2003 onectando o Brasil ao mundo ortodoxo!","publisher":{"@id":"https:\/\/news.ecclesia.org.br\/#organization"},"alternateName":"Ecclesia","potentialAction":[{"@type":"SearchAction","target":{"@type":"EntryPoint","urlTemplate":"https:\/\/news.ecclesia.org.br\/?s={search_term_string}"},"query-input":{"@type":"PropertyValueSpecification","valueRequired":true,"valueName":"search_term_string"}}],"inLanguage":"pt-BR"},{"@type":"Organization","@id":"https:\/\/news.ecclesia.org.br\/#organization","name":"Sacra Arquidiocese de Buenos Aires e Am\u00e9rica do Sul | Patriarcado Ecum\u00eanico","alternateName":"News Ecclesia Brasil","url":"https:\/\/news.ecclesia.org.br\/","logo":{"@type":"ImageObject","inLanguage":"pt-BR","@id":"https:\/\/news.ecclesia.org.br\/#\/schema\/logo\/image\/","url":"https:\/\/news.ecclesia.org.br\/wp-content\/uploads\/2025\/05\/ecclesia2.png","contentUrl":"https:\/\/news.ecclesia.org.br\/wp-content\/uploads\/2025\/05\/ecclesia2.png","width":480,"height":120,"caption":"Sacra Arquidiocese de Buenos Aires e Am\u00e9rica do Sul | Patriarcado Ecum\u00eanico"},"image":{"@id":"https:\/\/news.ecclesia.org.br\/#\/schema\/logo\/image\/"},"sameAs":["https:\/\/www.facebook.com\/Ecclesia2025","https:\/\/x.com\/EcclesiaNews","https:\/\/br.pinterest.com\/ekklisia\/","https:\/\/www.youtube.com\/@EcclesiaBrasil"]},{"@type":"Person","@id":"https:\/\/news.ecclesia.org.br\/#\/schema\/person\/6f09597f025829745ba414a569f63758","name":"Pe. Andr\u00e9","image":{"@type":"ImageObject","inLanguage":"pt-BR","@id":"https:\/\/secure.gravatar.com\/avatar\/b4327cfa27e9799da239a26adcd534fc29cdc0c4a4a148eecbcfeb9b42c617ac?s=96&d=mm&r=g","url":"https:\/\/secure.gravatar.com\/avatar\/b4327cfa27e9799da239a26adcd534fc29cdc0c4a4a148eecbcfeb9b42c617ac?s=96&d=mm&r=g","contentUrl":"https:\/\/secure.gravatar.com\/avatar\/b4327cfa27e9799da239a26adcd534fc29cdc0c4a4a148eecbcfeb9b42c617ac?s=96&d=mm&r=g","caption":"Pe. Andr\u00e9"},"sameAs":["https:\/\/www.ecclesia.org.br"]}]}},"_links":{"self":[{"href":"https:\/\/news.ecclesia.org.br\/index.php?rest_route=\/wp\/v2\/posts\/7134","targetHints":{"allow":["GET"]}}],"collection":[{"href":"https:\/\/news.ecclesia.org.br\/index.php?rest_route=\/wp\/v2\/posts"}],"about":[{"href":"https:\/\/news.ecclesia.org.br\/index.php?rest_route=\/wp\/v2\/types\/post"}],"author":[{"embeddable":true,"href":"https:\/\/news.ecclesia.org.br\/index.php?rest_route=\/wp\/v2\/users\/1"}],"replies":[{"embeddable":true,"href":"https:\/\/news.ecclesia.org.br\/index.php?rest_route=%2Fwp%2Fv2%2Fcomments&post=7134"}],"version-history":[{"count":0,"href":"https:\/\/news.ecclesia.org.br\/index.php?rest_route=\/wp\/v2\/posts\/7134\/revisions"}],"wp:featuredmedia":[{"embeddable":true,"href":"https:\/\/news.ecclesia.org.br\/index.php?rest_route=\/wp\/v2\/media\/7037"}],"wp:attachment":[{"href":"https:\/\/news.ecclesia.org.br\/index.php?rest_route=%2Fwp%2Fv2%2Fmedia&parent=7134"}],"wp:term":[{"taxonomy":"category","embeddable":true,"href":"https:\/\/news.ecclesia.org.br\/index.php?rest_route=%2Fwp%2Fv2%2Fcategories&post=7134"},{"taxonomy":"post_tag","embeddable":true,"href":"https:\/\/news.ecclesia.org.br\/index.php?rest_route=%2Fwp%2Fv2%2Ftags&post=7134"}],"curies":[{"name":"wp","href":"https:\/\/api.w.org\/{rel}","templated":true}]}}