{"id":7127,"date":"2014-01-08T01:06:38","date_gmt":"2014-01-08T01:06:38","guid":{"rendered":"http:\/\/www.ecclesia.com.br\/news\/2013\/?p=7127"},"modified":"2016-03-22T20:22:58","modified_gmt":"2016-03-22T20:22:58","slug":"cristaos-unidos-frente-ao-sepulcro-vazio-2","status":"publish","type":"post","link":"https:\/\/news.ecclesia.org.br\/?p=7127","title":{"rendered":"CRIST\u00c3OS UNIDOS FRENTE AO SEPULCRO VAZIO"},"content":{"rendered":"<figure id=\"attachment_6858\" aria-describedby=\"caption-attachment-6858\" style=\"width: 300px\" class=\"wp-caption alignleft\"><a href=\"https:\/\/news.ecclesia.org.br\/2013\/wp-content\/uploads\/2014\/01\/bartolomeu-e-francisco-1.jpg\" rel=\"attachment wp-att-6858\"><img fetchpriority=\"high\" decoding=\"async\" class=\"size-medium wp-image-6858\" src=\"https:\/\/news.ecclesia.org.br\/2013\/wp-content\/uploads\/2014\/01\/bartolomeu-e-francisco-1-300x300.jpg\" alt=\"Fonte: http:\/\/goo.gl\/RKwkdE\" width=\"300\" height=\"300\" srcset=\"https:\/\/news.ecclesia.org.br\/wp-content\/uploads\/2014\/01\/bartolomeu-e-francisco-1-300x300.jpg 300w, https:\/\/news.ecclesia.org.br\/wp-content\/uploads\/2014\/01\/bartolomeu-e-francisco-1-150x150.jpg 150w, https:\/\/news.ecclesia.org.br\/wp-content\/uploads\/2014\/01\/bartolomeu-e-francisco-1-55x55.jpg 55w, https:\/\/news.ecclesia.org.br\/wp-content\/uploads\/2014\/01\/bartolomeu-e-francisco-1.jpg 521w\" sizes=\"(max-width: 300px) 100vw, 300px\" \/><\/a><figcaption id=\"caption-attachment-6858\" class=\"wp-caption-text\">Fonte: http:\/\/goo.gl\/RKwkdE<\/figcaption><\/figure>\n<p style=\"text-align: justify;\"><span style=\"line-height: 1.5em;\">Na tarde do pr\u00f3ximo dia 25 de maio, domingo, ser\u00e1 realizado um encontro ecum\u00eanico na bas\u00edlica do\u00a0Santo Sepulcro, que tem grande chance de ocorrer diante de um t\u00famulo vazio. \u201c\u00c9 um encontro muito importante \u2013 destaca\u00a0Valeria Martano, daComunidade de Sant&#8217;Egidio,\u00a0 que se encontra com uma delega\u00e7\u00e3o na cidade de Jerusal\u00e9m, onde foi comemorado os cinquenta anos do<\/span><a style=\"line-height: 1.5em;\" href=\"http:\/\/www.ihu.unisinos.br\/noticias\/526966-e-o-papa-abracou-o-patriarca\" target=\"_blank\">\u00a0abra\u00e7o entre\u00a0Paulo VI\u00a0e\u00a0Aten\u00e1goras<\/a><span style=\"line-height: 1.5em;\">\u00a0&#8211; principalmente pelo local onde ele ocorrer\u00e1 que, de alguma forma, tamb\u00e9m foi o ber\u00e7o das divis\u00f5es entre os crist\u00e3os. Sua import\u00e2ncia tamb\u00e9m est\u00e1 no fato de que neste encontro participar\u00e3o todas as confiss\u00f5es crist\u00e3s presentes na\u00a0Terra Santa\u201d.<\/span><\/p>\n<p style=\"text-align: justify;\">A reportagem \u00e9 de\u00a0Andrea Tornielli, publicada por\u00a0Vatican Insider, 08-01-2014. A tradu\u00e7\u00e3o \u00e9 do\u00a0Cepat.<\/p>\n<table border=\"0\" cellspacing=\"0\" cellpadding=\"0\" align=\"right\">\n<tbody>\n<tr>\n<td><\/td>\n<\/tr>\n<tr>\n<td><\/td>\n<\/tr>\n<\/tbody>\n<\/table>\n<p style=\"text-align: justify;\">Convidados do\u00a0Metropolita Ortodoxo de Jerusal\u00e9m, o\u00a0Papa Francisco\u00a0e\u00a0Bartolomeu\u00a0\u00a0(foto) poderiam entrar juntos na bas\u00edlica e ali se abra\u00e7arem, para depois seguirem ao encontro dos representantes de todos os ritos crist\u00e3os, isto \u00e9, os ortodoxos; os arm\u00eanios; os coptas; os et\u00edopes; os anglicanos\u2026 \u201cO encontro entre\u00a0Paulo VI\u00a0e o patriarca de Constantinopla, explicou\u00a0Valeria Martano, que escreveu uma biografia documentada sobre Aten\u00e1gora (Athenagoras il patriarca (1886 &#8211; 1972). Un cristiano fra crisi della coabitazione e utopia ecumenica; Il Mulino) ao s\u00edtio\u00a0Vatican Insider\u00a0\u2013 instaurou, h\u00e1 meio s\u00e9culo, um clima diferente. Recorrentemente, n\u00f3s olhamos para o caminho que nos falta trilhar e acabamos por n\u00e3o nos darmos conta de tudo que j\u00e1 foi feito. Creio que o encontro entre\u00a0Francisco\u00a0e\u00a0Bartolomeu\u00a0Iser\u00e1 uma epifania de comunh\u00e3o e um novo come\u00e7o para um abra\u00e7o ainda mais abrangente&#8230;\u201d.<\/p>\n<p style=\"text-align: justify;\">Em 1964, o hist\u00f3rico\u00a0Papa Montini\u00a0\u201ctornou compreens\u00edvel ao mundo ortodoxo \u2013 continuou\u00a0Martano\u00a0\u2013 a vontade dos cat\u00f3licos em concentrar-se de novo na Igreja de Jerusal\u00e9m. E agora Francisco, na primeira viagem escolhida por ele \u2013 se lembrarmos que a\u00a0JMJ, no Rio de Janeiro, no ano passado, era uma data j\u00e1 fixada por\u00a0Bento XVI\u00a0\u2013 mostra, mais uma vez, que Roma se concentra nas ra\u00edzes do Evangelho, com o sepulcro vazio\u201d.<\/p>\n<p style=\"text-align: justify;\">As etapas da viagem do papa, como\u00a0anunciou\u00a0Francisco\u00a0no domingo passado, ser\u00e3o em\u00a0Am\u00e3,\u00a0Bel\u00e9m\u00a0e\u00a0Jerusal\u00e9m. Viagem que se d\u00e1 num momento em que alguns detalhes sobre o seu programa ainda precisam ser definidos. Como se sabe, houve algumas pol\u00eamicas em seu in\u00edcio, pela sua r\u00e1pida peregrina\u00e7\u00e3o \u2013 de apenas tr\u00eas dias, justamente como o fez Paulo VI\u00a0em 1964 \u2013 todavia estas pol\u00eamicas parecem ter se dilu\u00eddo, tamb\u00e9m porque todos parecem ter entendido o esp\u00edrito desta viagem. O\u00a0Papa\u00a0chegar\u00e1 a\u00a0Am\u00e3\u00a0onde, entre outras coisas, est\u00e1 previsto um jantar com alguns refugiados s\u00edrios. Ap\u00f3s, no domingo pela manh\u00e3 ele deixar\u00e1 a Jord\u00e2nia em um helic\u00f3ptero para aterrizar nos territ\u00f3rios palestinos, onde celebrar\u00e1 a missa em\u00a0Bel\u00e9m. \u201cCom a delega\u00e7\u00e3o da\u00a0Comunidade de Sant\u2019Egidio\u00a0\u2013 segundo\u00a0Valeria Martano\u00a0\u2013 tamb\u00e9m tivemos contato com o\u00a0Grande Rabino de Israel\u00a0e pudemos perceber o reconhecimento do mundo judeu pelo fato do\u00a0Papa\u00a0ter decidido chegar no domingo e n\u00e3o durante o\u00a0Shabbat\u201d.<\/p>\n<p style=\"text-align: justify;\">A hip\u00f3tese que agora passa a ser considerada \u00e9 a de que, ap\u00f3s sua estadia em Bel\u00e9m,\u00a0Francisco\u00a0chegue ao aeroporto de Tel Aviv, sempre de helic\u00f3ptero, e de l\u00e1 v\u00e1 \u00e0\u00a0Jerusal\u00e9m, para o esperado encontro ecum\u00eanico no domingo \u00e0 tarde &#8211; o verdadeiro ponto alto desta viagem e a \u00fanica visita citada pelo\u00a0Papa\u00a0quando ele fez o an\u00fancio da mesma. Tamb\u00e9m ser\u00e1 organizado um encontro com as autoridades religiosas judias, na sede do antigo rabinato, que se encontra pr\u00f3ximo ao\u00a0Muro das Lamenta\u00e7\u00f5es.<\/p>\n<p style=\"text-align: right;\">Fonte: <a href=\"http:\/\/www.ihu.unisinos.br\/noticias\/527114-cristaos-unidos-frente-ao-sepulcro-vazio\" target=\"_blank\">IHU <\/a>| Foto: <a href=\"http:\/\/goo.gl\/RKwkdE\" target=\"_blank\">http:\/\/goo.gl\/RKwkdE<\/a><\/p>\n","protected":false},"excerpt":{"rendered":"<p>Na tarde do pr\u00f3ximo dia 25 de maio, domingo, ser\u00e1 realizado um encontro ecum\u00eanico na bas\u00edlica do\u00a0Santo Sepulcro, que tem grande chance de ocorrer diante de um t\u00famulo vazio. \u201c\u00c9 um encontro muito importante \u2013 destaca\u00a0Valeria Martano, daComunidade de Sant&#8217;Egidio,\u00a0&#8230;<\/p>\n","protected":false},"author":1,"featured_media":6858,"comment_status":"open","ping_status":"open","sticky":false,"template":"","format":"standard","meta":{"_acf_changed":false,"footnotes":""},"categories":[3,72],"tags":[],"class_list":["post-7127","post","type-post","status-publish","format-standard","has-post-thumbnail","hentry","category-mundo","category-patriarcado-ecumenico","entry","rows-excerpt"],"acf":[],"yoast_head":"<!-- This site is optimized with the Yoast SEO plugin v27.4 - https:\/\/yoast.com\/product\/yoast-seo-wordpress\/ -->\n<title>CRIST\u00c3OS UNIDOS FRENTE AO SEPULCRO VAZIO | ECCLESIA NEWS<\/title>\n<meta name=\"robots\" content=\"index, follow, max-snippet:-1, max-image-preview:large, max-video-preview:-1\" \/>\n<link rel=\"canonical\" href=\"https:\/\/news.ecclesia.org.br\/?p=7127\" \/>\n<meta property=\"og:locale\" content=\"pt_BR\" \/>\n<meta property=\"og:type\" content=\"article\" \/>\n<meta property=\"og:title\" content=\"CRIST\u00c3OS UNIDOS FRENTE AO SEPULCRO VAZIO | ECCLESIA NEWS\" \/>\n<meta property=\"og:description\" content=\"Na tarde do pr\u00f3ximo dia 25 de maio, domingo, ser\u00e1 realizado um encontro ecum\u00eanico na bas\u00edlica do\u00a0Santo Sepulcro, que tem grande chance de ocorrer diante de um t\u00famulo vazio. \u201c\u00c9 um encontro muito importante \u2013 destaca\u00a0Valeria Martano, daComunidade de Sant&#8217;Egidio,\u00a0&#8230;\" \/>\n<meta property=\"og:url\" content=\"https:\/\/news.ecclesia.org.br\/?p=7127\" \/>\n<meta property=\"og:site_name\" content=\"ECCLESIA NEWS\" \/>\n<meta property=\"article:publisher\" content=\"https:\/\/www.facebook.com\/Ecclesia2025\" \/>\n<meta property=\"article:published_time\" content=\"2014-01-08T01:06:38+00:00\" \/>\n<meta property=\"article:modified_time\" content=\"2016-03-22T20:22:58+00:00\" \/>\n<meta property=\"og:image\" content=\"https:\/\/news.ecclesia.org.br\/wp-content\/uploads\/2014\/01\/bartolomeu-e-francisco-1.jpg\" \/>\n\t<meta property=\"og:image:width\" content=\"521\" \/>\n\t<meta property=\"og:image:height\" content=\"521\" \/>\n\t<meta property=\"og:image:type\" content=\"image\/jpeg\" \/>\n<meta name=\"author\" content=\"Pe. Andr\u00e9\" \/>\n<meta name=\"twitter:card\" content=\"summary_large_image\" \/>\n<meta name=\"twitter:creator\" content=\"@EcclesiaNews\" \/>\n<meta name=\"twitter:site\" content=\"@EcclesiaNews\" \/>\n<meta name=\"twitter:label1\" content=\"Escrito por\" \/>\n\t<meta name=\"twitter:data1\" content=\"Pe. Andr\u00e9\" \/>\n\t<meta name=\"twitter:label2\" content=\"Est. tempo de leitura\" \/>\n\t<meta name=\"twitter:data2\" content=\"3 minutos\" \/>\n<script type=\"application\/ld+json\" class=\"yoast-schema-graph\">{\"@context\":\"https:\\\/\\\/schema.org\",\"@graph\":[{\"@type\":\"Article\",\"@id\":\"https:\\\/\\\/news.ecclesia.org.br\\\/?p=7127#article\",\"isPartOf\":{\"@id\":\"https:\\\/\\\/news.ecclesia.org.br\\\/?p=7127\"},\"author\":{\"name\":\"Pe. Andr\u00e9\",\"@id\":\"https:\\\/\\\/news.ecclesia.org.br\\\/#\\\/schema\\\/person\\\/6f09597f025829745ba414a569f63758\"},\"headline\":\"CRIST\u00c3OS UNIDOS FRENTE AO SEPULCRO VAZIO\",\"datePublished\":\"2014-01-08T01:06:38+00:00\",\"dateModified\":\"2016-03-22T20:22:58+00:00\",\"mainEntityOfPage\":{\"@id\":\"https:\\\/\\\/news.ecclesia.org.br\\\/?p=7127\"},\"wordCount\":658,\"commentCount\":0,\"publisher\":{\"@id\":\"https:\\\/\\\/news.ecclesia.org.br\\\/#organization\"},\"image\":{\"@id\":\"https:\\\/\\\/news.ecclesia.org.br\\\/?p=7127#primaryimage\"},\"thumbnailUrl\":\"https:\\\/\\\/news.ecclesia.org.br\\\/wp-content\\\/uploads\\\/2014\\\/01\\\/bartolomeu-e-francisco-1.jpg\",\"articleSection\":[\"Mundo Ortodoxo\",\"Patriarcado Ecum\u00eanico\"],\"inLanguage\":\"pt-BR\",\"potentialAction\":[{\"@type\":\"CommentAction\",\"name\":\"Comment\",\"target\":[\"https:\\\/\\\/news.ecclesia.org.br\\\/?p=7127#respond\"]}]},{\"@type\":\"WebPage\",\"@id\":\"https:\\\/\\\/news.ecclesia.org.br\\\/?p=7127\",\"url\":\"https:\\\/\\\/news.ecclesia.org.br\\\/?p=7127\",\"name\":\"CRIST\u00c3OS UNIDOS FRENTE AO SEPULCRO VAZIO | ECCLESIA NEWS\",\"isPartOf\":{\"@id\":\"https:\\\/\\\/news.ecclesia.org.br\\\/#website\"},\"primaryImageOfPage\":{\"@id\":\"https:\\\/\\\/news.ecclesia.org.br\\\/?p=7127#primaryimage\"},\"image\":{\"@id\":\"https:\\\/\\\/news.ecclesia.org.br\\\/?p=7127#primaryimage\"},\"thumbnailUrl\":\"https:\\\/\\\/news.ecclesia.org.br\\\/wp-content\\\/uploads\\\/2014\\\/01\\\/bartolomeu-e-francisco-1.jpg\",\"datePublished\":\"2014-01-08T01:06:38+00:00\",\"dateModified\":\"2016-03-22T20:22:58+00:00\",\"breadcrumb\":{\"@id\":\"https:\\\/\\\/news.ecclesia.org.br\\\/?p=7127#breadcrumb\"},\"inLanguage\":\"pt-BR\",\"potentialAction\":[{\"@type\":\"ReadAction\",\"target\":[\"https:\\\/\\\/news.ecclesia.org.br\\\/?p=7127\"]}]},{\"@type\":\"ImageObject\",\"inLanguage\":\"pt-BR\",\"@id\":\"https:\\\/\\\/news.ecclesia.org.br\\\/?p=7127#primaryimage\",\"url\":\"https:\\\/\\\/news.ecclesia.org.br\\\/wp-content\\\/uploads\\\/2014\\\/01\\\/bartolomeu-e-francisco-1.jpg\",\"contentUrl\":\"https:\\\/\\\/news.ecclesia.org.br\\\/wp-content\\\/uploads\\\/2014\\\/01\\\/bartolomeu-e-francisco-1.jpg\",\"width\":521,\"height\":521,\"caption\":\"Fonte: http:\\\/\\\/goo.gl\\\/RKwkdE\"},{\"@type\":\"BreadcrumbList\",\"@id\":\"https:\\\/\\\/news.ecclesia.org.br\\\/?p=7127#breadcrumb\",\"itemListElement\":[{\"@type\":\"ListItem\",\"position\":1,\"name\":\"In\u00edcio\",\"item\":\"https:\\\/\\\/news.ecclesia.org.br\\\/\"},{\"@type\":\"ListItem\",\"position\":2,\"name\":\"CRIST\u00c3OS UNIDOS FRENTE AO SEPULCRO VAZIO\"}]},{\"@type\":\"WebSite\",\"@id\":\"https:\\\/\\\/news.ecclesia.org.br\\\/#website\",\"url\":\"https:\\\/\\\/news.ecclesia.org.br\\\/\",\"name\":\"Ecclesia Brasil\",\"description\":\"Desde 2003 onectando o Brasil ao mundo ortodoxo!\",\"publisher\":{\"@id\":\"https:\\\/\\\/news.ecclesia.org.br\\\/#organization\"},\"alternateName\":\"Ecclesia\",\"potentialAction\":[{\"@type\":\"SearchAction\",\"target\":{\"@type\":\"EntryPoint\",\"urlTemplate\":\"https:\\\/\\\/news.ecclesia.org.br\\\/?s={search_term_string}\"},\"query-input\":{\"@type\":\"PropertyValueSpecification\",\"valueRequired\":true,\"valueName\":\"search_term_string\"}}],\"inLanguage\":\"pt-BR\"},{\"@type\":\"Organization\",\"@id\":\"https:\\\/\\\/news.ecclesia.org.br\\\/#organization\",\"name\":\"Sacra Arquidiocese de Buenos Aires e Am\u00e9rica do Sul | Patriarcado Ecum\u00eanico\",\"alternateName\":\"News Ecclesia Brasil\",\"url\":\"https:\\\/\\\/news.ecclesia.org.br\\\/\",\"logo\":{\"@type\":\"ImageObject\",\"inLanguage\":\"pt-BR\",\"@id\":\"https:\\\/\\\/news.ecclesia.org.br\\\/#\\\/schema\\\/logo\\\/image\\\/\",\"url\":\"https:\\\/\\\/news.ecclesia.org.br\\\/wp-content\\\/uploads\\\/2025\\\/05\\\/ecclesia2.png\",\"contentUrl\":\"https:\\\/\\\/news.ecclesia.org.br\\\/wp-content\\\/uploads\\\/2025\\\/05\\\/ecclesia2.png\",\"width\":480,\"height\":120,\"caption\":\"Sacra Arquidiocese de Buenos Aires e Am\u00e9rica do Sul | Patriarcado Ecum\u00eanico\"},\"image\":{\"@id\":\"https:\\\/\\\/news.ecclesia.org.br\\\/#\\\/schema\\\/logo\\\/image\\\/\"},\"sameAs\":[\"https:\\\/\\\/www.facebook.com\\\/Ecclesia2025\",\"https:\\\/\\\/x.com\\\/EcclesiaNews\",\"https:\\\/\\\/br.pinterest.com\\\/ekklisia\\\/\",\"https:\\\/\\\/www.youtube.com\\\/@EcclesiaBrasil\"]},{\"@type\":\"Person\",\"@id\":\"https:\\\/\\\/news.ecclesia.org.br\\\/#\\\/schema\\\/person\\\/6f09597f025829745ba414a569f63758\",\"name\":\"Pe. Andr\u00e9\",\"image\":{\"@type\":\"ImageObject\",\"inLanguage\":\"pt-BR\",\"@id\":\"https:\\\/\\\/secure.gravatar.com\\\/avatar\\\/b4327cfa27e9799da239a26adcd534fc29cdc0c4a4a148eecbcfeb9b42c617ac?s=96&d=mm&r=g\",\"url\":\"https:\\\/\\\/secure.gravatar.com\\\/avatar\\\/b4327cfa27e9799da239a26adcd534fc29cdc0c4a4a148eecbcfeb9b42c617ac?s=96&d=mm&r=g\",\"contentUrl\":\"https:\\\/\\\/secure.gravatar.com\\\/avatar\\\/b4327cfa27e9799da239a26adcd534fc29cdc0c4a4a148eecbcfeb9b42c617ac?s=96&d=mm&r=g\",\"caption\":\"Pe. Andr\u00e9\"},\"sameAs\":[\"https:\\\/\\\/www.ecclesia.org.br\"]}]}<\/script>\n<!-- \/ Yoast SEO plugin. -->","yoast_head_json":{"title":"CRIST\u00c3OS UNIDOS FRENTE AO SEPULCRO VAZIO | ECCLESIA NEWS","robots":{"index":"index","follow":"follow","max-snippet":"max-snippet:-1","max-image-preview":"max-image-preview:large","max-video-preview":"max-video-preview:-1"},"canonical":"https:\/\/news.ecclesia.org.br\/?p=7127","og_locale":"pt_BR","og_type":"article","og_title":"CRIST\u00c3OS UNIDOS FRENTE AO SEPULCRO VAZIO | ECCLESIA NEWS","og_description":"Na tarde do pr\u00f3ximo dia 25 de maio, domingo, ser\u00e1 realizado um encontro ecum\u00eanico na bas\u00edlica do\u00a0Santo Sepulcro, que tem grande chance de ocorrer diante de um t\u00famulo vazio. \u201c\u00c9 um encontro muito importante \u2013 destaca\u00a0Valeria Martano, daComunidade de Sant&#8217;Egidio,\u00a0&#8230;","og_url":"https:\/\/news.ecclesia.org.br\/?p=7127","og_site_name":"ECCLESIA NEWS","article_publisher":"https:\/\/www.facebook.com\/Ecclesia2025","article_published_time":"2014-01-08T01:06:38+00:00","article_modified_time":"2016-03-22T20:22:58+00:00","og_image":[{"width":521,"height":521,"url":"https:\/\/news.ecclesia.org.br\/wp-content\/uploads\/2014\/01\/bartolomeu-e-francisco-1.jpg","type":"image\/jpeg"}],"author":"Pe. Andr\u00e9","twitter_card":"summary_large_image","twitter_creator":"@EcclesiaNews","twitter_site":"@EcclesiaNews","twitter_misc":{"Escrito por":"Pe. Andr\u00e9","Est. tempo de leitura":"3 minutos"},"schema":{"@context":"https:\/\/schema.org","@graph":[{"@type":"Article","@id":"https:\/\/news.ecclesia.org.br\/?p=7127#article","isPartOf":{"@id":"https:\/\/news.ecclesia.org.br\/?p=7127"},"author":{"name":"Pe. Andr\u00e9","@id":"https:\/\/news.ecclesia.org.br\/#\/schema\/person\/6f09597f025829745ba414a569f63758"},"headline":"CRIST\u00c3OS UNIDOS FRENTE AO SEPULCRO VAZIO","datePublished":"2014-01-08T01:06:38+00:00","dateModified":"2016-03-22T20:22:58+00:00","mainEntityOfPage":{"@id":"https:\/\/news.ecclesia.org.br\/?p=7127"},"wordCount":658,"commentCount":0,"publisher":{"@id":"https:\/\/news.ecclesia.org.br\/#organization"},"image":{"@id":"https:\/\/news.ecclesia.org.br\/?p=7127#primaryimage"},"thumbnailUrl":"https:\/\/news.ecclesia.org.br\/wp-content\/uploads\/2014\/01\/bartolomeu-e-francisco-1.jpg","articleSection":["Mundo Ortodoxo","Patriarcado Ecum\u00eanico"],"inLanguage":"pt-BR","potentialAction":[{"@type":"CommentAction","name":"Comment","target":["https:\/\/news.ecclesia.org.br\/?p=7127#respond"]}]},{"@type":"WebPage","@id":"https:\/\/news.ecclesia.org.br\/?p=7127","url":"https:\/\/news.ecclesia.org.br\/?p=7127","name":"CRIST\u00c3OS UNIDOS FRENTE AO SEPULCRO VAZIO | ECCLESIA NEWS","isPartOf":{"@id":"https:\/\/news.ecclesia.org.br\/#website"},"primaryImageOfPage":{"@id":"https:\/\/news.ecclesia.org.br\/?p=7127#primaryimage"},"image":{"@id":"https:\/\/news.ecclesia.org.br\/?p=7127#primaryimage"},"thumbnailUrl":"https:\/\/news.ecclesia.org.br\/wp-content\/uploads\/2014\/01\/bartolomeu-e-francisco-1.jpg","datePublished":"2014-01-08T01:06:38+00:00","dateModified":"2016-03-22T20:22:58+00:00","breadcrumb":{"@id":"https:\/\/news.ecclesia.org.br\/?p=7127#breadcrumb"},"inLanguage":"pt-BR","potentialAction":[{"@type":"ReadAction","target":["https:\/\/news.ecclesia.org.br\/?p=7127"]}]},{"@type":"ImageObject","inLanguage":"pt-BR","@id":"https:\/\/news.ecclesia.org.br\/?p=7127#primaryimage","url":"https:\/\/news.ecclesia.org.br\/wp-content\/uploads\/2014\/01\/bartolomeu-e-francisco-1.jpg","contentUrl":"https:\/\/news.ecclesia.org.br\/wp-content\/uploads\/2014\/01\/bartolomeu-e-francisco-1.jpg","width":521,"height":521,"caption":"Fonte: http:\/\/goo.gl\/RKwkdE"},{"@type":"BreadcrumbList","@id":"https:\/\/news.ecclesia.org.br\/?p=7127#breadcrumb","itemListElement":[{"@type":"ListItem","position":1,"name":"In\u00edcio","item":"https:\/\/news.ecclesia.org.br\/"},{"@type":"ListItem","position":2,"name":"CRIST\u00c3OS UNIDOS FRENTE AO SEPULCRO VAZIO"}]},{"@type":"WebSite","@id":"https:\/\/news.ecclesia.org.br\/#website","url":"https:\/\/news.ecclesia.org.br\/","name":"Ecclesia Brasil","description":"Desde 2003 onectando o Brasil ao mundo ortodoxo!","publisher":{"@id":"https:\/\/news.ecclesia.org.br\/#organization"},"alternateName":"Ecclesia","potentialAction":[{"@type":"SearchAction","target":{"@type":"EntryPoint","urlTemplate":"https:\/\/news.ecclesia.org.br\/?s={search_term_string}"},"query-input":{"@type":"PropertyValueSpecification","valueRequired":true,"valueName":"search_term_string"}}],"inLanguage":"pt-BR"},{"@type":"Organization","@id":"https:\/\/news.ecclesia.org.br\/#organization","name":"Sacra Arquidiocese de Buenos Aires e Am\u00e9rica do Sul | Patriarcado Ecum\u00eanico","alternateName":"News Ecclesia Brasil","url":"https:\/\/news.ecclesia.org.br\/","logo":{"@type":"ImageObject","inLanguage":"pt-BR","@id":"https:\/\/news.ecclesia.org.br\/#\/schema\/logo\/image\/","url":"https:\/\/news.ecclesia.org.br\/wp-content\/uploads\/2025\/05\/ecclesia2.png","contentUrl":"https:\/\/news.ecclesia.org.br\/wp-content\/uploads\/2025\/05\/ecclesia2.png","width":480,"height":120,"caption":"Sacra Arquidiocese de Buenos Aires e Am\u00e9rica do Sul | Patriarcado Ecum\u00eanico"},"image":{"@id":"https:\/\/news.ecclesia.org.br\/#\/schema\/logo\/image\/"},"sameAs":["https:\/\/www.facebook.com\/Ecclesia2025","https:\/\/x.com\/EcclesiaNews","https:\/\/br.pinterest.com\/ekklisia\/","https:\/\/www.youtube.com\/@EcclesiaBrasil"]},{"@type":"Person","@id":"https:\/\/news.ecclesia.org.br\/#\/schema\/person\/6f09597f025829745ba414a569f63758","name":"Pe. Andr\u00e9","image":{"@type":"ImageObject","inLanguage":"pt-BR","@id":"https:\/\/secure.gravatar.com\/avatar\/b4327cfa27e9799da239a26adcd534fc29cdc0c4a4a148eecbcfeb9b42c617ac?s=96&d=mm&r=g","url":"https:\/\/secure.gravatar.com\/avatar\/b4327cfa27e9799da239a26adcd534fc29cdc0c4a4a148eecbcfeb9b42c617ac?s=96&d=mm&r=g","contentUrl":"https:\/\/secure.gravatar.com\/avatar\/b4327cfa27e9799da239a26adcd534fc29cdc0c4a4a148eecbcfeb9b42c617ac?s=96&d=mm&r=g","caption":"Pe. Andr\u00e9"},"sameAs":["https:\/\/www.ecclesia.org.br"]}]}},"_links":{"self":[{"href":"https:\/\/news.ecclesia.org.br\/index.php?rest_route=\/wp\/v2\/posts\/7127","targetHints":{"allow":["GET"]}}],"collection":[{"href":"https:\/\/news.ecclesia.org.br\/index.php?rest_route=\/wp\/v2\/posts"}],"about":[{"href":"https:\/\/news.ecclesia.org.br\/index.php?rest_route=\/wp\/v2\/types\/post"}],"author":[{"embeddable":true,"href":"https:\/\/news.ecclesia.org.br\/index.php?rest_route=\/wp\/v2\/users\/1"}],"replies":[{"embeddable":true,"href":"https:\/\/news.ecclesia.org.br\/index.php?rest_route=%2Fwp%2Fv2%2Fcomments&post=7127"}],"version-history":[{"count":0,"href":"https:\/\/news.ecclesia.org.br\/index.php?rest_route=\/wp\/v2\/posts\/7127\/revisions"}],"wp:featuredmedia":[{"embeddable":true,"href":"https:\/\/news.ecclesia.org.br\/index.php?rest_route=\/wp\/v2\/media\/6858"}],"wp:attachment":[{"href":"https:\/\/news.ecclesia.org.br\/index.php?rest_route=%2Fwp%2Fv2%2Fmedia&parent=7127"}],"wp:term":[{"taxonomy":"category","embeddable":true,"href":"https:\/\/news.ecclesia.org.br\/index.php?rest_route=%2Fwp%2Fv2%2Fcategories&post=7127"},{"taxonomy":"post_tag","embeddable":true,"href":"https:\/\/news.ecclesia.org.br\/index.php?rest_route=%2Fwp%2Fv2%2Ftags&post=7127"}],"curies":[{"name":"wp","href":"https:\/\/api.w.org\/{rel}","templated":true}]}}