{"id":7123,"date":"2014-04-05T14:58:10","date_gmt":"2014-04-05T14:58:10","guid":{"rendered":"http:\/\/www.ecclesia.com.br\/news\/2013\/?p=7123"},"modified":"2017-06-11T21:11:58","modified_gmt":"2017-06-11T21:11:58","slug":"o-patriarca-cirilo-esta-prestes-a-perder-a-igreja-ortodoxa-ucraniana","status":"publish","type":"post","link":"https:\/\/news.ecclesia.org.br\/?p=7123","title":{"rendered":"\u00abO PATRIARCA CIRILO EST\u00c1 PRESTES A PERDER A IGREJA ORTODOXA UCRANIANA\u00bb"},"content":{"rendered":"<p style=\"text-align: right;\" align=\"right\">Entrevista com Antoine Arjakovsky<\/p>\n<p style=\"text-align: justify;\">Em plena crise internacional ucraniana, o te\u00f3logo ortodoxo franc\u00eas <b>Antoine Arjakovsky<\/b>, diretor de pesquisa no <b>Col\u00e9gio dos Bernardinos<\/b>, especialista em ortodoxia, analisa os desafios para as Igrejas ortodoxas na <b>Ucr\u00e2nia<\/b> e na regi\u00e3o.<\/p>\n<p style=\"text-align: justify;\">A entrevista \u00e9 de<b>Marie-Lucile Kubacki<\/b> e publicada no s\u00edtio da revista francesa <b>La Vie<\/b>, 19-03-2014. A tradu\u00e7\u00e3o \u00e9 de <b>Andr\u00e9 Langer<\/b>.<\/p>\n<p style=\"text-align: justify;\"><b>Eis a entrevista:<\/b><\/p>\n<p style=\"text-align: justify;\"><b>Qual \u00e9 o impacto da situa\u00e7\u00e3o de crise na Ucr\u00e2nia sobre a rela\u00e7\u00e3o entre as Igrejas?<\/b><\/p>\n<blockquote>\n<figure id=\"attachment_7124\" aria-describedby=\"caption-attachment-7124\" style=\"width: 300px\" class=\"wp-caption alignleft\"><a href=\"https:\/\/news.ecclesia.org.br\/2013\/wp-content\/uploads\/2014\/04\/patriarca-cirilo-1.jpg\" rel=\"attachment wp-att-7124\"><img fetchpriority=\"high\" decoding=\"async\" class=\"size-medium wp-image-7124\" src=\"https:\/\/news.ecclesia.org.br\/2013\/wp-content\/uploads\/2014\/04\/patriarca-cirilo-1-300x177.jpg\" alt=\"Fonte: http:\/\/bit.ly\/1hnooAz\" width=\"300\" height=\"177\" srcset=\"https:\/\/news.ecclesia.org.br\/wp-content\/uploads\/2014\/04\/patriarca-cirilo-1-300x177.jpg 300w, https:\/\/news.ecclesia.org.br\/wp-content\/uploads\/2014\/04\/patriarca-cirilo-1-93x55.jpg 93w, https:\/\/news.ecclesia.org.br\/wp-content\/uploads\/2014\/04\/patriarca-cirilo-1.jpg 640w\" sizes=\"(max-width: 300px) 100vw, 300px\" \/><\/a><figcaption id=\"caption-attachment-7124\" class=\"wp-caption-text\">Fonte: http:\/\/bit.ly\/1hnooAz<\/figcaption><\/figure>\n<p style=\"text-align: justify;\">Por um lado, as Igrejas ortodoxas ucranianas (os <b>Patriarcados de Moscou<\/b> e de <b>Kiev<\/b>), que resistiram juntas durante tr\u00eas meses, queriam ir mais longe ao propor a quest\u00e3o da reunifica\u00e7\u00e3o, separadas desde 1991. O <b>Patriarca Filarete<\/b> fez an\u00fancios e houve um s\u00ednodo do <b>Patriarcado de Kiev<\/b>. Por outro lado, rapidamente, o <b>Patriarca Cirilo<\/b> de <b>Moscou<\/b>, que n\u00e3o quer que a Igreja ucraniana sob sua jurisdi\u00e7\u00e3o se reconcilie com o <b>Patriarcado de Kiev<\/b>, trocou a lideran\u00e7a da Igreja ortodoxa ucraniana. Em dois de mar\u00e7o, substituiu <b>Vladimir Sobodam<\/b> por <b>Onufri de Tcharnivtsi<\/b>. O metropolita <b>Onufri<\/b> \u00e9 pr\u00f3ximo de <b>Cirilo<\/b>, pr\u00f3-moscovita. Alguns gostaram, embora seja um bispo ucraniano, ao inv\u00e9s de russo. Com efeito, em dezembro passado, o l\u00edder da Igreja ortodoxa na <b>Bielor\u00fassia<\/b>, o metropolita <b>Filarete<\/b> (que n\u00e3o deve ser confundido com o Patriarca <b>Filarete<\/b> de <b>Kiev<\/b>) n\u00e3o foi substitu\u00eddo por um bispo ortodoxo da <b>Bielor\u00fassia<\/b>, mas por um pr\u00f3ximo a <b>Cirilo<\/b>, um bispo russo. Os ucranianos temem que <b>Cirilo<\/b> fa\u00e7a a mesma coisa e nomes como o do metropolita <b>Hilarion Alfeyev<\/b>, n\u00famero dois do <b>Patriarcado de Moscou<\/b> (PM), come\u00e7am a circular.<\/p>\n<\/blockquote>\n<p style=\"text-align: justify;\"><b>Por que o Patriarca Cirilo escolheu nomear um bispo para a Ucr\u00e2nia?<\/b><\/p>\n<blockquote>\n<p style=\"text-align: justify;\">Ele entendeu que o que est\u00e1 acontecendo na <b>Ucr\u00e2nia<\/b> \u00e9 um momento de reafirma\u00e7\u00e3o do Estado Na\u00e7\u00e3o e, portanto, da identidade ucraniana. Ele teme perder sua autoridade sobre a parte da Igreja Ortodoxa Ucraniana que permaneceu fiel a <b>Moscou<\/b> em 1991. Isso teve o efeito de quebrar a din\u00e2mica da reconcilia\u00e7\u00e3o. De fato, quando houve a invas\u00e3o da <b>Crimeia<\/b> pelos russos, uma declara\u00e7\u00e3o condenando a opera\u00e7\u00e3o foi imediatamente assinada pelos respons\u00e1veis das Igrejas, como o <b>Patriarca Filarete<\/b>, do <b>Patriarcado de Kiev<\/b>, e <b>Sviatoslav Schevchuk<\/b>, arcebispo maior da Igreja greco-cat\u00f3lica. Mas o novo chefe da Igreja ortodoxa ucraniana (PM) se absteve. Assistimos, pois, hoje, a uma retomada do controle por <b>Patriarca Cirilo<\/b>.<\/p>\n<\/blockquote>\n<p style=\"text-align: justify;\"><b>Esta retomada do controle \u00e9 aceita pelos ortodoxos ucranianos?<\/b><\/p>\n<blockquote>\n<p style=\"text-align: justify;\">Atrav\u00e9s de mensagens eletr\u00f4nicas que eu recebi, observo que h\u00e1 cada vez mais pessoas chocadas e escandalizadas na Igreja Ortodoxa Ucraniana (PM) com todos os discursos do <b>Patriarca de Moscou<\/b>. Eles vivem isso como uma tentativa com vistas a anexar religiosamente a <b>Ucr\u00e2nia<\/b>, na mesma medida que <b>Putin<\/b> procura anexar politicamente a <b>Crimeia<\/b> e inclusive a <b>Ucr\u00e2nia<\/b> oriental. Mas, da mesma maneira que <b>Putin<\/b> est\u00e1 para perder a <b>Ucr\u00e2nia<\/b> ao provocar a uni\u00e3o de todos contra ele, o <b>Patriarca Cirilo<\/b> est\u00e1 prestes a perder a Igreja Ortodoxa Ucraniana, que congrega cerca de 12 a 13 milh\u00f5es de fi\u00e9is. No futuro, isso poder\u00e1 ter repercuss\u00f5es muito importantes sobre a legitimidade de <b>Cirilo<\/b> no <b>Patriarcado de Moscou<\/b>. H\u00e1 cada vez mais padres, bispos, leigos mobilizados. Durante a invas\u00e3o da <b>Crimeia<\/b>, os fi\u00e9is esperavam o apoio do <b>Patriarca de Moscou<\/b>. Em vez disso, ele os decepcionou apoiando <b>Putin<\/b>. Quando <b>Cirilo<\/b> assistiu \u00e0s manobras militares em <b>Sebastopol<\/b> com o presidente <b>Putin<\/b>, em agosto passado, observei pela primeira vez na <b>Ucr\u00e2nia<\/b> um aumento do anticlericalismo. Nos \u00faltimos 20 anos, os intelectuais viam com bons olhos o fato de que a Igreja gozava de uma confian\u00e7a maior do que os partidos pol\u00edticos e a m\u00eddia. Mas esta uni\u00e3o da cruz com a espada provocou manifesta\u00e7\u00f5es em <b>Kiev<\/b>. Com esse apoio \u00e0 anexa\u00e7\u00e3o da <b>Crimeia<\/b>, perdeu todo cr\u00e9dito entre uma grande parte da popula\u00e7\u00e3o crist\u00e3 ortodoxa ucraniana.<\/p>\n<\/blockquote>\n<p style=\"text-align: justify;\"><b>Os ortodoxos da Igreja ucraniana dependentes do Patriarcado de Moscou poder\u00e3o se aproximar do Patriarcado de Kiev?<\/b><\/p>\n<blockquote>\n<p style=\"text-align: justify;\">Absolutamente, este \u00e9 o risco que pode ocorrer. Quando o <b>Patriarca Filarete <\/b>prop\u00f4s a reconcilia\u00e7\u00e3o entre as duas Igrejas, criou uma comiss\u00e3o. Nessa comiss\u00e3o h\u00e1 representantes do <b>Patriarcado de Kiev<\/b> e da Igreja Ortodoxa Ucraniana. Certamente, a posi\u00e7\u00e3o dos membros desta comiss\u00e3o ser\u00e1 importante, mas o peso da conjuntura pol\u00edtica tamb\u00e9m ser\u00e1. Al\u00e9m da posi\u00e7\u00e3o do <b>Patriarca Filarete<\/b>, o an\u00fancio do <b>Conc\u00edlio Pan-ortodoxo<\/b> para 2016 traz para o primeiro plano um dos temas mais espinhosos nas Igrejas ortodoxas: a quest\u00e3o da autocefalia. Como pode a Igreja ortodoxa reconhecer o surgimento de uma nova Igreja capaz de escolher sua pr\u00f3pria lideran\u00e7a? Se a quest\u00e3o \u00e9 t\u00e3o delicada a ponto de antecipar a agenda do futuro conc\u00edlio em 2016, \u00e9 porque a Igreja da <b>Ucr\u00e2nia<\/b> deveria conseguir sua autocefalia.<\/p>\n<\/blockquote>\n<p style=\"text-align: justify;\"><b>Por qu\u00ea?<\/b><\/p>\n<blockquote>\n<p style=\"text-align: justify;\">As raz\u00f5es s\u00e3o m\u00faltiplas. Ela \u00e9 muito antiga. Remonta a 988 e ela tem suficientemente santos, par\u00f3quias, bispos e maturidade para nomear seu pr\u00f3prio l\u00edder. <b>Moscou<\/b> simplesmente n\u00e3o quer. E \u00e9 porque <b>Moscou<\/b> n\u00e3o quer reconhecer esta Igreja Ortodoxa da <b>Ucr\u00e2nia<\/b> como autoc\u00e9fala que em 1991 criou-se uma Igreja dissidente, o <b>Patriarcado de Kiev<\/b>. Ora, ap\u00f3s decis\u00f5es da comiss\u00e3o pr\u00e9-conciliar, para poder se proclamar autoc\u00e9fala uma Igreja deve ser reconhecida pela Igreja m\u00e3e, pelo <b>Patriarca de Constantinopla<\/b> que tem a primazia, e por todas as outras Igrejas locais&#8230; O que \u00e9 imposs\u00edvel. \u00c9 ainda mais imposs\u00edvel na <b>Ucr\u00e2nia<\/b>, que, quando se fala de Igreja m\u00e3e, os ucranianos pensam na Igreja de <b>Constantinopla<\/b>e n\u00e3o no <b>Patriarcado de Moscou<\/b>. A <b>R\u00fassia<\/b> invadiu a <b>Ucr\u00e2nia<\/b> oriental apenas no s\u00e9culo XVII. E o <b>Patriarcado de Constantinopla<\/b> nunca voltou ao fato de que a jurisdi\u00e7\u00e3o de <b>Constantinopla<\/b> se estende sobre a <b>Ucr\u00e2nia<\/b> em suas fronteiras de 1660. Mas a regra que enquadra a proclama\u00e7\u00e3o da autocefalia foi recentemente amarrada em <b>Constantinopla<\/b> por ocasi\u00e3o da <b>sinaxe<\/b>, o que permite compreender porque <b>Cirilo<\/b> quis acelerar a convoca\u00e7\u00e3o do Conc\u00edlio.<\/p>\n<\/blockquote>\n<p style=\"text-align: justify;\"><b>Esta regra tem fundamentos eclesiol\u00f3gicos?<\/b><\/p>\n<blockquote>\n<p style=\"text-align: justify;\">N\u00e3o, mas ela \u00e9 eclesiologicamente defens\u00e1vel. O <b>Patriarca de Kiev<\/b> refere-se justamente ao c\u00e2non 34 dos Ap\u00f3stolos, do s\u00e9culo IV, segundo o qual \u00e9 preciso que cada bispo reconhe\u00e7a localmente quem, numa regi\u00e3o, \u00e9 o primeiro. Por outro lado, esse \u201cprimado\u201d, o <i>protos<\/i>, n\u00e3o deve fazer nada sem antes consultar os outros membros do seu episcopado. Uma vez que o <i>protos<\/i> age de maneira sinodal, ele ganha progressivamente o reconhecimento das outras Igrejas ortodoxas. \u00c0s regras estabelecidas no s\u00e9culo XIX, defendidas entre outros pelo <b>Patriarcado de Moscou<\/b>, o <b>Patriarca Filarete<\/b> de <b>Kiev<\/b> op\u00f5e o c\u00e2non dos Ap\u00f3stolos.<\/p>\n<\/blockquote>\n<p style=\"text-align: justify;\"><b>O Patriarca Filarete gostaria de estar \u00e0 frente da Igreja autoc\u00e9fala, se fosse proclamada?<\/b><\/p>\n<blockquote>\n<p style=\"text-align: justify;\">N\u00e3o. Ele disse que n\u00e3o era o candidato e deu a entender que se o <i>protos<\/i> desta nova Igreja Ucraniana Autoc\u00e9fala fosse o representante da Igreja Ortodoxa Ucraniana, atualmente sob o dom\u00ednio do <b>Patriarcado de Moscou<\/b>, ele poderia aceit\u00e1-lo. \u00c9 a raz\u00e3o pela qual a situa\u00e7\u00e3o est\u00e1 extremamente complicada para <b>Cirilo<\/b> e o <b>Patriarcado de Moscou<\/b>. O <b>Patriarca Filarete<\/b> quer avan\u00e7ar sobre esta quest\u00e3o da unidade e n\u00e3o podemos acus\u00e1-lo de querer ser o chefe desta futura Igreja local.<\/p>\n<\/blockquote>\n<p style=\"text-align: justify;\"><b>Que consequ\u00eancias esta situa\u00e7\u00e3o eclesial poder\u00e1 ter sobre o Conc\u00edlio?<\/b><\/p>\n<blockquote>\n<p style=\"text-align: justify;\">Em primeiro lugar, penso que o Conc\u00edlio vai acontecer. As Igrejas querem seguir em frente e as pessoas est\u00e3o prontas para avan\u00e7ar. Mas o que mais me chocou na sinaxe de <b>Istambul<\/b> \u00e9 que votaram por um regulamento de voto por unanimidade que amarra tudo. Os bispos n\u00e3o ter\u00e3o liberdade de voto quando o voto for por Igreja, e cada Igreja ter\u00e1 o direito de veto. O risco \u00e9 que sejam aprovados apenas os consensos antigos e muitas vezes equivocados. A autocefalia e a data da P\u00e1scoa n\u00e3o est\u00e3o resolvidos, por exemplo. O mesmo vale para as quest\u00f5es sociais. Continuamos a falar dos problemas do <i>apartheid<\/i> segundo o consenso de 1986&#8230; \u00c9 datado. Espero que se produza o que aconteceu no <b>Vaticano II<\/b>, em outubro de 1962. Tamb\u00e9m era uma \u00e9poca muito grave, em plena crise dos foguetes de <b>Cuba<\/b>, e o Esp\u00edrito soprou. A agenda foi rejeitada, apelou-se aos leigos, e um novo debate e uma nova regulamenta\u00e7\u00e3o apareceram.<\/p>\n<\/blockquote>\n<p style=\"text-align: justify;\"><b>Qual \u00e9 o impacto da ascens\u00e3o dos nacionalismos e da radicaliza\u00e7\u00e3o do Patriarcado de Moscou sobre as rela\u00e7\u00f5es ecum\u00eanicas entre cat\u00f3licos e ortodoxos russos?<\/b><\/p>\n<blockquote>\n<p style=\"text-align: justify;\">Em 26 de dezembro, o <b>Patriarca Cirilo<\/b> condenou as manifesta\u00e7\u00f5es da <b>Maidan<\/b> e fez o Santo S\u00ednodo assinar um texto sobre a primazia na Igreja. Esse texto questiona o primado de <b>Constantinopla<\/b> no mundo ortodoxo e o primado de <b>Roma <\/b>na Igreja. Ele d\u00e1 a entender ao mundo crist\u00e3o que o poder do bispo \u00e9 igual \u00e0 autoridade de Deus, que a autoridade do bispo de <b>Roma<\/b>, sucessor de <b>Pedro<\/b>, n\u00e3o tem nenhum fundamento evang\u00e9lico e que a autoridade de <b>Constantinopla<\/b> \u00e9 apenas formal na Igreja ortodoxa. Isso anula 50 anos de <b>ecumenismo<\/b>.<\/p>\n<\/blockquote>\n","protected":false},"excerpt":{"rendered":"<p>Entrevista com Antoine Arjakovsky Em plena crise internacional ucraniana, o te\u00f3logo ortodoxo franc\u00eas Antoine Arjakovsky, diretor de pesquisa no Col\u00e9gio dos Bernardinos, especialista em ortodoxia, analisa os desafios para as Igrejas ortodoxas na Ucr\u00e2nia e na regi\u00e3o. A entrevista \u00e9&#8230;<\/p>\n","protected":false},"author":1,"featured_media":7124,"comment_status":"open","ping_status":"open","sticky":false,"template":"","format":"standard","meta":{"_acf_changed":false,"footnotes":""},"categories":[3,72],"tags":[],"class_list":["post-7123","post","type-post","status-publish","format-standard","has-post-thumbnail","hentry","category-mundo","category-patriarcado-ecumenico","entry","rows-excerpt"],"acf":[],"yoast_head":"<!-- This site is optimized with the Yoast SEO plugin v27.4 - https:\/\/yoast.com\/product\/yoast-seo-wordpress\/ -->\n<title>\u00abO PATRIARCA CIRILO EST\u00c1 PRESTES A PERDER A IGREJA ORTODOXA UCRANIANA\u00bb | ECCLESIA NEWS<\/title>\n<meta name=\"robots\" content=\"index, follow, max-snippet:-1, max-image-preview:large, max-video-preview:-1\" \/>\n<link rel=\"canonical\" href=\"https:\/\/news.ecclesia.org.br\/?p=7123\" \/>\n<meta property=\"og:locale\" content=\"pt_BR\" \/>\n<meta property=\"og:type\" content=\"article\" \/>\n<meta property=\"og:title\" content=\"\u00abO PATRIARCA CIRILO EST\u00c1 PRESTES A PERDER A IGREJA ORTODOXA UCRANIANA\u00bb | ECCLESIA NEWS\" \/>\n<meta property=\"og:description\" content=\"Entrevista com Antoine Arjakovsky Em plena crise internacional ucraniana, o te\u00f3logo ortodoxo franc\u00eas Antoine Arjakovsky, diretor de pesquisa no Col\u00e9gio dos Bernardinos, especialista em ortodoxia, analisa os desafios para as Igrejas ortodoxas na Ucr\u00e2nia e na regi\u00e3o. A entrevista \u00e9&#8230;\" \/>\n<meta property=\"og:url\" content=\"https:\/\/news.ecclesia.org.br\/?p=7123\" \/>\n<meta property=\"og:site_name\" content=\"ECCLESIA NEWS\" \/>\n<meta property=\"article:publisher\" content=\"https:\/\/www.facebook.com\/Ecclesia2025\" \/>\n<meta property=\"article:published_time\" content=\"2014-04-05T14:58:10+00:00\" \/>\n<meta property=\"article:modified_time\" content=\"2017-06-11T21:11:58+00:00\" \/>\n<meta property=\"og:image\" content=\"https:\/\/news.ecclesia.org.br\/wp-content\/uploads\/2014\/04\/patriarca-cirilo-1.jpg\" \/>\n\t<meta property=\"og:image:width\" content=\"640\" \/>\n\t<meta property=\"og:image:height\" content=\"378\" \/>\n\t<meta property=\"og:image:type\" content=\"image\/jpeg\" \/>\n<meta name=\"author\" content=\"Pe. Andr\u00e9\" \/>\n<meta name=\"twitter:card\" content=\"summary_large_image\" \/>\n<meta name=\"twitter:creator\" content=\"@EcclesiaNews\" \/>\n<meta name=\"twitter:site\" content=\"@EcclesiaNews\" \/>\n<meta name=\"twitter:label1\" content=\"Escrito por\" \/>\n\t<meta name=\"twitter:data1\" content=\"Pe. Andr\u00e9\" \/>\n\t<meta name=\"twitter:label2\" content=\"Est. tempo de leitura\" \/>\n\t<meta name=\"twitter:data2\" content=\"8 minutos\" \/>\n<script type=\"application\/ld+json\" class=\"yoast-schema-graph\">{\"@context\":\"https:\\\/\\\/schema.org\",\"@graph\":[{\"@type\":\"Article\",\"@id\":\"https:\\\/\\\/news.ecclesia.org.br\\\/?p=7123#article\",\"isPartOf\":{\"@id\":\"https:\\\/\\\/news.ecclesia.org.br\\\/?p=7123\"},\"author\":{\"name\":\"Pe. Andr\u00e9\",\"@id\":\"https:\\\/\\\/news.ecclesia.org.br\\\/#\\\/schema\\\/person\\\/6f09597f025829745ba414a569f63758\"},\"headline\":\"\u00abO PATRIARCA CIRILO EST\u00c1 PRESTES A PERDER A IGREJA ORTODOXA UCRANIANA\u00bb\",\"datePublished\":\"2014-04-05T14:58:10+00:00\",\"dateModified\":\"2017-06-11T21:11:58+00:00\",\"mainEntityOfPage\":{\"@id\":\"https:\\\/\\\/news.ecclesia.org.br\\\/?p=7123\"},\"wordCount\":1575,\"commentCount\":0,\"publisher\":{\"@id\":\"https:\\\/\\\/news.ecclesia.org.br\\\/#organization\"},\"image\":{\"@id\":\"https:\\\/\\\/news.ecclesia.org.br\\\/?p=7123#primaryimage\"},\"thumbnailUrl\":\"https:\\\/\\\/news.ecclesia.org.br\\\/wp-content\\\/uploads\\\/2014\\\/04\\\/patriarca-cirilo-1.jpg\",\"articleSection\":[\"Mundo Ortodoxo\",\"Patriarcado Ecum\u00eanico\"],\"inLanguage\":\"pt-BR\",\"potentialAction\":[{\"@type\":\"CommentAction\",\"name\":\"Comment\",\"target\":[\"https:\\\/\\\/news.ecclesia.org.br\\\/?p=7123#respond\"]}]},{\"@type\":\"WebPage\",\"@id\":\"https:\\\/\\\/news.ecclesia.org.br\\\/?p=7123\",\"url\":\"https:\\\/\\\/news.ecclesia.org.br\\\/?p=7123\",\"name\":\"\u00abO PATRIARCA CIRILO EST\u00c1 PRESTES A PERDER A IGREJA ORTODOXA UCRANIANA\u00bb | ECCLESIA NEWS\",\"isPartOf\":{\"@id\":\"https:\\\/\\\/news.ecclesia.org.br\\\/#website\"},\"primaryImageOfPage\":{\"@id\":\"https:\\\/\\\/news.ecclesia.org.br\\\/?p=7123#primaryimage\"},\"image\":{\"@id\":\"https:\\\/\\\/news.ecclesia.org.br\\\/?p=7123#primaryimage\"},\"thumbnailUrl\":\"https:\\\/\\\/news.ecclesia.org.br\\\/wp-content\\\/uploads\\\/2014\\\/04\\\/patriarca-cirilo-1.jpg\",\"datePublished\":\"2014-04-05T14:58:10+00:00\",\"dateModified\":\"2017-06-11T21:11:58+00:00\",\"breadcrumb\":{\"@id\":\"https:\\\/\\\/news.ecclesia.org.br\\\/?p=7123#breadcrumb\"},\"inLanguage\":\"pt-BR\",\"potentialAction\":[{\"@type\":\"ReadAction\",\"target\":[\"https:\\\/\\\/news.ecclesia.org.br\\\/?p=7123\"]}]},{\"@type\":\"ImageObject\",\"inLanguage\":\"pt-BR\",\"@id\":\"https:\\\/\\\/news.ecclesia.org.br\\\/?p=7123#primaryimage\",\"url\":\"https:\\\/\\\/news.ecclesia.org.br\\\/wp-content\\\/uploads\\\/2014\\\/04\\\/patriarca-cirilo-1.jpg\",\"contentUrl\":\"https:\\\/\\\/news.ecclesia.org.br\\\/wp-content\\\/uploads\\\/2014\\\/04\\\/patriarca-cirilo-1.jpg\",\"width\":640,\"height\":378,\"caption\":\"Fonte: http:\\\/\\\/bit.ly\\\/1hnooAz\"},{\"@type\":\"BreadcrumbList\",\"@id\":\"https:\\\/\\\/news.ecclesia.org.br\\\/?p=7123#breadcrumb\",\"itemListElement\":[{\"@type\":\"ListItem\",\"position\":1,\"name\":\"In\u00edcio\",\"item\":\"https:\\\/\\\/news.ecclesia.org.br\\\/\"},{\"@type\":\"ListItem\",\"position\":2,\"name\":\"\u00abO PATRIARCA CIRILO EST\u00c1 PRESTES A PERDER A IGREJA ORTODOXA UCRANIANA\u00bb\"}]},{\"@type\":\"WebSite\",\"@id\":\"https:\\\/\\\/news.ecclesia.org.br\\\/#website\",\"url\":\"https:\\\/\\\/news.ecclesia.org.br\\\/\",\"name\":\"Ecclesia Brasil\",\"description\":\"Desde 2003 onectando o Brasil ao mundo ortodoxo!\",\"publisher\":{\"@id\":\"https:\\\/\\\/news.ecclesia.org.br\\\/#organization\"},\"alternateName\":\"Ecclesia\",\"potentialAction\":[{\"@type\":\"SearchAction\",\"target\":{\"@type\":\"EntryPoint\",\"urlTemplate\":\"https:\\\/\\\/news.ecclesia.org.br\\\/?s={search_term_string}\"},\"query-input\":{\"@type\":\"PropertyValueSpecification\",\"valueRequired\":true,\"valueName\":\"search_term_string\"}}],\"inLanguage\":\"pt-BR\"},{\"@type\":\"Organization\",\"@id\":\"https:\\\/\\\/news.ecclesia.org.br\\\/#organization\",\"name\":\"Sacra Arquidiocese de Buenos Aires e Am\u00e9rica do Sul | Patriarcado Ecum\u00eanico\",\"alternateName\":\"News Ecclesia Brasil\",\"url\":\"https:\\\/\\\/news.ecclesia.org.br\\\/\",\"logo\":{\"@type\":\"ImageObject\",\"inLanguage\":\"pt-BR\",\"@id\":\"https:\\\/\\\/news.ecclesia.org.br\\\/#\\\/schema\\\/logo\\\/image\\\/\",\"url\":\"https:\\\/\\\/news.ecclesia.org.br\\\/wp-content\\\/uploads\\\/2025\\\/05\\\/ecclesia2.png\",\"contentUrl\":\"https:\\\/\\\/news.ecclesia.org.br\\\/wp-content\\\/uploads\\\/2025\\\/05\\\/ecclesia2.png\",\"width\":480,\"height\":120,\"caption\":\"Sacra Arquidiocese de Buenos Aires e Am\u00e9rica do Sul | Patriarcado Ecum\u00eanico\"},\"image\":{\"@id\":\"https:\\\/\\\/news.ecclesia.org.br\\\/#\\\/schema\\\/logo\\\/image\\\/\"},\"sameAs\":[\"https:\\\/\\\/www.facebook.com\\\/Ecclesia2025\",\"https:\\\/\\\/x.com\\\/EcclesiaNews\",\"https:\\\/\\\/br.pinterest.com\\\/ekklisia\\\/\",\"https:\\\/\\\/www.youtube.com\\\/@EcclesiaBrasil\"]},{\"@type\":\"Person\",\"@id\":\"https:\\\/\\\/news.ecclesia.org.br\\\/#\\\/schema\\\/person\\\/6f09597f025829745ba414a569f63758\",\"name\":\"Pe. Andr\u00e9\",\"image\":{\"@type\":\"ImageObject\",\"inLanguage\":\"pt-BR\",\"@id\":\"https:\\\/\\\/secure.gravatar.com\\\/avatar\\\/b4327cfa27e9799da239a26adcd534fc29cdc0c4a4a148eecbcfeb9b42c617ac?s=96&d=mm&r=g\",\"url\":\"https:\\\/\\\/secure.gravatar.com\\\/avatar\\\/b4327cfa27e9799da239a26adcd534fc29cdc0c4a4a148eecbcfeb9b42c617ac?s=96&d=mm&r=g\",\"contentUrl\":\"https:\\\/\\\/secure.gravatar.com\\\/avatar\\\/b4327cfa27e9799da239a26adcd534fc29cdc0c4a4a148eecbcfeb9b42c617ac?s=96&d=mm&r=g\",\"caption\":\"Pe. Andr\u00e9\"},\"sameAs\":[\"https:\\\/\\\/www.ecclesia.org.br\"]}]}<\/script>\n<!-- \/ Yoast SEO plugin. -->","yoast_head_json":{"title":"\u00abO PATRIARCA CIRILO EST\u00c1 PRESTES A PERDER A IGREJA ORTODOXA UCRANIANA\u00bb | ECCLESIA NEWS","robots":{"index":"index","follow":"follow","max-snippet":"max-snippet:-1","max-image-preview":"max-image-preview:large","max-video-preview":"max-video-preview:-1"},"canonical":"https:\/\/news.ecclesia.org.br\/?p=7123","og_locale":"pt_BR","og_type":"article","og_title":"\u00abO PATRIARCA CIRILO EST\u00c1 PRESTES A PERDER A IGREJA ORTODOXA UCRANIANA\u00bb | ECCLESIA NEWS","og_description":"Entrevista com Antoine Arjakovsky Em plena crise internacional ucraniana, o te\u00f3logo ortodoxo franc\u00eas Antoine Arjakovsky, diretor de pesquisa no Col\u00e9gio dos Bernardinos, especialista em ortodoxia, analisa os desafios para as Igrejas ortodoxas na Ucr\u00e2nia e na regi\u00e3o. A entrevista \u00e9&#8230;","og_url":"https:\/\/news.ecclesia.org.br\/?p=7123","og_site_name":"ECCLESIA NEWS","article_publisher":"https:\/\/www.facebook.com\/Ecclesia2025","article_published_time":"2014-04-05T14:58:10+00:00","article_modified_time":"2017-06-11T21:11:58+00:00","og_image":[{"width":640,"height":378,"url":"https:\/\/news.ecclesia.org.br\/wp-content\/uploads\/2014\/04\/patriarca-cirilo-1.jpg","type":"image\/jpeg"}],"author":"Pe. Andr\u00e9","twitter_card":"summary_large_image","twitter_creator":"@EcclesiaNews","twitter_site":"@EcclesiaNews","twitter_misc":{"Escrito por":"Pe. Andr\u00e9","Est. tempo de leitura":"8 minutos"},"schema":{"@context":"https:\/\/schema.org","@graph":[{"@type":"Article","@id":"https:\/\/news.ecclesia.org.br\/?p=7123#article","isPartOf":{"@id":"https:\/\/news.ecclesia.org.br\/?p=7123"},"author":{"name":"Pe. Andr\u00e9","@id":"https:\/\/news.ecclesia.org.br\/#\/schema\/person\/6f09597f025829745ba414a569f63758"},"headline":"\u00abO PATRIARCA CIRILO EST\u00c1 PRESTES A PERDER A IGREJA ORTODOXA UCRANIANA\u00bb","datePublished":"2014-04-05T14:58:10+00:00","dateModified":"2017-06-11T21:11:58+00:00","mainEntityOfPage":{"@id":"https:\/\/news.ecclesia.org.br\/?p=7123"},"wordCount":1575,"commentCount":0,"publisher":{"@id":"https:\/\/news.ecclesia.org.br\/#organization"},"image":{"@id":"https:\/\/news.ecclesia.org.br\/?p=7123#primaryimage"},"thumbnailUrl":"https:\/\/news.ecclesia.org.br\/wp-content\/uploads\/2014\/04\/patriarca-cirilo-1.jpg","articleSection":["Mundo Ortodoxo","Patriarcado Ecum\u00eanico"],"inLanguage":"pt-BR","potentialAction":[{"@type":"CommentAction","name":"Comment","target":["https:\/\/news.ecclesia.org.br\/?p=7123#respond"]}]},{"@type":"WebPage","@id":"https:\/\/news.ecclesia.org.br\/?p=7123","url":"https:\/\/news.ecclesia.org.br\/?p=7123","name":"\u00abO PATRIARCA CIRILO EST\u00c1 PRESTES A PERDER A IGREJA ORTODOXA UCRANIANA\u00bb | ECCLESIA NEWS","isPartOf":{"@id":"https:\/\/news.ecclesia.org.br\/#website"},"primaryImageOfPage":{"@id":"https:\/\/news.ecclesia.org.br\/?p=7123#primaryimage"},"image":{"@id":"https:\/\/news.ecclesia.org.br\/?p=7123#primaryimage"},"thumbnailUrl":"https:\/\/news.ecclesia.org.br\/wp-content\/uploads\/2014\/04\/patriarca-cirilo-1.jpg","datePublished":"2014-04-05T14:58:10+00:00","dateModified":"2017-06-11T21:11:58+00:00","breadcrumb":{"@id":"https:\/\/news.ecclesia.org.br\/?p=7123#breadcrumb"},"inLanguage":"pt-BR","potentialAction":[{"@type":"ReadAction","target":["https:\/\/news.ecclesia.org.br\/?p=7123"]}]},{"@type":"ImageObject","inLanguage":"pt-BR","@id":"https:\/\/news.ecclesia.org.br\/?p=7123#primaryimage","url":"https:\/\/news.ecclesia.org.br\/wp-content\/uploads\/2014\/04\/patriarca-cirilo-1.jpg","contentUrl":"https:\/\/news.ecclesia.org.br\/wp-content\/uploads\/2014\/04\/patriarca-cirilo-1.jpg","width":640,"height":378,"caption":"Fonte: http:\/\/bit.ly\/1hnooAz"},{"@type":"BreadcrumbList","@id":"https:\/\/news.ecclesia.org.br\/?p=7123#breadcrumb","itemListElement":[{"@type":"ListItem","position":1,"name":"In\u00edcio","item":"https:\/\/news.ecclesia.org.br\/"},{"@type":"ListItem","position":2,"name":"\u00abO PATRIARCA CIRILO EST\u00c1 PRESTES A PERDER A IGREJA ORTODOXA UCRANIANA\u00bb"}]},{"@type":"WebSite","@id":"https:\/\/news.ecclesia.org.br\/#website","url":"https:\/\/news.ecclesia.org.br\/","name":"Ecclesia Brasil","description":"Desde 2003 onectando o Brasil ao mundo ortodoxo!","publisher":{"@id":"https:\/\/news.ecclesia.org.br\/#organization"},"alternateName":"Ecclesia","potentialAction":[{"@type":"SearchAction","target":{"@type":"EntryPoint","urlTemplate":"https:\/\/news.ecclesia.org.br\/?s={search_term_string}"},"query-input":{"@type":"PropertyValueSpecification","valueRequired":true,"valueName":"search_term_string"}}],"inLanguage":"pt-BR"},{"@type":"Organization","@id":"https:\/\/news.ecclesia.org.br\/#organization","name":"Sacra Arquidiocese de Buenos Aires e Am\u00e9rica do Sul | Patriarcado Ecum\u00eanico","alternateName":"News Ecclesia Brasil","url":"https:\/\/news.ecclesia.org.br\/","logo":{"@type":"ImageObject","inLanguage":"pt-BR","@id":"https:\/\/news.ecclesia.org.br\/#\/schema\/logo\/image\/","url":"https:\/\/news.ecclesia.org.br\/wp-content\/uploads\/2025\/05\/ecclesia2.png","contentUrl":"https:\/\/news.ecclesia.org.br\/wp-content\/uploads\/2025\/05\/ecclesia2.png","width":480,"height":120,"caption":"Sacra Arquidiocese de Buenos Aires e Am\u00e9rica do Sul | Patriarcado Ecum\u00eanico"},"image":{"@id":"https:\/\/news.ecclesia.org.br\/#\/schema\/logo\/image\/"},"sameAs":["https:\/\/www.facebook.com\/Ecclesia2025","https:\/\/x.com\/EcclesiaNews","https:\/\/br.pinterest.com\/ekklisia\/","https:\/\/www.youtube.com\/@EcclesiaBrasil"]},{"@type":"Person","@id":"https:\/\/news.ecclesia.org.br\/#\/schema\/person\/6f09597f025829745ba414a569f63758","name":"Pe. Andr\u00e9","image":{"@type":"ImageObject","inLanguage":"pt-BR","@id":"https:\/\/secure.gravatar.com\/avatar\/b4327cfa27e9799da239a26adcd534fc29cdc0c4a4a148eecbcfeb9b42c617ac?s=96&d=mm&r=g","url":"https:\/\/secure.gravatar.com\/avatar\/b4327cfa27e9799da239a26adcd534fc29cdc0c4a4a148eecbcfeb9b42c617ac?s=96&d=mm&r=g","contentUrl":"https:\/\/secure.gravatar.com\/avatar\/b4327cfa27e9799da239a26adcd534fc29cdc0c4a4a148eecbcfeb9b42c617ac?s=96&d=mm&r=g","caption":"Pe. Andr\u00e9"},"sameAs":["https:\/\/www.ecclesia.org.br"]}]}},"_links":{"self":[{"href":"https:\/\/news.ecclesia.org.br\/index.php?rest_route=\/wp\/v2\/posts\/7123","targetHints":{"allow":["GET"]}}],"collection":[{"href":"https:\/\/news.ecclesia.org.br\/index.php?rest_route=\/wp\/v2\/posts"}],"about":[{"href":"https:\/\/news.ecclesia.org.br\/index.php?rest_route=\/wp\/v2\/types\/post"}],"author":[{"embeddable":true,"href":"https:\/\/news.ecclesia.org.br\/index.php?rest_route=\/wp\/v2\/users\/1"}],"replies":[{"embeddable":true,"href":"https:\/\/news.ecclesia.org.br\/index.php?rest_route=%2Fwp%2Fv2%2Fcomments&post=7123"}],"version-history":[{"count":0,"href":"https:\/\/news.ecclesia.org.br\/index.php?rest_route=\/wp\/v2\/posts\/7123\/revisions"}],"wp:featuredmedia":[{"embeddable":true,"href":"https:\/\/news.ecclesia.org.br\/index.php?rest_route=\/wp\/v2\/media\/7124"}],"wp:attachment":[{"href":"https:\/\/news.ecclesia.org.br\/index.php?rest_route=%2Fwp%2Fv2%2Fmedia&parent=7123"}],"wp:term":[{"taxonomy":"category","embeddable":true,"href":"https:\/\/news.ecclesia.org.br\/index.php?rest_route=%2Fwp%2Fv2%2Fcategories&post=7123"},{"taxonomy":"post_tag","embeddable":true,"href":"https:\/\/news.ecclesia.org.br\/index.php?rest_route=%2Fwp%2Fv2%2Ftags&post=7123"}],"curies":[{"name":"wp","href":"https:\/\/api.w.org\/{rel}","templated":true}]}}