{"id":7113,"date":"2014-03-15T23:27:27","date_gmt":"2014-03-15T23:27:27","guid":{"rendered":"http:\/\/www.ecclesia.com.br\/news\/2013\/?p=7113"},"modified":"2016-03-22T20:01:45","modified_gmt":"2016-03-22T20:01:45","slug":"depois-de-roma-jerusalem-e-talvez-istambul","status":"publish","type":"post","link":"https:\/\/news.ecclesia.org.br\/?p=7113","title":{"rendered":"DEPOIS DE ROMA, JERUSAL\u00c9M E TALVEZ ISTAMBUL"},"content":{"rendered":"<p style=\"text-align: justify;\"><span style=\"line-height: 1.5em;\"><a href=\"https:\/\/news.ecclesia.org.br\/2013\/wp-content\/uploads\/2014\/03\/bartolomeu-francisco-1.jpg\" rel=\"attachment wp-att-7114\"><img fetchpriority=\"high\" decoding=\"async\" class=\"alignleft size-medium wp-image-7114\" src=\"https:\/\/news.ecclesia.org.br\/2013\/wp-content\/uploads\/2014\/03\/bartolomeu-francisco-1-300x199.jpg\" alt=\"bartolomeu-francisco\" width=\"300\" height=\"199\" \/><\/a>Na \u00faltima semana de maio, durante a visita do papa \u00e0 Terra Santa, Sua Santidade\u00a0<b>Bartolomeu<\/b>, Patriarca de Constantinopla, participar\u00e1 de um encontro conjunto organizado por\u00a0<b>Francisco<\/b>\u00a0em Jerusal\u00e9m. O Patriarca de Constantinopla convidou o Papa a visitar tamb\u00e9m\u00a0<b>Istambul<\/b>.<\/span><\/p>\n<p style=\"text-align: justify;\"><span style=\"line-height: 1.5em;\">Uma das maiores novidades do pontificado do\u00a0<\/span><b style=\"line-height: 1.5em;\">papa Francisco<\/b><span style=\"line-height: 1.5em;\">\u00a0\u00e9 a dimens\u00e3o fraterna das rela\u00e7\u00f5es com as outras igrejas crist\u00e3s. Em particular, com os ortodoxos.<\/span><\/p>\n<p style=\"text-align: justify;\"><span style=\"line-height: 1.5em;\">A entrevista \u00e9 de\u00a0<\/span><b style=\"line-height: 1.5em;\">Mattia Sorbi<\/b><span style=\"line-height: 1.5em;\">, publicada por\u00a0<\/span><a href=\"http:\/\/www.zenit.org\/pt\" target=\"_blank\"><b style=\"line-height: 1.5em;\">Zenit<\/b><\/a><span style=\"line-height: 1.5em;\">, 13-03-2014.<\/span><\/p>\n<p style=\"text-align: justify;\"><b>Eis a entrevista.<\/b><\/p>\n<p style=\"text-align: justify;\"><b>Santidade, em que ponto est\u00e1 o processo ecum\u00eanico? O que falta para se realizar o desejo do Papa Jo\u00e3o Paulo II de ver uma Igreja unida, que possa respirar com seus dois pulm\u00f5es?<\/b><\/p>\n<blockquote>\n<p style=\"text-align: justify;\">A quest\u00e3o sobre o quanto estamos perto da unidade na Igreja e, em particular, de permitir que a Igreja crist\u00e3 (ocidental e oriental, ortodoxa e cat\u00f3lica romana) respire com dois pulm\u00f5es, \u00e9 muito importante. N\u00e3o h\u00e1 d\u00favida de que as nossas &#8220;Igrejas irm\u00e3s&#8221; est\u00e3o mais pr\u00f3ximas hoje do que durante todo o mil\u00eanio passado, gra\u00e7as ao &#8220;di\u00e1logo de amor&#8221; e ao &#8220;di\u00e1logo da verdade&#8221;, ou seja, gra\u00e7as aos passos rumo \u00e0 reconcilia\u00e7\u00e3o e gra\u00e7as ao processo de di\u00e1logo teol\u00f3gico estabelecido nas \u00faltimas d\u00e9cadas.<\/p>\n<p style=\"text-align: justify;\">Apesar disso, ainda estamos longe da Unidade que compartilh\u00e1vamos no primeiro mil\u00eanio de vida da Igreja. A coisa mais importante para n\u00f3s \u00e9 manter diante dos olhos o desejo e o mandamento do Senhor: &#8220;que os disc\u00edpulos sejam unidos e que a Igreja seja uma coisa s\u00f3&#8221;. \u00c9 um esc\u00e2ndalo no Corpo de Cristo e para o mundo inteiro que os seguidores de Jesus Cristo estejam divididos em um momento hist\u00f3rico em que, mais do que nunca, somos chamados a um testemunho comum e a uma \u00fanica palavra perante os desafios do nosso tempo.<\/p>\n<\/blockquote>\n<p style=\"text-align: justify;\"><b>Quais s\u00e3o as metas mais dif\u00edceis para a Igreja no Oriente M\u00e9dio hoje?<\/b><\/p>\n<blockquote>\n<p style=\"text-align: justify;\">\u00c9 um ambiente dif\u00edcil em que emergem os problemas da Igreja de hoje e o aumento da viol\u00eancia entre os povos do Oriente M\u00e9dio. As nossas Igrejas t\u00eam que proclamar a paz onde h\u00e1 guerra, o amor onde h\u00e1 \u00f3dio, a toler\u00e2ncia onde h\u00e1 discrimina\u00e7\u00e3o. Este princ\u00edpio se aplica tanto aos seguidores das outras religi\u00f5es quanto \u00e0 situa\u00e7\u00e3o dos crist\u00e3os nesta regi\u00e3o fr\u00e1gil. Estamos muito preocupados com a crescente instabilidade pol\u00edtica e com o aumento da viol\u00eancia, especialmente na <b>Palestina<\/b>, no\u00a0<b>Egito<\/b>, no\u00a0<b>Iraque<\/b>\u00a0e, mais recentemente, na\u00a0<b>S\u00edria<\/b>.<\/p>\n<p style=\"text-align: justify;\">Tamb\u00e9m estamos profundamente desolados diante da injustific\u00e1vel inatividade e indiferen\u00e7a das autoridades civis e pol\u00edticas, que n\u00e3o conseguiram proteger a popula\u00e7\u00e3o crist\u00e3 e os cidad\u00e3os em geral. Os l\u00edderes crist\u00e3os t\u00eam que garantir a nossa m\u00e1xima solidariedade e fidelidade ao Evangelho no Oriente M\u00e9dio e, ao mesmo tempo, condenar categoricamente todas as formas de brutalidade e derramamento de sangue. Temos que ressaltar que todos os lugares de culto s\u00e3o templos sagrados do \u00fanico Deus vivo, assim como todos os seres humanos s\u00e3o templos sagrados do Esp\u00edrito vivente de Deus.<\/p>\n<\/blockquote>\n<p style=\"text-align: justify;\"><b>Qual \u00e9 o grande significado do convite que Sua Santidade fez ao Papa Francisco para visitar Istambul este ano, depois da viagem a Jerusal\u00e9m?<\/b><\/p>\n<blockquote>\n<p style=\"text-align: justify;\">Quando fomos convidados para a missa de abertura do pontificado de\u00a0<b>Francisco <\/b>na Pra\u00e7a de S\u00e3o Pedro [nota da reda\u00e7\u00e3o: foi a primeira vez na hist\u00f3ria em que o Patriarca de\u00a0<b>Constantinopla<\/b>\u00a0participou da posse do Bispo de Roma], convidamos Sua Santidade a nos visitar no\u00a0<b>Phanar<\/b>\u00a0[nota da reda\u00e7\u00e3o: a sede de representa\u00e7\u00e3o do Patriarca de Constantinopla em Istambul, na Turquia], mas tamb\u00e9m a organizar uma visita conjunta a\u00a0<b>Jerusal\u00e9m<\/b>. Este convite se tornou um costume informal desde\u00a0<b>Paulo VI<\/b>, seguido mais tarde na elei\u00e7\u00e3o de\u00a0<b>Jo\u00e3o Paulo II<\/b>\u00a0e\u00a0<b>Bento XVI<\/b>.<\/p>\n<p style=\"text-align: justify;\">Mas a nossa \u00faltima proposta, que, se Deus quiser, ser\u00e1 realizada dentro de poucos meses, \u00e9 celebrar o encontro hist\u00f3rico entre o \u00faltimo Patriarca Ecum\u00eanico\u00a0<b>Aten\u00e1goras<\/b>\u00a0e o Papa\u00a0<b>Paulo VI<\/b>\u00a0no Monte das Oliveiras, em janeiro de 1964, que foi a primeira vez em que o Papa de Roma e o Patriarca da Nova Roma se encontraram face a face depois do assim chamado Grande Cisma de 1054. Aquele evento levou, em 1965, a um &#8220;m\u00fatuo levantamento dos an\u00e1temas rec\u00edprocos&#8221; e foi refor\u00e7ado, em 1969, por visitas formais anuais das respectivas delega\u00e7\u00f5es, o que, dez anos mais tarde, levou \u00e0 cria\u00e7\u00e3o de uma comiss\u00e3o internacional para o di\u00e1logo teol\u00f3gico entre as nossas duas Igrejas. \u00c9 viva a nossa esperan\u00e7a e fervorosa a nossa ora\u00e7\u00e3o para que o encontro com o Papa Francisco fortale\u00e7a a estreita rela\u00e7\u00e3o entre a Igreja Cat\u00f3lica Romana e a Igreja Ortodoxa.<\/p>\n<\/blockquote>\n","protected":false},"excerpt":{"rendered":"<p>Na \u00faltima semana de maio, durante a visita do papa \u00e0 Terra Santa, Sua Santidade\u00a0Bartolomeu, Patriarca de Constantinopla, participar\u00e1 de um encontro conjunto organizado por\u00a0Francisco\u00a0em Jerusal\u00e9m. O Patriarca de Constantinopla convidou o Papa a visitar tamb\u00e9m\u00a0Istambul. Uma das maiores novidades&#8230;<\/p>\n","protected":false},"author":1,"featured_media":0,"comment_status":"open","ping_status":"open","sticky":false,"template":"","format":"standard","meta":{"_acf_changed":false,"footnotes":""},"categories":[3,72],"tags":[],"class_list":["post-7113","post","type-post","status-publish","format-standard","hentry","category-mundo","category-patriarcado-ecumenico","entry","rows-excerpt"],"acf":[],"yoast_head":"<!-- This site is optimized with the Yoast SEO plugin v27.4 - https:\/\/yoast.com\/product\/yoast-seo-wordpress\/ -->\n<title>DEPOIS DE ROMA, JERUSAL\u00c9M E TALVEZ ISTAMBUL | ECCLESIA NEWS<\/title>\n<meta name=\"robots\" content=\"index, follow, max-snippet:-1, max-image-preview:large, max-video-preview:-1\" \/>\n<link rel=\"canonical\" href=\"https:\/\/news.ecclesia.org.br\/?p=7113\" \/>\n<meta property=\"og:locale\" content=\"pt_BR\" \/>\n<meta property=\"og:type\" content=\"article\" \/>\n<meta property=\"og:title\" content=\"DEPOIS DE ROMA, JERUSAL\u00c9M E TALVEZ ISTAMBUL | ECCLESIA NEWS\" \/>\n<meta property=\"og:description\" content=\"Na \u00faltima semana de maio, durante a visita do papa \u00e0 Terra Santa, Sua Santidade\u00a0Bartolomeu, Patriarca de Constantinopla, participar\u00e1 de um encontro conjunto organizado por\u00a0Francisco\u00a0em Jerusal\u00e9m. O Patriarca de Constantinopla convidou o Papa a visitar tamb\u00e9m\u00a0Istambul. Uma das maiores novidades&#8230;\" \/>\n<meta property=\"og:url\" content=\"https:\/\/news.ecclesia.org.br\/?p=7113\" \/>\n<meta property=\"og:site_name\" content=\"ECCLESIA NEWS\" \/>\n<meta property=\"article:publisher\" content=\"https:\/\/www.facebook.com\/Ecclesia2025\" \/>\n<meta property=\"article:published_time\" content=\"2014-03-15T23:27:27+00:00\" \/>\n<meta property=\"article:modified_time\" content=\"2016-03-22T20:01:45+00:00\" \/>\n<meta property=\"og:image\" content=\"https:\/\/news.ecclesia.org.br\/2013\/wp-content\/uploads\/2014\/03\/bartolomeu-francisco-1-300x199.jpg\" \/>\n<meta name=\"author\" content=\"Pe. Andr\u00e9\" \/>\n<meta name=\"twitter:card\" content=\"summary_large_image\" \/>\n<meta name=\"twitter:creator\" content=\"@EcclesiaNews\" \/>\n<meta name=\"twitter:site\" content=\"@EcclesiaNews\" \/>\n<meta name=\"twitter:label1\" content=\"Escrito por\" \/>\n\t<meta name=\"twitter:data1\" content=\"Pe. Andr\u00e9\" \/>\n\t<meta name=\"twitter:label2\" content=\"Est. tempo de leitura\" \/>\n\t<meta name=\"twitter:data2\" content=\"4 minutos\" \/>\n<script type=\"application\/ld+json\" class=\"yoast-schema-graph\">{\"@context\":\"https:\\\/\\\/schema.org\",\"@graph\":[{\"@type\":\"Article\",\"@id\":\"https:\\\/\\\/news.ecclesia.org.br\\\/?p=7113#article\",\"isPartOf\":{\"@id\":\"https:\\\/\\\/news.ecclesia.org.br\\\/?p=7113\"},\"author\":{\"name\":\"Pe. Andr\u00e9\",\"@id\":\"https:\\\/\\\/news.ecclesia.org.br\\\/#\\\/schema\\\/person\\\/6f09597f025829745ba414a569f63758\"},\"headline\":\"DEPOIS DE ROMA, JERUSAL\u00c9M E TALVEZ ISTAMBUL\",\"datePublished\":\"2014-03-15T23:27:27+00:00\",\"dateModified\":\"2016-03-22T20:01:45+00:00\",\"mainEntityOfPage\":{\"@id\":\"https:\\\/\\\/news.ecclesia.org.br\\\/?p=7113\"},\"wordCount\":827,\"commentCount\":0,\"publisher\":{\"@id\":\"https:\\\/\\\/news.ecclesia.org.br\\\/#organization\"},\"image\":{\"@id\":\"https:\\\/\\\/news.ecclesia.org.br\\\/?p=7113#primaryimage\"},\"thumbnailUrl\":\"https:\\\/\\\/news.ecclesia.org.br\\\/2013\\\/wp-content\\\/uploads\\\/2014\\\/03\\\/bartolomeu-francisco-1-300x199.jpg\",\"articleSection\":[\"Mundo Ortodoxo\",\"Patriarcado Ecum\u00eanico\"],\"inLanguage\":\"pt-BR\",\"potentialAction\":[{\"@type\":\"CommentAction\",\"name\":\"Comment\",\"target\":[\"https:\\\/\\\/news.ecclesia.org.br\\\/?p=7113#respond\"]}]},{\"@type\":\"WebPage\",\"@id\":\"https:\\\/\\\/news.ecclesia.org.br\\\/?p=7113\",\"url\":\"https:\\\/\\\/news.ecclesia.org.br\\\/?p=7113\",\"name\":\"DEPOIS DE ROMA, JERUSAL\u00c9M E TALVEZ ISTAMBUL | ECCLESIA NEWS\",\"isPartOf\":{\"@id\":\"https:\\\/\\\/news.ecclesia.org.br\\\/#website\"},\"primaryImageOfPage\":{\"@id\":\"https:\\\/\\\/news.ecclesia.org.br\\\/?p=7113#primaryimage\"},\"image\":{\"@id\":\"https:\\\/\\\/news.ecclesia.org.br\\\/?p=7113#primaryimage\"},\"thumbnailUrl\":\"https:\\\/\\\/news.ecclesia.org.br\\\/2013\\\/wp-content\\\/uploads\\\/2014\\\/03\\\/bartolomeu-francisco-1-300x199.jpg\",\"datePublished\":\"2014-03-15T23:27:27+00:00\",\"dateModified\":\"2016-03-22T20:01:45+00:00\",\"breadcrumb\":{\"@id\":\"https:\\\/\\\/news.ecclesia.org.br\\\/?p=7113#breadcrumb\"},\"inLanguage\":\"pt-BR\",\"potentialAction\":[{\"@type\":\"ReadAction\",\"target\":[\"https:\\\/\\\/news.ecclesia.org.br\\\/?p=7113\"]}]},{\"@type\":\"ImageObject\",\"inLanguage\":\"pt-BR\",\"@id\":\"https:\\\/\\\/news.ecclesia.org.br\\\/?p=7113#primaryimage\",\"url\":\"\",\"contentUrl\":\"\"},{\"@type\":\"BreadcrumbList\",\"@id\":\"https:\\\/\\\/news.ecclesia.org.br\\\/?p=7113#breadcrumb\",\"itemListElement\":[{\"@type\":\"ListItem\",\"position\":1,\"name\":\"In\u00edcio\",\"item\":\"https:\\\/\\\/news.ecclesia.org.br\\\/\"},{\"@type\":\"ListItem\",\"position\":2,\"name\":\"DEPOIS DE ROMA, JERUSAL\u00c9M E TALVEZ ISTAMBUL\"}]},{\"@type\":\"WebSite\",\"@id\":\"https:\\\/\\\/news.ecclesia.org.br\\\/#website\",\"url\":\"https:\\\/\\\/news.ecclesia.org.br\\\/\",\"name\":\"Ecclesia Brasil\",\"description\":\"Desde 2003 onectando o Brasil ao mundo ortodoxo!\",\"publisher\":{\"@id\":\"https:\\\/\\\/news.ecclesia.org.br\\\/#organization\"},\"alternateName\":\"Ecclesia\",\"potentialAction\":[{\"@type\":\"SearchAction\",\"target\":{\"@type\":\"EntryPoint\",\"urlTemplate\":\"https:\\\/\\\/news.ecclesia.org.br\\\/?s={search_term_string}\"},\"query-input\":{\"@type\":\"PropertyValueSpecification\",\"valueRequired\":true,\"valueName\":\"search_term_string\"}}],\"inLanguage\":\"pt-BR\"},{\"@type\":\"Organization\",\"@id\":\"https:\\\/\\\/news.ecclesia.org.br\\\/#organization\",\"name\":\"Sacra Arquidiocese de Buenos Aires e Am\u00e9rica do Sul | Patriarcado Ecum\u00eanico\",\"alternateName\":\"News Ecclesia Brasil\",\"url\":\"https:\\\/\\\/news.ecclesia.org.br\\\/\",\"logo\":{\"@type\":\"ImageObject\",\"inLanguage\":\"pt-BR\",\"@id\":\"https:\\\/\\\/news.ecclesia.org.br\\\/#\\\/schema\\\/logo\\\/image\\\/\",\"url\":\"https:\\\/\\\/news.ecclesia.org.br\\\/wp-content\\\/uploads\\\/2025\\\/05\\\/ecclesia2.png\",\"contentUrl\":\"https:\\\/\\\/news.ecclesia.org.br\\\/wp-content\\\/uploads\\\/2025\\\/05\\\/ecclesia2.png\",\"width\":480,\"height\":120,\"caption\":\"Sacra Arquidiocese de Buenos Aires e Am\u00e9rica do Sul | Patriarcado Ecum\u00eanico\"},\"image\":{\"@id\":\"https:\\\/\\\/news.ecclesia.org.br\\\/#\\\/schema\\\/logo\\\/image\\\/\"},\"sameAs\":[\"https:\\\/\\\/www.facebook.com\\\/Ecclesia2025\",\"https:\\\/\\\/x.com\\\/EcclesiaNews\",\"https:\\\/\\\/br.pinterest.com\\\/ekklisia\\\/\",\"https:\\\/\\\/www.youtube.com\\\/@EcclesiaBrasil\"]},{\"@type\":\"Person\",\"@id\":\"https:\\\/\\\/news.ecclesia.org.br\\\/#\\\/schema\\\/person\\\/6f09597f025829745ba414a569f63758\",\"name\":\"Pe. Andr\u00e9\",\"image\":{\"@type\":\"ImageObject\",\"inLanguage\":\"pt-BR\",\"@id\":\"https:\\\/\\\/secure.gravatar.com\\\/avatar\\\/b4327cfa27e9799da239a26adcd534fc29cdc0c4a4a148eecbcfeb9b42c617ac?s=96&d=mm&r=g\",\"url\":\"https:\\\/\\\/secure.gravatar.com\\\/avatar\\\/b4327cfa27e9799da239a26adcd534fc29cdc0c4a4a148eecbcfeb9b42c617ac?s=96&d=mm&r=g\",\"contentUrl\":\"https:\\\/\\\/secure.gravatar.com\\\/avatar\\\/b4327cfa27e9799da239a26adcd534fc29cdc0c4a4a148eecbcfeb9b42c617ac?s=96&d=mm&r=g\",\"caption\":\"Pe. Andr\u00e9\"},\"sameAs\":[\"https:\\\/\\\/www.ecclesia.org.br\"]}]}<\/script>\n<!-- \/ Yoast SEO plugin. -->","yoast_head_json":{"title":"DEPOIS DE ROMA, JERUSAL\u00c9M E TALVEZ ISTAMBUL | ECCLESIA NEWS","robots":{"index":"index","follow":"follow","max-snippet":"max-snippet:-1","max-image-preview":"max-image-preview:large","max-video-preview":"max-video-preview:-1"},"canonical":"https:\/\/news.ecclesia.org.br\/?p=7113","og_locale":"pt_BR","og_type":"article","og_title":"DEPOIS DE ROMA, JERUSAL\u00c9M E TALVEZ ISTAMBUL | ECCLESIA NEWS","og_description":"Na \u00faltima semana de maio, durante a visita do papa \u00e0 Terra Santa, Sua Santidade\u00a0Bartolomeu, Patriarca de Constantinopla, participar\u00e1 de um encontro conjunto organizado por\u00a0Francisco\u00a0em Jerusal\u00e9m. O Patriarca de Constantinopla convidou o Papa a visitar tamb\u00e9m\u00a0Istambul. Uma das maiores novidades&#8230;","og_url":"https:\/\/news.ecclesia.org.br\/?p=7113","og_site_name":"ECCLESIA NEWS","article_publisher":"https:\/\/www.facebook.com\/Ecclesia2025","article_published_time":"2014-03-15T23:27:27+00:00","article_modified_time":"2016-03-22T20:01:45+00:00","og_image":[{"url":"https:\/\/news.ecclesia.org.br\/2013\/wp-content\/uploads\/2014\/03\/bartolomeu-francisco-1-300x199.jpg","type":"","width":"","height":""}],"author":"Pe. Andr\u00e9","twitter_card":"summary_large_image","twitter_creator":"@EcclesiaNews","twitter_site":"@EcclesiaNews","twitter_misc":{"Escrito por":"Pe. Andr\u00e9","Est. tempo de leitura":"4 minutos"},"schema":{"@context":"https:\/\/schema.org","@graph":[{"@type":"Article","@id":"https:\/\/news.ecclesia.org.br\/?p=7113#article","isPartOf":{"@id":"https:\/\/news.ecclesia.org.br\/?p=7113"},"author":{"name":"Pe. Andr\u00e9","@id":"https:\/\/news.ecclesia.org.br\/#\/schema\/person\/6f09597f025829745ba414a569f63758"},"headline":"DEPOIS DE ROMA, JERUSAL\u00c9M E TALVEZ ISTAMBUL","datePublished":"2014-03-15T23:27:27+00:00","dateModified":"2016-03-22T20:01:45+00:00","mainEntityOfPage":{"@id":"https:\/\/news.ecclesia.org.br\/?p=7113"},"wordCount":827,"commentCount":0,"publisher":{"@id":"https:\/\/news.ecclesia.org.br\/#organization"},"image":{"@id":"https:\/\/news.ecclesia.org.br\/?p=7113#primaryimage"},"thumbnailUrl":"https:\/\/news.ecclesia.org.br\/2013\/wp-content\/uploads\/2014\/03\/bartolomeu-francisco-1-300x199.jpg","articleSection":["Mundo Ortodoxo","Patriarcado Ecum\u00eanico"],"inLanguage":"pt-BR","potentialAction":[{"@type":"CommentAction","name":"Comment","target":["https:\/\/news.ecclesia.org.br\/?p=7113#respond"]}]},{"@type":"WebPage","@id":"https:\/\/news.ecclesia.org.br\/?p=7113","url":"https:\/\/news.ecclesia.org.br\/?p=7113","name":"DEPOIS DE ROMA, JERUSAL\u00c9M E TALVEZ ISTAMBUL | ECCLESIA NEWS","isPartOf":{"@id":"https:\/\/news.ecclesia.org.br\/#website"},"primaryImageOfPage":{"@id":"https:\/\/news.ecclesia.org.br\/?p=7113#primaryimage"},"image":{"@id":"https:\/\/news.ecclesia.org.br\/?p=7113#primaryimage"},"thumbnailUrl":"https:\/\/news.ecclesia.org.br\/2013\/wp-content\/uploads\/2014\/03\/bartolomeu-francisco-1-300x199.jpg","datePublished":"2014-03-15T23:27:27+00:00","dateModified":"2016-03-22T20:01:45+00:00","breadcrumb":{"@id":"https:\/\/news.ecclesia.org.br\/?p=7113#breadcrumb"},"inLanguage":"pt-BR","potentialAction":[{"@type":"ReadAction","target":["https:\/\/news.ecclesia.org.br\/?p=7113"]}]},{"@type":"ImageObject","inLanguage":"pt-BR","@id":"https:\/\/news.ecclesia.org.br\/?p=7113#primaryimage","url":"","contentUrl":""},{"@type":"BreadcrumbList","@id":"https:\/\/news.ecclesia.org.br\/?p=7113#breadcrumb","itemListElement":[{"@type":"ListItem","position":1,"name":"In\u00edcio","item":"https:\/\/news.ecclesia.org.br\/"},{"@type":"ListItem","position":2,"name":"DEPOIS DE ROMA, JERUSAL\u00c9M E TALVEZ ISTAMBUL"}]},{"@type":"WebSite","@id":"https:\/\/news.ecclesia.org.br\/#website","url":"https:\/\/news.ecclesia.org.br\/","name":"Ecclesia Brasil","description":"Desde 2003 onectando o Brasil ao mundo ortodoxo!","publisher":{"@id":"https:\/\/news.ecclesia.org.br\/#organization"},"alternateName":"Ecclesia","potentialAction":[{"@type":"SearchAction","target":{"@type":"EntryPoint","urlTemplate":"https:\/\/news.ecclesia.org.br\/?s={search_term_string}"},"query-input":{"@type":"PropertyValueSpecification","valueRequired":true,"valueName":"search_term_string"}}],"inLanguage":"pt-BR"},{"@type":"Organization","@id":"https:\/\/news.ecclesia.org.br\/#organization","name":"Sacra Arquidiocese de Buenos Aires e Am\u00e9rica do Sul | Patriarcado Ecum\u00eanico","alternateName":"News Ecclesia Brasil","url":"https:\/\/news.ecclesia.org.br\/","logo":{"@type":"ImageObject","inLanguage":"pt-BR","@id":"https:\/\/news.ecclesia.org.br\/#\/schema\/logo\/image\/","url":"https:\/\/news.ecclesia.org.br\/wp-content\/uploads\/2025\/05\/ecclesia2.png","contentUrl":"https:\/\/news.ecclesia.org.br\/wp-content\/uploads\/2025\/05\/ecclesia2.png","width":480,"height":120,"caption":"Sacra Arquidiocese de Buenos Aires e Am\u00e9rica do Sul | Patriarcado Ecum\u00eanico"},"image":{"@id":"https:\/\/news.ecclesia.org.br\/#\/schema\/logo\/image\/"},"sameAs":["https:\/\/www.facebook.com\/Ecclesia2025","https:\/\/x.com\/EcclesiaNews","https:\/\/br.pinterest.com\/ekklisia\/","https:\/\/www.youtube.com\/@EcclesiaBrasil"]},{"@type":"Person","@id":"https:\/\/news.ecclesia.org.br\/#\/schema\/person\/6f09597f025829745ba414a569f63758","name":"Pe. Andr\u00e9","image":{"@type":"ImageObject","inLanguage":"pt-BR","@id":"https:\/\/secure.gravatar.com\/avatar\/b4327cfa27e9799da239a26adcd534fc29cdc0c4a4a148eecbcfeb9b42c617ac?s=96&d=mm&r=g","url":"https:\/\/secure.gravatar.com\/avatar\/b4327cfa27e9799da239a26adcd534fc29cdc0c4a4a148eecbcfeb9b42c617ac?s=96&d=mm&r=g","contentUrl":"https:\/\/secure.gravatar.com\/avatar\/b4327cfa27e9799da239a26adcd534fc29cdc0c4a4a148eecbcfeb9b42c617ac?s=96&d=mm&r=g","caption":"Pe. Andr\u00e9"},"sameAs":["https:\/\/www.ecclesia.org.br"]}]}},"_links":{"self":[{"href":"https:\/\/news.ecclesia.org.br\/index.php?rest_route=\/wp\/v2\/posts\/7113","targetHints":{"allow":["GET"]}}],"collection":[{"href":"https:\/\/news.ecclesia.org.br\/index.php?rest_route=\/wp\/v2\/posts"}],"about":[{"href":"https:\/\/news.ecclesia.org.br\/index.php?rest_route=\/wp\/v2\/types\/post"}],"author":[{"embeddable":true,"href":"https:\/\/news.ecclesia.org.br\/index.php?rest_route=\/wp\/v2\/users\/1"}],"replies":[{"embeddable":true,"href":"https:\/\/news.ecclesia.org.br\/index.php?rest_route=%2Fwp%2Fv2%2Fcomments&post=7113"}],"version-history":[{"count":0,"href":"https:\/\/news.ecclesia.org.br\/index.php?rest_route=\/wp\/v2\/posts\/7113\/revisions"}],"wp:attachment":[{"href":"https:\/\/news.ecclesia.org.br\/index.php?rest_route=%2Fwp%2Fv2%2Fmedia&parent=7113"}],"wp:term":[{"taxonomy":"category","embeddable":true,"href":"https:\/\/news.ecclesia.org.br\/index.php?rest_route=%2Fwp%2Fv2%2Fcategories&post=7113"},{"taxonomy":"post_tag","embeddable":true,"href":"https:\/\/news.ecclesia.org.br\/index.php?rest_route=%2Fwp%2Fv2%2Ftags&post=7113"}],"curies":[{"name":"wp","href":"https:\/\/api.w.org\/{rel}","templated":true}]}}