{"id":7105,"date":"2014-03-11T02:04:13","date_gmt":"2014-03-11T02:04:13","guid":{"rendered":"http:\/\/www.ecclesia.com.br\/news\/2013\/?p=7105"},"modified":"2016-03-22T20:03:31","modified_gmt":"2016-03-22T20:03:31","slug":"igrejas-ortodoxas-apelam-a-paz-na-ucrania","status":"publish","type":"post","link":"https:\/\/news.ecclesia.org.br\/?p=7105","title":{"rendered":"IGREJAS ORTODOXAS APELAM \u00c0 PAZ NA UCR\u00c2NIA"},"content":{"rendered":"<p style=\"text-align: justify;\"><span style=\"line-height: 1.5em;\"><a href=\"https:\/\/news.ecclesia.org.br\/2013\/wp-content\/uploads\/2014\/03\/sinaxe-2014-1.jpg\" rel=\"attachment wp-att-7106\"><img fetchpriority=\"high\" decoding=\"async\" class=\"alignleft size-medium wp-image-7106\" src=\"https:\/\/news.ecclesia.org.br\/2013\/wp-content\/uploads\/2014\/03\/sinaxe-2014-1-300x178.jpg\" alt=\"sinaxe-2014\" width=\"300\" height=\"178\" srcset=\"https:\/\/news.ecclesia.org.br\/wp-content\/uploads\/2014\/03\/sinaxe-2014-1-300x178.jpg 300w, https:\/\/news.ecclesia.org.br\/wp-content\/uploads\/2014\/03\/sinaxe-2014-1-768x455.jpg 768w, https:\/\/news.ecclesia.org.br\/wp-content\/uploads\/2014\/03\/sinaxe-2014-1-1024x607.jpg 1024w, https:\/\/news.ecclesia.org.br\/wp-content\/uploads\/2014\/03\/sinaxe-2014-1-93x55.jpg 93w, https:\/\/news.ecclesia.org.br\/wp-content\/uploads\/2014\/03\/sinaxe-2014-1.jpg 1199w\" sizes=\"(max-width: 300px) 100vw, 300px\" \/><\/a>Na reuni\u00e3o realizada em Istambul, os l\u00edderes de 12 das 14 igrejas da comunh\u00e3o ortodoxa fixaram a data de 2016 para realizar um conc\u00edlio ecum\u00eanico, pela primeira vez em 1200 anos. Representantes de 12 Igrejas Ortodoxas apelaram, no domingo, ao consenso e \u00e0 paz na Ucr\u00e2nia. Num comunicado emitido no final do encontro, que se realizou em Istambul, as Igrejas pediram \u201cnegocia\u00e7\u00f5es pac\u00edficas e reconcilia\u00e7\u00e3o na ora\u00e7\u00e3o para a atual crise na Ucr\u00e2nia\u201d, mas denunciaram tamb\u00e9m \u201camea\u00e7as de ocupa\u00e7\u00e3o de igrejas e mosteiros sagrados\u201d. \u00a0A Igreja Ortodoxa da R\u00fassia esteve presente no encontro. Na Ucr\u00e2nia coexistem tr\u00eas Igrejas Ortodoxas, uma sob o Patriarcado de Moscou e outras duas independentes, que alegam ser igrejas nacionais, mas que n\u00e3o s\u00e3o ainda reconhecidas pela comunh\u00e3o ortodoxa, sobretudo por oposi\u00e7\u00e3o da R\u00fassia, que alega a soberania sobre os ortodoxos naquele pa\u00eds. Por essa raz\u00e3o n\u00e3o estava qualquer hierarca ucraniano no encontro.<\/span><\/p>\n<p style=\"text-align: justify;\">O evento, j\u00e1 por si um acontecimento raro, realizou-se para decidir uma data para um Conc\u00edlio Ecum\u00eanico ortodoxo, que n\u00e3o se realiza h\u00e1 cerca de 1200 anos.<\/p>\n<p style=\"text-align: justify;\">Este conc\u00edlio, verdadeiramente hist\u00f3rico, ter\u00e1 lugar em 2016, em Istambul (Constantinopla), onde se encontra a sede do Patriarca Ecum\u00eanico, \u201cprimus inter pares\u201d dos patriarcas ortodoxos. Por insist\u00eancia de Moscou todas as decis\u00f5es ser\u00e3o tomadas por consenso.<\/p>\n<p style=\"text-align: justify;\">A comunh\u00e3o ortodoxa tem enfrentado diversos desafios ao longo das \u00faltimas d\u00e9cadas, nomeadamente por causa dos regimes comunistas que reprimiram a Igreja em diversos pa\u00edses, como a R\u00fassia, S\u00e9rvia, Bulg\u00e1ria, Rom\u00eania e Ge\u00f3rgia. O Conc\u00edlio procurar\u00e1 encontrar um novo equil\u00edbrio nesta comunh\u00e3o, a segunda maior do mundo crist\u00e3o depois da Igreja Cat\u00f3lica, respeitando, contudo o princ\u00edpio da autocefalia, ou autonomia, das igrejas locais. A comunh\u00e3o ortodoxa \u00e9 composta por 14 igrejas autoc\u00e9falas, mas duas n\u00e3o marcaram presen\u00e7a neste encontro, nomeadamente a Igreja da Rep\u00fablica Checa e Eslov\u00e1quia, e a Igreja de Antioquia, com sede em Damasco.<\/p>\n<p style=\"text-align: right;\">Fonte: <a href=\"http:\/\/rr.sapo.pt\/informacao_detalhe.aspx?fid=29&amp;did=141594\" target=\"_blank\">RENASCEN\u00c7A<\/a><\/p>\n","protected":false},"excerpt":{"rendered":"<p>Na reuni\u00e3o realizada em Istambul, os l\u00edderes de 12 das 14 igrejas da comunh\u00e3o ortodoxa fixaram a data de 2016 para realizar um conc\u00edlio ecum\u00eanico, pela primeira vez em 1200 anos. Representantes de 12 Igrejas Ortodoxas apelaram, no domingo, ao&#8230;<\/p>\n","protected":false},"author":1,"featured_media":7106,"comment_status":"open","ping_status":"open","sticky":false,"template":"","format":"standard","meta":{"_acf_changed":false,"footnotes":""},"categories":[3,72],"tags":[],"class_list":["post-7105","post","type-post","status-publish","format-standard","has-post-thumbnail","hentry","category-mundo","category-patriarcado-ecumenico","entry","rows-excerpt"],"acf":[],"yoast_head":"<!-- This site is optimized with the Yoast SEO plugin v27.4 - https:\/\/yoast.com\/product\/yoast-seo-wordpress\/ -->\n<title>IGREJAS ORTODOXAS APELAM \u00c0 PAZ NA UCR\u00c2NIA | ECCLESIA NEWS<\/title>\n<meta name=\"robots\" content=\"index, follow, max-snippet:-1, max-image-preview:large, max-video-preview:-1\" \/>\n<link rel=\"canonical\" href=\"https:\/\/news.ecclesia.org.br\/?p=7105\" \/>\n<meta property=\"og:locale\" content=\"pt_BR\" \/>\n<meta property=\"og:type\" content=\"article\" \/>\n<meta property=\"og:title\" content=\"IGREJAS ORTODOXAS APELAM \u00c0 PAZ NA UCR\u00c2NIA | ECCLESIA NEWS\" \/>\n<meta property=\"og:description\" content=\"Na reuni\u00e3o realizada em Istambul, os l\u00edderes de 12 das 14 igrejas da comunh\u00e3o ortodoxa fixaram a data de 2016 para realizar um conc\u00edlio ecum\u00eanico, pela primeira vez em 1200 anos. Representantes de 12 Igrejas Ortodoxas apelaram, no domingo, ao&#8230;\" \/>\n<meta property=\"og:url\" content=\"https:\/\/news.ecclesia.org.br\/?p=7105\" \/>\n<meta property=\"og:site_name\" content=\"ECCLESIA NEWS\" \/>\n<meta property=\"article:publisher\" content=\"https:\/\/www.facebook.com\/Ecclesia2025\" \/>\n<meta property=\"article:published_time\" content=\"2014-03-11T02:04:13+00:00\" \/>\n<meta property=\"article:modified_time\" content=\"2016-03-22T20:03:31+00:00\" \/>\n<meta property=\"og:image\" content=\"https:\/\/news.ecclesia.org.br\/wp-content\/uploads\/2014\/03\/sinaxe-2014-1.jpg\" \/>\n\t<meta property=\"og:image:width\" content=\"1199\" \/>\n\t<meta property=\"og:image:height\" content=\"711\" \/>\n\t<meta property=\"og:image:type\" content=\"image\/jpeg\" \/>\n<meta name=\"author\" content=\"Pe. Andr\u00e9\" \/>\n<meta name=\"twitter:card\" content=\"summary_large_image\" \/>\n<meta name=\"twitter:creator\" content=\"@EcclesiaNews\" \/>\n<meta name=\"twitter:site\" content=\"@EcclesiaNews\" \/>\n<meta name=\"twitter:label1\" content=\"Escrito por\" \/>\n\t<meta name=\"twitter:data1\" content=\"Pe. Andr\u00e9\" \/>\n\t<meta name=\"twitter:label2\" content=\"Est. tempo de leitura\" \/>\n\t<meta name=\"twitter:data2\" content=\"2 minutos\" \/>\n<script type=\"application\/ld+json\" class=\"yoast-schema-graph\">{\"@context\":\"https:\\\/\\\/schema.org\",\"@graph\":[{\"@type\":\"Article\",\"@id\":\"https:\\\/\\\/news.ecclesia.org.br\\\/?p=7105#article\",\"isPartOf\":{\"@id\":\"https:\\\/\\\/news.ecclesia.org.br\\\/?p=7105\"},\"author\":{\"name\":\"Pe. Andr\u00e9\",\"@id\":\"https:\\\/\\\/news.ecclesia.org.br\\\/#\\\/schema\\\/person\\\/6f09597f025829745ba414a569f63758\"},\"headline\":\"IGREJAS ORTODOXAS APELAM \u00c0 PAZ NA UCR\u00c2NIA\",\"datePublished\":\"2014-03-11T02:04:13+00:00\",\"dateModified\":\"2016-03-22T20:03:31+00:00\",\"mainEntityOfPage\":{\"@id\":\"https:\\\/\\\/news.ecclesia.org.br\\\/?p=7105\"},\"wordCount\":360,\"commentCount\":0,\"publisher\":{\"@id\":\"https:\\\/\\\/news.ecclesia.org.br\\\/#organization\"},\"image\":{\"@id\":\"https:\\\/\\\/news.ecclesia.org.br\\\/?p=7105#primaryimage\"},\"thumbnailUrl\":\"https:\\\/\\\/news.ecclesia.org.br\\\/wp-content\\\/uploads\\\/2014\\\/03\\\/sinaxe-2014-1.jpg\",\"articleSection\":[\"Mundo Ortodoxo\",\"Patriarcado Ecum\u00eanico\"],\"inLanguage\":\"pt-BR\",\"potentialAction\":[{\"@type\":\"CommentAction\",\"name\":\"Comment\",\"target\":[\"https:\\\/\\\/news.ecclesia.org.br\\\/?p=7105#respond\"]}]},{\"@type\":\"WebPage\",\"@id\":\"https:\\\/\\\/news.ecclesia.org.br\\\/?p=7105\",\"url\":\"https:\\\/\\\/news.ecclesia.org.br\\\/?p=7105\",\"name\":\"IGREJAS ORTODOXAS APELAM \u00c0 PAZ NA UCR\u00c2NIA | ECCLESIA NEWS\",\"isPartOf\":{\"@id\":\"https:\\\/\\\/news.ecclesia.org.br\\\/#website\"},\"primaryImageOfPage\":{\"@id\":\"https:\\\/\\\/news.ecclesia.org.br\\\/?p=7105#primaryimage\"},\"image\":{\"@id\":\"https:\\\/\\\/news.ecclesia.org.br\\\/?p=7105#primaryimage\"},\"thumbnailUrl\":\"https:\\\/\\\/news.ecclesia.org.br\\\/wp-content\\\/uploads\\\/2014\\\/03\\\/sinaxe-2014-1.jpg\",\"datePublished\":\"2014-03-11T02:04:13+00:00\",\"dateModified\":\"2016-03-22T20:03:31+00:00\",\"breadcrumb\":{\"@id\":\"https:\\\/\\\/news.ecclesia.org.br\\\/?p=7105#breadcrumb\"},\"inLanguage\":\"pt-BR\",\"potentialAction\":[{\"@type\":\"ReadAction\",\"target\":[\"https:\\\/\\\/news.ecclesia.org.br\\\/?p=7105\"]}]},{\"@type\":\"ImageObject\",\"inLanguage\":\"pt-BR\",\"@id\":\"https:\\\/\\\/news.ecclesia.org.br\\\/?p=7105#primaryimage\",\"url\":\"https:\\\/\\\/news.ecclesia.org.br\\\/wp-content\\\/uploads\\\/2014\\\/03\\\/sinaxe-2014-1.jpg\",\"contentUrl\":\"https:\\\/\\\/news.ecclesia.org.br\\\/wp-content\\\/uploads\\\/2014\\\/03\\\/sinaxe-2014-1.jpg\",\"width\":1199,\"height\":711},{\"@type\":\"BreadcrumbList\",\"@id\":\"https:\\\/\\\/news.ecclesia.org.br\\\/?p=7105#breadcrumb\",\"itemListElement\":[{\"@type\":\"ListItem\",\"position\":1,\"name\":\"In\u00edcio\",\"item\":\"https:\\\/\\\/news.ecclesia.org.br\\\/\"},{\"@type\":\"ListItem\",\"position\":2,\"name\":\"IGREJAS ORTODOXAS APELAM \u00c0 PAZ NA UCR\u00c2NIA\"}]},{\"@type\":\"WebSite\",\"@id\":\"https:\\\/\\\/news.ecclesia.org.br\\\/#website\",\"url\":\"https:\\\/\\\/news.ecclesia.org.br\\\/\",\"name\":\"Ecclesia Brasil\",\"description\":\"Desde 2003 onectando o Brasil ao mundo ortodoxo!\",\"publisher\":{\"@id\":\"https:\\\/\\\/news.ecclesia.org.br\\\/#organization\"},\"alternateName\":\"Ecclesia\",\"potentialAction\":[{\"@type\":\"SearchAction\",\"target\":{\"@type\":\"EntryPoint\",\"urlTemplate\":\"https:\\\/\\\/news.ecclesia.org.br\\\/?s={search_term_string}\"},\"query-input\":{\"@type\":\"PropertyValueSpecification\",\"valueRequired\":true,\"valueName\":\"search_term_string\"}}],\"inLanguage\":\"pt-BR\"},{\"@type\":\"Organization\",\"@id\":\"https:\\\/\\\/news.ecclesia.org.br\\\/#organization\",\"name\":\"Sacra Arquidiocese de Buenos Aires e Am\u00e9rica do Sul | Patriarcado Ecum\u00eanico\",\"alternateName\":\"News Ecclesia Brasil\",\"url\":\"https:\\\/\\\/news.ecclesia.org.br\\\/\",\"logo\":{\"@type\":\"ImageObject\",\"inLanguage\":\"pt-BR\",\"@id\":\"https:\\\/\\\/news.ecclesia.org.br\\\/#\\\/schema\\\/logo\\\/image\\\/\",\"url\":\"https:\\\/\\\/news.ecclesia.org.br\\\/wp-content\\\/uploads\\\/2025\\\/05\\\/ecclesia2.png\",\"contentUrl\":\"https:\\\/\\\/news.ecclesia.org.br\\\/wp-content\\\/uploads\\\/2025\\\/05\\\/ecclesia2.png\",\"width\":480,\"height\":120,\"caption\":\"Sacra Arquidiocese de Buenos Aires e Am\u00e9rica do Sul | Patriarcado Ecum\u00eanico\"},\"image\":{\"@id\":\"https:\\\/\\\/news.ecclesia.org.br\\\/#\\\/schema\\\/logo\\\/image\\\/\"},\"sameAs\":[\"https:\\\/\\\/www.facebook.com\\\/Ecclesia2025\",\"https:\\\/\\\/x.com\\\/EcclesiaNews\",\"https:\\\/\\\/br.pinterest.com\\\/ekklisia\\\/\",\"https:\\\/\\\/www.youtube.com\\\/@EcclesiaBrasil\"]},{\"@type\":\"Person\",\"@id\":\"https:\\\/\\\/news.ecclesia.org.br\\\/#\\\/schema\\\/person\\\/6f09597f025829745ba414a569f63758\",\"name\":\"Pe. Andr\u00e9\",\"image\":{\"@type\":\"ImageObject\",\"inLanguage\":\"pt-BR\",\"@id\":\"https:\\\/\\\/secure.gravatar.com\\\/avatar\\\/b4327cfa27e9799da239a26adcd534fc29cdc0c4a4a148eecbcfeb9b42c617ac?s=96&d=mm&r=g\",\"url\":\"https:\\\/\\\/secure.gravatar.com\\\/avatar\\\/b4327cfa27e9799da239a26adcd534fc29cdc0c4a4a148eecbcfeb9b42c617ac?s=96&d=mm&r=g\",\"contentUrl\":\"https:\\\/\\\/secure.gravatar.com\\\/avatar\\\/b4327cfa27e9799da239a26adcd534fc29cdc0c4a4a148eecbcfeb9b42c617ac?s=96&d=mm&r=g\",\"caption\":\"Pe. Andr\u00e9\"},\"sameAs\":[\"https:\\\/\\\/www.ecclesia.org.br\"]}]}<\/script>\n<!-- \/ Yoast SEO plugin. -->","yoast_head_json":{"title":"IGREJAS ORTODOXAS APELAM \u00c0 PAZ NA UCR\u00c2NIA | ECCLESIA NEWS","robots":{"index":"index","follow":"follow","max-snippet":"max-snippet:-1","max-image-preview":"max-image-preview:large","max-video-preview":"max-video-preview:-1"},"canonical":"https:\/\/news.ecclesia.org.br\/?p=7105","og_locale":"pt_BR","og_type":"article","og_title":"IGREJAS ORTODOXAS APELAM \u00c0 PAZ NA UCR\u00c2NIA | ECCLESIA NEWS","og_description":"Na reuni\u00e3o realizada em Istambul, os l\u00edderes de 12 das 14 igrejas da comunh\u00e3o ortodoxa fixaram a data de 2016 para realizar um conc\u00edlio ecum\u00eanico, pela primeira vez em 1200 anos. Representantes de 12 Igrejas Ortodoxas apelaram, no domingo, ao&#8230;","og_url":"https:\/\/news.ecclesia.org.br\/?p=7105","og_site_name":"ECCLESIA NEWS","article_publisher":"https:\/\/www.facebook.com\/Ecclesia2025","article_published_time":"2014-03-11T02:04:13+00:00","article_modified_time":"2016-03-22T20:03:31+00:00","og_image":[{"width":1199,"height":711,"url":"https:\/\/news.ecclesia.org.br\/wp-content\/uploads\/2014\/03\/sinaxe-2014-1.jpg","type":"image\/jpeg"}],"author":"Pe. Andr\u00e9","twitter_card":"summary_large_image","twitter_creator":"@EcclesiaNews","twitter_site":"@EcclesiaNews","twitter_misc":{"Escrito por":"Pe. Andr\u00e9","Est. tempo de leitura":"2 minutos"},"schema":{"@context":"https:\/\/schema.org","@graph":[{"@type":"Article","@id":"https:\/\/news.ecclesia.org.br\/?p=7105#article","isPartOf":{"@id":"https:\/\/news.ecclesia.org.br\/?p=7105"},"author":{"name":"Pe. Andr\u00e9","@id":"https:\/\/news.ecclesia.org.br\/#\/schema\/person\/6f09597f025829745ba414a569f63758"},"headline":"IGREJAS ORTODOXAS APELAM \u00c0 PAZ NA UCR\u00c2NIA","datePublished":"2014-03-11T02:04:13+00:00","dateModified":"2016-03-22T20:03:31+00:00","mainEntityOfPage":{"@id":"https:\/\/news.ecclesia.org.br\/?p=7105"},"wordCount":360,"commentCount":0,"publisher":{"@id":"https:\/\/news.ecclesia.org.br\/#organization"},"image":{"@id":"https:\/\/news.ecclesia.org.br\/?p=7105#primaryimage"},"thumbnailUrl":"https:\/\/news.ecclesia.org.br\/wp-content\/uploads\/2014\/03\/sinaxe-2014-1.jpg","articleSection":["Mundo Ortodoxo","Patriarcado Ecum\u00eanico"],"inLanguage":"pt-BR","potentialAction":[{"@type":"CommentAction","name":"Comment","target":["https:\/\/news.ecclesia.org.br\/?p=7105#respond"]}]},{"@type":"WebPage","@id":"https:\/\/news.ecclesia.org.br\/?p=7105","url":"https:\/\/news.ecclesia.org.br\/?p=7105","name":"IGREJAS ORTODOXAS APELAM \u00c0 PAZ NA UCR\u00c2NIA | ECCLESIA NEWS","isPartOf":{"@id":"https:\/\/news.ecclesia.org.br\/#website"},"primaryImageOfPage":{"@id":"https:\/\/news.ecclesia.org.br\/?p=7105#primaryimage"},"image":{"@id":"https:\/\/news.ecclesia.org.br\/?p=7105#primaryimage"},"thumbnailUrl":"https:\/\/news.ecclesia.org.br\/wp-content\/uploads\/2014\/03\/sinaxe-2014-1.jpg","datePublished":"2014-03-11T02:04:13+00:00","dateModified":"2016-03-22T20:03:31+00:00","breadcrumb":{"@id":"https:\/\/news.ecclesia.org.br\/?p=7105#breadcrumb"},"inLanguage":"pt-BR","potentialAction":[{"@type":"ReadAction","target":["https:\/\/news.ecclesia.org.br\/?p=7105"]}]},{"@type":"ImageObject","inLanguage":"pt-BR","@id":"https:\/\/news.ecclesia.org.br\/?p=7105#primaryimage","url":"https:\/\/news.ecclesia.org.br\/wp-content\/uploads\/2014\/03\/sinaxe-2014-1.jpg","contentUrl":"https:\/\/news.ecclesia.org.br\/wp-content\/uploads\/2014\/03\/sinaxe-2014-1.jpg","width":1199,"height":711},{"@type":"BreadcrumbList","@id":"https:\/\/news.ecclesia.org.br\/?p=7105#breadcrumb","itemListElement":[{"@type":"ListItem","position":1,"name":"In\u00edcio","item":"https:\/\/news.ecclesia.org.br\/"},{"@type":"ListItem","position":2,"name":"IGREJAS ORTODOXAS APELAM \u00c0 PAZ NA UCR\u00c2NIA"}]},{"@type":"WebSite","@id":"https:\/\/news.ecclesia.org.br\/#website","url":"https:\/\/news.ecclesia.org.br\/","name":"Ecclesia Brasil","description":"Desde 2003 onectando o Brasil ao mundo ortodoxo!","publisher":{"@id":"https:\/\/news.ecclesia.org.br\/#organization"},"alternateName":"Ecclesia","potentialAction":[{"@type":"SearchAction","target":{"@type":"EntryPoint","urlTemplate":"https:\/\/news.ecclesia.org.br\/?s={search_term_string}"},"query-input":{"@type":"PropertyValueSpecification","valueRequired":true,"valueName":"search_term_string"}}],"inLanguage":"pt-BR"},{"@type":"Organization","@id":"https:\/\/news.ecclesia.org.br\/#organization","name":"Sacra Arquidiocese de Buenos Aires e Am\u00e9rica do Sul | Patriarcado Ecum\u00eanico","alternateName":"News Ecclesia Brasil","url":"https:\/\/news.ecclesia.org.br\/","logo":{"@type":"ImageObject","inLanguage":"pt-BR","@id":"https:\/\/news.ecclesia.org.br\/#\/schema\/logo\/image\/","url":"https:\/\/news.ecclesia.org.br\/wp-content\/uploads\/2025\/05\/ecclesia2.png","contentUrl":"https:\/\/news.ecclesia.org.br\/wp-content\/uploads\/2025\/05\/ecclesia2.png","width":480,"height":120,"caption":"Sacra Arquidiocese de Buenos Aires e Am\u00e9rica do Sul | Patriarcado Ecum\u00eanico"},"image":{"@id":"https:\/\/news.ecclesia.org.br\/#\/schema\/logo\/image\/"},"sameAs":["https:\/\/www.facebook.com\/Ecclesia2025","https:\/\/x.com\/EcclesiaNews","https:\/\/br.pinterest.com\/ekklisia\/","https:\/\/www.youtube.com\/@EcclesiaBrasil"]},{"@type":"Person","@id":"https:\/\/news.ecclesia.org.br\/#\/schema\/person\/6f09597f025829745ba414a569f63758","name":"Pe. Andr\u00e9","image":{"@type":"ImageObject","inLanguage":"pt-BR","@id":"https:\/\/secure.gravatar.com\/avatar\/b4327cfa27e9799da239a26adcd534fc29cdc0c4a4a148eecbcfeb9b42c617ac?s=96&d=mm&r=g","url":"https:\/\/secure.gravatar.com\/avatar\/b4327cfa27e9799da239a26adcd534fc29cdc0c4a4a148eecbcfeb9b42c617ac?s=96&d=mm&r=g","contentUrl":"https:\/\/secure.gravatar.com\/avatar\/b4327cfa27e9799da239a26adcd534fc29cdc0c4a4a148eecbcfeb9b42c617ac?s=96&d=mm&r=g","caption":"Pe. Andr\u00e9"},"sameAs":["https:\/\/www.ecclesia.org.br"]}]}},"_links":{"self":[{"href":"https:\/\/news.ecclesia.org.br\/index.php?rest_route=\/wp\/v2\/posts\/7105","targetHints":{"allow":["GET"]}}],"collection":[{"href":"https:\/\/news.ecclesia.org.br\/index.php?rest_route=\/wp\/v2\/posts"}],"about":[{"href":"https:\/\/news.ecclesia.org.br\/index.php?rest_route=\/wp\/v2\/types\/post"}],"author":[{"embeddable":true,"href":"https:\/\/news.ecclesia.org.br\/index.php?rest_route=\/wp\/v2\/users\/1"}],"replies":[{"embeddable":true,"href":"https:\/\/news.ecclesia.org.br\/index.php?rest_route=%2Fwp%2Fv2%2Fcomments&post=7105"}],"version-history":[{"count":0,"href":"https:\/\/news.ecclesia.org.br\/index.php?rest_route=\/wp\/v2\/posts\/7105\/revisions"}],"wp:featuredmedia":[{"embeddable":true,"href":"https:\/\/news.ecclesia.org.br\/index.php?rest_route=\/wp\/v2\/media\/7106"}],"wp:attachment":[{"href":"https:\/\/news.ecclesia.org.br\/index.php?rest_route=%2Fwp%2Fv2%2Fmedia&parent=7105"}],"wp:term":[{"taxonomy":"category","embeddable":true,"href":"https:\/\/news.ecclesia.org.br\/index.php?rest_route=%2Fwp%2Fv2%2Fcategories&post=7105"},{"taxonomy":"post_tag","embeddable":true,"href":"https:\/\/news.ecclesia.org.br\/index.php?rest_route=%2Fwp%2Fv2%2Ftags&post=7105"}],"curies":[{"name":"wp","href":"https:\/\/api.w.org\/{rel}","templated":true}]}}