{"id":7021,"date":"2014-02-14T21:35:04","date_gmt":"2014-02-14T23:35:04","guid":{"rendered":"http:\/\/www.ecclesia.com.br\/news\/2013\/?p=7021"},"modified":"2016-03-22T20:08:58","modified_gmt":"2016-03-22T20:08:58","slug":"retiro-espiritual-do-clero-arquidiocesano","status":"publish","type":"post","link":"https:\/\/news.ecclesia.org.br\/?p=7021","title":{"rendered":"RETIRO ESPIRITUAL DO CLERO ARQUIDIOCESANO"},"content":{"rendered":"<p><span style=\"font-size: 14px; line-height: 1.5em;\"><a href=\"https:\/\/news.ecclesia.org.br\/2013\/wp-content\/uploads\/2014\/02\/retiro-espiritual-1.jpg\" rel=\"attachment wp-att-7023\"><img fetchpriority=\"high\" decoding=\"async\" class=\"alignleft size-medium wp-image-7023\" src=\"https:\/\/news.ecclesia.org.br\/2013\/wp-content\/uploads\/2014\/02\/retiro-espiritual-1-300x225.jpg\" alt=\"retiro-espiritual\" width=\"300\" height=\"225\" srcset=\"https:\/\/news.ecclesia.org.br\/wp-content\/uploads\/2014\/02\/retiro-espiritual-1-300x225.jpg 300w, https:\/\/news.ecclesia.org.br\/wp-content\/uploads\/2014\/02\/retiro-espiritual-1-768x576.jpg 768w, https:\/\/news.ecclesia.org.br\/wp-content\/uploads\/2014\/02\/retiro-espiritual-1-1024x768.jpg 1024w, https:\/\/news.ecclesia.org.br\/wp-content\/uploads\/2014\/02\/retiro-espiritual-1-73x55.jpg 73w\" sizes=\"(max-width: 300px) 100vw, 300px\" \/><\/a>O Clero da Arquidiocese de Buenos Aires e Am\u00e9rica do Sul &#8211; Patriarcado Ecum\u00eanico &#8211; far\u00e1 seu retiro espiritual deste ano entre os dias 24 e 28 de fevereiro de 2014, em Buenos Aires, Argentina. O tema proposto para a reflex\u00e3o neste ano ser\u00e1: \u00abO conhecimento da Pessoa de Cristo como o in\u00edcio e o t\u00e9rmino da miss\u00e3o sacerdotal\u00bb. Como \u00e9 de costume, tal encontro pretende proporcionar um ambiente de partilha entre os irm\u00e3os cl\u00e9rigos, na simplicidade de esp\u00edrito, das diferentes experi\u00eancias pastorais, tratando-se ainda de quest\u00f5es dogm\u00e1ticas, pastorais e outras relacionadas \u00e0 administra\u00e7\u00e3o da Igreja.<\/span><\/p>\n<blockquote>\n<p style=\"text-align: justify;\"><strong>\u00abA vida crist\u00e3 &#8211; e, sobretudo a dos sacerdotes \u2013 consiste em uma rela\u00e7\u00e3o vital com Cristo, e tem sua origem no Batismo como novo nascimento para a vida de Deus. \u00a0Fixar raiz em Cristo, conhec\u00ea-Lo, significa viver a Sua pr\u00f3pria vida e, principalmente, o conhecimento que recebemos atrav\u00e9s do <i>querigma<\/i> apost\u00f3lico\u00bb<\/strong><\/p>\n<p style=\"text-align: justify;\"><strong>\u00abE eu, irm\u00e3os, quando fui ter convosco, anunciando-vos o testemunho de Deus, n\u00e3o fui com sublimidade de palavras ou de sabedoria. Porque nada me propus saber entre v\u00f3s, sen\u00e3o a Jesus Cristo, e este crucificado. E eu estive convosco em fraqueza, e em temor, e em grande tremor. E a minha palavra, e a minha prega\u00e7\u00e3o, n\u00e3o consistiram em palavras persuasivas de sabedoria humana, mas em demonstra\u00e7\u00e3o de Esp\u00edrito e de poder<\/strong>\u00bb. (1Cor 2,1-4)<\/p>\n<\/blockquote>\n<p style=\"text-align: justify;\">Quem fez uma verdadeira experi\u00eancia de Jesus Cristo, sente-se impelido a conhec\u00ea-Lo cada vez mais. O conhecimento, na perspectiva b\u00edblica e ortodoxa, n\u00e3o se limita ao aspecto intelectivo, mas tem uma dimens\u00e3o necessariamente vivencial. O conhecimento de Jesus Cristo, para o disc\u00edpulo, \u00e9 o penhor \u2013 \u03c0\u03b1\u03c1\u03b1\u03ba\u03b1\u03c4\u03b1\u03b8\u03ae\u03ba\u03b7 &#8211; a fonte inesgot\u00e1vel de sua miss\u00e3o. Sua paix\u00e3o: viver para Ele e d\u00e1-Lo a conhecer! J\u00e1 n\u00e3o importam suas limita\u00e7\u00f5es e seus sofrimentos, deste que Jesus Cristo seja conhecido e reconhecido (cf. Fl 1,12-26; 3:1-21).<\/p>\n<p style=\"text-align: right;\">Para baixar o arquivo em pdf do programa completo do Retiro, clique <a href=\"http:\/\/www.ecclesia.com.br\/news\/2013\/wp-content\/uploads\/2014\/02\/programa-2014.pdf\" target=\"_blank\">AQUI<\/a>.<\/p>\n","protected":false},"excerpt":{"rendered":"<p>O Clero da Arquidiocese de Buenos Aires e Am\u00e9rica do Sul &#8211; Patriarcado Ecum\u00eanico &#8211; far\u00e1 seu retiro espiritual deste ano entre os dias 24 e 28 de fevereiro de 2014, em Buenos Aires, Argentina. O tema proposto para a&#8230;<\/p>\n","protected":false},"author":1,"featured_media":7023,"comment_status":"open","ping_status":"open","sticky":false,"template":"","format":"standard","meta":{"_acf_changed":false,"footnotes":""},"categories":[40],"tags":[],"class_list":["post-7021","post","type-post","status-publish","format-standard","has-post-thumbnail","hentry","category-arquidiocese-de-buenos-aires-e-america-do-sul","entry","rows-excerpt"],"acf":[],"yoast_head":"<!-- This site is optimized with the Yoast SEO plugin v27.5 - https:\/\/yoast.com\/product\/yoast-seo-wordpress\/ -->\n<title>RETIRO ESPIRITUAL DO CLERO ARQUIDIOCESANO | ECCLESIA NEWS<\/title>\n<meta name=\"robots\" content=\"index, follow, max-snippet:-1, max-image-preview:large, max-video-preview:-1\" \/>\n<link rel=\"canonical\" href=\"https:\/\/news.ecclesia.org.br\/?p=7021\" \/>\n<meta property=\"og:locale\" content=\"pt_BR\" \/>\n<meta property=\"og:type\" content=\"article\" \/>\n<meta property=\"og:title\" content=\"RETIRO ESPIRITUAL DO CLERO ARQUIDIOCESANO | ECCLESIA NEWS\" \/>\n<meta property=\"og:description\" content=\"O Clero da Arquidiocese de Buenos Aires e Am\u00e9rica do Sul &#8211; Patriarcado Ecum\u00eanico &#8211; far\u00e1 seu retiro espiritual deste ano entre os dias 24 e 28 de fevereiro de 2014, em Buenos Aires, Argentina. O tema proposto para a&#8230;\" \/>\n<meta property=\"og:url\" content=\"https:\/\/news.ecclesia.org.br\/?p=7021\" \/>\n<meta property=\"og:site_name\" content=\"ECCLESIA NEWS\" \/>\n<meta property=\"article:publisher\" content=\"https:\/\/www.facebook.com\/Ecclesia2025\" \/>\n<meta property=\"article:published_time\" content=\"2014-02-14T23:35:04+00:00\" \/>\n<meta property=\"article:modified_time\" content=\"2016-03-22T20:08:58+00:00\" \/>\n<meta property=\"og:image\" content=\"https:\/\/news.ecclesia.org.br\/wp-content\/uploads\/2014\/02\/retiro-espiritual-1.jpg\" \/>\n\t<meta property=\"og:image:width\" content=\"3056\" \/>\n\t<meta property=\"og:image:height\" content=\"2292\" \/>\n\t<meta property=\"og:image:type\" content=\"image\/jpeg\" \/>\n<meta name=\"author\" content=\"Pe. Andr\u00e9\" \/>\n<meta name=\"twitter:card\" content=\"summary_large_image\" \/>\n<meta name=\"twitter:creator\" content=\"@EcclesiaNews\" \/>\n<meta name=\"twitter:site\" content=\"@EcclesiaNews\" \/>\n<meta name=\"twitter:label1\" content=\"Escrito por\" \/>\n\t<meta name=\"twitter:data1\" content=\"Pe. Andr\u00e9\" \/>\n\t<meta name=\"twitter:label2\" content=\"Est. tempo de leitura\" \/>\n\t<meta name=\"twitter:data2\" content=\"2 minutos\" \/>\n<script type=\"application\/ld+json\" class=\"yoast-schema-graph\">{\"@context\":\"https:\\\/\\\/schema.org\",\"@graph\":[{\"@type\":\"Article\",\"@id\":\"https:\\\/\\\/news.ecclesia.org.br\\\/?p=7021#article\",\"isPartOf\":{\"@id\":\"https:\\\/\\\/news.ecclesia.org.br\\\/?p=7021\"},\"author\":{\"name\":\"Pe. Andr\u00e9\",\"@id\":\"https:\\\/\\\/news.ecclesia.org.br\\\/#\\\/schema\\\/person\\\/6f09597f025829745ba414a569f63758\"},\"headline\":\"RETIRO ESPIRITUAL DO CLERO ARQUIDIOCESANO\",\"datePublished\":\"2014-02-14T23:35:04+00:00\",\"dateModified\":\"2016-03-22T20:08:58+00:00\",\"mainEntityOfPage\":{\"@id\":\"https:\\\/\\\/news.ecclesia.org.br\\\/?p=7021\"},\"wordCount\":352,\"commentCount\":0,\"publisher\":{\"@id\":\"https:\\\/\\\/news.ecclesia.org.br\\\/#organization\"},\"image\":{\"@id\":\"https:\\\/\\\/news.ecclesia.org.br\\\/?p=7021#primaryimage\"},\"thumbnailUrl\":\"https:\\\/\\\/news.ecclesia.org.br\\\/wp-content\\\/uploads\\\/2014\\\/02\\\/retiro-espiritual-1.jpg\",\"articleSection\":[\"Arquidiocese de Buenos Aires e Am\u00e9rica do Sul\"],\"inLanguage\":\"pt-BR\",\"potentialAction\":[{\"@type\":\"CommentAction\",\"name\":\"Comment\",\"target\":[\"https:\\\/\\\/news.ecclesia.org.br\\\/?p=7021#respond\"]}]},{\"@type\":\"WebPage\",\"@id\":\"https:\\\/\\\/news.ecclesia.org.br\\\/?p=7021\",\"url\":\"https:\\\/\\\/news.ecclesia.org.br\\\/?p=7021\",\"name\":\"RETIRO ESPIRITUAL DO CLERO ARQUIDIOCESANO | ECCLESIA NEWS\",\"isPartOf\":{\"@id\":\"https:\\\/\\\/news.ecclesia.org.br\\\/#website\"},\"primaryImageOfPage\":{\"@id\":\"https:\\\/\\\/news.ecclesia.org.br\\\/?p=7021#primaryimage\"},\"image\":{\"@id\":\"https:\\\/\\\/news.ecclesia.org.br\\\/?p=7021#primaryimage\"},\"thumbnailUrl\":\"https:\\\/\\\/news.ecclesia.org.br\\\/wp-content\\\/uploads\\\/2014\\\/02\\\/retiro-espiritual-1.jpg\",\"datePublished\":\"2014-02-14T23:35:04+00:00\",\"dateModified\":\"2016-03-22T20:08:58+00:00\",\"breadcrumb\":{\"@id\":\"https:\\\/\\\/news.ecclesia.org.br\\\/?p=7021#breadcrumb\"},\"inLanguage\":\"pt-BR\",\"potentialAction\":[{\"@type\":\"ReadAction\",\"target\":[\"https:\\\/\\\/news.ecclesia.org.br\\\/?p=7021\"]}]},{\"@type\":\"ImageObject\",\"inLanguage\":\"pt-BR\",\"@id\":\"https:\\\/\\\/news.ecclesia.org.br\\\/?p=7021#primaryimage\",\"url\":\"https:\\\/\\\/news.ecclesia.org.br\\\/wp-content\\\/uploads\\\/2014\\\/02\\\/retiro-espiritual-1.jpg\",\"contentUrl\":\"https:\\\/\\\/news.ecclesia.org.br\\\/wp-content\\\/uploads\\\/2014\\\/02\\\/retiro-espiritual-1.jpg\",\"width\":3056,\"height\":2292},{\"@type\":\"BreadcrumbList\",\"@id\":\"https:\\\/\\\/news.ecclesia.org.br\\\/?p=7021#breadcrumb\",\"itemListElement\":[{\"@type\":\"ListItem\",\"position\":1,\"name\":\"In\u00edcio\",\"item\":\"https:\\\/\\\/news.ecclesia.org.br\\\/\"},{\"@type\":\"ListItem\",\"position\":2,\"name\":\"RETIRO ESPIRITUAL DO CLERO ARQUIDIOCESANO\"}]},{\"@type\":\"WebSite\",\"@id\":\"https:\\\/\\\/news.ecclesia.org.br\\\/#website\",\"url\":\"https:\\\/\\\/news.ecclesia.org.br\\\/\",\"name\":\"Ecclesia Brasil\",\"description\":\"Desde 2003 onectando o Brasil ao mundo ortodoxo!\",\"publisher\":{\"@id\":\"https:\\\/\\\/news.ecclesia.org.br\\\/#organization\"},\"alternateName\":\"Ecclesia\",\"potentialAction\":[{\"@type\":\"SearchAction\",\"target\":{\"@type\":\"EntryPoint\",\"urlTemplate\":\"https:\\\/\\\/news.ecclesia.org.br\\\/?s={search_term_string}\"},\"query-input\":{\"@type\":\"PropertyValueSpecification\",\"valueRequired\":true,\"valueName\":\"search_term_string\"}}],\"inLanguage\":\"pt-BR\"},{\"@type\":\"Organization\",\"@id\":\"https:\\\/\\\/news.ecclesia.org.br\\\/#organization\",\"name\":\"Sacra Arquidiocese de Buenos Aires e Am\u00e9rica do Sul | Patriarcado Ecum\u00eanico\",\"alternateName\":\"News Ecclesia Brasil\",\"url\":\"https:\\\/\\\/news.ecclesia.org.br\\\/\",\"logo\":{\"@type\":\"ImageObject\",\"inLanguage\":\"pt-BR\",\"@id\":\"https:\\\/\\\/news.ecclesia.org.br\\\/#\\\/schema\\\/logo\\\/image\\\/\",\"url\":\"https:\\\/\\\/news.ecclesia.org.br\\\/wp-content\\\/uploads\\\/2025\\\/05\\\/ecclesia2.png\",\"contentUrl\":\"https:\\\/\\\/news.ecclesia.org.br\\\/wp-content\\\/uploads\\\/2025\\\/05\\\/ecclesia2.png\",\"width\":480,\"height\":120,\"caption\":\"Sacra Arquidiocese de Buenos Aires e Am\u00e9rica do Sul | Patriarcado Ecum\u00eanico\"},\"image\":{\"@id\":\"https:\\\/\\\/news.ecclesia.org.br\\\/#\\\/schema\\\/logo\\\/image\\\/\"},\"sameAs\":[\"https:\\\/\\\/www.facebook.com\\\/Ecclesia2025\",\"https:\\\/\\\/x.com\\\/EcclesiaNews\",\"https:\\\/\\\/br.pinterest.com\\\/ekklisia\\\/\",\"https:\\\/\\\/www.youtube.com\\\/@EcclesiaBrasil\"]},{\"@type\":\"Person\",\"@id\":\"https:\\\/\\\/news.ecclesia.org.br\\\/#\\\/schema\\\/person\\\/6f09597f025829745ba414a569f63758\",\"name\":\"Pe. Andr\u00e9\",\"image\":{\"@type\":\"ImageObject\",\"inLanguage\":\"pt-BR\",\"@id\":\"https:\\\/\\\/secure.gravatar.com\\\/avatar\\\/b4327cfa27e9799da239a26adcd534fc29cdc0c4a4a148eecbcfeb9b42c617ac?s=96&d=mm&r=g\",\"url\":\"https:\\\/\\\/secure.gravatar.com\\\/avatar\\\/b4327cfa27e9799da239a26adcd534fc29cdc0c4a4a148eecbcfeb9b42c617ac?s=96&d=mm&r=g\",\"contentUrl\":\"https:\\\/\\\/secure.gravatar.com\\\/avatar\\\/b4327cfa27e9799da239a26adcd534fc29cdc0c4a4a148eecbcfeb9b42c617ac?s=96&d=mm&r=g\",\"caption\":\"Pe. Andr\u00e9\"},\"sameAs\":[\"https:\\\/\\\/www.ecclesia.org.br\"]}]}<\/script>\n<!-- \/ Yoast SEO plugin. -->","yoast_head_json":{"title":"RETIRO ESPIRITUAL DO CLERO ARQUIDIOCESANO | ECCLESIA NEWS","robots":{"index":"index","follow":"follow","max-snippet":"max-snippet:-1","max-image-preview":"max-image-preview:large","max-video-preview":"max-video-preview:-1"},"canonical":"https:\/\/news.ecclesia.org.br\/?p=7021","og_locale":"pt_BR","og_type":"article","og_title":"RETIRO ESPIRITUAL DO CLERO ARQUIDIOCESANO | ECCLESIA NEWS","og_description":"O Clero da Arquidiocese de Buenos Aires e Am\u00e9rica do Sul &#8211; Patriarcado Ecum\u00eanico &#8211; far\u00e1 seu retiro espiritual deste ano entre os dias 24 e 28 de fevereiro de 2014, em Buenos Aires, Argentina. O tema proposto para a&#8230;","og_url":"https:\/\/news.ecclesia.org.br\/?p=7021","og_site_name":"ECCLESIA NEWS","article_publisher":"https:\/\/www.facebook.com\/Ecclesia2025","article_published_time":"2014-02-14T23:35:04+00:00","article_modified_time":"2016-03-22T20:08:58+00:00","og_image":[{"width":3056,"height":2292,"url":"https:\/\/news.ecclesia.org.br\/wp-content\/uploads\/2014\/02\/retiro-espiritual-1.jpg","type":"image\/jpeg"}],"author":"Pe. Andr\u00e9","twitter_card":"summary_large_image","twitter_creator":"@EcclesiaNews","twitter_site":"@EcclesiaNews","twitter_misc":{"Escrito por":"Pe. Andr\u00e9","Est. tempo de leitura":"2 minutos"},"schema":{"@context":"https:\/\/schema.org","@graph":[{"@type":"Article","@id":"https:\/\/news.ecclesia.org.br\/?p=7021#article","isPartOf":{"@id":"https:\/\/news.ecclesia.org.br\/?p=7021"},"author":{"name":"Pe. Andr\u00e9","@id":"https:\/\/news.ecclesia.org.br\/#\/schema\/person\/6f09597f025829745ba414a569f63758"},"headline":"RETIRO ESPIRITUAL DO CLERO ARQUIDIOCESANO","datePublished":"2014-02-14T23:35:04+00:00","dateModified":"2016-03-22T20:08:58+00:00","mainEntityOfPage":{"@id":"https:\/\/news.ecclesia.org.br\/?p=7021"},"wordCount":352,"commentCount":0,"publisher":{"@id":"https:\/\/news.ecclesia.org.br\/#organization"},"image":{"@id":"https:\/\/news.ecclesia.org.br\/?p=7021#primaryimage"},"thumbnailUrl":"https:\/\/news.ecclesia.org.br\/wp-content\/uploads\/2014\/02\/retiro-espiritual-1.jpg","articleSection":["Arquidiocese de Buenos Aires e Am\u00e9rica do Sul"],"inLanguage":"pt-BR","potentialAction":[{"@type":"CommentAction","name":"Comment","target":["https:\/\/news.ecclesia.org.br\/?p=7021#respond"]}]},{"@type":"WebPage","@id":"https:\/\/news.ecclesia.org.br\/?p=7021","url":"https:\/\/news.ecclesia.org.br\/?p=7021","name":"RETIRO ESPIRITUAL DO CLERO ARQUIDIOCESANO | ECCLESIA NEWS","isPartOf":{"@id":"https:\/\/news.ecclesia.org.br\/#website"},"primaryImageOfPage":{"@id":"https:\/\/news.ecclesia.org.br\/?p=7021#primaryimage"},"image":{"@id":"https:\/\/news.ecclesia.org.br\/?p=7021#primaryimage"},"thumbnailUrl":"https:\/\/news.ecclesia.org.br\/wp-content\/uploads\/2014\/02\/retiro-espiritual-1.jpg","datePublished":"2014-02-14T23:35:04+00:00","dateModified":"2016-03-22T20:08:58+00:00","breadcrumb":{"@id":"https:\/\/news.ecclesia.org.br\/?p=7021#breadcrumb"},"inLanguage":"pt-BR","potentialAction":[{"@type":"ReadAction","target":["https:\/\/news.ecclesia.org.br\/?p=7021"]}]},{"@type":"ImageObject","inLanguage":"pt-BR","@id":"https:\/\/news.ecclesia.org.br\/?p=7021#primaryimage","url":"https:\/\/news.ecclesia.org.br\/wp-content\/uploads\/2014\/02\/retiro-espiritual-1.jpg","contentUrl":"https:\/\/news.ecclesia.org.br\/wp-content\/uploads\/2014\/02\/retiro-espiritual-1.jpg","width":3056,"height":2292},{"@type":"BreadcrumbList","@id":"https:\/\/news.ecclesia.org.br\/?p=7021#breadcrumb","itemListElement":[{"@type":"ListItem","position":1,"name":"In\u00edcio","item":"https:\/\/news.ecclesia.org.br\/"},{"@type":"ListItem","position":2,"name":"RETIRO ESPIRITUAL DO CLERO ARQUIDIOCESANO"}]},{"@type":"WebSite","@id":"https:\/\/news.ecclesia.org.br\/#website","url":"https:\/\/news.ecclesia.org.br\/","name":"Ecclesia Brasil","description":"Desde 2003 onectando o Brasil ao mundo ortodoxo!","publisher":{"@id":"https:\/\/news.ecclesia.org.br\/#organization"},"alternateName":"Ecclesia","potentialAction":[{"@type":"SearchAction","target":{"@type":"EntryPoint","urlTemplate":"https:\/\/news.ecclesia.org.br\/?s={search_term_string}"},"query-input":{"@type":"PropertyValueSpecification","valueRequired":true,"valueName":"search_term_string"}}],"inLanguage":"pt-BR"},{"@type":"Organization","@id":"https:\/\/news.ecclesia.org.br\/#organization","name":"Sacra Arquidiocese de Buenos Aires e Am\u00e9rica do Sul | Patriarcado Ecum\u00eanico","alternateName":"News Ecclesia Brasil","url":"https:\/\/news.ecclesia.org.br\/","logo":{"@type":"ImageObject","inLanguage":"pt-BR","@id":"https:\/\/news.ecclesia.org.br\/#\/schema\/logo\/image\/","url":"https:\/\/news.ecclesia.org.br\/wp-content\/uploads\/2025\/05\/ecclesia2.png","contentUrl":"https:\/\/news.ecclesia.org.br\/wp-content\/uploads\/2025\/05\/ecclesia2.png","width":480,"height":120,"caption":"Sacra Arquidiocese de Buenos Aires e Am\u00e9rica do Sul | Patriarcado Ecum\u00eanico"},"image":{"@id":"https:\/\/news.ecclesia.org.br\/#\/schema\/logo\/image\/"},"sameAs":["https:\/\/www.facebook.com\/Ecclesia2025","https:\/\/x.com\/EcclesiaNews","https:\/\/br.pinterest.com\/ekklisia\/","https:\/\/www.youtube.com\/@EcclesiaBrasil"]},{"@type":"Person","@id":"https:\/\/news.ecclesia.org.br\/#\/schema\/person\/6f09597f025829745ba414a569f63758","name":"Pe. Andr\u00e9","image":{"@type":"ImageObject","inLanguage":"pt-BR","@id":"https:\/\/secure.gravatar.com\/avatar\/b4327cfa27e9799da239a26adcd534fc29cdc0c4a4a148eecbcfeb9b42c617ac?s=96&d=mm&r=g","url":"https:\/\/secure.gravatar.com\/avatar\/b4327cfa27e9799da239a26adcd534fc29cdc0c4a4a148eecbcfeb9b42c617ac?s=96&d=mm&r=g","contentUrl":"https:\/\/secure.gravatar.com\/avatar\/b4327cfa27e9799da239a26adcd534fc29cdc0c4a4a148eecbcfeb9b42c617ac?s=96&d=mm&r=g","caption":"Pe. Andr\u00e9"},"sameAs":["https:\/\/www.ecclesia.org.br"]}]}},"_links":{"self":[{"href":"https:\/\/news.ecclesia.org.br\/index.php?rest_route=\/wp\/v2\/posts\/7021","targetHints":{"allow":["GET"]}}],"collection":[{"href":"https:\/\/news.ecclesia.org.br\/index.php?rest_route=\/wp\/v2\/posts"}],"about":[{"href":"https:\/\/news.ecclesia.org.br\/index.php?rest_route=\/wp\/v2\/types\/post"}],"author":[{"embeddable":true,"href":"https:\/\/news.ecclesia.org.br\/index.php?rest_route=\/wp\/v2\/users\/1"}],"replies":[{"embeddable":true,"href":"https:\/\/news.ecclesia.org.br\/index.php?rest_route=%2Fwp%2Fv2%2Fcomments&post=7021"}],"version-history":[{"count":0,"href":"https:\/\/news.ecclesia.org.br\/index.php?rest_route=\/wp\/v2\/posts\/7021\/revisions"}],"wp:featuredmedia":[{"embeddable":true,"href":"https:\/\/news.ecclesia.org.br\/index.php?rest_route=\/wp\/v2\/media\/7023"}],"wp:attachment":[{"href":"https:\/\/news.ecclesia.org.br\/index.php?rest_route=%2Fwp%2Fv2%2Fmedia&parent=7021"}],"wp:term":[{"taxonomy":"category","embeddable":true,"href":"https:\/\/news.ecclesia.org.br\/index.php?rest_route=%2Fwp%2Fv2%2Fcategories&post=7021"},{"taxonomy":"post_tag","embeddable":true,"href":"https:\/\/news.ecclesia.org.br\/index.php?rest_route=%2Fwp%2Fv2%2Ftags&post=7021"}],"curies":[{"name":"wp","href":"https:\/\/api.w.org\/{rel}","templated":true}]}}