{"id":7014,"date":"2014-02-10T16:03:41","date_gmt":"2014-02-10T16:03:41","guid":{"rendered":"http:\/\/www.ecclesia.com.br\/news\/2013\/?p=7014"},"modified":"2016-03-22T20:11:00","modified_gmt":"2016-03-22T20:11:00","slug":"pedro-e-andre-novamente-juntos-em-jerusalem","status":"publish","type":"post","link":"https:\/\/news.ecclesia.org.br\/?p=7014","title":{"rendered":"PEDRO E ANDR\u00c9 NOVAMENTE JUNTOS EM JERUSAL\u00c9M"},"content":{"rendered":"<p style=\"text-align: justify;\"><span style=\"line-height: 1.5em;\"><a href=\"https:\/\/news.ecclesia.org.br\/2013\/wp-content\/uploads\/2013\/07\/papa-patriarca-1.jpg\" rel=\"attachment wp-att-6514\"><img decoding=\"async\" class=\"alignleft size-medium wp-image-6514\" src=\"https:\/\/news.ecclesia.org.br\/2013\/wp-content\/uploads\/2013\/07\/papa-patriarca-1-300x136.jpg\" alt=\"papa-patriarca\" width=\"300\" height=\"136\" srcset=\"https:\/\/news.ecclesia.org.br\/wp-content\/uploads\/2013\/07\/papa-patriarca-1-300x136.jpg 300w, https:\/\/news.ecclesia.org.br\/wp-content\/uploads\/2013\/07\/papa-patriarca-1-768x348.jpg 768w, https:\/\/news.ecclesia.org.br\/wp-content\/uploads\/2013\/07\/papa-patriarca-1-122x55.jpg 122w, https:\/\/news.ecclesia.org.br\/wp-content\/uploads\/2013\/07\/papa-patriarca-1.jpg 800w\" sizes=\"(max-width: 300px) 100vw, 300px\" \/><\/a>Quando se perfila um evento eclesial in\u00e9dito ou cujo \u00fanico precedente remonta a 50 anos antes n\u00e3o \u00e9 f\u00e1cil delinear antecipadamente os pontos que ele ir\u00e1 abordar e as perspectivas que poder\u00e1 abrir.<\/span><\/p>\n<p style=\"text-align: justify;\">Al\u00e9m disso, quando um dos protagonistas \u00e9 o\u00a0<b>Papa Francisco<\/b>\u00a0\u2013 que nos habituou a gestos inesperados mesmo em circunst\u00e2ncias de administra\u00e7\u00e3o ordin\u00e1ria \u2013 e o outro \u00e9 o\u00a0<b>Patriarca Ecum\u00eanico Bartolomeu I,<\/b> o primeiro arcebispo de <b>Constantinopla<\/b>\u00a0h\u00e1 ao menos mil anos a presenciar a liturgia inaugural de um pontificado, a taxa de imprevisibilidade sobe ainda mais.<\/p>\n<p style=\"text-align: justify;\">Ent\u00e3o, o que podemos razoavelmente esperar do encontro de fim de maio entre o papa e o patriarca em Jerusal\u00e9m, l\u00e1 onde os dois ap\u00f3stolos dos quais sucessores \u2013\u00a0<b>Pedro<\/b>, &#8220;a rocha&#8221;, e\u00a0<b>Andr\u00e9<\/b>, seu irm\u00e3o, &#8220;o primeiro chamado&#8221; \u2013 viveram o mist\u00e9rio pascal da morte e ressurrei\u00e7\u00e3o do seu Senhor que tinham seguido pelas estradas da\u00a0<b>Galileia<\/b>\u00a0e da\u00a0<b>Judeia<\/b>?<\/p>\n<h2 style=\"text-align: justify;\">Um abra\u00e7o hist\u00f3rico<\/h2>\n<p style=\"text-align: justify;\">Trata-se de uma peregrina\u00e7\u00e3o e de um encontro entre os bispos de\u00a0<b>Roma<\/b>\u00a0e de\u00a0<b>Constantinopla<\/b>\u00a0que quer comemorar aquele encontro an\u00e1logo \u2013 \u00e0 \u00e9poca, sim, absolutamente in\u00e9dito \u2013 ocorrido em janeiro de 1964. O\u00a0<b>Papa Paulo VI<\/b>, o primeiro sucessor de\u00a0<b>Pedro<\/b>\u00a0a voltar \u00e0 terra da encarna\u00e7\u00e3o, e o\u00a0<b>Patriarca Athenagoras I<\/b>\u00a0se abra\u00e7aram em\u00a0<b>Jerusal\u00e9m<\/b>\u00a0dando corpo, palavras, imagens a um desejo do seu cora\u00e7\u00e3o e do cora\u00e7\u00e3o de tantos crist\u00e3os em todo o mundo: a unidade dos disc\u00edpulos de\u00a0<b>Jesus Cristo<\/b>.<\/p>\n<p style=\"text-align: justify;\">Repetir hoje esse gesto significa &#8220;fazer mem\u00f3ria&#8221; no sentido forte do termo: n\u00e3o s\u00f3 me recordar um evento passado, mas atualiz\u00e1-lo, recolher a sua heran\u00e7a, redespertar as esperan\u00e7as que ele havia suscitado, reiterar que desejar alguma coisa \u00e0s vezes \u00e9 j\u00e1 torn\u00e1-la poss\u00edvel.<\/p>\n<p style=\"text-align: justify;\">O encontro acontece em Jerusal\u00e9m hoje em um mundo profundamente modificado em compara\u00e7\u00e3o com 50 anos atr\u00e1s, mas em um hist\u00f3rico e geopol\u00edtico igualmente denso de problemas e de desafios. O conflito israelense-palestino n\u00e3o parece mais pr\u00f3ximo da solu\u00e7\u00e3o do que ent\u00e3o, e toda a regi\u00e3o do\u00a0<b>Oriente M\u00e9dio<\/b>\u00a0\u00e9 sacudida por ventos de viol\u00eancia que ainda t\u00eam muito pouco de primaveril. O grito de dor e a invoca\u00e7\u00e3o de ajuda dos crist\u00e3os de todas as confiss\u00f5es que moram na regi\u00e3o, do\u00a0<b>Iraque<\/b>\u00a0ao\u00a0<b>Egito<\/b>, passando pela martirizada\u00a0<b>S\u00edria<\/b>, tornam-se cada vez mais intensos, e muitos temem que a pr\u00f3pria presen\u00e7a dos crist\u00e3os no Oriente M\u00e9dio esteja amea\u00e7ada. Ent\u00e3o, poderia surgir a tenta\u00e7\u00e3o de uma &#8220;santa alian\u00e7a&#8221; pela defesa dos crist\u00e3os, um recurso a m\u00e9todos pr\u00f3prios da pol\u00edtica e da diplomacia para &#8220;contar mais&#8221;, exercer press\u00e3o, reivindicar privil\u00e9gios.<\/p>\n<p style=\"text-align: justify;\">Poder-se-ia pensar em recorrer ao apoio desta ou daquela entidade nacional ou internacional, talvez aceitando compromissos \u00e9ticos ou sil\u00eancios de conveni\u00eancia, a fim de arrancar um apoio forte segundo os par\u00e2metros do mundo. Al\u00e9m disso, mesmo na Europa, j\u00e1 temos h\u00e1 muito tempo repetidos sinais dessa tend\u00eancia de combater, com instrumentos similares, aquela que \u00e9 definida como\u00a0<b>&#8220;cristianofobia&#8221;<\/b>\u00a0ou at\u00e9 mesmo persegui\u00e7\u00e3o (dentre outras coisas, com pouco respeito pelos crist\u00e3os que, em outras partes do mundo, sofrem a persegui\u00e7\u00e3o cotidianamente).<\/p>\n<p style=\"text-align: justify;\">Mas tudo leva a pensar que a peregrina\u00e7\u00e3o a\u00a0<b>Jerusal\u00e9m<\/b>\u00a0se revelar\u00e1 pelo que ela \u00e9 nas inten\u00e7\u00f5es dos dois protagonistas: um caminho de convers\u00e3o, de comum e convergente retorno ao Evangelho e, portanto, em dire\u00e7\u00e3o a um modo e a um estilo de ser comunidade de disc\u00edpulos mais de acordo com a vontade do Senhor. Se relermos hoje as palavras de intensa espiritualidade que, h\u00e1 50 anos,\u00a0<b>Paulo VI<\/b>\u00a0e\u00a0<b>Athenagoras I<\/b>\u00a0se trocaram \u2013 palavras espont\u00e2neas que os dois interlocutores estavam convencidos que permaneceriam ignoradas at\u00e9 mesmo aos colaboradores mais pr\u00f3ximos \u2013, encontramos a mesma inspira\u00e7\u00e3o evang\u00e9lica que surge de alguns escritos e gestos de\u00a0<b>Francisco<\/b>\u00a0e de\u00a0<b>Bartolomeu<\/b>: &#8220;Devemos abrir o cora\u00e7\u00e3o ao companheiro de estrada \u2013 escreve o atual bispo de\u00a0<b>Roma<\/b>\u00a0nos par\u00e1grafos dedicados ao ecumenismo da sua exorta\u00e7\u00e3o apost\u00f3lica\u00a0<b><i>Evangelii gaudium<\/i><\/b>\u00a0\u2013 sem medos nem desconfian\u00e7as, e olhar primariamente para o que procuramos: a paz no rosto do \u00fanico Deus&#8221; (EG, n. 244). Ou como esquecer o gesto prof\u00e9tico e audaz do patriarca\u00a0<b>Bartolomeu I<\/b>, que, ao apenas ouvir que o cardeal\u00a0<b>Bergoglio<\/b>, logo depois da elei\u00e7\u00e3o, se apresenta como &#8220;bispo de Roma, Igreja que preside na caridade&#8221;, decide romper toda hesita\u00e7\u00e3o e se dirigir para Roma para a missa de in\u00edcio do pontificado?<\/p>\n<p style=\"text-align: justify;\">Os sucessores de\u00a0<b>Pedro<\/b>\u00a0e de\u00a0<b>Andr\u00e9<\/b>\u00a0falar\u00e3o, sim, dos sofrimentos, das ang\u00fastias e das esperan\u00e7as dos crist\u00e3os na\u00a0<b>Terra Santa<\/b>\u00a0e no\u00a0<b>Oriente M\u00e9dio<\/b>, buscar\u00e3o tomar caminhos compartilhados para aliviar os seus sofrimentos e os de tantas v\u00edtimas da guerra e da viol\u00eancia, denunciar\u00e3o a injusti\u00e7a e o abuso que ofende a dignidade dos seres humanos, especialmente dos mais fracos, mas o seu olhar n\u00e3o ser\u00e1 o do c\u00e1lculo pol\u00edtico, dos oportunismos mundanos, mas sim o da consci\u00eancia de que &#8220;o ecumenismo de sangue&#8221;, a partilha das provas e do mart\u00edrio \u00e9 uma voz mais forte do que toda divis\u00e3o, \u00e9 testemunho evang\u00e9lico que faz do ecumenismo dos m\u00e1rtires um sinal cr\u00edvel do an\u00fancio crist\u00e3o no mundo de hoje.<\/p>\n<h2 style=\"text-align: justify;\">Falar ao cora\u00e7\u00e3o do outro<\/h2>\n<p style=\"text-align: justify;\">Tamb\u00e9m ser\u00e1 uma oportunidade para compartilhar preocupa\u00e7\u00f5es e solicitudes: &#8220;N\u00e3o se trata apenas de receber informa\u00e7\u00f5es sobre os outros para os conhecermos melhor, mas de recolher o que o Esp\u00edrito semeou neles como um dom tamb\u00e9m para n\u00f3s&#8221; (EG, n. 246). Ent\u00e3o, se\u00a0<b>Bartolomeu I<\/b>\u00a0puder encontrar compreens\u00e3o e apoio nos seus esfor\u00e7os para celebrar o t\u00e3o esperado S\u00ednodo pan-ortodoxo e no seu constante compromisso por um mundo \u00e9tica e ecologicamente sustent\u00e1vel, o Papa Francisco est\u00e1 convencido desde agora que &#8220;n\u00f3s, os cat\u00f3licos, temos a possibilidade de aprender algo mais sobre o significado da colegialidade episcopal e sobre a sua experi\u00eancia da sinodalidade&#8221; (EG, n. 246), da qual, ao menos desde o\u00a0<b>Vaticano II<\/b>, tanto se sente a necessidade dentro da Igreja Cat\u00f3lica.<\/p>\n<p style=\"text-align: justify;\">Mas, acima de tudo, acreditamos que os dois irm\u00e3os na f\u00e9 deixar\u00e3o que o pr\u00f3prio cora\u00e7\u00e3o fale ao cora\u00e7\u00e3o do outro, que juntos far\u00e3o sil\u00eancio para &#8220;ouvir o que o Esp\u00edrito diz \u00e0s Igrejas&#8221; (Ap 2, 7 e ss.), para obedecer ao Senhor Jesus que reza e intercede para que os seus disc\u00edpulos &#8220;sejam um para que o mundo creia&#8221; (Jo 17, 21). As suas palavras dar\u00e3o voz ao que arde no cora\u00e7\u00e3o da Igreja, ser\u00e3o eco das ora\u00e7\u00f5es e das expectativas de tantos crist\u00e3os de todas as confiss\u00f5es que n\u00e3o perderam a esperan\u00e7a de poder chegar um dia, como esperavam\u00a0<b>Paulo VI<\/b>\u00a0e\u00a0<b>Athenagoras I<\/b>, a beber do mesmo c\u00e1lice, a partir juntos o p\u00e3o da vida, a reafirmar com a vida que h\u00e1 &#8220;um s\u00f3 Senhor uma s\u00f3 f\u00e9, um s\u00f3 batismo&#8221;, e que todos aqueles que confessam\u00a0<b>Jesus Cristo<\/b>\u00a0como sua salva\u00e7\u00e3o formam &#8220;um s\u00f3 corpo, um s\u00f3 esp\u00edrito, como uma s\u00f3 \u00e9 a esperan\u00e7a a que foram chamados&#8221; (Ef 4, 4-5).<\/p>\n<p style=\"text-align: justify;\">Ent\u00e3o, talvez sentiremos ecoar novamente palavras como as que foram pronunciadas por\u00a0<b>Paulo VI<\/b>\u00a0na intimidade fraterna com\u00a0<b>Athenagoras<\/b>: &#8220;Nenhuma quest\u00e3o de prest\u00edgio, de primado que n\u00e3o o que foi estabelecido por Cristo. Mas absolutamente nada que trate de honras, de privil\u00e9gios. Vejamos o que Cristo nos pede, e cada um tome a sua posi\u00e7\u00e3o; mas sem nenhuma ambi\u00e7\u00e3o humana de prevalecer, de ter gl\u00f3ria, vantagens. Mas de servir&#8221;.<\/p>\n<p style=\"text-align: justify;\">Ver juntos o que\u00a0<b>Cristo<\/b>\u00a0pede \u00e0 sua Igreja e p\u00f4r-se ao servi\u00e7o um do outro: esse \u00e9 o grande dom que o\u00a0<b>Papa Francisco<\/b>\u00a0e o\u00a0<b>Patriarca Bartolomeu I<\/b>\u00a0se preparam para dar aos seus fi\u00e9is e ao mundo inteiro que espera a boa not\u00edcia do Deus misericordioso e grande no amor.<\/p>\n<p style=\"text-align: right;\">Fonte: <a href=\"http:\/\/www.ihu.unisinos.br\/noticias\/528057-pedro-e-andre-novamente-juntos-em-jerusalem\" target=\"_blank\">IHU<\/a><\/p>\n","protected":false},"excerpt":{"rendered":"<p>Quando se perfila um evento eclesial in\u00e9dito ou cujo \u00fanico precedente remonta a 50 anos antes n\u00e3o \u00e9 f\u00e1cil delinear antecipadamente os pontos que ele ir\u00e1 abordar e as perspectivas que poder\u00e1 abrir. Al\u00e9m disso, quando um dos protagonistas \u00e9&#8230;<\/p>\n","protected":false},"author":1,"featured_media":6514,"comment_status":"open","ping_status":"open","sticky":false,"template":"","format":"standard","meta":{"_acf_changed":false,"footnotes":""},"categories":[3,72],"tags":[],"class_list":["post-7014","post","type-post","status-publish","format-standard","has-post-thumbnail","hentry","category-mundo","category-patriarcado-ecumenico","entry","rows-excerpt"],"acf":[],"yoast_head":"<!-- This site is optimized with the Yoast SEO plugin v27.4 - https:\/\/yoast.com\/product\/yoast-seo-wordpress\/ -->\n<title>PEDRO E ANDR\u00c9 NOVAMENTE JUNTOS EM JERUSAL\u00c9M | ECCLESIA NEWS<\/title>\n<meta name=\"robots\" content=\"index, follow, max-snippet:-1, max-image-preview:large, max-video-preview:-1\" \/>\n<link rel=\"canonical\" href=\"https:\/\/news.ecclesia.org.br\/?p=7014\" \/>\n<meta property=\"og:locale\" content=\"pt_BR\" \/>\n<meta property=\"og:type\" content=\"article\" \/>\n<meta property=\"og:title\" content=\"PEDRO E ANDR\u00c9 NOVAMENTE JUNTOS EM JERUSAL\u00c9M | ECCLESIA NEWS\" \/>\n<meta property=\"og:description\" content=\"Quando se perfila um evento eclesial in\u00e9dito ou cujo \u00fanico precedente remonta a 50 anos antes n\u00e3o \u00e9 f\u00e1cil delinear antecipadamente os pontos que ele ir\u00e1 abordar e as perspectivas que poder\u00e1 abrir. Al\u00e9m disso, quando um dos protagonistas \u00e9&#8230;\" \/>\n<meta property=\"og:url\" content=\"https:\/\/news.ecclesia.org.br\/?p=7014\" \/>\n<meta property=\"og:site_name\" content=\"ECCLESIA NEWS\" \/>\n<meta property=\"article:publisher\" content=\"https:\/\/www.facebook.com\/Ecclesia2025\" \/>\n<meta property=\"article:published_time\" content=\"2014-02-10T16:03:41+00:00\" \/>\n<meta property=\"article:modified_time\" content=\"2016-03-22T20:11:00+00:00\" \/>\n<meta property=\"og:image\" content=\"https:\/\/news.ecclesia.org.br\/wp-content\/uploads\/2013\/07\/papa-patriarca-1.jpg\" \/>\n\t<meta property=\"og:image:width\" content=\"800\" \/>\n\t<meta property=\"og:image:height\" content=\"362\" \/>\n\t<meta property=\"og:image:type\" content=\"image\/jpeg\" \/>\n<meta name=\"author\" content=\"Pe. Andr\u00e9\" \/>\n<meta name=\"twitter:card\" content=\"summary_large_image\" \/>\n<meta name=\"twitter:creator\" content=\"@EcclesiaNews\" \/>\n<meta name=\"twitter:site\" content=\"@EcclesiaNews\" \/>\n<meta name=\"twitter:label1\" content=\"Escrito por\" \/>\n\t<meta name=\"twitter:data1\" content=\"Pe. Andr\u00e9\" \/>\n\t<meta name=\"twitter:label2\" content=\"Est. tempo de leitura\" \/>\n\t<meta name=\"twitter:data2\" content=\"7 minutos\" \/>\n<script type=\"application\/ld+json\" class=\"yoast-schema-graph\">{\"@context\":\"https:\\\/\\\/schema.org\",\"@graph\":[{\"@type\":\"Article\",\"@id\":\"https:\\\/\\\/news.ecclesia.org.br\\\/?p=7014#article\",\"isPartOf\":{\"@id\":\"https:\\\/\\\/news.ecclesia.org.br\\\/?p=7014\"},\"author\":{\"name\":\"Pe. Andr\u00e9\",\"@id\":\"https:\\\/\\\/news.ecclesia.org.br\\\/#\\\/schema\\\/person\\\/6f09597f025829745ba414a569f63758\"},\"headline\":\"PEDRO E ANDR\u00c9 NOVAMENTE JUNTOS EM JERUSAL\u00c9M\",\"datePublished\":\"2014-02-10T16:03:41+00:00\",\"dateModified\":\"2016-03-22T20:11:00+00:00\",\"mainEntityOfPage\":{\"@id\":\"https:\\\/\\\/news.ecclesia.org.br\\\/?p=7014\"},\"wordCount\":1385,\"commentCount\":0,\"publisher\":{\"@id\":\"https:\\\/\\\/news.ecclesia.org.br\\\/#organization\"},\"image\":{\"@id\":\"https:\\\/\\\/news.ecclesia.org.br\\\/?p=7014#primaryimage\"},\"thumbnailUrl\":\"https:\\\/\\\/news.ecclesia.org.br\\\/wp-content\\\/uploads\\\/2013\\\/07\\\/papa-patriarca-1.jpg\",\"articleSection\":[\"Mundo Ortodoxo\",\"Patriarcado Ecum\u00eanico\"],\"inLanguage\":\"pt-BR\",\"potentialAction\":[{\"@type\":\"CommentAction\",\"name\":\"Comment\",\"target\":[\"https:\\\/\\\/news.ecclesia.org.br\\\/?p=7014#respond\"]}]},{\"@type\":\"WebPage\",\"@id\":\"https:\\\/\\\/news.ecclesia.org.br\\\/?p=7014\",\"url\":\"https:\\\/\\\/news.ecclesia.org.br\\\/?p=7014\",\"name\":\"PEDRO E ANDR\u00c9 NOVAMENTE JUNTOS EM JERUSAL\u00c9M | ECCLESIA NEWS\",\"isPartOf\":{\"@id\":\"https:\\\/\\\/news.ecclesia.org.br\\\/#website\"},\"primaryImageOfPage\":{\"@id\":\"https:\\\/\\\/news.ecclesia.org.br\\\/?p=7014#primaryimage\"},\"image\":{\"@id\":\"https:\\\/\\\/news.ecclesia.org.br\\\/?p=7014#primaryimage\"},\"thumbnailUrl\":\"https:\\\/\\\/news.ecclesia.org.br\\\/wp-content\\\/uploads\\\/2013\\\/07\\\/papa-patriarca-1.jpg\",\"datePublished\":\"2014-02-10T16:03:41+00:00\",\"dateModified\":\"2016-03-22T20:11:00+00:00\",\"breadcrumb\":{\"@id\":\"https:\\\/\\\/news.ecclesia.org.br\\\/?p=7014#breadcrumb\"},\"inLanguage\":\"pt-BR\",\"potentialAction\":[{\"@type\":\"ReadAction\",\"target\":[\"https:\\\/\\\/news.ecclesia.org.br\\\/?p=7014\"]}]},{\"@type\":\"ImageObject\",\"inLanguage\":\"pt-BR\",\"@id\":\"https:\\\/\\\/news.ecclesia.org.br\\\/?p=7014#primaryimage\",\"url\":\"https:\\\/\\\/news.ecclesia.org.br\\\/wp-content\\\/uploads\\\/2013\\\/07\\\/papa-patriarca-1.jpg\",\"contentUrl\":\"https:\\\/\\\/news.ecclesia.org.br\\\/wp-content\\\/uploads\\\/2013\\\/07\\\/papa-patriarca-1.jpg\",\"width\":800,\"height\":362},{\"@type\":\"BreadcrumbList\",\"@id\":\"https:\\\/\\\/news.ecclesia.org.br\\\/?p=7014#breadcrumb\",\"itemListElement\":[{\"@type\":\"ListItem\",\"position\":1,\"name\":\"In\u00edcio\",\"item\":\"https:\\\/\\\/news.ecclesia.org.br\\\/\"},{\"@type\":\"ListItem\",\"position\":2,\"name\":\"PEDRO E ANDR\u00c9 NOVAMENTE JUNTOS EM JERUSAL\u00c9M\"}]},{\"@type\":\"WebSite\",\"@id\":\"https:\\\/\\\/news.ecclesia.org.br\\\/#website\",\"url\":\"https:\\\/\\\/news.ecclesia.org.br\\\/\",\"name\":\"Ecclesia Brasil\",\"description\":\"Desde 2003 onectando o Brasil ao mundo ortodoxo!\",\"publisher\":{\"@id\":\"https:\\\/\\\/news.ecclesia.org.br\\\/#organization\"},\"alternateName\":\"Ecclesia\",\"potentialAction\":[{\"@type\":\"SearchAction\",\"target\":{\"@type\":\"EntryPoint\",\"urlTemplate\":\"https:\\\/\\\/news.ecclesia.org.br\\\/?s={search_term_string}\"},\"query-input\":{\"@type\":\"PropertyValueSpecification\",\"valueRequired\":true,\"valueName\":\"search_term_string\"}}],\"inLanguage\":\"pt-BR\"},{\"@type\":\"Organization\",\"@id\":\"https:\\\/\\\/news.ecclesia.org.br\\\/#organization\",\"name\":\"Sacra Arquidiocese de Buenos Aires e Am\u00e9rica do Sul | Patriarcado Ecum\u00eanico\",\"alternateName\":\"News Ecclesia Brasil\",\"url\":\"https:\\\/\\\/news.ecclesia.org.br\\\/\",\"logo\":{\"@type\":\"ImageObject\",\"inLanguage\":\"pt-BR\",\"@id\":\"https:\\\/\\\/news.ecclesia.org.br\\\/#\\\/schema\\\/logo\\\/image\\\/\",\"url\":\"https:\\\/\\\/news.ecclesia.org.br\\\/wp-content\\\/uploads\\\/2025\\\/05\\\/ecclesia2.png\",\"contentUrl\":\"https:\\\/\\\/news.ecclesia.org.br\\\/wp-content\\\/uploads\\\/2025\\\/05\\\/ecclesia2.png\",\"width\":480,\"height\":120,\"caption\":\"Sacra Arquidiocese de Buenos Aires e Am\u00e9rica do Sul | Patriarcado Ecum\u00eanico\"},\"image\":{\"@id\":\"https:\\\/\\\/news.ecclesia.org.br\\\/#\\\/schema\\\/logo\\\/image\\\/\"},\"sameAs\":[\"https:\\\/\\\/www.facebook.com\\\/Ecclesia2025\",\"https:\\\/\\\/x.com\\\/EcclesiaNews\",\"https:\\\/\\\/br.pinterest.com\\\/ekklisia\\\/\",\"https:\\\/\\\/www.youtube.com\\\/@EcclesiaBrasil\"]},{\"@type\":\"Person\",\"@id\":\"https:\\\/\\\/news.ecclesia.org.br\\\/#\\\/schema\\\/person\\\/6f09597f025829745ba414a569f63758\",\"name\":\"Pe. Andr\u00e9\",\"image\":{\"@type\":\"ImageObject\",\"inLanguage\":\"pt-BR\",\"@id\":\"https:\\\/\\\/secure.gravatar.com\\\/avatar\\\/b4327cfa27e9799da239a26adcd534fc29cdc0c4a4a148eecbcfeb9b42c617ac?s=96&d=mm&r=g\",\"url\":\"https:\\\/\\\/secure.gravatar.com\\\/avatar\\\/b4327cfa27e9799da239a26adcd534fc29cdc0c4a4a148eecbcfeb9b42c617ac?s=96&d=mm&r=g\",\"contentUrl\":\"https:\\\/\\\/secure.gravatar.com\\\/avatar\\\/b4327cfa27e9799da239a26adcd534fc29cdc0c4a4a148eecbcfeb9b42c617ac?s=96&d=mm&r=g\",\"caption\":\"Pe. Andr\u00e9\"},\"sameAs\":[\"https:\\\/\\\/www.ecclesia.org.br\"]}]}<\/script>\n<!-- \/ Yoast SEO plugin. -->","yoast_head_json":{"title":"PEDRO E ANDR\u00c9 NOVAMENTE JUNTOS EM JERUSAL\u00c9M | ECCLESIA NEWS","robots":{"index":"index","follow":"follow","max-snippet":"max-snippet:-1","max-image-preview":"max-image-preview:large","max-video-preview":"max-video-preview:-1"},"canonical":"https:\/\/news.ecclesia.org.br\/?p=7014","og_locale":"pt_BR","og_type":"article","og_title":"PEDRO E ANDR\u00c9 NOVAMENTE JUNTOS EM JERUSAL\u00c9M | ECCLESIA NEWS","og_description":"Quando se perfila um evento eclesial in\u00e9dito ou cujo \u00fanico precedente remonta a 50 anos antes n\u00e3o \u00e9 f\u00e1cil delinear antecipadamente os pontos que ele ir\u00e1 abordar e as perspectivas que poder\u00e1 abrir. Al\u00e9m disso, quando um dos protagonistas \u00e9&#8230;","og_url":"https:\/\/news.ecclesia.org.br\/?p=7014","og_site_name":"ECCLESIA NEWS","article_publisher":"https:\/\/www.facebook.com\/Ecclesia2025","article_published_time":"2014-02-10T16:03:41+00:00","article_modified_time":"2016-03-22T20:11:00+00:00","og_image":[{"width":800,"height":362,"url":"https:\/\/news.ecclesia.org.br\/wp-content\/uploads\/2013\/07\/papa-patriarca-1.jpg","type":"image\/jpeg"}],"author":"Pe. Andr\u00e9","twitter_card":"summary_large_image","twitter_creator":"@EcclesiaNews","twitter_site":"@EcclesiaNews","twitter_misc":{"Escrito por":"Pe. Andr\u00e9","Est. tempo de leitura":"7 minutos"},"schema":{"@context":"https:\/\/schema.org","@graph":[{"@type":"Article","@id":"https:\/\/news.ecclesia.org.br\/?p=7014#article","isPartOf":{"@id":"https:\/\/news.ecclesia.org.br\/?p=7014"},"author":{"name":"Pe. Andr\u00e9","@id":"https:\/\/news.ecclesia.org.br\/#\/schema\/person\/6f09597f025829745ba414a569f63758"},"headline":"PEDRO E ANDR\u00c9 NOVAMENTE JUNTOS EM JERUSAL\u00c9M","datePublished":"2014-02-10T16:03:41+00:00","dateModified":"2016-03-22T20:11:00+00:00","mainEntityOfPage":{"@id":"https:\/\/news.ecclesia.org.br\/?p=7014"},"wordCount":1385,"commentCount":0,"publisher":{"@id":"https:\/\/news.ecclesia.org.br\/#organization"},"image":{"@id":"https:\/\/news.ecclesia.org.br\/?p=7014#primaryimage"},"thumbnailUrl":"https:\/\/news.ecclesia.org.br\/wp-content\/uploads\/2013\/07\/papa-patriarca-1.jpg","articleSection":["Mundo Ortodoxo","Patriarcado Ecum\u00eanico"],"inLanguage":"pt-BR","potentialAction":[{"@type":"CommentAction","name":"Comment","target":["https:\/\/news.ecclesia.org.br\/?p=7014#respond"]}]},{"@type":"WebPage","@id":"https:\/\/news.ecclesia.org.br\/?p=7014","url":"https:\/\/news.ecclesia.org.br\/?p=7014","name":"PEDRO E ANDR\u00c9 NOVAMENTE JUNTOS EM JERUSAL\u00c9M | ECCLESIA NEWS","isPartOf":{"@id":"https:\/\/news.ecclesia.org.br\/#website"},"primaryImageOfPage":{"@id":"https:\/\/news.ecclesia.org.br\/?p=7014#primaryimage"},"image":{"@id":"https:\/\/news.ecclesia.org.br\/?p=7014#primaryimage"},"thumbnailUrl":"https:\/\/news.ecclesia.org.br\/wp-content\/uploads\/2013\/07\/papa-patriarca-1.jpg","datePublished":"2014-02-10T16:03:41+00:00","dateModified":"2016-03-22T20:11:00+00:00","breadcrumb":{"@id":"https:\/\/news.ecclesia.org.br\/?p=7014#breadcrumb"},"inLanguage":"pt-BR","potentialAction":[{"@type":"ReadAction","target":["https:\/\/news.ecclesia.org.br\/?p=7014"]}]},{"@type":"ImageObject","inLanguage":"pt-BR","@id":"https:\/\/news.ecclesia.org.br\/?p=7014#primaryimage","url":"https:\/\/news.ecclesia.org.br\/wp-content\/uploads\/2013\/07\/papa-patriarca-1.jpg","contentUrl":"https:\/\/news.ecclesia.org.br\/wp-content\/uploads\/2013\/07\/papa-patriarca-1.jpg","width":800,"height":362},{"@type":"BreadcrumbList","@id":"https:\/\/news.ecclesia.org.br\/?p=7014#breadcrumb","itemListElement":[{"@type":"ListItem","position":1,"name":"In\u00edcio","item":"https:\/\/news.ecclesia.org.br\/"},{"@type":"ListItem","position":2,"name":"PEDRO E ANDR\u00c9 NOVAMENTE JUNTOS EM JERUSAL\u00c9M"}]},{"@type":"WebSite","@id":"https:\/\/news.ecclesia.org.br\/#website","url":"https:\/\/news.ecclesia.org.br\/","name":"Ecclesia Brasil","description":"Desde 2003 onectando o Brasil ao mundo ortodoxo!","publisher":{"@id":"https:\/\/news.ecclesia.org.br\/#organization"},"alternateName":"Ecclesia","potentialAction":[{"@type":"SearchAction","target":{"@type":"EntryPoint","urlTemplate":"https:\/\/news.ecclesia.org.br\/?s={search_term_string}"},"query-input":{"@type":"PropertyValueSpecification","valueRequired":true,"valueName":"search_term_string"}}],"inLanguage":"pt-BR"},{"@type":"Organization","@id":"https:\/\/news.ecclesia.org.br\/#organization","name":"Sacra Arquidiocese de Buenos Aires e Am\u00e9rica do Sul | Patriarcado Ecum\u00eanico","alternateName":"News Ecclesia Brasil","url":"https:\/\/news.ecclesia.org.br\/","logo":{"@type":"ImageObject","inLanguage":"pt-BR","@id":"https:\/\/news.ecclesia.org.br\/#\/schema\/logo\/image\/","url":"https:\/\/news.ecclesia.org.br\/wp-content\/uploads\/2025\/05\/ecclesia2.png","contentUrl":"https:\/\/news.ecclesia.org.br\/wp-content\/uploads\/2025\/05\/ecclesia2.png","width":480,"height":120,"caption":"Sacra Arquidiocese de Buenos Aires e Am\u00e9rica do Sul | Patriarcado Ecum\u00eanico"},"image":{"@id":"https:\/\/news.ecclesia.org.br\/#\/schema\/logo\/image\/"},"sameAs":["https:\/\/www.facebook.com\/Ecclesia2025","https:\/\/x.com\/EcclesiaNews","https:\/\/br.pinterest.com\/ekklisia\/","https:\/\/www.youtube.com\/@EcclesiaBrasil"]},{"@type":"Person","@id":"https:\/\/news.ecclesia.org.br\/#\/schema\/person\/6f09597f025829745ba414a569f63758","name":"Pe. Andr\u00e9","image":{"@type":"ImageObject","inLanguage":"pt-BR","@id":"https:\/\/secure.gravatar.com\/avatar\/b4327cfa27e9799da239a26adcd534fc29cdc0c4a4a148eecbcfeb9b42c617ac?s=96&d=mm&r=g","url":"https:\/\/secure.gravatar.com\/avatar\/b4327cfa27e9799da239a26adcd534fc29cdc0c4a4a148eecbcfeb9b42c617ac?s=96&d=mm&r=g","contentUrl":"https:\/\/secure.gravatar.com\/avatar\/b4327cfa27e9799da239a26adcd534fc29cdc0c4a4a148eecbcfeb9b42c617ac?s=96&d=mm&r=g","caption":"Pe. Andr\u00e9"},"sameAs":["https:\/\/www.ecclesia.org.br"]}]}},"_links":{"self":[{"href":"https:\/\/news.ecclesia.org.br\/index.php?rest_route=\/wp\/v2\/posts\/7014","targetHints":{"allow":["GET"]}}],"collection":[{"href":"https:\/\/news.ecclesia.org.br\/index.php?rest_route=\/wp\/v2\/posts"}],"about":[{"href":"https:\/\/news.ecclesia.org.br\/index.php?rest_route=\/wp\/v2\/types\/post"}],"author":[{"embeddable":true,"href":"https:\/\/news.ecclesia.org.br\/index.php?rest_route=\/wp\/v2\/users\/1"}],"replies":[{"embeddable":true,"href":"https:\/\/news.ecclesia.org.br\/index.php?rest_route=%2Fwp%2Fv2%2Fcomments&post=7014"}],"version-history":[{"count":0,"href":"https:\/\/news.ecclesia.org.br\/index.php?rest_route=\/wp\/v2\/posts\/7014\/revisions"}],"wp:featuredmedia":[{"embeddable":true,"href":"https:\/\/news.ecclesia.org.br\/index.php?rest_route=\/wp\/v2\/media\/6514"}],"wp:attachment":[{"href":"https:\/\/news.ecclesia.org.br\/index.php?rest_route=%2Fwp%2Fv2%2Fmedia&parent=7014"}],"wp:term":[{"taxonomy":"category","embeddable":true,"href":"https:\/\/news.ecclesia.org.br\/index.php?rest_route=%2Fwp%2Fv2%2Fcategories&post=7014"},{"taxonomy":"post_tag","embeddable":true,"href":"https:\/\/news.ecclesia.org.br\/index.php?rest_route=%2Fwp%2Fv2%2Ftags&post=7014"}],"curies":[{"name":"wp","href":"https:\/\/api.w.org\/{rel}","templated":true}]}}