{"id":6890,"date":"2014-01-17T12:55:18","date_gmt":"2014-01-17T12:55:18","guid":{"rendered":"http:\/\/www.ecclesia.com.br\/news\/2013\/?p=6890"},"modified":"2016-03-22T20:19:18","modified_gmt":"2016-03-22T20:19:18","slug":"o-patriarca-bartolomeu-e-o-primaz-anglicano-welby-se-encontram-em-istambul","status":"publish","type":"post","link":"https:\/\/news.ecclesia.org.br\/?p=6890","title":{"rendered":"O PATRIARCA BARTOLOMEU E O PRIMAZ ANGLICANO WELBY SE ENCONTRAM EM ISTAMBUL"},"content":{"rendered":"<p style=\"text-align: justify;\"><div id=\"galleria-6890\"><a href=\"https:\/\/news.ecclesia.org.br\/wp-content\/uploads\/2014\/01\/002.jpg\"><img decoding=\"async\" title=\"002\" alt=\"\" src=\"https:\/\/news.ecclesia.org.br\/wp-content\/uploads\/2014\/01\/002-83x55.jpg\" data-big=\"https:\/\/news.ecclesia.org.br\/wp-content\/uploads\/2014\/01\/002.jpg\"><\/a><a href=\"https:\/\/news.ecclesia.org.br\/wp-content\/uploads\/2014\/01\/003.jpg\"><img decoding=\"async\" title=\"003\" alt=\"\" src=\"https:\/\/news.ecclesia.org.br\/wp-content\/uploads\/2014\/01\/003-83x55.jpg\" data-big=\"https:\/\/news.ecclesia.org.br\/wp-content\/uploads\/2014\/01\/003.jpg\"><\/a><a href=\"https:\/\/news.ecclesia.org.br\/wp-content\/uploads\/2014\/01\/004.jpg\"><img decoding=\"async\" title=\"004\" alt=\"\" src=\"https:\/\/news.ecclesia.org.br\/wp-content\/uploads\/2014\/01\/004-83x55.jpg\" data-big=\"https:\/\/news.ecclesia.org.br\/wp-content\/uploads\/2014\/01\/004.jpg\"><\/a><a href=\"https:\/\/news.ecclesia.org.br\/wp-content\/uploads\/2014\/01\/005-2.jpg\"><img decoding=\"async\" title=\"005\" alt=\"\" src=\"https:\/\/news.ecclesia.org.br\/wp-content\/uploads\/2014\/01\/005-2-83x55.jpg\" data-big=\"https:\/\/news.ecclesia.org.br\/wp-content\/uploads\/2014\/01\/005-2.jpg\"><\/a><a href=\"https:\/\/news.ecclesia.org.br\/wp-content\/uploads\/2014\/01\/006.jpg\"><img decoding=\"async\" title=\"006\" alt=\"\" src=\"https:\/\/news.ecclesia.org.br\/wp-content\/uploads\/2014\/01\/006-83x55.jpg\" data-big=\"https:\/\/news.ecclesia.org.br\/wp-content\/uploads\/2014\/01\/006.jpg\"><\/a><a href=\"https:\/\/news.ecclesia.org.br\/wp-content\/uploads\/2014\/01\/007.jpg\"><img decoding=\"async\" title=\"007\" alt=\"\" src=\"https:\/\/news.ecclesia.org.br\/wp-content\/uploads\/2014\/01\/007-83x55.jpg\" data-big=\"https:\/\/news.ecclesia.org.br\/wp-content\/uploads\/2014\/01\/007.jpg\"><\/a><a href=\"https:\/\/news.ecclesia.org.br\/wp-content\/uploads\/2014\/01\/008.jpg\"><img decoding=\"async\" title=\"008\" alt=\"\" src=\"https:\/\/news.ecclesia.org.br\/wp-content\/uploads\/2014\/01\/008-83x55.jpg\" data-big=\"https:\/\/news.ecclesia.org.br\/wp-content\/uploads\/2014\/01\/008.jpg\"><\/a><a href=\"https:\/\/news.ecclesia.org.br\/wp-content\/uploads\/2014\/01\/009.jpg\"><img decoding=\"async\" title=\"009\" alt=\"\" src=\"https:\/\/news.ecclesia.org.br\/wp-content\/uploads\/2014\/01\/009-83x55.jpg\" data-big=\"https:\/\/news.ecclesia.org.br\/wp-content\/uploads\/2014\/01\/009.jpg\"><\/a><a href=\"https:\/\/news.ecclesia.org.br\/wp-content\/uploads\/2014\/01\/010.jpg\"><img decoding=\"async\" title=\"010\" alt=\"\" src=\"https:\/\/news.ecclesia.org.br\/wp-content\/uploads\/2014\/01\/010-83x55.jpg\" data-big=\"https:\/\/news.ecclesia.org.br\/wp-content\/uploads\/2014\/01\/010.jpg\"><\/a><a href=\"https:\/\/news.ecclesia.org.br\/wp-content\/uploads\/2014\/01\/011.jpg\"><img decoding=\"async\" title=\"011\" alt=\"\" src=\"https:\/\/news.ecclesia.org.br\/wp-content\/uploads\/2014\/01\/011-83x55.jpg\" data-big=\"https:\/\/news.ecclesia.org.br\/wp-content\/uploads\/2014\/01\/011.jpg\"><\/a><a href=\"https:\/\/news.ecclesia.org.br\/wp-content\/uploads\/2014\/01\/012.jpg\"><img decoding=\"async\" title=\"012\" alt=\"\" src=\"https:\/\/news.ecclesia.org.br\/wp-content\/uploads\/2014\/01\/012-83x55.jpg\" data-big=\"https:\/\/news.ecclesia.org.br\/wp-content\/uploads\/2014\/01\/012.jpg\"><\/a><a href=\"https:\/\/news.ecclesia.org.br\/wp-content\/uploads\/2014\/01\/013.jpg\"><img decoding=\"async\" title=\"013\" alt=\"\" src=\"https:\/\/news.ecclesia.org.br\/wp-content\/uploads\/2014\/01\/013-83x55.jpg\" data-big=\"https:\/\/news.ecclesia.org.br\/wp-content\/uploads\/2014\/01\/013.jpg\"><\/a><a href=\"https:\/\/news.ecclesia.org.br\/wp-content\/uploads\/2014\/01\/014.jpg\"><img decoding=\"async\" title=\"014\" alt=\"\" src=\"https:\/\/news.ecclesia.org.br\/wp-content\/uploads\/2014\/01\/014-83x55.jpg\" data-big=\"https:\/\/news.ecclesia.org.br\/wp-content\/uploads\/2014\/01\/014.jpg\"><\/a><a href=\"https:\/\/news.ecclesia.org.br\/wp-content\/uploads\/2014\/01\/015.jpg\"><img decoding=\"async\" title=\"015\" alt=\"\" src=\"https:\/\/news.ecclesia.org.br\/wp-content\/uploads\/2014\/01\/015-83x55.jpg\" data-big=\"https:\/\/news.ecclesia.org.br\/wp-content\/uploads\/2014\/01\/015.jpg\"><\/a><a href=\"https:\/\/news.ecclesia.org.br\/wp-content\/uploads\/2014\/01\/016.jpg\"><img decoding=\"async\" title=\"016\" alt=\"\" src=\"https:\/\/news.ecclesia.org.br\/wp-content\/uploads\/2014\/01\/016-83x55.jpg\" data-big=\"https:\/\/news.ecclesia.org.br\/wp-content\/uploads\/2014\/01\/016.jpg\"><\/a><\/div><\/p>\n<p style=\"text-align: justify;\"><span style=\"line-height: 1.5em;\">ROMA, 16 de Janeiro de 2014 (<\/span><a style=\"line-height: 1.5em;\" href=\"www.zenit.org\" target=\"_blank\">Zenit.org<\/a><span style=\"line-height: 1.5em;\">) &#8211; \u00abDar continuidade \u00e0s rela\u00e7\u00f5es e intensificar a coopera\u00e7\u00e3o para dar um testemunho comum, em particular na Europa\u00bb: estes s\u00e3o os prop\u00f3sitos expressados pelo Patriarca Ecum\u00eanico e Arcebispo de Contantinopla, Bartolomeu I, e pelo Primaz da Comunh\u00e3o Anglicana e Arcebispo de Canterbury, Justin Welby, em seu encontro acontecido nesta segunda e ter\u00e7a-feira em Istambul. Ambos reiteraram a import\u00e2ncia do di\u00e1logo teol\u00f3gico em andamento e o compromisso entre a Igreja Ortodoxa e os anglicanos. O col\u00f3quio \u00e9 o primeiro desde que Welby foi entronizado como Arcebispo de Canterbury. De acordo com L\u2019Osservatore Romano, \u00abos dois dias foram caracterizados por um clima de grande amizade\u00bb. Ambos os l\u00edderes religiosos manifestaram em particular a \u00abpreocupa\u00e7\u00e3o com a injusti\u00e7a presente em muitas partes do mundo\u00bb e rezaram pelos pobres e pelos oprimidos, pela paz e pela justi\u00e7a em todo o mundo, especialmente no Oriente M\u00e9dio. Bartolomeu e Welby destacaram a import\u00e2ncia de \u00abpromover uma consci\u00eancia maior sobre a defesa dos valores crist\u00e3os, da dignidade humana e dos direitos religiosos\u00bb.<\/span><\/p>\n<p style=\"text-align: justify;\">Bartolomeu I, em seu discurso de boas-vindas, recordou que \u00aba aproxima\u00e7\u00e3o entre as duas Igrejas foi ajudada em grande medida pelo interc\u00e2mbio de estudantes\u00bb e manifestou o desejo de que o interc\u00e2mbio continue no futuro. O Patriarca explicou que a Escola Teol\u00f3gica em Halki oferecia bolsas a estudantes anglicanos; quando for reaberta, a tradi\u00e7\u00e3o dever\u00e1 ser retomada.<\/p>\n<p style=\"text-align: justify;\">Por sua vez, o primaz anglicano se disse satisfeito com a oportunidade do encontro e com a vista a Istambul. \u00abEsta cidade deixou marca no cristianismo em seu conjunto, com uma variedade de formas\u00bb. A seguir, denunciando quem utiliza a religi\u00e3o como desculpa para a viol\u00eancia, o primaz anglicano recordou o testemunho do Patriarcado Ecum\u00eanico: \u00abVoc\u00eas demonstraram ao longo dos s\u00e9culos o mart\u00edrio a que estamos chamados na Escritura, o chamado a testemunhar com as palavras e com a vida. Um chamado mais importante do que a pr\u00f3pria vida\u00bb. Welby ofereceu a sua ora\u00e7\u00e3o pelos dois bispos de Aleppo que foram sequestrados.<\/p>\n<p style=\"text-align: justify;\">Dirigindo-se a Bartolomeu, Welby declarou: \u00abVoc\u00ea mesmo deu o exemplo de paz e de reconcilia\u00e7\u00e3o na sua hist\u00f3rica visita por ocasi\u00e3o do in\u00edcio do pontificado do papa Francisco. Istambul \u00e9 o cruzamento entre a Europa e a \u00c1sia. \u00c9 o lugar em que duas grandes religi\u00f5es se encontram. Seu significado para o com\u00e9rcio \u00e9 enorme e ela continua nos recordando a import\u00e2ncia da Turquia como na\u00e7\u00e3o industrial e comercial. Com\u00e9rcio e neg\u00f3cios podem ser objeto de cobi\u00e7a, mas, na gra\u00e7a de Deus, podem abrir caminho para o di\u00e1logo entre as na\u00e7\u00f5es\u00bb.<\/p>\n<p style=\"text-align: justify;\">Ao longo destes meses de pontificado do papa argentino, j\u00e1 assistimos a alguns gestos e momentos de proximidade entre as igrejas.<\/p>\n<p style=\"text-align: justify;\">Francisco recebeu Bartolomeu, Patriarca Ecum\u00eanico de Constantinopla, no dia 20 de mar\u00e7o, quando ele foi ao Vaticano para a cerim\u00f4nia de in\u00edcio do pontificado. Em 30 de novembro, festa do ap\u00f3stolo Santo Andr\u00e9, padroeiro do Patriarcado Ecum\u00eanico de Constantinopla, uma delega\u00e7\u00e3o da Santa S\u00e9 participou das celebra\u00e7\u00f5es em Istambul, onde foi lida a mensagem do Papa Francisco que recordava a \u00abdram\u00e1tica situa\u00e7\u00e3o de tantos povos que, v\u00edtimas da viol\u00eancia e da guerra, est\u00e3o sofrendo a fome, a pobreza e graves desastres naturais\u00bb. Tamb\u00e9m mencionou a situa\u00e7\u00e3o dos crist\u00e3os no Oriente M\u00e9dio e o seu direito de permanecer nos seus pa\u00edses. O papa reiterou que \u00abo di\u00e1logo, o perd\u00e3o e a reconcilia\u00e7\u00e3o s\u00e3o os \u00fanicos caminhos poss\u00edveis para resolver o conflito\u00bb.<\/p>\n<p style=\"text-align: justify;\">Quando Francisco recebeu a delega\u00e7\u00e3o ortodoxa, em 29 de junho, destacou que \u00aba busca da unidade entre os crist\u00e3os \u00e9 uma urg\u00eancia da qual hoje, mais do que nunca, n\u00e3o podemos escapar\u00bb. Ele encorajou os crist\u00e3os a \u00abn\u00e3o ter medo do encontro e do verdadeiro di\u00e1logo\u00bb.<\/p>\n<p style=\"text-align: justify;\">O arcebispo Welby tamb\u00e9m teve a oportunidade de se reunir com Francisco. Foi em 14 de junho, quando ele foi recebido no Vaticano.\u00a0 O primaz anglicano tomou posse numa solene cerim\u00f4nia como novo Arcebispo de Canterbury no \u00faltimo dia 21 de mar\u00e7o, apenas dois dias depois da missa de in\u00edcio do pontificado de Francisco. Foi por isso que Welby n\u00e3o p\u00f4de viajar a Roma naquela ocasi\u00e3o.<\/p>\n<p style=\"text-align: justify;\">No encontro entre Welby e Francisco, o Papa recordou que, entre a Igreja da Inglaterra e a Igreja de Roma, \u00abas \u00faltimas d\u00e9cadas se caracterizaram por um caminho de aproxima\u00e7\u00e3o e de fraternidade, que devemos agradecer a Deus\u00bb. Ele afirmou tamb\u00e9m que aquele dia foi \u00abuma ocasi\u00e3o para recordar que o compromisso da unidade entre os crist\u00e3os n\u00e3o deriva de raz\u00f5es pr\u00e1ticas, mas da vontade do Senhor Jesus Cristo, que nos tornou seus irm\u00e3os e filhos de um \u00fanico Pai\u00bb.<\/p>\n","protected":false},"excerpt":{"rendered":"<p>ROMA, 16 de Janeiro de 2014 (Zenit.org) &#8211; \u00abDar continuidade \u00e0s rela\u00e7\u00f5es e intensificar a coopera\u00e7\u00e3o para dar um testemunho comum, em particular na Europa\u00bb: estes s\u00e3o os prop\u00f3sitos expressados pelo Patriarca Ecum\u00eanico e Arcebispo de Contantinopla, Bartolomeu I, e&#8230;<\/p>\n","protected":false},"author":1,"featured_media":18582,"comment_status":"open","ping_status":"open","sticky":false,"template":"","format":"standard","meta":{"_acf_changed":false,"footnotes":""},"categories":[3,72],"tags":[],"class_list":["post-6890","post","type-post","status-publish","format-standard","has-post-thumbnail","hentry","category-mundo","category-patriarcado-ecumenico","entry","rows-excerpt"],"acf":[],"yoast_head":"<!-- This site is optimized with the Yoast SEO plugin v27.4 - https:\/\/yoast.com\/product\/yoast-seo-wordpress\/ -->\n<title>O PATRIARCA BARTOLOMEU E O PRIMAZ ANGLICANO WELBY SE ENCONTRAM EM ISTAMBUL | ECCLESIA NEWS<\/title>\n<meta name=\"robots\" content=\"index, follow, max-snippet:-1, max-image-preview:large, max-video-preview:-1\" \/>\n<link rel=\"canonical\" href=\"https:\/\/news.ecclesia.org.br\/?p=6890\" \/>\n<meta property=\"og:locale\" content=\"pt_BR\" \/>\n<meta property=\"og:type\" content=\"article\" \/>\n<meta property=\"og:title\" content=\"O PATRIARCA BARTOLOMEU E O PRIMAZ ANGLICANO WELBY SE ENCONTRAM EM ISTAMBUL | ECCLESIA NEWS\" \/>\n<meta property=\"og:description\" content=\"ROMA, 16 de Janeiro de 2014 (Zenit.org) &#8211; \u00abDar continuidade \u00e0s rela\u00e7\u00f5es e intensificar a coopera\u00e7\u00e3o para dar um testemunho comum, em particular na Europa\u00bb: estes s\u00e3o os prop\u00f3sitos expressados pelo Patriarca Ecum\u00eanico e Arcebispo de Contantinopla, Bartolomeu I, e&#8230;\" \/>\n<meta property=\"og:url\" content=\"https:\/\/news.ecclesia.org.br\/?p=6890\" \/>\n<meta property=\"og:site_name\" content=\"ECCLESIA NEWS\" \/>\n<meta property=\"article:publisher\" content=\"https:\/\/www.facebook.com\/Ecclesia2025\" \/>\n<meta property=\"article:published_time\" content=\"2014-01-17T12:55:18+00:00\" \/>\n<meta property=\"article:modified_time\" content=\"2016-03-22T20:19:18+00:00\" \/>\n<meta property=\"og:image\" content=\"https:\/\/news.ecclesia.org.br\/wp-content\/uploads\/2014\/01\/002.jpg\" \/>\n\t<meta property=\"og:image:width\" content=\"500\" \/>\n\t<meta property=\"og:image:height\" content=\"333\" \/>\n\t<meta property=\"og:image:type\" content=\"image\/jpeg\" \/>\n<meta name=\"author\" content=\"Pe. Andr\u00e9\" \/>\n<meta name=\"twitter:card\" content=\"summary_large_image\" \/>\n<meta name=\"twitter:creator\" content=\"@EcclesiaNews\" \/>\n<meta name=\"twitter:site\" content=\"@EcclesiaNews\" \/>\n<meta name=\"twitter:label1\" content=\"Escrito por\" \/>\n\t<meta name=\"twitter:data1\" content=\"Pe. Andr\u00e9\" \/>\n\t<meta name=\"twitter:label2\" content=\"Est. tempo de leitura\" \/>\n\t<meta name=\"twitter:data2\" content=\"4 minutos\" \/>\n<script type=\"application\/ld+json\" class=\"yoast-schema-graph\">{\"@context\":\"https:\\\/\\\/schema.org\",\"@graph\":[{\"@type\":\"Article\",\"@id\":\"https:\\\/\\\/news.ecclesia.org.br\\\/?p=6890#article\",\"isPartOf\":{\"@id\":\"https:\\\/\\\/news.ecclesia.org.br\\\/?p=6890\"},\"author\":{\"name\":\"Pe. Andr\u00e9\",\"@id\":\"https:\\\/\\\/news.ecclesia.org.br\\\/#\\\/schema\\\/person\\\/6f09597f025829745ba414a569f63758\"},\"headline\":\"O PATRIARCA BARTOLOMEU E O PRIMAZ ANGLICANO WELBY SE ENCONTRAM EM ISTAMBUL\",\"datePublished\":\"2014-01-17T12:55:18+00:00\",\"dateModified\":\"2016-03-22T20:19:18+00:00\",\"mainEntityOfPage\":{\"@id\":\"https:\\\/\\\/news.ecclesia.org.br\\\/?p=6890\"},\"wordCount\":852,\"commentCount\":0,\"publisher\":{\"@id\":\"https:\\\/\\\/news.ecclesia.org.br\\\/#organization\"},\"image\":{\"@id\":\"https:\\\/\\\/news.ecclesia.org.br\\\/?p=6890#primaryimage\"},\"thumbnailUrl\":\"https:\\\/\\\/news.ecclesia.org.br\\\/wp-content\\\/uploads\\\/2014\\\/01\\\/002.jpg\",\"articleSection\":[\"Mundo Ortodoxo\",\"Patriarcado Ecum\u00eanico\"],\"inLanguage\":\"pt-BR\",\"potentialAction\":[{\"@type\":\"CommentAction\",\"name\":\"Comment\",\"target\":[\"https:\\\/\\\/news.ecclesia.org.br\\\/?p=6890#respond\"]}]},{\"@type\":\"WebPage\",\"@id\":\"https:\\\/\\\/news.ecclesia.org.br\\\/?p=6890\",\"url\":\"https:\\\/\\\/news.ecclesia.org.br\\\/?p=6890\",\"name\":\"O PATRIARCA BARTOLOMEU E O PRIMAZ ANGLICANO WELBY SE ENCONTRAM EM ISTAMBUL | ECCLESIA NEWS\",\"isPartOf\":{\"@id\":\"https:\\\/\\\/news.ecclesia.org.br\\\/#website\"},\"primaryImageOfPage\":{\"@id\":\"https:\\\/\\\/news.ecclesia.org.br\\\/?p=6890#primaryimage\"},\"image\":{\"@id\":\"https:\\\/\\\/news.ecclesia.org.br\\\/?p=6890#primaryimage\"},\"thumbnailUrl\":\"https:\\\/\\\/news.ecclesia.org.br\\\/wp-content\\\/uploads\\\/2014\\\/01\\\/002.jpg\",\"datePublished\":\"2014-01-17T12:55:18+00:00\",\"dateModified\":\"2016-03-22T20:19:18+00:00\",\"breadcrumb\":{\"@id\":\"https:\\\/\\\/news.ecclesia.org.br\\\/?p=6890#breadcrumb\"},\"inLanguage\":\"pt-BR\",\"potentialAction\":[{\"@type\":\"ReadAction\",\"target\":[\"https:\\\/\\\/news.ecclesia.org.br\\\/?p=6890\"]}]},{\"@type\":\"ImageObject\",\"inLanguage\":\"pt-BR\",\"@id\":\"https:\\\/\\\/news.ecclesia.org.br\\\/?p=6890#primaryimage\",\"url\":\"https:\\\/\\\/news.ecclesia.org.br\\\/wp-content\\\/uploads\\\/2014\\\/01\\\/002.jpg\",\"contentUrl\":\"https:\\\/\\\/news.ecclesia.org.br\\\/wp-content\\\/uploads\\\/2014\\\/01\\\/002.jpg\",\"width\":500,\"height\":333},{\"@type\":\"BreadcrumbList\",\"@id\":\"https:\\\/\\\/news.ecclesia.org.br\\\/?p=6890#breadcrumb\",\"itemListElement\":[{\"@type\":\"ListItem\",\"position\":1,\"name\":\"In\u00edcio\",\"item\":\"https:\\\/\\\/news.ecclesia.org.br\\\/\"},{\"@type\":\"ListItem\",\"position\":2,\"name\":\"O PATRIARCA BARTOLOMEU E O PRIMAZ ANGLICANO WELBY SE ENCONTRAM EM ISTAMBUL\"}]},{\"@type\":\"WebSite\",\"@id\":\"https:\\\/\\\/news.ecclesia.org.br\\\/#website\",\"url\":\"https:\\\/\\\/news.ecclesia.org.br\\\/\",\"name\":\"Ecclesia Brasil\",\"description\":\"Desde 2003 onectando o Brasil ao mundo ortodoxo!\",\"publisher\":{\"@id\":\"https:\\\/\\\/news.ecclesia.org.br\\\/#organization\"},\"alternateName\":\"Ecclesia\",\"potentialAction\":[{\"@type\":\"SearchAction\",\"target\":{\"@type\":\"EntryPoint\",\"urlTemplate\":\"https:\\\/\\\/news.ecclesia.org.br\\\/?s={search_term_string}\"},\"query-input\":{\"@type\":\"PropertyValueSpecification\",\"valueRequired\":true,\"valueName\":\"search_term_string\"}}],\"inLanguage\":\"pt-BR\"},{\"@type\":\"Organization\",\"@id\":\"https:\\\/\\\/news.ecclesia.org.br\\\/#organization\",\"name\":\"Sacra Arquidiocese de Buenos Aires e Am\u00e9rica do Sul | Patriarcado Ecum\u00eanico\",\"alternateName\":\"News Ecclesia Brasil\",\"url\":\"https:\\\/\\\/news.ecclesia.org.br\\\/\",\"logo\":{\"@type\":\"ImageObject\",\"inLanguage\":\"pt-BR\",\"@id\":\"https:\\\/\\\/news.ecclesia.org.br\\\/#\\\/schema\\\/logo\\\/image\\\/\",\"url\":\"https:\\\/\\\/news.ecclesia.org.br\\\/wp-content\\\/uploads\\\/2025\\\/05\\\/ecclesia2.png\",\"contentUrl\":\"https:\\\/\\\/news.ecclesia.org.br\\\/wp-content\\\/uploads\\\/2025\\\/05\\\/ecclesia2.png\",\"width\":480,\"height\":120,\"caption\":\"Sacra Arquidiocese de Buenos Aires e Am\u00e9rica do Sul | Patriarcado Ecum\u00eanico\"},\"image\":{\"@id\":\"https:\\\/\\\/news.ecclesia.org.br\\\/#\\\/schema\\\/logo\\\/image\\\/\"},\"sameAs\":[\"https:\\\/\\\/www.facebook.com\\\/Ecclesia2025\",\"https:\\\/\\\/x.com\\\/EcclesiaNews\",\"https:\\\/\\\/br.pinterest.com\\\/ekklisia\\\/\",\"https:\\\/\\\/www.youtube.com\\\/@EcclesiaBrasil\"]},{\"@type\":\"Person\",\"@id\":\"https:\\\/\\\/news.ecclesia.org.br\\\/#\\\/schema\\\/person\\\/6f09597f025829745ba414a569f63758\",\"name\":\"Pe. Andr\u00e9\",\"image\":{\"@type\":\"ImageObject\",\"inLanguage\":\"pt-BR\",\"@id\":\"https:\\\/\\\/secure.gravatar.com\\\/avatar\\\/b4327cfa27e9799da239a26adcd534fc29cdc0c4a4a148eecbcfeb9b42c617ac?s=96&d=mm&r=g\",\"url\":\"https:\\\/\\\/secure.gravatar.com\\\/avatar\\\/b4327cfa27e9799da239a26adcd534fc29cdc0c4a4a148eecbcfeb9b42c617ac?s=96&d=mm&r=g\",\"contentUrl\":\"https:\\\/\\\/secure.gravatar.com\\\/avatar\\\/b4327cfa27e9799da239a26adcd534fc29cdc0c4a4a148eecbcfeb9b42c617ac?s=96&d=mm&r=g\",\"caption\":\"Pe. Andr\u00e9\"},\"sameAs\":[\"https:\\\/\\\/www.ecclesia.org.br\"]}]}<\/script>\n<!-- \/ Yoast SEO plugin. -->","yoast_head_json":{"title":"O PATRIARCA BARTOLOMEU E O PRIMAZ ANGLICANO WELBY SE ENCONTRAM EM ISTAMBUL | ECCLESIA NEWS","robots":{"index":"index","follow":"follow","max-snippet":"max-snippet:-1","max-image-preview":"max-image-preview:large","max-video-preview":"max-video-preview:-1"},"canonical":"https:\/\/news.ecclesia.org.br\/?p=6890","og_locale":"pt_BR","og_type":"article","og_title":"O PATRIARCA BARTOLOMEU E O PRIMAZ ANGLICANO WELBY SE ENCONTRAM EM ISTAMBUL | ECCLESIA NEWS","og_description":"ROMA, 16 de Janeiro de 2014 (Zenit.org) &#8211; \u00abDar continuidade \u00e0s rela\u00e7\u00f5es e intensificar a coopera\u00e7\u00e3o para dar um testemunho comum, em particular na Europa\u00bb: estes s\u00e3o os prop\u00f3sitos expressados pelo Patriarca Ecum\u00eanico e Arcebispo de Contantinopla, Bartolomeu I, e&#8230;","og_url":"https:\/\/news.ecclesia.org.br\/?p=6890","og_site_name":"ECCLESIA NEWS","article_publisher":"https:\/\/www.facebook.com\/Ecclesia2025","article_published_time":"2014-01-17T12:55:18+00:00","article_modified_time":"2016-03-22T20:19:18+00:00","og_image":[{"width":500,"height":333,"url":"https:\/\/news.ecclesia.org.br\/wp-content\/uploads\/2014\/01\/002.jpg","type":"image\/jpeg"}],"author":"Pe. Andr\u00e9","twitter_card":"summary_large_image","twitter_creator":"@EcclesiaNews","twitter_site":"@EcclesiaNews","twitter_misc":{"Escrito por":"Pe. Andr\u00e9","Est. tempo de leitura":"4 minutos"},"schema":{"@context":"https:\/\/schema.org","@graph":[{"@type":"Article","@id":"https:\/\/news.ecclesia.org.br\/?p=6890#article","isPartOf":{"@id":"https:\/\/news.ecclesia.org.br\/?p=6890"},"author":{"name":"Pe. Andr\u00e9","@id":"https:\/\/news.ecclesia.org.br\/#\/schema\/person\/6f09597f025829745ba414a569f63758"},"headline":"O PATRIARCA BARTOLOMEU E O PRIMAZ ANGLICANO WELBY SE ENCONTRAM EM ISTAMBUL","datePublished":"2014-01-17T12:55:18+00:00","dateModified":"2016-03-22T20:19:18+00:00","mainEntityOfPage":{"@id":"https:\/\/news.ecclesia.org.br\/?p=6890"},"wordCount":852,"commentCount":0,"publisher":{"@id":"https:\/\/news.ecclesia.org.br\/#organization"},"image":{"@id":"https:\/\/news.ecclesia.org.br\/?p=6890#primaryimage"},"thumbnailUrl":"https:\/\/news.ecclesia.org.br\/wp-content\/uploads\/2014\/01\/002.jpg","articleSection":["Mundo Ortodoxo","Patriarcado Ecum\u00eanico"],"inLanguage":"pt-BR","potentialAction":[{"@type":"CommentAction","name":"Comment","target":["https:\/\/news.ecclesia.org.br\/?p=6890#respond"]}]},{"@type":"WebPage","@id":"https:\/\/news.ecclesia.org.br\/?p=6890","url":"https:\/\/news.ecclesia.org.br\/?p=6890","name":"O PATRIARCA BARTOLOMEU E O PRIMAZ ANGLICANO WELBY SE ENCONTRAM EM ISTAMBUL | ECCLESIA NEWS","isPartOf":{"@id":"https:\/\/news.ecclesia.org.br\/#website"},"primaryImageOfPage":{"@id":"https:\/\/news.ecclesia.org.br\/?p=6890#primaryimage"},"image":{"@id":"https:\/\/news.ecclesia.org.br\/?p=6890#primaryimage"},"thumbnailUrl":"https:\/\/news.ecclesia.org.br\/wp-content\/uploads\/2014\/01\/002.jpg","datePublished":"2014-01-17T12:55:18+00:00","dateModified":"2016-03-22T20:19:18+00:00","breadcrumb":{"@id":"https:\/\/news.ecclesia.org.br\/?p=6890#breadcrumb"},"inLanguage":"pt-BR","potentialAction":[{"@type":"ReadAction","target":["https:\/\/news.ecclesia.org.br\/?p=6890"]}]},{"@type":"ImageObject","inLanguage":"pt-BR","@id":"https:\/\/news.ecclesia.org.br\/?p=6890#primaryimage","url":"https:\/\/news.ecclesia.org.br\/wp-content\/uploads\/2014\/01\/002.jpg","contentUrl":"https:\/\/news.ecclesia.org.br\/wp-content\/uploads\/2014\/01\/002.jpg","width":500,"height":333},{"@type":"BreadcrumbList","@id":"https:\/\/news.ecclesia.org.br\/?p=6890#breadcrumb","itemListElement":[{"@type":"ListItem","position":1,"name":"In\u00edcio","item":"https:\/\/news.ecclesia.org.br\/"},{"@type":"ListItem","position":2,"name":"O PATRIARCA BARTOLOMEU E O PRIMAZ ANGLICANO WELBY SE ENCONTRAM EM ISTAMBUL"}]},{"@type":"WebSite","@id":"https:\/\/news.ecclesia.org.br\/#website","url":"https:\/\/news.ecclesia.org.br\/","name":"Ecclesia Brasil","description":"Desde 2003 onectando o Brasil ao mundo ortodoxo!","publisher":{"@id":"https:\/\/news.ecclesia.org.br\/#organization"},"alternateName":"Ecclesia","potentialAction":[{"@type":"SearchAction","target":{"@type":"EntryPoint","urlTemplate":"https:\/\/news.ecclesia.org.br\/?s={search_term_string}"},"query-input":{"@type":"PropertyValueSpecification","valueRequired":true,"valueName":"search_term_string"}}],"inLanguage":"pt-BR"},{"@type":"Organization","@id":"https:\/\/news.ecclesia.org.br\/#organization","name":"Sacra Arquidiocese de Buenos Aires e Am\u00e9rica do Sul | Patriarcado Ecum\u00eanico","alternateName":"News Ecclesia Brasil","url":"https:\/\/news.ecclesia.org.br\/","logo":{"@type":"ImageObject","inLanguage":"pt-BR","@id":"https:\/\/news.ecclesia.org.br\/#\/schema\/logo\/image\/","url":"https:\/\/news.ecclesia.org.br\/wp-content\/uploads\/2025\/05\/ecclesia2.png","contentUrl":"https:\/\/news.ecclesia.org.br\/wp-content\/uploads\/2025\/05\/ecclesia2.png","width":480,"height":120,"caption":"Sacra Arquidiocese de Buenos Aires e Am\u00e9rica do Sul | Patriarcado Ecum\u00eanico"},"image":{"@id":"https:\/\/news.ecclesia.org.br\/#\/schema\/logo\/image\/"},"sameAs":["https:\/\/www.facebook.com\/Ecclesia2025","https:\/\/x.com\/EcclesiaNews","https:\/\/br.pinterest.com\/ekklisia\/","https:\/\/www.youtube.com\/@EcclesiaBrasil"]},{"@type":"Person","@id":"https:\/\/news.ecclesia.org.br\/#\/schema\/person\/6f09597f025829745ba414a569f63758","name":"Pe. Andr\u00e9","image":{"@type":"ImageObject","inLanguage":"pt-BR","@id":"https:\/\/secure.gravatar.com\/avatar\/b4327cfa27e9799da239a26adcd534fc29cdc0c4a4a148eecbcfeb9b42c617ac?s=96&d=mm&r=g","url":"https:\/\/secure.gravatar.com\/avatar\/b4327cfa27e9799da239a26adcd534fc29cdc0c4a4a148eecbcfeb9b42c617ac?s=96&d=mm&r=g","contentUrl":"https:\/\/secure.gravatar.com\/avatar\/b4327cfa27e9799da239a26adcd534fc29cdc0c4a4a148eecbcfeb9b42c617ac?s=96&d=mm&r=g","caption":"Pe. Andr\u00e9"},"sameAs":["https:\/\/www.ecclesia.org.br"]}]}},"_links":{"self":[{"href":"https:\/\/news.ecclesia.org.br\/index.php?rest_route=\/wp\/v2\/posts\/6890","targetHints":{"allow":["GET"]}}],"collection":[{"href":"https:\/\/news.ecclesia.org.br\/index.php?rest_route=\/wp\/v2\/posts"}],"about":[{"href":"https:\/\/news.ecclesia.org.br\/index.php?rest_route=\/wp\/v2\/types\/post"}],"author":[{"embeddable":true,"href":"https:\/\/news.ecclesia.org.br\/index.php?rest_route=\/wp\/v2\/users\/1"}],"replies":[{"embeddable":true,"href":"https:\/\/news.ecclesia.org.br\/index.php?rest_route=%2Fwp%2Fv2%2Fcomments&post=6890"}],"version-history":[{"count":0,"href":"https:\/\/news.ecclesia.org.br\/index.php?rest_route=\/wp\/v2\/posts\/6890\/revisions"}],"wp:featuredmedia":[{"embeddable":true,"href":"https:\/\/news.ecclesia.org.br\/index.php?rest_route=\/wp\/v2\/media\/18582"}],"wp:attachment":[{"href":"https:\/\/news.ecclesia.org.br\/index.php?rest_route=%2Fwp%2Fv2%2Fmedia&parent=6890"}],"wp:term":[{"taxonomy":"category","embeddable":true,"href":"https:\/\/news.ecclesia.org.br\/index.php?rest_route=%2Fwp%2Fv2%2Fcategories&post=6890"},{"taxonomy":"post_tag","embeddable":true,"href":"https:\/\/news.ecclesia.org.br\/index.php?rest_route=%2Fwp%2Fv2%2Ftags&post=6890"}],"curies":[{"name":"wp","href":"https:\/\/api.w.org\/{rel}","templated":true}]}}