{"id":6796,"date":"2013-11-26T20:01:51","date_gmt":"2013-11-26T22:01:51","guid":{"rendered":"http:\/\/www.ecclesia.com.br\/news\/2013\/?p=6796"},"modified":"2016-03-22T21:05:15","modified_gmt":"2016-03-22T21:05:15","slug":"curitiba-sedia-a-iv-conferencia-episcopal-ortodoxa-da-america-latina","status":"publish","type":"post","link":"https:\/\/news.ecclesia.org.br\/?p=6796","title":{"rendered":"CURITIBA SEDIA A IV CONFER\u00caNCIA EPISCOPAL ORTODOXA DA AM\u00c9RICA LATINA"},"content":{"rendered":"<p style=\"text-align: justify;\"><div id=\"galleria-6796\"><a href=\"https:\/\/news.ecclesia.org.br\/wp-content\/uploads\/2013\/11\/001.jpg\"><img decoding=\"async\" title=\"001\" alt=\"\" src=\"https:\/\/news.ecclesia.org.br\/wp-content\/uploads\/2013\/11\/001-86x55.jpg\" data-big=\"https:\/\/news.ecclesia.org.br\/wp-content\/uploads\/2013\/11\/001.jpg\"><\/a><a href=\"https:\/\/news.ecclesia.org.br\/wp-content\/uploads\/2013\/11\/002.jpg\"><img decoding=\"async\" title=\"002\" alt=\"\" src=\"https:\/\/news.ecclesia.org.br\/wp-content\/uploads\/2013\/11\/002-74x55.jpg\" data-big=\"https:\/\/news.ecclesia.org.br\/wp-content\/uploads\/2013\/11\/002.jpg\"><\/a><a href=\"https:\/\/news.ecclesia.org.br\/wp-content\/uploads\/2013\/11\/003.jpg\"><img decoding=\"async\" title=\"003\" alt=\"\" src=\"https:\/\/news.ecclesia.org.br\/wp-content\/uploads\/2013\/11\/003-74x55.jpg\" data-big=\"https:\/\/news.ecclesia.org.br\/wp-content\/uploads\/2013\/11\/003.jpg\"><\/a><a href=\"https:\/\/news.ecclesia.org.br\/wp-content\/uploads\/2013\/11\/004-2.jpg\"><img decoding=\"async\" title=\"004\" alt=\"\" src=\"https:\/\/news.ecclesia.org.br\/wp-content\/uploads\/2013\/11\/004-2-81x55.jpg\" data-big=\"https:\/\/news.ecclesia.org.br\/wp-content\/uploads\/2013\/11\/004-2.jpg\"><\/a><a href=\"https:\/\/news.ecclesia.org.br\/wp-content\/uploads\/2013\/11\/005.jpg\"><img decoding=\"async\" title=\"005\" alt=\"\" src=\"https:\/\/news.ecclesia.org.br\/wp-content\/uploads\/2013\/11\/005-78x55.jpg\" data-big=\"https:\/\/news.ecclesia.org.br\/wp-content\/uploads\/2013\/11\/005.jpg\"><\/a><a href=\"https:\/\/news.ecclesia.org.br\/wp-content\/uploads\/2013\/11\/006.jpg\"><img decoding=\"async\" title=\"006\" alt=\"\" src=\"https:\/\/news.ecclesia.org.br\/wp-content\/uploads\/2013\/11\/006-41x55.jpg\" data-big=\"https:\/\/news.ecclesia.org.br\/wp-content\/uploads\/2013\/11\/006.jpg\"><\/a><\/div><\/p>\n<p style=\"text-align: justify;\">De 20 a 23 deste m\u00eas de novembro de 2013, em Curitiba-PR, Brasil, aconteceu a \u00ab<strong>IV Confer\u00eancia Episcopal Ortodoxa Latino-Americana<\/strong>\u00bb. Institu\u00edda em 2009, durante a \u00ab<strong>Assembleia Pan-Ortodoxa de Chambesy\u00bb, <\/strong>a Confer\u00eancia dos Bispos Ortodoxos da Am\u00e9rica Latina re\u00fane-se periodicamente para deliberar sobre temas comuns \u00e0s igrejas ortodoxas presentes e atuantes nos pa\u00edses da Am\u00e9rica Latina.<\/p>\n<p style=\"text-align: justify;\">O evento, que foi gentilmente hospedado pelo S.E.R. Dom Jeremias, Arcebispo de Aspendos, hierarca do Patriarcado Ecum\u00eanico para as comunidades ucranianas na Am\u00e9rica do Sul, foi presidido por S. E. R. Dom Athen\u00e1goras do M\u00e9xico.<\/p>\n<p style=\"text-align: justify;\">Na quinta-feira, 20 de novembro, logo ap\u00f3s a abertura oficial, foi feita a apresenta\u00e7\u00e3o de um extenso relat\u00f3rio preparado pelas comiss\u00f5es que atuam em coopera\u00e7\u00e3o com a Confer\u00eancia (Comiss\u00e3o do Diret\u00f3rio de Cl\u00e9rigos Can\u00f4nicos na Am\u00e9rica do Sul; Comiss\u00e3o de Assuntos Jur\u00eddicos; Comiss\u00e3o de Tradu\u00e7\u00f5es e Edi\u00e7\u00f5es; Comiss\u00e3o para o Di\u00e1logo Intercrist\u00e3o).<\/p>\n<p style=\"text-align: justify;\">Os participantes, em esp\u00edrito de conc\u00f3rdia e coopera\u00e7\u00e3o, debateram e acordaram \u00a0sobre as poss\u00edveis formas e caminhos para prosseguir no mandato de cada uma das comiss\u00f5es, em vista de alcan\u00e7ar os resultados indicados nos termos previamente acordados nas Assembleias anteriores.<\/p>\n<p style=\"text-align: justify;\">Os participantes desta IV C\u00fapula da Confer\u00eancia Episcopal Latino-Americana ratificaram unanimemente a ades\u00e3o aos objetivos estabelecidos pela Assembleia de Chambesy, assim como, reafirmaram o compromisso de coopera\u00e7\u00e3o m\u00fatua, a fim de dar testemunho de unidade e fraternidade na Am\u00e9rica Latina e, deste modo, servir mais efetivamente a todos os crist\u00e3os ortodoxos na regi\u00e3o.<\/p>\n<p style=\"text-align: justify;\">\n","protected":false},"excerpt":{"rendered":"<p>De 20 a 23 deste m\u00eas de novembro de 2013, em Curitiba-PR, Brasil, aconteceu a \u00abIV Confer\u00eancia Episcopal Ortodoxa Latino-Americana\u00bb. Institu\u00edda em 2009, durante a \u00abAssembleia Pan-Ortodoxa de Chambesy\u00bb, a Confer\u00eancia dos Bispos Ortodoxos da Am\u00e9rica Latina re\u00fane-se periodicamente para&#8230;<\/p>\n","protected":false},"author":1,"featured_media":18613,"comment_status":"open","ping_status":"open","sticky":false,"template":"","format":"standard","meta":{"_acf_changed":false,"footnotes":""},"categories":[40,42],"tags":[],"class_list":["post-6796","post","type-post","status-publish","format-standard","has-post-thumbnail","hentry","category-arquidiocese-de-buenos-aires-e-america-do-sul","category-brasil","entry","rows-excerpt"],"acf":[],"yoast_head":"<!-- This site is optimized with the Yoast SEO plugin v27.5 - https:\/\/yoast.com\/product\/yoast-seo-wordpress\/ -->\n<title>CURITIBA SEDIA A IV CONFER\u00caNCIA EPISCOPAL ORTODOXA DA AM\u00c9RICA LATINA | ECCLESIA NEWS<\/title>\n<meta name=\"robots\" content=\"index, follow, max-snippet:-1, max-image-preview:large, max-video-preview:-1\" \/>\n<link rel=\"canonical\" href=\"https:\/\/news.ecclesia.org.br\/?p=6796\" \/>\n<meta property=\"og:locale\" content=\"pt_BR\" \/>\n<meta property=\"og:type\" content=\"article\" \/>\n<meta property=\"og:title\" content=\"CURITIBA SEDIA A IV CONFER\u00caNCIA EPISCOPAL ORTODOXA DA AM\u00c9RICA LATINA | ECCLESIA NEWS\" \/>\n<meta property=\"og:description\" content=\"De 20 a 23 deste m\u00eas de novembro de 2013, em Curitiba-PR, Brasil, aconteceu a \u00abIV Confer\u00eancia Episcopal Ortodoxa Latino-Americana\u00bb. Institu\u00edda em 2009, durante a \u00abAssembleia Pan-Ortodoxa de Chambesy\u00bb, a Confer\u00eancia dos Bispos Ortodoxos da Am\u00e9rica Latina re\u00fane-se periodicamente para&#8230;\" \/>\n<meta property=\"og:url\" content=\"https:\/\/news.ecclesia.org.br\/?p=6796\" \/>\n<meta property=\"og:site_name\" content=\"ECCLESIA NEWS\" \/>\n<meta property=\"article:publisher\" content=\"https:\/\/www.facebook.com\/Ecclesia2025\" \/>\n<meta property=\"article:published_time\" content=\"2013-11-26T22:01:51+00:00\" \/>\n<meta property=\"article:modified_time\" content=\"2016-03-22T21:05:15+00:00\" \/>\n<meta property=\"og:image\" content=\"https:\/\/news.ecclesia.org.br\/wp-content\/uploads\/2013\/11\/004-2.jpg\" \/>\n\t<meta property=\"og:image:width\" content=\"800\" \/>\n\t<meta property=\"og:image:height\" content=\"546\" \/>\n\t<meta property=\"og:image:type\" content=\"image\/jpeg\" \/>\n<meta name=\"author\" content=\"Pe. Andr\u00e9\" \/>\n<meta name=\"twitter:card\" content=\"summary_large_image\" \/>\n<meta name=\"twitter:creator\" content=\"@EcclesiaNews\" \/>\n<meta name=\"twitter:site\" content=\"@EcclesiaNews\" \/>\n<meta name=\"twitter:label1\" content=\"Escrito por\" \/>\n\t<meta name=\"twitter:data1\" content=\"Pe. Andr\u00e9\" \/>\n\t<meta name=\"twitter:label2\" content=\"Est. tempo de leitura\" \/>\n\t<meta name=\"twitter:data2\" content=\"1 minuto\" \/>\n<script type=\"application\/ld+json\" class=\"yoast-schema-graph\">{\"@context\":\"https:\\\/\\\/schema.org\",\"@graph\":[{\"@type\":\"Article\",\"@id\":\"https:\\\/\\\/news.ecclesia.org.br\\\/?p=6796#article\",\"isPartOf\":{\"@id\":\"https:\\\/\\\/news.ecclesia.org.br\\\/?p=6796\"},\"author\":{\"name\":\"Pe. Andr\u00e9\",\"@id\":\"https:\\\/\\\/news.ecclesia.org.br\\\/#\\\/schema\\\/person\\\/6f09597f025829745ba414a569f63758\"},\"headline\":\"CURITIBA SEDIA A IV CONFER\u00caNCIA EPISCOPAL ORTODOXA DA AM\u00c9RICA LATINA\",\"datePublished\":\"2013-11-26T22:01:51+00:00\",\"dateModified\":\"2016-03-22T21:05:15+00:00\",\"mainEntityOfPage\":{\"@id\":\"https:\\\/\\\/news.ecclesia.org.br\\\/?p=6796\"},\"wordCount\":292,\"commentCount\":0,\"publisher\":{\"@id\":\"https:\\\/\\\/news.ecclesia.org.br\\\/#organization\"},\"image\":{\"@id\":\"https:\\\/\\\/news.ecclesia.org.br\\\/?p=6796#primaryimage\"},\"thumbnailUrl\":\"https:\\\/\\\/news.ecclesia.org.br\\\/wp-content\\\/uploads\\\/2013\\\/11\\\/004-2.jpg\",\"articleSection\":[\"Arquidiocese de Buenos Aires e Am\u00e9rica do Sul\",\"BRASIL\"],\"inLanguage\":\"pt-BR\",\"potentialAction\":[{\"@type\":\"CommentAction\",\"name\":\"Comment\",\"target\":[\"https:\\\/\\\/news.ecclesia.org.br\\\/?p=6796#respond\"]}]},{\"@type\":\"WebPage\",\"@id\":\"https:\\\/\\\/news.ecclesia.org.br\\\/?p=6796\",\"url\":\"https:\\\/\\\/news.ecclesia.org.br\\\/?p=6796\",\"name\":\"CURITIBA SEDIA A IV CONFER\u00caNCIA EPISCOPAL ORTODOXA DA AM\u00c9RICA LATINA | ECCLESIA NEWS\",\"isPartOf\":{\"@id\":\"https:\\\/\\\/news.ecclesia.org.br\\\/#website\"},\"primaryImageOfPage\":{\"@id\":\"https:\\\/\\\/news.ecclesia.org.br\\\/?p=6796#primaryimage\"},\"image\":{\"@id\":\"https:\\\/\\\/news.ecclesia.org.br\\\/?p=6796#primaryimage\"},\"thumbnailUrl\":\"https:\\\/\\\/news.ecclesia.org.br\\\/wp-content\\\/uploads\\\/2013\\\/11\\\/004-2.jpg\",\"datePublished\":\"2013-11-26T22:01:51+00:00\",\"dateModified\":\"2016-03-22T21:05:15+00:00\",\"breadcrumb\":{\"@id\":\"https:\\\/\\\/news.ecclesia.org.br\\\/?p=6796#breadcrumb\"},\"inLanguage\":\"pt-BR\",\"potentialAction\":[{\"@type\":\"ReadAction\",\"target\":[\"https:\\\/\\\/news.ecclesia.org.br\\\/?p=6796\"]}]},{\"@type\":\"ImageObject\",\"inLanguage\":\"pt-BR\",\"@id\":\"https:\\\/\\\/news.ecclesia.org.br\\\/?p=6796#primaryimage\",\"url\":\"https:\\\/\\\/news.ecclesia.org.br\\\/wp-content\\\/uploads\\\/2013\\\/11\\\/004-2.jpg\",\"contentUrl\":\"https:\\\/\\\/news.ecclesia.org.br\\\/wp-content\\\/uploads\\\/2013\\\/11\\\/004-2.jpg\",\"width\":800,\"height\":546},{\"@type\":\"BreadcrumbList\",\"@id\":\"https:\\\/\\\/news.ecclesia.org.br\\\/?p=6796#breadcrumb\",\"itemListElement\":[{\"@type\":\"ListItem\",\"position\":1,\"name\":\"In\u00edcio\",\"item\":\"https:\\\/\\\/news.ecclesia.org.br\\\/\"},{\"@type\":\"ListItem\",\"position\":2,\"name\":\"CURITIBA SEDIA A IV CONFER\u00caNCIA EPISCOPAL ORTODOXA DA AM\u00c9RICA LATINA\"}]},{\"@type\":\"WebSite\",\"@id\":\"https:\\\/\\\/news.ecclesia.org.br\\\/#website\",\"url\":\"https:\\\/\\\/news.ecclesia.org.br\\\/\",\"name\":\"Ecclesia Brasil\",\"description\":\"Desde 2003 onectando o Brasil ao mundo ortodoxo!\",\"publisher\":{\"@id\":\"https:\\\/\\\/news.ecclesia.org.br\\\/#organization\"},\"alternateName\":\"Ecclesia\",\"potentialAction\":[{\"@type\":\"SearchAction\",\"target\":{\"@type\":\"EntryPoint\",\"urlTemplate\":\"https:\\\/\\\/news.ecclesia.org.br\\\/?s={search_term_string}\"},\"query-input\":{\"@type\":\"PropertyValueSpecification\",\"valueRequired\":true,\"valueName\":\"search_term_string\"}}],\"inLanguage\":\"pt-BR\"},{\"@type\":\"Organization\",\"@id\":\"https:\\\/\\\/news.ecclesia.org.br\\\/#organization\",\"name\":\"Sacra Arquidiocese de Buenos Aires e Am\u00e9rica do Sul | Patriarcado Ecum\u00eanico\",\"alternateName\":\"News Ecclesia Brasil\",\"url\":\"https:\\\/\\\/news.ecclesia.org.br\\\/\",\"logo\":{\"@type\":\"ImageObject\",\"inLanguage\":\"pt-BR\",\"@id\":\"https:\\\/\\\/news.ecclesia.org.br\\\/#\\\/schema\\\/logo\\\/image\\\/\",\"url\":\"https:\\\/\\\/news.ecclesia.org.br\\\/wp-content\\\/uploads\\\/2025\\\/05\\\/ecclesia2.png\",\"contentUrl\":\"https:\\\/\\\/news.ecclesia.org.br\\\/wp-content\\\/uploads\\\/2025\\\/05\\\/ecclesia2.png\",\"width\":480,\"height\":120,\"caption\":\"Sacra Arquidiocese de Buenos Aires e Am\u00e9rica do Sul | Patriarcado Ecum\u00eanico\"},\"image\":{\"@id\":\"https:\\\/\\\/news.ecclesia.org.br\\\/#\\\/schema\\\/logo\\\/image\\\/\"},\"sameAs\":[\"https:\\\/\\\/www.facebook.com\\\/Ecclesia2025\",\"https:\\\/\\\/x.com\\\/EcclesiaNews\",\"https:\\\/\\\/br.pinterest.com\\\/ekklisia\\\/\",\"https:\\\/\\\/www.youtube.com\\\/@EcclesiaBrasil\"]},{\"@type\":\"Person\",\"@id\":\"https:\\\/\\\/news.ecclesia.org.br\\\/#\\\/schema\\\/person\\\/6f09597f025829745ba414a569f63758\",\"name\":\"Pe. Andr\u00e9\",\"image\":{\"@type\":\"ImageObject\",\"inLanguage\":\"pt-BR\",\"@id\":\"https:\\\/\\\/secure.gravatar.com\\\/avatar\\\/b4327cfa27e9799da239a26adcd534fc29cdc0c4a4a148eecbcfeb9b42c617ac?s=96&d=mm&r=g\",\"url\":\"https:\\\/\\\/secure.gravatar.com\\\/avatar\\\/b4327cfa27e9799da239a26adcd534fc29cdc0c4a4a148eecbcfeb9b42c617ac?s=96&d=mm&r=g\",\"contentUrl\":\"https:\\\/\\\/secure.gravatar.com\\\/avatar\\\/b4327cfa27e9799da239a26adcd534fc29cdc0c4a4a148eecbcfeb9b42c617ac?s=96&d=mm&r=g\",\"caption\":\"Pe. Andr\u00e9\"},\"sameAs\":[\"https:\\\/\\\/www.ecclesia.org.br\"]}]}<\/script>\n<!-- \/ Yoast SEO plugin. -->","yoast_head_json":{"title":"CURITIBA SEDIA A IV CONFER\u00caNCIA EPISCOPAL ORTODOXA DA AM\u00c9RICA LATINA | ECCLESIA NEWS","robots":{"index":"index","follow":"follow","max-snippet":"max-snippet:-1","max-image-preview":"max-image-preview:large","max-video-preview":"max-video-preview:-1"},"canonical":"https:\/\/news.ecclesia.org.br\/?p=6796","og_locale":"pt_BR","og_type":"article","og_title":"CURITIBA SEDIA A IV CONFER\u00caNCIA EPISCOPAL ORTODOXA DA AM\u00c9RICA LATINA | ECCLESIA NEWS","og_description":"De 20 a 23 deste m\u00eas de novembro de 2013, em Curitiba-PR, Brasil, aconteceu a \u00abIV Confer\u00eancia Episcopal Ortodoxa Latino-Americana\u00bb. Institu\u00edda em 2009, durante a \u00abAssembleia Pan-Ortodoxa de Chambesy\u00bb, a Confer\u00eancia dos Bispos Ortodoxos da Am\u00e9rica Latina re\u00fane-se periodicamente para&#8230;","og_url":"https:\/\/news.ecclesia.org.br\/?p=6796","og_site_name":"ECCLESIA NEWS","article_publisher":"https:\/\/www.facebook.com\/Ecclesia2025","article_published_time":"2013-11-26T22:01:51+00:00","article_modified_time":"2016-03-22T21:05:15+00:00","og_image":[{"width":800,"height":546,"url":"https:\/\/news.ecclesia.org.br\/wp-content\/uploads\/2013\/11\/004-2.jpg","type":"image\/jpeg"}],"author":"Pe. Andr\u00e9","twitter_card":"summary_large_image","twitter_creator":"@EcclesiaNews","twitter_site":"@EcclesiaNews","twitter_misc":{"Escrito por":"Pe. Andr\u00e9","Est. tempo de leitura":"1 minuto"},"schema":{"@context":"https:\/\/schema.org","@graph":[{"@type":"Article","@id":"https:\/\/news.ecclesia.org.br\/?p=6796#article","isPartOf":{"@id":"https:\/\/news.ecclesia.org.br\/?p=6796"},"author":{"name":"Pe. Andr\u00e9","@id":"https:\/\/news.ecclesia.org.br\/#\/schema\/person\/6f09597f025829745ba414a569f63758"},"headline":"CURITIBA SEDIA A IV CONFER\u00caNCIA EPISCOPAL ORTODOXA DA AM\u00c9RICA LATINA","datePublished":"2013-11-26T22:01:51+00:00","dateModified":"2016-03-22T21:05:15+00:00","mainEntityOfPage":{"@id":"https:\/\/news.ecclesia.org.br\/?p=6796"},"wordCount":292,"commentCount":0,"publisher":{"@id":"https:\/\/news.ecclesia.org.br\/#organization"},"image":{"@id":"https:\/\/news.ecclesia.org.br\/?p=6796#primaryimage"},"thumbnailUrl":"https:\/\/news.ecclesia.org.br\/wp-content\/uploads\/2013\/11\/004-2.jpg","articleSection":["Arquidiocese de Buenos Aires e Am\u00e9rica do Sul","BRASIL"],"inLanguage":"pt-BR","potentialAction":[{"@type":"CommentAction","name":"Comment","target":["https:\/\/news.ecclesia.org.br\/?p=6796#respond"]}]},{"@type":"WebPage","@id":"https:\/\/news.ecclesia.org.br\/?p=6796","url":"https:\/\/news.ecclesia.org.br\/?p=6796","name":"CURITIBA SEDIA A IV CONFER\u00caNCIA EPISCOPAL ORTODOXA DA AM\u00c9RICA LATINA | ECCLESIA NEWS","isPartOf":{"@id":"https:\/\/news.ecclesia.org.br\/#website"},"primaryImageOfPage":{"@id":"https:\/\/news.ecclesia.org.br\/?p=6796#primaryimage"},"image":{"@id":"https:\/\/news.ecclesia.org.br\/?p=6796#primaryimage"},"thumbnailUrl":"https:\/\/news.ecclesia.org.br\/wp-content\/uploads\/2013\/11\/004-2.jpg","datePublished":"2013-11-26T22:01:51+00:00","dateModified":"2016-03-22T21:05:15+00:00","breadcrumb":{"@id":"https:\/\/news.ecclesia.org.br\/?p=6796#breadcrumb"},"inLanguage":"pt-BR","potentialAction":[{"@type":"ReadAction","target":["https:\/\/news.ecclesia.org.br\/?p=6796"]}]},{"@type":"ImageObject","inLanguage":"pt-BR","@id":"https:\/\/news.ecclesia.org.br\/?p=6796#primaryimage","url":"https:\/\/news.ecclesia.org.br\/wp-content\/uploads\/2013\/11\/004-2.jpg","contentUrl":"https:\/\/news.ecclesia.org.br\/wp-content\/uploads\/2013\/11\/004-2.jpg","width":800,"height":546},{"@type":"BreadcrumbList","@id":"https:\/\/news.ecclesia.org.br\/?p=6796#breadcrumb","itemListElement":[{"@type":"ListItem","position":1,"name":"In\u00edcio","item":"https:\/\/news.ecclesia.org.br\/"},{"@type":"ListItem","position":2,"name":"CURITIBA SEDIA A IV CONFER\u00caNCIA EPISCOPAL ORTODOXA DA AM\u00c9RICA LATINA"}]},{"@type":"WebSite","@id":"https:\/\/news.ecclesia.org.br\/#website","url":"https:\/\/news.ecclesia.org.br\/","name":"Ecclesia Brasil","description":"Desde 2003 onectando o Brasil ao mundo ortodoxo!","publisher":{"@id":"https:\/\/news.ecclesia.org.br\/#organization"},"alternateName":"Ecclesia","potentialAction":[{"@type":"SearchAction","target":{"@type":"EntryPoint","urlTemplate":"https:\/\/news.ecclesia.org.br\/?s={search_term_string}"},"query-input":{"@type":"PropertyValueSpecification","valueRequired":true,"valueName":"search_term_string"}}],"inLanguage":"pt-BR"},{"@type":"Organization","@id":"https:\/\/news.ecclesia.org.br\/#organization","name":"Sacra Arquidiocese de Buenos Aires e Am\u00e9rica do Sul | Patriarcado Ecum\u00eanico","alternateName":"News Ecclesia Brasil","url":"https:\/\/news.ecclesia.org.br\/","logo":{"@type":"ImageObject","inLanguage":"pt-BR","@id":"https:\/\/news.ecclesia.org.br\/#\/schema\/logo\/image\/","url":"https:\/\/news.ecclesia.org.br\/wp-content\/uploads\/2025\/05\/ecclesia2.png","contentUrl":"https:\/\/news.ecclesia.org.br\/wp-content\/uploads\/2025\/05\/ecclesia2.png","width":480,"height":120,"caption":"Sacra Arquidiocese de Buenos Aires e Am\u00e9rica do Sul | Patriarcado Ecum\u00eanico"},"image":{"@id":"https:\/\/news.ecclesia.org.br\/#\/schema\/logo\/image\/"},"sameAs":["https:\/\/www.facebook.com\/Ecclesia2025","https:\/\/x.com\/EcclesiaNews","https:\/\/br.pinterest.com\/ekklisia\/","https:\/\/www.youtube.com\/@EcclesiaBrasil"]},{"@type":"Person","@id":"https:\/\/news.ecclesia.org.br\/#\/schema\/person\/6f09597f025829745ba414a569f63758","name":"Pe. Andr\u00e9","image":{"@type":"ImageObject","inLanguage":"pt-BR","@id":"https:\/\/secure.gravatar.com\/avatar\/b4327cfa27e9799da239a26adcd534fc29cdc0c4a4a148eecbcfeb9b42c617ac?s=96&d=mm&r=g","url":"https:\/\/secure.gravatar.com\/avatar\/b4327cfa27e9799da239a26adcd534fc29cdc0c4a4a148eecbcfeb9b42c617ac?s=96&d=mm&r=g","contentUrl":"https:\/\/secure.gravatar.com\/avatar\/b4327cfa27e9799da239a26adcd534fc29cdc0c4a4a148eecbcfeb9b42c617ac?s=96&d=mm&r=g","caption":"Pe. Andr\u00e9"},"sameAs":["https:\/\/www.ecclesia.org.br"]}]}},"_links":{"self":[{"href":"https:\/\/news.ecclesia.org.br\/index.php?rest_route=\/wp\/v2\/posts\/6796","targetHints":{"allow":["GET"]}}],"collection":[{"href":"https:\/\/news.ecclesia.org.br\/index.php?rest_route=\/wp\/v2\/posts"}],"about":[{"href":"https:\/\/news.ecclesia.org.br\/index.php?rest_route=\/wp\/v2\/types\/post"}],"author":[{"embeddable":true,"href":"https:\/\/news.ecclesia.org.br\/index.php?rest_route=\/wp\/v2\/users\/1"}],"replies":[{"embeddable":true,"href":"https:\/\/news.ecclesia.org.br\/index.php?rest_route=%2Fwp%2Fv2%2Fcomments&post=6796"}],"version-history":[{"count":0,"href":"https:\/\/news.ecclesia.org.br\/index.php?rest_route=\/wp\/v2\/posts\/6796\/revisions"}],"wp:featuredmedia":[{"embeddable":true,"href":"https:\/\/news.ecclesia.org.br\/index.php?rest_route=\/wp\/v2\/media\/18613"}],"wp:attachment":[{"href":"https:\/\/news.ecclesia.org.br\/index.php?rest_route=%2Fwp%2Fv2%2Fmedia&parent=6796"}],"wp:term":[{"taxonomy":"category","embeddable":true,"href":"https:\/\/news.ecclesia.org.br\/index.php?rest_route=%2Fwp%2Fv2%2Fcategories&post=6796"},{"taxonomy":"post_tag","embeddable":true,"href":"https:\/\/news.ecclesia.org.br\/index.php?rest_route=%2Fwp%2Fv2%2Ftags&post=6796"}],"curies":[{"name":"wp","href":"https:\/\/api.w.org\/{rel}","templated":true}]}}