{"id":6759,"date":"2013-10-27T23:09:45","date_gmt":"2013-10-27T23:09:45","guid":{"rendered":"http:\/\/www.ecclesia.com.br\/news\/2013\/?p=6759"},"modified":"2016-03-23T04:06:39","modified_gmt":"2016-03-23T04:06:39","slug":"28-de-outubro-dia-do-oxi-o-nao","status":"publish","type":"post","link":"https:\/\/news.ecclesia.org.br\/?p=6759","title":{"rendered":"28 DE OUTUBRO: DIA DO \u00abOXI\u00bb (O N\u00c3O)"},"content":{"rendered":"<p><b><\/b><strong>Pronunciamento (2013) do C\u00f4nsul Honor\u00e1rio da Gr\u00e9cia em Curitiba, jurisdicionado para os Estados do Paran\u00e1, Santa Catarina e Rio Grande do Sul por ocasi\u00e3o das comemora\u00e7\u00f5es da Data C\u00edvica do \u201cOXI\u201d &#8211; Dia 28 de outubro de 1940. &#8211; \u00a0\u00a0<\/strong><\/p>\n<p style=\"text-align: justify;\"><strong>Para:\u00a0 <i>Associa\u00e7\u00e3o Hel\u00eanica do Paran\u00e1, Associa\u00e7\u00e3o Hel\u00eanica de Santa Catarina, Sociedade Hel\u00eanica de Porto Alegre, Par\u00f3quias Ortodoxas Gregas S\u00e3o Savas &#8211; Curitiba, S\u00e3o Nicolau \u2013 Florian\u00f3polis, Santos Ap\u00f3stolos &#8211; Porto Alegre.\u00a0 Entidades Filantr\u00f3picas, \u00a0Grupos \u00a0Folcl\u00f3ricos e Culturais.<\/i>\u00a0 <\/strong><\/p>\n<p style=\"text-align: justify; padding-left: 30px;\"><b><i>\u00a0<\/i><\/b><b><i>Gregos, descendentes e amigos da Gr\u00e9cia.<\/i><\/b><\/p>\n<blockquote>\n<figure id=\"attachment_8097\" aria-describedby=\"caption-attachment-8097\" style=\"width: 300px\" class=\"wp-caption alignleft\"><a href=\"https:\/\/news.ecclesia.org.br\/2013\/wp-content\/uploads\/2011\/11\/consul-cwb-constantino-comninos.jpg\" rel=\"attachment wp-att-8097\"><img fetchpriority=\"high\" decoding=\"async\" class=\"size-medium wp-image-8097\" src=\"https:\/\/news.ecclesia.org.br\/2013\/wp-content\/uploads\/2011\/11\/consul-cwb-constantino-comninos-300x225.jpg\" alt=\"Constantino Comninos - C\u00f4nsul Honor\u00e1rio, Professor. Arconte do Patriarcado Ecum\u00eanico de Constantinopla \u2013 2010\" width=\"300\" height=\"225\" srcset=\"https:\/\/news.ecclesia.org.br\/wp-content\/uploads\/2011\/11\/consul-cwb-constantino-comninos-300x225.jpg 300w, https:\/\/news.ecclesia.org.br\/wp-content\/uploads\/2011\/11\/consul-cwb-constantino-comninos-73x55.jpg 73w, https:\/\/news.ecclesia.org.br\/wp-content\/uploads\/2011\/11\/consul-cwb-constantino-comninos.jpg 440w\" sizes=\"(max-width: 300px) 100vw, 300px\" \/><\/a><figcaption id=\"caption-attachment-8097\" class=\"wp-caption-text\">Constantino Comninos &#8211; C\u00f4nsul Honor\u00e1rio, Professor. Arconte do Patriarcado Ecum\u00eanico de Constantinopla \u2013 2010<\/figcaption><\/figure>\n<p style=\"text-align: justify;\">Cumprimentando-os, venho, em nome de S\u00aa. Ex\u00aa. o Embaixador da Gr\u00e9cia no Brasil,\u00a0 Senhor \u00a0Dimitris Alexandr\u00e1kis, da Vice-C\u00f4nsul Honor\u00e1ria Prof\u00aa. Maria Lambros Comninos, e em meu pr\u00f3prio nome, transmitir aos gregos e descendentes e aos amigos da Gr\u00e9cia que integram as comunidades dos Estados da regi\u00e3o do Brasil Meridional e jurisdicionados por esta Reparti\u00e7\u00e3o Consular, as nossas manifesta\u00e7\u00f5es de j\u00fabilo ao se comemorar a <b>Data C\u00edvica <\/b>dos<b> 28 de outubro de 1940, <\/b>consagrada como<b> o Dia do OXI (o N\u00e3o).<\/b><\/p>\n<p style=\"text-align: justify;\">Esta data hist\u00f3rica sempre ser\u00e1 lembrada por todos os gregos e descendentes em todo o ec\u00fameno hel\u00eanico desta terra, como epis\u00f3dio marcante, \u00a0que obrigou a Gr\u00e9cia a entrar na Segunda Guerra Mundial do s\u00e9culo XX, que \u00a0foi o\u00a0 mais devastador conflito que a hist\u00f3ria registrou, e que envolveu tantos \u00a0pa\u00edses, com reflexos em todos os continentes. Do lado grego, not\u00e1vel foi o patriotismo e a tenacidade de seu povo e de seus l\u00edderes, que frustrou a estrat\u00e9gia das for\u00e7as invasoras totalit\u00e1rias em territ\u00f3rio grego. O Brasil tamb\u00e9m esteve presente neste conflito, enviando tropas para a Europa, em uma demonstra\u00e7\u00e3o de solidariedade, oferecendo sua contribui\u00e7\u00e3o aos combatentes das na\u00e7\u00f5es aliadas.<\/p>\n<p style=\"text-align: justify;\">Comemorando esta data c\u00edvica, e em meio a tantos confrontos que ainda ocorrem em v\u00e1rias partes do mundo, conclamo os gregos, descendentes e amigos da Gr\u00e9cia, a nos unirmos em um elo de amizade, para trabalharmos juntos pela toler\u00e2ncia, a compreens\u00e3o e os ideais de fraternidade e de paz, e com a ajuda de Deus, humildemente augurar pelo t\u00e9rmino das crises que assolam o planeta em que vivemos.<\/p>\n<p style=\"text-align: justify;\">Tendo em vista a crise fiscal pela qual a Gr\u00e9cia est\u00e1 a passar como parte da crise econ\u00f4mico-financeira internacional, lembro com esperan\u00e7a as palavras de Odyseus Elytis, poeta grego laureado com o Premio Nobel de Literatura em 1979, que tomo a liberdade de traduzir. Diz Elytis: <i>\u201cSe voc\u00ea desabituar-se da Gr\u00e9cia, no final voc\u00ea ver\u00e1 que restou uma oliveira, uma videira e um barco. O que significa: entre tantas outras coisas, que voc\u00ea a reconstruir\u00e1\u201d.<\/i><\/p>\n<p style=\"text-align: justify;\">Com a firmeza que os gregos sempre demonstraram em todas as sagas que vivenciaram ao longo de sua hist\u00f3ria milenar, seguindo o tra\u00e7o das palavras de \u00a0Elytis,\u00a0 plantemos oliveiras, videiras e naveguemos, pois, nos momentos de crise, perseverar \u00e9 preciso.<\/p>\n<\/blockquote>\n<p style=\"text-align: justify;\"><b><i>Constantino Comninos &#8211; <\/i>C\u00f4nsul Honor\u00e1rio<br \/>\n<\/b><b>(Professor e Arconte do Patriarcado Ecum\u00eanico de Constantinopla \u2013 2010)<\/b><\/p>\n<p style=\"text-align: justify;\"><b>\u00a0<\/b><\/p>\n<p style=\"text-align: justify;\"><b>\u00a0<\/b><\/p>\n<p style=\"text-align: justify;\"><b>\u00a0<\/b><\/p>\n<p style=\"text-align: justify;\">\n","protected":false},"excerpt":{"rendered":"<p>Pronunciamento (2013) do C\u00f4nsul Honor\u00e1rio da Gr\u00e9cia em Curitiba, jurisdicionado para os Estados do Paran\u00e1, Santa Catarina e Rio Grande do Sul por ocasi\u00e3o das comemora\u00e7\u00f5es da Data C\u00edvica do \u201cOXI\u201d &#8211; Dia 28 de outubro de 1940. &#8211; \u00a0\u00a0&#8230;<\/p>\n","protected":false},"author":1,"featured_media":6163,"comment_status":"open","ping_status":"open","sticky":false,"template":"","format":"standard","meta":{"_acf_changed":false,"footnotes":""},"categories":[40,3],"tags":[],"class_list":["post-6759","post","type-post","status-publish","format-standard","has-post-thumbnail","hentry","category-arquidiocese-de-buenos-aires-e-america-do-sul","category-mundo","entry","rows-excerpt"],"acf":[],"yoast_head":"<!-- This site is optimized with the Yoast SEO plugin v27.5 - https:\/\/yoast.com\/product\/yoast-seo-wordpress\/ -->\n<title>28 DE OUTUBRO: DIA DO \u00abOXI\u00bb (O N\u00c3O) | ECCLESIA NEWS<\/title>\n<meta name=\"robots\" content=\"index, follow, max-snippet:-1, max-image-preview:large, max-video-preview:-1\" \/>\n<link rel=\"canonical\" href=\"https:\/\/news.ecclesia.org.br\/?p=6759\" \/>\n<meta property=\"og:locale\" content=\"pt_BR\" \/>\n<meta property=\"og:type\" content=\"article\" \/>\n<meta property=\"og:title\" content=\"28 DE OUTUBRO: DIA DO \u00abOXI\u00bb (O N\u00c3O) | ECCLESIA NEWS\" \/>\n<meta property=\"og:description\" content=\"Pronunciamento (2013) do C\u00f4nsul Honor\u00e1rio da Gr\u00e9cia em Curitiba, jurisdicionado para os Estados do Paran\u00e1, Santa Catarina e Rio Grande do Sul por ocasi\u00e3o das comemora\u00e7\u00f5es da Data C\u00edvica do \u201cOXI\u201d &#8211; Dia 28 de outubro de 1940. &#8211; \u00a0\u00a0&#8230;\" \/>\n<meta property=\"og:url\" content=\"https:\/\/news.ecclesia.org.br\/?p=6759\" \/>\n<meta property=\"og:site_name\" content=\"ECCLESIA NEWS\" \/>\n<meta property=\"article:publisher\" content=\"https:\/\/www.facebook.com\/Ecclesia2025\" \/>\n<meta property=\"article:published_time\" content=\"2013-10-27T23:09:45+00:00\" \/>\n<meta property=\"article:modified_time\" content=\"2016-03-23T04:06:39+00:00\" \/>\n<meta property=\"og:image\" content=\"https:\/\/news.ecclesia.org.br\/wp-content\/uploads\/2011\/04\/oxi.jpg\" \/>\n\t<meta property=\"og:image:width\" content=\"320\" \/>\n\t<meta property=\"og:image:height\" content=\"240\" \/>\n\t<meta property=\"og:image:type\" content=\"image\/jpeg\" \/>\n<meta name=\"author\" content=\"Pe. Andr\u00e9\" \/>\n<meta name=\"twitter:card\" content=\"summary_large_image\" \/>\n<meta name=\"twitter:creator\" content=\"@EcclesiaNews\" \/>\n<meta name=\"twitter:site\" content=\"@EcclesiaNews\" \/>\n<meta name=\"twitter:label1\" content=\"Escrito por\" \/>\n\t<meta name=\"twitter:data1\" content=\"Pe. Andr\u00e9\" \/>\n\t<meta name=\"twitter:label2\" content=\"Est. tempo de leitura\" \/>\n\t<meta name=\"twitter:data2\" content=\"3 minutos\" \/>\n<script type=\"application\/ld+json\" class=\"yoast-schema-graph\">{\"@context\":\"https:\\\/\\\/schema.org\",\"@graph\":[{\"@type\":\"Article\",\"@id\":\"https:\\\/\\\/news.ecclesia.org.br\\\/?p=6759#article\",\"isPartOf\":{\"@id\":\"https:\\\/\\\/news.ecclesia.org.br\\\/?p=6759\"},\"author\":{\"name\":\"Pe. Andr\u00e9\",\"@id\":\"https:\\\/\\\/news.ecclesia.org.br\\\/#\\\/schema\\\/person\\\/6f09597f025829745ba414a569f63758\"},\"headline\":\"28 DE OUTUBRO: DIA DO \u00abOXI\u00bb (O N\u00c3O)\",\"datePublished\":\"2013-10-27T23:09:45+00:00\",\"dateModified\":\"2016-03-23T04:06:39+00:00\",\"mainEntityOfPage\":{\"@id\":\"https:\\\/\\\/news.ecclesia.org.br\\\/?p=6759\"},\"wordCount\":553,\"commentCount\":0,\"publisher\":{\"@id\":\"https:\\\/\\\/news.ecclesia.org.br\\\/#organization\"},\"image\":{\"@id\":\"https:\\\/\\\/news.ecclesia.org.br\\\/?p=6759#primaryimage\"},\"thumbnailUrl\":\"https:\\\/\\\/news.ecclesia.org.br\\\/wp-content\\\/uploads\\\/2011\\\/04\\\/oxi.jpg\",\"articleSection\":[\"Arquidiocese de Buenos Aires e Am\u00e9rica do Sul\",\"Mundo Ortodoxo\"],\"inLanguage\":\"pt-BR\",\"potentialAction\":[{\"@type\":\"CommentAction\",\"name\":\"Comment\",\"target\":[\"https:\\\/\\\/news.ecclesia.org.br\\\/?p=6759#respond\"]}]},{\"@type\":\"WebPage\",\"@id\":\"https:\\\/\\\/news.ecclesia.org.br\\\/?p=6759\",\"url\":\"https:\\\/\\\/news.ecclesia.org.br\\\/?p=6759\",\"name\":\"28 DE OUTUBRO: DIA DO \u00abOXI\u00bb (O N\u00c3O) | ECCLESIA NEWS\",\"isPartOf\":{\"@id\":\"https:\\\/\\\/news.ecclesia.org.br\\\/#website\"},\"primaryImageOfPage\":{\"@id\":\"https:\\\/\\\/news.ecclesia.org.br\\\/?p=6759#primaryimage\"},\"image\":{\"@id\":\"https:\\\/\\\/news.ecclesia.org.br\\\/?p=6759#primaryimage\"},\"thumbnailUrl\":\"https:\\\/\\\/news.ecclesia.org.br\\\/wp-content\\\/uploads\\\/2011\\\/04\\\/oxi.jpg\",\"datePublished\":\"2013-10-27T23:09:45+00:00\",\"dateModified\":\"2016-03-23T04:06:39+00:00\",\"breadcrumb\":{\"@id\":\"https:\\\/\\\/news.ecclesia.org.br\\\/?p=6759#breadcrumb\"},\"inLanguage\":\"pt-BR\",\"potentialAction\":[{\"@type\":\"ReadAction\",\"target\":[\"https:\\\/\\\/news.ecclesia.org.br\\\/?p=6759\"]}]},{\"@type\":\"ImageObject\",\"inLanguage\":\"pt-BR\",\"@id\":\"https:\\\/\\\/news.ecclesia.org.br\\\/?p=6759#primaryimage\",\"url\":\"https:\\\/\\\/news.ecclesia.org.br\\\/wp-content\\\/uploads\\\/2011\\\/04\\\/oxi.jpg\",\"contentUrl\":\"https:\\\/\\\/news.ecclesia.org.br\\\/wp-content\\\/uploads\\\/2011\\\/04\\\/oxi.jpg\",\"width\":320,\"height\":240},{\"@type\":\"BreadcrumbList\",\"@id\":\"https:\\\/\\\/news.ecclesia.org.br\\\/?p=6759#breadcrumb\",\"itemListElement\":[{\"@type\":\"ListItem\",\"position\":1,\"name\":\"In\u00edcio\",\"item\":\"https:\\\/\\\/news.ecclesia.org.br\\\/\"},{\"@type\":\"ListItem\",\"position\":2,\"name\":\"28 DE OUTUBRO: DIA DO \u00abOXI\u00bb (O N\u00c3O)\"}]},{\"@type\":\"WebSite\",\"@id\":\"https:\\\/\\\/news.ecclesia.org.br\\\/#website\",\"url\":\"https:\\\/\\\/news.ecclesia.org.br\\\/\",\"name\":\"Ecclesia Brasil\",\"description\":\"Desde 2003 onectando o Brasil ao mundo ortodoxo!\",\"publisher\":{\"@id\":\"https:\\\/\\\/news.ecclesia.org.br\\\/#organization\"},\"alternateName\":\"Ecclesia\",\"potentialAction\":[{\"@type\":\"SearchAction\",\"target\":{\"@type\":\"EntryPoint\",\"urlTemplate\":\"https:\\\/\\\/news.ecclesia.org.br\\\/?s={search_term_string}\"},\"query-input\":{\"@type\":\"PropertyValueSpecification\",\"valueRequired\":true,\"valueName\":\"search_term_string\"}}],\"inLanguage\":\"pt-BR\"},{\"@type\":\"Organization\",\"@id\":\"https:\\\/\\\/news.ecclesia.org.br\\\/#organization\",\"name\":\"Sacra Arquidiocese de Buenos Aires e Am\u00e9rica do Sul | Patriarcado Ecum\u00eanico\",\"alternateName\":\"News Ecclesia Brasil\",\"url\":\"https:\\\/\\\/news.ecclesia.org.br\\\/\",\"logo\":{\"@type\":\"ImageObject\",\"inLanguage\":\"pt-BR\",\"@id\":\"https:\\\/\\\/news.ecclesia.org.br\\\/#\\\/schema\\\/logo\\\/image\\\/\",\"url\":\"https:\\\/\\\/news.ecclesia.org.br\\\/wp-content\\\/uploads\\\/2025\\\/05\\\/ecclesia2.png\",\"contentUrl\":\"https:\\\/\\\/news.ecclesia.org.br\\\/wp-content\\\/uploads\\\/2025\\\/05\\\/ecclesia2.png\",\"width\":480,\"height\":120,\"caption\":\"Sacra Arquidiocese de Buenos Aires e Am\u00e9rica do Sul | Patriarcado Ecum\u00eanico\"},\"image\":{\"@id\":\"https:\\\/\\\/news.ecclesia.org.br\\\/#\\\/schema\\\/logo\\\/image\\\/\"},\"sameAs\":[\"https:\\\/\\\/www.facebook.com\\\/Ecclesia2025\",\"https:\\\/\\\/x.com\\\/EcclesiaNews\",\"https:\\\/\\\/br.pinterest.com\\\/ekklisia\\\/\",\"https:\\\/\\\/www.youtube.com\\\/@EcclesiaBrasil\"]},{\"@type\":\"Person\",\"@id\":\"https:\\\/\\\/news.ecclesia.org.br\\\/#\\\/schema\\\/person\\\/6f09597f025829745ba414a569f63758\",\"name\":\"Pe. Andr\u00e9\",\"image\":{\"@type\":\"ImageObject\",\"inLanguage\":\"pt-BR\",\"@id\":\"https:\\\/\\\/secure.gravatar.com\\\/avatar\\\/b4327cfa27e9799da239a26adcd534fc29cdc0c4a4a148eecbcfeb9b42c617ac?s=96&d=mm&r=g\",\"url\":\"https:\\\/\\\/secure.gravatar.com\\\/avatar\\\/b4327cfa27e9799da239a26adcd534fc29cdc0c4a4a148eecbcfeb9b42c617ac?s=96&d=mm&r=g\",\"contentUrl\":\"https:\\\/\\\/secure.gravatar.com\\\/avatar\\\/b4327cfa27e9799da239a26adcd534fc29cdc0c4a4a148eecbcfeb9b42c617ac?s=96&d=mm&r=g\",\"caption\":\"Pe. Andr\u00e9\"},\"sameAs\":[\"https:\\\/\\\/www.ecclesia.org.br\"]}]}<\/script>\n<!-- \/ Yoast SEO plugin. -->","yoast_head_json":{"title":"28 DE OUTUBRO: DIA DO \u00abOXI\u00bb (O N\u00c3O) | ECCLESIA NEWS","robots":{"index":"index","follow":"follow","max-snippet":"max-snippet:-1","max-image-preview":"max-image-preview:large","max-video-preview":"max-video-preview:-1"},"canonical":"https:\/\/news.ecclesia.org.br\/?p=6759","og_locale":"pt_BR","og_type":"article","og_title":"28 DE OUTUBRO: DIA DO \u00abOXI\u00bb (O N\u00c3O) | ECCLESIA NEWS","og_description":"Pronunciamento (2013) do C\u00f4nsul Honor\u00e1rio da Gr\u00e9cia em Curitiba, jurisdicionado para os Estados do Paran\u00e1, Santa Catarina e Rio Grande do Sul por ocasi\u00e3o das comemora\u00e7\u00f5es da Data C\u00edvica do \u201cOXI\u201d &#8211; Dia 28 de outubro de 1940. &#8211; \u00a0\u00a0&#8230;","og_url":"https:\/\/news.ecclesia.org.br\/?p=6759","og_site_name":"ECCLESIA NEWS","article_publisher":"https:\/\/www.facebook.com\/Ecclesia2025","article_published_time":"2013-10-27T23:09:45+00:00","article_modified_time":"2016-03-23T04:06:39+00:00","og_image":[{"width":320,"height":240,"url":"https:\/\/news.ecclesia.org.br\/wp-content\/uploads\/2011\/04\/oxi.jpg","type":"image\/jpeg"}],"author":"Pe. Andr\u00e9","twitter_card":"summary_large_image","twitter_creator":"@EcclesiaNews","twitter_site":"@EcclesiaNews","twitter_misc":{"Escrito por":"Pe. Andr\u00e9","Est. tempo de leitura":"3 minutos"},"schema":{"@context":"https:\/\/schema.org","@graph":[{"@type":"Article","@id":"https:\/\/news.ecclesia.org.br\/?p=6759#article","isPartOf":{"@id":"https:\/\/news.ecclesia.org.br\/?p=6759"},"author":{"name":"Pe. Andr\u00e9","@id":"https:\/\/news.ecclesia.org.br\/#\/schema\/person\/6f09597f025829745ba414a569f63758"},"headline":"28 DE OUTUBRO: DIA DO \u00abOXI\u00bb (O N\u00c3O)","datePublished":"2013-10-27T23:09:45+00:00","dateModified":"2016-03-23T04:06:39+00:00","mainEntityOfPage":{"@id":"https:\/\/news.ecclesia.org.br\/?p=6759"},"wordCount":553,"commentCount":0,"publisher":{"@id":"https:\/\/news.ecclesia.org.br\/#organization"},"image":{"@id":"https:\/\/news.ecclesia.org.br\/?p=6759#primaryimage"},"thumbnailUrl":"https:\/\/news.ecclesia.org.br\/wp-content\/uploads\/2011\/04\/oxi.jpg","articleSection":["Arquidiocese de Buenos Aires e Am\u00e9rica do Sul","Mundo Ortodoxo"],"inLanguage":"pt-BR","potentialAction":[{"@type":"CommentAction","name":"Comment","target":["https:\/\/news.ecclesia.org.br\/?p=6759#respond"]}]},{"@type":"WebPage","@id":"https:\/\/news.ecclesia.org.br\/?p=6759","url":"https:\/\/news.ecclesia.org.br\/?p=6759","name":"28 DE OUTUBRO: DIA DO \u00abOXI\u00bb (O N\u00c3O) | ECCLESIA NEWS","isPartOf":{"@id":"https:\/\/news.ecclesia.org.br\/#website"},"primaryImageOfPage":{"@id":"https:\/\/news.ecclesia.org.br\/?p=6759#primaryimage"},"image":{"@id":"https:\/\/news.ecclesia.org.br\/?p=6759#primaryimage"},"thumbnailUrl":"https:\/\/news.ecclesia.org.br\/wp-content\/uploads\/2011\/04\/oxi.jpg","datePublished":"2013-10-27T23:09:45+00:00","dateModified":"2016-03-23T04:06:39+00:00","breadcrumb":{"@id":"https:\/\/news.ecclesia.org.br\/?p=6759#breadcrumb"},"inLanguage":"pt-BR","potentialAction":[{"@type":"ReadAction","target":["https:\/\/news.ecclesia.org.br\/?p=6759"]}]},{"@type":"ImageObject","inLanguage":"pt-BR","@id":"https:\/\/news.ecclesia.org.br\/?p=6759#primaryimage","url":"https:\/\/news.ecclesia.org.br\/wp-content\/uploads\/2011\/04\/oxi.jpg","contentUrl":"https:\/\/news.ecclesia.org.br\/wp-content\/uploads\/2011\/04\/oxi.jpg","width":320,"height":240},{"@type":"BreadcrumbList","@id":"https:\/\/news.ecclesia.org.br\/?p=6759#breadcrumb","itemListElement":[{"@type":"ListItem","position":1,"name":"In\u00edcio","item":"https:\/\/news.ecclesia.org.br\/"},{"@type":"ListItem","position":2,"name":"28 DE OUTUBRO: DIA DO \u00abOXI\u00bb (O N\u00c3O)"}]},{"@type":"WebSite","@id":"https:\/\/news.ecclesia.org.br\/#website","url":"https:\/\/news.ecclesia.org.br\/","name":"Ecclesia Brasil","description":"Desde 2003 onectando o Brasil ao mundo ortodoxo!","publisher":{"@id":"https:\/\/news.ecclesia.org.br\/#organization"},"alternateName":"Ecclesia","potentialAction":[{"@type":"SearchAction","target":{"@type":"EntryPoint","urlTemplate":"https:\/\/news.ecclesia.org.br\/?s={search_term_string}"},"query-input":{"@type":"PropertyValueSpecification","valueRequired":true,"valueName":"search_term_string"}}],"inLanguage":"pt-BR"},{"@type":"Organization","@id":"https:\/\/news.ecclesia.org.br\/#organization","name":"Sacra Arquidiocese de Buenos Aires e Am\u00e9rica do Sul | Patriarcado Ecum\u00eanico","alternateName":"News Ecclesia Brasil","url":"https:\/\/news.ecclesia.org.br\/","logo":{"@type":"ImageObject","inLanguage":"pt-BR","@id":"https:\/\/news.ecclesia.org.br\/#\/schema\/logo\/image\/","url":"https:\/\/news.ecclesia.org.br\/wp-content\/uploads\/2025\/05\/ecclesia2.png","contentUrl":"https:\/\/news.ecclesia.org.br\/wp-content\/uploads\/2025\/05\/ecclesia2.png","width":480,"height":120,"caption":"Sacra Arquidiocese de Buenos Aires e Am\u00e9rica do Sul | Patriarcado Ecum\u00eanico"},"image":{"@id":"https:\/\/news.ecclesia.org.br\/#\/schema\/logo\/image\/"},"sameAs":["https:\/\/www.facebook.com\/Ecclesia2025","https:\/\/x.com\/EcclesiaNews","https:\/\/br.pinterest.com\/ekklisia\/","https:\/\/www.youtube.com\/@EcclesiaBrasil"]},{"@type":"Person","@id":"https:\/\/news.ecclesia.org.br\/#\/schema\/person\/6f09597f025829745ba414a569f63758","name":"Pe. Andr\u00e9","image":{"@type":"ImageObject","inLanguage":"pt-BR","@id":"https:\/\/secure.gravatar.com\/avatar\/b4327cfa27e9799da239a26adcd534fc29cdc0c4a4a148eecbcfeb9b42c617ac?s=96&d=mm&r=g","url":"https:\/\/secure.gravatar.com\/avatar\/b4327cfa27e9799da239a26adcd534fc29cdc0c4a4a148eecbcfeb9b42c617ac?s=96&d=mm&r=g","contentUrl":"https:\/\/secure.gravatar.com\/avatar\/b4327cfa27e9799da239a26adcd534fc29cdc0c4a4a148eecbcfeb9b42c617ac?s=96&d=mm&r=g","caption":"Pe. Andr\u00e9"},"sameAs":["https:\/\/www.ecclesia.org.br"]}]}},"_links":{"self":[{"href":"https:\/\/news.ecclesia.org.br\/index.php?rest_route=\/wp\/v2\/posts\/6759","targetHints":{"allow":["GET"]}}],"collection":[{"href":"https:\/\/news.ecclesia.org.br\/index.php?rest_route=\/wp\/v2\/posts"}],"about":[{"href":"https:\/\/news.ecclesia.org.br\/index.php?rest_route=\/wp\/v2\/types\/post"}],"author":[{"embeddable":true,"href":"https:\/\/news.ecclesia.org.br\/index.php?rest_route=\/wp\/v2\/users\/1"}],"replies":[{"embeddable":true,"href":"https:\/\/news.ecclesia.org.br\/index.php?rest_route=%2Fwp%2Fv2%2Fcomments&post=6759"}],"version-history":[{"count":0,"href":"https:\/\/news.ecclesia.org.br\/index.php?rest_route=\/wp\/v2\/posts\/6759\/revisions"}],"wp:featuredmedia":[{"embeddable":true,"href":"https:\/\/news.ecclesia.org.br\/index.php?rest_route=\/wp\/v2\/media\/6163"}],"wp:attachment":[{"href":"https:\/\/news.ecclesia.org.br\/index.php?rest_route=%2Fwp%2Fv2%2Fmedia&parent=6759"}],"wp:term":[{"taxonomy":"category","embeddable":true,"href":"https:\/\/news.ecclesia.org.br\/index.php?rest_route=%2Fwp%2Fv2%2Fcategories&post=6759"},{"taxonomy":"post_tag","embeddable":true,"href":"https:\/\/news.ecclesia.org.br\/index.php?rest_route=%2Fwp%2Fv2%2Ftags&post=6759"}],"curies":[{"name":"wp","href":"https:\/\/api.w.org\/{rel}","templated":true}]}}